{"id":40194,"date":"2010-03-26T14:58:09","date_gmt":"2010-03-26T13:58:09","guid":{"rendered":"https:\/\/www.iemj.org\/plus-bleu-que-bleu\/"},"modified":"2025-10-16T12:11:38","modified_gmt":"2025-10-16T10:11:38","slug":"plus-bleu-que-bleu","status":"publish","type":"post","link":"https:\/\/www.iemj.org\/it\/plus-bleu-que-bleu\/","title":{"rendered":"Plus bleu que bleu"},"content":{"rendered":"<p>L&#8217;album <em>Plus bleu que bleu<\/em>, pubblicato nel 2007-2008, segna il decimo anniversario dell&#8217;esistenza del gruppo di Sylvie Sivann (che aveva pubblicato un primo album, su Playasound, nel 1997). \u00c8 stato concepito in modo molto personale; mostra il suo viaggio e la musica che l&#8217;ha sempre toccata.<\/p>\n<p>Si trova anche una canzone di Noa che Sivann ha tradotta e cantata in francese, Youkali di Kurt Weill arrangiata per una banda di ottoni klezmer, una ballata yiddish seguita da un estratto di un quartetto di Mozart (la vicinanza dei temi \u00e8 sorprendente!), una canzone catalana cantata in ebraico, eccetera.<\/p>\n<p>Un album da scoprire!<\/p>\n<p><img fetchpriority=\"high\" decoding=\"async\" class=\" aligncenter  wp-image-3208\" src=\"https:\/\/www.iemj.org\/wp-content\/uploads\/2010\/03\/cd_667_ombre.jpg\" alt=\"cd_667_ombre.jpg\" width=\"551\" height=\"467\" align=\"center\" \/><\/p>\n<p><a href=\"https:\/\/fr.shopping.rakuten.com\/offer\/buy\/97654277\/sivann-plus-bleu-que-bleu-cd-album.html\" target=\"_blank\" rel=\"noopener\">Comprare il CD<\/a><\/p>\n\n\n<figure class=\"wp-block-image size-large\"><img decoding=\"async\" width=\"1024\" height=\"133\" src=\"https:\/\/www.iemj.org\/wp-content\/uploads\/2024\/03\/AUDIO-PLAYER-1024x133.png\" alt=\"\" class=\"wp-image-110609\" srcset=\"https:\/\/www.iemj.org\/wp-content\/uploads\/2024\/03\/AUDIO-PLAYER-1024x133.png 1024w, https:\/\/www.iemj.org\/wp-content\/uploads\/2024\/03\/AUDIO-PLAYER-300x39.png 300w, https:\/\/www.iemj.org\/wp-content\/uploads\/2024\/03\/AUDIO-PLAYER-768x100.png 768w, https:\/\/www.iemj.org\/wp-content\/uploads\/2024\/03\/AUDIO-PLAYER-600x78.png 600w, https:\/\/www.iemj.org\/wp-content\/uploads\/2024\/03\/AUDIO-PLAYER.png 1210w\" sizes=\"(max-width: 1024px) 100vw, 1024px\" \/><\/figure>\n\n\n\n<div class=\"wp-block-file\"><a id=\"wp-block-file--media-37cdf41c-20d1-41e8-bf85-740c9cd9a8ff\" href=\"https:\/\/www.iemj.org\/wp-content\/uploads\/2019\/01\/cd_667_01_ex.mp3\">Minoush &#8211; EXTRAIT<\/a><\/div>\n\n\n\n<div class=\"wp-block-file\"><a id=\"wp-block-file--media-eafb91f7-b0f5-4857-a498-7823626a2ebe\" href=\"https:\/\/www.iemj.org\/wp-content\/uploads\/2019\/01\/cd_667_02_ex.mp3\">La comida de la manana &#8211; EXTRAIT<\/a><\/div>\n\n\n\n<div class=\"wp-block-file\"><a id=\"wp-block-file--media-b314771e-4ae0-41fd-a1cb-23511afcb064\" href=\"https:\/\/www.iemj.org\/wp-content\/uploads\/2019\/01\/cd_667_03_ex.mp3\">Akedat Itsh&#8217;ak &#8211; EXTRAIT<\/a><\/div>\n\n\n\n<div class=\"wp-block-file\"><a id=\"wp-block-file--media-92f37159-cd7b-4cfa-891d-6e87a8e939bb\" href=\"https:\/\/www.iemj.org\/wp-content\/uploads\/2019\/01\/cd_667_04_ex.mp3\">Goldenem land\/Quatuor K421 W.A. Mozart &#8211; EXTRAIT<\/a><\/div>\n\n\n\n<div class=\"wp-block-file\"><a id=\"wp-block-file--media-9533cd58-0c41-4638-b638-e7e42478f251\" href=\"https:\/\/www.iemj.org\/wp-content\/uploads\/2019\/01\/cd_667_06_ex.mp3\">Freyleh&#8217; &#8211; EXTRAIT<\/a><\/div>\n\n\n\n<div class=\"wp-block-file\"><a id=\"wp-block-file--media-aaf24c44-6dce-4c1e-8480-67a4152ee2c2\" href=\"https:\/\/www.iemj.org\/wp-content\/uploads\/2019\/01\/cd_667_07_ex.mp3\">Saposhkeleh&#8217; &#8211; EXTRAIT<\/a><\/div>\n\n\n\n<div class=\"wp-block-file\"><a id=\"wp-block-file--media-f60e2810-1089-4c51-8c2c-abdbbcf217b8\" href=\"https:\/\/www.iemj.org\/wp-content\/uploads\/2019\/01\/cd_667_08_ex.mp3\">Ouri &#8211; EXTRAIT<\/a><\/div>\n\n\n\n<div class=\"wp-block-file\"><a id=\"wp-block-file--media-0136031a-c58d-4963-9943-4ce514ef52ff\" href=\"https:\/\/www.iemj.org\/wp-content\/uploads\/2019\/01\/cd_667_09_ex.mp3\">Zol Zayn &#8211; EXTRAIT<\/a><\/div>\n\n\n\n<div class=\"wp-block-file\"><a id=\"wp-block-file--media-3d59a052-bc81-4f9f-84e6-86f381cd2cc4\" href=\"https:\/\/www.iemj.org\/wp-content\/uploads\/2019\/01\/cd_667_10_ex.mp3\">Ma navou \/ Lev Tahor &#8211; EXTRAIT<\/a><\/div>\n","protected":false},"excerpt":{"rendered":"<p>L&#8217;album Plus bleu que bleu, pubblicato nel 2007-2008, segna il decimo anniversario dell&#8217;esistenza del gruppo di Sylvie Sivann (che aveva pubblicato un primo album, su Playasound, nel 1997). \u00c8 stato<\/p>\n","protected":false},"author":1046,"featured_media":40190,"comment_status":"closed","ping_status":"closed","sticky":false,"template":"","format":"standard","meta":{"_acf_changed":false,"footnotes":""},"categories":[1569,1564],"tags":[],"technique":[],"squelettes":[],"sujet":[],"formation":[],"genre":[1674,1675,1676],"fonds":[],"tradition":[],"type-de-contenu":[],"interprete-compositeur":[3229],"frise":[],"type-devenement":[],"tableaux-liens-externes":[],"class_list":["post-40194","post","type-post","status-publish","format-standard","has-post-thumbnail","hentry","category-cd-it","category-ultimi-acquisti-it","genre-canzone-israeliena-it","genre-giudeo-spagnolo-it","genre-yiddish-it-2","interprete-compositeur-kurt-weill-it-2"],"acf":[],"yoast_head":"<!-- This site is optimized with the Yoast SEO plugin v27.3 - https:\/\/yoast.com\/product\/yoast-seo-wordpress\/ -->\n<title>Plus bleu que bleu - Institut Europ\u00e9en des Musiques Juives<\/title>\n<meta name=\"robots\" content=\"index, follow, max-snippet:-1, max-image-preview:large, max-video-preview:-1\" \/>\n<link rel=\"canonical\" href=\"https:\/\/www.iemj.org\/it\/plus-bleu-que-bleu\/\" \/>\n<meta property=\"og:locale\" content=\"it_IT\" \/>\n<meta property=\"og:type\" content=\"article\" \/>\n<meta property=\"og:title\" content=\"Plus bleu que bleu - Institut Europ\u00e9en des Musiques Juives\" \/>\n<meta property=\"og:description\" content=\"L&#8217;album Plus bleu que bleu, pubblicato nel 2007-2008, segna il decimo anniversario dell&#8217;esistenza del gruppo di Sylvie Sivann (che aveva pubblicato un primo album, su Playasound, nel 1997). \u00c8 stato\" \/>\n<meta property=\"og:url\" content=\"https:\/\/www.iemj.org\/it\/plus-bleu-que-bleu\/\" \/>\n<meta property=\"og:site_name\" content=\"Institut Europ\u00e9en des Musiques Juives\" \/>\n<meta property=\"article:publisher\" content=\"https:\/\/www.facebook.com\/MusiquesJuives\/\" \/>\n<meta property=\"article:published_time\" content=\"2010-03-26T13:58:09+00:00\" \/>\n<meta property=\"article:modified_time\" content=\"2025-10-16T10:11:38+00:00\" \/>\n<meta property=\"og:image\" content=\"https:\/\/www.iemj.org\/wp-content\/uploads\/2010\/03\/arton57-e1619947356765.jpg\" \/>\n\t<meta property=\"og:image:width\" content=\"1011\" \/>\n\t<meta property=\"og:image:height\" content=\"969\" \/>\n\t<meta property=\"og:image:type\" content=\"image\/jpeg\" \/>\n<meta name=\"author\" content=\"Isabelle Jouve\" \/>\n<meta name=\"twitter:card\" content=\"summary_large_image\" \/>\n<meta name=\"twitter:label1\" content=\"Scritto da\" \/>\n\t<meta name=\"twitter:data1\" content=\"Isabelle Jouve\" \/>\n\t<meta name=\"twitter:label2\" content=\"Tempo di lettura stimato\" \/>\n\t<meta name=\"twitter:data2\" content=\"2 minuti\" \/>\n<script type=\"application\/ld+json\" class=\"yoast-schema-graph\">{\"@context\":\"https:\\\/\\\/schema.org\",\"@graph\":[{\"@type\":\"Article\",\"@id\":\"https:\\\/\\\/www.iemj.org\\\/it\\\/plus-bleu-que-bleu\\\/#article\",\"isPartOf\":{\"@id\":\"https:\\\/\\\/www.iemj.org\\\/it\\\/plus-bleu-que-bleu\\\/\"},\"author\":{\"name\":\"Isabelle Jouve\",\"@id\":\"https:\\\/\\\/www.iemj.org\\\/it\\\/#\\\/schema\\\/person\\\/94283a7f5a8b28a85fdab0ae54777472\"},\"headline\":\"Plus bleu que bleu\",\"datePublished\":\"2010-03-26T13:58:09+00:00\",\"dateModified\":\"2025-10-16T10:11:38+00:00\",\"mainEntityOfPage\":{\"@id\":\"https:\\\/\\\/www.iemj.org\\\/it\\\/plus-bleu-que-bleu\\\/\"},\"wordCount\":151,\"publisher\":{\"@id\":\"https:\\\/\\\/www.iemj.org\\\/it\\\/#organization\"},\"image\":{\"@id\":\"https:\\\/\\\/www.iemj.org\\\/it\\\/plus-bleu-que-bleu\\\/#primaryimage\"},\"thumbnailUrl\":\"https:\\\/\\\/www.iemj.org\\\/wp-content\\\/uploads\\\/2010\\\/03\\\/arton57-e1619947356765.jpg\",\"articleSection\":[\"CD\",\"Ultimi acquisti\"],\"inLanguage\":\"it-IT\"},{\"@type\":\"WebPage\",\"@id\":\"https:\\\/\\\/www.iemj.org\\\/it\\\/plus-bleu-que-bleu\\\/\",\"url\":\"https:\\\/\\\/www.iemj.org\\\/it\\\/plus-bleu-que-bleu\\\/\",\"name\":\"Plus bleu que bleu - Institut Europ\u00e9en des Musiques Juives\",\"isPartOf\":{\"@id\":\"https:\\\/\\\/www.iemj.org\\\/it\\\/#website\"},\"primaryImageOfPage\":{\"@id\":\"https:\\\/\\\/www.iemj.org\\\/it\\\/plus-bleu-que-bleu\\\/#primaryimage\"},\"image\":{\"@id\":\"https:\\\/\\\/www.iemj.org\\\/it\\\/plus-bleu-que-bleu\\\/#primaryimage\"},\"thumbnailUrl\":\"https:\\\/\\\/www.iemj.org\\\/wp-content\\\/uploads\\\/2010\\\/03\\\/arton57-e1619947356765.jpg\",\"datePublished\":\"2010-03-26T13:58:09+00:00\",\"dateModified\":\"2025-10-16T10:11:38+00:00\",\"breadcrumb\":{\"@id\":\"https:\\\/\\\/www.iemj.org\\\/it\\\/plus-bleu-que-bleu\\\/#breadcrumb\"},\"inLanguage\":\"it-IT\",\"potentialAction\":[{\"@type\":\"ReadAction\",\"target\":[\"https:\\\/\\\/www.iemj.org\\\/it\\\/plus-bleu-que-bleu\\\/\"]}]},{\"@type\":\"ImageObject\",\"inLanguage\":\"it-IT\",\"@id\":\"https:\\\/\\\/www.iemj.org\\\/it\\\/plus-bleu-que-bleu\\\/#primaryimage\",\"url\":\"https:\\\/\\\/www.iemj.org\\\/wp-content\\\/uploads\\\/2010\\\/03\\\/arton57-e1619947356765.jpg\",\"contentUrl\":\"https:\\\/\\\/www.iemj.org\\\/wp-content\\\/uploads\\\/2010\\\/03\\\/arton57-e1619947356765.jpg\",\"width\":1011,\"height\":969},{\"@type\":\"BreadcrumbList\",\"@id\":\"https:\\\/\\\/www.iemj.org\\\/it\\\/plus-bleu-que-bleu\\\/#breadcrumb\",\"itemListElement\":[{\"@type\":\"ListItem\",\"position\":1,\"name\":\"Accueil\",\"item\":\"https:\\\/\\\/www.iemj.org\\\/it\\\/\"},{\"@type\":\"ListItem\",\"position\":2,\"name\":\"Plus bleu que bleu\"}]},{\"@type\":\"WebSite\",\"@id\":\"https:\\\/\\\/www.iemj.org\\\/it\\\/#website\",\"url\":\"https:\\\/\\\/www.iemj.org\\\/it\\\/\",\"name\":\"Institut Europ\u00e9en des Musiques Juives\",\"description\":\"Des traditions musicales \u00e0 la port\u00e9e de tous\",\"publisher\":{\"@id\":\"https:\\\/\\\/www.iemj.org\\\/it\\\/#organization\"},\"potentialAction\":[{\"@type\":\"SearchAction\",\"target\":{\"@type\":\"EntryPoint\",\"urlTemplate\":\"https:\\\/\\\/www.iemj.org\\\/it\\\/?s={search_term_string}\"},\"query-input\":{\"@type\":\"PropertyValueSpecification\",\"valueRequired\":true,\"valueName\":\"search_term_string\"}}],\"inLanguage\":\"it-IT\"},{\"@type\":\"Organization\",\"@id\":\"https:\\\/\\\/www.iemj.org\\\/it\\\/#organization\",\"name\":\"Institut Europ\u00e9en des Musiques Juives\",\"url\":\"https:\\\/\\\/www.iemj.org\\\/it\\\/\",\"logo\":{\"@type\":\"ImageObject\",\"inLanguage\":\"it-IT\",\"@id\":\"https:\\\/\\\/www.iemj.org\\\/it\\\/#\\\/schema\\\/logo\\\/image\\\/\",\"url\":\"https:\\\/\\\/www.iemj.org\\\/wp-content\\\/uploads\\\/2021\\\/09\\\/Logo-IEMJ-Paypal.jpg\",\"contentUrl\":\"https:\\\/\\\/www.iemj.org\\\/wp-content\\\/uploads\\\/2021\\\/09\\\/Logo-IEMJ-Paypal.jpg\",\"width\":150,\"height\":50,\"caption\":\"Institut Europ\u00e9en des Musiques Juives\"},\"image\":{\"@id\":\"https:\\\/\\\/www.iemj.org\\\/it\\\/#\\\/schema\\\/logo\\\/image\\\/\"},\"sameAs\":[\"https:\\\/\\\/www.facebook.com\\\/MusiquesJuives\\\/\",\"https:\\\/\\\/www.instagram.com\\\/musiquesjuives\\\/\",\"https:\\\/\\\/www.youtube.com\\\/user\\\/musiquesjuives\"]},{\"@type\":\"Person\",\"@id\":\"https:\\\/\\\/www.iemj.org\\\/it\\\/#\\\/schema\\\/person\\\/94283a7f5a8b28a85fdab0ae54777472\",\"name\":\"Isabelle Jouve\",\"image\":{\"@type\":\"ImageObject\",\"inLanguage\":\"it-IT\",\"@id\":\"https:\\\/\\\/secure.gravatar.com\\\/avatar\\\/bc547a31cb8a12b3ffc0f7fcf1f2dbd4fc06e95ad13a451095d8316a6d5a59a6?s=96&d=mm&r=g\",\"url\":\"https:\\\/\\\/secure.gravatar.com\\\/avatar\\\/bc547a31cb8a12b3ffc0f7fcf1f2dbd4fc06e95ad13a451095d8316a6d5a59a6?s=96&d=mm&r=g\",\"contentUrl\":\"https:\\\/\\\/secure.gravatar.com\\\/avatar\\\/bc547a31cb8a12b3ffc0f7fcf1f2dbd4fc06e95ad13a451095d8316a6d5a59a6?s=96&d=mm&r=g\",\"caption\":\"Isabelle Jouve\"}}]}<\/script>\n<!-- \/ Yoast SEO plugin. -->","yoast_head_json":{"title":"Plus bleu que bleu - Institut Europ\u00e9en des Musiques Juives","robots":{"index":"index","follow":"follow","max-snippet":"max-snippet:-1","max-image-preview":"max-image-preview:large","max-video-preview":"max-video-preview:-1"},"canonical":"https:\/\/www.iemj.org\/it\/plus-bleu-que-bleu\/","og_locale":"it_IT","og_type":"article","og_title":"Plus bleu que bleu - Institut Europ\u00e9en des Musiques Juives","og_description":"L&#8217;album Plus bleu que bleu, pubblicato nel 2007-2008, segna il decimo anniversario dell&#8217;esistenza del gruppo di Sylvie Sivann (che aveva pubblicato un primo album, su Playasound, nel 1997). \u00c8 stato","og_url":"https:\/\/www.iemj.org\/it\/plus-bleu-que-bleu\/","og_site_name":"Institut Europ\u00e9en des Musiques Juives","article_publisher":"https:\/\/www.facebook.com\/MusiquesJuives\/","article_published_time":"2010-03-26T13:58:09+00:00","article_modified_time":"2025-10-16T10:11:38+00:00","og_image":[{"width":1011,"height":969,"url":"https:\/\/www.iemj.org\/wp-content\/uploads\/2010\/03\/arton57-e1619947356765.jpg","type":"image\/jpeg"}],"author":"Isabelle Jouve","twitter_card":"summary_large_image","twitter_misc":{"Scritto da":"Isabelle Jouve","Tempo di lettura stimato":"2 minuti"},"schema":{"@context":"https:\/\/schema.org","@graph":[{"@type":"Article","@id":"https:\/\/www.iemj.org\/it\/plus-bleu-que-bleu\/#article","isPartOf":{"@id":"https:\/\/www.iemj.org\/it\/plus-bleu-que-bleu\/"},"author":{"name":"Isabelle Jouve","@id":"https:\/\/www.iemj.org\/it\/#\/schema\/person\/94283a7f5a8b28a85fdab0ae54777472"},"headline":"Plus bleu que bleu","datePublished":"2010-03-26T13:58:09+00:00","dateModified":"2025-10-16T10:11:38+00:00","mainEntityOfPage":{"@id":"https:\/\/www.iemj.org\/it\/plus-bleu-que-bleu\/"},"wordCount":151,"publisher":{"@id":"https:\/\/www.iemj.org\/it\/#organization"},"image":{"@id":"https:\/\/www.iemj.org\/it\/plus-bleu-que-bleu\/#primaryimage"},"thumbnailUrl":"https:\/\/www.iemj.org\/wp-content\/uploads\/2010\/03\/arton57-e1619947356765.jpg","articleSection":["CD","Ultimi acquisti"],"inLanguage":"it-IT"},{"@type":"WebPage","@id":"https:\/\/www.iemj.org\/it\/plus-bleu-que-bleu\/","url":"https:\/\/www.iemj.org\/it\/plus-bleu-que-bleu\/","name":"Plus bleu que bleu - Institut Europ\u00e9en des Musiques Juives","isPartOf":{"@id":"https:\/\/www.iemj.org\/it\/#website"},"primaryImageOfPage":{"@id":"https:\/\/www.iemj.org\/it\/plus-bleu-que-bleu\/#primaryimage"},"image":{"@id":"https:\/\/www.iemj.org\/it\/plus-bleu-que-bleu\/#primaryimage"},"thumbnailUrl":"https:\/\/www.iemj.org\/wp-content\/uploads\/2010\/03\/arton57-e1619947356765.jpg","datePublished":"2010-03-26T13:58:09+00:00","dateModified":"2025-10-16T10:11:38+00:00","breadcrumb":{"@id":"https:\/\/www.iemj.org\/it\/plus-bleu-que-bleu\/#breadcrumb"},"inLanguage":"it-IT","potentialAction":[{"@type":"ReadAction","target":["https:\/\/www.iemj.org\/it\/plus-bleu-que-bleu\/"]}]},{"@type":"ImageObject","inLanguage":"it-IT","@id":"https:\/\/www.iemj.org\/it\/plus-bleu-que-bleu\/#primaryimage","url":"https:\/\/www.iemj.org\/wp-content\/uploads\/2010\/03\/arton57-e1619947356765.jpg","contentUrl":"https:\/\/www.iemj.org\/wp-content\/uploads\/2010\/03\/arton57-e1619947356765.jpg","width":1011,"height":969},{"@type":"BreadcrumbList","@id":"https:\/\/www.iemj.org\/it\/plus-bleu-que-bleu\/#breadcrumb","itemListElement":[{"@type":"ListItem","position":1,"name":"Accueil","item":"https:\/\/www.iemj.org\/it\/"},{"@type":"ListItem","position":2,"name":"Plus bleu que bleu"}]},{"@type":"WebSite","@id":"https:\/\/www.iemj.org\/it\/#website","url":"https:\/\/www.iemj.org\/it\/","name":"Institut Europ\u00e9en des Musiques Juives","description":"Des traditions musicales \u00e0 la port\u00e9e de tous","publisher":{"@id":"https:\/\/www.iemj.org\/it\/#organization"},"potentialAction":[{"@type":"SearchAction","target":{"@type":"EntryPoint","urlTemplate":"https:\/\/www.iemj.org\/it\/?s={search_term_string}"},"query-input":{"@type":"PropertyValueSpecification","valueRequired":true,"valueName":"search_term_string"}}],"inLanguage":"it-IT"},{"@type":"Organization","@id":"https:\/\/www.iemj.org\/it\/#organization","name":"Institut Europ\u00e9en des Musiques Juives","url":"https:\/\/www.iemj.org\/it\/","logo":{"@type":"ImageObject","inLanguage":"it-IT","@id":"https:\/\/www.iemj.org\/it\/#\/schema\/logo\/image\/","url":"https:\/\/www.iemj.org\/wp-content\/uploads\/2021\/09\/Logo-IEMJ-Paypal.jpg","contentUrl":"https:\/\/www.iemj.org\/wp-content\/uploads\/2021\/09\/Logo-IEMJ-Paypal.jpg","width":150,"height":50,"caption":"Institut Europ\u00e9en des Musiques Juives"},"image":{"@id":"https:\/\/www.iemj.org\/it\/#\/schema\/logo\/image\/"},"sameAs":["https:\/\/www.facebook.com\/MusiquesJuives\/","https:\/\/www.instagram.com\/musiquesjuives\/","https:\/\/www.youtube.com\/user\/musiquesjuives"]},{"@type":"Person","@id":"https:\/\/www.iemj.org\/it\/#\/schema\/person\/94283a7f5a8b28a85fdab0ae54777472","name":"Isabelle Jouve","image":{"@type":"ImageObject","inLanguage":"it-IT","@id":"https:\/\/secure.gravatar.com\/avatar\/bc547a31cb8a12b3ffc0f7fcf1f2dbd4fc06e95ad13a451095d8316a6d5a59a6?s=96&d=mm&r=g","url":"https:\/\/secure.gravatar.com\/avatar\/bc547a31cb8a12b3ffc0f7fcf1f2dbd4fc06e95ad13a451095d8316a6d5a59a6?s=96&d=mm&r=g","contentUrl":"https:\/\/secure.gravatar.com\/avatar\/bc547a31cb8a12b3ffc0f7fcf1f2dbd4fc06e95ad13a451095d8316a6d5a59a6?s=96&d=mm&r=g","caption":"Isabelle Jouve"}}]}},"_links":{"self":[{"href":"https:\/\/www.iemj.org\/it\/wp-json\/wp\/v2\/posts\/40194","targetHints":{"allow":["GET"]}}],"collection":[{"href":"https:\/\/www.iemj.org\/it\/wp-json\/wp\/v2\/posts"}],"about":[{"href":"https:\/\/www.iemj.org\/it\/wp-json\/wp\/v2\/types\/post"}],"author":[{"embeddable":true,"href":"https:\/\/www.iemj.org\/it\/wp-json\/wp\/v2\/users\/1046"}],"replies":[{"embeddable":true,"href":"https:\/\/www.iemj.org\/it\/wp-json\/wp\/v2\/comments?post=40194"}],"version-history":[{"count":1,"href":"https:\/\/www.iemj.org\/it\/wp-json\/wp\/v2\/posts\/40194\/revisions"}],"predecessor-version":[{"id":126940,"href":"https:\/\/www.iemj.org\/it\/wp-json\/wp\/v2\/posts\/40194\/revisions\/126940"}],"wp:featuredmedia":[{"embeddable":true,"href":"https:\/\/www.iemj.org\/it\/wp-json\/wp\/v2\/media\/40190"}],"wp:attachment":[{"href":"https:\/\/www.iemj.org\/it\/wp-json\/wp\/v2\/media?parent=40194"}],"wp:term":[{"taxonomy":"category","embeddable":true,"href":"https:\/\/www.iemj.org\/it\/wp-json\/wp\/v2\/categories?post=40194"},{"taxonomy":"post_tag","embeddable":true,"href":"https:\/\/www.iemj.org\/it\/wp-json\/wp\/v2\/tags?post=40194"},{"taxonomy":"technique","embeddable":true,"href":"https:\/\/www.iemj.org\/it\/wp-json\/wp\/v2\/technique?post=40194"},{"taxonomy":"squelettes","embeddable":true,"href":"https:\/\/www.iemj.org\/it\/wp-json\/wp\/v2\/squelettes?post=40194"},{"taxonomy":"sujet","embeddable":true,"href":"https:\/\/www.iemj.org\/it\/wp-json\/wp\/v2\/sujet?post=40194"},{"taxonomy":"formation","embeddable":true,"href":"https:\/\/www.iemj.org\/it\/wp-json\/wp\/v2\/formation?post=40194"},{"taxonomy":"genre","embeddable":true,"href":"https:\/\/www.iemj.org\/it\/wp-json\/wp\/v2\/genre?post=40194"},{"taxonomy":"fonds","embeddable":true,"href":"https:\/\/www.iemj.org\/it\/wp-json\/wp\/v2\/fonds?post=40194"},{"taxonomy":"tradition","embeddable":true,"href":"https:\/\/www.iemj.org\/it\/wp-json\/wp\/v2\/tradition?post=40194"},{"taxonomy":"type-de-contenu","embeddable":true,"href":"https:\/\/www.iemj.org\/it\/wp-json\/wp\/v2\/type-de-contenu?post=40194"},{"taxonomy":"interprete-compositeur","embeddable":true,"href":"https:\/\/www.iemj.org\/it\/wp-json\/wp\/v2\/interprete-compositeur?post=40194"},{"taxonomy":"frise","embeddable":true,"href":"https:\/\/www.iemj.org\/it\/wp-json\/wp\/v2\/frise?post=40194"},{"taxonomy":"type-devenement","embeddable":true,"href":"https:\/\/www.iemj.org\/it\/wp-json\/wp\/v2\/type-devenement?post=40194"},{"taxonomy":"tableaux-liens-externes","embeddable":true,"href":"https:\/\/www.iemj.org\/it\/wp-json\/wp\/v2\/tableaux-liens-externes?post=40194"}],"curies":[{"name":"wp","href":"https:\/\/api.w.org\/{rel}","templated":true}]}}