{"id":41901,"date":"2020-02-26T11:04:35","date_gmt":"2020-02-26T10:04:35","guid":{"rendered":"https:\/\/www.iemj.org\/fonds-leon-algazi\/"},"modified":"2022-01-12T15:18:10","modified_gmt":"2022-01-12T14:18:10","slug":"fonds-leon-algazi","status":"publish","type":"post","link":"https:\/\/www.iemj.org\/it\/fonds-leon-algazi\/","title":{"rendered":"Fondo L\u00e9on Algazi"},"content":{"rendered":"<p><strong>Depositato presso l&#8217;associazione Yuval negli anni &#8217;90, poi all&#8217;IEMJ tra il 2007 e il 2020, la collezione L\u00e9on Algazi si compone di circa 600 documenti (spartiti, audio, film, libri, foto e archivi var\u00ee) provenienti principalmente dalla Famiglia Algazi e dagli archivi della &#8220;<em>Grande Synagogue de la Victoire<\/em>&#8220;.<\/strong><\/p>\n<p>\u00a0<\/p>\n<p><!--more--><\/p>\n<p>Nato a Epuresti (Romania) il 6 febbraio 1890, <a href=\"https:\/\/www.iemj.org\/it\/algazi-leon-1890-1971\/\" target=\"_blank\" rel=\"noopener\"><strong>L\u00e9on Algazi<\/strong><\/a> mostr\u00f2 molto rapidamente un&#8217;inclinazione per la musica. Dopo un breve soggiorno a Gerusalemme nel 1905, segui&#8217; gli studi teologici presso il Seminario ebraico di Francia nel 1908, dove si laureo&#8217; rabbino nel 1922. Contemporaneamente, prosegue il suo apprendistato musicale con maestri come Arnold Sch\u00f6nberg e Hans Eisler a Vienna, Andr\u00e9 G\u00e9dalge, Raoul Laparra e Charles Koechlin a Parigi. Appassionato di folklore (\u00e8 in contatto con il suo connazionale l&#8217;etnomusicologo rumeno Constantin Br\u0103iloiu. Frequenta anche Abraham Zvi Idelsohn, il padre della musicologia ebraica), Algazi pubblica <img decoding=\"async\" class=\" alignright  wp-image-27180\" src=\"https:\/\/www.iemj.org\/wp-content\/uploads\/2020\/02\/1._i_179_leon_algazi_a_la_fenetre_du_journal_luptatorul_bucarest_1920_recadree_lumiere_300px_larg.jpg\" alt=\"1._i_179_leon_algazi_a_la_fenetre_du_journal_luptatorul_bucarest_1920_recadree_lumiere_300px_larg.jpg\" width=\"254\" height=\"169\" align=\"right\" \/>nel 1925 <em>Tre canzoni popolari ebraiche<\/em> su dei testi francesi di Edmond Fleg (Max Eschig et Cie, Parigi). Nel 1929 crea il programma radiofonico settimanale <em>La voce d&#8217;Israele<\/em>. All&#8217;inizio degli anni &#8217;30, co-fonda con Vladimir Dyck la raccolta di musica ebraica <em>Mizmor<\/em> alle edizioni Salabert. Nel 1936 o 1937 diventa direttore del coro della Grande Sinagoga della Vittoria. E tra il 1936 e il 1940 insegna canto ebraico alla Schola Cantorum.<\/p>\n<p>Presidente del Sindacato nazionale dei direttori di musica religiosa, insegnante e direttore della Scuola israelita di pedagogia e liturgia del Seminario israelita di Francia, direttore della musica per i templi concistoriali, L\u00e9on Algazi \u00e8 anche uno dei co-fondatori del Colloquio degli intellettuali ebrei di Francia creato nel 1957.<\/p>\n<p><img fetchpriority=\"high\" decoding=\"async\" class=\" alignleft  wp-image-27182\" src=\"https:\/\/www.iemj.org\/wp-content\/uploads\/2020\/02\/2._i_137_leon_algazi_1933_300px_vertic.jpg\" alt=\"2._i_137_leon_algazi_1933_300px_vertic.jpg\" width=\"218\" height=\"323\" align=\"left\" \/><\/p>\n<p>I circa 600 archivi della collezione Algazi ci danno un&#8217;idea dell&#8217;uomo e della sua opera ingiustamente dimenticati. La collezione contiene 255 documenti di famiglia, tra cui pi\u00f9 di 70 libri rari della sua biblioteca (Gerson-Levy, <em>Orgue et pioutim<\/em>, 1859; Br\u0103iloiu Constantin, <em>Abbozzo di un metodo di folclore musicale<\/em>, con una decida dell&#8217;autore a L\u00e9on Algazi, 1935 ; Ausubel Nathan, A <em>Treasury of Jewish Folklore<\/em>, 1948 &#8230;), 50 spartiti stampati e manoscritti, 24 cassette e nastri (Canti d&#8217;Israele in onore del decimo anniversario dello Stato d&#8217;Israele, Concerto di musiche ebraiche, canti in ebraico ed in giudeo-spagnolo, Corale della Grande Sinagoga di Parigi, trasmissioni radiofoniche <em>La voce d&#8217;Israele<\/em>&#8230;), 4 film famigliali (formato otto o super otto) masterizzati su DVD, 57 fotografie e 73 archivi vari (corrispondenze, programmi di concerti, ecc.).<\/p>\n<p>La collezione della Grande Sinagoga della Vittoria comprende anche quasi 200 documenti, principalmente spartiti scritti o adattati da L\u00e9on Algazi.<\/p>\n<p><img decoding=\"async\" class=\"  alignleft wp-image-27184\" src=\"https:\/\/www.iemj.org\/wp-content\/uploads\/2020\/02\/3._l_336_music_of_the_ghetto_and_the_bible_de_saminsky_dedicace_a_algazi_450px_vertic.jpg\" alt=\"3._l_336_music_of_the_ghetto_and_the_bible_de_saminsky_dedicace_a_algazi_450px_vertic.jpg\" width=\"209\" height=\"310\" align=\"left\" srcset=\"https:\/\/www.iemj.org\/wp-content\/uploads\/2020\/02\/3._l_336_music_of_the_ghetto_and_the_bible_de_saminsky_dedicace_a_algazi_450px_vertic.jpg 304w, https:\/\/www.iemj.org\/wp-content\/uploads\/2020\/02\/3._l_336_music_of_the_ghetto_and_the_bible_de_saminsky_dedicace_a_algazi_450px_vertic-203x300.jpg 203w\" sizes=\"(max-width: 209px) 100vw, 209px\" \/> <img loading=\"lazy\" decoding=\"async\" class=\"alignleft wp-image-27186\" src=\"https:\/\/www.iemj.org\/wp-content\/uploads\/2020\/02\/4._p_1527_partition_de_algazi_chants_juifs_du_film_david_golder_vdef_450px_veric.jpg\" alt=\"4._p_1527_partition_de_algazi_chants_juifs_du_film_david_golder_vdef_450px_veric.jpg\" width=\"186\" height=\"310\" align=\"right\" srcset=\"https:\/\/www.iemj.org\/wp-content\/uploads\/2020\/02\/4._p_1527_partition_de_algazi_chants_juifs_du_film_david_golder_vdef_450px_veric.jpg 270w, https:\/\/www.iemj.org\/wp-content\/uploads\/2020\/02\/4._p_1527_partition_de_algazi_chants_juifs_du_film_david_golder_vdef_450px_veric-180x300.jpg 180w\" sizes=\"(max-width: 186px) 100vw, 186px\" \/><\/p>\n<p>\u00a0<\/p>\n<p><a href=\"http:\/\/www.rachelnet.net\/F\/?func=find-c&amp;ccl_term=WHOL+%3D+LEON+ALGAZI&amp;local_base=iemcg\">Consultare la collezione familiale Algazi<\/a><\/p>\n<p><a href=\"http:\/\/www.rachelnet.net\/F\/?func=find-c&amp;ccl_term=WRD+%3D+leon+algazi&amp;local_base=iemcg\" target=\"_blank\" rel=\"noopener\">Consultare tutti gli archivi su L\u00e9on Algazi<\/a><\/p>\n<p><a href=\"https:\/\/www.iemj.org\/it\/algazi-leon-1890-1971\/\" target=\"_blank\" rel=\"noopener\">Consultare la biografia di L\u00e9on Algazi<\/a><\/p>\n<p><a href=\"https:\/\/www.iemj.org\/fr\/cours-conferences-et-musiques-en-ligne\/leon-algazi-1890-1971.html\">Ascoltare la playlist : la musica di L\u00e9on Algazi<\/a><\/p>\n<p>\u00a0<\/p>\n\n\n<p><\/p>\n\n\n\n<figure class=\"wp-block-video\"><video controls src=\"https:\/\/www.iemj.org\/wp-content\/uploads\/2020\/02\/2_chants_de_pourim_par_la_chorale_mizmor_dirigee_par_leon_algazi.mp4\"><\/video><figcaption><strong>Guarda il film del Coro Mizmor che esegue due canzoni di Purim sotto la direzione di Leon Algazi<\/strong><\/figcaption><\/figure>\n\n\n\n<p><\/p>\n","protected":false},"excerpt":{"rendered":"<p>Depositato presso l&#8217;associazione Yuval negli anni &#8217;90, poi all&#8217;IEMJ tra il 2007 e il 2020, la collezione L\u00e9on Algazi si compone di circa 600 documenti (spartiti, audio, film, libri, foto<\/p>\n","protected":false},"author":1048,"featured_media":41902,"comment_status":"closed","ping_status":"closed","sticky":false,"template":"","format":"standard","meta":{"_acf_changed":false,"footnotes":""},"categories":[1586],"tags":[],"technique":[],"squelettes":[],"sujet":[],"formation":[],"genre":[],"fonds":[],"tradition":[],"type-de-contenu":[],"interprete-compositeur":[3249],"frise":[],"type-devenement":[],"tableaux-liens-externes":[],"class_list":["post-41901","post","type-post","status-publish","format-standard","has-post-thumbnail","hentry","category-fondi-principali-it","interprete-compositeur-leon-algazi-it"],"acf":[],"yoast_head":"<!-- This site is optimized with the Yoast SEO plugin v27.3 - https:\/\/yoast.com\/product\/yoast-seo-wordpress\/ -->\n<title>Fondo L\u00e9on Algazi - Institut Europ\u00e9en des Musiques Juives<\/title>\n<meta name=\"robots\" content=\"index, follow, max-snippet:-1, max-image-preview:large, max-video-preview:-1\" \/>\n<link rel=\"canonical\" href=\"https:\/\/www.iemj.org\/it\/fonds-leon-algazi\/\" \/>\n<meta property=\"og:locale\" content=\"it_IT\" \/>\n<meta property=\"og:type\" content=\"article\" \/>\n<meta property=\"og:title\" content=\"Fondo L\u00e9on Algazi - Institut Europ\u00e9en des Musiques Juives\" \/>\n<meta property=\"og:description\" content=\"Depositato presso l&#8217;associazione Yuval negli anni &#8217;90, poi all&#8217;IEMJ tra il 2007 e il 2020, la collezione L\u00e9on Algazi si compone di circa 600 documenti (spartiti, audio, film, libri, foto\" \/>\n<meta property=\"og:url\" content=\"https:\/\/www.iemj.org\/it\/fonds-leon-algazi\/\" \/>\n<meta property=\"og:site_name\" content=\"Institut Europ\u00e9en des Musiques Juives\" \/>\n<meta property=\"article:publisher\" content=\"https:\/\/www.facebook.com\/MusiquesJuives\/\" \/>\n<meta property=\"article:published_time\" content=\"2020-02-26T10:04:35+00:00\" \/>\n<meta property=\"article:modified_time\" content=\"2022-01-12T14:18:10+00:00\" \/>\n<meta property=\"og:image\" content=\"https:\/\/www.iemj.org\/wp-content\/uploads\/2020\/02\/arton4557-e1618410455801.jpg\" \/>\n\t<meta property=\"og:image:width\" content=\"350\" \/>\n\t<meta property=\"og:image:height\" content=\"361\" \/>\n\t<meta property=\"og:image:type\" content=\"image\/jpeg\" \/>\n<meta name=\"author\" content=\"Jean-Gabriel Davis\" \/>\n<meta name=\"twitter:card\" content=\"summary_large_image\" \/>\n<meta name=\"twitter:label1\" content=\"Scritto da\" \/>\n\t<meta name=\"twitter:data1\" content=\"Jean-Gabriel Davis\" \/>\n\t<meta name=\"twitter:label2\" content=\"Tempo di lettura stimato\" \/>\n\t<meta name=\"twitter:data2\" content=\"3 minuti\" \/>\n<script type=\"application\/ld+json\" class=\"yoast-schema-graph\">{\"@context\":\"https:\\\/\\\/schema.org\",\"@graph\":[{\"@type\":\"Article\",\"@id\":\"https:\\\/\\\/www.iemj.org\\\/it\\\/fonds-leon-algazi\\\/#article\",\"isPartOf\":{\"@id\":\"https:\\\/\\\/www.iemj.org\\\/it\\\/fonds-leon-algazi\\\/\"},\"author\":{\"name\":\"Jean-Gabriel Davis\",\"@id\":\"https:\\\/\\\/www.iemj.org\\\/it\\\/#\\\/schema\\\/person\\\/c9bc1c386a3749579a2d675e72a18666\"},\"headline\":\"Fondo L\u00e9on Algazi\",\"datePublished\":\"2020-02-26T10:04:35+00:00\",\"dateModified\":\"2022-01-12T14:18:10+00:00\",\"mainEntityOfPage\":{\"@id\":\"https:\\\/\\\/www.iemj.org\\\/it\\\/fonds-leon-algazi\\\/\"},\"wordCount\":447,\"publisher\":{\"@id\":\"https:\\\/\\\/www.iemj.org\\\/it\\\/#organization\"},\"image\":{\"@id\":\"https:\\\/\\\/www.iemj.org\\\/it\\\/fonds-leon-algazi\\\/#primaryimage\"},\"thumbnailUrl\":\"https:\\\/\\\/www.iemj.org\\\/wp-content\\\/uploads\\\/2020\\\/02\\\/arton4557-e1618410455801.jpg\",\"articleSection\":[\"Fondi principali\"],\"inLanguage\":\"it-IT\"},{\"@type\":\"WebPage\",\"@id\":\"https:\\\/\\\/www.iemj.org\\\/it\\\/fonds-leon-algazi\\\/\",\"url\":\"https:\\\/\\\/www.iemj.org\\\/it\\\/fonds-leon-algazi\\\/\",\"name\":\"Fondo L\u00e9on Algazi - Institut Europ\u00e9en des Musiques Juives\",\"isPartOf\":{\"@id\":\"https:\\\/\\\/www.iemj.org\\\/it\\\/#website\"},\"primaryImageOfPage\":{\"@id\":\"https:\\\/\\\/www.iemj.org\\\/it\\\/fonds-leon-algazi\\\/#primaryimage\"},\"image\":{\"@id\":\"https:\\\/\\\/www.iemj.org\\\/it\\\/fonds-leon-algazi\\\/#primaryimage\"},\"thumbnailUrl\":\"https:\\\/\\\/www.iemj.org\\\/wp-content\\\/uploads\\\/2020\\\/02\\\/arton4557-e1618410455801.jpg\",\"datePublished\":\"2020-02-26T10:04:35+00:00\",\"dateModified\":\"2022-01-12T14:18:10+00:00\",\"breadcrumb\":{\"@id\":\"https:\\\/\\\/www.iemj.org\\\/it\\\/fonds-leon-algazi\\\/#breadcrumb\"},\"inLanguage\":\"it-IT\",\"potentialAction\":[{\"@type\":\"ReadAction\",\"target\":[\"https:\\\/\\\/www.iemj.org\\\/it\\\/fonds-leon-algazi\\\/\"]}]},{\"@type\":\"ImageObject\",\"inLanguage\":\"it-IT\",\"@id\":\"https:\\\/\\\/www.iemj.org\\\/it\\\/fonds-leon-algazi\\\/#primaryimage\",\"url\":\"https:\\\/\\\/www.iemj.org\\\/wp-content\\\/uploads\\\/2020\\\/02\\\/arton4557-e1618410455801.jpg\",\"contentUrl\":\"https:\\\/\\\/www.iemj.org\\\/wp-content\\\/uploads\\\/2020\\\/02\\\/arton4557-e1618410455801.jpg\",\"width\":350,\"height\":361},{\"@type\":\"BreadcrumbList\",\"@id\":\"https:\\\/\\\/www.iemj.org\\\/it\\\/fonds-leon-algazi\\\/#breadcrumb\",\"itemListElement\":[{\"@type\":\"ListItem\",\"position\":1,\"name\":\"Accueil\",\"item\":\"https:\\\/\\\/www.iemj.org\\\/it\\\/\"},{\"@type\":\"ListItem\",\"position\":2,\"name\":\"Fondo L\u00e9on Algazi\"}]},{\"@type\":\"WebSite\",\"@id\":\"https:\\\/\\\/www.iemj.org\\\/it\\\/#website\",\"url\":\"https:\\\/\\\/www.iemj.org\\\/it\\\/\",\"name\":\"Institut Europ\u00e9en des Musiques Juives\",\"description\":\"Des traditions musicales \u00e0 la port\u00e9e de tous\",\"publisher\":{\"@id\":\"https:\\\/\\\/www.iemj.org\\\/it\\\/#organization\"},\"potentialAction\":[{\"@type\":\"SearchAction\",\"target\":{\"@type\":\"EntryPoint\",\"urlTemplate\":\"https:\\\/\\\/www.iemj.org\\\/it\\\/?s={search_term_string}\"},\"query-input\":{\"@type\":\"PropertyValueSpecification\",\"valueRequired\":true,\"valueName\":\"search_term_string\"}}],\"inLanguage\":\"it-IT\"},{\"@type\":\"Organization\",\"@id\":\"https:\\\/\\\/www.iemj.org\\\/it\\\/#organization\",\"name\":\"Institut Europ\u00e9en des Musiques Juives\",\"url\":\"https:\\\/\\\/www.iemj.org\\\/it\\\/\",\"logo\":{\"@type\":\"ImageObject\",\"inLanguage\":\"it-IT\",\"@id\":\"https:\\\/\\\/www.iemj.org\\\/it\\\/#\\\/schema\\\/logo\\\/image\\\/\",\"url\":\"https:\\\/\\\/www.iemj.org\\\/wp-content\\\/uploads\\\/2021\\\/09\\\/Logo-IEMJ-Paypal.jpg\",\"contentUrl\":\"https:\\\/\\\/www.iemj.org\\\/wp-content\\\/uploads\\\/2021\\\/09\\\/Logo-IEMJ-Paypal.jpg\",\"width\":150,\"height\":50,\"caption\":\"Institut Europ\u00e9en des Musiques Juives\"},\"image\":{\"@id\":\"https:\\\/\\\/www.iemj.org\\\/it\\\/#\\\/schema\\\/logo\\\/image\\\/\"},\"sameAs\":[\"https:\\\/\\\/www.facebook.com\\\/MusiquesJuives\\\/\",\"https:\\\/\\\/www.instagram.com\\\/musiquesjuives\\\/\",\"https:\\\/\\\/www.youtube.com\\\/user\\\/musiquesjuives\"]},{\"@type\":\"Person\",\"@id\":\"https:\\\/\\\/www.iemj.org\\\/it\\\/#\\\/schema\\\/person\\\/c9bc1c386a3749579a2d675e72a18666\",\"name\":\"Jean-Gabriel Davis\",\"image\":{\"@type\":\"ImageObject\",\"inLanguage\":\"it-IT\",\"@id\":\"https:\\\/\\\/secure.gravatar.com\\\/avatar\\\/2b90d67bdf392c9b3a21fab87c0fa7edaf1fb3a058172a1ffd61033fcec7aec1?s=96&d=mm&r=g\",\"url\":\"https:\\\/\\\/secure.gravatar.com\\\/avatar\\\/2b90d67bdf392c9b3a21fab87c0fa7edaf1fb3a058172a1ffd61033fcec7aec1?s=96&d=mm&r=g\",\"contentUrl\":\"https:\\\/\\\/secure.gravatar.com\\\/avatar\\\/2b90d67bdf392c9b3a21fab87c0fa7edaf1fb3a058172a1ffd61033fcec7aec1?s=96&d=mm&r=g\",\"caption\":\"Jean-Gabriel Davis\"}}]}<\/script>\n<!-- \/ Yoast SEO plugin. -->","yoast_head_json":{"title":"Fondo L\u00e9on Algazi - Institut Europ\u00e9en des Musiques Juives","robots":{"index":"index","follow":"follow","max-snippet":"max-snippet:-1","max-image-preview":"max-image-preview:large","max-video-preview":"max-video-preview:-1"},"canonical":"https:\/\/www.iemj.org\/it\/fonds-leon-algazi\/","og_locale":"it_IT","og_type":"article","og_title":"Fondo L\u00e9on Algazi - Institut Europ\u00e9en des Musiques Juives","og_description":"Depositato presso l&#8217;associazione Yuval negli anni &#8217;90, poi all&#8217;IEMJ tra il 2007 e il 2020, la collezione L\u00e9on Algazi si compone di circa 600 documenti (spartiti, audio, film, libri, foto","og_url":"https:\/\/www.iemj.org\/it\/fonds-leon-algazi\/","og_site_name":"Institut Europ\u00e9en des Musiques Juives","article_publisher":"https:\/\/www.facebook.com\/MusiquesJuives\/","article_published_time":"2020-02-26T10:04:35+00:00","article_modified_time":"2022-01-12T14:18:10+00:00","og_image":[{"width":350,"height":361,"url":"https:\/\/www.iemj.org\/wp-content\/uploads\/2020\/02\/arton4557-e1618410455801.jpg","type":"image\/jpeg"}],"author":"Jean-Gabriel Davis","twitter_card":"summary_large_image","twitter_misc":{"Scritto da":"Jean-Gabriel Davis","Tempo di lettura stimato":"3 minuti"},"schema":{"@context":"https:\/\/schema.org","@graph":[{"@type":"Article","@id":"https:\/\/www.iemj.org\/it\/fonds-leon-algazi\/#article","isPartOf":{"@id":"https:\/\/www.iemj.org\/it\/fonds-leon-algazi\/"},"author":{"name":"Jean-Gabriel Davis","@id":"https:\/\/www.iemj.org\/it\/#\/schema\/person\/c9bc1c386a3749579a2d675e72a18666"},"headline":"Fondo L\u00e9on Algazi","datePublished":"2020-02-26T10:04:35+00:00","dateModified":"2022-01-12T14:18:10+00:00","mainEntityOfPage":{"@id":"https:\/\/www.iemj.org\/it\/fonds-leon-algazi\/"},"wordCount":447,"publisher":{"@id":"https:\/\/www.iemj.org\/it\/#organization"},"image":{"@id":"https:\/\/www.iemj.org\/it\/fonds-leon-algazi\/#primaryimage"},"thumbnailUrl":"https:\/\/www.iemj.org\/wp-content\/uploads\/2020\/02\/arton4557-e1618410455801.jpg","articleSection":["Fondi principali"],"inLanguage":"it-IT"},{"@type":"WebPage","@id":"https:\/\/www.iemj.org\/it\/fonds-leon-algazi\/","url":"https:\/\/www.iemj.org\/it\/fonds-leon-algazi\/","name":"Fondo L\u00e9on Algazi - Institut Europ\u00e9en des Musiques Juives","isPartOf":{"@id":"https:\/\/www.iemj.org\/it\/#website"},"primaryImageOfPage":{"@id":"https:\/\/www.iemj.org\/it\/fonds-leon-algazi\/#primaryimage"},"image":{"@id":"https:\/\/www.iemj.org\/it\/fonds-leon-algazi\/#primaryimage"},"thumbnailUrl":"https:\/\/www.iemj.org\/wp-content\/uploads\/2020\/02\/arton4557-e1618410455801.jpg","datePublished":"2020-02-26T10:04:35+00:00","dateModified":"2022-01-12T14:18:10+00:00","breadcrumb":{"@id":"https:\/\/www.iemj.org\/it\/fonds-leon-algazi\/#breadcrumb"},"inLanguage":"it-IT","potentialAction":[{"@type":"ReadAction","target":["https:\/\/www.iemj.org\/it\/fonds-leon-algazi\/"]}]},{"@type":"ImageObject","inLanguage":"it-IT","@id":"https:\/\/www.iemj.org\/it\/fonds-leon-algazi\/#primaryimage","url":"https:\/\/www.iemj.org\/wp-content\/uploads\/2020\/02\/arton4557-e1618410455801.jpg","contentUrl":"https:\/\/www.iemj.org\/wp-content\/uploads\/2020\/02\/arton4557-e1618410455801.jpg","width":350,"height":361},{"@type":"BreadcrumbList","@id":"https:\/\/www.iemj.org\/it\/fonds-leon-algazi\/#breadcrumb","itemListElement":[{"@type":"ListItem","position":1,"name":"Accueil","item":"https:\/\/www.iemj.org\/it\/"},{"@type":"ListItem","position":2,"name":"Fondo L\u00e9on Algazi"}]},{"@type":"WebSite","@id":"https:\/\/www.iemj.org\/it\/#website","url":"https:\/\/www.iemj.org\/it\/","name":"Institut Europ\u00e9en des Musiques Juives","description":"Des traditions musicales \u00e0 la port\u00e9e de tous","publisher":{"@id":"https:\/\/www.iemj.org\/it\/#organization"},"potentialAction":[{"@type":"SearchAction","target":{"@type":"EntryPoint","urlTemplate":"https:\/\/www.iemj.org\/it\/?s={search_term_string}"},"query-input":{"@type":"PropertyValueSpecification","valueRequired":true,"valueName":"search_term_string"}}],"inLanguage":"it-IT"},{"@type":"Organization","@id":"https:\/\/www.iemj.org\/it\/#organization","name":"Institut Europ\u00e9en des Musiques Juives","url":"https:\/\/www.iemj.org\/it\/","logo":{"@type":"ImageObject","inLanguage":"it-IT","@id":"https:\/\/www.iemj.org\/it\/#\/schema\/logo\/image\/","url":"https:\/\/www.iemj.org\/wp-content\/uploads\/2021\/09\/Logo-IEMJ-Paypal.jpg","contentUrl":"https:\/\/www.iemj.org\/wp-content\/uploads\/2021\/09\/Logo-IEMJ-Paypal.jpg","width":150,"height":50,"caption":"Institut Europ\u00e9en des Musiques Juives"},"image":{"@id":"https:\/\/www.iemj.org\/it\/#\/schema\/logo\/image\/"},"sameAs":["https:\/\/www.facebook.com\/MusiquesJuives\/","https:\/\/www.instagram.com\/musiquesjuives\/","https:\/\/www.youtube.com\/user\/musiquesjuives"]},{"@type":"Person","@id":"https:\/\/www.iemj.org\/it\/#\/schema\/person\/c9bc1c386a3749579a2d675e72a18666","name":"Jean-Gabriel Davis","image":{"@type":"ImageObject","inLanguage":"it-IT","@id":"https:\/\/secure.gravatar.com\/avatar\/2b90d67bdf392c9b3a21fab87c0fa7edaf1fb3a058172a1ffd61033fcec7aec1?s=96&d=mm&r=g","url":"https:\/\/secure.gravatar.com\/avatar\/2b90d67bdf392c9b3a21fab87c0fa7edaf1fb3a058172a1ffd61033fcec7aec1?s=96&d=mm&r=g","contentUrl":"https:\/\/secure.gravatar.com\/avatar\/2b90d67bdf392c9b3a21fab87c0fa7edaf1fb3a058172a1ffd61033fcec7aec1?s=96&d=mm&r=g","caption":"Jean-Gabriel Davis"}}]}},"_links":{"self":[{"href":"https:\/\/www.iemj.org\/it\/wp-json\/wp\/v2\/posts\/41901","targetHints":{"allow":["GET"]}}],"collection":[{"href":"https:\/\/www.iemj.org\/it\/wp-json\/wp\/v2\/posts"}],"about":[{"href":"https:\/\/www.iemj.org\/it\/wp-json\/wp\/v2\/types\/post"}],"author":[{"embeddable":true,"href":"https:\/\/www.iemj.org\/it\/wp-json\/wp\/v2\/users\/1048"}],"replies":[{"embeddable":true,"href":"https:\/\/www.iemj.org\/it\/wp-json\/wp\/v2\/comments?post=41901"}],"version-history":[{"count":0,"href":"https:\/\/www.iemj.org\/it\/wp-json\/wp\/v2\/posts\/41901\/revisions"}],"wp:featuredmedia":[{"embeddable":true,"href":"https:\/\/www.iemj.org\/it\/wp-json\/wp\/v2\/media\/41902"}],"wp:attachment":[{"href":"https:\/\/www.iemj.org\/it\/wp-json\/wp\/v2\/media?parent=41901"}],"wp:term":[{"taxonomy":"category","embeddable":true,"href":"https:\/\/www.iemj.org\/it\/wp-json\/wp\/v2\/categories?post=41901"},{"taxonomy":"post_tag","embeddable":true,"href":"https:\/\/www.iemj.org\/it\/wp-json\/wp\/v2\/tags?post=41901"},{"taxonomy":"technique","embeddable":true,"href":"https:\/\/www.iemj.org\/it\/wp-json\/wp\/v2\/technique?post=41901"},{"taxonomy":"squelettes","embeddable":true,"href":"https:\/\/www.iemj.org\/it\/wp-json\/wp\/v2\/squelettes?post=41901"},{"taxonomy":"sujet","embeddable":true,"href":"https:\/\/www.iemj.org\/it\/wp-json\/wp\/v2\/sujet?post=41901"},{"taxonomy":"formation","embeddable":true,"href":"https:\/\/www.iemj.org\/it\/wp-json\/wp\/v2\/formation?post=41901"},{"taxonomy":"genre","embeddable":true,"href":"https:\/\/www.iemj.org\/it\/wp-json\/wp\/v2\/genre?post=41901"},{"taxonomy":"fonds","embeddable":true,"href":"https:\/\/www.iemj.org\/it\/wp-json\/wp\/v2\/fonds?post=41901"},{"taxonomy":"tradition","embeddable":true,"href":"https:\/\/www.iemj.org\/it\/wp-json\/wp\/v2\/tradition?post=41901"},{"taxonomy":"type-de-contenu","embeddable":true,"href":"https:\/\/www.iemj.org\/it\/wp-json\/wp\/v2\/type-de-contenu?post=41901"},{"taxonomy":"interprete-compositeur","embeddable":true,"href":"https:\/\/www.iemj.org\/it\/wp-json\/wp\/v2\/interprete-compositeur?post=41901"},{"taxonomy":"frise","embeddable":true,"href":"https:\/\/www.iemj.org\/it\/wp-json\/wp\/v2\/frise?post=41901"},{"taxonomy":"type-devenement","embeddable":true,"href":"https:\/\/www.iemj.org\/it\/wp-json\/wp\/v2\/type-devenement?post=41901"},{"taxonomy":"tableaux-liens-externes","embeddable":true,"href":"https:\/\/www.iemj.org\/it\/wp-json\/wp\/v2\/tableaux-liens-externes?post=41901"}],"curies":[{"name":"wp","href":"https:\/\/api.w.org\/{rel}","templated":true}]}}