{"id":42393,"date":"2018-10-03T16:16:21","date_gmt":"2018-10-03T14:16:21","guid":{"rendered":"https:\/\/www.iemj.org\/fonds-halphen\/"},"modified":"2021-06-17T19:06:28","modified_gmt":"2021-06-17T17:06:28","slug":"fonds-halphen","status":"publish","type":"post","link":"https:\/\/www.iemj.org\/it\/fonds-halphen\/","title":{"rendered":"Fondo Halphen"},"content":{"rendered":"<p><span style=\"font-size: inherit;\">Nato nel 1872 e morto per la Francia nel 1917, <\/span><a style=\"font-size: inherit;\" href=\"https:\/\/www.iemj.org\/halphen-fernand-1872-1917\/\">Fernand Halphen<\/a><span style=\"font-size: inherit;\">, allievo di Gabriel Faur\u00e9 e Jules Massenet, ottenne il secondo Prix de Rome nel 1896 e durante la sua breve vita compose un buon centinaio di opere. <\/span><\/p>\n<figure style=\"width: 182px\" class=\"wp-caption alignright\"><img decoding=\"async\" class=\"\" src=\"https:\/\/www.iemj.org\/wp-content\/uploads\/2018\/10\/i_25_vig_alice_halphen.jpg\" alt=\"i_25_vig_alice_halphen.jpg\" width=\"182\" height=\"271\" align=\"right\" data-description=\"&quot;<strong\"><figcaption class=\"wp-caption-text\">Alice Halphen<\/figcaption><\/figure>\n<p><span style=\"font-size: inherit;\">Quanto a sua moglie, <\/span><a style=\"font-size: inherit;\" href=\"https:\/\/www.iemj.org\/halphen-alice-1878-1963\/\">Alice Halphen<\/a><span style=\"font-size: inherit;\">, nata Koenigswarter (1878-1963), era un&#8217;illuminata appassionata d&#8217;arte, tenendo per diversi decenni nella sua villa privata in rue Dumont-d&#8217;Urville un salone di musica frequentato da molti artisti. che ha spesso aiutato: tra gli altri Daniel-Lesur, Ania Dorfman, Enesco, Faur\u00e9, Gedalge, Monique Haas, Honegger, Jolivet, Mihailovitz, Milhaud, Messiaen e Poulenc. Segnata nella sua giovinezza dall&#8217;affare Dreyfus, Alice Halphen si interesso&#8217; anche lungo tutta la sua vita alla questione del giudaismo e svolse un ruolo importante nella comunit\u00e0 israelita in Francia.<\/span><\/p>\n<p><\/p>\n<p><img fetchpriority=\"high\" decoding=\"async\" class=\" alignleft size-full wp-image-21062\" src=\"https:\/\/www.iemj.org\/wp-content\/uploads\/2018\/10\/hagoseida_p_426_002.jpg\" alt=\"hagoseida_p_426_002.jpg\" width=\"216\" height=\"300\" align=\"left\">L&#8217;Istituto Europeo di Musica Ebraica ospita nelle sue collezioni pi\u00f9 di 1.000 documenti di inestimabile valore patrimoniale appartenuti ad Alice e Fernand Halphen: corrispondenza con i pi\u00f9 grandi musicisti dell&#8217;epoca (Faur\u00e9, Massenet, Hahn, B\u00fcsser, Cortot, Koechlin, Risler &#8230;), manoscritti musicali, inclusi alcuni autografi, spartiti stampati, fotografie, ritagli di giornale &#8230;<\/p>\n<p>Parte di questa collezione &#8211; in particolare gli spartiti &#8211; \u00e8 stata donata dai pronipoti di Alice e Fernand Halphen , Mesdames Isabelle Friedman, Odile Haye e Nathalie Bardon nel 2005. Successivamente, la <a href=\"https:\/\/www.fondationjudaisme.org\/\">Fondation du Juda\u00efsme Fran\u00e7ais<\/a>, l&#8217;associazione <a href=\"https:\/\/www.iemj.org\/association-yuval\/\">Yuval<\/a> e l&#8217;Istituto Europeo di Musica Ebraica hanno contribuito a rafforzare l&#8217;importanza di questo fondo acquisendo numerosi altri documenti &#8211; in particolare la corrispondenza &#8211; alle aste (2006, 2009, 2011, 2013 e 2016).<\/p>\n<figure style=\"width: 200px\" class=\"wp-caption alignright\"><img decoding=\"async\" src=\"https:\/\/www.iemj.org\/wp-content\/uploads\/2018\/10\/i_320_vig_photo_chateau_la_chapelle_en_s.jpg\" alt=\"i_320_vig_photo_chateau_la_chapelle_en_s.jpg\" width=\"200\" height=\"134\" align=\"right\" data-description=\"&quot;<strong\"><figcaption class=\"wp-caption-text\">Castello di La Chapelle-en-Serval<\/figcaption><\/figure>\n<p>Come tale, va notato che durante la seconda guerra mondiale, i nazisti si erano impossessati della biblioteca musicale di Fernand Halphen e che il castello di famiglia di La Chapelle-en-Serval fu saccheggiato pi\u00f9 volte. Purtroppo, dopo la guerra, Alice Halphen ha recuperato solo una parte di ci\u00f2 che le era stato rubato.<\/p>\n<p><\/p>\n<p><a href=\"https:\/\/www.iemj.org\/fernand-halphen\/\"><img loading=\"lazy\" decoding=\"async\" class=\" alignleft size-full wp-image-21066\" src=\"https:\/\/www.iemj.org\/wp-content\/uploads\/2018\/10\/cp_pmjf_5.jpg\" alt=\"cp_pmjf_5.jpg\" width=\"198\" height=\"170\" align=\"left\"><\/a><\/p>\n<p>Dalla pubblicazione del doppio album <a href=\"https:\/\/www.iemj.org\/fernand-halphen\/\">Fernand Halphen. M\u00e9lodies, pi\u00e8ces pour piano et musique de chambre<\/a> (2006) e del CD di <a href=\"https:\/\/www.iemj.org\/musique-francaise-avant-et-apres-la-grande-guerre\/\">Musique fran\u00e7aise avant et apr\u00e8s la Grande Guerre<\/a> (2017) dove \u00e8 stata ricreata la sua prima sinfonia, il grande pubblico ha riscoperto l&#8217;opera di Fernand Halphen, un compositore la cui musica di fattura classica non manca di fascino. Il centenario della guerra 1914-18 \u00e8 stato anche l&#8217;occasione d&#8217;esporre dei documenti appartenuti a Fernand Halphen, morto per la Francia nel 1917, e per far eseguire le sue opere in tutto il mondo.<\/p>\n<p>Dal 2015, le &#8220;Editions de l&#8217;IEMJ&#8221; si sono impegnate a pubblicare <a href=\"https:\/\/boutique.iemj.org\/fr\/recherche?controller=search&amp;orderby=position&amp;orderway=desc&amp;search_query=halphen&amp;submit_search=\">gli spartiti di Fernand Halphen<\/a>. \u00c8 un lavoro di lungo respiro, Halphen essendo l&#8217;autore di un catalogo di 166 opere, tra cui 76 melodie per voce e pianoforte.<\/p>\n<p><a href=\"https:\/\/www.iemj.org\/du-salon-au-front-fernand-halphen-1872-1917-compositeur-mecene-et-chef-de-musique-militaire\/\"><img loading=\"lazy\" decoding=\"async\" class=\" alignright  wp-image-21068\" src=\"https:\/\/www.iemj.org\/wp-content\/uploads\/2018\/10\/vignette_livre_du_salon.jpg\" alt=\"vignette_livre_du_salon.jpg\" width=\"169\" height=\"256\" align=\"right\"><\/a>Si segnala infine la pubblicazione di un&#8217;opera collettiva <a href=\"https:\/\/www.iemj.org\/du-salon-au-front-fernand-halphen-1872-1917-compositeur-mecene-et-chef-de-musique-militaire\/\">Du salon au front : Fernand Halphen (1872-1917), compositeur, m\u00e9c\u00e8ne et chef de musique militaire<\/a> pubblicata nell&#8217;aprile 2017, sotto la direzione di Laure Schnapper, con la collaborazione di Pierre-Andr\u00e9 Meyer &#8211; Prefazione di Herv\u00e9 Roten, edita da \u00c9ditions Hermann, in occasione del centenario della morte del compositore.<\/p>\n<p>Questi archivi sono oramai disponibili per la consultazione nel catalogo delle nostre collezioni (<strong><a href=\" http:\/\/www.rachelnet.net\/F\/?func=find-c&amp;ccl_term=WHOC%3Dhalphen&amp;local_base=iemcg&amp;x=19&amp;y=16\">accedere al fondo archivio Halphen<\/a><\/strong>) o su appuntamento con l&#8217;Istituto Europeo di Musica Ebraica (<a href=\"mailto:contact@iemj.org\">contact@iemj.org<\/a>)<\/p>\n\n\n<p><\/p>\n","protected":false},"excerpt":{"rendered":"<p>Nato nel 1872 e morto per la Francia nel 1917, Fernand Halphen, allievo di Gabriel Faur\u00e9 e Jules Massenet, ottenne il secondo Prix de Rome nel 1896 e durante la<\/p>\n","protected":false},"author":1045,"featured_media":42394,"comment_status":"closed","ping_status":"closed","sticky":false,"template":"","format":"standard","meta":{"_acf_changed":false,"footnotes":""},"categories":[1586],"tags":[],"technique":[],"squelettes":[],"sujet":[],"formation":[],"genre":[],"fonds":[],"tradition":[],"type-de-contenu":[],"interprete-compositeur":[3160],"frise":[],"type-devenement":[],"tableaux-liens-externes":[],"class_list":["post-42393","post","type-post","status-publish","format-standard","has-post-thumbnail","hentry","category-fondi-principali-it","interprete-compositeur-fernand-halphen-it"],"acf":[],"yoast_head":"<!-- This site is optimized with the Yoast SEO plugin v27.3 - https:\/\/yoast.com\/product\/yoast-seo-wordpress\/ -->\n<title>Fondo Halphen - Institut Europ\u00e9en des Musiques Juives<\/title>\n<meta name=\"robots\" content=\"index, follow, max-snippet:-1, max-image-preview:large, max-video-preview:-1\" \/>\n<link rel=\"canonical\" href=\"https:\/\/www.iemj.org\/it\/fonds-halphen\/\" \/>\n<meta property=\"og:locale\" content=\"it_IT\" \/>\n<meta property=\"og:type\" content=\"article\" \/>\n<meta property=\"og:title\" content=\"Fondo Halphen - Institut Europ\u00e9en des Musiques Juives\" \/>\n<meta property=\"og:description\" content=\"Nato nel 1872 e morto per la Francia nel 1917, Fernand Halphen, allievo di Gabriel Faur\u00e9 e Jules Massenet, ottenne il secondo Prix de Rome nel 1896 e durante la\" \/>\n<meta property=\"og:url\" content=\"https:\/\/www.iemj.org\/it\/fonds-halphen\/\" \/>\n<meta property=\"og:site_name\" content=\"Institut Europ\u00e9en des Musiques Juives\" \/>\n<meta property=\"article:publisher\" content=\"https:\/\/www.facebook.com\/MusiquesJuives\/\" \/>\n<meta property=\"article:published_time\" content=\"2018-10-03T14:16:21+00:00\" \/>\n<meta property=\"article:modified_time\" content=\"2021-06-17T17:06:28+00:00\" \/>\n<meta property=\"og:image\" content=\"https:\/\/www.iemj.org\/wp-content\/uploads\/2018\/10\/arton3647-e1618415357261.jpg\" \/>\n\t<meta property=\"og:image:width\" content=\"350\" \/>\n\t<meta property=\"og:image:height\" content=\"326\" \/>\n\t<meta property=\"og:image:type\" content=\"image\/jpeg\" \/>\n<meta name=\"author\" content=\"Herv\u00e9 Roten\" \/>\n<meta name=\"twitter:card\" content=\"summary_large_image\" \/>\n<meta name=\"twitter:label1\" content=\"Scritto da\" \/>\n\t<meta name=\"twitter:data1\" content=\"Herv\u00e9 Roten\" \/>\n\t<meta name=\"twitter:label2\" content=\"Tempo di lettura stimato\" \/>\n\t<meta name=\"twitter:data2\" content=\"4 minuti\" \/>\n<script type=\"application\/ld+json\" class=\"yoast-schema-graph\">{\"@context\":\"https:\\\/\\\/schema.org\",\"@graph\":[{\"@type\":\"Article\",\"@id\":\"https:\\\/\\\/www.iemj.org\\\/it\\\/fonds-halphen\\\/#article\",\"isPartOf\":{\"@id\":\"https:\\\/\\\/www.iemj.org\\\/it\\\/fonds-halphen\\\/\"},\"author\":{\"name\":\"Herv\u00e9 Roten\",\"@id\":\"https:\\\/\\\/www.iemj.org\\\/it\\\/#\\\/schema\\\/person\\\/906134402c29d5c76e7b726261dd4bbd\"},\"headline\":\"Fondo Halphen\",\"datePublished\":\"2018-10-03T14:16:21+00:00\",\"dateModified\":\"2021-06-17T17:06:28+00:00\",\"mainEntityOfPage\":{\"@id\":\"https:\\\/\\\/www.iemj.org\\\/it\\\/fonds-halphen\\\/\"},\"wordCount\":532,\"publisher\":{\"@id\":\"https:\\\/\\\/www.iemj.org\\\/it\\\/#organization\"},\"image\":{\"@id\":\"https:\\\/\\\/www.iemj.org\\\/it\\\/fonds-halphen\\\/#primaryimage\"},\"thumbnailUrl\":\"https:\\\/\\\/www.iemj.org\\\/wp-content\\\/uploads\\\/2018\\\/10\\\/arton3647-e1618415357261.jpg\",\"articleSection\":[\"Fondi principali\"],\"inLanguage\":\"it-IT\"},{\"@type\":\"WebPage\",\"@id\":\"https:\\\/\\\/www.iemj.org\\\/it\\\/fonds-halphen\\\/\",\"url\":\"https:\\\/\\\/www.iemj.org\\\/it\\\/fonds-halphen\\\/\",\"name\":\"Fondo Halphen - Institut Europ\u00e9en des Musiques Juives\",\"isPartOf\":{\"@id\":\"https:\\\/\\\/www.iemj.org\\\/it\\\/#website\"},\"primaryImageOfPage\":{\"@id\":\"https:\\\/\\\/www.iemj.org\\\/it\\\/fonds-halphen\\\/#primaryimage\"},\"image\":{\"@id\":\"https:\\\/\\\/www.iemj.org\\\/it\\\/fonds-halphen\\\/#primaryimage\"},\"thumbnailUrl\":\"https:\\\/\\\/www.iemj.org\\\/wp-content\\\/uploads\\\/2018\\\/10\\\/arton3647-e1618415357261.jpg\",\"datePublished\":\"2018-10-03T14:16:21+00:00\",\"dateModified\":\"2021-06-17T17:06:28+00:00\",\"breadcrumb\":{\"@id\":\"https:\\\/\\\/www.iemj.org\\\/it\\\/fonds-halphen\\\/#breadcrumb\"},\"inLanguage\":\"it-IT\",\"potentialAction\":[{\"@type\":\"ReadAction\",\"target\":[\"https:\\\/\\\/www.iemj.org\\\/it\\\/fonds-halphen\\\/\"]}]},{\"@type\":\"ImageObject\",\"inLanguage\":\"it-IT\",\"@id\":\"https:\\\/\\\/www.iemj.org\\\/it\\\/fonds-halphen\\\/#primaryimage\",\"url\":\"https:\\\/\\\/www.iemj.org\\\/wp-content\\\/uploads\\\/2018\\\/10\\\/arton3647-e1618415357261.jpg\",\"contentUrl\":\"https:\\\/\\\/www.iemj.org\\\/wp-content\\\/uploads\\\/2018\\\/10\\\/arton3647-e1618415357261.jpg\",\"width\":350,\"height\":326},{\"@type\":\"BreadcrumbList\",\"@id\":\"https:\\\/\\\/www.iemj.org\\\/it\\\/fonds-halphen\\\/#breadcrumb\",\"itemListElement\":[{\"@type\":\"ListItem\",\"position\":1,\"name\":\"Accueil\",\"item\":\"https:\\\/\\\/www.iemj.org\\\/it\\\/\"},{\"@type\":\"ListItem\",\"position\":2,\"name\":\"Fondo Halphen\"}]},{\"@type\":\"WebSite\",\"@id\":\"https:\\\/\\\/www.iemj.org\\\/it\\\/#website\",\"url\":\"https:\\\/\\\/www.iemj.org\\\/it\\\/\",\"name\":\"Institut Europ\u00e9en des Musiques Juives\",\"description\":\"Des traditions musicales \u00e0 la port\u00e9e de tous\",\"publisher\":{\"@id\":\"https:\\\/\\\/www.iemj.org\\\/it\\\/#organization\"},\"potentialAction\":[{\"@type\":\"SearchAction\",\"target\":{\"@type\":\"EntryPoint\",\"urlTemplate\":\"https:\\\/\\\/www.iemj.org\\\/it\\\/?s={search_term_string}\"},\"query-input\":{\"@type\":\"PropertyValueSpecification\",\"valueRequired\":true,\"valueName\":\"search_term_string\"}}],\"inLanguage\":\"it-IT\"},{\"@type\":\"Organization\",\"@id\":\"https:\\\/\\\/www.iemj.org\\\/it\\\/#organization\",\"name\":\"Institut Europ\u00e9en des Musiques Juives\",\"url\":\"https:\\\/\\\/www.iemj.org\\\/it\\\/\",\"logo\":{\"@type\":\"ImageObject\",\"inLanguage\":\"it-IT\",\"@id\":\"https:\\\/\\\/www.iemj.org\\\/it\\\/#\\\/schema\\\/logo\\\/image\\\/\",\"url\":\"https:\\\/\\\/www.iemj.org\\\/wp-content\\\/uploads\\\/2021\\\/09\\\/Logo-IEMJ-Paypal.jpg\",\"contentUrl\":\"https:\\\/\\\/www.iemj.org\\\/wp-content\\\/uploads\\\/2021\\\/09\\\/Logo-IEMJ-Paypal.jpg\",\"width\":150,\"height\":50,\"caption\":\"Institut Europ\u00e9en des Musiques Juives\"},\"image\":{\"@id\":\"https:\\\/\\\/www.iemj.org\\\/it\\\/#\\\/schema\\\/logo\\\/image\\\/\"},\"sameAs\":[\"https:\\\/\\\/www.facebook.com\\\/MusiquesJuives\\\/\",\"https:\\\/\\\/www.instagram.com\\\/musiquesjuives\\\/\",\"https:\\\/\\\/www.youtube.com\\\/user\\\/musiquesjuives\"]},{\"@type\":\"Person\",\"@id\":\"https:\\\/\\\/www.iemj.org\\\/it\\\/#\\\/schema\\\/person\\\/906134402c29d5c76e7b726261dd4bbd\",\"name\":\"Herv\u00e9 Roten\",\"image\":{\"@type\":\"ImageObject\",\"inLanguage\":\"it-IT\",\"@id\":\"https:\\\/\\\/secure.gravatar.com\\\/avatar\\\/f96ad2db538a26481f18384936b5cd0610c92d390c4dc382209216d455f685ff?s=96&d=mm&r=g\",\"url\":\"https:\\\/\\\/secure.gravatar.com\\\/avatar\\\/f96ad2db538a26481f18384936b5cd0610c92d390c4dc382209216d455f685ff?s=96&d=mm&r=g\",\"contentUrl\":\"https:\\\/\\\/secure.gravatar.com\\\/avatar\\\/f96ad2db538a26481f18384936b5cd0610c92d390c4dc382209216d455f685ff?s=96&d=mm&r=g\",\"caption\":\"Herv\u00e9 Roten\"}}]}<\/script>\n<!-- \/ Yoast SEO plugin. -->","yoast_head_json":{"title":"Fondo Halphen - Institut Europ\u00e9en des Musiques Juives","robots":{"index":"index","follow":"follow","max-snippet":"max-snippet:-1","max-image-preview":"max-image-preview:large","max-video-preview":"max-video-preview:-1"},"canonical":"https:\/\/www.iemj.org\/it\/fonds-halphen\/","og_locale":"it_IT","og_type":"article","og_title":"Fondo Halphen - Institut Europ\u00e9en des Musiques Juives","og_description":"Nato nel 1872 e morto per la Francia nel 1917, Fernand Halphen, allievo di Gabriel Faur\u00e9 e Jules Massenet, ottenne il secondo Prix de Rome nel 1896 e durante la","og_url":"https:\/\/www.iemj.org\/it\/fonds-halphen\/","og_site_name":"Institut Europ\u00e9en des Musiques Juives","article_publisher":"https:\/\/www.facebook.com\/MusiquesJuives\/","article_published_time":"2018-10-03T14:16:21+00:00","article_modified_time":"2021-06-17T17:06:28+00:00","og_image":[{"width":350,"height":326,"url":"https:\/\/www.iemj.org\/wp-content\/uploads\/2018\/10\/arton3647-e1618415357261.jpg","type":"image\/jpeg"}],"author":"Herv\u00e9 Roten","twitter_card":"summary_large_image","twitter_misc":{"Scritto da":"Herv\u00e9 Roten","Tempo di lettura stimato":"4 minuti"},"schema":{"@context":"https:\/\/schema.org","@graph":[{"@type":"Article","@id":"https:\/\/www.iemj.org\/it\/fonds-halphen\/#article","isPartOf":{"@id":"https:\/\/www.iemj.org\/it\/fonds-halphen\/"},"author":{"name":"Herv\u00e9 Roten","@id":"https:\/\/www.iemj.org\/it\/#\/schema\/person\/906134402c29d5c76e7b726261dd4bbd"},"headline":"Fondo Halphen","datePublished":"2018-10-03T14:16:21+00:00","dateModified":"2021-06-17T17:06:28+00:00","mainEntityOfPage":{"@id":"https:\/\/www.iemj.org\/it\/fonds-halphen\/"},"wordCount":532,"publisher":{"@id":"https:\/\/www.iemj.org\/it\/#organization"},"image":{"@id":"https:\/\/www.iemj.org\/it\/fonds-halphen\/#primaryimage"},"thumbnailUrl":"https:\/\/www.iemj.org\/wp-content\/uploads\/2018\/10\/arton3647-e1618415357261.jpg","articleSection":["Fondi principali"],"inLanguage":"it-IT"},{"@type":"WebPage","@id":"https:\/\/www.iemj.org\/it\/fonds-halphen\/","url":"https:\/\/www.iemj.org\/it\/fonds-halphen\/","name":"Fondo Halphen - Institut Europ\u00e9en des Musiques Juives","isPartOf":{"@id":"https:\/\/www.iemj.org\/it\/#website"},"primaryImageOfPage":{"@id":"https:\/\/www.iemj.org\/it\/fonds-halphen\/#primaryimage"},"image":{"@id":"https:\/\/www.iemj.org\/it\/fonds-halphen\/#primaryimage"},"thumbnailUrl":"https:\/\/www.iemj.org\/wp-content\/uploads\/2018\/10\/arton3647-e1618415357261.jpg","datePublished":"2018-10-03T14:16:21+00:00","dateModified":"2021-06-17T17:06:28+00:00","breadcrumb":{"@id":"https:\/\/www.iemj.org\/it\/fonds-halphen\/#breadcrumb"},"inLanguage":"it-IT","potentialAction":[{"@type":"ReadAction","target":["https:\/\/www.iemj.org\/it\/fonds-halphen\/"]}]},{"@type":"ImageObject","inLanguage":"it-IT","@id":"https:\/\/www.iemj.org\/it\/fonds-halphen\/#primaryimage","url":"https:\/\/www.iemj.org\/wp-content\/uploads\/2018\/10\/arton3647-e1618415357261.jpg","contentUrl":"https:\/\/www.iemj.org\/wp-content\/uploads\/2018\/10\/arton3647-e1618415357261.jpg","width":350,"height":326},{"@type":"BreadcrumbList","@id":"https:\/\/www.iemj.org\/it\/fonds-halphen\/#breadcrumb","itemListElement":[{"@type":"ListItem","position":1,"name":"Accueil","item":"https:\/\/www.iemj.org\/it\/"},{"@type":"ListItem","position":2,"name":"Fondo Halphen"}]},{"@type":"WebSite","@id":"https:\/\/www.iemj.org\/it\/#website","url":"https:\/\/www.iemj.org\/it\/","name":"Institut Europ\u00e9en des Musiques Juives","description":"Des traditions musicales \u00e0 la port\u00e9e de tous","publisher":{"@id":"https:\/\/www.iemj.org\/it\/#organization"},"potentialAction":[{"@type":"SearchAction","target":{"@type":"EntryPoint","urlTemplate":"https:\/\/www.iemj.org\/it\/?s={search_term_string}"},"query-input":{"@type":"PropertyValueSpecification","valueRequired":true,"valueName":"search_term_string"}}],"inLanguage":"it-IT"},{"@type":"Organization","@id":"https:\/\/www.iemj.org\/it\/#organization","name":"Institut Europ\u00e9en des Musiques Juives","url":"https:\/\/www.iemj.org\/it\/","logo":{"@type":"ImageObject","inLanguage":"it-IT","@id":"https:\/\/www.iemj.org\/it\/#\/schema\/logo\/image\/","url":"https:\/\/www.iemj.org\/wp-content\/uploads\/2021\/09\/Logo-IEMJ-Paypal.jpg","contentUrl":"https:\/\/www.iemj.org\/wp-content\/uploads\/2021\/09\/Logo-IEMJ-Paypal.jpg","width":150,"height":50,"caption":"Institut Europ\u00e9en des Musiques Juives"},"image":{"@id":"https:\/\/www.iemj.org\/it\/#\/schema\/logo\/image\/"},"sameAs":["https:\/\/www.facebook.com\/MusiquesJuives\/","https:\/\/www.instagram.com\/musiquesjuives\/","https:\/\/www.youtube.com\/user\/musiquesjuives"]},{"@type":"Person","@id":"https:\/\/www.iemj.org\/it\/#\/schema\/person\/906134402c29d5c76e7b726261dd4bbd","name":"Herv\u00e9 Roten","image":{"@type":"ImageObject","inLanguage":"it-IT","@id":"https:\/\/secure.gravatar.com\/avatar\/f96ad2db538a26481f18384936b5cd0610c92d390c4dc382209216d455f685ff?s=96&d=mm&r=g","url":"https:\/\/secure.gravatar.com\/avatar\/f96ad2db538a26481f18384936b5cd0610c92d390c4dc382209216d455f685ff?s=96&d=mm&r=g","contentUrl":"https:\/\/secure.gravatar.com\/avatar\/f96ad2db538a26481f18384936b5cd0610c92d390c4dc382209216d455f685ff?s=96&d=mm&r=g","caption":"Herv\u00e9 Roten"}}]}},"_links":{"self":[{"href":"https:\/\/www.iemj.org\/it\/wp-json\/wp\/v2\/posts\/42393","targetHints":{"allow":["GET"]}}],"collection":[{"href":"https:\/\/www.iemj.org\/it\/wp-json\/wp\/v2\/posts"}],"about":[{"href":"https:\/\/www.iemj.org\/it\/wp-json\/wp\/v2\/types\/post"}],"author":[{"embeddable":true,"href":"https:\/\/www.iemj.org\/it\/wp-json\/wp\/v2\/users\/1045"}],"replies":[{"embeddable":true,"href":"https:\/\/www.iemj.org\/it\/wp-json\/wp\/v2\/comments?post=42393"}],"version-history":[{"count":0,"href":"https:\/\/www.iemj.org\/it\/wp-json\/wp\/v2\/posts\/42393\/revisions"}],"wp:featuredmedia":[{"embeddable":true,"href":"https:\/\/www.iemj.org\/it\/wp-json\/wp\/v2\/media\/42394"}],"wp:attachment":[{"href":"https:\/\/www.iemj.org\/it\/wp-json\/wp\/v2\/media?parent=42393"}],"wp:term":[{"taxonomy":"category","embeddable":true,"href":"https:\/\/www.iemj.org\/it\/wp-json\/wp\/v2\/categories?post=42393"},{"taxonomy":"post_tag","embeddable":true,"href":"https:\/\/www.iemj.org\/it\/wp-json\/wp\/v2\/tags?post=42393"},{"taxonomy":"technique","embeddable":true,"href":"https:\/\/www.iemj.org\/it\/wp-json\/wp\/v2\/technique?post=42393"},{"taxonomy":"squelettes","embeddable":true,"href":"https:\/\/www.iemj.org\/it\/wp-json\/wp\/v2\/squelettes?post=42393"},{"taxonomy":"sujet","embeddable":true,"href":"https:\/\/www.iemj.org\/it\/wp-json\/wp\/v2\/sujet?post=42393"},{"taxonomy":"formation","embeddable":true,"href":"https:\/\/www.iemj.org\/it\/wp-json\/wp\/v2\/formation?post=42393"},{"taxonomy":"genre","embeddable":true,"href":"https:\/\/www.iemj.org\/it\/wp-json\/wp\/v2\/genre?post=42393"},{"taxonomy":"fonds","embeddable":true,"href":"https:\/\/www.iemj.org\/it\/wp-json\/wp\/v2\/fonds?post=42393"},{"taxonomy":"tradition","embeddable":true,"href":"https:\/\/www.iemj.org\/it\/wp-json\/wp\/v2\/tradition?post=42393"},{"taxonomy":"type-de-contenu","embeddable":true,"href":"https:\/\/www.iemj.org\/it\/wp-json\/wp\/v2\/type-de-contenu?post=42393"},{"taxonomy":"interprete-compositeur","embeddable":true,"href":"https:\/\/www.iemj.org\/it\/wp-json\/wp\/v2\/interprete-compositeur?post=42393"},{"taxonomy":"frise","embeddable":true,"href":"https:\/\/www.iemj.org\/it\/wp-json\/wp\/v2\/frise?post=42393"},{"taxonomy":"type-devenement","embeddable":true,"href":"https:\/\/www.iemj.org\/it\/wp-json\/wp\/v2\/type-devenement?post=42393"},{"taxonomy":"tableaux-liens-externes","embeddable":true,"href":"https:\/\/www.iemj.org\/it\/wp-json\/wp\/v2\/tableaux-liens-externes?post=42393"}],"curies":[{"name":"wp","href":"https:\/\/api.w.org\/{rel}","templated":true}]}}