{"id":42517,"date":"2020-09-23T12:38:33","date_gmt":"2020-09-23T10:38:33","guid":{"rendered":"https:\/\/www.iemj.org\/les-selihot-dans-le-rite-algerien\/"},"modified":"2024-02-16T17:05:41","modified_gmt":"2024-02-16T16:05:41","slug":"les-selihot-dans-le-rite-algerien","status":"publish","type":"post","link":"https:\/\/www.iemj.org\/it\/les-selihot-dans-le-rite-algerien\/","title":{"rendered":"Le selihot nel rito algerino"},"content":{"rendered":"<p><strong>Una selezione di selihot eseguite da Israel Dadoun, Abraham Dahan, Philippe Darmon, Amir Eliahou, Georges E. Haik, Haim Harboun e Andr\u00e9 Ta\u00efeb<\/strong><\/p>\n<p><!--more-->Le selihot sono preghiere di pentimento durante le quali il fedele implora il perdono di Dio per i peccati commessi. Questa usanza si basa sui\u00a0<a href=\"https:\/\/en.wikipedia.org\/wiki\/Thirteen_Attributes_of_Mercy\" target=\"_blank\" rel=\"noopener\">tredici attributi della misericordia<\/a>\u00a0che, secondo la tradizione, sarebbero stati trasmessi da Dio a Mos\u00e8 (Esodo 34, 6-7).<\/p>\n<p>In origine, le\u00a0<em>selihot<\/em>\u00a0venivano lette durante Yom Kippur ed i digiuni. Questa usanza si estese in seguito ai 10 giorni (<em>yamim nora\u00efm<\/em>) tra Rosh Hashanah e Kippur. Le comunit\u00e0 Ashkenazite e Hassidiche recitano le\u00a0<em>selihot<\/em>\u00a0dal sabato sera che precede (di almeno quattro giorni) la festa di Rosh Hashanah. Le comunit\u00e0 sefardite le leggono all\u2019alba prima delle preghiere mattutine per quaranta giorni, a partire dal 1\u00b0 di Elul.<\/p>\n<p>La seguente playlist presenta una selezione di <em>selihot<\/em> dei diversi riti algerini. Le tradizioni algerina, oranese e costantina hanno le loro radici nel giudaismo spagnolo. Nel VI e VII secolo, e in particolare dal XIV al XVI secolo, molti ebrei della penisola iberica si mescolano alla popolazione ebraica locale, influenzandone le tradizioni. Nel XVIII secolo, gli ebrei sefarditi italiani di Livorno, i Granas, si stabiliscono in Algeria e servono da intermediari commerciali tra l&#8217;Europa e l&#8217;Impero Ottomano. Il XIX secolo segna l&#8217;arrivo degli ebrei da Tetouan (Marocco). Infine, la colonizzazione dell&#8217;Algeria da parte della Francia nel 1830, il modello concistoriale francese e <em>l&#8217;Alliance isra\u00e9lite universelle<\/em> favoriscono l&#8217;introduzione di arie portoghesi sefardite, ma anche ashkenazite, nel culto delle principali metropoli algerine. La grande sinagoga di Orano era persino dotata di un grande organo che includeva 18 registri e 900 canne !<\/p>\n<ul>\n<li><a href=\"https:\/\/www.iemj.org\/it\/les-selihot-%d7%a1%d7%9c%d7%99%d7%97%d7%95%d7%aa\/\" target=\"_blank\" rel=\"noopener\">Leggere l\u2019articolo di fondo sulle selihot<\/a><\/li>\n<li><a href=\"https:\/\/www.iemj.org\/it\/chants-des-juifs-dalgerie-1\/\" target=\"_blank\" rel=\"noopener\">Ascoltare la playlist Canti degli ebrei d&#8217;Algeria 1<\/a><\/li>\n<li><a href=\"https:\/\/www.iemj.org\/it\/chants-des-juifs-dalgerie-2\/\" target=\"_blank\" rel=\"noopener\">Ascoltare la playlist Canti degli ebrei d&#8217;Algeria 2<\/a><\/li>\n<\/ul>\n\n\n<figure class=\"wp-block-image size-large\"><img fetchpriority=\"high\" decoding=\"async\" width=\"1024\" height=\"146\" src=\"https:\/\/www.iemj.org\/wp-content\/uploads\/2023\/01\/Bandeau-Playlist_IT2-1024x146.jpg\" alt=\"\" class=\"wp-image-93106\" srcset=\"https:\/\/www.iemj.org\/wp-content\/uploads\/2023\/01\/Bandeau-Playlist_IT2-1024x146.jpg 1024w, https:\/\/www.iemj.org\/wp-content\/uploads\/2023\/01\/Bandeau-Playlist_IT2-300x43.jpg 300w, https:\/\/www.iemj.org\/wp-content\/uploads\/2023\/01\/Bandeau-Playlist_IT2-768x110.jpg 768w, https:\/\/www.iemj.org\/wp-content\/uploads\/2023\/01\/Bandeau-Playlist_IT2-1536x220.jpg 1536w, https:\/\/www.iemj.org\/wp-content\/uploads\/2023\/01\/Bandeau-Playlist_IT2-600x86.jpg 600w, https:\/\/www.iemj.org\/wp-content\/uploads\/2023\/01\/Bandeau-Playlist_IT2.jpg 1608w\" sizes=\"(max-width: 1024px) 100vw, 1024px\" \/><\/figure>\n\n\n\n<div class=\"wp-block-file\"><a id=\"wp-block-file--media-08c24432-7e20-47f3-a250-9b6d566fae4b\" href=\"https:\/\/www.iemj.org\/wp-content\/uploads\/2020\/09\/01_ben_adam__grand_rabbin_georges_e._haik.mp3\">Ben Adam &#8211; Grand Rabbin Georges E Haik<\/a><\/div>\n\n\n\n<div class=\"wp-block-file\"><a id=\"wp-block-file--media-768366c7-94d0-46c2-88c4-c88e85f439a2\" href=\"https:\/\/www.iemj.org\/wp-content\/uploads\/2020\/09\/02_hamelekh_adonay_hazan_andr_ta_eb_rite_constantinois_.mp3\">Hamelekh Adonay &#8211; Hazan Andr\u00e9 Ta\u00efeb (rite constantinois)<\/a><\/div>\n\n\n\n<div class=\"wp-block-file\"><a id=\"wp-block-file--media-21729e1c-e4f4-4666-bc90-d3676ad7bc79\" href=\"https:\/\/www.iemj.org\/wp-content\/uploads\/2020\/09\/03_rakhamana_rabbin_abraham_dahan.mp3\">Rakhamana &#8211; Rabbin Abraham Dahan<\/a><\/div>\n\n\n\n<div class=\"wp-block-file\"><a id=\"wp-block-file--media-5a4470b1-1b91-49b0-9857-853b1ea997dd\" href=\"https:\/\/www.iemj.org\/wp-content\/uploads\/2020\/09\/04_et_chaare_ratson_philippe_darmon_rite_alg_rois_.mp3\">Et Chaare Ratson &#8211; Philippe Darmon (rite alg\u00e9rois)<\/a><\/div>\n\n\n\n<div class=\"wp-block-file\"><a id=\"wp-block-file--media-0aeb8366-01fd-436f-94cd-94731f1de4d9\" href=\"https:\/\/www.iemj.org\/wp-content\/uploads\/2020\/09\/05_selihot_diverses_rite_algerois_.mp3\">Selihot diverses (rite alg\u00e9rois)<\/a><\/div>\n\n\n\n<div class=\"wp-block-file\"><a id=\"wp-block-file--media-d8aa3343-1c4f-43d7-bc19-fd5d90c02ae0\" href=\"https:\/\/www.iemj.org\/wp-content\/uploads\/2020\/09\/06_selihot_diverses_rite_constantinois_.mp3\">Selihot diverses (rite constantinois)<\/a><\/div>\n\n\n\n<div class=\"wp-block-file\"><a id=\"wp-block-file--media-858cceac-6526-4689-b150-828bc702b8a8\" href=\"https:\/\/www.iemj.org\/wp-content\/uploads\/2020\/09\/07_elekha_hadoshem_amir_eliahou_rite_constantinois_.mp3\">Elekha Hadoshem Amir Eliahou (rite constantinois)<\/a><\/div>\n\n\n\n<div class=\"wp-block-file\"><a id=\"wp-block-file--media-9791a2e5-077f-4071-b549-8f3af91d398b\" href=\"https:\/\/www.iemj.org\/wp-content\/uploads\/2020\/09\/08_instrumental_oranais_sur_l_air_des_selihot_israel_dadoun.mp3\">Instrumental oranais sur l&#8217;air des selihot &#8211; Israel Dadoun<\/a><\/div>\n\n\n\n<div class=\"wp-block-file\"><a id=\"wp-block-file--media-f17badcf-7670-4bba-896b-9fdebb1e64c8\" href=\"https:\/\/www.iemj.org\/wp-content\/uploads\/2020\/09\/09_elekha_hadoshem_harboun_haim_rite_oranais_.mp3\">Elekha Hadoshem &#8211; Harboun Haim (rite oranais)<\/a><\/div>\n","protected":false},"excerpt":{"rendered":"<p>Una selezione di selihot eseguite da Israel Dadoun, Abraham Dahan, Philippe Darmon, Amir Eliahou, Georges E. Haik, Haim Harboun e Andr\u00e9 Ta\u00efeb<\/p>\n","protected":false},"author":1045,"featured_media":42518,"comment_status":"closed","ping_status":"closed","sticky":false,"template":"","format":"standard","meta":{"_acf_changed":false,"footnotes":""},"categories":[1536],"tags":[],"technique":[],"squelettes":[],"sujet":[],"formation":[],"genre":[1892],"fonds":[],"tradition":[1985],"type-de-contenu":[],"interprete-compositeur":[],"frise":[],"type-devenement":[],"tableaux-liens-externes":[],"class_list":["post-42517","post","type-post","status-publish","format-standard","has-post-thumbnail","hentry","category-playlist-it","genre-liturgia-it","tradition-rito-algerino-it"],"acf":[],"yoast_head":"<!-- This site is optimized with the Yoast SEO plugin v27.3 - https:\/\/yoast.com\/product\/yoast-seo-wordpress\/ -->\n<title>Le selihot nel rito algerino - Institut Europ\u00e9en des Musiques Juives<\/title>\n<meta name=\"robots\" content=\"index, follow, max-snippet:-1, max-image-preview:large, max-video-preview:-1\" \/>\n<link rel=\"canonical\" href=\"https:\/\/www.iemj.org\/it\/les-selihot-dans-le-rite-algerien\/\" \/>\n<meta property=\"og:locale\" content=\"it_IT\" \/>\n<meta property=\"og:type\" content=\"article\" \/>\n<meta property=\"og:title\" content=\"Le selihot nel rito algerino - Institut Europ\u00e9en des Musiques Juives\" \/>\n<meta property=\"og:description\" content=\"Una selezione di selihot eseguite da Israel Dadoun, Abraham Dahan, Philippe Darmon, Amir Eliahou, Georges E. Haik, Haim Harboun e Andr\u00e9 Ta\u00efeb\" \/>\n<meta property=\"og:url\" content=\"https:\/\/www.iemj.org\/it\/les-selihot-dans-le-rite-algerien\/\" \/>\n<meta property=\"og:site_name\" content=\"Institut Europ\u00e9en des Musiques Juives\" \/>\n<meta property=\"article:publisher\" content=\"https:\/\/www.facebook.com\/MusiquesJuives\/\" \/>\n<meta property=\"article:published_time\" content=\"2020-09-23T10:38:33+00:00\" \/>\n<meta property=\"article:modified_time\" content=\"2024-02-16T16:05:41+00:00\" \/>\n<meta property=\"og:image\" content=\"https:\/\/www.iemj.org\/wp-content\/uploads\/2020\/09\/arton4840.jpg\" \/>\n\t<meta property=\"og:image:width\" content=\"336\" \/>\n\t<meta property=\"og:image:height\" content=\"336\" \/>\n\t<meta property=\"og:image:type\" content=\"image\/jpeg\" \/>\n<meta name=\"author\" content=\"Herv\u00e9 Roten\" \/>\n<meta name=\"twitter:card\" content=\"summary_large_image\" \/>\n<meta name=\"twitter:label1\" content=\"Scritto da\" \/>\n\t<meta name=\"twitter:data1\" content=\"Herv\u00e9 Roten\" \/>\n\t<meta name=\"twitter:label2\" content=\"Tempo di lettura stimato\" \/>\n\t<meta name=\"twitter:data2\" content=\"3 minuti\" \/>\n<script type=\"application\/ld+json\" class=\"yoast-schema-graph\">{\"@context\":\"https:\\\/\\\/schema.org\",\"@graph\":[{\"@type\":\"Article\",\"@id\":\"https:\\\/\\\/www.iemj.org\\\/it\\\/les-selihot-dans-le-rite-algerien\\\/#article\",\"isPartOf\":{\"@id\":\"https:\\\/\\\/www.iemj.org\\\/it\\\/les-selihot-dans-le-rite-algerien\\\/\"},\"author\":{\"name\":\"Herv\u00e9 Roten\",\"@id\":\"https:\\\/\\\/www.iemj.org\\\/it\\\/#\\\/schema\\\/person\\\/906134402c29d5c76e7b726261dd4bbd\"},\"headline\":\"Le selihot nel rito algerino\",\"datePublished\":\"2020-09-23T10:38:33+00:00\",\"dateModified\":\"2024-02-16T16:05:41+00:00\",\"mainEntityOfPage\":{\"@id\":\"https:\\\/\\\/www.iemj.org\\\/it\\\/les-selihot-dans-le-rite-algerien\\\/\"},\"wordCount\":368,\"publisher\":{\"@id\":\"https:\\\/\\\/www.iemj.org\\\/it\\\/#organization\"},\"image\":{\"@id\":\"https:\\\/\\\/www.iemj.org\\\/it\\\/les-selihot-dans-le-rite-algerien\\\/#primaryimage\"},\"thumbnailUrl\":\"https:\\\/\\\/www.iemj.org\\\/wp-content\\\/uploads\\\/2020\\\/09\\\/arton4840.jpg\",\"articleSection\":[\"Playlist\"],\"inLanguage\":\"it-IT\"},{\"@type\":\"WebPage\",\"@id\":\"https:\\\/\\\/www.iemj.org\\\/it\\\/les-selihot-dans-le-rite-algerien\\\/\",\"url\":\"https:\\\/\\\/www.iemj.org\\\/it\\\/les-selihot-dans-le-rite-algerien\\\/\",\"name\":\"Le selihot nel rito algerino - Institut Europ\u00e9en des Musiques Juives\",\"isPartOf\":{\"@id\":\"https:\\\/\\\/www.iemj.org\\\/it\\\/#website\"},\"primaryImageOfPage\":{\"@id\":\"https:\\\/\\\/www.iemj.org\\\/it\\\/les-selihot-dans-le-rite-algerien\\\/#primaryimage\"},\"image\":{\"@id\":\"https:\\\/\\\/www.iemj.org\\\/it\\\/les-selihot-dans-le-rite-algerien\\\/#primaryimage\"},\"thumbnailUrl\":\"https:\\\/\\\/www.iemj.org\\\/wp-content\\\/uploads\\\/2020\\\/09\\\/arton4840.jpg\",\"datePublished\":\"2020-09-23T10:38:33+00:00\",\"dateModified\":\"2024-02-16T16:05:41+00:00\",\"breadcrumb\":{\"@id\":\"https:\\\/\\\/www.iemj.org\\\/it\\\/les-selihot-dans-le-rite-algerien\\\/#breadcrumb\"},\"inLanguage\":\"it-IT\",\"potentialAction\":[{\"@type\":\"ReadAction\",\"target\":[\"https:\\\/\\\/www.iemj.org\\\/it\\\/les-selihot-dans-le-rite-algerien\\\/\"]}]},{\"@type\":\"ImageObject\",\"inLanguage\":\"it-IT\",\"@id\":\"https:\\\/\\\/www.iemj.org\\\/it\\\/les-selihot-dans-le-rite-algerien\\\/#primaryimage\",\"url\":\"https:\\\/\\\/www.iemj.org\\\/wp-content\\\/uploads\\\/2020\\\/09\\\/arton4840.jpg\",\"contentUrl\":\"https:\\\/\\\/www.iemj.org\\\/wp-content\\\/uploads\\\/2020\\\/09\\\/arton4840.jpg\",\"width\":336,\"height\":336},{\"@type\":\"BreadcrumbList\",\"@id\":\"https:\\\/\\\/www.iemj.org\\\/it\\\/les-selihot-dans-le-rite-algerien\\\/#breadcrumb\",\"itemListElement\":[{\"@type\":\"ListItem\",\"position\":1,\"name\":\"Accueil\",\"item\":\"https:\\\/\\\/www.iemj.org\\\/it\\\/\"},{\"@type\":\"ListItem\",\"position\":2,\"name\":\"Le selihot nel rito algerino\"}]},{\"@type\":\"WebSite\",\"@id\":\"https:\\\/\\\/www.iemj.org\\\/it\\\/#website\",\"url\":\"https:\\\/\\\/www.iemj.org\\\/it\\\/\",\"name\":\"Institut Europ\u00e9en des Musiques Juives\",\"description\":\"Des traditions musicales \u00e0 la port\u00e9e de tous\",\"publisher\":{\"@id\":\"https:\\\/\\\/www.iemj.org\\\/it\\\/#organization\"},\"potentialAction\":[{\"@type\":\"SearchAction\",\"target\":{\"@type\":\"EntryPoint\",\"urlTemplate\":\"https:\\\/\\\/www.iemj.org\\\/it\\\/?s={search_term_string}\"},\"query-input\":{\"@type\":\"PropertyValueSpecification\",\"valueRequired\":true,\"valueName\":\"search_term_string\"}}],\"inLanguage\":\"it-IT\"},{\"@type\":\"Organization\",\"@id\":\"https:\\\/\\\/www.iemj.org\\\/it\\\/#organization\",\"name\":\"Institut Europ\u00e9en des Musiques Juives\",\"url\":\"https:\\\/\\\/www.iemj.org\\\/it\\\/\",\"logo\":{\"@type\":\"ImageObject\",\"inLanguage\":\"it-IT\",\"@id\":\"https:\\\/\\\/www.iemj.org\\\/it\\\/#\\\/schema\\\/logo\\\/image\\\/\",\"url\":\"https:\\\/\\\/www.iemj.org\\\/wp-content\\\/uploads\\\/2021\\\/09\\\/Logo-IEMJ-Paypal.jpg\",\"contentUrl\":\"https:\\\/\\\/www.iemj.org\\\/wp-content\\\/uploads\\\/2021\\\/09\\\/Logo-IEMJ-Paypal.jpg\",\"width\":150,\"height\":50,\"caption\":\"Institut Europ\u00e9en des Musiques Juives\"},\"image\":{\"@id\":\"https:\\\/\\\/www.iemj.org\\\/it\\\/#\\\/schema\\\/logo\\\/image\\\/\"},\"sameAs\":[\"https:\\\/\\\/www.facebook.com\\\/MusiquesJuives\\\/\",\"https:\\\/\\\/www.instagram.com\\\/musiquesjuives\\\/\",\"https:\\\/\\\/www.youtube.com\\\/user\\\/musiquesjuives\"]},{\"@type\":\"Person\",\"@id\":\"https:\\\/\\\/www.iemj.org\\\/it\\\/#\\\/schema\\\/person\\\/906134402c29d5c76e7b726261dd4bbd\",\"name\":\"Herv\u00e9 Roten\",\"image\":{\"@type\":\"ImageObject\",\"inLanguage\":\"it-IT\",\"@id\":\"https:\\\/\\\/secure.gravatar.com\\\/avatar\\\/f96ad2db538a26481f18384936b5cd0610c92d390c4dc382209216d455f685ff?s=96&d=mm&r=g\",\"url\":\"https:\\\/\\\/secure.gravatar.com\\\/avatar\\\/f96ad2db538a26481f18384936b5cd0610c92d390c4dc382209216d455f685ff?s=96&d=mm&r=g\",\"contentUrl\":\"https:\\\/\\\/secure.gravatar.com\\\/avatar\\\/f96ad2db538a26481f18384936b5cd0610c92d390c4dc382209216d455f685ff?s=96&d=mm&r=g\",\"caption\":\"Herv\u00e9 Roten\"}}]}<\/script>\n<!-- \/ Yoast SEO plugin. -->","yoast_head_json":{"title":"Le selihot nel rito algerino - Institut Europ\u00e9en des Musiques Juives","robots":{"index":"index","follow":"follow","max-snippet":"max-snippet:-1","max-image-preview":"max-image-preview:large","max-video-preview":"max-video-preview:-1"},"canonical":"https:\/\/www.iemj.org\/it\/les-selihot-dans-le-rite-algerien\/","og_locale":"it_IT","og_type":"article","og_title":"Le selihot nel rito algerino - Institut Europ\u00e9en des Musiques Juives","og_description":"Una selezione di selihot eseguite da Israel Dadoun, Abraham Dahan, Philippe Darmon, Amir Eliahou, Georges E. Haik, Haim Harboun e Andr\u00e9 Ta\u00efeb","og_url":"https:\/\/www.iemj.org\/it\/les-selihot-dans-le-rite-algerien\/","og_site_name":"Institut Europ\u00e9en des Musiques Juives","article_publisher":"https:\/\/www.facebook.com\/MusiquesJuives\/","article_published_time":"2020-09-23T10:38:33+00:00","article_modified_time":"2024-02-16T16:05:41+00:00","og_image":[{"width":336,"height":336,"url":"https:\/\/www.iemj.org\/wp-content\/uploads\/2020\/09\/arton4840.jpg","type":"image\/jpeg"}],"author":"Herv\u00e9 Roten","twitter_card":"summary_large_image","twitter_misc":{"Scritto da":"Herv\u00e9 Roten","Tempo di lettura stimato":"3 minuti"},"schema":{"@context":"https:\/\/schema.org","@graph":[{"@type":"Article","@id":"https:\/\/www.iemj.org\/it\/les-selihot-dans-le-rite-algerien\/#article","isPartOf":{"@id":"https:\/\/www.iemj.org\/it\/les-selihot-dans-le-rite-algerien\/"},"author":{"name":"Herv\u00e9 Roten","@id":"https:\/\/www.iemj.org\/it\/#\/schema\/person\/906134402c29d5c76e7b726261dd4bbd"},"headline":"Le selihot nel rito algerino","datePublished":"2020-09-23T10:38:33+00:00","dateModified":"2024-02-16T16:05:41+00:00","mainEntityOfPage":{"@id":"https:\/\/www.iemj.org\/it\/les-selihot-dans-le-rite-algerien\/"},"wordCount":368,"publisher":{"@id":"https:\/\/www.iemj.org\/it\/#organization"},"image":{"@id":"https:\/\/www.iemj.org\/it\/les-selihot-dans-le-rite-algerien\/#primaryimage"},"thumbnailUrl":"https:\/\/www.iemj.org\/wp-content\/uploads\/2020\/09\/arton4840.jpg","articleSection":["Playlist"],"inLanguage":"it-IT"},{"@type":"WebPage","@id":"https:\/\/www.iemj.org\/it\/les-selihot-dans-le-rite-algerien\/","url":"https:\/\/www.iemj.org\/it\/les-selihot-dans-le-rite-algerien\/","name":"Le selihot nel rito algerino - Institut Europ\u00e9en des Musiques Juives","isPartOf":{"@id":"https:\/\/www.iemj.org\/it\/#website"},"primaryImageOfPage":{"@id":"https:\/\/www.iemj.org\/it\/les-selihot-dans-le-rite-algerien\/#primaryimage"},"image":{"@id":"https:\/\/www.iemj.org\/it\/les-selihot-dans-le-rite-algerien\/#primaryimage"},"thumbnailUrl":"https:\/\/www.iemj.org\/wp-content\/uploads\/2020\/09\/arton4840.jpg","datePublished":"2020-09-23T10:38:33+00:00","dateModified":"2024-02-16T16:05:41+00:00","breadcrumb":{"@id":"https:\/\/www.iemj.org\/it\/les-selihot-dans-le-rite-algerien\/#breadcrumb"},"inLanguage":"it-IT","potentialAction":[{"@type":"ReadAction","target":["https:\/\/www.iemj.org\/it\/les-selihot-dans-le-rite-algerien\/"]}]},{"@type":"ImageObject","inLanguage":"it-IT","@id":"https:\/\/www.iemj.org\/it\/les-selihot-dans-le-rite-algerien\/#primaryimage","url":"https:\/\/www.iemj.org\/wp-content\/uploads\/2020\/09\/arton4840.jpg","contentUrl":"https:\/\/www.iemj.org\/wp-content\/uploads\/2020\/09\/arton4840.jpg","width":336,"height":336},{"@type":"BreadcrumbList","@id":"https:\/\/www.iemj.org\/it\/les-selihot-dans-le-rite-algerien\/#breadcrumb","itemListElement":[{"@type":"ListItem","position":1,"name":"Accueil","item":"https:\/\/www.iemj.org\/it\/"},{"@type":"ListItem","position":2,"name":"Le selihot nel rito algerino"}]},{"@type":"WebSite","@id":"https:\/\/www.iemj.org\/it\/#website","url":"https:\/\/www.iemj.org\/it\/","name":"Institut Europ\u00e9en des Musiques Juives","description":"Des traditions musicales \u00e0 la port\u00e9e de tous","publisher":{"@id":"https:\/\/www.iemj.org\/it\/#organization"},"potentialAction":[{"@type":"SearchAction","target":{"@type":"EntryPoint","urlTemplate":"https:\/\/www.iemj.org\/it\/?s={search_term_string}"},"query-input":{"@type":"PropertyValueSpecification","valueRequired":true,"valueName":"search_term_string"}}],"inLanguage":"it-IT"},{"@type":"Organization","@id":"https:\/\/www.iemj.org\/it\/#organization","name":"Institut Europ\u00e9en des Musiques Juives","url":"https:\/\/www.iemj.org\/it\/","logo":{"@type":"ImageObject","inLanguage":"it-IT","@id":"https:\/\/www.iemj.org\/it\/#\/schema\/logo\/image\/","url":"https:\/\/www.iemj.org\/wp-content\/uploads\/2021\/09\/Logo-IEMJ-Paypal.jpg","contentUrl":"https:\/\/www.iemj.org\/wp-content\/uploads\/2021\/09\/Logo-IEMJ-Paypal.jpg","width":150,"height":50,"caption":"Institut Europ\u00e9en des Musiques Juives"},"image":{"@id":"https:\/\/www.iemj.org\/it\/#\/schema\/logo\/image\/"},"sameAs":["https:\/\/www.facebook.com\/MusiquesJuives\/","https:\/\/www.instagram.com\/musiquesjuives\/","https:\/\/www.youtube.com\/user\/musiquesjuives"]},{"@type":"Person","@id":"https:\/\/www.iemj.org\/it\/#\/schema\/person\/906134402c29d5c76e7b726261dd4bbd","name":"Herv\u00e9 Roten","image":{"@type":"ImageObject","inLanguage":"it-IT","@id":"https:\/\/secure.gravatar.com\/avatar\/f96ad2db538a26481f18384936b5cd0610c92d390c4dc382209216d455f685ff?s=96&d=mm&r=g","url":"https:\/\/secure.gravatar.com\/avatar\/f96ad2db538a26481f18384936b5cd0610c92d390c4dc382209216d455f685ff?s=96&d=mm&r=g","contentUrl":"https:\/\/secure.gravatar.com\/avatar\/f96ad2db538a26481f18384936b5cd0610c92d390c4dc382209216d455f685ff?s=96&d=mm&r=g","caption":"Herv\u00e9 Roten"}}]}},"_links":{"self":[{"href":"https:\/\/www.iemj.org\/it\/wp-json\/wp\/v2\/posts\/42517","targetHints":{"allow":["GET"]}}],"collection":[{"href":"https:\/\/www.iemj.org\/it\/wp-json\/wp\/v2\/posts"}],"about":[{"href":"https:\/\/www.iemj.org\/it\/wp-json\/wp\/v2\/types\/post"}],"author":[{"embeddable":true,"href":"https:\/\/www.iemj.org\/it\/wp-json\/wp\/v2\/users\/1045"}],"replies":[{"embeddable":true,"href":"https:\/\/www.iemj.org\/it\/wp-json\/wp\/v2\/comments?post=42517"}],"version-history":[{"count":0,"href":"https:\/\/www.iemj.org\/it\/wp-json\/wp\/v2\/posts\/42517\/revisions"}],"wp:featuredmedia":[{"embeddable":true,"href":"https:\/\/www.iemj.org\/it\/wp-json\/wp\/v2\/media\/42518"}],"wp:attachment":[{"href":"https:\/\/www.iemj.org\/it\/wp-json\/wp\/v2\/media?parent=42517"}],"wp:term":[{"taxonomy":"category","embeddable":true,"href":"https:\/\/www.iemj.org\/it\/wp-json\/wp\/v2\/categories?post=42517"},{"taxonomy":"post_tag","embeddable":true,"href":"https:\/\/www.iemj.org\/it\/wp-json\/wp\/v2\/tags?post=42517"},{"taxonomy":"technique","embeddable":true,"href":"https:\/\/www.iemj.org\/it\/wp-json\/wp\/v2\/technique?post=42517"},{"taxonomy":"squelettes","embeddable":true,"href":"https:\/\/www.iemj.org\/it\/wp-json\/wp\/v2\/squelettes?post=42517"},{"taxonomy":"sujet","embeddable":true,"href":"https:\/\/www.iemj.org\/it\/wp-json\/wp\/v2\/sujet?post=42517"},{"taxonomy":"formation","embeddable":true,"href":"https:\/\/www.iemj.org\/it\/wp-json\/wp\/v2\/formation?post=42517"},{"taxonomy":"genre","embeddable":true,"href":"https:\/\/www.iemj.org\/it\/wp-json\/wp\/v2\/genre?post=42517"},{"taxonomy":"fonds","embeddable":true,"href":"https:\/\/www.iemj.org\/it\/wp-json\/wp\/v2\/fonds?post=42517"},{"taxonomy":"tradition","embeddable":true,"href":"https:\/\/www.iemj.org\/it\/wp-json\/wp\/v2\/tradition?post=42517"},{"taxonomy":"type-de-contenu","embeddable":true,"href":"https:\/\/www.iemj.org\/it\/wp-json\/wp\/v2\/type-de-contenu?post=42517"},{"taxonomy":"interprete-compositeur","embeddable":true,"href":"https:\/\/www.iemj.org\/it\/wp-json\/wp\/v2\/interprete-compositeur?post=42517"},{"taxonomy":"frise","embeddable":true,"href":"https:\/\/www.iemj.org\/it\/wp-json\/wp\/v2\/frise?post=42517"},{"taxonomy":"type-devenement","embeddable":true,"href":"https:\/\/www.iemj.org\/it\/wp-json\/wp\/v2\/type-devenement?post=42517"},{"taxonomy":"tableaux-liens-externes","embeddable":true,"href":"https:\/\/www.iemj.org\/it\/wp-json\/wp\/v2\/tableaux-liens-externes?post=42517"}],"curies":[{"name":"wp","href":"https:\/\/api.w.org\/{rel}","templated":true}]}}