{"id":42645,"date":"2020-09-17T12:11:28","date_gmt":"2020-09-17T10:11:28","guid":{"rendered":"https:\/\/www.iemj.org\/les-selihot-dans-le-rite-tunisien\/"},"modified":"2024-02-16T17:20:05","modified_gmt":"2024-02-16T16:20:05","slug":"les-selihot-dans-le-rite-tunisien","status":"publish","type":"post","link":"https:\/\/www.iemj.org\/it\/les-selihot-dans-le-rite-tunisien\/","title":{"rendered":"Le selihot nel rito tunisino"},"content":{"rendered":"<p><strong>Una selezione di <em>selihot<\/em> eseguite da Raphael Ebgui, Avishay Levi, Arie Ovadia, Yaniv Ben Mashiah e Doudou Derhy<\/strong><\/p>\n<p><!--more--><\/p>\n<p>Le <em>selihot<\/em> sono preghiere di pentimento durante le quali il fedele implora il perdono di Dio per i peccati commessi. Questa usanza si basa sui <a href=\"https:\/\/en.wikipedia.org\/wiki\/Thirteen_Attributes_of_Mercy\" target=\"_blank\" rel=\"noopener\">tredici attributi della misericordia<\/a> che, secondo la tradizione, sarebbero stati trasmessi da Dio a Mos\u00e8 (Esodo 34, 6-7).<\/p>\n<p>In origine, le <em>seliho<\/em>t venivano lette durante Yom Kippur ed i digiuni. Questa usanza si estese in seguito ai 10 giorni (<em>yamim nora\u00efm<\/em>) tra Rosh Hashanah e Kippur. Le comunit\u00e0 Ashkenazi e Hassidiche recitano le <em>selihot<\/em> dal sabato sera che precede (di almeno quattro giorni) la festa di Rosh Hashanah. Le comunit\u00e0 sefardite le leggono all&#8217;alba prima delle preghiere mattutine per quaranta giorni, a partire dal 1 \u00b0 Elul.<\/p>\n<p>La seguente playlist presenta una selezione di <em>selihot<\/em> nelle diverse varianti del rito tunisino. \u00c8 a Tunisi ed a Djerba che si trovano ancora oggi le pi\u00f9 importanti comunit\u00e0 ebraiche, comunit\u00e0, alle quali sono associati i nomi dei <em>paytanim<\/em> (autori di poesie religiose) e cantanti, come <a href=\"https:\/\/www.youtube.com\/playlist?list=OLAK5uy_kRXX5PhID6Va3kjOqkr8qiGb5cLaT0LHU\">Yaakov Bchiri<\/a> o <a href=\"https:\/\/www.iemj.org\/it\/raoul-journo\/\" target=\"_blank\" rel=\"noopener\">Raoul Journo<\/a>.<\/p>\n<p>Si noti che il rito di Tunisi \u00e8 stato influenzato dalla tradizione di Orano, che a sua volta ha le sue radici nel giudaismo spagnolo della fine del XV secolo e italiano del XVIII secolo (i Granas di Livorno). Il rito di Djerbia, invece, \u00e8 stato influenzato dalle influenze libiche ed egiziane.<\/p>\n<ul>\n<li><a href=\"https:\/\/www.iemj.org\/it\/les-selihot-%d7%a1%d7%9c%d7%99%d7%97%d7%95%d7%aa\/\" target=\"_blank\" rel=\"noopener\">Leggere l\u2019articolo di fondo sulle selihot<\/a><\/li>\n<li><a href=\"https:\/\/www.iemj.org\/it\/chants-des-juifs-de-tunisie\/\" target=\"_blank\" rel=\"noopener\">Ascoltate la playlist Canti degli ebrei di Tunisia 1<\/a><\/li>\n<li><a href=\"https:\/\/www.iemj.org\/it\/chants-des-juifs-de-tunisie-2\/\" target=\"_blank\" rel=\"noopener\">Ascoltate la playlist Canti degli ebrei di Tunisia 2<\/a><\/li>\n<\/ul>\n\n\n<figure class=\"wp-block-image size-large\"><img fetchpriority=\"high\" decoding=\"async\" width=\"1024\" height=\"146\" src=\"https:\/\/www.iemj.org\/wp-content\/uploads\/2023\/01\/Bandeau-Playlist_IT2-1024x146.jpg\" alt=\"\" class=\"wp-image-93106\" srcset=\"https:\/\/www.iemj.org\/wp-content\/uploads\/2023\/01\/Bandeau-Playlist_IT2-1024x146.jpg 1024w, https:\/\/www.iemj.org\/wp-content\/uploads\/2023\/01\/Bandeau-Playlist_IT2-300x43.jpg 300w, https:\/\/www.iemj.org\/wp-content\/uploads\/2023\/01\/Bandeau-Playlist_IT2-768x110.jpg 768w, https:\/\/www.iemj.org\/wp-content\/uploads\/2023\/01\/Bandeau-Playlist_IT2-1536x220.jpg 1536w, https:\/\/www.iemj.org\/wp-content\/uploads\/2023\/01\/Bandeau-Playlist_IT2-600x86.jpg 600w, https:\/\/www.iemj.org\/wp-content\/uploads\/2023\/01\/Bandeau-Playlist_IT2.jpg 1608w\" sizes=\"(max-width: 1024px) 100vw, 1024px\" \/><\/figure>\n\n\n\n<div class=\"wp-block-file\"><a id=\"wp-block-file--media-b59e2c00-5dd8-4a5a-ba5a-f399acb02b7a\" href=\"https:\/\/www.iemj.org\/wp-content\/uploads\/2020\/09\/01_adone_haselihot_-_rabbin_rapha_l_ebgui_d33-30_1967_06_.mp3\">Adon Haselihot &#8211; Rabbin Rapha\u00ebl Ebgui (Rite de Tunis)<\/a><\/div>\n\n\n\n<div class=\"wp-block-file\"><a id=\"wp-block-file--media-95b277ca-9ed5-4503-b62b-1cf9c22e6769\" href=\"https:\/\/www.iemj.org\/wp-content\/uploads\/2020\/09\/02_hon_tahon_-_avishay_levi_cd_875_04_.mp3\">Hon Tahon &#8211; Avishay Levi<\/a><\/div>\n\n\n\n<div class=\"wp-block-file\"><a id=\"wp-block-file--media-a7e5fa1f-5ad2-445c-8686-3bf90110a00f\" href=\"https:\/\/www.iemj.org\/wp-content\/uploads\/2020\/09\/03_mi_el_kamoha_-_arie_ovadia_d33-30_1536_09_.mp3\">Mi el kamoha &#8211; Arie Ovadia<\/a><\/div>\n\n\n\n<div class=\"wp-block-file\"><a id=\"wp-block-file--media-6354bf28-38d8-4b7d-8b25-7b3aebc43e7b\" href=\"https:\/\/www.iemj.org\/wp-content\/uploads\/2020\/09\/04_eshel_eleha_hashem_-_itsik_et_avichay.mp3\">Eshel eleha Hashem &#8211; Itsik Et Avichay (Rite de Gab\u00e8s)<\/a><\/div>\n\n\n\n<div class=\"wp-block-file\"><a id=\"wp-block-file--media-641daa1e-3267-4f80-8a15-d2cd3e5ae137\" href=\"https:\/\/www.iemj.org\/wp-content\/uploads\/2020\/09\/05_kamti_beashmoret_-_yaniv_ben_mashiah_rite_de_djerba_.mp3\">Kamti Beashmoret &#8211; Yaniv Ben Mashiah (Rite de Djerba)<\/a><\/div>\n\n\n\n<div class=\"wp-block-file\"><a id=\"wp-block-file--media-1cd5bd8e-7bbb-4ba2-b783-64cafc902686\" href=\"https:\/\/www.iemj.org\/wp-content\/uploads\/2020\/09\/06_bezohri_al_michkavi_-_doudou_derhy.mp3\">Bezohri Al Michkavi &#8211; Doudou Derhy<\/a><\/div>\n","protected":false},"excerpt":{"rendered":"<p>Una selezione di selihot eseguite da Raphael Ebgui, Avishay Levi, Arie Ovadia, Yaniv Ben Mashiah e Doudou Derhy<\/p>\n","protected":false},"author":1045,"featured_media":42646,"comment_status":"closed","ping_status":"closed","sticky":false,"template":"","format":"standard","meta":{"_acf_changed":false,"footnotes":""},"categories":[1536],"tags":[],"technique":[],"squelettes":[],"sujet":[],"formation":[],"genre":[1892],"fonds":[],"tradition":[1963],"type-de-contenu":[],"interprete-compositeur":[],"frise":[],"type-devenement":[],"tableaux-liens-externes":[],"class_list":["post-42645","post","type-post","status-publish","format-standard","has-post-thumbnail","hentry","category-playlist-it","genre-liturgia-it","tradition-rito-tunisino-it"],"acf":[],"yoast_head":"<!-- This site is optimized with the Yoast SEO plugin v27.3 - https:\/\/yoast.com\/product\/yoast-seo-wordpress\/ -->\n<title>Le selihot nel rito tunisino - Institut Europ\u00e9en des Musiques Juives<\/title>\n<meta name=\"robots\" content=\"index, follow, max-snippet:-1, max-image-preview:large, max-video-preview:-1\" \/>\n<link rel=\"canonical\" href=\"https:\/\/www.iemj.org\/it\/les-selihot-dans-le-rite-tunisien\/\" \/>\n<meta property=\"og:locale\" content=\"it_IT\" \/>\n<meta property=\"og:type\" content=\"article\" \/>\n<meta property=\"og:title\" content=\"Le selihot nel rito tunisino - Institut Europ\u00e9en des Musiques Juives\" \/>\n<meta property=\"og:description\" content=\"Una selezione di selihot eseguite da Raphael Ebgui, Avishay Levi, Arie Ovadia, Yaniv Ben Mashiah e Doudou Derhy\" \/>\n<meta property=\"og:url\" content=\"https:\/\/www.iemj.org\/it\/les-selihot-dans-le-rite-tunisien\/\" \/>\n<meta property=\"og:site_name\" content=\"Institut Europ\u00e9en des Musiques Juives\" \/>\n<meta property=\"article:publisher\" content=\"https:\/\/www.facebook.com\/MusiquesJuives\/\" \/>\n<meta property=\"article:published_time\" content=\"2020-09-17T10:11:28+00:00\" \/>\n<meta property=\"article:modified_time\" content=\"2024-02-16T16:20:05+00:00\" \/>\n<meta property=\"og:image\" content=\"https:\/\/www.iemj.org\/wp-content\/uploads\/2020\/09\/arton4834.jpg\" \/>\n\t<meta property=\"og:image:width\" content=\"336\" \/>\n\t<meta property=\"og:image:height\" content=\"336\" \/>\n\t<meta property=\"og:image:type\" content=\"image\/jpeg\" \/>\n<meta name=\"author\" content=\"Herv\u00e9 Roten\" \/>\n<meta name=\"twitter:card\" content=\"summary_large_image\" \/>\n<meta name=\"twitter:label1\" content=\"Scritto da\" \/>\n\t<meta name=\"twitter:data1\" content=\"Herv\u00e9 Roten\" \/>\n\t<meta name=\"twitter:label2\" content=\"Tempo di lettura stimato\" \/>\n\t<meta name=\"twitter:data2\" content=\"2 minuti\" \/>\n<script type=\"application\/ld+json\" class=\"yoast-schema-graph\">{\"@context\":\"https:\\\/\\\/schema.org\",\"@graph\":[{\"@type\":\"Article\",\"@id\":\"https:\\\/\\\/www.iemj.org\\\/it\\\/les-selihot-dans-le-rite-tunisien\\\/#article\",\"isPartOf\":{\"@id\":\"https:\\\/\\\/www.iemj.org\\\/it\\\/les-selihot-dans-le-rite-tunisien\\\/\"},\"author\":{\"name\":\"Herv\u00e9 Roten\",\"@id\":\"https:\\\/\\\/www.iemj.org\\\/it\\\/#\\\/schema\\\/person\\\/906134402c29d5c76e7b726261dd4bbd\"},\"headline\":\"Le selihot nel rito tunisino\",\"datePublished\":\"2020-09-17T10:11:28+00:00\",\"dateModified\":\"2024-02-16T16:20:05+00:00\",\"mainEntityOfPage\":{\"@id\":\"https:\\\/\\\/www.iemj.org\\\/it\\\/les-selihot-dans-le-rite-tunisien\\\/\"},\"wordCount\":303,\"publisher\":{\"@id\":\"https:\\\/\\\/www.iemj.org\\\/it\\\/#organization\"},\"image\":{\"@id\":\"https:\\\/\\\/www.iemj.org\\\/it\\\/les-selihot-dans-le-rite-tunisien\\\/#primaryimage\"},\"thumbnailUrl\":\"https:\\\/\\\/www.iemj.org\\\/wp-content\\\/uploads\\\/2020\\\/09\\\/arton4834.jpg\",\"articleSection\":[\"Playlist\"],\"inLanguage\":\"it-IT\"},{\"@type\":\"WebPage\",\"@id\":\"https:\\\/\\\/www.iemj.org\\\/it\\\/les-selihot-dans-le-rite-tunisien\\\/\",\"url\":\"https:\\\/\\\/www.iemj.org\\\/it\\\/les-selihot-dans-le-rite-tunisien\\\/\",\"name\":\"Le selihot nel rito tunisino - Institut Europ\u00e9en des Musiques Juives\",\"isPartOf\":{\"@id\":\"https:\\\/\\\/www.iemj.org\\\/it\\\/#website\"},\"primaryImageOfPage\":{\"@id\":\"https:\\\/\\\/www.iemj.org\\\/it\\\/les-selihot-dans-le-rite-tunisien\\\/#primaryimage\"},\"image\":{\"@id\":\"https:\\\/\\\/www.iemj.org\\\/it\\\/les-selihot-dans-le-rite-tunisien\\\/#primaryimage\"},\"thumbnailUrl\":\"https:\\\/\\\/www.iemj.org\\\/wp-content\\\/uploads\\\/2020\\\/09\\\/arton4834.jpg\",\"datePublished\":\"2020-09-17T10:11:28+00:00\",\"dateModified\":\"2024-02-16T16:20:05+00:00\",\"breadcrumb\":{\"@id\":\"https:\\\/\\\/www.iemj.org\\\/it\\\/les-selihot-dans-le-rite-tunisien\\\/#breadcrumb\"},\"inLanguage\":\"it-IT\",\"potentialAction\":[{\"@type\":\"ReadAction\",\"target\":[\"https:\\\/\\\/www.iemj.org\\\/it\\\/les-selihot-dans-le-rite-tunisien\\\/\"]}]},{\"@type\":\"ImageObject\",\"inLanguage\":\"it-IT\",\"@id\":\"https:\\\/\\\/www.iemj.org\\\/it\\\/les-selihot-dans-le-rite-tunisien\\\/#primaryimage\",\"url\":\"https:\\\/\\\/www.iemj.org\\\/wp-content\\\/uploads\\\/2020\\\/09\\\/arton4834.jpg\",\"contentUrl\":\"https:\\\/\\\/www.iemj.org\\\/wp-content\\\/uploads\\\/2020\\\/09\\\/arton4834.jpg\",\"width\":336,\"height\":336},{\"@type\":\"BreadcrumbList\",\"@id\":\"https:\\\/\\\/www.iemj.org\\\/it\\\/les-selihot-dans-le-rite-tunisien\\\/#breadcrumb\",\"itemListElement\":[{\"@type\":\"ListItem\",\"position\":1,\"name\":\"Accueil\",\"item\":\"https:\\\/\\\/www.iemj.org\\\/it\\\/\"},{\"@type\":\"ListItem\",\"position\":2,\"name\":\"Le selihot nel rito tunisino\"}]},{\"@type\":\"WebSite\",\"@id\":\"https:\\\/\\\/www.iemj.org\\\/it\\\/#website\",\"url\":\"https:\\\/\\\/www.iemj.org\\\/it\\\/\",\"name\":\"Institut Europ\u00e9en des Musiques Juives\",\"description\":\"Des traditions musicales \u00e0 la port\u00e9e de tous\",\"publisher\":{\"@id\":\"https:\\\/\\\/www.iemj.org\\\/it\\\/#organization\"},\"potentialAction\":[{\"@type\":\"SearchAction\",\"target\":{\"@type\":\"EntryPoint\",\"urlTemplate\":\"https:\\\/\\\/www.iemj.org\\\/it\\\/?s={search_term_string}\"},\"query-input\":{\"@type\":\"PropertyValueSpecification\",\"valueRequired\":true,\"valueName\":\"search_term_string\"}}],\"inLanguage\":\"it-IT\"},{\"@type\":\"Organization\",\"@id\":\"https:\\\/\\\/www.iemj.org\\\/it\\\/#organization\",\"name\":\"Institut Europ\u00e9en des Musiques Juives\",\"url\":\"https:\\\/\\\/www.iemj.org\\\/it\\\/\",\"logo\":{\"@type\":\"ImageObject\",\"inLanguage\":\"it-IT\",\"@id\":\"https:\\\/\\\/www.iemj.org\\\/it\\\/#\\\/schema\\\/logo\\\/image\\\/\",\"url\":\"https:\\\/\\\/www.iemj.org\\\/wp-content\\\/uploads\\\/2021\\\/09\\\/Logo-IEMJ-Paypal.jpg\",\"contentUrl\":\"https:\\\/\\\/www.iemj.org\\\/wp-content\\\/uploads\\\/2021\\\/09\\\/Logo-IEMJ-Paypal.jpg\",\"width\":150,\"height\":50,\"caption\":\"Institut Europ\u00e9en des Musiques Juives\"},\"image\":{\"@id\":\"https:\\\/\\\/www.iemj.org\\\/it\\\/#\\\/schema\\\/logo\\\/image\\\/\"},\"sameAs\":[\"https:\\\/\\\/www.facebook.com\\\/MusiquesJuives\\\/\",\"https:\\\/\\\/www.instagram.com\\\/musiquesjuives\\\/\",\"https:\\\/\\\/www.youtube.com\\\/user\\\/musiquesjuives\"]},{\"@type\":\"Person\",\"@id\":\"https:\\\/\\\/www.iemj.org\\\/it\\\/#\\\/schema\\\/person\\\/906134402c29d5c76e7b726261dd4bbd\",\"name\":\"Herv\u00e9 Roten\",\"image\":{\"@type\":\"ImageObject\",\"inLanguage\":\"it-IT\",\"@id\":\"https:\\\/\\\/secure.gravatar.com\\\/avatar\\\/f96ad2db538a26481f18384936b5cd0610c92d390c4dc382209216d455f685ff?s=96&d=mm&r=g\",\"url\":\"https:\\\/\\\/secure.gravatar.com\\\/avatar\\\/f96ad2db538a26481f18384936b5cd0610c92d390c4dc382209216d455f685ff?s=96&d=mm&r=g\",\"contentUrl\":\"https:\\\/\\\/secure.gravatar.com\\\/avatar\\\/f96ad2db538a26481f18384936b5cd0610c92d390c4dc382209216d455f685ff?s=96&d=mm&r=g\",\"caption\":\"Herv\u00e9 Roten\"}}]}<\/script>\n<!-- \/ Yoast SEO plugin. -->","yoast_head_json":{"title":"Le selihot nel rito tunisino - Institut Europ\u00e9en des Musiques Juives","robots":{"index":"index","follow":"follow","max-snippet":"max-snippet:-1","max-image-preview":"max-image-preview:large","max-video-preview":"max-video-preview:-1"},"canonical":"https:\/\/www.iemj.org\/it\/les-selihot-dans-le-rite-tunisien\/","og_locale":"it_IT","og_type":"article","og_title":"Le selihot nel rito tunisino - Institut Europ\u00e9en des Musiques Juives","og_description":"Una selezione di selihot eseguite da Raphael Ebgui, Avishay Levi, Arie Ovadia, Yaniv Ben Mashiah e Doudou Derhy","og_url":"https:\/\/www.iemj.org\/it\/les-selihot-dans-le-rite-tunisien\/","og_site_name":"Institut Europ\u00e9en des Musiques Juives","article_publisher":"https:\/\/www.facebook.com\/MusiquesJuives\/","article_published_time":"2020-09-17T10:11:28+00:00","article_modified_time":"2024-02-16T16:20:05+00:00","og_image":[{"width":336,"height":336,"url":"https:\/\/www.iemj.org\/wp-content\/uploads\/2020\/09\/arton4834.jpg","type":"image\/jpeg"}],"author":"Herv\u00e9 Roten","twitter_card":"summary_large_image","twitter_misc":{"Scritto da":"Herv\u00e9 Roten","Tempo di lettura stimato":"2 minuti"},"schema":{"@context":"https:\/\/schema.org","@graph":[{"@type":"Article","@id":"https:\/\/www.iemj.org\/it\/les-selihot-dans-le-rite-tunisien\/#article","isPartOf":{"@id":"https:\/\/www.iemj.org\/it\/les-selihot-dans-le-rite-tunisien\/"},"author":{"name":"Herv\u00e9 Roten","@id":"https:\/\/www.iemj.org\/it\/#\/schema\/person\/906134402c29d5c76e7b726261dd4bbd"},"headline":"Le selihot nel rito tunisino","datePublished":"2020-09-17T10:11:28+00:00","dateModified":"2024-02-16T16:20:05+00:00","mainEntityOfPage":{"@id":"https:\/\/www.iemj.org\/it\/les-selihot-dans-le-rite-tunisien\/"},"wordCount":303,"publisher":{"@id":"https:\/\/www.iemj.org\/it\/#organization"},"image":{"@id":"https:\/\/www.iemj.org\/it\/les-selihot-dans-le-rite-tunisien\/#primaryimage"},"thumbnailUrl":"https:\/\/www.iemj.org\/wp-content\/uploads\/2020\/09\/arton4834.jpg","articleSection":["Playlist"],"inLanguage":"it-IT"},{"@type":"WebPage","@id":"https:\/\/www.iemj.org\/it\/les-selihot-dans-le-rite-tunisien\/","url":"https:\/\/www.iemj.org\/it\/les-selihot-dans-le-rite-tunisien\/","name":"Le selihot nel rito tunisino - Institut Europ\u00e9en des Musiques Juives","isPartOf":{"@id":"https:\/\/www.iemj.org\/it\/#website"},"primaryImageOfPage":{"@id":"https:\/\/www.iemj.org\/it\/les-selihot-dans-le-rite-tunisien\/#primaryimage"},"image":{"@id":"https:\/\/www.iemj.org\/it\/les-selihot-dans-le-rite-tunisien\/#primaryimage"},"thumbnailUrl":"https:\/\/www.iemj.org\/wp-content\/uploads\/2020\/09\/arton4834.jpg","datePublished":"2020-09-17T10:11:28+00:00","dateModified":"2024-02-16T16:20:05+00:00","breadcrumb":{"@id":"https:\/\/www.iemj.org\/it\/les-selihot-dans-le-rite-tunisien\/#breadcrumb"},"inLanguage":"it-IT","potentialAction":[{"@type":"ReadAction","target":["https:\/\/www.iemj.org\/it\/les-selihot-dans-le-rite-tunisien\/"]}]},{"@type":"ImageObject","inLanguage":"it-IT","@id":"https:\/\/www.iemj.org\/it\/les-selihot-dans-le-rite-tunisien\/#primaryimage","url":"https:\/\/www.iemj.org\/wp-content\/uploads\/2020\/09\/arton4834.jpg","contentUrl":"https:\/\/www.iemj.org\/wp-content\/uploads\/2020\/09\/arton4834.jpg","width":336,"height":336},{"@type":"BreadcrumbList","@id":"https:\/\/www.iemj.org\/it\/les-selihot-dans-le-rite-tunisien\/#breadcrumb","itemListElement":[{"@type":"ListItem","position":1,"name":"Accueil","item":"https:\/\/www.iemj.org\/it\/"},{"@type":"ListItem","position":2,"name":"Le selihot nel rito tunisino"}]},{"@type":"WebSite","@id":"https:\/\/www.iemj.org\/it\/#website","url":"https:\/\/www.iemj.org\/it\/","name":"Institut Europ\u00e9en des Musiques Juives","description":"Des traditions musicales \u00e0 la port\u00e9e de tous","publisher":{"@id":"https:\/\/www.iemj.org\/it\/#organization"},"potentialAction":[{"@type":"SearchAction","target":{"@type":"EntryPoint","urlTemplate":"https:\/\/www.iemj.org\/it\/?s={search_term_string}"},"query-input":{"@type":"PropertyValueSpecification","valueRequired":true,"valueName":"search_term_string"}}],"inLanguage":"it-IT"},{"@type":"Organization","@id":"https:\/\/www.iemj.org\/it\/#organization","name":"Institut Europ\u00e9en des Musiques Juives","url":"https:\/\/www.iemj.org\/it\/","logo":{"@type":"ImageObject","inLanguage":"it-IT","@id":"https:\/\/www.iemj.org\/it\/#\/schema\/logo\/image\/","url":"https:\/\/www.iemj.org\/wp-content\/uploads\/2021\/09\/Logo-IEMJ-Paypal.jpg","contentUrl":"https:\/\/www.iemj.org\/wp-content\/uploads\/2021\/09\/Logo-IEMJ-Paypal.jpg","width":150,"height":50,"caption":"Institut Europ\u00e9en des Musiques Juives"},"image":{"@id":"https:\/\/www.iemj.org\/it\/#\/schema\/logo\/image\/"},"sameAs":["https:\/\/www.facebook.com\/MusiquesJuives\/","https:\/\/www.instagram.com\/musiquesjuives\/","https:\/\/www.youtube.com\/user\/musiquesjuives"]},{"@type":"Person","@id":"https:\/\/www.iemj.org\/it\/#\/schema\/person\/906134402c29d5c76e7b726261dd4bbd","name":"Herv\u00e9 Roten","image":{"@type":"ImageObject","inLanguage":"it-IT","@id":"https:\/\/secure.gravatar.com\/avatar\/f96ad2db538a26481f18384936b5cd0610c92d390c4dc382209216d455f685ff?s=96&d=mm&r=g","url":"https:\/\/secure.gravatar.com\/avatar\/f96ad2db538a26481f18384936b5cd0610c92d390c4dc382209216d455f685ff?s=96&d=mm&r=g","contentUrl":"https:\/\/secure.gravatar.com\/avatar\/f96ad2db538a26481f18384936b5cd0610c92d390c4dc382209216d455f685ff?s=96&d=mm&r=g","caption":"Herv\u00e9 Roten"}}]}},"_links":{"self":[{"href":"https:\/\/www.iemj.org\/it\/wp-json\/wp\/v2\/posts\/42645","targetHints":{"allow":["GET"]}}],"collection":[{"href":"https:\/\/www.iemj.org\/it\/wp-json\/wp\/v2\/posts"}],"about":[{"href":"https:\/\/www.iemj.org\/it\/wp-json\/wp\/v2\/types\/post"}],"author":[{"embeddable":true,"href":"https:\/\/www.iemj.org\/it\/wp-json\/wp\/v2\/users\/1045"}],"replies":[{"embeddable":true,"href":"https:\/\/www.iemj.org\/it\/wp-json\/wp\/v2\/comments?post=42645"}],"version-history":[{"count":0,"href":"https:\/\/www.iemj.org\/it\/wp-json\/wp\/v2\/posts\/42645\/revisions"}],"wp:featuredmedia":[{"embeddable":true,"href":"https:\/\/www.iemj.org\/it\/wp-json\/wp\/v2\/media\/42646"}],"wp:attachment":[{"href":"https:\/\/www.iemj.org\/it\/wp-json\/wp\/v2\/media?parent=42645"}],"wp:term":[{"taxonomy":"category","embeddable":true,"href":"https:\/\/www.iemj.org\/it\/wp-json\/wp\/v2\/categories?post=42645"},{"taxonomy":"post_tag","embeddable":true,"href":"https:\/\/www.iemj.org\/it\/wp-json\/wp\/v2\/tags?post=42645"},{"taxonomy":"technique","embeddable":true,"href":"https:\/\/www.iemj.org\/it\/wp-json\/wp\/v2\/technique?post=42645"},{"taxonomy":"squelettes","embeddable":true,"href":"https:\/\/www.iemj.org\/it\/wp-json\/wp\/v2\/squelettes?post=42645"},{"taxonomy":"sujet","embeddable":true,"href":"https:\/\/www.iemj.org\/it\/wp-json\/wp\/v2\/sujet?post=42645"},{"taxonomy":"formation","embeddable":true,"href":"https:\/\/www.iemj.org\/it\/wp-json\/wp\/v2\/formation?post=42645"},{"taxonomy":"genre","embeddable":true,"href":"https:\/\/www.iemj.org\/it\/wp-json\/wp\/v2\/genre?post=42645"},{"taxonomy":"fonds","embeddable":true,"href":"https:\/\/www.iemj.org\/it\/wp-json\/wp\/v2\/fonds?post=42645"},{"taxonomy":"tradition","embeddable":true,"href":"https:\/\/www.iemj.org\/it\/wp-json\/wp\/v2\/tradition?post=42645"},{"taxonomy":"type-de-contenu","embeddable":true,"href":"https:\/\/www.iemj.org\/it\/wp-json\/wp\/v2\/type-de-contenu?post=42645"},{"taxonomy":"interprete-compositeur","embeddable":true,"href":"https:\/\/www.iemj.org\/it\/wp-json\/wp\/v2\/interprete-compositeur?post=42645"},{"taxonomy":"frise","embeddable":true,"href":"https:\/\/www.iemj.org\/it\/wp-json\/wp\/v2\/frise?post=42645"},{"taxonomy":"type-devenement","embeddable":true,"href":"https:\/\/www.iemj.org\/it\/wp-json\/wp\/v2\/type-devenement?post=42645"},{"taxonomy":"tableaux-liens-externes","embeddable":true,"href":"https:\/\/www.iemj.org\/it\/wp-json\/wp\/v2\/tableaux-liens-externes?post=42645"}],"curies":[{"name":"wp","href":"https:\/\/api.w.org\/{rel}","templated":true}]}}