{"id":42660,"date":"2020-09-17T12:11:46","date_gmt":"2020-09-17T10:11:46","guid":{"rendered":"https:\/\/www.iemj.org\/les-selihot-dans-les-rites-italiens\/"},"modified":"2024-02-16T17:13:10","modified_gmt":"2024-02-16T16:13:10","slug":"les-selihot-dans-les-rites-italiens","status":"publish","type":"post","link":"https:\/\/www.iemj.org\/it\/les-selihot-dans-les-rites-italiens\/","title":{"rendered":"Le selihot nei riti italiani"},"content":{"rendered":"<p><strong>Una selezione di <em>selihot<\/em> eseguite da Alberto Funaro, Bruno Polacco, Aldo Perez, Fernando Belgrado e dai cantori e fedeli dei templi Maggiore e Spagnolo di Roma<\/strong><\/p>\n<p><!--more--><\/p>\n<p>Le selihot sono preghiere di pentimento durante le quali il fedele implora il perdono di Dio per i peccati commessi. Questa usanza si basa sui\u00a0<a href=\"https:\/\/en.wikipedia.org\/wiki\/Thirteen_Attributes_of_Mercy\" target=\"_blank\" rel=\"noopener\">tredici attributi della misericordia<\/a>\u00a0che, secondo la tradizione, sarebbero stati trasmessi da Dio a Mos\u00e8 (Esodo 34, 6-7).<\/p>\n<p>In origine, le\u00a0<em>selihot<\/em>\u00a0venivano lette durante Yom Kippur ed i digiuni. Questa usanza si estese in seguito ai 10 giorni (<em>yamim nora\u00efm<\/em>) tra Rosh Hashanah e Kippur. Le comunit\u00e0 Ashkenazite e Hassidiche recitano le\u00a0<em>selihot<\/em>\u00a0dal sabato sera che precede (di almeno quattro giorni) la festa di Rosh Hashanah. Le comunit\u00e0 sefardite le leggono all\u2019alba prima delle preghiere mattutine per quaranta giorni, a partire dal 1\u00b0 di Elul.<\/p>\n<p>La seguente playlist presenta una selezione di selihot dei diversi riti italiani. L&#8217;Italia \u00e8 la pi\u00f9 antica comunit\u00e0 ebraica d&#8217;Europa. L&#8217;insediamento degli ebrei nella penisola risalirebbe alla rivolta dei Maccabei (175-140 a.C.). La loro presenza diventa significativa nell&#8217;Impero Romano nel &#8211; 63, specialmente a Roma dove perpetuano il loro rito (chiamato <em>italki<\/em>) che non rientra nel campo n\u00e9 del mondo ashkenazita n\u00e9 del mondo sefardita. Nell&#8217;XI secolo, gli ebrei romanioti e ashkenaziti si stabiliscono a Venezia e Padova. Allo stesso tempo, le comunit\u00e0 ebraiche dell&#8217;Italia meridionale prosperano fino al XIII secolo, sotto il controllo dell&#8217;Impero bizantino. Dopo la definitiva espulsione degli ebrei dalla Francia nel 1394, le comunit\u00e0 di rito francese si riuniscono nelle citt\u00e0 piemontesi di Asti, Fossano e Moncalvo dove mantengono il proprio rito, chiamato dalle iniziali di queste citt\u00e0 <em>minhag apam<\/em> o <em>afam<\/em> . Alla stessa epoca, degli ebrei provenzali si stabiliscono in Sardegna, allora possedimento aragonese. Dalla fine del XIV secolo l&#8217;Italia &#8211; e in particolare Livorno e Venezia &#8211; diventa terra di accoglienza per molti ebrei spagnoli in fuga dalle conversioni forzate.<\/p>\n<p>Con l&#8217;immigrazione sefardita, la comunit\u00e0 ebraica italiana assume la sua composizione finale originale, con la convivenza di tre comunit\u00e0 che mantengono i loro caratteri distintivi: i cosiddetti ebrei italiani o <em>italki<\/em>, originari della comunit\u00e0 gi\u00e0 costituita sotto l&#8217;Impero Romano, gli ebrei ashkenaziti dalla Germania e dalla Francia, gli ebrei sefarditi dalla Spagna, a cui si aggiungono gli ebrei romanioti dei Balcani. A causa della creazione dei ghetti, vivono e costruiscono le loro sinagoghe una accanto all&#8217;altra. Il loro numero raggiunge, a quell&#8217;epoca, 50.000 persone circa.<\/p>\n<p>Dopo la seconda guerra mondiale, molti ebrei provenienti dalla Libia, dall&#8217;Iran e, in misura minore, dall&#8217;Europa orientale, si stabiliscono a Roma, Milano e Livorno, dove continuano ad osservare i loro riti.<\/p>\n<ul>\n<li><a href=\"https:\/\/www.iemj.org\/it\/les-selihot-%d7%a1%d7%9c%d7%99%d7%97%d7%95%d7%aa\/\" target=\"_blank\" rel=\"noopener\">Leggere l\u2019articolo di fondo sulle selihot<\/a><\/li>\n<\/ul>\n\n\n<figure class=\"wp-block-image size-large\"><img fetchpriority=\"high\" decoding=\"async\" width=\"1024\" height=\"146\" src=\"https:\/\/www.iemj.org\/wp-content\/uploads\/2023\/01\/Bandeau-Playlist_IT2-1024x146.jpg\" alt=\"\" class=\"wp-image-93106\" srcset=\"https:\/\/www.iemj.org\/wp-content\/uploads\/2023\/01\/Bandeau-Playlist_IT2-1024x146.jpg 1024w, https:\/\/www.iemj.org\/wp-content\/uploads\/2023\/01\/Bandeau-Playlist_IT2-300x43.jpg 300w, https:\/\/www.iemj.org\/wp-content\/uploads\/2023\/01\/Bandeau-Playlist_IT2-768x110.jpg 768w, https:\/\/www.iemj.org\/wp-content\/uploads\/2023\/01\/Bandeau-Playlist_IT2-1536x220.jpg 1536w, https:\/\/www.iemj.org\/wp-content\/uploads\/2023\/01\/Bandeau-Playlist_IT2-600x86.jpg 600w, https:\/\/www.iemj.org\/wp-content\/uploads\/2023\/01\/Bandeau-Playlist_IT2.jpg 1608w\" sizes=\"(max-width: 1024px) 100vw, 1024px\" \/><\/figure>\n\n\n\n<div class=\"wp-block-file\"><a id=\"wp-block-file--media-5fee28fa-b12f-4bc2-ab29-e38738c8c0e1\" href=\"https:\/\/www.iemj.org\/wp-content\/uploads\/2020\/09\/1_el_melech_yochev__alberto_funaro_d33-30_2479_17.mp3\">El melech yochev &#8211; Alberto Funaro<\/a><\/div>\n\n\n\n<div class=\"wp-block-file\"><a id=\"wp-block-file--media-18f38287-900f-426c-836c-29d165e43d16\" href=\"https:\/\/www.iemj.org\/wp-content\/uploads\/2020\/09\/2_rahum_vehanun_tempio_maggiore_di_roma_rite_italki_.mp3\">Rahum vehanun &#8211; Tempio Maggiore di Roma (Rite italki)<\/a><\/div>\n\n\n\n<div class=\"wp-block-file\"><a id=\"wp-block-file--media-00fff66d-b5d0-45ae-af88-1f9652721734\" href=\"https:\/\/www.iemj.org\/wp-content\/uploads\/2020\/09\/3_anenu_tempio_spagnolo_di_roma.mp3\">Anenu &#8211; Tempio Spagnolo di Roma<\/a><\/div>\n\n\n\n<div class=\"wp-block-file\"><a id=\"wp-block-file--media-6969bed2-7754-4e12-8b86-d3104041c3d8\" href=\"https:\/\/www.iemj.org\/wp-content\/uploads\/2020\/09\/4_atanu_bruno_polacco_rite_ashkenaze_italien__cd_1177_49.mp3\">Atanu &#8211; Bruno Polacco (Rite ashkenaze italien)<\/a><\/div>\n\n\n\n<div class=\"wp-block-file\"><a id=\"wp-block-file--media-3a3ebbf8-5214-4e5c-8a67-a09d36ada3b7\" href=\"https:\/\/www.iemj.org\/wp-content\/uploads\/2020\/09\/5_sheviyah_anyah_aldo_perez_turin_.mp3\">Sheviyah anyah &#8211; Aldo Perez (Turin)<\/a><\/div>\n\n\n\n<div class=\"wp-block-file\"><a id=\"wp-block-file--media-1d011a75-5306-496e-993b-fff6509015fd\" href=\"https:\/\/www.iemj.org\/wp-content\/uploads\/2020\/09\/6_atanu_alberto_funaro_d33-30_2479_29.mp3\">Atanu &#8211; Alberto Funaro<\/a><\/div>\n\n\n\n<div class=\"wp-block-file\"><a id=\"wp-block-file--media-40af8cf5-96f6-4855-96f9-37994e2634a2\" href=\"https:\/\/www.iemj.org\/wp-content\/uploads\/2020\/09\/7_atanu_fernando_belgrado_florence__cd_1137_02.mp3\">Atanu &#8211; Fernando Belgrado (Florence)<\/a><\/div>\n","protected":false},"excerpt":{"rendered":"<p>Una selezione di selihot eseguite da Alberto Funaro, Bruno Polacco, Aldo Perez, Fernando Belgrado e dai cantori e fedeli dei templi Maggiore e Spagnolo di Roma<\/p>\n","protected":false},"author":1045,"featured_media":42661,"comment_status":"closed","ping_status":"closed","sticky":false,"template":"","format":"standard","meta":{"_acf_changed":false,"footnotes":""},"categories":[1536],"tags":[2091],"technique":[],"squelettes":[],"sujet":[],"formation":[],"genre":[1892],"fonds":[],"tradition":[1977],"type-de-contenu":[],"interprete-compositeur":[],"frise":[],"type-devenement":[],"tableaux-liens-externes":[],"class_list":["post-42660","post","type-post","status-publish","format-standard","has-post-thumbnail","hentry","category-playlist-it","tag-italia-it","genre-liturgia-it","tradition-rito-italiano-it"],"acf":[],"yoast_head":"<!-- This site is optimized with the Yoast SEO plugin v27.3 - https:\/\/yoast.com\/product\/yoast-seo-wordpress\/ -->\n<title>Le selihot nei riti italiani - Institut Europ\u00e9en des Musiques Juives<\/title>\n<meta name=\"robots\" content=\"index, follow, max-snippet:-1, max-image-preview:large, max-video-preview:-1\" \/>\n<link rel=\"canonical\" href=\"https:\/\/www.iemj.org\/it\/les-selihot-dans-les-rites-italiens\/\" \/>\n<meta property=\"og:locale\" content=\"it_IT\" \/>\n<meta property=\"og:type\" content=\"article\" \/>\n<meta property=\"og:title\" content=\"Le selihot nei riti italiani - Institut Europ\u00e9en des Musiques Juives\" \/>\n<meta property=\"og:description\" content=\"Una selezione di selihot eseguite da Alberto Funaro, Bruno Polacco, Aldo Perez, Fernando Belgrado e dai cantori e fedeli dei templi Maggiore e Spagnolo di Roma\" \/>\n<meta property=\"og:url\" content=\"https:\/\/www.iemj.org\/it\/les-selihot-dans-les-rites-italiens\/\" \/>\n<meta property=\"og:site_name\" content=\"Institut Europ\u00e9en des Musiques Juives\" \/>\n<meta property=\"article:publisher\" content=\"https:\/\/www.facebook.com\/MusiquesJuives\/\" \/>\n<meta property=\"article:published_time\" content=\"2020-09-17T10:11:46+00:00\" \/>\n<meta property=\"article:modified_time\" content=\"2024-02-16T16:13:10+00:00\" \/>\n<meta property=\"og:image\" content=\"https:\/\/www.iemj.org\/wp-content\/uploads\/2020\/09\/arton4835.jpg\" \/>\n\t<meta property=\"og:image:width\" content=\"336\" \/>\n\t<meta property=\"og:image:height\" content=\"336\" \/>\n\t<meta property=\"og:image:type\" content=\"image\/jpeg\" \/>\n<meta name=\"author\" content=\"Herv\u00e9 Roten\" \/>\n<meta name=\"twitter:card\" content=\"summary_large_image\" \/>\n<meta name=\"twitter:label1\" content=\"Scritto da\" \/>\n\t<meta name=\"twitter:data1\" content=\"Herv\u00e9 Roten\" \/>\n\t<meta name=\"twitter:label2\" content=\"Tempo di lettura stimato\" \/>\n\t<meta name=\"twitter:data2\" content=\"3 minuti\" \/>\n<script type=\"application\/ld+json\" class=\"yoast-schema-graph\">{\"@context\":\"https:\\\/\\\/schema.org\",\"@graph\":[{\"@type\":\"Article\",\"@id\":\"https:\\\/\\\/www.iemj.org\\\/it\\\/les-selihot-dans-les-rites-italiens\\\/#article\",\"isPartOf\":{\"@id\":\"https:\\\/\\\/www.iemj.org\\\/it\\\/les-selihot-dans-les-rites-italiens\\\/\"},\"author\":{\"name\":\"Herv\u00e9 Roten\",\"@id\":\"https:\\\/\\\/www.iemj.org\\\/it\\\/#\\\/schema\\\/person\\\/906134402c29d5c76e7b726261dd4bbd\"},\"headline\":\"Le selihot nei riti italiani\",\"datePublished\":\"2020-09-17T10:11:46+00:00\",\"dateModified\":\"2024-02-16T16:13:10+00:00\",\"mainEntityOfPage\":{\"@id\":\"https:\\\/\\\/www.iemj.org\\\/it\\\/les-selihot-dans-les-rites-italiens\\\/\"},\"wordCount\":495,\"publisher\":{\"@id\":\"https:\\\/\\\/www.iemj.org\\\/it\\\/#organization\"},\"image\":{\"@id\":\"https:\\\/\\\/www.iemj.org\\\/it\\\/les-selihot-dans-les-rites-italiens\\\/#primaryimage\"},\"thumbnailUrl\":\"https:\\\/\\\/www.iemj.org\\\/wp-content\\\/uploads\\\/2020\\\/09\\\/arton4835.jpg\",\"keywords\":[\"Italia\"],\"articleSection\":[\"Playlist\"],\"inLanguage\":\"it-IT\"},{\"@type\":\"WebPage\",\"@id\":\"https:\\\/\\\/www.iemj.org\\\/it\\\/les-selihot-dans-les-rites-italiens\\\/\",\"url\":\"https:\\\/\\\/www.iemj.org\\\/it\\\/les-selihot-dans-les-rites-italiens\\\/\",\"name\":\"Le selihot nei riti italiani - Institut Europ\u00e9en des Musiques Juives\",\"isPartOf\":{\"@id\":\"https:\\\/\\\/www.iemj.org\\\/it\\\/#website\"},\"primaryImageOfPage\":{\"@id\":\"https:\\\/\\\/www.iemj.org\\\/it\\\/les-selihot-dans-les-rites-italiens\\\/#primaryimage\"},\"image\":{\"@id\":\"https:\\\/\\\/www.iemj.org\\\/it\\\/les-selihot-dans-les-rites-italiens\\\/#primaryimage\"},\"thumbnailUrl\":\"https:\\\/\\\/www.iemj.org\\\/wp-content\\\/uploads\\\/2020\\\/09\\\/arton4835.jpg\",\"datePublished\":\"2020-09-17T10:11:46+00:00\",\"dateModified\":\"2024-02-16T16:13:10+00:00\",\"breadcrumb\":{\"@id\":\"https:\\\/\\\/www.iemj.org\\\/it\\\/les-selihot-dans-les-rites-italiens\\\/#breadcrumb\"},\"inLanguage\":\"it-IT\",\"potentialAction\":[{\"@type\":\"ReadAction\",\"target\":[\"https:\\\/\\\/www.iemj.org\\\/it\\\/les-selihot-dans-les-rites-italiens\\\/\"]}]},{\"@type\":\"ImageObject\",\"inLanguage\":\"it-IT\",\"@id\":\"https:\\\/\\\/www.iemj.org\\\/it\\\/les-selihot-dans-les-rites-italiens\\\/#primaryimage\",\"url\":\"https:\\\/\\\/www.iemj.org\\\/wp-content\\\/uploads\\\/2020\\\/09\\\/arton4835.jpg\",\"contentUrl\":\"https:\\\/\\\/www.iemj.org\\\/wp-content\\\/uploads\\\/2020\\\/09\\\/arton4835.jpg\",\"width\":336,\"height\":336},{\"@type\":\"BreadcrumbList\",\"@id\":\"https:\\\/\\\/www.iemj.org\\\/it\\\/les-selihot-dans-les-rites-italiens\\\/#breadcrumb\",\"itemListElement\":[{\"@type\":\"ListItem\",\"position\":1,\"name\":\"Accueil\",\"item\":\"https:\\\/\\\/www.iemj.org\\\/it\\\/\"},{\"@type\":\"ListItem\",\"position\":2,\"name\":\"Le selihot nei riti italiani\"}]},{\"@type\":\"WebSite\",\"@id\":\"https:\\\/\\\/www.iemj.org\\\/it\\\/#website\",\"url\":\"https:\\\/\\\/www.iemj.org\\\/it\\\/\",\"name\":\"Institut Europ\u00e9en des Musiques Juives\",\"description\":\"Des traditions musicales \u00e0 la port\u00e9e de tous\",\"publisher\":{\"@id\":\"https:\\\/\\\/www.iemj.org\\\/it\\\/#organization\"},\"potentialAction\":[{\"@type\":\"SearchAction\",\"target\":{\"@type\":\"EntryPoint\",\"urlTemplate\":\"https:\\\/\\\/www.iemj.org\\\/it\\\/?s={search_term_string}\"},\"query-input\":{\"@type\":\"PropertyValueSpecification\",\"valueRequired\":true,\"valueName\":\"search_term_string\"}}],\"inLanguage\":\"it-IT\"},{\"@type\":\"Organization\",\"@id\":\"https:\\\/\\\/www.iemj.org\\\/it\\\/#organization\",\"name\":\"Institut Europ\u00e9en des Musiques Juives\",\"url\":\"https:\\\/\\\/www.iemj.org\\\/it\\\/\",\"logo\":{\"@type\":\"ImageObject\",\"inLanguage\":\"it-IT\",\"@id\":\"https:\\\/\\\/www.iemj.org\\\/it\\\/#\\\/schema\\\/logo\\\/image\\\/\",\"url\":\"https:\\\/\\\/www.iemj.org\\\/wp-content\\\/uploads\\\/2021\\\/09\\\/Logo-IEMJ-Paypal.jpg\",\"contentUrl\":\"https:\\\/\\\/www.iemj.org\\\/wp-content\\\/uploads\\\/2021\\\/09\\\/Logo-IEMJ-Paypal.jpg\",\"width\":150,\"height\":50,\"caption\":\"Institut Europ\u00e9en des Musiques Juives\"},\"image\":{\"@id\":\"https:\\\/\\\/www.iemj.org\\\/it\\\/#\\\/schema\\\/logo\\\/image\\\/\"},\"sameAs\":[\"https:\\\/\\\/www.facebook.com\\\/MusiquesJuives\\\/\",\"https:\\\/\\\/www.instagram.com\\\/musiquesjuives\\\/\",\"https:\\\/\\\/www.youtube.com\\\/user\\\/musiquesjuives\"]},{\"@type\":\"Person\",\"@id\":\"https:\\\/\\\/www.iemj.org\\\/it\\\/#\\\/schema\\\/person\\\/906134402c29d5c76e7b726261dd4bbd\",\"name\":\"Herv\u00e9 Roten\",\"image\":{\"@type\":\"ImageObject\",\"inLanguage\":\"it-IT\",\"@id\":\"https:\\\/\\\/secure.gravatar.com\\\/avatar\\\/f96ad2db538a26481f18384936b5cd0610c92d390c4dc382209216d455f685ff?s=96&d=mm&r=g\",\"url\":\"https:\\\/\\\/secure.gravatar.com\\\/avatar\\\/f96ad2db538a26481f18384936b5cd0610c92d390c4dc382209216d455f685ff?s=96&d=mm&r=g\",\"contentUrl\":\"https:\\\/\\\/secure.gravatar.com\\\/avatar\\\/f96ad2db538a26481f18384936b5cd0610c92d390c4dc382209216d455f685ff?s=96&d=mm&r=g\",\"caption\":\"Herv\u00e9 Roten\"}}]}<\/script>\n<!-- \/ Yoast SEO plugin. -->","yoast_head_json":{"title":"Le selihot nei riti italiani - Institut Europ\u00e9en des Musiques Juives","robots":{"index":"index","follow":"follow","max-snippet":"max-snippet:-1","max-image-preview":"max-image-preview:large","max-video-preview":"max-video-preview:-1"},"canonical":"https:\/\/www.iemj.org\/it\/les-selihot-dans-les-rites-italiens\/","og_locale":"it_IT","og_type":"article","og_title":"Le selihot nei riti italiani - Institut Europ\u00e9en des Musiques Juives","og_description":"Una selezione di selihot eseguite da Alberto Funaro, Bruno Polacco, Aldo Perez, Fernando Belgrado e dai cantori e fedeli dei templi Maggiore e Spagnolo di Roma","og_url":"https:\/\/www.iemj.org\/it\/les-selihot-dans-les-rites-italiens\/","og_site_name":"Institut Europ\u00e9en des Musiques Juives","article_publisher":"https:\/\/www.facebook.com\/MusiquesJuives\/","article_published_time":"2020-09-17T10:11:46+00:00","article_modified_time":"2024-02-16T16:13:10+00:00","og_image":[{"width":336,"height":336,"url":"https:\/\/www.iemj.org\/wp-content\/uploads\/2020\/09\/arton4835.jpg","type":"image\/jpeg"}],"author":"Herv\u00e9 Roten","twitter_card":"summary_large_image","twitter_misc":{"Scritto da":"Herv\u00e9 Roten","Tempo di lettura stimato":"3 minuti"},"schema":{"@context":"https:\/\/schema.org","@graph":[{"@type":"Article","@id":"https:\/\/www.iemj.org\/it\/les-selihot-dans-les-rites-italiens\/#article","isPartOf":{"@id":"https:\/\/www.iemj.org\/it\/les-selihot-dans-les-rites-italiens\/"},"author":{"name":"Herv\u00e9 Roten","@id":"https:\/\/www.iemj.org\/it\/#\/schema\/person\/906134402c29d5c76e7b726261dd4bbd"},"headline":"Le selihot nei riti italiani","datePublished":"2020-09-17T10:11:46+00:00","dateModified":"2024-02-16T16:13:10+00:00","mainEntityOfPage":{"@id":"https:\/\/www.iemj.org\/it\/les-selihot-dans-les-rites-italiens\/"},"wordCount":495,"publisher":{"@id":"https:\/\/www.iemj.org\/it\/#organization"},"image":{"@id":"https:\/\/www.iemj.org\/it\/les-selihot-dans-les-rites-italiens\/#primaryimage"},"thumbnailUrl":"https:\/\/www.iemj.org\/wp-content\/uploads\/2020\/09\/arton4835.jpg","keywords":["Italia"],"articleSection":["Playlist"],"inLanguage":"it-IT"},{"@type":"WebPage","@id":"https:\/\/www.iemj.org\/it\/les-selihot-dans-les-rites-italiens\/","url":"https:\/\/www.iemj.org\/it\/les-selihot-dans-les-rites-italiens\/","name":"Le selihot nei riti italiani - Institut Europ\u00e9en des Musiques Juives","isPartOf":{"@id":"https:\/\/www.iemj.org\/it\/#website"},"primaryImageOfPage":{"@id":"https:\/\/www.iemj.org\/it\/les-selihot-dans-les-rites-italiens\/#primaryimage"},"image":{"@id":"https:\/\/www.iemj.org\/it\/les-selihot-dans-les-rites-italiens\/#primaryimage"},"thumbnailUrl":"https:\/\/www.iemj.org\/wp-content\/uploads\/2020\/09\/arton4835.jpg","datePublished":"2020-09-17T10:11:46+00:00","dateModified":"2024-02-16T16:13:10+00:00","breadcrumb":{"@id":"https:\/\/www.iemj.org\/it\/les-selihot-dans-les-rites-italiens\/#breadcrumb"},"inLanguage":"it-IT","potentialAction":[{"@type":"ReadAction","target":["https:\/\/www.iemj.org\/it\/les-selihot-dans-les-rites-italiens\/"]}]},{"@type":"ImageObject","inLanguage":"it-IT","@id":"https:\/\/www.iemj.org\/it\/les-selihot-dans-les-rites-italiens\/#primaryimage","url":"https:\/\/www.iemj.org\/wp-content\/uploads\/2020\/09\/arton4835.jpg","contentUrl":"https:\/\/www.iemj.org\/wp-content\/uploads\/2020\/09\/arton4835.jpg","width":336,"height":336},{"@type":"BreadcrumbList","@id":"https:\/\/www.iemj.org\/it\/les-selihot-dans-les-rites-italiens\/#breadcrumb","itemListElement":[{"@type":"ListItem","position":1,"name":"Accueil","item":"https:\/\/www.iemj.org\/it\/"},{"@type":"ListItem","position":2,"name":"Le selihot nei riti italiani"}]},{"@type":"WebSite","@id":"https:\/\/www.iemj.org\/it\/#website","url":"https:\/\/www.iemj.org\/it\/","name":"Institut Europ\u00e9en des Musiques Juives","description":"Des traditions musicales \u00e0 la port\u00e9e de tous","publisher":{"@id":"https:\/\/www.iemj.org\/it\/#organization"},"potentialAction":[{"@type":"SearchAction","target":{"@type":"EntryPoint","urlTemplate":"https:\/\/www.iemj.org\/it\/?s={search_term_string}"},"query-input":{"@type":"PropertyValueSpecification","valueRequired":true,"valueName":"search_term_string"}}],"inLanguage":"it-IT"},{"@type":"Organization","@id":"https:\/\/www.iemj.org\/it\/#organization","name":"Institut Europ\u00e9en des Musiques Juives","url":"https:\/\/www.iemj.org\/it\/","logo":{"@type":"ImageObject","inLanguage":"it-IT","@id":"https:\/\/www.iemj.org\/it\/#\/schema\/logo\/image\/","url":"https:\/\/www.iemj.org\/wp-content\/uploads\/2021\/09\/Logo-IEMJ-Paypal.jpg","contentUrl":"https:\/\/www.iemj.org\/wp-content\/uploads\/2021\/09\/Logo-IEMJ-Paypal.jpg","width":150,"height":50,"caption":"Institut Europ\u00e9en des Musiques Juives"},"image":{"@id":"https:\/\/www.iemj.org\/it\/#\/schema\/logo\/image\/"},"sameAs":["https:\/\/www.facebook.com\/MusiquesJuives\/","https:\/\/www.instagram.com\/musiquesjuives\/","https:\/\/www.youtube.com\/user\/musiquesjuives"]},{"@type":"Person","@id":"https:\/\/www.iemj.org\/it\/#\/schema\/person\/906134402c29d5c76e7b726261dd4bbd","name":"Herv\u00e9 Roten","image":{"@type":"ImageObject","inLanguage":"it-IT","@id":"https:\/\/secure.gravatar.com\/avatar\/f96ad2db538a26481f18384936b5cd0610c92d390c4dc382209216d455f685ff?s=96&d=mm&r=g","url":"https:\/\/secure.gravatar.com\/avatar\/f96ad2db538a26481f18384936b5cd0610c92d390c4dc382209216d455f685ff?s=96&d=mm&r=g","contentUrl":"https:\/\/secure.gravatar.com\/avatar\/f96ad2db538a26481f18384936b5cd0610c92d390c4dc382209216d455f685ff?s=96&d=mm&r=g","caption":"Herv\u00e9 Roten"}}]}},"_links":{"self":[{"href":"https:\/\/www.iemj.org\/it\/wp-json\/wp\/v2\/posts\/42660","targetHints":{"allow":["GET"]}}],"collection":[{"href":"https:\/\/www.iemj.org\/it\/wp-json\/wp\/v2\/posts"}],"about":[{"href":"https:\/\/www.iemj.org\/it\/wp-json\/wp\/v2\/types\/post"}],"author":[{"embeddable":true,"href":"https:\/\/www.iemj.org\/it\/wp-json\/wp\/v2\/users\/1045"}],"replies":[{"embeddable":true,"href":"https:\/\/www.iemj.org\/it\/wp-json\/wp\/v2\/comments?post=42660"}],"version-history":[{"count":0,"href":"https:\/\/www.iemj.org\/it\/wp-json\/wp\/v2\/posts\/42660\/revisions"}],"wp:featuredmedia":[{"embeddable":true,"href":"https:\/\/www.iemj.org\/it\/wp-json\/wp\/v2\/media\/42661"}],"wp:attachment":[{"href":"https:\/\/www.iemj.org\/it\/wp-json\/wp\/v2\/media?parent=42660"}],"wp:term":[{"taxonomy":"category","embeddable":true,"href":"https:\/\/www.iemj.org\/it\/wp-json\/wp\/v2\/categories?post=42660"},{"taxonomy":"post_tag","embeddable":true,"href":"https:\/\/www.iemj.org\/it\/wp-json\/wp\/v2\/tags?post=42660"},{"taxonomy":"technique","embeddable":true,"href":"https:\/\/www.iemj.org\/it\/wp-json\/wp\/v2\/technique?post=42660"},{"taxonomy":"squelettes","embeddable":true,"href":"https:\/\/www.iemj.org\/it\/wp-json\/wp\/v2\/squelettes?post=42660"},{"taxonomy":"sujet","embeddable":true,"href":"https:\/\/www.iemj.org\/it\/wp-json\/wp\/v2\/sujet?post=42660"},{"taxonomy":"formation","embeddable":true,"href":"https:\/\/www.iemj.org\/it\/wp-json\/wp\/v2\/formation?post=42660"},{"taxonomy":"genre","embeddable":true,"href":"https:\/\/www.iemj.org\/it\/wp-json\/wp\/v2\/genre?post=42660"},{"taxonomy":"fonds","embeddable":true,"href":"https:\/\/www.iemj.org\/it\/wp-json\/wp\/v2\/fonds?post=42660"},{"taxonomy":"tradition","embeddable":true,"href":"https:\/\/www.iemj.org\/it\/wp-json\/wp\/v2\/tradition?post=42660"},{"taxonomy":"type-de-contenu","embeddable":true,"href":"https:\/\/www.iemj.org\/it\/wp-json\/wp\/v2\/type-de-contenu?post=42660"},{"taxonomy":"interprete-compositeur","embeddable":true,"href":"https:\/\/www.iemj.org\/it\/wp-json\/wp\/v2\/interprete-compositeur?post=42660"},{"taxonomy":"frise","embeddable":true,"href":"https:\/\/www.iemj.org\/it\/wp-json\/wp\/v2\/frise?post=42660"},{"taxonomy":"type-devenement","embeddable":true,"href":"https:\/\/www.iemj.org\/it\/wp-json\/wp\/v2\/type-devenement?post=42660"},{"taxonomy":"tableaux-liens-externes","embeddable":true,"href":"https:\/\/www.iemj.org\/it\/wp-json\/wp\/v2\/tableaux-liens-externes?post=42660"}],"curies":[{"name":"wp","href":"https:\/\/api.w.org\/{rel}","templated":true}]}}