{"id":42905,"date":"2020-06-24T14:32:59","date_gmt":"2020-06-24T12:32:59","guid":{"rendered":"https:\/\/www.iemj.org\/les-78-tours-du-label-odeon\/"},"modified":"2025-10-07T17:22:14","modified_gmt":"2025-10-07T15:22:14","slug":"les-78-tours-du-label-odeon","status":"publish","type":"post","link":"https:\/\/www.iemj.org\/it\/les-78-tours-du-label-odeon\/","title":{"rendered":"I 78 giri della casa discografica ODEON"},"content":{"rendered":"<p>Gi\u00e0 nel 1909, l&#8217;etichetta Odeon registr\u00f2 diversi dischi di musica ebraica: canzoni yiddish, musica liturgica o scolastica con compositori come Lazare Saminsky (1882-1959) e Joseph Achron (1886-1943), entrambi appartenenti alla Societ\u00e0 di musica popolare ebraica creata da Joel Engel nel 1908 a San Pietroburgo.<\/p>\n<p>Dopo una breve evocazione della storia dell&#8217;etichetta Odeon, vi proponiamo di ascoltare nella playlist qui sotto una selezione di 9 pezzi di musica ebraica, presi dai nostri archivi, registrati tra il 1909 e il 1934.<\/p>\n<p><!--more-->L&#8217;azienda fonografica Odeon \u00e8 stata fondata nel 1903 a Berlino (Germania) da Max Straus e Heinrich Zuntz, con il sostegno finanziario di Frederick M. Prescott. Prende il nome dal teatro parigino Odeon, la cui cupola adorna il logo dell&#8217;etichetta.<\/p>\n<p><img fetchpriority=\"high\" decoding=\"async\" class=\" aligncenter size-full wp-image-29067\" src=\"https:\/\/www.iemj.org\/wp-content\/uploads\/2020\/06\/doc_1_odeon_500px.jpg\" alt=\"doc_1_odeon_500px.jpg\" width=\"700\" height=\"230\" align=\"center\" srcset=\"https:\/\/www.iemj.org\/wp-content\/uploads\/2020\/06\/doc_1_odeon_500px.jpg 700w, https:\/\/www.iemj.org\/wp-content\/uploads\/2020\/06\/doc_1_odeon_500px-300x99.jpg 300w, https:\/\/www.iemj.org\/wp-content\/uploads\/2020\/06\/doc_1_odeon_500px-600x197.jpg 600w\" sizes=\"(max-width: 700px) 100vw, 700px\" \/><\/p>\n<p>L&#8217;etichetta diventer\u00e0 una filiale della societ\u00e0 Carl Lindstrom, che possiede anche Beka, Parlophone e Fonotipia. Nel 1926, Lindstrom \u00e8 acquistata dalla filiale inglese della Columbia Graphophone.<\/p>\n<p><img decoding=\"async\" class=\" alignright size-full wp-image-29069\" src=\"https:\/\/www.iemj.org\/wp-content\/uploads\/2020\/06\/doc_2_odeon.jpg\" alt=\"doc_2_odeon.jpg\" width=\"225\" height=\"210\" align=\"right\" \/><\/p>\n<p>Nel 1931 la Columbia si fonde con Electrola, HMV e altre etichette per formare la EMI.<\/p>\n<p>Nel 1936, i nazisti prendono il controllo di Odeon nominando un direttore e un amministratore affiliati al partito. La fabbrica Odeon \u00e8 in gran parte distrutta dall&#8217;esercito sovietico nel 1945 durante i combattimenti finali a Berlino.<\/p>\n<p><img decoding=\"async\" class=\"size-medium alignleft\" src=\"https:\/\/www.iemj.org\/wp-content\/uploads\/2020\/06\/doc_3_odeon.jpg\" width=\"225\" height=\"225\" \/><\/p>\n<p>Dopo la seconda guerra mondiale, l&#8217;etichetta Odeon<\/p>\n<p>\u00e8 sopravvissuta come filiale di EMI in molti mercati non anglofoni, come la Germania dell&#8217;Ovest, il Giappone, la Spagna, la Scandinavia, l&#8217;America Latina e la Francia.<\/p>\n<p>Il suo catalogo, compilato prima degli anni &#8217;60, \u00e8 ora di dominio pubblico.<\/p>\n<figure id=\"attachment_84126\" aria-describedby=\"caption-attachment-84126\" style=\"width: 647px\" class=\"wp-caption aligncenter\"><img loading=\"lazy\" decoding=\"async\" class=\"wp-image-84126\" src=\"https:\/\/www.iemj.org\/wp-content\/uploads\/2020\/06\/I_200-300x198.jpg\" alt=\"\" width=\"647\" height=\"427\" srcset=\"https:\/\/www.iemj.org\/wp-content\/uploads\/2020\/06\/I_200-300x198.jpg 300w, https:\/\/www.iemj.org\/wp-content\/uploads\/2020\/06\/I_200-600x396.jpg 600w, https:\/\/www.iemj.org\/wp-content\/uploads\/2020\/06\/I_200.jpg 757w\" sizes=\"(max-width: 647px) 100vw, 647px\" \/><figcaption id=\"caption-attachment-84126\" class=\"wp-caption-text\"><strong>Foto dell&#8217;Orchestre Armand, pi\u00f9 noto come l&#8217;Orchestre Schmilovitz<\/strong><\/figcaption><\/figure>\n<p><strong>Fonti<\/strong>: <em><a href=\"https:\/\/fr.wikipedia.org\/wiki\/Disques_Od%C3%A9on\">Wikipedia<\/a>, <a href=\"http:\/\/www.cvinyl.com\/labelguides\/odeon.php\">CVYNIL.COM<\/a><\/em><\/p>\n\n<div class=\"wp-block-image\">\n<figure class=\"aligncenter size-large\"><img loading=\"lazy\" decoding=\"async\" width=\"1024\" height=\"133\" src=\"https:\/\/www.iemj.org\/wp-content\/uploads\/2024\/03\/AUDIO-PLAYER-1024x133.png\" alt=\"\" class=\"wp-image-110609\" srcset=\"https:\/\/www.iemj.org\/wp-content\/uploads\/2024\/03\/AUDIO-PLAYER-1024x133.png 1024w, https:\/\/www.iemj.org\/wp-content\/uploads\/2024\/03\/AUDIO-PLAYER-300x39.png 300w, https:\/\/www.iemj.org\/wp-content\/uploads\/2024\/03\/AUDIO-PLAYER-768x100.png 768w, https:\/\/www.iemj.org\/wp-content\/uploads\/2024\/03\/AUDIO-PLAYER-600x78.png 600w, https:\/\/www.iemj.org\/wp-content\/uploads\/2024\/03\/AUDIO-PLAYER.png 1210w\" sizes=\"(max-width: 1024px) 100vw, 1024px\" \/><\/figure>\n<\/div>\n\n\n<div class=\"wp-block-file\"><a id=\"wp-block-file--media-aa80fc49-a4bd-4ad0-8247-34d40e4e2ff2\" href=\"https:\/\/www.iemj.org\/wp-content\/uploads\/2020\/06\/1_hajom_teamzenu_1909_-_yossele_rosenblatt.mp3\">Hajom Teamzenu &#8211; Yossele Rosenblatt [Rec.1909]<\/a><\/div>\n\n\n\n<div class=\"wp-block-file\"><a id=\"wp-block-file--media-529349a1-28d4-4458-b570-00a8c8ef6b96\" href=\"https:\/\/www.iemj.org\/wp-content\/uploads\/2020\/06\/2_der_mesader_kedischen_1928_-_max_bruen.mp3\">Der mesader kedischen &#8211; Max Bruen (Rec.1928) <\/a><\/div>\n\n\n\n<div class=\"wp-block-file\"><a id=\"wp-block-file--media-c871cec2-3fa1-4201-83ca-36bd5179132f\" href=\"https:\/\/www.iemj.org\/wp-content\/uploads\/2020\/06\/3_dus_butcherl_1928_-_max_bruen.mp3\">Dus butcherl &#8211; Max Bruen (Rec.1928)<\/a><\/div>\n\n\n\n<div class=\"wp-block-file\"><a id=\"wp-block-file--media-d3ae3bff-d113-4311-9e4b-654f3d2c8a76\" href=\"https:\/\/www.iemj.org\/wp-content\/uploads\/2020\/06\/6_adon_olom_1928_-_louis_lewandowski.mp3\">Louis Lewandowski &#8211; Adon Olom &#8211; Verstarkter Synagogen Chor (Rec. 1929)<\/a><\/div>\n\n\n\n<div class=\"wp-block-file\"><a id=\"wp-block-file--media-fd19b73e-c2f6-45eb-821e-d59379927258\" href=\"https:\/\/www.iemj.org\/wp-content\/uploads\/2020\/06\/7_mah_towu_1928_-_louis_lewandowski.mp3\">Louis Lewandowski &#8211; Mah Towu &#8211; Verstarkter Synagogen Chor (Rec.1928)<\/a><\/div>\n\n\n\n<div class=\"wp-block-file\"><a id=\"wp-block-file--media-09cbdeae-45db-41b9-9129-1f393c1138fa\" href=\"https:\/\/www.iemj.org\/wp-content\/uploads\/2020\/06\/8_kol_nidrei_1930_-_andre_levy.mp3\">Max Bruch &#8211; Kol nidrei &#8211; Andre\u0301 Levy (Rec.1930)<\/a><\/div>\n\n\n\n<div class=\"wp-block-file\"><a id=\"wp-block-file--media-04bc4b52-cdb5-48cc-a3e2-da7928c9be53\" href=\"https:\/\/www.iemj.org\/wp-content\/uploads\/2020\/06\/9_be_ne_diction_1930_-_andre_levy.mp3\">L\u00e9on Algazi &#8211; Be\u0301ne\u0301diction &#8211; Andre\u0301 Levy (Rec.1930)<\/a><\/div>\n\n\n\n<div class=\"wp-block-file\"><a id=\"wp-block-file--media-c44c584c-9e45-4bd7-b64e-6ce4deeab095\" href=\"https:\/\/www.iemj.org\/wp-content\/uploads\/2020\/06\/10_danse_he_brai_que_1930_-_andre_levy.mp3\">Joseph Achron &#8211; Danse He\u0301brai\u0308que &#8211; Andre\u0301 Levy (Rec.1930) <\/a><\/div>\n\n\n\n<div class=\"wp-block-file\"><a id=\"wp-block-file--media-153632ab-8dbc-4603-8e31-44d599b74803\" href=\"https:\/\/www.iemj.org\/wp-content\/uploads\/2020\/06\/11_leiwi-izchok_s_dudele_1934_-_joseph_blumberg.mp3\">Lazare Saminsky &#8211; Leiwi-Izchok\u2019s Dudele &#8211; Joseph Blumberg (Rec.1934)<\/a><\/div>\n\n\n\n<p><\/p>\n","protected":false},"excerpt":{"rendered":"<p>Gi\u00e0 nel 1909, l&#8217;etichetta Odeon registr\u00f2 diversi dischi di musica ebraica: canzoni yiddish, musica liturgica o scolastica con compositori come Lazare Saminsky (1882-1959) e Joseph Achron (1886-1943), entrambi appartenenti alla<\/p>\n","protected":false},"author":1052,"featured_media":42906,"comment_status":"closed","ping_status":"closed","sticky":false,"template":"","format":"standard","meta":{"_acf_changed":false,"footnotes":""},"categories":[1567],"tags":[],"technique":[],"squelettes":[],"sujet":[],"formation":[],"genre":[],"fonds":[],"tradition":[],"type-de-contenu":[],"interprete-compositeur":[],"frise":[],"type-devenement":[],"tableaux-liens-externes":[],"class_list":["post-42905","post","type-post","status-publish","format-standard","has-post-thumbnail","hentry","category-indispensabili-it"],"acf":[],"yoast_head":"<!-- This site is optimized with the Yoast SEO plugin v27.3 - https:\/\/yoast.com\/product\/yoast-seo-wordpress\/ -->\n<title>I 78 giri della casa discografica ODEON - Institut Europ\u00e9en des Musiques Juives<\/title>\n<meta name=\"robots\" content=\"index, follow, max-snippet:-1, max-image-preview:large, max-video-preview:-1\" \/>\n<link rel=\"canonical\" href=\"https:\/\/www.iemj.org\/it\/les-78-tours-du-label-odeon\/\" \/>\n<meta property=\"og:locale\" content=\"it_IT\" \/>\n<meta property=\"og:type\" content=\"article\" \/>\n<meta property=\"og:title\" content=\"I 78 giri della casa discografica ODEON - Institut Europ\u00e9en des Musiques Juives\" \/>\n<meta property=\"og:description\" content=\"Gi\u00e0 nel 1909, l&#8217;etichetta Odeon registr\u00f2 diversi dischi di musica ebraica: canzoni yiddish, musica liturgica o scolastica con compositori come Lazare Saminsky (1882-1959) e Joseph Achron (1886-1943), entrambi appartenenti alla\" \/>\n<meta property=\"og:url\" content=\"https:\/\/www.iemj.org\/it\/les-78-tours-du-label-odeon\/\" \/>\n<meta property=\"og:site_name\" content=\"Institut Europ\u00e9en des Musiques Juives\" \/>\n<meta property=\"article:publisher\" content=\"https:\/\/www.facebook.com\/MusiquesJuives\/\" \/>\n<meta property=\"article:published_time\" content=\"2020-06-24T12:32:59+00:00\" \/>\n<meta property=\"article:modified_time\" content=\"2025-10-07T15:22:14+00:00\" \/>\n<meta property=\"og:image\" content=\"https:\/\/www.iemj.org\/wp-content\/uploads\/2020\/06\/arton4784-e1618563547395.jpg\" \/>\n\t<meta property=\"og:image:width\" content=\"350\" \/>\n\t<meta property=\"og:image:height\" content=\"350\" \/>\n\t<meta property=\"og:image:type\" content=\"image\/jpeg\" \/>\n<meta name=\"author\" content=\"Lea Couderc\" \/>\n<meta name=\"twitter:card\" content=\"summary_large_image\" \/>\n<meta name=\"twitter:label1\" content=\"Scritto da\" \/>\n\t<meta name=\"twitter:data1\" content=\"Lea Couderc\" \/>\n\t<meta name=\"twitter:label2\" content=\"Tempo di lettura stimato\" \/>\n\t<meta name=\"twitter:data2\" content=\"3 minuti\" \/>\n<script type=\"application\/ld+json\" class=\"yoast-schema-graph\">{\"@context\":\"https:\\\/\\\/schema.org\",\"@graph\":[{\"@type\":\"Article\",\"@id\":\"https:\\\/\\\/www.iemj.org\\\/it\\\/les-78-tours-du-label-odeon\\\/#article\",\"isPartOf\":{\"@id\":\"https:\\\/\\\/www.iemj.org\\\/it\\\/les-78-tours-du-label-odeon\\\/\"},\"author\":{\"name\":\"Lea Couderc\",\"@id\":\"https:\\\/\\\/www.iemj.org\\\/it\\\/#\\\/schema\\\/person\\\/e2ad57f2c4be119c7ed8ab79036807a9\"},\"headline\":\"I 78 giri della casa discografica ODEON\",\"datePublished\":\"2020-06-24T12:32:59+00:00\",\"dateModified\":\"2025-10-07T15:22:14+00:00\",\"mainEntityOfPage\":{\"@id\":\"https:\\\/\\\/www.iemj.org\\\/it\\\/les-78-tours-du-label-odeon\\\/\"},\"wordCount\":342,\"publisher\":{\"@id\":\"https:\\\/\\\/www.iemj.org\\\/it\\\/#organization\"},\"image\":{\"@id\":\"https:\\\/\\\/www.iemj.org\\\/it\\\/les-78-tours-du-label-odeon\\\/#primaryimage\"},\"thumbnailUrl\":\"https:\\\/\\\/www.iemj.org\\\/wp-content\\\/uploads\\\/2020\\\/06\\\/arton4784-e1618563547395.jpg\",\"articleSection\":[\"Indispensabili\"],\"inLanguage\":\"it-IT\"},{\"@type\":\"WebPage\",\"@id\":\"https:\\\/\\\/www.iemj.org\\\/it\\\/les-78-tours-du-label-odeon\\\/\",\"url\":\"https:\\\/\\\/www.iemj.org\\\/it\\\/les-78-tours-du-label-odeon\\\/\",\"name\":\"I 78 giri della casa discografica ODEON - Institut Europ\u00e9en des Musiques Juives\",\"isPartOf\":{\"@id\":\"https:\\\/\\\/www.iemj.org\\\/it\\\/#website\"},\"primaryImageOfPage\":{\"@id\":\"https:\\\/\\\/www.iemj.org\\\/it\\\/les-78-tours-du-label-odeon\\\/#primaryimage\"},\"image\":{\"@id\":\"https:\\\/\\\/www.iemj.org\\\/it\\\/les-78-tours-du-label-odeon\\\/#primaryimage\"},\"thumbnailUrl\":\"https:\\\/\\\/www.iemj.org\\\/wp-content\\\/uploads\\\/2020\\\/06\\\/arton4784-e1618563547395.jpg\",\"datePublished\":\"2020-06-24T12:32:59+00:00\",\"dateModified\":\"2025-10-07T15:22:14+00:00\",\"breadcrumb\":{\"@id\":\"https:\\\/\\\/www.iemj.org\\\/it\\\/les-78-tours-du-label-odeon\\\/#breadcrumb\"},\"inLanguage\":\"it-IT\",\"potentialAction\":[{\"@type\":\"ReadAction\",\"target\":[\"https:\\\/\\\/www.iemj.org\\\/it\\\/les-78-tours-du-label-odeon\\\/\"]}]},{\"@type\":\"ImageObject\",\"inLanguage\":\"it-IT\",\"@id\":\"https:\\\/\\\/www.iemj.org\\\/it\\\/les-78-tours-du-label-odeon\\\/#primaryimage\",\"url\":\"https:\\\/\\\/www.iemj.org\\\/wp-content\\\/uploads\\\/2020\\\/06\\\/arton4784-e1618563547395.jpg\",\"contentUrl\":\"https:\\\/\\\/www.iemj.org\\\/wp-content\\\/uploads\\\/2020\\\/06\\\/arton4784-e1618563547395.jpg\",\"width\":350,\"height\":350},{\"@type\":\"BreadcrumbList\",\"@id\":\"https:\\\/\\\/www.iemj.org\\\/it\\\/les-78-tours-du-label-odeon\\\/#breadcrumb\",\"itemListElement\":[{\"@type\":\"ListItem\",\"position\":1,\"name\":\"Accueil\",\"item\":\"https:\\\/\\\/www.iemj.org\\\/it\\\/\"},{\"@type\":\"ListItem\",\"position\":2,\"name\":\"I 78 giri della casa discografica ODEON\"}]},{\"@type\":\"WebSite\",\"@id\":\"https:\\\/\\\/www.iemj.org\\\/it\\\/#website\",\"url\":\"https:\\\/\\\/www.iemj.org\\\/it\\\/\",\"name\":\"Institut Europ\u00e9en des Musiques Juives\",\"description\":\"Des traditions musicales \u00e0 la port\u00e9e de tous\",\"publisher\":{\"@id\":\"https:\\\/\\\/www.iemj.org\\\/it\\\/#organization\"},\"potentialAction\":[{\"@type\":\"SearchAction\",\"target\":{\"@type\":\"EntryPoint\",\"urlTemplate\":\"https:\\\/\\\/www.iemj.org\\\/it\\\/?s={search_term_string}\"},\"query-input\":{\"@type\":\"PropertyValueSpecification\",\"valueRequired\":true,\"valueName\":\"search_term_string\"}}],\"inLanguage\":\"it-IT\"},{\"@type\":\"Organization\",\"@id\":\"https:\\\/\\\/www.iemj.org\\\/it\\\/#organization\",\"name\":\"Institut Europ\u00e9en des Musiques Juives\",\"url\":\"https:\\\/\\\/www.iemj.org\\\/it\\\/\",\"logo\":{\"@type\":\"ImageObject\",\"inLanguage\":\"it-IT\",\"@id\":\"https:\\\/\\\/www.iemj.org\\\/it\\\/#\\\/schema\\\/logo\\\/image\\\/\",\"url\":\"https:\\\/\\\/www.iemj.org\\\/wp-content\\\/uploads\\\/2021\\\/09\\\/Logo-IEMJ-Paypal.jpg\",\"contentUrl\":\"https:\\\/\\\/www.iemj.org\\\/wp-content\\\/uploads\\\/2021\\\/09\\\/Logo-IEMJ-Paypal.jpg\",\"width\":150,\"height\":50,\"caption\":\"Institut Europ\u00e9en des Musiques Juives\"},\"image\":{\"@id\":\"https:\\\/\\\/www.iemj.org\\\/it\\\/#\\\/schema\\\/logo\\\/image\\\/\"},\"sameAs\":[\"https:\\\/\\\/www.facebook.com\\\/MusiquesJuives\\\/\",\"https:\\\/\\\/www.instagram.com\\\/musiquesjuives\\\/\",\"https:\\\/\\\/www.youtube.com\\\/user\\\/musiquesjuives\"]},{\"@type\":\"Person\",\"@id\":\"https:\\\/\\\/www.iemj.org\\\/it\\\/#\\\/schema\\\/person\\\/e2ad57f2c4be119c7ed8ab79036807a9\",\"name\":\"Lea Couderc\",\"image\":{\"@type\":\"ImageObject\",\"inLanguage\":\"it-IT\",\"@id\":\"https:\\\/\\\/secure.gravatar.com\\\/avatar\\\/46ee021475d60aeff17a7e490b79dea5a5684bb392ab7fd1494027411df8ba23?s=96&d=mm&r=g\",\"url\":\"https:\\\/\\\/secure.gravatar.com\\\/avatar\\\/46ee021475d60aeff17a7e490b79dea5a5684bb392ab7fd1494027411df8ba23?s=96&d=mm&r=g\",\"contentUrl\":\"https:\\\/\\\/secure.gravatar.com\\\/avatar\\\/46ee021475d60aeff17a7e490b79dea5a5684bb392ab7fd1494027411df8ba23?s=96&d=mm&r=g\",\"caption\":\"Lea Couderc\"}}]}<\/script>\n<!-- \/ Yoast SEO plugin. -->","yoast_head_json":{"title":"I 78 giri della casa discografica ODEON - Institut Europ\u00e9en des Musiques Juives","robots":{"index":"index","follow":"follow","max-snippet":"max-snippet:-1","max-image-preview":"max-image-preview:large","max-video-preview":"max-video-preview:-1"},"canonical":"https:\/\/www.iemj.org\/it\/les-78-tours-du-label-odeon\/","og_locale":"it_IT","og_type":"article","og_title":"I 78 giri della casa discografica ODEON - Institut Europ\u00e9en des Musiques Juives","og_description":"Gi\u00e0 nel 1909, l&#8217;etichetta Odeon registr\u00f2 diversi dischi di musica ebraica: canzoni yiddish, musica liturgica o scolastica con compositori come Lazare Saminsky (1882-1959) e Joseph Achron (1886-1943), entrambi appartenenti alla","og_url":"https:\/\/www.iemj.org\/it\/les-78-tours-du-label-odeon\/","og_site_name":"Institut Europ\u00e9en des Musiques Juives","article_publisher":"https:\/\/www.facebook.com\/MusiquesJuives\/","article_published_time":"2020-06-24T12:32:59+00:00","article_modified_time":"2025-10-07T15:22:14+00:00","og_image":[{"width":350,"height":350,"url":"https:\/\/www.iemj.org\/wp-content\/uploads\/2020\/06\/arton4784-e1618563547395.jpg","type":"image\/jpeg"}],"author":"Lea Couderc","twitter_card":"summary_large_image","twitter_misc":{"Scritto da":"Lea Couderc","Tempo di lettura stimato":"3 minuti"},"schema":{"@context":"https:\/\/schema.org","@graph":[{"@type":"Article","@id":"https:\/\/www.iemj.org\/it\/les-78-tours-du-label-odeon\/#article","isPartOf":{"@id":"https:\/\/www.iemj.org\/it\/les-78-tours-du-label-odeon\/"},"author":{"name":"Lea Couderc","@id":"https:\/\/www.iemj.org\/it\/#\/schema\/person\/e2ad57f2c4be119c7ed8ab79036807a9"},"headline":"I 78 giri della casa discografica ODEON","datePublished":"2020-06-24T12:32:59+00:00","dateModified":"2025-10-07T15:22:14+00:00","mainEntityOfPage":{"@id":"https:\/\/www.iemj.org\/it\/les-78-tours-du-label-odeon\/"},"wordCount":342,"publisher":{"@id":"https:\/\/www.iemj.org\/it\/#organization"},"image":{"@id":"https:\/\/www.iemj.org\/it\/les-78-tours-du-label-odeon\/#primaryimage"},"thumbnailUrl":"https:\/\/www.iemj.org\/wp-content\/uploads\/2020\/06\/arton4784-e1618563547395.jpg","articleSection":["Indispensabili"],"inLanguage":"it-IT"},{"@type":"WebPage","@id":"https:\/\/www.iemj.org\/it\/les-78-tours-du-label-odeon\/","url":"https:\/\/www.iemj.org\/it\/les-78-tours-du-label-odeon\/","name":"I 78 giri della casa discografica ODEON - Institut Europ\u00e9en des Musiques Juives","isPartOf":{"@id":"https:\/\/www.iemj.org\/it\/#website"},"primaryImageOfPage":{"@id":"https:\/\/www.iemj.org\/it\/les-78-tours-du-label-odeon\/#primaryimage"},"image":{"@id":"https:\/\/www.iemj.org\/it\/les-78-tours-du-label-odeon\/#primaryimage"},"thumbnailUrl":"https:\/\/www.iemj.org\/wp-content\/uploads\/2020\/06\/arton4784-e1618563547395.jpg","datePublished":"2020-06-24T12:32:59+00:00","dateModified":"2025-10-07T15:22:14+00:00","breadcrumb":{"@id":"https:\/\/www.iemj.org\/it\/les-78-tours-du-label-odeon\/#breadcrumb"},"inLanguage":"it-IT","potentialAction":[{"@type":"ReadAction","target":["https:\/\/www.iemj.org\/it\/les-78-tours-du-label-odeon\/"]}]},{"@type":"ImageObject","inLanguage":"it-IT","@id":"https:\/\/www.iemj.org\/it\/les-78-tours-du-label-odeon\/#primaryimage","url":"https:\/\/www.iemj.org\/wp-content\/uploads\/2020\/06\/arton4784-e1618563547395.jpg","contentUrl":"https:\/\/www.iemj.org\/wp-content\/uploads\/2020\/06\/arton4784-e1618563547395.jpg","width":350,"height":350},{"@type":"BreadcrumbList","@id":"https:\/\/www.iemj.org\/it\/les-78-tours-du-label-odeon\/#breadcrumb","itemListElement":[{"@type":"ListItem","position":1,"name":"Accueil","item":"https:\/\/www.iemj.org\/it\/"},{"@type":"ListItem","position":2,"name":"I 78 giri della casa discografica ODEON"}]},{"@type":"WebSite","@id":"https:\/\/www.iemj.org\/it\/#website","url":"https:\/\/www.iemj.org\/it\/","name":"Institut Europ\u00e9en des Musiques Juives","description":"Des traditions musicales \u00e0 la port\u00e9e de tous","publisher":{"@id":"https:\/\/www.iemj.org\/it\/#organization"},"potentialAction":[{"@type":"SearchAction","target":{"@type":"EntryPoint","urlTemplate":"https:\/\/www.iemj.org\/it\/?s={search_term_string}"},"query-input":{"@type":"PropertyValueSpecification","valueRequired":true,"valueName":"search_term_string"}}],"inLanguage":"it-IT"},{"@type":"Organization","@id":"https:\/\/www.iemj.org\/it\/#organization","name":"Institut Europ\u00e9en des Musiques Juives","url":"https:\/\/www.iemj.org\/it\/","logo":{"@type":"ImageObject","inLanguage":"it-IT","@id":"https:\/\/www.iemj.org\/it\/#\/schema\/logo\/image\/","url":"https:\/\/www.iemj.org\/wp-content\/uploads\/2021\/09\/Logo-IEMJ-Paypal.jpg","contentUrl":"https:\/\/www.iemj.org\/wp-content\/uploads\/2021\/09\/Logo-IEMJ-Paypal.jpg","width":150,"height":50,"caption":"Institut Europ\u00e9en des Musiques Juives"},"image":{"@id":"https:\/\/www.iemj.org\/it\/#\/schema\/logo\/image\/"},"sameAs":["https:\/\/www.facebook.com\/MusiquesJuives\/","https:\/\/www.instagram.com\/musiquesjuives\/","https:\/\/www.youtube.com\/user\/musiquesjuives"]},{"@type":"Person","@id":"https:\/\/www.iemj.org\/it\/#\/schema\/person\/e2ad57f2c4be119c7ed8ab79036807a9","name":"Lea Couderc","image":{"@type":"ImageObject","inLanguage":"it-IT","@id":"https:\/\/secure.gravatar.com\/avatar\/46ee021475d60aeff17a7e490b79dea5a5684bb392ab7fd1494027411df8ba23?s=96&d=mm&r=g","url":"https:\/\/secure.gravatar.com\/avatar\/46ee021475d60aeff17a7e490b79dea5a5684bb392ab7fd1494027411df8ba23?s=96&d=mm&r=g","contentUrl":"https:\/\/secure.gravatar.com\/avatar\/46ee021475d60aeff17a7e490b79dea5a5684bb392ab7fd1494027411df8ba23?s=96&d=mm&r=g","caption":"Lea Couderc"}}]}},"_links":{"self":[{"href":"https:\/\/www.iemj.org\/it\/wp-json\/wp\/v2\/posts\/42905","targetHints":{"allow":["GET"]}}],"collection":[{"href":"https:\/\/www.iemj.org\/it\/wp-json\/wp\/v2\/posts"}],"about":[{"href":"https:\/\/www.iemj.org\/it\/wp-json\/wp\/v2\/types\/post"}],"author":[{"embeddable":true,"href":"https:\/\/www.iemj.org\/it\/wp-json\/wp\/v2\/users\/1052"}],"replies":[{"embeddable":true,"href":"https:\/\/www.iemj.org\/it\/wp-json\/wp\/v2\/comments?post=42905"}],"version-history":[{"count":1,"href":"https:\/\/www.iemj.org\/it\/wp-json\/wp\/v2\/posts\/42905\/revisions"}],"predecessor-version":[{"id":126485,"href":"https:\/\/www.iemj.org\/it\/wp-json\/wp\/v2\/posts\/42905\/revisions\/126485"}],"wp:featuredmedia":[{"embeddable":true,"href":"https:\/\/www.iemj.org\/it\/wp-json\/wp\/v2\/media\/42906"}],"wp:attachment":[{"href":"https:\/\/www.iemj.org\/it\/wp-json\/wp\/v2\/media?parent=42905"}],"wp:term":[{"taxonomy":"category","embeddable":true,"href":"https:\/\/www.iemj.org\/it\/wp-json\/wp\/v2\/categories?post=42905"},{"taxonomy":"post_tag","embeddable":true,"href":"https:\/\/www.iemj.org\/it\/wp-json\/wp\/v2\/tags?post=42905"},{"taxonomy":"technique","embeddable":true,"href":"https:\/\/www.iemj.org\/it\/wp-json\/wp\/v2\/technique?post=42905"},{"taxonomy":"squelettes","embeddable":true,"href":"https:\/\/www.iemj.org\/it\/wp-json\/wp\/v2\/squelettes?post=42905"},{"taxonomy":"sujet","embeddable":true,"href":"https:\/\/www.iemj.org\/it\/wp-json\/wp\/v2\/sujet?post=42905"},{"taxonomy":"formation","embeddable":true,"href":"https:\/\/www.iemj.org\/it\/wp-json\/wp\/v2\/formation?post=42905"},{"taxonomy":"genre","embeddable":true,"href":"https:\/\/www.iemj.org\/it\/wp-json\/wp\/v2\/genre?post=42905"},{"taxonomy":"fonds","embeddable":true,"href":"https:\/\/www.iemj.org\/it\/wp-json\/wp\/v2\/fonds?post=42905"},{"taxonomy":"tradition","embeddable":true,"href":"https:\/\/www.iemj.org\/it\/wp-json\/wp\/v2\/tradition?post=42905"},{"taxonomy":"type-de-contenu","embeddable":true,"href":"https:\/\/www.iemj.org\/it\/wp-json\/wp\/v2\/type-de-contenu?post=42905"},{"taxonomy":"interprete-compositeur","embeddable":true,"href":"https:\/\/www.iemj.org\/it\/wp-json\/wp\/v2\/interprete-compositeur?post=42905"},{"taxonomy":"frise","embeddable":true,"href":"https:\/\/www.iemj.org\/it\/wp-json\/wp\/v2\/frise?post=42905"},{"taxonomy":"type-devenement","embeddable":true,"href":"https:\/\/www.iemj.org\/it\/wp-json\/wp\/v2\/type-devenement?post=42905"},{"taxonomy":"tableaux-liens-externes","embeddable":true,"href":"https:\/\/www.iemj.org\/it\/wp-json\/wp\/v2\/tableaux-liens-externes?post=42905"}],"curies":[{"name":"wp","href":"https:\/\/api.w.org\/{rel}","templated":true}]}}