{"id":42985,"date":"2020-06-12T14:45:32","date_gmt":"2020-06-12T12:45:32","guid":{"rendered":"https:\/\/www.iemj.org\/le-candelabre-a-sept-branches-1951-de-darius-milhaud\/"},"modified":"2024-06-24T12:48:21","modified_gmt":"2024-06-24T10:48:21","slug":"le-candelabre-a-sept-branches-1951-de-darius-milhaud","status":"publish","type":"post","link":"https:\/\/www.iemj.org\/it\/le-candelabre-a-sept-branches-1951-de-darius-milhaud\/","title":{"rendered":"Le Cand\u00e9labre \u00e0 Sept Branches [Il Candelabro a Sette Bracci] (1951) di Darius Milhaud"},"content":{"rendered":"<p class=\"post_excerpt\">A cura di Herv\u00e9 Roten<\/p>\n<p><!--more--><br \/><img decoding=\"async\" class=\" alignright size-full wp-image-28841\" src=\"https:\/\/www.iemj.org\/wp-content\/uploads\/2020\/06\/darius_milhaud_3-redim_150px_vertic.jpg\" alt=\"darius_milhaud_3-redim_150px_vertic.jpg\" width=\"144\" height=\"150\" align=\"right\" \/>Composto a Parigi tra il 20 e il 28 dicembre 1951, <em>Le Cand\u00e9labre \u00e0 Sept Branches<\/em> (opus 315) \u00e8 un ciclo di sette brevi brani per pianoforte di <a href=\"https:\/\/www.iemj.org\/it\/milhaud-darius-1892-1974\/\" target=\"_blank\" rel=\"noopener\">Darius Milhaud (1892-1974)<\/a>, che evocano le principali feste del calendario ebraico (<em>Primo giorno dell&#8217;Anno, Giorno di Penitenza, Festa delle Capanne, La resistenza dei Maccabei, Festa della Regina Ester, Festa di Pasqua, Festa di Pentecoste<\/em>). Questo brano, dalla durata di circa 10 minuti, fu eseguito per la prima volta il 10 aprile 1952 dal pianista\u00a0<a href=\"http:\/\/www.rene-gagnaux-1.ch\/p_repertoire\/pelleg_courte_biographie.html\">Frank Pelleg (1910-1968)<\/a> all&#8217;Ein Gev Festival (Israele). L&#8217;opera, dedicata a Madeleine Milhaud, \u00e8 stata pubblicata nel 1952 dalla Israeli Music Publisher (Tel Aviv).<\/p>\n<p><img fetchpriority=\"high\" decoding=\"async\" class=\" alignleft size-full wp-image-28843\" src=\"https:\/\/www.iemj.org\/wp-content\/uploads\/2020\/06\/p_334_couv_eclaircie__370px_vertic.jpg\" alt=\"p_334_couv_eclaircie__370px_vertic.jpg\" width=\"287\" height=\"370\" align=\"left\" srcset=\"https:\/\/www.iemj.org\/wp-content\/uploads\/2020\/06\/p_334_couv_eclaircie__370px_vertic.jpg 287w, https:\/\/www.iemj.org\/wp-content\/uploads\/2020\/06\/p_334_couv_eclaircie__370px_vertic-233x300.jpg 233w\" sizes=\"(max-width: 287px) 100vw, 287px\" \/>Il titolo di questo spartito fa referenza alla menorah (il candelabro) a sette bracci del Tempio di Salomone. Darius Milhaud proviene da un&#8217;antica famiglia ebrea del Comtat Venaissin. Non ha mai rinnegato le sue radici. Ed una parte della sua opera riflette il suo attaccamento al giudaismo<span class=\"footnote_referrer\"><a role=\"button\" tabindex=\"0\" onclick=\"footnote_moveToReference_42985_1('footnote_plugin_reference_42985_1_1');\" onkeypress=\"footnote_moveToReference_42985_1('footnote_plugin_reference_42985_1_1');\" ><sup id=\"footnote_plugin_tooltip_42985_1_1\" class=\"footnote_plugin_tooltip_text\">[1]<\/sup><\/a><span id=\"footnote_plugin_tooltip_text_42985_1_1\" class=\"footnote_tooltip\">Su questo argomento, vedi l&#8217;articolo di Gil Pressnitzer su <a href=\"https:\/\/www.espritsnomades.net\/musiques\/darius-milhaud-un-ogre-en-musique\/\">Esprits Nomades<\/a><\/span><\/span><script type=\"text\/javascript\"> jQuery('#footnote_plugin_tooltip_42985_1_1').tooltip({ tip: '#footnote_plugin_tooltip_text_42985_1_1', tipClass: 'footnote_tooltip', effect: 'fade', predelay: 0, fadeInSpeed: 200, delay: 400, fadeOutSpeed: 200, position: 'top center', relative: true, offset: [-7, 0], });<\/script>.<\/p>\n<p><em>Le Cand\u00e9labre \u00e0 Sept Branches<\/em> non utilizza alcun tema liturgico o folcloristico ebraico. Il linguaggio musicale rimane quello solitamente utilizzato dal compositore. Ma come osserva il musicologo Fran\u00e7ois-Ren\u00e9 Tranchefort, \u201cgli accenti di questa musica sono al tempo stesso tetri e colorati, caldi, intimi e profondi.&#8221;<span class=\"footnote_referrer\"><a role=\"button\" tabindex=\"0\" onclick=\"footnote_moveToReference_42985_1('footnote_plugin_reference_42985_1_2');\" onkeypress=\"footnote_moveToReference_42985_1('footnote_plugin_reference_42985_1_2');\" ><sup id=\"footnote_plugin_tooltip_42985_1_2\" class=\"footnote_plugin_tooltip_text\">[2]<\/sup><\/a><span id=\"footnote_plugin_tooltip_text_42985_1_2\" class=\"footnote_tooltip\">Fran\u00e7ois-Ren\u00e9 Tranchefort, Guide de la musique de piano et clavecin (Guida alla musica per pianoforte e clavicembalo), \u00e9d. Fayard 1987 p.529.<\/span><\/span><script type=\"text\/javascript\"> jQuery('#footnote_plugin_tooltip_42985_1_2').tooltip({ tip: '#footnote_plugin_tooltip_text_42985_1_2', tipClass: 'footnote_tooltip', effect: 'fade', predelay: 0, fadeInSpeed: 200, delay: 400, fadeOutSpeed: 200, position: 'top center', relative: true, offset: [-7, 0], });<\/script><\/p>\n<p>Il manoscritto su carta da ricalco stampato in possesso dell&#8217;Istituto Europeo di Musica Ebraica proviene dal <a href=\"https:\/\/www.iemj.org\/it\/fonds-halphen\/\">Fondo Halphen<\/a>. Questo pezzo unico presenta una misteriosa dedica di Darius Milhaud \u00ab \u00e0 <a href=\"https:\/\/www.iemj.org\/halphen-alice-1878-1963\/\">Madame Halphen<\/a> in memoria della costellazione dell&#8217; Orione&#8221;.<\/p>\n<p>L&#8217;IEMJ ha altri spartiti di ispirazione ebraica di Darius Milhaud, come, in particolare,\u00a0\u00a0 <em>I 6 Canti popolari ebraici<\/em> pubblicate da Hegel nel 1925, od ancora le opere <em>Esther de Carpentras<\/em> (1938) e <em>David<\/em> (1954)<\/p>\n<p><strong>Fonti<\/strong>: <a href=\"http:\/\/brahms.ircam.fr\/works\/work\/44824\/\">IRCAM<\/a>, <a href=\"https:\/\/www.musicologie.org\/Biographies\/m\/milhaud_darius.html\">Musicologie.org<\/a>, <a href=\"https:\/\/www.espritsnomades.net\/musiques\/darius-milhaud-un-ogre-en-musique\/\">Esprits nomades (Gil Pressnitzer)<\/a><\/p>\n<ul>\n<li><a href=\"https:\/\/www.iemj.org\/it\/milhaud-darius-1892-1974\/\" target=\"_blank\" rel=\"noopener\">Darius Milhaud (1892-1974)<\/a><\/li>\n<li><a href=\"https:\/\/www.iemj.org\/it\/darius-milhaud-et-ses-oeuvres-inspirees-de-la-tradition-juive\/\" target=\"_blank\" rel=\"noopener\">Ascoltare la playlist di Darius Milhaud e le sue opere ispirate alla tradizione ebraica<\/a><\/li>\n<li><a href=\"http:\/\/www.rachelnet.net\/F\/?func=find-c&amp;ccl_term=WRD+%3D+Darius+Milhaud+ET+WTY+%3D+P1+or+P2+or+P3+or+P4+or+A3+or+A4&amp;local_base=iemcg\">Consultare il catalogo degli spartiti di Darius Milhaud conservati all&#8217; l\u2019IEMJ<\/a><\/li>\n<li><a href=\"https:\/\/fr.calameo.com\/read\/004612749c27e72dfaa47\">Consultare lo spartito: <em>Le Cand\u00e9labre \u00e0 Sept Branches &#8211; Darius Milhaud<\/em> <\/a><\/li>\n<li><a href=\"https:\/\/www.youtube.com\/results?search_query=Frank+Pelleg+Le+cand%C3%A9labre\">Ascoltare <em>Le cand\u00e9labre \u00e0 sept branches<\/em> interprato da Frank Pelleg<\/a><\/li>\n<\/ul>\n\n\n<figure class=\"wp-block-embed is-type-video is-provider-youtube wp-block-embed-youtube wp-embed-aspect-4-3 wp-has-aspect-ratio\"><div class=\"wp-block-embed__wrapper\">\n<iframe title=\"Le cand\u00e9labre \u00e0 sept branches, Op. 315: No. 6, F\u00eate de P\u00e2ques\" width=\"640\" height=\"480\" src=\"https:\/\/www.youtube.com\/embed\/cgUVdMzVqKE?feature=oembed\" frameborder=\"0\" allow=\"accelerometer; autoplay; clipboard-write; encrypted-media; gyroscope; picture-in-picture; web-share\" referrerpolicy=\"strict-origin-when-cross-origin\" allowfullscreen><\/iframe>\n<\/div><\/figure>\n<div class=\"speaker-mute footnotes_reference_container\"> <div class=\"footnote_container_prepare\"><p><span role=\"button\" tabindex=\"0\" class=\"footnote_reference_container_label pointer\" onclick=\"footnote_expand_collapse_reference_container_42985_1();\">&#x202F;<\/span><span role=\"button\" tabindex=\"0\" class=\"footnote_reference_container_collapse_button\" style=\"display: none;\" onclick=\"footnote_expand_collapse_reference_container_42985_1();\">[<a id=\"footnote_reference_container_collapse_button_42985_1\">+<\/a>]<\/span><\/p><\/div> <div id=\"footnote_references_container_42985_1\" style=\"\"><table class=\"footnotes_table footnote-reference-container\"><caption class=\"accessibility\">References<\/caption> <tbody> \r\n\r\n<tr class=\"footnotes_plugin_reference_row\"> <th scope=\"row\" class=\"footnote_plugin_index_combi pointer\"  onclick=\"footnote_moveToAnchor_42985_1('footnote_plugin_tooltip_42985_1_1');\"><a id=\"footnote_plugin_reference_42985_1_1\" class=\"footnote_backlink\">1<\/a><\/th> <td class=\"footnote_plugin_text\">Su questo argomento, vedi l&#8217;articolo di Gil Pressnitzer su <a href=\"https:\/\/www.espritsnomades.net\/musiques\/darius-milhaud-un-ogre-en-musique\/\">Esprits Nomades<\/a><\/td><\/tr>\r\n\r\n<tr class=\"footnotes_plugin_reference_row\"> <th scope=\"row\" class=\"footnote_plugin_index_combi pointer\"  onclick=\"footnote_moveToAnchor_42985_1('footnote_plugin_tooltip_42985_1_2');\"><a id=\"footnote_plugin_reference_42985_1_2\" class=\"footnote_backlink\">2<\/a><\/th> <td class=\"footnote_plugin_text\">Fran\u00e7ois-Ren\u00e9 Tranchefort, Guide de la musique de piano et clavecin (Guida alla musica per pianoforte e clavicembalo), \u00e9d. Fayard 1987 p.529.<\/td><\/tr>\r\n\r\n <\/tbody> <\/table> <\/div><\/div><script type=\"text\/javascript\"> function footnote_expand_reference_container_42985_1() { jQuery('#footnote_references_container_42985_1').show(); jQuery('#footnote_reference_container_collapse_button_42985_1').text('\u2212'); } function footnote_collapse_reference_container_42985_1() { jQuery('#footnote_references_container_42985_1').hide(); jQuery('#footnote_reference_container_collapse_button_42985_1').text('+'); } function footnote_expand_collapse_reference_container_42985_1() { if (jQuery('#footnote_references_container_42985_1').is(':hidden')) { footnote_expand_reference_container_42985_1(); } else { footnote_collapse_reference_container_42985_1(); } } function footnote_moveToReference_42985_1(p_str_TargetID) { footnote_expand_reference_container_42985_1(); var l_obj_Target = jQuery('#' + p_str_TargetID); if (l_obj_Target.length) { jQuery( 'html, body' ).delay( 0 ); jQuery('html, body').animate({ scrollTop: l_obj_Target.offset().top - window.innerHeight * 0.2 }, 380); } } function footnote_moveToAnchor_42985_1(p_str_TargetID) { footnote_expand_reference_container_42985_1(); var l_obj_Target = jQuery('#' + p_str_TargetID); if (l_obj_Target.length) { jQuery( 'html, body' ).delay( 0 ); jQuery('html, body').animate({ scrollTop: l_obj_Target.offset().top - window.innerHeight * 0.2 }, 380); } }<\/script>","protected":false},"excerpt":{"rendered":"<p>A cura di Herv\u00e9 Roten<\/p>\n","protected":false},"author":1045,"featured_media":42986,"comment_status":"closed","ping_status":"closed","sticky":false,"template":"","format":"standard","meta":{"_acf_changed":false,"footnotes":""},"categories":[1567],"tags":[],"technique":[],"squelettes":[],"sujet":[],"formation":[],"genre":[1901],"fonds":[],"tradition":[],"type-de-contenu":[],"interprete-compositeur":[3130],"frise":[],"type-devenement":[],"tableaux-liens-externes":[],"class_list":["post-42985","post","type-post","status-publish","format-standard","has-post-thumbnail","hentry","category-indispensabili-it","genre-musica-classica-it","interprete-compositeur-darius-milhaud-it"],"acf":[],"yoast_head":"<!-- This site is optimized with the Yoast SEO plugin v27.3 - https:\/\/yoast.com\/product\/yoast-seo-wordpress\/ -->\n<title>Le Cand\u00e9labre \u00e0 Sept Branches [Il Candelabro a Sette Bracci] (1951) di Darius Milhaud - Institut Europ\u00e9en des Musiques Juives<\/title>\n<meta name=\"robots\" content=\"index, follow, max-snippet:-1, max-image-preview:large, max-video-preview:-1\" \/>\n<link rel=\"canonical\" href=\"https:\/\/www.iemj.org\/it\/le-candelabre-a-sept-branches-1951-de-darius-milhaud\/\" \/>\n<meta property=\"og:locale\" content=\"it_IT\" \/>\n<meta property=\"og:type\" content=\"article\" \/>\n<meta property=\"og:title\" content=\"Le Cand\u00e9labre \u00e0 Sept Branches [Il Candelabro a Sette Bracci] (1951) di Darius Milhaud - Institut Europ\u00e9en des Musiques Juives\" \/>\n<meta property=\"og:description\" content=\"A cura di Herv\u00e9 Roten\" \/>\n<meta property=\"og:url\" content=\"https:\/\/www.iemj.org\/it\/le-candelabre-a-sept-branches-1951-de-darius-milhaud\/\" \/>\n<meta property=\"og:site_name\" content=\"Institut Europ\u00e9en des Musiques Juives\" \/>\n<meta property=\"article:publisher\" content=\"https:\/\/www.facebook.com\/MusiquesJuives\/\" \/>\n<meta property=\"article:published_time\" content=\"2020-06-12T12:45:32+00:00\" \/>\n<meta property=\"article:modified_time\" content=\"2024-06-24T10:48:21+00:00\" \/>\n<meta property=\"og:image\" content=\"https:\/\/www.iemj.org\/wp-content\/uploads\/2020\/06\/arton4771.jpg\" \/>\n\t<meta property=\"og:image:width\" content=\"324\" \/>\n\t<meta property=\"og:image:height\" content=\"450\" \/>\n\t<meta property=\"og:image:type\" content=\"image\/jpeg\" \/>\n<meta name=\"author\" content=\"Herv\u00e9 Roten\" \/>\n<meta name=\"twitter:card\" content=\"summary_large_image\" \/>\n<meta name=\"twitter:label1\" content=\"Scritto da\" \/>\n\t<meta name=\"twitter:data1\" content=\"Herv\u00e9 Roten\" \/>\n\t<meta name=\"twitter:label2\" content=\"Tempo di lettura stimato\" \/>\n\t<meta name=\"twitter:data2\" content=\"3 minuti\" \/>\n<script type=\"application\/ld+json\" class=\"yoast-schema-graph\">{\"@context\":\"https:\\\/\\\/schema.org\",\"@graph\":[{\"@type\":\"Article\",\"@id\":\"https:\\\/\\\/www.iemj.org\\\/it\\\/le-candelabre-a-sept-branches-1951-de-darius-milhaud\\\/#article\",\"isPartOf\":{\"@id\":\"https:\\\/\\\/www.iemj.org\\\/it\\\/le-candelabre-a-sept-branches-1951-de-darius-milhaud\\\/\"},\"author\":{\"name\":\"Herv\u00e9 Roten\",\"@id\":\"https:\\\/\\\/www.iemj.org\\\/it\\\/#\\\/schema\\\/person\\\/906134402c29d5c76e7b726261dd4bbd\"},\"headline\":\"Le Cand\u00e9labre \u00e0 Sept Branches [Il Candelabro a Sette Bracci] (1951) di Darius Milhaud\",\"datePublished\":\"2020-06-12T12:45:32+00:00\",\"dateModified\":\"2024-06-24T10:48:21+00:00\",\"mainEntityOfPage\":{\"@id\":\"https:\\\/\\\/www.iemj.org\\\/it\\\/le-candelabre-a-sept-branches-1951-de-darius-milhaud\\\/\"},\"wordCount\":373,\"publisher\":{\"@id\":\"https:\\\/\\\/www.iemj.org\\\/it\\\/#organization\"},\"image\":{\"@id\":\"https:\\\/\\\/www.iemj.org\\\/it\\\/le-candelabre-a-sept-branches-1951-de-darius-milhaud\\\/#primaryimage\"},\"thumbnailUrl\":\"https:\\\/\\\/www.iemj.org\\\/wp-content\\\/uploads\\\/2020\\\/06\\\/arton4771.jpg\",\"articleSection\":[\"Indispensabili\"],\"inLanguage\":\"it-IT\"},{\"@type\":\"WebPage\",\"@id\":\"https:\\\/\\\/www.iemj.org\\\/it\\\/le-candelabre-a-sept-branches-1951-de-darius-milhaud\\\/\",\"url\":\"https:\\\/\\\/www.iemj.org\\\/it\\\/le-candelabre-a-sept-branches-1951-de-darius-milhaud\\\/\",\"name\":\"Le Cand\u00e9labre \u00e0 Sept Branches [Il Candelabro a Sette Bracci] (1951) di Darius Milhaud - Institut Europ\u00e9en des Musiques Juives\",\"isPartOf\":{\"@id\":\"https:\\\/\\\/www.iemj.org\\\/it\\\/#website\"},\"primaryImageOfPage\":{\"@id\":\"https:\\\/\\\/www.iemj.org\\\/it\\\/le-candelabre-a-sept-branches-1951-de-darius-milhaud\\\/#primaryimage\"},\"image\":{\"@id\":\"https:\\\/\\\/www.iemj.org\\\/it\\\/le-candelabre-a-sept-branches-1951-de-darius-milhaud\\\/#primaryimage\"},\"thumbnailUrl\":\"https:\\\/\\\/www.iemj.org\\\/wp-content\\\/uploads\\\/2020\\\/06\\\/arton4771.jpg\",\"datePublished\":\"2020-06-12T12:45:32+00:00\",\"dateModified\":\"2024-06-24T10:48:21+00:00\",\"breadcrumb\":{\"@id\":\"https:\\\/\\\/www.iemj.org\\\/it\\\/le-candelabre-a-sept-branches-1951-de-darius-milhaud\\\/#breadcrumb\"},\"inLanguage\":\"it-IT\",\"potentialAction\":[{\"@type\":\"ReadAction\",\"target\":[\"https:\\\/\\\/www.iemj.org\\\/it\\\/le-candelabre-a-sept-branches-1951-de-darius-milhaud\\\/\"]}]},{\"@type\":\"ImageObject\",\"inLanguage\":\"it-IT\",\"@id\":\"https:\\\/\\\/www.iemj.org\\\/it\\\/le-candelabre-a-sept-branches-1951-de-darius-milhaud\\\/#primaryimage\",\"url\":\"https:\\\/\\\/www.iemj.org\\\/wp-content\\\/uploads\\\/2020\\\/06\\\/arton4771.jpg\",\"contentUrl\":\"https:\\\/\\\/www.iemj.org\\\/wp-content\\\/uploads\\\/2020\\\/06\\\/arton4771.jpg\",\"width\":324,\"height\":450},{\"@type\":\"BreadcrumbList\",\"@id\":\"https:\\\/\\\/www.iemj.org\\\/it\\\/le-candelabre-a-sept-branches-1951-de-darius-milhaud\\\/#breadcrumb\",\"itemListElement\":[{\"@type\":\"ListItem\",\"position\":1,\"name\":\"Accueil\",\"item\":\"https:\\\/\\\/www.iemj.org\\\/it\\\/\"},{\"@type\":\"ListItem\",\"position\":2,\"name\":\"Le Cand\u00e9labre \u00e0 Sept Branches [Il Candelabro a Sette Bracci] (1951) di Darius Milhaud\"}]},{\"@type\":\"WebSite\",\"@id\":\"https:\\\/\\\/www.iemj.org\\\/it\\\/#website\",\"url\":\"https:\\\/\\\/www.iemj.org\\\/it\\\/\",\"name\":\"Institut Europ\u00e9en des Musiques Juives\",\"description\":\"Des traditions musicales \u00e0 la port\u00e9e de tous\",\"publisher\":{\"@id\":\"https:\\\/\\\/www.iemj.org\\\/it\\\/#organization\"},\"potentialAction\":[{\"@type\":\"SearchAction\",\"target\":{\"@type\":\"EntryPoint\",\"urlTemplate\":\"https:\\\/\\\/www.iemj.org\\\/it\\\/?s={search_term_string}\"},\"query-input\":{\"@type\":\"PropertyValueSpecification\",\"valueRequired\":true,\"valueName\":\"search_term_string\"}}],\"inLanguage\":\"it-IT\"},{\"@type\":\"Organization\",\"@id\":\"https:\\\/\\\/www.iemj.org\\\/it\\\/#organization\",\"name\":\"Institut Europ\u00e9en des Musiques Juives\",\"url\":\"https:\\\/\\\/www.iemj.org\\\/it\\\/\",\"logo\":{\"@type\":\"ImageObject\",\"inLanguage\":\"it-IT\",\"@id\":\"https:\\\/\\\/www.iemj.org\\\/it\\\/#\\\/schema\\\/logo\\\/image\\\/\",\"url\":\"https:\\\/\\\/www.iemj.org\\\/wp-content\\\/uploads\\\/2021\\\/09\\\/Logo-IEMJ-Paypal.jpg\",\"contentUrl\":\"https:\\\/\\\/www.iemj.org\\\/wp-content\\\/uploads\\\/2021\\\/09\\\/Logo-IEMJ-Paypal.jpg\",\"width\":150,\"height\":50,\"caption\":\"Institut Europ\u00e9en des Musiques Juives\"},\"image\":{\"@id\":\"https:\\\/\\\/www.iemj.org\\\/it\\\/#\\\/schema\\\/logo\\\/image\\\/\"},\"sameAs\":[\"https:\\\/\\\/www.facebook.com\\\/MusiquesJuives\\\/\",\"https:\\\/\\\/www.instagram.com\\\/musiquesjuives\\\/\",\"https:\\\/\\\/www.youtube.com\\\/user\\\/musiquesjuives\"]},{\"@type\":\"Person\",\"@id\":\"https:\\\/\\\/www.iemj.org\\\/it\\\/#\\\/schema\\\/person\\\/906134402c29d5c76e7b726261dd4bbd\",\"name\":\"Herv\u00e9 Roten\",\"image\":{\"@type\":\"ImageObject\",\"inLanguage\":\"it-IT\",\"@id\":\"https:\\\/\\\/secure.gravatar.com\\\/avatar\\\/f96ad2db538a26481f18384936b5cd0610c92d390c4dc382209216d455f685ff?s=96&d=mm&r=g\",\"url\":\"https:\\\/\\\/secure.gravatar.com\\\/avatar\\\/f96ad2db538a26481f18384936b5cd0610c92d390c4dc382209216d455f685ff?s=96&d=mm&r=g\",\"contentUrl\":\"https:\\\/\\\/secure.gravatar.com\\\/avatar\\\/f96ad2db538a26481f18384936b5cd0610c92d390c4dc382209216d455f685ff?s=96&d=mm&r=g\",\"caption\":\"Herv\u00e9 Roten\"}}]}<\/script>\n<!-- \/ Yoast SEO plugin. -->","yoast_head_json":{"title":"Le Cand\u00e9labre \u00e0 Sept Branches [Il Candelabro a Sette Bracci] (1951) di Darius Milhaud - Institut Europ\u00e9en des Musiques Juives","robots":{"index":"index","follow":"follow","max-snippet":"max-snippet:-1","max-image-preview":"max-image-preview:large","max-video-preview":"max-video-preview:-1"},"canonical":"https:\/\/www.iemj.org\/it\/le-candelabre-a-sept-branches-1951-de-darius-milhaud\/","og_locale":"it_IT","og_type":"article","og_title":"Le Cand\u00e9labre \u00e0 Sept Branches [Il Candelabro a Sette Bracci] (1951) di Darius Milhaud - Institut Europ\u00e9en des Musiques Juives","og_description":"A cura di Herv\u00e9 Roten","og_url":"https:\/\/www.iemj.org\/it\/le-candelabre-a-sept-branches-1951-de-darius-milhaud\/","og_site_name":"Institut Europ\u00e9en des Musiques Juives","article_publisher":"https:\/\/www.facebook.com\/MusiquesJuives\/","article_published_time":"2020-06-12T12:45:32+00:00","article_modified_time":"2024-06-24T10:48:21+00:00","og_image":[{"width":324,"height":450,"url":"https:\/\/www.iemj.org\/wp-content\/uploads\/2020\/06\/arton4771.jpg","type":"image\/jpeg"}],"author":"Herv\u00e9 Roten","twitter_card":"summary_large_image","twitter_misc":{"Scritto da":"Herv\u00e9 Roten","Tempo di lettura stimato":"3 minuti"},"schema":{"@context":"https:\/\/schema.org","@graph":[{"@type":"Article","@id":"https:\/\/www.iemj.org\/it\/le-candelabre-a-sept-branches-1951-de-darius-milhaud\/#article","isPartOf":{"@id":"https:\/\/www.iemj.org\/it\/le-candelabre-a-sept-branches-1951-de-darius-milhaud\/"},"author":{"name":"Herv\u00e9 Roten","@id":"https:\/\/www.iemj.org\/it\/#\/schema\/person\/906134402c29d5c76e7b726261dd4bbd"},"headline":"Le Cand\u00e9labre \u00e0 Sept Branches [Il Candelabro a Sette Bracci] (1951) di Darius Milhaud","datePublished":"2020-06-12T12:45:32+00:00","dateModified":"2024-06-24T10:48:21+00:00","mainEntityOfPage":{"@id":"https:\/\/www.iemj.org\/it\/le-candelabre-a-sept-branches-1951-de-darius-milhaud\/"},"wordCount":373,"publisher":{"@id":"https:\/\/www.iemj.org\/it\/#organization"},"image":{"@id":"https:\/\/www.iemj.org\/it\/le-candelabre-a-sept-branches-1951-de-darius-milhaud\/#primaryimage"},"thumbnailUrl":"https:\/\/www.iemj.org\/wp-content\/uploads\/2020\/06\/arton4771.jpg","articleSection":["Indispensabili"],"inLanguage":"it-IT"},{"@type":"WebPage","@id":"https:\/\/www.iemj.org\/it\/le-candelabre-a-sept-branches-1951-de-darius-milhaud\/","url":"https:\/\/www.iemj.org\/it\/le-candelabre-a-sept-branches-1951-de-darius-milhaud\/","name":"Le Cand\u00e9labre \u00e0 Sept Branches [Il Candelabro a Sette Bracci] (1951) di Darius Milhaud - Institut Europ\u00e9en des Musiques Juives","isPartOf":{"@id":"https:\/\/www.iemj.org\/it\/#website"},"primaryImageOfPage":{"@id":"https:\/\/www.iemj.org\/it\/le-candelabre-a-sept-branches-1951-de-darius-milhaud\/#primaryimage"},"image":{"@id":"https:\/\/www.iemj.org\/it\/le-candelabre-a-sept-branches-1951-de-darius-milhaud\/#primaryimage"},"thumbnailUrl":"https:\/\/www.iemj.org\/wp-content\/uploads\/2020\/06\/arton4771.jpg","datePublished":"2020-06-12T12:45:32+00:00","dateModified":"2024-06-24T10:48:21+00:00","breadcrumb":{"@id":"https:\/\/www.iemj.org\/it\/le-candelabre-a-sept-branches-1951-de-darius-milhaud\/#breadcrumb"},"inLanguage":"it-IT","potentialAction":[{"@type":"ReadAction","target":["https:\/\/www.iemj.org\/it\/le-candelabre-a-sept-branches-1951-de-darius-milhaud\/"]}]},{"@type":"ImageObject","inLanguage":"it-IT","@id":"https:\/\/www.iemj.org\/it\/le-candelabre-a-sept-branches-1951-de-darius-milhaud\/#primaryimage","url":"https:\/\/www.iemj.org\/wp-content\/uploads\/2020\/06\/arton4771.jpg","contentUrl":"https:\/\/www.iemj.org\/wp-content\/uploads\/2020\/06\/arton4771.jpg","width":324,"height":450},{"@type":"BreadcrumbList","@id":"https:\/\/www.iemj.org\/it\/le-candelabre-a-sept-branches-1951-de-darius-milhaud\/#breadcrumb","itemListElement":[{"@type":"ListItem","position":1,"name":"Accueil","item":"https:\/\/www.iemj.org\/it\/"},{"@type":"ListItem","position":2,"name":"Le Cand\u00e9labre \u00e0 Sept Branches [Il Candelabro a Sette Bracci] (1951) di Darius Milhaud"}]},{"@type":"WebSite","@id":"https:\/\/www.iemj.org\/it\/#website","url":"https:\/\/www.iemj.org\/it\/","name":"Institut Europ\u00e9en des Musiques Juives","description":"Des traditions musicales \u00e0 la port\u00e9e de tous","publisher":{"@id":"https:\/\/www.iemj.org\/it\/#organization"},"potentialAction":[{"@type":"SearchAction","target":{"@type":"EntryPoint","urlTemplate":"https:\/\/www.iemj.org\/it\/?s={search_term_string}"},"query-input":{"@type":"PropertyValueSpecification","valueRequired":true,"valueName":"search_term_string"}}],"inLanguage":"it-IT"},{"@type":"Organization","@id":"https:\/\/www.iemj.org\/it\/#organization","name":"Institut Europ\u00e9en des Musiques Juives","url":"https:\/\/www.iemj.org\/it\/","logo":{"@type":"ImageObject","inLanguage":"it-IT","@id":"https:\/\/www.iemj.org\/it\/#\/schema\/logo\/image\/","url":"https:\/\/www.iemj.org\/wp-content\/uploads\/2021\/09\/Logo-IEMJ-Paypal.jpg","contentUrl":"https:\/\/www.iemj.org\/wp-content\/uploads\/2021\/09\/Logo-IEMJ-Paypal.jpg","width":150,"height":50,"caption":"Institut Europ\u00e9en des Musiques Juives"},"image":{"@id":"https:\/\/www.iemj.org\/it\/#\/schema\/logo\/image\/"},"sameAs":["https:\/\/www.facebook.com\/MusiquesJuives\/","https:\/\/www.instagram.com\/musiquesjuives\/","https:\/\/www.youtube.com\/user\/musiquesjuives"]},{"@type":"Person","@id":"https:\/\/www.iemj.org\/it\/#\/schema\/person\/906134402c29d5c76e7b726261dd4bbd","name":"Herv\u00e9 Roten","image":{"@type":"ImageObject","inLanguage":"it-IT","@id":"https:\/\/secure.gravatar.com\/avatar\/f96ad2db538a26481f18384936b5cd0610c92d390c4dc382209216d455f685ff?s=96&d=mm&r=g","url":"https:\/\/secure.gravatar.com\/avatar\/f96ad2db538a26481f18384936b5cd0610c92d390c4dc382209216d455f685ff?s=96&d=mm&r=g","contentUrl":"https:\/\/secure.gravatar.com\/avatar\/f96ad2db538a26481f18384936b5cd0610c92d390c4dc382209216d455f685ff?s=96&d=mm&r=g","caption":"Herv\u00e9 Roten"}}]}},"_links":{"self":[{"href":"https:\/\/www.iemj.org\/it\/wp-json\/wp\/v2\/posts\/42985","targetHints":{"allow":["GET"]}}],"collection":[{"href":"https:\/\/www.iemj.org\/it\/wp-json\/wp\/v2\/posts"}],"about":[{"href":"https:\/\/www.iemj.org\/it\/wp-json\/wp\/v2\/types\/post"}],"author":[{"embeddable":true,"href":"https:\/\/www.iemj.org\/it\/wp-json\/wp\/v2\/users\/1045"}],"replies":[{"embeddable":true,"href":"https:\/\/www.iemj.org\/it\/wp-json\/wp\/v2\/comments?post=42985"}],"version-history":[{"count":0,"href":"https:\/\/www.iemj.org\/it\/wp-json\/wp\/v2\/posts\/42985\/revisions"}],"wp:featuredmedia":[{"embeddable":true,"href":"https:\/\/www.iemj.org\/it\/wp-json\/wp\/v2\/media\/42986"}],"wp:attachment":[{"href":"https:\/\/www.iemj.org\/it\/wp-json\/wp\/v2\/media?parent=42985"}],"wp:term":[{"taxonomy":"category","embeddable":true,"href":"https:\/\/www.iemj.org\/it\/wp-json\/wp\/v2\/categories?post=42985"},{"taxonomy":"post_tag","embeddable":true,"href":"https:\/\/www.iemj.org\/it\/wp-json\/wp\/v2\/tags?post=42985"},{"taxonomy":"technique","embeddable":true,"href":"https:\/\/www.iemj.org\/it\/wp-json\/wp\/v2\/technique?post=42985"},{"taxonomy":"squelettes","embeddable":true,"href":"https:\/\/www.iemj.org\/it\/wp-json\/wp\/v2\/squelettes?post=42985"},{"taxonomy":"sujet","embeddable":true,"href":"https:\/\/www.iemj.org\/it\/wp-json\/wp\/v2\/sujet?post=42985"},{"taxonomy":"formation","embeddable":true,"href":"https:\/\/www.iemj.org\/it\/wp-json\/wp\/v2\/formation?post=42985"},{"taxonomy":"genre","embeddable":true,"href":"https:\/\/www.iemj.org\/it\/wp-json\/wp\/v2\/genre?post=42985"},{"taxonomy":"fonds","embeddable":true,"href":"https:\/\/www.iemj.org\/it\/wp-json\/wp\/v2\/fonds?post=42985"},{"taxonomy":"tradition","embeddable":true,"href":"https:\/\/www.iemj.org\/it\/wp-json\/wp\/v2\/tradition?post=42985"},{"taxonomy":"type-de-contenu","embeddable":true,"href":"https:\/\/www.iemj.org\/it\/wp-json\/wp\/v2\/type-de-contenu?post=42985"},{"taxonomy":"interprete-compositeur","embeddable":true,"href":"https:\/\/www.iemj.org\/it\/wp-json\/wp\/v2\/interprete-compositeur?post=42985"},{"taxonomy":"frise","embeddable":true,"href":"https:\/\/www.iemj.org\/it\/wp-json\/wp\/v2\/frise?post=42985"},{"taxonomy":"type-devenement","embeddable":true,"href":"https:\/\/www.iemj.org\/it\/wp-json\/wp\/v2\/type-devenement?post=42985"},{"taxonomy":"tableaux-liens-externes","embeddable":true,"href":"https:\/\/www.iemj.org\/it\/wp-json\/wp\/v2\/tableaux-liens-externes?post=42985"}],"curies":[{"name":"wp","href":"https:\/\/api.w.org\/{rel}","templated":true}]}}