{"id":46806,"date":"2019-06-11T09:57:55","date_gmt":"2019-06-11T07:57:55","guid":{"rendered":"https:\/\/www.iemj.org\/concert-de-gala-de-liemj-5e-edition-de-la-synagogue-a-lopera-jacques-offenbach-et-ses-proches\/"},"modified":"2023-03-22T15:50:04","modified_gmt":"2023-03-22T14:50:04","slug":"concert-de-gala-de-liemj-5e-edition-de-la-synagogue-a-lopera-jacques-offenbach-et-ses-proches","status":"publish","type":"post","link":"https:\/\/www.iemj.org\/it\/concert-de-gala-de-liemj-5e-edition-de-la-synagogue-a-lopera-jacques-offenbach-et-ses-proches\/","title":{"rendered":"CONCERTO DI GALA DELL\u2019IEMJ \u2013 5A EDIZIONE &#8211; DALLA SINAGOGA ALL&#8217;OPERA: JACQUES OFFENBACH ED I SUOI AMICI"},"content":{"rendered":"<p>\u00a0<\/p>\n<h2 style=\"text-align: center;\">DOMENICA 17 NOVEMBRE 2019, alle 17:30<\/h2>\n<h2 style=\"text-align: center;\">Salle Cortot &#8211; 78 rue Cardinet, 75017 Parigi<\/h2>\n<p>\u00a0<\/p>\n<h2>Dalla sinagoga all&#8217;opera: Jacques Offenbach ed i suoi amici<\/h2>\n<p>\u00a0<\/p>\n<p>\u00a0<\/p>\n<center><\/center>\n<p>\u00a0<\/p>\n<h3 style=\"text-align: center;\">Opere originali in ebraico di Isaac e Jacques Offenbach, Jacques Fromental Hal\u00e9vy, Giacomo Meyerbeer, Jules Erlanger e Emile Jonas<\/h3>\n<p>\u00a0<\/p>\n<p>\u00a0<\/p>\n<center>\n<p>\u00a0<\/p>\n<h3>Ensemble La Truite Lyrique sotto la direzione di Hector Sabo<\/h3>\n<p>\u00a0<\/p>\n<p>\u00a0<\/p>\n<\/center>\n<p>\u00a0<\/p>\n<p><!--more--><\/p>\n<p>Pochi amanti della musica sanno che <a href=\"https:\/\/www.iemj.org\/offenbach-jacques-1819-1880\/\">Jacques Offenbach<\/a>, chiamato da Rossini &#8220;il Mozart degli Champs Elys\u00e9es&#8221;, trasse parte della sua ispirazione musicale dal canto sinagogale che impar\u00f2 da bambino da suo padre Isaac Offenbach (1779-1850), musicista, cantore e compositore di musica religiosa nella sinagoga di Colonia, in Germania. Al momento del suo arrivo a Parigi nel 1833, e durante tutta la sua carriera, Jacques Offenbach (1819-1880) collabor\u00f2 con altri compositori che, come lui, evolsero dalla musica sacra sinagogale all&#8217;arte lirica di alto livello, che conquist\u00f2 la scena parigina del XIX secolo.<\/p>\n<p>In occasione del bicentenario della nascita di Jacques Offenbach, la quinta edizione del Concerto di Gala dell&#8217;Istituto Europeo di Musica Ebraica, che avr\u00e0 luogo nella sala Cortot (Parigi), il 17 novembre 2019 alle 17.30, presenter\u00e0 un programma originale intitolato: &#8220;Dalla sinagoga all&#8217;opera: Jacques Offenbach e amici&#8221;. Si ascolteranno diversi corali sinagogali di Jacques e Isaac Offenbach, cos\u00ec come opere ebraiche originali o misconosciute di compositori suoi amici, come\u00a0<a href=\"https:\/\/www.iemj.org\/halevy-jacques-francois-fromental-elie-1799-1862\/\">Jacques Fromental Hal\u00e9vy<\/a> (creazione parigina di De profundis \/ Mimaamakim commissionata nel 1820 da Luigi XVIII per la morte di suo nipote il duca di Berry), Giacomo Meyerbeer, Jules Erlanger o <a href=\"https:\/\/www.iemj.org\/jonas-emile-1827-1905\/\">\u00c9mile Jonas<\/a>.<\/p>\n<p>Dal podio della sinagoga al palco dell&#8217;opera o dell&#8217;operetta, dai canti sinagogali alla musica lirica e leggera, c&#8217;\u00e8 spesso un solo passo di danza&#8230;<\/p>\n<p>Concerto seguito da un bicchiere di amicizia con gli artisti (solo per i biglietti d&#8217;argento e d&#8217;oro).<\/p>\n<p><strong>Prezzo:<\/strong> 15 \u20ac* &#8211; 25 \u20ac &#8211; 50 \u20ac** &#8211; 100 \u20ac** &#8211; 200 \u20ac**<br \/>* Soci IEMJ che hanno pagato la loro quota associativa 2018 (numero limitato di posti) &#8211; I biglietti possono essere pagati solo con assegno all&#8217;ordine di IEMJ, 29 rue Marcel Duchamp &#8211; 75013 Parigi<br \/>** con ricevuta Cerfa sulla parte di donazione, la donazione rappresenta il prezzo del biglietto meno 15 \u20ac.<br \/>(Esempio: per un biglietto di 100 \u20ac, verr\u00e0 emessa una ricevuta Cerfa di 85 \u20ac)<\/p>\n<p><span style=\"font-size: x-large;\"><strong>Compra i tuoi biglietti sul<\/strong> <strong><a href=\"https:\/\/www.iemj.org\/en\/?post_type=product&amp;p=1411\">online shop<\/a><\/strong><\/span><\/p>\n<p><strong>Informazioni pratiche:<\/strong><br \/>SALLE CORTOT, Ecole Normale de Musique de Paris, 78 rue Cardinet, 75017 Parigi<br \/><a href=\"salle.cortot@ecolenormalecortot.com\">salle.cortot@ecolenormalecortot.com<\/a><br \/><a href=\"http:\/\/www.sallecortot.com\/\">http:\/\/www.sallecortot.com\/<\/a><br \/><a href=\"http:\/\/www.sallecortot.com\/infos_pratiques.htm\">http:\/\/www.sallecortot.com\/infos_pratiques.htm<\/a><\/p>\n<p><strong>Accesso:<\/strong><br \/>Metro: linea 3, stazione Malesherbes | linea 2, stazione Monceau<br \/>Autobus: linee 31, 94 | Auto: parcheggio Villiers, 14 avenue de Villiers | Taxi: stazione a 155 bd Malesherbes<br \/>V\u00e9lib&#8217;: 64 rue de Tocqueville o 20 rue de Phalsbourg<\/p>\n<p><a href=\"https:\/\/www.iemj.org\/wp-content\/uploads\/2019\/06\/communique_de_presse_gala_iemj_2019.pdf\">Scarica il programma del concerto previsionale qui sopra (in francese)<\/a><\/p>\n<p><a href=\"https:\/\/www.iemj.org\/wp-content\/uploads\/2019\/10\/flyer_gala_iemj_2019_pdf_v_light.pdf\">Scarica il flyer<\/a><\/p>\n<p><a href=\"https:\/\/www.iemj.org\/it\/fare-una-donazione\/\" target=\"_blank\" rel=\"noopener\"><img decoding=\"async\" class=\"alignleft wp-image-14687 size-full\" src=\"https:\/\/www.iemj.org\/wp-content\/uploads\/2017\/07\/logo_faire_un_don-2.jpg\" alt=\"logo_faire_un_don-2.jpg\" width=\"132\" height=\"62\" align=\"left\" \/><\/a>Puoi anche sostenere l&#8217;<a href=\"https:\/\/www.iemj.org\/it\/fare-una-donazione\/\">Istituto Europeo di Musica Ebraica<\/a>, facendo una donazione online (ti verr\u00e0 inviato un modulo).\u00a0<\/p>\n<h2>\u00a0<\/h2>\n<h2><a href=\"https:\/\/www.iemj.org\/it\/videos-du-concert-de-gala-de-linstitut-europeen-des-musiques-juives-edition-2019\/\" target=\"_blank\" rel=\"noopener\"><strong>Guarda i video estratti dal concerto<\/strong><\/a><\/h2>\n\n\n<p><\/p>\n","protected":false},"excerpt":{"rendered":"<p>\u00a0 DOMENICA 17 NOVEMBRE 2019, alle 17:30 Salle Cortot &#8211; 78 rue Cardinet, 75017 Parigi \u00a0 Dalla sinagoga all&#8217;opera: Jacques Offenbach ed i suoi amici \u00a0 \u00a0 \u00a0 Opere originali<\/p>\n","protected":false},"author":5,"featured_media":46786,"comment_status":"closed","ping_status":"open","sticky":false,"template":"","format":"standard","meta":{"_acf_changed":false,"footnotes":""},"categories":[1379,1371],"tags":[2224],"technique":[],"squelettes":[],"sujet":[],"formation":[],"genre":[],"fonds":[],"tradition":[],"type-de-contenu":[],"interprete-compositeur":[],"frise":[],"type-devenement":[],"tableaux-liens-externes":[],"class_list":["post-46806","post","type-post","status-publish","format-standard","has-post-thumbnail","hentry","category-concerti-manifestazioni-it","category-manifestazioni-it","tag-eventi-iemj-it"],"acf":[],"yoast_head":"<!-- This site is optimized with the Yoast SEO plugin v27.3 - https:\/\/yoast.com\/product\/yoast-seo-wordpress\/ -->\n<title>CONCERTO DI GALA DELL\u2019IEMJ \u2013 5A EDIZIONE - DALLA SINAGOGA ALL&#039;OPERA: JACQUES OFFENBACH ED I SUOI AMICI - Institut Europ\u00e9en des Musiques Juives<\/title>\n<meta name=\"robots\" content=\"index, follow, max-snippet:-1, max-image-preview:large, max-video-preview:-1\" \/>\n<link rel=\"canonical\" href=\"https:\/\/www.iemj.org\/it\/concert-de-gala-de-liemj-5e-edition-de-la-synagogue-a-lopera-jacques-offenbach-et-ses-proches\/\" \/>\n<meta property=\"og:locale\" content=\"it_IT\" \/>\n<meta property=\"og:type\" content=\"article\" \/>\n<meta property=\"og:title\" content=\"CONCERTO DI GALA DELL\u2019IEMJ \u2013 5A EDIZIONE - DALLA SINAGOGA ALL&#039;OPERA: JACQUES OFFENBACH ED I SUOI AMICI - Institut Europ\u00e9en des Musiques Juives\" \/>\n<meta property=\"og:description\" content=\"\u00a0 DOMENICA 17 NOVEMBRE 2019, alle 17:30 Salle Cortot &#8211; 78 rue Cardinet, 75017 Parigi \u00a0 Dalla sinagoga all&#8217;opera: Jacques Offenbach ed i suoi amici \u00a0 \u00a0 \u00a0 Opere originali\" \/>\n<meta property=\"og:url\" content=\"https:\/\/www.iemj.org\/it\/concert-de-gala-de-liemj-5e-edition-de-la-synagogue-a-lopera-jacques-offenbach-et-ses-proches\/\" \/>\n<meta property=\"og:site_name\" content=\"Institut Europ\u00e9en des Musiques Juives\" \/>\n<meta property=\"article:publisher\" content=\"https:\/\/www.facebook.com\/MusiquesJuives\/\" \/>\n<meta property=\"article:published_time\" content=\"2019-06-11T07:57:55+00:00\" \/>\n<meta property=\"article:modified_time\" content=\"2023-03-22T14:50:04+00:00\" \/>\n<meta property=\"og:image\" content=\"https:\/\/www.iemj.org\/wp-content\/uploads\/2019\/06\/arton4205-e1622973269763.jpg\" \/>\n\t<meta property=\"og:image:width\" content=\"350\" \/>\n\t<meta property=\"og:image:height\" content=\"493\" \/>\n\t<meta property=\"og:image:type\" content=\"image\/jpeg\" \/>\n<meta name=\"author\" content=\"Jacqueline ROTEN\" \/>\n<meta name=\"twitter:card\" content=\"summary_large_image\" \/>\n<meta name=\"twitter:label1\" content=\"Scritto da\" \/>\n\t<meta name=\"twitter:data1\" content=\"Jacqueline ROTEN\" \/>\n\t<meta name=\"twitter:label2\" content=\"Tempo di lettura stimato\" \/>\n\t<meta name=\"twitter:data2\" content=\"3 minuti\" \/>\n<script type=\"application\/ld+json\" class=\"yoast-schema-graph\">{\"@context\":\"https:\\\/\\\/schema.org\",\"@graph\":[{\"@type\":\"Article\",\"@id\":\"https:\\\/\\\/www.iemj.org\\\/it\\\/concert-de-gala-de-liemj-5e-edition-de-la-synagogue-a-lopera-jacques-offenbach-et-ses-proches\\\/#article\",\"isPartOf\":{\"@id\":\"https:\\\/\\\/www.iemj.org\\\/it\\\/concert-de-gala-de-liemj-5e-edition-de-la-synagogue-a-lopera-jacques-offenbach-et-ses-proches\\\/\"},\"author\":{\"name\":\"Jacqueline ROTEN\",\"@id\":\"https:\\\/\\\/www.iemj.org\\\/it\\\/#\\\/schema\\\/person\\\/358e26c18aca017fcc4cc15437f7279c\"},\"headline\":\"CONCERTO DI GALA DELL\u2019IEMJ \u2013 5A EDIZIONE &#8211; DALLA SINAGOGA ALL&#8217;OPERA: JACQUES OFFENBACH ED I SUOI AMICI\",\"datePublished\":\"2019-06-11T07:57:55+00:00\",\"dateModified\":\"2023-03-22T14:50:04+00:00\",\"mainEntityOfPage\":{\"@id\":\"https:\\\/\\\/www.iemj.org\\\/it\\\/concert-de-gala-de-liemj-5e-edition-de-la-synagogue-a-lopera-jacques-offenbach-et-ses-proches\\\/\"},\"wordCount\":465,\"publisher\":{\"@id\":\"https:\\\/\\\/www.iemj.org\\\/it\\\/#organization\"},\"image\":{\"@id\":\"https:\\\/\\\/www.iemj.org\\\/it\\\/concert-de-gala-de-liemj-5e-edition-de-la-synagogue-a-lopera-jacques-offenbach-et-ses-proches\\\/#primaryimage\"},\"thumbnailUrl\":\"https:\\\/\\\/www.iemj.org\\\/wp-content\\\/uploads\\\/2019\\\/06\\\/arton4205-e1622973269763.jpg\",\"keywords\":[\"Eventi IEMJ\"],\"articleSection\":[\"Concerti\",\"Manifestazioni\"],\"inLanguage\":\"it-IT\"},{\"@type\":\"WebPage\",\"@id\":\"https:\\\/\\\/www.iemj.org\\\/it\\\/concert-de-gala-de-liemj-5e-edition-de-la-synagogue-a-lopera-jacques-offenbach-et-ses-proches\\\/\",\"url\":\"https:\\\/\\\/www.iemj.org\\\/it\\\/concert-de-gala-de-liemj-5e-edition-de-la-synagogue-a-lopera-jacques-offenbach-et-ses-proches\\\/\",\"name\":\"CONCERTO DI GALA DELL\u2019IEMJ \u2013 5A EDIZIONE - DALLA SINAGOGA ALL'OPERA: JACQUES OFFENBACH ED I SUOI AMICI - Institut Europ\u00e9en des Musiques Juives\",\"isPartOf\":{\"@id\":\"https:\\\/\\\/www.iemj.org\\\/it\\\/#website\"},\"primaryImageOfPage\":{\"@id\":\"https:\\\/\\\/www.iemj.org\\\/it\\\/concert-de-gala-de-liemj-5e-edition-de-la-synagogue-a-lopera-jacques-offenbach-et-ses-proches\\\/#primaryimage\"},\"image\":{\"@id\":\"https:\\\/\\\/www.iemj.org\\\/it\\\/concert-de-gala-de-liemj-5e-edition-de-la-synagogue-a-lopera-jacques-offenbach-et-ses-proches\\\/#primaryimage\"},\"thumbnailUrl\":\"https:\\\/\\\/www.iemj.org\\\/wp-content\\\/uploads\\\/2019\\\/06\\\/arton4205-e1622973269763.jpg\",\"datePublished\":\"2019-06-11T07:57:55+00:00\",\"dateModified\":\"2023-03-22T14:50:04+00:00\",\"breadcrumb\":{\"@id\":\"https:\\\/\\\/www.iemj.org\\\/it\\\/concert-de-gala-de-liemj-5e-edition-de-la-synagogue-a-lopera-jacques-offenbach-et-ses-proches\\\/#breadcrumb\"},\"inLanguage\":\"it-IT\",\"potentialAction\":[{\"@type\":\"ReadAction\",\"target\":[\"https:\\\/\\\/www.iemj.org\\\/it\\\/concert-de-gala-de-liemj-5e-edition-de-la-synagogue-a-lopera-jacques-offenbach-et-ses-proches\\\/\"]}]},{\"@type\":\"ImageObject\",\"inLanguage\":\"it-IT\",\"@id\":\"https:\\\/\\\/www.iemj.org\\\/it\\\/concert-de-gala-de-liemj-5e-edition-de-la-synagogue-a-lopera-jacques-offenbach-et-ses-proches\\\/#primaryimage\",\"url\":\"https:\\\/\\\/www.iemj.org\\\/wp-content\\\/uploads\\\/2019\\\/06\\\/arton4205-e1622973269763.jpg\",\"contentUrl\":\"https:\\\/\\\/www.iemj.org\\\/wp-content\\\/uploads\\\/2019\\\/06\\\/arton4205-e1622973269763.jpg\",\"width\":350,\"height\":493,\"caption\":\"Affiche concert gala IEMJ 2019\"},{\"@type\":\"BreadcrumbList\",\"@id\":\"https:\\\/\\\/www.iemj.org\\\/it\\\/concert-de-gala-de-liemj-5e-edition-de-la-synagogue-a-lopera-jacques-offenbach-et-ses-proches\\\/#breadcrumb\",\"itemListElement\":[{\"@type\":\"ListItem\",\"position\":1,\"name\":\"Accueil\",\"item\":\"https:\\\/\\\/www.iemj.org\\\/it\\\/\"},{\"@type\":\"ListItem\",\"position\":2,\"name\":\"CONCERTO DI GALA DELL\u2019IEMJ \u2013 5A EDIZIONE &#8211; DALLA SINAGOGA ALL&#8217;OPERA: JACQUES OFFENBACH ED I SUOI AMICI\"}]},{\"@type\":\"WebSite\",\"@id\":\"https:\\\/\\\/www.iemj.org\\\/it\\\/#website\",\"url\":\"https:\\\/\\\/www.iemj.org\\\/it\\\/\",\"name\":\"Institut Europ\u00e9en des Musiques Juives\",\"description\":\"Des traditions musicales \u00e0 la port\u00e9e de tous\",\"publisher\":{\"@id\":\"https:\\\/\\\/www.iemj.org\\\/it\\\/#organization\"},\"potentialAction\":[{\"@type\":\"SearchAction\",\"target\":{\"@type\":\"EntryPoint\",\"urlTemplate\":\"https:\\\/\\\/www.iemj.org\\\/it\\\/?s={search_term_string}\"},\"query-input\":{\"@type\":\"PropertyValueSpecification\",\"valueRequired\":true,\"valueName\":\"search_term_string\"}}],\"inLanguage\":\"it-IT\"},{\"@type\":\"Organization\",\"@id\":\"https:\\\/\\\/www.iemj.org\\\/it\\\/#organization\",\"name\":\"Institut Europ\u00e9en des Musiques Juives\",\"url\":\"https:\\\/\\\/www.iemj.org\\\/it\\\/\",\"logo\":{\"@type\":\"ImageObject\",\"inLanguage\":\"it-IT\",\"@id\":\"https:\\\/\\\/www.iemj.org\\\/it\\\/#\\\/schema\\\/logo\\\/image\\\/\",\"url\":\"https:\\\/\\\/www.iemj.org\\\/wp-content\\\/uploads\\\/2021\\\/09\\\/Logo-IEMJ-Paypal.jpg\",\"contentUrl\":\"https:\\\/\\\/www.iemj.org\\\/wp-content\\\/uploads\\\/2021\\\/09\\\/Logo-IEMJ-Paypal.jpg\",\"width\":150,\"height\":50,\"caption\":\"Institut Europ\u00e9en des Musiques Juives\"},\"image\":{\"@id\":\"https:\\\/\\\/www.iemj.org\\\/it\\\/#\\\/schema\\\/logo\\\/image\\\/\"},\"sameAs\":[\"https:\\\/\\\/www.facebook.com\\\/MusiquesJuives\\\/\",\"https:\\\/\\\/www.instagram.com\\\/musiquesjuives\\\/\",\"https:\\\/\\\/www.youtube.com\\\/user\\\/musiquesjuives\"]},{\"@type\":\"Person\",\"@id\":\"https:\\\/\\\/www.iemj.org\\\/it\\\/#\\\/schema\\\/person\\\/358e26c18aca017fcc4cc15437f7279c\",\"name\":\"Jacqueline ROTEN\",\"image\":{\"@type\":\"ImageObject\",\"inLanguage\":\"it-IT\",\"@id\":\"https:\\\/\\\/secure.gravatar.com\\\/avatar\\\/5964256d6c6957de3a3505278957e0fb2a35119ac47ea41827a65301213c810b?s=96&d=mm&r=g\",\"url\":\"https:\\\/\\\/secure.gravatar.com\\\/avatar\\\/5964256d6c6957de3a3505278957e0fb2a35119ac47ea41827a65301213c810b?s=96&d=mm&r=g\",\"contentUrl\":\"https:\\\/\\\/secure.gravatar.com\\\/avatar\\\/5964256d6c6957de3a3505278957e0fb2a35119ac47ea41827a65301213c810b?s=96&d=mm&r=g\",\"caption\":\"Jacqueline ROTEN\"}}]}<\/script>\n<!-- \/ Yoast SEO plugin. -->","yoast_head_json":{"title":"CONCERTO DI GALA DELL\u2019IEMJ \u2013 5A EDIZIONE - DALLA SINAGOGA ALL'OPERA: JACQUES OFFENBACH ED I SUOI AMICI - Institut Europ\u00e9en des Musiques Juives","robots":{"index":"index","follow":"follow","max-snippet":"max-snippet:-1","max-image-preview":"max-image-preview:large","max-video-preview":"max-video-preview:-1"},"canonical":"https:\/\/www.iemj.org\/it\/concert-de-gala-de-liemj-5e-edition-de-la-synagogue-a-lopera-jacques-offenbach-et-ses-proches\/","og_locale":"it_IT","og_type":"article","og_title":"CONCERTO DI GALA DELL\u2019IEMJ \u2013 5A EDIZIONE - DALLA SINAGOGA ALL'OPERA: JACQUES OFFENBACH ED I SUOI AMICI - Institut Europ\u00e9en des Musiques Juives","og_description":"\u00a0 DOMENICA 17 NOVEMBRE 2019, alle 17:30 Salle Cortot &#8211; 78 rue Cardinet, 75017 Parigi \u00a0 Dalla sinagoga all&#8217;opera: Jacques Offenbach ed i suoi amici \u00a0 \u00a0 \u00a0 Opere originali","og_url":"https:\/\/www.iemj.org\/it\/concert-de-gala-de-liemj-5e-edition-de-la-synagogue-a-lopera-jacques-offenbach-et-ses-proches\/","og_site_name":"Institut Europ\u00e9en des Musiques Juives","article_publisher":"https:\/\/www.facebook.com\/MusiquesJuives\/","article_published_time":"2019-06-11T07:57:55+00:00","article_modified_time":"2023-03-22T14:50:04+00:00","og_image":[{"width":350,"height":493,"url":"https:\/\/www.iemj.org\/wp-content\/uploads\/2019\/06\/arton4205-e1622973269763.jpg","type":"image\/jpeg"}],"author":"Jacqueline ROTEN","twitter_card":"summary_large_image","twitter_misc":{"Scritto da":"Jacqueline ROTEN","Tempo di lettura stimato":"3 minuti"},"schema":{"@context":"https:\/\/schema.org","@graph":[{"@type":"Article","@id":"https:\/\/www.iemj.org\/it\/concert-de-gala-de-liemj-5e-edition-de-la-synagogue-a-lopera-jacques-offenbach-et-ses-proches\/#article","isPartOf":{"@id":"https:\/\/www.iemj.org\/it\/concert-de-gala-de-liemj-5e-edition-de-la-synagogue-a-lopera-jacques-offenbach-et-ses-proches\/"},"author":{"name":"Jacqueline ROTEN","@id":"https:\/\/www.iemj.org\/it\/#\/schema\/person\/358e26c18aca017fcc4cc15437f7279c"},"headline":"CONCERTO DI GALA DELL\u2019IEMJ \u2013 5A EDIZIONE &#8211; DALLA SINAGOGA ALL&#8217;OPERA: JACQUES OFFENBACH ED I SUOI AMICI","datePublished":"2019-06-11T07:57:55+00:00","dateModified":"2023-03-22T14:50:04+00:00","mainEntityOfPage":{"@id":"https:\/\/www.iemj.org\/it\/concert-de-gala-de-liemj-5e-edition-de-la-synagogue-a-lopera-jacques-offenbach-et-ses-proches\/"},"wordCount":465,"publisher":{"@id":"https:\/\/www.iemj.org\/it\/#organization"},"image":{"@id":"https:\/\/www.iemj.org\/it\/concert-de-gala-de-liemj-5e-edition-de-la-synagogue-a-lopera-jacques-offenbach-et-ses-proches\/#primaryimage"},"thumbnailUrl":"https:\/\/www.iemj.org\/wp-content\/uploads\/2019\/06\/arton4205-e1622973269763.jpg","keywords":["Eventi IEMJ"],"articleSection":["Concerti","Manifestazioni"],"inLanguage":"it-IT"},{"@type":"WebPage","@id":"https:\/\/www.iemj.org\/it\/concert-de-gala-de-liemj-5e-edition-de-la-synagogue-a-lopera-jacques-offenbach-et-ses-proches\/","url":"https:\/\/www.iemj.org\/it\/concert-de-gala-de-liemj-5e-edition-de-la-synagogue-a-lopera-jacques-offenbach-et-ses-proches\/","name":"CONCERTO DI GALA DELL\u2019IEMJ \u2013 5A EDIZIONE - DALLA SINAGOGA ALL'OPERA: JACQUES OFFENBACH ED I SUOI AMICI - Institut Europ\u00e9en des Musiques Juives","isPartOf":{"@id":"https:\/\/www.iemj.org\/it\/#website"},"primaryImageOfPage":{"@id":"https:\/\/www.iemj.org\/it\/concert-de-gala-de-liemj-5e-edition-de-la-synagogue-a-lopera-jacques-offenbach-et-ses-proches\/#primaryimage"},"image":{"@id":"https:\/\/www.iemj.org\/it\/concert-de-gala-de-liemj-5e-edition-de-la-synagogue-a-lopera-jacques-offenbach-et-ses-proches\/#primaryimage"},"thumbnailUrl":"https:\/\/www.iemj.org\/wp-content\/uploads\/2019\/06\/arton4205-e1622973269763.jpg","datePublished":"2019-06-11T07:57:55+00:00","dateModified":"2023-03-22T14:50:04+00:00","breadcrumb":{"@id":"https:\/\/www.iemj.org\/it\/concert-de-gala-de-liemj-5e-edition-de-la-synagogue-a-lopera-jacques-offenbach-et-ses-proches\/#breadcrumb"},"inLanguage":"it-IT","potentialAction":[{"@type":"ReadAction","target":["https:\/\/www.iemj.org\/it\/concert-de-gala-de-liemj-5e-edition-de-la-synagogue-a-lopera-jacques-offenbach-et-ses-proches\/"]}]},{"@type":"ImageObject","inLanguage":"it-IT","@id":"https:\/\/www.iemj.org\/it\/concert-de-gala-de-liemj-5e-edition-de-la-synagogue-a-lopera-jacques-offenbach-et-ses-proches\/#primaryimage","url":"https:\/\/www.iemj.org\/wp-content\/uploads\/2019\/06\/arton4205-e1622973269763.jpg","contentUrl":"https:\/\/www.iemj.org\/wp-content\/uploads\/2019\/06\/arton4205-e1622973269763.jpg","width":350,"height":493,"caption":"Affiche concert gala IEMJ 2019"},{"@type":"BreadcrumbList","@id":"https:\/\/www.iemj.org\/it\/concert-de-gala-de-liemj-5e-edition-de-la-synagogue-a-lopera-jacques-offenbach-et-ses-proches\/#breadcrumb","itemListElement":[{"@type":"ListItem","position":1,"name":"Accueil","item":"https:\/\/www.iemj.org\/it\/"},{"@type":"ListItem","position":2,"name":"CONCERTO DI GALA DELL\u2019IEMJ \u2013 5A EDIZIONE &#8211; DALLA SINAGOGA ALL&#8217;OPERA: JACQUES OFFENBACH ED I SUOI AMICI"}]},{"@type":"WebSite","@id":"https:\/\/www.iemj.org\/it\/#website","url":"https:\/\/www.iemj.org\/it\/","name":"Institut Europ\u00e9en des Musiques Juives","description":"Des traditions musicales \u00e0 la port\u00e9e de tous","publisher":{"@id":"https:\/\/www.iemj.org\/it\/#organization"},"potentialAction":[{"@type":"SearchAction","target":{"@type":"EntryPoint","urlTemplate":"https:\/\/www.iemj.org\/it\/?s={search_term_string}"},"query-input":{"@type":"PropertyValueSpecification","valueRequired":true,"valueName":"search_term_string"}}],"inLanguage":"it-IT"},{"@type":"Organization","@id":"https:\/\/www.iemj.org\/it\/#organization","name":"Institut Europ\u00e9en des Musiques Juives","url":"https:\/\/www.iemj.org\/it\/","logo":{"@type":"ImageObject","inLanguage":"it-IT","@id":"https:\/\/www.iemj.org\/it\/#\/schema\/logo\/image\/","url":"https:\/\/www.iemj.org\/wp-content\/uploads\/2021\/09\/Logo-IEMJ-Paypal.jpg","contentUrl":"https:\/\/www.iemj.org\/wp-content\/uploads\/2021\/09\/Logo-IEMJ-Paypal.jpg","width":150,"height":50,"caption":"Institut Europ\u00e9en des Musiques Juives"},"image":{"@id":"https:\/\/www.iemj.org\/it\/#\/schema\/logo\/image\/"},"sameAs":["https:\/\/www.facebook.com\/MusiquesJuives\/","https:\/\/www.instagram.com\/musiquesjuives\/","https:\/\/www.youtube.com\/user\/musiquesjuives"]},{"@type":"Person","@id":"https:\/\/www.iemj.org\/it\/#\/schema\/person\/358e26c18aca017fcc4cc15437f7279c","name":"Jacqueline ROTEN","image":{"@type":"ImageObject","inLanguage":"it-IT","@id":"https:\/\/secure.gravatar.com\/avatar\/5964256d6c6957de3a3505278957e0fb2a35119ac47ea41827a65301213c810b?s=96&d=mm&r=g","url":"https:\/\/secure.gravatar.com\/avatar\/5964256d6c6957de3a3505278957e0fb2a35119ac47ea41827a65301213c810b?s=96&d=mm&r=g","contentUrl":"https:\/\/secure.gravatar.com\/avatar\/5964256d6c6957de3a3505278957e0fb2a35119ac47ea41827a65301213c810b?s=96&d=mm&r=g","caption":"Jacqueline ROTEN"}}]}},"_links":{"self":[{"href":"https:\/\/www.iemj.org\/it\/wp-json\/wp\/v2\/posts\/46806","targetHints":{"allow":["GET"]}}],"collection":[{"href":"https:\/\/www.iemj.org\/it\/wp-json\/wp\/v2\/posts"}],"about":[{"href":"https:\/\/www.iemj.org\/it\/wp-json\/wp\/v2\/types\/post"}],"author":[{"embeddable":true,"href":"https:\/\/www.iemj.org\/it\/wp-json\/wp\/v2\/users\/5"}],"replies":[{"embeddable":true,"href":"https:\/\/www.iemj.org\/it\/wp-json\/wp\/v2\/comments?post=46806"}],"version-history":[{"count":0,"href":"https:\/\/www.iemj.org\/it\/wp-json\/wp\/v2\/posts\/46806\/revisions"}],"wp:featuredmedia":[{"embeddable":true,"href":"https:\/\/www.iemj.org\/it\/wp-json\/wp\/v2\/media\/46786"}],"wp:attachment":[{"href":"https:\/\/www.iemj.org\/it\/wp-json\/wp\/v2\/media?parent=46806"}],"wp:term":[{"taxonomy":"category","embeddable":true,"href":"https:\/\/www.iemj.org\/it\/wp-json\/wp\/v2\/categories?post=46806"},{"taxonomy":"post_tag","embeddable":true,"href":"https:\/\/www.iemj.org\/it\/wp-json\/wp\/v2\/tags?post=46806"},{"taxonomy":"technique","embeddable":true,"href":"https:\/\/www.iemj.org\/it\/wp-json\/wp\/v2\/technique?post=46806"},{"taxonomy":"squelettes","embeddable":true,"href":"https:\/\/www.iemj.org\/it\/wp-json\/wp\/v2\/squelettes?post=46806"},{"taxonomy":"sujet","embeddable":true,"href":"https:\/\/www.iemj.org\/it\/wp-json\/wp\/v2\/sujet?post=46806"},{"taxonomy":"formation","embeddable":true,"href":"https:\/\/www.iemj.org\/it\/wp-json\/wp\/v2\/formation?post=46806"},{"taxonomy":"genre","embeddable":true,"href":"https:\/\/www.iemj.org\/it\/wp-json\/wp\/v2\/genre?post=46806"},{"taxonomy":"fonds","embeddable":true,"href":"https:\/\/www.iemj.org\/it\/wp-json\/wp\/v2\/fonds?post=46806"},{"taxonomy":"tradition","embeddable":true,"href":"https:\/\/www.iemj.org\/it\/wp-json\/wp\/v2\/tradition?post=46806"},{"taxonomy":"type-de-contenu","embeddable":true,"href":"https:\/\/www.iemj.org\/it\/wp-json\/wp\/v2\/type-de-contenu?post=46806"},{"taxonomy":"interprete-compositeur","embeddable":true,"href":"https:\/\/www.iemj.org\/it\/wp-json\/wp\/v2\/interprete-compositeur?post=46806"},{"taxonomy":"frise","embeddable":true,"href":"https:\/\/www.iemj.org\/it\/wp-json\/wp\/v2\/frise?post=46806"},{"taxonomy":"type-devenement","embeddable":true,"href":"https:\/\/www.iemj.org\/it\/wp-json\/wp\/v2\/type-devenement?post=46806"},{"taxonomy":"tableaux-liens-externes","embeddable":true,"href":"https:\/\/www.iemj.org\/it\/wp-json\/wp\/v2\/tableaux-liens-externes?post=46806"}],"curies":[{"name":"wp","href":"https:\/\/api.w.org\/{rel}","templated":true}]}}