{"id":48964,"date":"2016-02-18T11:45:14","date_gmt":"2016-02-18T10:45:14","guid":{"rendered":"https:\/\/www.iemj.org\/le-renouveau-du-klezmer-herve-roten-et-denis-cuniot\/"},"modified":"2025-05-18T14:23:15","modified_gmt":"2025-05-18T12:23:15","slug":"le-renouveau-du-klezmer-herve-roten-et-denis-cuniot","status":"publish","type":"post","link":"https:\/\/www.iemj.org\/it\/le-renouveau-du-klezmer-herve-roten-et-denis-cuniot\/","title":{"rendered":"Il revival del klezmer &#8211; Herv\u00e9 Roten e Denis Cuniot"},"content":{"rendered":"\n<p><strong>Nell&#8217;ambito delle Giornate della Cultura Yiddish 2010, Herv\u00e9 Roten, etnomusicologo e direttore dell&#8217;Istituto Europeo di Musiche Ebraiche, e Denis Cuniot, pianista klezmer, presentano un panorama del revival della musica klezmer<\/strong><\/p>\n\n\n\n<!--more-->\n\n\n\n<p><\/p>\n\n\n\n<p>Questa conferenza \/ tavola rotonda organizzata dal <a href=\"http:\/\/www.centrecomparis.com\/\">Centro Comunitario di Parigi<\/a> il 17 marzo 2010 ci invita ad un viaggio musicale molto istruttivo intorno alla musica klezmer.<\/p>\n\n\n\n<p>Illustrato da numerosi esempi musicali ed audiovisivi, questo viaggio ci porta alle origini di questa musica, ripercorrendo il pi\u00f9 possibile il suo contesto di creazione.<\/p>\n\n\n\n<p>Si pone la questione della pratica tra la fedelt\u00e0 al passato e la sua rinascita.<\/p>\n\n\n\n<p>Denis Cuniot, uno degli architetti della rinascita della musica klezmer, fa luce sulla questione di come i musicisti attuali si relazionano a questo patrimonio. Il suo approccio ci permette di vedere da vicino la sua esperienza di musicista creativo. Condivide con noi le sue domande ed i suoi dubbi nel suo approccio al rinnovamento di questo repertorio.<\/p>\n\n\n\n<p><a href=\"https:\/\/www.iemj.org\/it\/cuniot-denis-1953\/\">Maggiori informazioni su Denis Cuniot<\/a><br><a href=\"http:\/\/www.deniscuniot.fr\/\">Sitoweb di Denis Cuniot<\/a><\/p>\n\n\n\n<p>Questo video della conferenza \u00e8 stato girato da <a href=\"http:\/\/www.akadem.org\/\">AKADEM<\/a><\/p>\n\n\n\n<figure class=\"wp-block-embed is-type-video is-provider-youtube wp-block-embed-youtube wp-embed-aspect-4-3 wp-has-aspect-ratio\"><div class=\"wp-block-embed__wrapper\">\n<iframe title=\"Le renouveau du klezmer - Herv\u00e9 Roten et Denis Cuniot\" width=\"640\" height=\"480\" src=\"https:\/\/www.youtube.com\/embed\/HUVHgb8ybqc?feature=oembed\" frameborder=\"0\" allow=\"accelerometer; autoplay; clipboard-write; encrypted-media; gyroscope; picture-in-picture; web-share\" referrerpolicy=\"strict-origin-when-cross-origin\" allowfullscreen><\/iframe>\n<\/div><\/figure>\n","protected":false},"excerpt":{"rendered":"<p>Nell&#8217;ambito delle Giornate della Cultura Yiddish 2010, Herv\u00e9 Roten, etnomusicologo e direttore dell&#8217;Istituto Europeo di Musiche Ebraiche, e Denis Cuniot, pianista klezmer, presentano un panorama del revival della musica klezmer<\/p>\n","protected":false},"author":5,"featured_media":48965,"comment_status":"closed","ping_status":"open","sticky":false,"template":"","format":"standard","meta":{"_acf_changed":false,"footnotes":""},"categories":[1419],"tags":[],"technique":[],"squelettes":[],"sujet":[],"formation":[],"genre":[1874],"fonds":[],"tradition":[],"type-de-contenu":[],"interprete-compositeur":[],"frise":[],"type-devenement":[],"tableaux-liens-externes":[],"class_list":["post-48964","post","type-post","status-publish","format-standard","has-post-thumbnail","hentry","category-corsi-conferenze-2-it","genre-klezmer-it"],"acf":[],"yoast_head":"<!-- This site is optimized with the Yoast SEO plugin v27.3 - https:\/\/yoast.com\/product\/yoast-seo-wordpress\/ -->\n<title>Il revival del klezmer - Herv\u00e9 Roten e Denis Cuniot - Institut Europ\u00e9en des Musiques Juives<\/title>\n<meta name=\"robots\" content=\"index, follow, max-snippet:-1, max-image-preview:large, max-video-preview:-1\" \/>\n<link rel=\"canonical\" href=\"https:\/\/www.iemj.org\/it\/le-renouveau-du-klezmer-herve-roten-et-denis-cuniot\/\" \/>\n<meta property=\"og:locale\" content=\"it_IT\" \/>\n<meta property=\"og:type\" content=\"article\" \/>\n<meta property=\"og:title\" content=\"Il revival del klezmer - Herv\u00e9 Roten e Denis Cuniot - Institut Europ\u00e9en des Musiques Juives\" \/>\n<meta property=\"og:description\" content=\"Nell&#8217;ambito delle Giornate della Cultura Yiddish 2010, Herv\u00e9 Roten, etnomusicologo e direttore dell&#8217;Istituto Europeo di Musiche Ebraiche, e Denis Cuniot, pianista klezmer, presentano un panorama del revival della musica klezmer\" \/>\n<meta property=\"og:url\" content=\"https:\/\/www.iemj.org\/it\/le-renouveau-du-klezmer-herve-roten-et-denis-cuniot\/\" \/>\n<meta property=\"og:site_name\" content=\"Institut Europ\u00e9en des Musiques Juives\" \/>\n<meta property=\"article:publisher\" content=\"https:\/\/www.facebook.com\/MusiquesJuives\/\" \/>\n<meta property=\"article:published_time\" content=\"2016-02-18T10:45:14+00:00\" \/>\n<meta property=\"article:modified_time\" content=\"2025-05-18T12:23:15+00:00\" \/>\n<meta property=\"og:image\" content=\"https:\/\/www.iemj.org\/wp-content\/uploads\/2016\/02\/arton1483-e1622546078393.jpg\" \/>\n\t<meta property=\"og:image:width\" content=\"350\" \/>\n\t<meta property=\"og:image:height\" content=\"260\" \/>\n\t<meta property=\"og:image:type\" content=\"image\/jpeg\" \/>\n<meta name=\"author\" content=\"Jacqueline ROTEN\" \/>\n<meta name=\"twitter:card\" content=\"summary_large_image\" \/>\n<meta name=\"twitter:label1\" content=\"Scritto da\" \/>\n\t<meta name=\"twitter:data1\" content=\"Jacqueline ROTEN\" \/>\n\t<meta name=\"twitter:label2\" content=\"Tempo di lettura stimato\" \/>\n\t<meta name=\"twitter:data2\" content=\"2 minuti\" \/>\n<script type=\"application\/ld+json\" class=\"yoast-schema-graph\">{\"@context\":\"https:\\\/\\\/schema.org\",\"@graph\":[{\"@type\":\"Article\",\"@id\":\"https:\\\/\\\/www.iemj.org\\\/it\\\/le-renouveau-du-klezmer-herve-roten-et-denis-cuniot\\\/#article\",\"isPartOf\":{\"@id\":\"https:\\\/\\\/www.iemj.org\\\/it\\\/le-renouveau-du-klezmer-herve-roten-et-denis-cuniot\\\/\"},\"author\":{\"name\":\"Jacqueline ROTEN\",\"@id\":\"https:\\\/\\\/www.iemj.org\\\/it\\\/#\\\/schema\\\/person\\\/358e26c18aca017fcc4cc15437f7279c\"},\"headline\":\"Il revival del klezmer &#8211; Herv\u00e9 Roten e Denis Cuniot\",\"datePublished\":\"2016-02-18T10:45:14+00:00\",\"dateModified\":\"2025-05-18T12:23:15+00:00\",\"mainEntityOfPage\":{\"@id\":\"https:\\\/\\\/www.iemj.org\\\/it\\\/le-renouveau-du-klezmer-herve-roten-et-denis-cuniot\\\/\"},\"wordCount\":184,\"publisher\":{\"@id\":\"https:\\\/\\\/www.iemj.org\\\/it\\\/#organization\"},\"image\":{\"@id\":\"https:\\\/\\\/www.iemj.org\\\/it\\\/le-renouveau-du-klezmer-herve-roten-et-denis-cuniot\\\/#primaryimage\"},\"thumbnailUrl\":\"https:\\\/\\\/www.iemj.org\\\/wp-content\\\/uploads\\\/2016\\\/02\\\/arton1483-e1622546078393.jpg\",\"articleSection\":[\"Corsi \\\/ Conferenze\"],\"inLanguage\":\"it-IT\"},{\"@type\":\"WebPage\",\"@id\":\"https:\\\/\\\/www.iemj.org\\\/it\\\/le-renouveau-du-klezmer-herve-roten-et-denis-cuniot\\\/\",\"url\":\"https:\\\/\\\/www.iemj.org\\\/it\\\/le-renouveau-du-klezmer-herve-roten-et-denis-cuniot\\\/\",\"name\":\"Il revival del klezmer - Herv\u00e9 Roten e Denis Cuniot - Institut Europ\u00e9en des Musiques Juives\",\"isPartOf\":{\"@id\":\"https:\\\/\\\/www.iemj.org\\\/it\\\/#website\"},\"primaryImageOfPage\":{\"@id\":\"https:\\\/\\\/www.iemj.org\\\/it\\\/le-renouveau-du-klezmer-herve-roten-et-denis-cuniot\\\/#primaryimage\"},\"image\":{\"@id\":\"https:\\\/\\\/www.iemj.org\\\/it\\\/le-renouveau-du-klezmer-herve-roten-et-denis-cuniot\\\/#primaryimage\"},\"thumbnailUrl\":\"https:\\\/\\\/www.iemj.org\\\/wp-content\\\/uploads\\\/2016\\\/02\\\/arton1483-e1622546078393.jpg\",\"datePublished\":\"2016-02-18T10:45:14+00:00\",\"dateModified\":\"2025-05-18T12:23:15+00:00\",\"breadcrumb\":{\"@id\":\"https:\\\/\\\/www.iemj.org\\\/it\\\/le-renouveau-du-klezmer-herve-roten-et-denis-cuniot\\\/#breadcrumb\"},\"inLanguage\":\"it-IT\",\"potentialAction\":[{\"@type\":\"ReadAction\",\"target\":[\"https:\\\/\\\/www.iemj.org\\\/it\\\/le-renouveau-du-klezmer-herve-roten-et-denis-cuniot\\\/\"]}]},{\"@type\":\"ImageObject\",\"inLanguage\":\"it-IT\",\"@id\":\"https:\\\/\\\/www.iemj.org\\\/it\\\/le-renouveau-du-klezmer-herve-roten-et-denis-cuniot\\\/#primaryimage\",\"url\":\"https:\\\/\\\/www.iemj.org\\\/wp-content\\\/uploads\\\/2016\\\/02\\\/arton1483-e1622546078393.jpg\",\"contentUrl\":\"https:\\\/\\\/www.iemj.org\\\/wp-content\\\/uploads\\\/2016\\\/02\\\/arton1483-e1622546078393.jpg\",\"width\":350,\"height\":260},{\"@type\":\"BreadcrumbList\",\"@id\":\"https:\\\/\\\/www.iemj.org\\\/it\\\/le-renouveau-du-klezmer-herve-roten-et-denis-cuniot\\\/#breadcrumb\",\"itemListElement\":[{\"@type\":\"ListItem\",\"position\":1,\"name\":\"Accueil\",\"item\":\"https:\\\/\\\/www.iemj.org\\\/it\\\/\"},{\"@type\":\"ListItem\",\"position\":2,\"name\":\"Il revival del klezmer &#8211; Herv\u00e9 Roten e Denis Cuniot\"}]},{\"@type\":\"WebSite\",\"@id\":\"https:\\\/\\\/www.iemj.org\\\/it\\\/#website\",\"url\":\"https:\\\/\\\/www.iemj.org\\\/it\\\/\",\"name\":\"Institut Europ\u00e9en des Musiques Juives\",\"description\":\"Des traditions musicales \u00e0 la port\u00e9e de tous\",\"publisher\":{\"@id\":\"https:\\\/\\\/www.iemj.org\\\/it\\\/#organization\"},\"potentialAction\":[{\"@type\":\"SearchAction\",\"target\":{\"@type\":\"EntryPoint\",\"urlTemplate\":\"https:\\\/\\\/www.iemj.org\\\/it\\\/?s={search_term_string}\"},\"query-input\":{\"@type\":\"PropertyValueSpecification\",\"valueRequired\":true,\"valueName\":\"search_term_string\"}}],\"inLanguage\":\"it-IT\"},{\"@type\":\"Organization\",\"@id\":\"https:\\\/\\\/www.iemj.org\\\/it\\\/#organization\",\"name\":\"Institut Europ\u00e9en des Musiques Juives\",\"url\":\"https:\\\/\\\/www.iemj.org\\\/it\\\/\",\"logo\":{\"@type\":\"ImageObject\",\"inLanguage\":\"it-IT\",\"@id\":\"https:\\\/\\\/www.iemj.org\\\/it\\\/#\\\/schema\\\/logo\\\/image\\\/\",\"url\":\"https:\\\/\\\/www.iemj.org\\\/wp-content\\\/uploads\\\/2021\\\/09\\\/Logo-IEMJ-Paypal.jpg\",\"contentUrl\":\"https:\\\/\\\/www.iemj.org\\\/wp-content\\\/uploads\\\/2021\\\/09\\\/Logo-IEMJ-Paypal.jpg\",\"width\":150,\"height\":50,\"caption\":\"Institut Europ\u00e9en des Musiques Juives\"},\"image\":{\"@id\":\"https:\\\/\\\/www.iemj.org\\\/it\\\/#\\\/schema\\\/logo\\\/image\\\/\"},\"sameAs\":[\"https:\\\/\\\/www.facebook.com\\\/MusiquesJuives\\\/\",\"https:\\\/\\\/www.instagram.com\\\/musiquesjuives\\\/\",\"https:\\\/\\\/www.youtube.com\\\/user\\\/musiquesjuives\"]},{\"@type\":\"Person\",\"@id\":\"https:\\\/\\\/www.iemj.org\\\/it\\\/#\\\/schema\\\/person\\\/358e26c18aca017fcc4cc15437f7279c\",\"name\":\"Jacqueline ROTEN\",\"image\":{\"@type\":\"ImageObject\",\"inLanguage\":\"it-IT\",\"@id\":\"https:\\\/\\\/secure.gravatar.com\\\/avatar\\\/5964256d6c6957de3a3505278957e0fb2a35119ac47ea41827a65301213c810b?s=96&d=mm&r=g\",\"url\":\"https:\\\/\\\/secure.gravatar.com\\\/avatar\\\/5964256d6c6957de3a3505278957e0fb2a35119ac47ea41827a65301213c810b?s=96&d=mm&r=g\",\"contentUrl\":\"https:\\\/\\\/secure.gravatar.com\\\/avatar\\\/5964256d6c6957de3a3505278957e0fb2a35119ac47ea41827a65301213c810b?s=96&d=mm&r=g\",\"caption\":\"Jacqueline ROTEN\"}}]}<\/script>\n<!-- \/ Yoast SEO plugin. -->","yoast_head_json":{"title":"Il revival del klezmer - Herv\u00e9 Roten e Denis Cuniot - Institut Europ\u00e9en des Musiques Juives","robots":{"index":"index","follow":"follow","max-snippet":"max-snippet:-1","max-image-preview":"max-image-preview:large","max-video-preview":"max-video-preview:-1"},"canonical":"https:\/\/www.iemj.org\/it\/le-renouveau-du-klezmer-herve-roten-et-denis-cuniot\/","og_locale":"it_IT","og_type":"article","og_title":"Il revival del klezmer - Herv\u00e9 Roten e Denis Cuniot - Institut Europ\u00e9en des Musiques Juives","og_description":"Nell&#8217;ambito delle Giornate della Cultura Yiddish 2010, Herv\u00e9 Roten, etnomusicologo e direttore dell&#8217;Istituto Europeo di Musiche Ebraiche, e Denis Cuniot, pianista klezmer, presentano un panorama del revival della musica klezmer","og_url":"https:\/\/www.iemj.org\/it\/le-renouveau-du-klezmer-herve-roten-et-denis-cuniot\/","og_site_name":"Institut Europ\u00e9en des Musiques Juives","article_publisher":"https:\/\/www.facebook.com\/MusiquesJuives\/","article_published_time":"2016-02-18T10:45:14+00:00","article_modified_time":"2025-05-18T12:23:15+00:00","og_image":[{"width":350,"height":260,"url":"https:\/\/www.iemj.org\/wp-content\/uploads\/2016\/02\/arton1483-e1622546078393.jpg","type":"image\/jpeg"}],"author":"Jacqueline ROTEN","twitter_card":"summary_large_image","twitter_misc":{"Scritto da":"Jacqueline ROTEN","Tempo di lettura stimato":"2 minuti"},"schema":{"@context":"https:\/\/schema.org","@graph":[{"@type":"Article","@id":"https:\/\/www.iemj.org\/it\/le-renouveau-du-klezmer-herve-roten-et-denis-cuniot\/#article","isPartOf":{"@id":"https:\/\/www.iemj.org\/it\/le-renouveau-du-klezmer-herve-roten-et-denis-cuniot\/"},"author":{"name":"Jacqueline ROTEN","@id":"https:\/\/www.iemj.org\/it\/#\/schema\/person\/358e26c18aca017fcc4cc15437f7279c"},"headline":"Il revival del klezmer &#8211; Herv\u00e9 Roten e Denis Cuniot","datePublished":"2016-02-18T10:45:14+00:00","dateModified":"2025-05-18T12:23:15+00:00","mainEntityOfPage":{"@id":"https:\/\/www.iemj.org\/it\/le-renouveau-du-klezmer-herve-roten-et-denis-cuniot\/"},"wordCount":184,"publisher":{"@id":"https:\/\/www.iemj.org\/it\/#organization"},"image":{"@id":"https:\/\/www.iemj.org\/it\/le-renouveau-du-klezmer-herve-roten-et-denis-cuniot\/#primaryimage"},"thumbnailUrl":"https:\/\/www.iemj.org\/wp-content\/uploads\/2016\/02\/arton1483-e1622546078393.jpg","articleSection":["Corsi \/ Conferenze"],"inLanguage":"it-IT"},{"@type":"WebPage","@id":"https:\/\/www.iemj.org\/it\/le-renouveau-du-klezmer-herve-roten-et-denis-cuniot\/","url":"https:\/\/www.iemj.org\/it\/le-renouveau-du-klezmer-herve-roten-et-denis-cuniot\/","name":"Il revival del klezmer - Herv\u00e9 Roten e Denis Cuniot - Institut Europ\u00e9en des Musiques Juives","isPartOf":{"@id":"https:\/\/www.iemj.org\/it\/#website"},"primaryImageOfPage":{"@id":"https:\/\/www.iemj.org\/it\/le-renouveau-du-klezmer-herve-roten-et-denis-cuniot\/#primaryimage"},"image":{"@id":"https:\/\/www.iemj.org\/it\/le-renouveau-du-klezmer-herve-roten-et-denis-cuniot\/#primaryimage"},"thumbnailUrl":"https:\/\/www.iemj.org\/wp-content\/uploads\/2016\/02\/arton1483-e1622546078393.jpg","datePublished":"2016-02-18T10:45:14+00:00","dateModified":"2025-05-18T12:23:15+00:00","breadcrumb":{"@id":"https:\/\/www.iemj.org\/it\/le-renouveau-du-klezmer-herve-roten-et-denis-cuniot\/#breadcrumb"},"inLanguage":"it-IT","potentialAction":[{"@type":"ReadAction","target":["https:\/\/www.iemj.org\/it\/le-renouveau-du-klezmer-herve-roten-et-denis-cuniot\/"]}]},{"@type":"ImageObject","inLanguage":"it-IT","@id":"https:\/\/www.iemj.org\/it\/le-renouveau-du-klezmer-herve-roten-et-denis-cuniot\/#primaryimage","url":"https:\/\/www.iemj.org\/wp-content\/uploads\/2016\/02\/arton1483-e1622546078393.jpg","contentUrl":"https:\/\/www.iemj.org\/wp-content\/uploads\/2016\/02\/arton1483-e1622546078393.jpg","width":350,"height":260},{"@type":"BreadcrumbList","@id":"https:\/\/www.iemj.org\/it\/le-renouveau-du-klezmer-herve-roten-et-denis-cuniot\/#breadcrumb","itemListElement":[{"@type":"ListItem","position":1,"name":"Accueil","item":"https:\/\/www.iemj.org\/it\/"},{"@type":"ListItem","position":2,"name":"Il revival del klezmer &#8211; Herv\u00e9 Roten e Denis Cuniot"}]},{"@type":"WebSite","@id":"https:\/\/www.iemj.org\/it\/#website","url":"https:\/\/www.iemj.org\/it\/","name":"Institut Europ\u00e9en des Musiques Juives","description":"Des traditions musicales \u00e0 la port\u00e9e de tous","publisher":{"@id":"https:\/\/www.iemj.org\/it\/#organization"},"potentialAction":[{"@type":"SearchAction","target":{"@type":"EntryPoint","urlTemplate":"https:\/\/www.iemj.org\/it\/?s={search_term_string}"},"query-input":{"@type":"PropertyValueSpecification","valueRequired":true,"valueName":"search_term_string"}}],"inLanguage":"it-IT"},{"@type":"Organization","@id":"https:\/\/www.iemj.org\/it\/#organization","name":"Institut Europ\u00e9en des Musiques Juives","url":"https:\/\/www.iemj.org\/it\/","logo":{"@type":"ImageObject","inLanguage":"it-IT","@id":"https:\/\/www.iemj.org\/it\/#\/schema\/logo\/image\/","url":"https:\/\/www.iemj.org\/wp-content\/uploads\/2021\/09\/Logo-IEMJ-Paypal.jpg","contentUrl":"https:\/\/www.iemj.org\/wp-content\/uploads\/2021\/09\/Logo-IEMJ-Paypal.jpg","width":150,"height":50,"caption":"Institut Europ\u00e9en des Musiques Juives"},"image":{"@id":"https:\/\/www.iemj.org\/it\/#\/schema\/logo\/image\/"},"sameAs":["https:\/\/www.facebook.com\/MusiquesJuives\/","https:\/\/www.instagram.com\/musiquesjuives\/","https:\/\/www.youtube.com\/user\/musiquesjuives"]},{"@type":"Person","@id":"https:\/\/www.iemj.org\/it\/#\/schema\/person\/358e26c18aca017fcc4cc15437f7279c","name":"Jacqueline ROTEN","image":{"@type":"ImageObject","inLanguage":"it-IT","@id":"https:\/\/secure.gravatar.com\/avatar\/5964256d6c6957de3a3505278957e0fb2a35119ac47ea41827a65301213c810b?s=96&d=mm&r=g","url":"https:\/\/secure.gravatar.com\/avatar\/5964256d6c6957de3a3505278957e0fb2a35119ac47ea41827a65301213c810b?s=96&d=mm&r=g","contentUrl":"https:\/\/secure.gravatar.com\/avatar\/5964256d6c6957de3a3505278957e0fb2a35119ac47ea41827a65301213c810b?s=96&d=mm&r=g","caption":"Jacqueline ROTEN"}}]}},"_links":{"self":[{"href":"https:\/\/www.iemj.org\/it\/wp-json\/wp\/v2\/posts\/48964","targetHints":{"allow":["GET"]}}],"collection":[{"href":"https:\/\/www.iemj.org\/it\/wp-json\/wp\/v2\/posts"}],"about":[{"href":"https:\/\/www.iemj.org\/it\/wp-json\/wp\/v2\/types\/post"}],"author":[{"embeddable":true,"href":"https:\/\/www.iemj.org\/it\/wp-json\/wp\/v2\/users\/5"}],"replies":[{"embeddable":true,"href":"https:\/\/www.iemj.org\/it\/wp-json\/wp\/v2\/comments?post=48964"}],"version-history":[{"count":0,"href":"https:\/\/www.iemj.org\/it\/wp-json\/wp\/v2\/posts\/48964\/revisions"}],"wp:featuredmedia":[{"embeddable":true,"href":"https:\/\/www.iemj.org\/it\/wp-json\/wp\/v2\/media\/48965"}],"wp:attachment":[{"href":"https:\/\/www.iemj.org\/it\/wp-json\/wp\/v2\/media?parent=48964"}],"wp:term":[{"taxonomy":"category","embeddable":true,"href":"https:\/\/www.iemj.org\/it\/wp-json\/wp\/v2\/categories?post=48964"},{"taxonomy":"post_tag","embeddable":true,"href":"https:\/\/www.iemj.org\/it\/wp-json\/wp\/v2\/tags?post=48964"},{"taxonomy":"technique","embeddable":true,"href":"https:\/\/www.iemj.org\/it\/wp-json\/wp\/v2\/technique?post=48964"},{"taxonomy":"squelettes","embeddable":true,"href":"https:\/\/www.iemj.org\/it\/wp-json\/wp\/v2\/squelettes?post=48964"},{"taxonomy":"sujet","embeddable":true,"href":"https:\/\/www.iemj.org\/it\/wp-json\/wp\/v2\/sujet?post=48964"},{"taxonomy":"formation","embeddable":true,"href":"https:\/\/www.iemj.org\/it\/wp-json\/wp\/v2\/formation?post=48964"},{"taxonomy":"genre","embeddable":true,"href":"https:\/\/www.iemj.org\/it\/wp-json\/wp\/v2\/genre?post=48964"},{"taxonomy":"fonds","embeddable":true,"href":"https:\/\/www.iemj.org\/it\/wp-json\/wp\/v2\/fonds?post=48964"},{"taxonomy":"tradition","embeddable":true,"href":"https:\/\/www.iemj.org\/it\/wp-json\/wp\/v2\/tradition?post=48964"},{"taxonomy":"type-de-contenu","embeddable":true,"href":"https:\/\/www.iemj.org\/it\/wp-json\/wp\/v2\/type-de-contenu?post=48964"},{"taxonomy":"interprete-compositeur","embeddable":true,"href":"https:\/\/www.iemj.org\/it\/wp-json\/wp\/v2\/interprete-compositeur?post=48964"},{"taxonomy":"frise","embeddable":true,"href":"https:\/\/www.iemj.org\/it\/wp-json\/wp\/v2\/frise?post=48964"},{"taxonomy":"type-devenement","embeddable":true,"href":"https:\/\/www.iemj.org\/it\/wp-json\/wp\/v2\/type-devenement?post=48964"},{"taxonomy":"tableaux-liens-externes","embeddable":true,"href":"https:\/\/www.iemj.org\/it\/wp-json\/wp\/v2\/tableaux-liens-externes?post=48964"}],"curies":[{"name":"wp","href":"https:\/\/api.w.org\/{rel}","templated":true}]}}