{"id":49366,"date":"2017-10-04T14:18:47","date_gmt":"2017-10-04T12:18:47","guid":{"rendered":"https:\/\/www.iemj.org\/les-disques-78-tours-peints-de-ben-baruch\/"},"modified":"2025-10-08T09:45:57","modified_gmt":"2025-10-08T07:45:57","slug":"les-disques-78-tours-peints-de-ben-baruch","status":"publish","type":"post","link":"https:\/\/www.iemj.org\/it\/les-disques-78-tours-peints-de-ben-baruch\/","title":{"rendered":"I dischi 78 giri dipinti da Ben Baruch"},"content":{"rendered":"\n<p>Di tutti i nostri 78 giri (a settembre 2017 ne avevamo quasi 500), alcuni si distinguono. Questo \u00e8 il caso dei <a data-type=\"URL\" data-id=\"https:\/\/en.wikipedia.org\/wiki\/Picture_disc\" rel=\"noreferrer noopener\" href=\"https:\/\/en.wikipedia.org\/wiki\/Picture_disc\" target=\"_blank\">dischi dipinti<\/a> di <a href=\"https:\/\/www.iemj.org\/en\/chalude-jacques-aka-ben-barukh-1914-1997\/\" target=\"_blank\" rel=\"noreferrer noopener\">Ben Baruch<\/a>. Pubblicati dalla casa discografica Saturne, questi grandi 78 giri dal formato 30 cm furono registrati tra il 1946 e il 1950.<\/p>\n\n\n\n<p>I primi dischi che non erano pi\u00f9 &#8220;stupidamente&#8221; neri apparvero intorno al 1918. Ma il vero successo commerciale non si concretizz\u00f2 se non molto pi\u00f9 tardi : per molto tempo questi oggetti, costosi, rimasero destinati ai collezionisti danarosi.<\/p>\n\n\n\n<p>La casa discografica Saturne pubblico&#8217; circa 150 dischi illustrati fino alla met\u00e0 degli anni 1950. Altri paesi seguono la strada tracciata da Saturne, anche se con meno accanimento. Ecco come, sporadicamente, vediamo apparire dischi illustrati, in Germania, in Gran Bretagna, in Giappone, in Australia &#8230;<\/p>\n\n\n\n<p>Nell&#8217;ottobre 1950, la Casa discografica Saturne pubblic\u00f2 una serie di dischi illustrati di musica ebraica. In totale, sono stati prodotti 18 dischi con i cantanti Berland e Ben Baruch, di cui 11 da quest&#8217;ultimo.<\/p>\n\n\n\n<div class=\"wp-block-columns are-vertically-aligned-center is-layout-flex wp-container-core-columns-is-layout-9d6595d7 wp-block-columns-is-layout-flex\">\n<div class=\"wp-block-column is-vertically-aligned-center is-layout-flow wp-block-column-is-layout-flow\"><div class=\"wp-block-image\">\n<figure class=\"aligncenter size-large is-resized\"><img decoding=\"async\" src=\"https:\/\/www.iemj.org\/wp-content\/uploads\/2017\/10\/doc_ben_baruch3_500_200.jpg\" alt=\"\" style=\"width:434px;height:auto\"\/><\/figure>\n<\/div><\/div>\n\n\n\n<div class=\"wp-block-column is-vertically-aligned-center is-layout-flow wp-block-column-is-layout-flow\">\n<figure class=\"wp-block-embed is-type-video is-provider-youtube wp-block-embed-youtube wp-embed-aspect-4-3 wp-has-aspect-ratio\"><div class=\"wp-block-embed__wrapper\">\n<iframe title=\"Les disques peints de Ben Baruch\" width=\"640\" height=\"480\" src=\"https:\/\/www.youtube.com\/embed\/FAEDlL2pMqI?feature=oembed\" frameborder=\"0\" allow=\"accelerometer; autoplay; clipboard-write; encrypted-media; gyroscope; picture-in-picture; web-share\" referrerpolicy=\"strict-origin-when-cross-origin\" allowfullscreen><\/iframe>\n<\/div><\/figure>\n<\/div>\n<\/div>\n\n\n\n<p>Sulla faccia di uno dei dischi possiamo sentire il Kol Nidre; sull&#8217;altra, un Kaddish. Si noti che questi due brani interpretati da Jacques Zaludowski, alias Ben Baruch, sono diretti da <a href=\"https:\/\/www.cfmj.fr\/fr\/contenuen-ligne\/biographies\/leon-algazi-1890-1971.html\" target=\"_blank\" rel=\"noreferrer noopener\">L\u00e9on Algazi (1890-1971)<\/a>, che sar\u00e0 direttore della musica per i templi concistoriali di Parigi dal 1961.<\/p>\n\n\n\n<figure class=\"wp-block-gallery has-nested-images columns-default is-cropped wp-block-gallery-1 is-layout-flex wp-block-gallery-is-layout-flex\">\n<figure class=\"wp-block-image size-large\"><img fetchpriority=\"high\" decoding=\"async\" width=\"1024\" height=\"995\" data-id=\"15480\" src=\"https:\/\/www.iemj.org\/wp-content\/uploads\/2017\/10\/d78-30_40_couv4-1024x995.jpg\" alt=\"d78-30_40_couv4.jpg\" class=\"wp-image-15480\" srcset=\"https:\/\/www.iemj.org\/wp-content\/uploads\/2017\/10\/d78-30_40_couv4-1024x995.jpg 1024w, https:\/\/www.iemj.org\/wp-content\/uploads\/2017\/10\/d78-30_40_couv4-300x292.jpg 300w, https:\/\/www.iemj.org\/wp-content\/uploads\/2017\/10\/d78-30_40_couv4-768x746.jpg 768w, https:\/\/www.iemj.org\/wp-content\/uploads\/2017\/10\/d78-30_40_couv4-1536x1493.jpg 1536w, https:\/\/www.iemj.org\/wp-content\/uploads\/2017\/10\/d78-30_40_couv4-2048x1990.jpg 2048w, https:\/\/www.iemj.org\/wp-content\/uploads\/2017\/10\/d78-30_40_couv4-600x583.jpg 600w\" sizes=\"(max-width: 1024px) 100vw, 1024px\" \/><\/figure>\n\n\n\n<figure class=\"wp-block-image size-large\"><img decoding=\"async\" width=\"1003\" height=\"1024\" data-id=\"15482\" src=\"https:\/\/www.iemj.org\/wp-content\/uploads\/2017\/10\/d78-30_40_couv-1003x1024.jpg\" alt=\"d78-30_40_couv.jpg\" class=\"wp-image-15482\" srcset=\"https:\/\/www.iemj.org\/wp-content\/uploads\/2017\/10\/d78-30_40_couv-1003x1024.jpg 1003w, https:\/\/www.iemj.org\/wp-content\/uploads\/2017\/10\/d78-30_40_couv-294x300.jpg 294w, https:\/\/www.iemj.org\/wp-content\/uploads\/2017\/10\/d78-30_40_couv-768x784.jpg 768w, https:\/\/www.iemj.org\/wp-content\/uploads\/2017\/10\/d78-30_40_couv-1504x1536.jpg 1504w, https:\/\/www.iemj.org\/wp-content\/uploads\/2017\/10\/d78-30_40_couv-2006x2048.jpg 2006w, https:\/\/www.iemj.org\/wp-content\/uploads\/2017\/10\/d78-30_40_couv-600x613.jpg 600w\" sizes=\"(max-width: 1003px) 100vw, 1003px\" \/><\/figure>\n<\/figure>\n\n\n\n<div class=\"wp-block-group\"><div class=\"wp-block-group__inner-container is-layout-flow wp-block-group-is-layout-flow\">\n<div class=\"wp-block-group\"><div class=\"wp-block-group__inner-container is-layout-flow wp-block-group-is-layout-flow\">\n<p><a href=\"http:\/\/www.rachelnet.net\/F\/?func=find-c&amp;ccl_term=WRD+%3D+Baruch+ET+WRD+%3D+Ben+ET+WTY+%3D+31+or+32+or+41+or+42+or+71+or+72+or+C1+or+C2+or+D1+or+D2+or+K1+or+K2+or+R1+or+R2+or+RB+or+SR&amp;local_base=iemcg\">Consultare &nbsp;gli archivi di Ben Baruch nel nostro catalogo online RachelNet<\/a><\/p>\n\n\n\n<p><a href=\"https:\/\/www.iemj.org\/en\/chalude-jacques-aka-ben-barukh-1914-1997\/\">Consultare la biografia di Ben Baruch<\/a><\/p>\n\n\n\n<p><a href=\"https:\/\/www.iemj.org\/jacques-chalude-dit-ben-baruch-lartiste-aux-multiples-facettes\/\" target=\"_blank\" rel=\"noreferrer noopener\">Ascoltare il programma radiofonico {Musiche ebraiche di ieri e di oggi} dedicato a Ben Baruch, presentato da Herv\u00e9 Roten e con il figlio di Ben Baruch, Joel Chalude come ospite<\/a><\/p>\n<\/div><\/div>\n<\/div><\/div>\n\n\n\n<p><a href=\" https:\/\/www.iemj.org\/produit\/coffret-6-cds-musiques-juives-dans-le-paris-d-apres-guerre\/\">Acquistare il cofanetto &#8220;Musiche ebraiche nella Parigi del dopoguerra &#8211; Elesdisc 1948-1953, coll Archives, vol. 1 a 6.<\/a><\/p>\n\n\n<div class=\"wp-block-image\">\n<figure class=\"aligncenter size-large\"><img decoding=\"async\" width=\"1024\" height=\"133\" src=\"https:\/\/www.iemj.org\/wp-content\/uploads\/2024\/03\/AUDIO-PLAYER-1024x133.png\" alt=\"\" class=\"wp-image-110609\" srcset=\"https:\/\/www.iemj.org\/wp-content\/uploads\/2024\/03\/AUDIO-PLAYER-1024x133.png 1024w, https:\/\/www.iemj.org\/wp-content\/uploads\/2024\/03\/AUDIO-PLAYER-300x39.png 300w, https:\/\/www.iemj.org\/wp-content\/uploads\/2024\/03\/AUDIO-PLAYER-768x100.png 768w, https:\/\/www.iemj.org\/wp-content\/uploads\/2024\/03\/AUDIO-PLAYER-600x78.png 600w, https:\/\/www.iemj.org\/wp-content\/uploads\/2024\/03\/AUDIO-PLAYER.png 1210w\" sizes=\"(max-width: 1024px) 100vw, 1024px\" \/><\/figure>\n<\/div>\n\n\n<div class=\"wp-block-file\"><a href=\"https:\/\/www.iemj.org\/wp-content\/uploads\/2017\/10\/cd_614a_11.mp3\">Kol Nidre, by Ben Baruch<\/a><\/div>\n\n\n\n<div class=\"wp-block-file\"><a href=\"https:\/\/www.iemj.org\/wp-content\/uploads\/2017\/10\/cd_614a_12.mp3\">Kaddish, by Ben Baruch<\/a><\/div>\n\n\n\n<div class=\"wp-block-file\"><a href=\"https:\/\/www.iemj.org\/wp-content\/uploads\/2017\/12\/d78-30_44_02.mp3\">Oyfn Pripetchik, par Ben Baruch<\/a><\/div>\n\n\n\n<div class=\"wp-block-file\"><a href=\"https:\/\/www.iemj.org\/wp-content\/uploads\/2018\/06\/d78-30_98_02.mp3\">Zochrenou Lachaim, par Ben Baruch<\/a><\/div>\n","protected":false},"excerpt":{"rendered":"<p>Di tutti i nostri 78 giri (a settembre 2017 ne avevamo quasi 500), alcuni si distinguono. Questo \u00e8 il caso dei dischi dipinti di Ben Baruch. Pubblicati dalla casa discografica<\/p>\n","protected":false},"author":1048,"featured_media":49367,"comment_status":"closed","ping_status":"closed","sticky":false,"template":"","format":"standard","meta":{"_acf_changed":false,"footnotes":""},"categories":[1567],"tags":[],"technique":[],"squelettes":[],"sujet":[],"formation":[],"genre":[],"fonds":[],"tradition":[],"type-de-contenu":[],"interprete-compositeur":[3100,3249],"frise":[],"type-devenement":[],"tableaux-liens-externes":[],"class_list":["post-49366","post","type-post","status-publish","format-standard","has-post-thumbnail","hentry","category-indispensabili-it","interprete-compositeur-ben-baruch-it","interprete-compositeur-leon-algazi-it"],"acf":[],"yoast_head":"<!-- This site is optimized with the Yoast SEO plugin v27.3 - https:\/\/yoast.com\/product\/yoast-seo-wordpress\/ -->\n<title>I dischi 78 giri dipinti da Ben Baruch - Institut Europ\u00e9en des Musiques Juives<\/title>\n<meta name=\"robots\" content=\"index, follow, max-snippet:-1, max-image-preview:large, max-video-preview:-1\" \/>\n<link rel=\"canonical\" href=\"https:\/\/www.iemj.org\/it\/les-disques-78-tours-peints-de-ben-baruch\/\" \/>\n<meta property=\"og:locale\" content=\"it_IT\" \/>\n<meta property=\"og:type\" content=\"article\" \/>\n<meta property=\"og:title\" content=\"I dischi 78 giri dipinti da Ben Baruch - Institut Europ\u00e9en des Musiques Juives\" \/>\n<meta property=\"og:description\" content=\"Di tutti i nostri 78 giri (a settembre 2017 ne avevamo quasi 500), alcuni si distinguono. Questo \u00e8 il caso dei dischi dipinti di Ben Baruch. Pubblicati dalla casa discografica\" \/>\n<meta property=\"og:url\" content=\"https:\/\/www.iemj.org\/it\/les-disques-78-tours-peints-de-ben-baruch\/\" \/>\n<meta property=\"og:site_name\" content=\"Institut Europ\u00e9en des Musiques Juives\" \/>\n<meta property=\"article:publisher\" content=\"https:\/\/www.facebook.com\/MusiquesJuives\/\" \/>\n<meta property=\"article:published_time\" content=\"2017-10-04T12:18:47+00:00\" \/>\n<meta property=\"article:modified_time\" content=\"2025-10-08T07:45:57+00:00\" \/>\n<meta property=\"og:image\" content=\"https:\/\/www.iemj.org\/wp-content\/uploads\/2017\/10\/arton2502-e1618753687741.jpg\" \/>\n\t<meta property=\"og:image:width\" content=\"350\" \/>\n\t<meta property=\"og:image:height\" content=\"340\" \/>\n\t<meta property=\"og:image:type\" content=\"image\/jpeg\" \/>\n<meta name=\"author\" content=\"Jean-Gabriel Davis\" \/>\n<meta name=\"twitter:card\" content=\"summary_large_image\" \/>\n<meta name=\"twitter:label1\" content=\"Scritto da\" \/>\n\t<meta name=\"twitter:data1\" content=\"Jean-Gabriel Davis\" \/>\n\t<meta name=\"twitter:label2\" content=\"Tempo di lettura stimato\" \/>\n\t<meta name=\"twitter:data2\" content=\"3 minuti\" \/>\n<script type=\"application\/ld+json\" class=\"yoast-schema-graph\">{\"@context\":\"https:\\\/\\\/schema.org\",\"@graph\":[{\"@type\":\"Article\",\"@id\":\"https:\\\/\\\/www.iemj.org\\\/it\\\/les-disques-78-tours-peints-de-ben-baruch\\\/#article\",\"isPartOf\":{\"@id\":\"https:\\\/\\\/www.iemj.org\\\/it\\\/les-disques-78-tours-peints-de-ben-baruch\\\/\"},\"author\":{\"name\":\"Jean-Gabriel Davis\",\"@id\":\"https:\\\/\\\/www.iemj.org\\\/it\\\/#\\\/schema\\\/person\\\/c9bc1c386a3749579a2d675e72a18666\"},\"headline\":\"I dischi 78 giri dipinti da Ben Baruch\",\"datePublished\":\"2017-10-04T12:18:47+00:00\",\"dateModified\":\"2025-10-08T07:45:57+00:00\",\"mainEntityOfPage\":{\"@id\":\"https:\\\/\\\/www.iemj.org\\\/it\\\/les-disques-78-tours-peints-de-ben-baruch\\\/\"},\"wordCount\":292,\"publisher\":{\"@id\":\"https:\\\/\\\/www.iemj.org\\\/it\\\/#organization\"},\"image\":{\"@id\":\"https:\\\/\\\/www.iemj.org\\\/it\\\/les-disques-78-tours-peints-de-ben-baruch\\\/#primaryimage\"},\"thumbnailUrl\":\"https:\\\/\\\/www.iemj.org\\\/wp-content\\\/uploads\\\/2017\\\/10\\\/arton2502-e1618753687741.jpg\",\"articleSection\":[\"Indispensabili\"],\"inLanguage\":\"it-IT\"},{\"@type\":\"WebPage\",\"@id\":\"https:\\\/\\\/www.iemj.org\\\/it\\\/les-disques-78-tours-peints-de-ben-baruch\\\/\",\"url\":\"https:\\\/\\\/www.iemj.org\\\/it\\\/les-disques-78-tours-peints-de-ben-baruch\\\/\",\"name\":\"I dischi 78 giri dipinti da Ben Baruch - Institut Europ\u00e9en des Musiques Juives\",\"isPartOf\":{\"@id\":\"https:\\\/\\\/www.iemj.org\\\/it\\\/#website\"},\"primaryImageOfPage\":{\"@id\":\"https:\\\/\\\/www.iemj.org\\\/it\\\/les-disques-78-tours-peints-de-ben-baruch\\\/#primaryimage\"},\"image\":{\"@id\":\"https:\\\/\\\/www.iemj.org\\\/it\\\/les-disques-78-tours-peints-de-ben-baruch\\\/#primaryimage\"},\"thumbnailUrl\":\"https:\\\/\\\/www.iemj.org\\\/wp-content\\\/uploads\\\/2017\\\/10\\\/arton2502-e1618753687741.jpg\",\"datePublished\":\"2017-10-04T12:18:47+00:00\",\"dateModified\":\"2025-10-08T07:45:57+00:00\",\"breadcrumb\":{\"@id\":\"https:\\\/\\\/www.iemj.org\\\/it\\\/les-disques-78-tours-peints-de-ben-baruch\\\/#breadcrumb\"},\"inLanguage\":\"it-IT\",\"potentialAction\":[{\"@type\":\"ReadAction\",\"target\":[\"https:\\\/\\\/www.iemj.org\\\/it\\\/les-disques-78-tours-peints-de-ben-baruch\\\/\"]}]},{\"@type\":\"ImageObject\",\"inLanguage\":\"it-IT\",\"@id\":\"https:\\\/\\\/www.iemj.org\\\/it\\\/les-disques-78-tours-peints-de-ben-baruch\\\/#primaryimage\",\"url\":\"https:\\\/\\\/www.iemj.org\\\/wp-content\\\/uploads\\\/2017\\\/10\\\/arton2502-e1618753687741.jpg\",\"contentUrl\":\"https:\\\/\\\/www.iemj.org\\\/wp-content\\\/uploads\\\/2017\\\/10\\\/arton2502-e1618753687741.jpg\",\"width\":350,\"height\":340},{\"@type\":\"BreadcrumbList\",\"@id\":\"https:\\\/\\\/www.iemj.org\\\/it\\\/les-disques-78-tours-peints-de-ben-baruch\\\/#breadcrumb\",\"itemListElement\":[{\"@type\":\"ListItem\",\"position\":1,\"name\":\"Accueil\",\"item\":\"https:\\\/\\\/www.iemj.org\\\/it\\\/\"},{\"@type\":\"ListItem\",\"position\":2,\"name\":\"I dischi 78 giri dipinti da Ben Baruch\"}]},{\"@type\":\"WebSite\",\"@id\":\"https:\\\/\\\/www.iemj.org\\\/it\\\/#website\",\"url\":\"https:\\\/\\\/www.iemj.org\\\/it\\\/\",\"name\":\"Institut Europ\u00e9en des Musiques Juives\",\"description\":\"Des traditions musicales \u00e0 la port\u00e9e de tous\",\"publisher\":{\"@id\":\"https:\\\/\\\/www.iemj.org\\\/it\\\/#organization\"},\"potentialAction\":[{\"@type\":\"SearchAction\",\"target\":{\"@type\":\"EntryPoint\",\"urlTemplate\":\"https:\\\/\\\/www.iemj.org\\\/it\\\/?s={search_term_string}\"},\"query-input\":{\"@type\":\"PropertyValueSpecification\",\"valueRequired\":true,\"valueName\":\"search_term_string\"}}],\"inLanguage\":\"it-IT\"},{\"@type\":\"Organization\",\"@id\":\"https:\\\/\\\/www.iemj.org\\\/it\\\/#organization\",\"name\":\"Institut Europ\u00e9en des Musiques Juives\",\"url\":\"https:\\\/\\\/www.iemj.org\\\/it\\\/\",\"logo\":{\"@type\":\"ImageObject\",\"inLanguage\":\"it-IT\",\"@id\":\"https:\\\/\\\/www.iemj.org\\\/it\\\/#\\\/schema\\\/logo\\\/image\\\/\",\"url\":\"https:\\\/\\\/www.iemj.org\\\/wp-content\\\/uploads\\\/2021\\\/09\\\/Logo-IEMJ-Paypal.jpg\",\"contentUrl\":\"https:\\\/\\\/www.iemj.org\\\/wp-content\\\/uploads\\\/2021\\\/09\\\/Logo-IEMJ-Paypal.jpg\",\"width\":150,\"height\":50,\"caption\":\"Institut Europ\u00e9en des Musiques Juives\"},\"image\":{\"@id\":\"https:\\\/\\\/www.iemj.org\\\/it\\\/#\\\/schema\\\/logo\\\/image\\\/\"},\"sameAs\":[\"https:\\\/\\\/www.facebook.com\\\/MusiquesJuives\\\/\",\"https:\\\/\\\/www.instagram.com\\\/musiquesjuives\\\/\",\"https:\\\/\\\/www.youtube.com\\\/user\\\/musiquesjuives\"]},{\"@type\":\"Person\",\"@id\":\"https:\\\/\\\/www.iemj.org\\\/it\\\/#\\\/schema\\\/person\\\/c9bc1c386a3749579a2d675e72a18666\",\"name\":\"Jean-Gabriel Davis\",\"image\":{\"@type\":\"ImageObject\",\"inLanguage\":\"it-IT\",\"@id\":\"https:\\\/\\\/secure.gravatar.com\\\/avatar\\\/2b90d67bdf392c9b3a21fab87c0fa7edaf1fb3a058172a1ffd61033fcec7aec1?s=96&d=mm&r=g\",\"url\":\"https:\\\/\\\/secure.gravatar.com\\\/avatar\\\/2b90d67bdf392c9b3a21fab87c0fa7edaf1fb3a058172a1ffd61033fcec7aec1?s=96&d=mm&r=g\",\"contentUrl\":\"https:\\\/\\\/secure.gravatar.com\\\/avatar\\\/2b90d67bdf392c9b3a21fab87c0fa7edaf1fb3a058172a1ffd61033fcec7aec1?s=96&d=mm&r=g\",\"caption\":\"Jean-Gabriel Davis\"}}]}<\/script>\n<!-- \/ Yoast SEO plugin. -->","yoast_head_json":{"title":"I dischi 78 giri dipinti da Ben Baruch - Institut Europ\u00e9en des Musiques Juives","robots":{"index":"index","follow":"follow","max-snippet":"max-snippet:-1","max-image-preview":"max-image-preview:large","max-video-preview":"max-video-preview:-1"},"canonical":"https:\/\/www.iemj.org\/it\/les-disques-78-tours-peints-de-ben-baruch\/","og_locale":"it_IT","og_type":"article","og_title":"I dischi 78 giri dipinti da Ben Baruch - Institut Europ\u00e9en des Musiques Juives","og_description":"Di tutti i nostri 78 giri (a settembre 2017 ne avevamo quasi 500), alcuni si distinguono. Questo \u00e8 il caso dei dischi dipinti di Ben Baruch. Pubblicati dalla casa discografica","og_url":"https:\/\/www.iemj.org\/it\/les-disques-78-tours-peints-de-ben-baruch\/","og_site_name":"Institut Europ\u00e9en des Musiques Juives","article_publisher":"https:\/\/www.facebook.com\/MusiquesJuives\/","article_published_time":"2017-10-04T12:18:47+00:00","article_modified_time":"2025-10-08T07:45:57+00:00","og_image":[{"width":350,"height":340,"url":"https:\/\/www.iemj.org\/wp-content\/uploads\/2017\/10\/arton2502-e1618753687741.jpg","type":"image\/jpeg"}],"author":"Jean-Gabriel Davis","twitter_card":"summary_large_image","twitter_misc":{"Scritto da":"Jean-Gabriel Davis","Tempo di lettura stimato":"3 minuti"},"schema":{"@context":"https:\/\/schema.org","@graph":[{"@type":"Article","@id":"https:\/\/www.iemj.org\/it\/les-disques-78-tours-peints-de-ben-baruch\/#article","isPartOf":{"@id":"https:\/\/www.iemj.org\/it\/les-disques-78-tours-peints-de-ben-baruch\/"},"author":{"name":"Jean-Gabriel Davis","@id":"https:\/\/www.iemj.org\/it\/#\/schema\/person\/c9bc1c386a3749579a2d675e72a18666"},"headline":"I dischi 78 giri dipinti da Ben Baruch","datePublished":"2017-10-04T12:18:47+00:00","dateModified":"2025-10-08T07:45:57+00:00","mainEntityOfPage":{"@id":"https:\/\/www.iemj.org\/it\/les-disques-78-tours-peints-de-ben-baruch\/"},"wordCount":292,"publisher":{"@id":"https:\/\/www.iemj.org\/it\/#organization"},"image":{"@id":"https:\/\/www.iemj.org\/it\/les-disques-78-tours-peints-de-ben-baruch\/#primaryimage"},"thumbnailUrl":"https:\/\/www.iemj.org\/wp-content\/uploads\/2017\/10\/arton2502-e1618753687741.jpg","articleSection":["Indispensabili"],"inLanguage":"it-IT"},{"@type":"WebPage","@id":"https:\/\/www.iemj.org\/it\/les-disques-78-tours-peints-de-ben-baruch\/","url":"https:\/\/www.iemj.org\/it\/les-disques-78-tours-peints-de-ben-baruch\/","name":"I dischi 78 giri dipinti da Ben Baruch - Institut Europ\u00e9en des Musiques Juives","isPartOf":{"@id":"https:\/\/www.iemj.org\/it\/#website"},"primaryImageOfPage":{"@id":"https:\/\/www.iemj.org\/it\/les-disques-78-tours-peints-de-ben-baruch\/#primaryimage"},"image":{"@id":"https:\/\/www.iemj.org\/it\/les-disques-78-tours-peints-de-ben-baruch\/#primaryimage"},"thumbnailUrl":"https:\/\/www.iemj.org\/wp-content\/uploads\/2017\/10\/arton2502-e1618753687741.jpg","datePublished":"2017-10-04T12:18:47+00:00","dateModified":"2025-10-08T07:45:57+00:00","breadcrumb":{"@id":"https:\/\/www.iemj.org\/it\/les-disques-78-tours-peints-de-ben-baruch\/#breadcrumb"},"inLanguage":"it-IT","potentialAction":[{"@type":"ReadAction","target":["https:\/\/www.iemj.org\/it\/les-disques-78-tours-peints-de-ben-baruch\/"]}]},{"@type":"ImageObject","inLanguage":"it-IT","@id":"https:\/\/www.iemj.org\/it\/les-disques-78-tours-peints-de-ben-baruch\/#primaryimage","url":"https:\/\/www.iemj.org\/wp-content\/uploads\/2017\/10\/arton2502-e1618753687741.jpg","contentUrl":"https:\/\/www.iemj.org\/wp-content\/uploads\/2017\/10\/arton2502-e1618753687741.jpg","width":350,"height":340},{"@type":"BreadcrumbList","@id":"https:\/\/www.iemj.org\/it\/les-disques-78-tours-peints-de-ben-baruch\/#breadcrumb","itemListElement":[{"@type":"ListItem","position":1,"name":"Accueil","item":"https:\/\/www.iemj.org\/it\/"},{"@type":"ListItem","position":2,"name":"I dischi 78 giri dipinti da Ben Baruch"}]},{"@type":"WebSite","@id":"https:\/\/www.iemj.org\/it\/#website","url":"https:\/\/www.iemj.org\/it\/","name":"Institut Europ\u00e9en des Musiques Juives","description":"Des traditions musicales \u00e0 la port\u00e9e de tous","publisher":{"@id":"https:\/\/www.iemj.org\/it\/#organization"},"potentialAction":[{"@type":"SearchAction","target":{"@type":"EntryPoint","urlTemplate":"https:\/\/www.iemj.org\/it\/?s={search_term_string}"},"query-input":{"@type":"PropertyValueSpecification","valueRequired":true,"valueName":"search_term_string"}}],"inLanguage":"it-IT"},{"@type":"Organization","@id":"https:\/\/www.iemj.org\/it\/#organization","name":"Institut Europ\u00e9en des Musiques Juives","url":"https:\/\/www.iemj.org\/it\/","logo":{"@type":"ImageObject","inLanguage":"it-IT","@id":"https:\/\/www.iemj.org\/it\/#\/schema\/logo\/image\/","url":"https:\/\/www.iemj.org\/wp-content\/uploads\/2021\/09\/Logo-IEMJ-Paypal.jpg","contentUrl":"https:\/\/www.iemj.org\/wp-content\/uploads\/2021\/09\/Logo-IEMJ-Paypal.jpg","width":150,"height":50,"caption":"Institut Europ\u00e9en des Musiques Juives"},"image":{"@id":"https:\/\/www.iemj.org\/it\/#\/schema\/logo\/image\/"},"sameAs":["https:\/\/www.facebook.com\/MusiquesJuives\/","https:\/\/www.instagram.com\/musiquesjuives\/","https:\/\/www.youtube.com\/user\/musiquesjuives"]},{"@type":"Person","@id":"https:\/\/www.iemj.org\/it\/#\/schema\/person\/c9bc1c386a3749579a2d675e72a18666","name":"Jean-Gabriel Davis","image":{"@type":"ImageObject","inLanguage":"it-IT","@id":"https:\/\/secure.gravatar.com\/avatar\/2b90d67bdf392c9b3a21fab87c0fa7edaf1fb3a058172a1ffd61033fcec7aec1?s=96&d=mm&r=g","url":"https:\/\/secure.gravatar.com\/avatar\/2b90d67bdf392c9b3a21fab87c0fa7edaf1fb3a058172a1ffd61033fcec7aec1?s=96&d=mm&r=g","contentUrl":"https:\/\/secure.gravatar.com\/avatar\/2b90d67bdf392c9b3a21fab87c0fa7edaf1fb3a058172a1ffd61033fcec7aec1?s=96&d=mm&r=g","caption":"Jean-Gabriel Davis"}}]}},"_links":{"self":[{"href":"https:\/\/www.iemj.org\/it\/wp-json\/wp\/v2\/posts\/49366","targetHints":{"allow":["GET"]}}],"collection":[{"href":"https:\/\/www.iemj.org\/it\/wp-json\/wp\/v2\/posts"}],"about":[{"href":"https:\/\/www.iemj.org\/it\/wp-json\/wp\/v2\/types\/post"}],"author":[{"embeddable":true,"href":"https:\/\/www.iemj.org\/it\/wp-json\/wp\/v2\/users\/1048"}],"replies":[{"embeddable":true,"href":"https:\/\/www.iemj.org\/it\/wp-json\/wp\/v2\/comments?post=49366"}],"version-history":[{"count":1,"href":"https:\/\/www.iemj.org\/it\/wp-json\/wp\/v2\/posts\/49366\/revisions"}],"predecessor-version":[{"id":126510,"href":"https:\/\/www.iemj.org\/it\/wp-json\/wp\/v2\/posts\/49366\/revisions\/126510"}],"wp:featuredmedia":[{"embeddable":true,"href":"https:\/\/www.iemj.org\/it\/wp-json\/wp\/v2\/media\/49367"}],"wp:attachment":[{"href":"https:\/\/www.iemj.org\/it\/wp-json\/wp\/v2\/media?parent=49366"}],"wp:term":[{"taxonomy":"category","embeddable":true,"href":"https:\/\/www.iemj.org\/it\/wp-json\/wp\/v2\/categories?post=49366"},{"taxonomy":"post_tag","embeddable":true,"href":"https:\/\/www.iemj.org\/it\/wp-json\/wp\/v2\/tags?post=49366"},{"taxonomy":"technique","embeddable":true,"href":"https:\/\/www.iemj.org\/it\/wp-json\/wp\/v2\/technique?post=49366"},{"taxonomy":"squelettes","embeddable":true,"href":"https:\/\/www.iemj.org\/it\/wp-json\/wp\/v2\/squelettes?post=49366"},{"taxonomy":"sujet","embeddable":true,"href":"https:\/\/www.iemj.org\/it\/wp-json\/wp\/v2\/sujet?post=49366"},{"taxonomy":"formation","embeddable":true,"href":"https:\/\/www.iemj.org\/it\/wp-json\/wp\/v2\/formation?post=49366"},{"taxonomy":"genre","embeddable":true,"href":"https:\/\/www.iemj.org\/it\/wp-json\/wp\/v2\/genre?post=49366"},{"taxonomy":"fonds","embeddable":true,"href":"https:\/\/www.iemj.org\/it\/wp-json\/wp\/v2\/fonds?post=49366"},{"taxonomy":"tradition","embeddable":true,"href":"https:\/\/www.iemj.org\/it\/wp-json\/wp\/v2\/tradition?post=49366"},{"taxonomy":"type-de-contenu","embeddable":true,"href":"https:\/\/www.iemj.org\/it\/wp-json\/wp\/v2\/type-de-contenu?post=49366"},{"taxonomy":"interprete-compositeur","embeddable":true,"href":"https:\/\/www.iemj.org\/it\/wp-json\/wp\/v2\/interprete-compositeur?post=49366"},{"taxonomy":"frise","embeddable":true,"href":"https:\/\/www.iemj.org\/it\/wp-json\/wp\/v2\/frise?post=49366"},{"taxonomy":"type-devenement","embeddable":true,"href":"https:\/\/www.iemj.org\/it\/wp-json\/wp\/v2\/type-devenement?post=49366"},{"taxonomy":"tableaux-liens-externes","embeddable":true,"href":"https:\/\/www.iemj.org\/it\/wp-json\/wp\/v2\/tableaux-liens-externes?post=49366"}],"curies":[{"name":"wp","href":"https:\/\/api.w.org\/{rel}","templated":true}]}}