{"id":49741,"date":"2018-01-31T11:53:40","date_gmt":"2018-01-31T10:53:40","guid":{"rendered":"https:\/\/www.iemj.org\/videos-du-concert-de-gala-de-linstitut-europeen-des-musiques-juives-edition-2017\/"},"modified":"2025-10-01T13:17:14","modified_gmt":"2025-10-01T11:17:14","slug":"videos-du-concert-de-gala-de-linstitut-europeen-des-musiques-juives-edition-2017","status":"publish","type":"post","link":"https:\/\/www.iemj.org\/it\/videos-du-concert-de-gala-de-linstitut-europeen-des-musiques-juives-edition-2017\/","title":{"rendered":"Concerto di gala dell\u2019Institut Europ\u00e9en des Musiques Juives &#8211; Edizione 2017"},"content":{"rendered":"<p>Visionate degli <strong>estratti video<\/strong> della terza edizione del concerto di gala dell&#8217;Istituto Europeo di Musiche Ebraiche che si \u00e8 svolto domenica 12 novembre 2017, Salle Cortot (Parigi 17e), con il sostegno dalla Fondazione Henriette Halphen, sotto l\u2019egida della Fondation du Juda\u00efsme Fran\u00e7ais.<\/p>\n<p><!--more--><\/p>\n<p>In programma: Un viaggio musicale nel cuore dell&#8217;anima ebraica: <strong><em>Le Sablier du Temps <\/em><\/strong><strong><em>(la Clessidra del Tempo)<\/em><\/strong>, proposto da Virginie Constant ed una creazione mondiale di Denis Cuniot: <strong><em>Klezmer Trans&#8217;Africaine <\/em><\/strong><strong><em>(Klezmer Trans&#8217;Africano)<\/em><\/strong><strong><em>.<\/em><\/strong><\/p>\n<p>Nella prima parte <strong>Virginie Constant<\/strong>, al violoncello e <strong>Simon Zaoui<\/strong>, al pianoforte, ci hanno invitato a viaggiare al ritmo di opere sacre e profane, scritte principalmente nella prima met\u00e0 del XX secolo da compositori alla ricerca di un&#8217;identit\u00e0 musicale ebraica. Abbiamo cos\u00ec potuto ascoltare opere di Joseph Achron, Ernest Bloch, Gideon Klein, Lazare Saminski, Mark Warshawsky &#8230;<\/p>\n<p>Nella seconda parte del concerto, <strong>Denis Cuniot<\/strong>, accompagnato da <strong>Julien Andr\u00e9<\/strong>, alle percussioni africane, <strong>Jean-Philippe Viret<\/strong>, al contrabbasso, ci ha proposto uno spettacolo colorito, avvicinando la musica klezmer alla musica africana, con l&#8217;eccezionale partecipazione della ballerina africana <strong>Aminata Traor\u00e9<\/strong> amplificando il piacere delle orecchie a quello degli occhi &#8230;<\/p>\n<p><a href=\"https:\/\/www.iemj.org\/wp-content\/uploads\/2018\/01\/programme_concert_gala_iemj_2017.pdf\" target=\"_blank\" rel=\"noopener\">Scaricare il programma del concerto di Gala IEMJ 2017<\/a><\/p>\n\n\n<figure class=\"wp-block-embed is-type-video is-provider-youtube wp-block-embed-youtube wp-embed-aspect-4-3 wp-has-aspect-ratio\"><div class=\"wp-block-embed__wrapper\">\n<iframe title=\"Gala IEMJ 2017 -  Le sablier du temps\" width=\"640\" height=\"480\" src=\"https:\/\/www.youtube.com\/embed\/-ARIam9JaMc?feature=oembed\" frameborder=\"0\" allow=\"accelerometer; autoplay; clipboard-write; encrypted-media; gyroscope; picture-in-picture; web-share\" referrerpolicy=\"strict-origin-when-cross-origin\" allowfullscreen><\/iframe>\n<\/div><figcaption class=\"wp-element-caption\"><strong>1a parte: Le Sablier du Temps<\/strong><br>Matana &#8211; Serge kaufmann<br>Voix dans le d\u00e9sert &#8211; Ernest Bloch<br>Conte h\u00e9bra\u00efque op.17 n\u00b01 &#8211; Lazare Saminsky<br>M\u00e9lodie h\u00e9bra\u00efque &#8211; Joseph Achron<br>Oyfn Pripetchik &#8211; Mark Warshawsky<\/figcaption><\/figure>\n\n\n\n<figure class=\"wp-block-embed is-type-video is-provider-youtube wp-block-embed-youtube wp-embed-aspect-4-3 wp-has-aspect-ratio\"><div class=\"wp-block-embed__wrapper\">\n<iframe title=\"Gala IEMJ 2017 - Klezmer Trans&#039; Africaine\" width=\"640\" height=\"480\" src=\"https:\/\/www.youtube.com\/embed\/m_j0G3onBpA?feature=oembed\" frameborder=\"0\" allow=\"accelerometer; autoplay; clipboard-write; encrypted-media; gyroscope; picture-in-picture; web-share\" referrerpolicy=\"strict-origin-when-cross-origin\" allowfullscreen><\/iframe>\n<\/div><figcaption class=\"wp-element-caption\"><strong>2a parte: Klezmer Trans&#8217; Africaine<\/strong><br>Desert Wedding &#8211; Denis Cuniot<br>African Mazal &#8211; Abdullah Ibrahim &amp; Denis Cuniot<br>Oriental Mazal &#8211; Improvisation de Denis Cuniot<br>Maz&#8217; l&#8217; s Transes &#8211; Abraham Ellstein et air traditionnel<br>Debka Druze &#8211; A. Givon<\/figcaption><\/figure>\n\n\n<div class=\"wp-block-image\">\n<figure class=\"aligncenter size-large\"><img fetchpriority=\"high\" decoding=\"async\" width=\"1024\" height=\"133\" src=\"https:\/\/www.iemj.org\/wp-content\/uploads\/2024\/03\/AUDIO-PLAYER-1024x133.png\" alt=\"\" class=\"wp-image-110609\" srcset=\"https:\/\/www.iemj.org\/wp-content\/uploads\/2024\/03\/AUDIO-PLAYER-1024x133.png 1024w, https:\/\/www.iemj.org\/wp-content\/uploads\/2024\/03\/AUDIO-PLAYER-300x39.png 300w, https:\/\/www.iemj.org\/wp-content\/uploads\/2024\/03\/AUDIO-PLAYER-768x100.png 768w, https:\/\/www.iemj.org\/wp-content\/uploads\/2024\/03\/AUDIO-PLAYER-600x78.png 600w, https:\/\/www.iemj.org\/wp-content\/uploads\/2024\/03\/AUDIO-PLAYER.png 1210w\" sizes=\"(max-width: 1024px) 100vw, 1024px\" \/><\/figure>\n<\/div>\n\n\n<div class=\"wp-block-file\"><a href=\"https:\/\/www.iemj.org\/wp-content\/uploads\/2018\/02\/1_matana_-_serge_kaufmann.mp3\">Matana &#8211; Serge kaufmann<\/a><\/div>\n\n\n\n<div class=\"wp-block-file\"><a href=\"https:\/\/www.iemj.org\/wp-content\/uploads\/2018\/02\/2_voix_dans_le_desert_-_ernest_bloch.mp3\">Voix dans le d\u00e9sert &#8211; Ernest Bloch<\/a><\/div>\n\n\n\n<div class=\"wp-block-file\"><a href=\"https:\/\/www.iemj.org\/wp-content\/uploads\/2018\/02\/3_conte_hebraique_op.17_no1_-_lazare_saminsky.mp3\">Conte h\u00e9bra\u00efque op.17 n\u00b01 &#8211; Lazare Saminsky<\/a><\/div>\n\n\n\n<div class=\"wp-block-file\"><a href=\"https:\/\/www.iemj.org\/wp-content\/uploads\/2018\/02\/4_melodie_hebraique_-_joseph_achron.mp3\">M\u00e9lodie h\u00e9bra\u00efque &#8211; Joseph Achron<\/a><\/div>\n\n\n\n<div class=\"wp-block-file\"><a href=\"https:\/\/www.iemj.org\/wp-content\/uploads\/2018\/02\/5_oyfn_pripetchik_-_mark_warshawsky.mp3\">Oyfn Pripetchik &#8211; Mark Warshawsky<\/a><\/div>\n\n\n\n<div class=\"wp-block-file\"><a href=\"https:\/\/www.iemj.org\/wp-content\/uploads\/2018\/02\/6_desert_wedding_-_denis_cuniot_.mp3\">Desert Wedding &#8211; Denis Cuniot<\/a><\/div>\n\n\n\n<div class=\"wp-block-file\"><a href=\"https:\/\/www.iemj.org\/wp-content\/uploads\/2018\/02\/7_african_mazal_-_abdullah_ibrahim_denis_cuniot.mp3\">African Mazal &#8211; Abdullah Ibrahim &amp; Denis Cuniot<\/a><\/div>\n\n\n\n<div class=\"wp-block-file\"><a href=\"https:\/\/www.iemj.org\/wp-content\/uploads\/2018\/02\/8_oriental_mazal_-_improvisation_de_denis_cuniot.mp3\">Oriental Mazal &#8211; Improvisation de Denis Cuniot<\/a><\/div>\n\n\n\n<div class=\"wp-block-file\"><a href=\"https:\/\/www.iemj.org\/wp-content\/uploads\/2018\/02\/9_maz_l_s_transes_-_abraham_ellstein_et_air_traditionnel.mp3\">Maz&#8217; l&#8217; s Transes &#8211; Abraham Ellstein et air traditionnel<\/a><\/div>\n\n\n\n<div class=\"wp-block-file\"><a href=\"https:\/\/www.iemj.org\/wp-content\/uploads\/2018\/02\/10_debka_druze_-_a._givon.mp3\">Debka Druze &#8211; A. Givon<\/a><\/div>\n","protected":false},"excerpt":{"rendered":"<p>Visionate degli estratti video della terza edizione del concerto di gala dell&#8217;Istituto Europeo di Musiche Ebraiche che si \u00e8 svolto domenica 12 novembre 2017, Salle Cortot (Parigi 17e), con il<\/p>\n","protected":false},"author":5,"featured_media":49742,"comment_status":"closed","ping_status":"closed","sticky":false,"template":"","format":"standard","meta":{"_acf_changed":false,"footnotes":""},"categories":[1518],"tags":[],"technique":[],"squelettes":[],"sujet":[],"formation":[],"genre":[1874,1901],"fonds":[],"tradition":[],"type-de-contenu":[],"interprete-compositeur":[],"frise":[],"type-devenement":[],"tableaux-liens-externes":[],"class_list":["post-49741","post","type-post","status-publish","format-standard","has-post-thumbnail","hentry","category-concerti-film-it","genre-klezmer-it","genre-musica-classica-it"],"acf":[],"yoast_head":"<!-- This site is optimized with the Yoast SEO plugin v27.3 - https:\/\/yoast.com\/product\/yoast-seo-wordpress\/ -->\n<title>Concerto di gala dell\u2019Institut Europ\u00e9en des Musiques Juives - Edizione 2017 - Institut Europ\u00e9en des Musiques Juives<\/title>\n<meta name=\"robots\" content=\"index, follow, max-snippet:-1, max-image-preview:large, max-video-preview:-1\" \/>\n<link rel=\"canonical\" href=\"https:\/\/www.iemj.org\/it\/videos-du-concert-de-gala-de-linstitut-europeen-des-musiques-juives-edition-2017\/\" \/>\n<meta property=\"og:locale\" content=\"it_IT\" \/>\n<meta property=\"og:type\" content=\"article\" \/>\n<meta property=\"og:title\" content=\"Concerto di gala dell\u2019Institut Europ\u00e9en des Musiques Juives - Edizione 2017 - Institut Europ\u00e9en des Musiques Juives\" \/>\n<meta property=\"og:description\" content=\"Visionate degli estratti video della terza edizione del concerto di gala dell&#8217;Istituto Europeo di Musiche Ebraiche che si \u00e8 svolto domenica 12 novembre 2017, Salle Cortot (Parigi 17e), con il\" \/>\n<meta property=\"og:url\" content=\"https:\/\/www.iemj.org\/it\/videos-du-concert-de-gala-de-linstitut-europeen-des-musiques-juives-edition-2017\/\" \/>\n<meta property=\"og:site_name\" content=\"Institut Europ\u00e9en des Musiques Juives\" \/>\n<meta property=\"article:publisher\" content=\"https:\/\/www.facebook.com\/MusiquesJuives\/\" \/>\n<meta property=\"article:published_time\" content=\"2018-01-31T10:53:40+00:00\" \/>\n<meta property=\"article:modified_time\" content=\"2025-10-01T11:17:14+00:00\" \/>\n<meta property=\"og:image\" content=\"https:\/\/www.iemj.org\/wp-content\/uploads\/2018\/01\/arton3097-e1618159640800.jpg\" \/>\n\t<meta property=\"og:image:width\" content=\"350\" \/>\n\t<meta property=\"og:image:height\" content=\"467\" \/>\n\t<meta property=\"og:image:type\" content=\"image\/jpeg\" \/>\n<meta name=\"author\" content=\"Jacqueline ROTEN\" \/>\n<meta name=\"twitter:card\" content=\"summary_large_image\" \/>\n<meta name=\"twitter:label1\" content=\"Scritto da\" \/>\n\t<meta name=\"twitter:data1\" content=\"Jacqueline ROTEN\" \/>\n\t<meta name=\"twitter:label2\" content=\"Tempo di lettura stimato\" \/>\n\t<meta name=\"twitter:data2\" content=\"2 minuti\" \/>\n<script type=\"application\/ld+json\" class=\"yoast-schema-graph\">{\"@context\":\"https:\\\/\\\/schema.org\",\"@graph\":[{\"@type\":\"Article\",\"@id\":\"https:\\\/\\\/www.iemj.org\\\/it\\\/videos-du-concert-de-gala-de-linstitut-europeen-des-musiques-juives-edition-2017\\\/#article\",\"isPartOf\":{\"@id\":\"https:\\\/\\\/www.iemj.org\\\/it\\\/videos-du-concert-de-gala-de-linstitut-europeen-des-musiques-juives-edition-2017\\\/\"},\"author\":{\"name\":\"Jacqueline ROTEN\",\"@id\":\"https:\\\/\\\/www.iemj.org\\\/it\\\/#\\\/schema\\\/person\\\/358e26c18aca017fcc4cc15437f7279c\"},\"headline\":\"Concerto di gala dell\u2019Institut Europ\u00e9en des Musiques Juives &#8211; Edizione 2017\",\"datePublished\":\"2018-01-31T10:53:40+00:00\",\"dateModified\":\"2025-10-01T11:17:14+00:00\",\"mainEntityOfPage\":{\"@id\":\"https:\\\/\\\/www.iemj.org\\\/it\\\/videos-du-concert-de-gala-de-linstitut-europeen-des-musiques-juives-edition-2017\\\/\"},\"wordCount\":357,\"publisher\":{\"@id\":\"https:\\\/\\\/www.iemj.org\\\/it\\\/#organization\"},\"image\":{\"@id\":\"https:\\\/\\\/www.iemj.org\\\/it\\\/videos-du-concert-de-gala-de-linstitut-europeen-des-musiques-juives-edition-2017\\\/#primaryimage\"},\"thumbnailUrl\":\"https:\\\/\\\/www.iemj.org\\\/wp-content\\\/uploads\\\/2018\\\/01\\\/arton3097-e1618159640800.jpg\",\"articleSection\":[\"Concerti\"],\"inLanguage\":\"it-IT\"},{\"@type\":\"WebPage\",\"@id\":\"https:\\\/\\\/www.iemj.org\\\/it\\\/videos-du-concert-de-gala-de-linstitut-europeen-des-musiques-juives-edition-2017\\\/\",\"url\":\"https:\\\/\\\/www.iemj.org\\\/it\\\/videos-du-concert-de-gala-de-linstitut-europeen-des-musiques-juives-edition-2017\\\/\",\"name\":\"Concerto di gala dell\u2019Institut Europ\u00e9en des Musiques Juives - Edizione 2017 - Institut Europ\u00e9en des Musiques Juives\",\"isPartOf\":{\"@id\":\"https:\\\/\\\/www.iemj.org\\\/it\\\/#website\"},\"primaryImageOfPage\":{\"@id\":\"https:\\\/\\\/www.iemj.org\\\/it\\\/videos-du-concert-de-gala-de-linstitut-europeen-des-musiques-juives-edition-2017\\\/#primaryimage\"},\"image\":{\"@id\":\"https:\\\/\\\/www.iemj.org\\\/it\\\/videos-du-concert-de-gala-de-linstitut-europeen-des-musiques-juives-edition-2017\\\/#primaryimage\"},\"thumbnailUrl\":\"https:\\\/\\\/www.iemj.org\\\/wp-content\\\/uploads\\\/2018\\\/01\\\/arton3097-e1618159640800.jpg\",\"datePublished\":\"2018-01-31T10:53:40+00:00\",\"dateModified\":\"2025-10-01T11:17:14+00:00\",\"breadcrumb\":{\"@id\":\"https:\\\/\\\/www.iemj.org\\\/it\\\/videos-du-concert-de-gala-de-linstitut-europeen-des-musiques-juives-edition-2017\\\/#breadcrumb\"},\"inLanguage\":\"it-IT\",\"potentialAction\":[{\"@type\":\"ReadAction\",\"target\":[\"https:\\\/\\\/www.iemj.org\\\/it\\\/videos-du-concert-de-gala-de-linstitut-europeen-des-musiques-juives-edition-2017\\\/\"]}]},{\"@type\":\"ImageObject\",\"inLanguage\":\"it-IT\",\"@id\":\"https:\\\/\\\/www.iemj.org\\\/it\\\/videos-du-concert-de-gala-de-linstitut-europeen-des-musiques-juives-edition-2017\\\/#primaryimage\",\"url\":\"https:\\\/\\\/www.iemj.org\\\/wp-content\\\/uploads\\\/2018\\\/01\\\/arton3097-e1618159640800.jpg\",\"contentUrl\":\"https:\\\/\\\/www.iemj.org\\\/wp-content\\\/uploads\\\/2018\\\/01\\\/arton3097-e1618159640800.jpg\",\"width\":350,\"height\":467},{\"@type\":\"BreadcrumbList\",\"@id\":\"https:\\\/\\\/www.iemj.org\\\/it\\\/videos-du-concert-de-gala-de-linstitut-europeen-des-musiques-juives-edition-2017\\\/#breadcrumb\",\"itemListElement\":[{\"@type\":\"ListItem\",\"position\":1,\"name\":\"Accueil\",\"item\":\"https:\\\/\\\/www.iemj.org\\\/it\\\/\"},{\"@type\":\"ListItem\",\"position\":2,\"name\":\"Concerto di gala dell\u2019Institut Europ\u00e9en des Musiques Juives &#8211; Edizione 2017\"}]},{\"@type\":\"WebSite\",\"@id\":\"https:\\\/\\\/www.iemj.org\\\/it\\\/#website\",\"url\":\"https:\\\/\\\/www.iemj.org\\\/it\\\/\",\"name\":\"Institut Europ\u00e9en des Musiques Juives\",\"description\":\"Des traditions musicales \u00e0 la port\u00e9e de tous\",\"publisher\":{\"@id\":\"https:\\\/\\\/www.iemj.org\\\/it\\\/#organization\"},\"potentialAction\":[{\"@type\":\"SearchAction\",\"target\":{\"@type\":\"EntryPoint\",\"urlTemplate\":\"https:\\\/\\\/www.iemj.org\\\/it\\\/?s={search_term_string}\"},\"query-input\":{\"@type\":\"PropertyValueSpecification\",\"valueRequired\":true,\"valueName\":\"search_term_string\"}}],\"inLanguage\":\"it-IT\"},{\"@type\":\"Organization\",\"@id\":\"https:\\\/\\\/www.iemj.org\\\/it\\\/#organization\",\"name\":\"Institut Europ\u00e9en des Musiques Juives\",\"url\":\"https:\\\/\\\/www.iemj.org\\\/it\\\/\",\"logo\":{\"@type\":\"ImageObject\",\"inLanguage\":\"it-IT\",\"@id\":\"https:\\\/\\\/www.iemj.org\\\/it\\\/#\\\/schema\\\/logo\\\/image\\\/\",\"url\":\"https:\\\/\\\/www.iemj.org\\\/wp-content\\\/uploads\\\/2021\\\/09\\\/Logo-IEMJ-Paypal.jpg\",\"contentUrl\":\"https:\\\/\\\/www.iemj.org\\\/wp-content\\\/uploads\\\/2021\\\/09\\\/Logo-IEMJ-Paypal.jpg\",\"width\":150,\"height\":50,\"caption\":\"Institut Europ\u00e9en des Musiques Juives\"},\"image\":{\"@id\":\"https:\\\/\\\/www.iemj.org\\\/it\\\/#\\\/schema\\\/logo\\\/image\\\/\"},\"sameAs\":[\"https:\\\/\\\/www.facebook.com\\\/MusiquesJuives\\\/\",\"https:\\\/\\\/www.instagram.com\\\/musiquesjuives\\\/\",\"https:\\\/\\\/www.youtube.com\\\/user\\\/musiquesjuives\"]},{\"@type\":\"Person\",\"@id\":\"https:\\\/\\\/www.iemj.org\\\/it\\\/#\\\/schema\\\/person\\\/358e26c18aca017fcc4cc15437f7279c\",\"name\":\"Jacqueline ROTEN\",\"image\":{\"@type\":\"ImageObject\",\"inLanguage\":\"it-IT\",\"@id\":\"https:\\\/\\\/secure.gravatar.com\\\/avatar\\\/5964256d6c6957de3a3505278957e0fb2a35119ac47ea41827a65301213c810b?s=96&d=mm&r=g\",\"url\":\"https:\\\/\\\/secure.gravatar.com\\\/avatar\\\/5964256d6c6957de3a3505278957e0fb2a35119ac47ea41827a65301213c810b?s=96&d=mm&r=g\",\"contentUrl\":\"https:\\\/\\\/secure.gravatar.com\\\/avatar\\\/5964256d6c6957de3a3505278957e0fb2a35119ac47ea41827a65301213c810b?s=96&d=mm&r=g\",\"caption\":\"Jacqueline ROTEN\"}}]}<\/script>\n<!-- \/ Yoast SEO plugin. -->","yoast_head_json":{"title":"Concerto di gala dell\u2019Institut Europ\u00e9en des Musiques Juives - Edizione 2017 - Institut Europ\u00e9en des Musiques Juives","robots":{"index":"index","follow":"follow","max-snippet":"max-snippet:-1","max-image-preview":"max-image-preview:large","max-video-preview":"max-video-preview:-1"},"canonical":"https:\/\/www.iemj.org\/it\/videos-du-concert-de-gala-de-linstitut-europeen-des-musiques-juives-edition-2017\/","og_locale":"it_IT","og_type":"article","og_title":"Concerto di gala dell\u2019Institut Europ\u00e9en des Musiques Juives - Edizione 2017 - Institut Europ\u00e9en des Musiques Juives","og_description":"Visionate degli estratti video della terza edizione del concerto di gala dell&#8217;Istituto Europeo di Musiche Ebraiche che si \u00e8 svolto domenica 12 novembre 2017, Salle Cortot (Parigi 17e), con il","og_url":"https:\/\/www.iemj.org\/it\/videos-du-concert-de-gala-de-linstitut-europeen-des-musiques-juives-edition-2017\/","og_site_name":"Institut Europ\u00e9en des Musiques Juives","article_publisher":"https:\/\/www.facebook.com\/MusiquesJuives\/","article_published_time":"2018-01-31T10:53:40+00:00","article_modified_time":"2025-10-01T11:17:14+00:00","og_image":[{"width":350,"height":467,"url":"https:\/\/www.iemj.org\/wp-content\/uploads\/2018\/01\/arton3097-e1618159640800.jpg","type":"image\/jpeg"}],"author":"Jacqueline ROTEN","twitter_card":"summary_large_image","twitter_misc":{"Scritto da":"Jacqueline ROTEN","Tempo di lettura stimato":"2 minuti"},"schema":{"@context":"https:\/\/schema.org","@graph":[{"@type":"Article","@id":"https:\/\/www.iemj.org\/it\/videos-du-concert-de-gala-de-linstitut-europeen-des-musiques-juives-edition-2017\/#article","isPartOf":{"@id":"https:\/\/www.iemj.org\/it\/videos-du-concert-de-gala-de-linstitut-europeen-des-musiques-juives-edition-2017\/"},"author":{"name":"Jacqueline ROTEN","@id":"https:\/\/www.iemj.org\/it\/#\/schema\/person\/358e26c18aca017fcc4cc15437f7279c"},"headline":"Concerto di gala dell\u2019Institut Europ\u00e9en des Musiques Juives &#8211; Edizione 2017","datePublished":"2018-01-31T10:53:40+00:00","dateModified":"2025-10-01T11:17:14+00:00","mainEntityOfPage":{"@id":"https:\/\/www.iemj.org\/it\/videos-du-concert-de-gala-de-linstitut-europeen-des-musiques-juives-edition-2017\/"},"wordCount":357,"publisher":{"@id":"https:\/\/www.iemj.org\/it\/#organization"},"image":{"@id":"https:\/\/www.iemj.org\/it\/videos-du-concert-de-gala-de-linstitut-europeen-des-musiques-juives-edition-2017\/#primaryimage"},"thumbnailUrl":"https:\/\/www.iemj.org\/wp-content\/uploads\/2018\/01\/arton3097-e1618159640800.jpg","articleSection":["Concerti"],"inLanguage":"it-IT"},{"@type":"WebPage","@id":"https:\/\/www.iemj.org\/it\/videos-du-concert-de-gala-de-linstitut-europeen-des-musiques-juives-edition-2017\/","url":"https:\/\/www.iemj.org\/it\/videos-du-concert-de-gala-de-linstitut-europeen-des-musiques-juives-edition-2017\/","name":"Concerto di gala dell\u2019Institut Europ\u00e9en des Musiques Juives - Edizione 2017 - Institut Europ\u00e9en des Musiques Juives","isPartOf":{"@id":"https:\/\/www.iemj.org\/it\/#website"},"primaryImageOfPage":{"@id":"https:\/\/www.iemj.org\/it\/videos-du-concert-de-gala-de-linstitut-europeen-des-musiques-juives-edition-2017\/#primaryimage"},"image":{"@id":"https:\/\/www.iemj.org\/it\/videos-du-concert-de-gala-de-linstitut-europeen-des-musiques-juives-edition-2017\/#primaryimage"},"thumbnailUrl":"https:\/\/www.iemj.org\/wp-content\/uploads\/2018\/01\/arton3097-e1618159640800.jpg","datePublished":"2018-01-31T10:53:40+00:00","dateModified":"2025-10-01T11:17:14+00:00","breadcrumb":{"@id":"https:\/\/www.iemj.org\/it\/videos-du-concert-de-gala-de-linstitut-europeen-des-musiques-juives-edition-2017\/#breadcrumb"},"inLanguage":"it-IT","potentialAction":[{"@type":"ReadAction","target":["https:\/\/www.iemj.org\/it\/videos-du-concert-de-gala-de-linstitut-europeen-des-musiques-juives-edition-2017\/"]}]},{"@type":"ImageObject","inLanguage":"it-IT","@id":"https:\/\/www.iemj.org\/it\/videos-du-concert-de-gala-de-linstitut-europeen-des-musiques-juives-edition-2017\/#primaryimage","url":"https:\/\/www.iemj.org\/wp-content\/uploads\/2018\/01\/arton3097-e1618159640800.jpg","contentUrl":"https:\/\/www.iemj.org\/wp-content\/uploads\/2018\/01\/arton3097-e1618159640800.jpg","width":350,"height":467},{"@type":"BreadcrumbList","@id":"https:\/\/www.iemj.org\/it\/videos-du-concert-de-gala-de-linstitut-europeen-des-musiques-juives-edition-2017\/#breadcrumb","itemListElement":[{"@type":"ListItem","position":1,"name":"Accueil","item":"https:\/\/www.iemj.org\/it\/"},{"@type":"ListItem","position":2,"name":"Concerto di gala dell\u2019Institut Europ\u00e9en des Musiques Juives &#8211; Edizione 2017"}]},{"@type":"WebSite","@id":"https:\/\/www.iemj.org\/it\/#website","url":"https:\/\/www.iemj.org\/it\/","name":"Institut Europ\u00e9en des Musiques Juives","description":"Des traditions musicales \u00e0 la port\u00e9e de tous","publisher":{"@id":"https:\/\/www.iemj.org\/it\/#organization"},"potentialAction":[{"@type":"SearchAction","target":{"@type":"EntryPoint","urlTemplate":"https:\/\/www.iemj.org\/it\/?s={search_term_string}"},"query-input":{"@type":"PropertyValueSpecification","valueRequired":true,"valueName":"search_term_string"}}],"inLanguage":"it-IT"},{"@type":"Organization","@id":"https:\/\/www.iemj.org\/it\/#organization","name":"Institut Europ\u00e9en des Musiques Juives","url":"https:\/\/www.iemj.org\/it\/","logo":{"@type":"ImageObject","inLanguage":"it-IT","@id":"https:\/\/www.iemj.org\/it\/#\/schema\/logo\/image\/","url":"https:\/\/www.iemj.org\/wp-content\/uploads\/2021\/09\/Logo-IEMJ-Paypal.jpg","contentUrl":"https:\/\/www.iemj.org\/wp-content\/uploads\/2021\/09\/Logo-IEMJ-Paypal.jpg","width":150,"height":50,"caption":"Institut Europ\u00e9en des Musiques Juives"},"image":{"@id":"https:\/\/www.iemj.org\/it\/#\/schema\/logo\/image\/"},"sameAs":["https:\/\/www.facebook.com\/MusiquesJuives\/","https:\/\/www.instagram.com\/musiquesjuives\/","https:\/\/www.youtube.com\/user\/musiquesjuives"]},{"@type":"Person","@id":"https:\/\/www.iemj.org\/it\/#\/schema\/person\/358e26c18aca017fcc4cc15437f7279c","name":"Jacqueline ROTEN","image":{"@type":"ImageObject","inLanguage":"it-IT","@id":"https:\/\/secure.gravatar.com\/avatar\/5964256d6c6957de3a3505278957e0fb2a35119ac47ea41827a65301213c810b?s=96&d=mm&r=g","url":"https:\/\/secure.gravatar.com\/avatar\/5964256d6c6957de3a3505278957e0fb2a35119ac47ea41827a65301213c810b?s=96&d=mm&r=g","contentUrl":"https:\/\/secure.gravatar.com\/avatar\/5964256d6c6957de3a3505278957e0fb2a35119ac47ea41827a65301213c810b?s=96&d=mm&r=g","caption":"Jacqueline ROTEN"}}]}},"_links":{"self":[{"href":"https:\/\/www.iemj.org\/it\/wp-json\/wp\/v2\/posts\/49741","targetHints":{"allow":["GET"]}}],"collection":[{"href":"https:\/\/www.iemj.org\/it\/wp-json\/wp\/v2\/posts"}],"about":[{"href":"https:\/\/www.iemj.org\/it\/wp-json\/wp\/v2\/types\/post"}],"author":[{"embeddable":true,"href":"https:\/\/www.iemj.org\/it\/wp-json\/wp\/v2\/users\/5"}],"replies":[{"embeddable":true,"href":"https:\/\/www.iemj.org\/it\/wp-json\/wp\/v2\/comments?post=49741"}],"version-history":[{"count":1,"href":"https:\/\/www.iemj.org\/it\/wp-json\/wp\/v2\/posts\/49741\/revisions"}],"predecessor-version":[{"id":126248,"href":"https:\/\/www.iemj.org\/it\/wp-json\/wp\/v2\/posts\/49741\/revisions\/126248"}],"wp:featuredmedia":[{"embeddable":true,"href":"https:\/\/www.iemj.org\/it\/wp-json\/wp\/v2\/media\/49742"}],"wp:attachment":[{"href":"https:\/\/www.iemj.org\/it\/wp-json\/wp\/v2\/media?parent=49741"}],"wp:term":[{"taxonomy":"category","embeddable":true,"href":"https:\/\/www.iemj.org\/it\/wp-json\/wp\/v2\/categories?post=49741"},{"taxonomy":"post_tag","embeddable":true,"href":"https:\/\/www.iemj.org\/it\/wp-json\/wp\/v2\/tags?post=49741"},{"taxonomy":"technique","embeddable":true,"href":"https:\/\/www.iemj.org\/it\/wp-json\/wp\/v2\/technique?post=49741"},{"taxonomy":"squelettes","embeddable":true,"href":"https:\/\/www.iemj.org\/it\/wp-json\/wp\/v2\/squelettes?post=49741"},{"taxonomy":"sujet","embeddable":true,"href":"https:\/\/www.iemj.org\/it\/wp-json\/wp\/v2\/sujet?post=49741"},{"taxonomy":"formation","embeddable":true,"href":"https:\/\/www.iemj.org\/it\/wp-json\/wp\/v2\/formation?post=49741"},{"taxonomy":"genre","embeddable":true,"href":"https:\/\/www.iemj.org\/it\/wp-json\/wp\/v2\/genre?post=49741"},{"taxonomy":"fonds","embeddable":true,"href":"https:\/\/www.iemj.org\/it\/wp-json\/wp\/v2\/fonds?post=49741"},{"taxonomy":"tradition","embeddable":true,"href":"https:\/\/www.iemj.org\/it\/wp-json\/wp\/v2\/tradition?post=49741"},{"taxonomy":"type-de-contenu","embeddable":true,"href":"https:\/\/www.iemj.org\/it\/wp-json\/wp\/v2\/type-de-contenu?post=49741"},{"taxonomy":"interprete-compositeur","embeddable":true,"href":"https:\/\/www.iemj.org\/it\/wp-json\/wp\/v2\/interprete-compositeur?post=49741"},{"taxonomy":"frise","embeddable":true,"href":"https:\/\/www.iemj.org\/it\/wp-json\/wp\/v2\/frise?post=49741"},{"taxonomy":"type-devenement","embeddable":true,"href":"https:\/\/www.iemj.org\/it\/wp-json\/wp\/v2\/type-devenement?post=49741"},{"taxonomy":"tableaux-liens-externes","embeddable":true,"href":"https:\/\/www.iemj.org\/it\/wp-json\/wp\/v2\/tableaux-liens-externes?post=49741"}],"curies":[{"name":"wp","href":"https:\/\/api.w.org\/{rel}","templated":true}]}}