{"id":49999,"date":"2016-01-20T11:35:00","date_gmt":"2016-01-20T10:35:00","guid":{"rendered":"https:\/\/www.iemj.org\/videos-du-concert-de-gala-de-linstitut-europeen-des-musiques-juives-edition-2015\/"},"modified":"2025-10-01T12:52:43","modified_gmt":"2025-10-01T10:52:43","slug":"videos-du-concert-de-gala-de-linstitut-europeen-des-musiques-juives-edition-2015","status":"publish","type":"post","link":"https:\/\/www.iemj.org\/it\/videos-du-concert-de-gala-de-linstitut-europeen-des-musiques-juives-edition-2015\/","title":{"rendered":"Concerto di gala dell\u2019Institut Europ\u00e9en des Musiques Juives &#8211; Edizione 2015"},"content":{"rendered":"<p>Guardate degli\u00a0<strong>estratti video<\/strong>\u00a0della prima edizione del concerto di gala dell\u2019Istituto Europeo di Musiche Ebraiche , &#8220;La musica ebraica sotto tutte le sue forme&#8221; si \u00e8 tenuta domenica 8 novembre 2015, alle 17.30, presso il Teatro Adyar, di fronte a un pubblico entusiasta di quasi 350 spettatori. Questo evento \u00e8 stato con il sostegno della Fondazione Henriette Halphen, sotto l\u2019egida della Fondation du Juda\u00efsme Fran\u00e7ais.<\/p>\n<p><!--more--><br \/>Il concerto comprendeva una prima parte che ha permesso di ascoltare Martine Bailly, (violoncello), Philippe Cuper (clarinetto), Yun-Yang Lee (pianoforte), Florin Szigeti (violino) e Ralph Szigeti (viola) eseguire brani del repertorio classico, come il F<em>oglietto d&#8217;album<\/em> per pianoforte, <em>l&#8217;Andante religioso<\/em> per violoncello e pianoforte ed il 1\u00b0 movimento della <em>Sonata per pianoforte e violino<\/em> di <a href=\"https:\/\/www.iemj.org\/it\/halphen-fernand-1872-1917\/\">Fernand Halphen<\/a>,(creazione francese), la <em>Piccola suite klezmer<\/em> per clarinetto e pianoforte di\u00a0<a href=\"https:\/\/www.iemj.org\/it\/kaufmann-serge-1930\/\">Serge Kaufmann<\/a> (prima mondiale) e il magnifico <em>Nocturne Ville d&#8217;Avrayen<\/em> per pianoforte, violino, viola e violoncello di <a href=\"https:\/\/fr.wikipedia.org\/wiki\/Georges_Enesco\">Georges Enesco<\/a> (prima mondiale nella sua versione originale).<\/p>\n<p>La seconda parte era dedicata alle musiche popolari ebraiche. La cantante <a href=\"http:\/\/www.keren-esther.ch\/\">Keren Esther<\/a> ed il chitarrista Narciso Sa\u00fal ci hanno fatto scoprire un repertorio di canti giudaico-spagnoli, in particolare giudaico-marocchini. Poi <a href=\"http:\/\/yiddishmusic.wix.com\/yerushe#!about-us\/cjg9\">l&#8217;Ensemble Yerushe<\/a>, composto da El\u00e9onore Biezunski (voce e violino), Stephen Harrison (contrabbasso), Michel Schick (clarinetto) e Piotr Odrekhivskyy (fisarmonica), ci ha fatto ascoltare con grande entusiasmo un repertorio di canzoni yiddish poco conosciute, salvate dall&#8217;oblio grazie a dei grandi collettori come Ruth Rubin (1906-2000), Mo\u00efshe Beregovski (1892-1961) e Zusman Kisselgof (1878-1939).<\/p>\n<p><a href=\"https:\/\/www.iemj.org\/it\/negozio\/\" target=\"_blank\" rel=\"noopener\"><u>Ordinare gli spartiti od i CD di opere eseguite durante il concerto<\/u><\/a><\/p>\n<p><a href=\"https:\/\/www.iemj.org\/wp-content\/uploads\/2016\/01\/programme_concert_gala_iemj_2015.pdf\">Programma del concerto di gala dell&#8217;IEMJ 2015<\/a><\/p>\n\n\n<figure class=\"wp-block-embed is-type-video is-provider-youtube wp-block-embed-youtube wp-embed-aspect-16-9 wp-has-aspect-ratio\"><div class=\"wp-block-embed__wrapper\">\n<iframe title=\"Martine Bailly, Philippe Cuper, Yun-Yang Lee, Florin Szigeti, Ralph Szigeti\" width=\"640\" height=\"360\" src=\"https:\/\/www.youtube.com\/embed\/FDJvFUVdJ3E?feature=oembed\" frameborder=\"0\" allow=\"accelerometer; autoplay; clipboard-write; encrypted-media; gyroscope; picture-in-picture; web-share\" referrerpolicy=\"strict-origin-when-cross-origin\" allowfullscreen><\/iframe>\n<\/div><figcaption class=\"wp-element-caption\"><strong>Parte 1:<\/strong><br>Opere del repertorio classico<br>Con : <strong>Martine Bailly (violoncello), Philippe Cuper (clarinetto), Yun-Yang Lee (pianoforte), Florin Szigeti (violino) &amp; Ralph Szigeti (viola)<\/strong><br><br><strong>Fernand Halphen<\/strong><br><a href=\"https:\/\/www.youtube.com\/watch?v=FDJvFUVdJ3E&amp;t=0s\" target=\"_blank\" rel=\"noreferrer noopener\">00:00<\/a>&nbsp;Feuillet d\u2019album, per pianoforte<br><a href=\"https:\/\/www.youtube.com\/watch?v=FDJvFUVdJ3E&amp;t=265s\" target=\"_blank\" rel=\"noreferrer noopener\">04:25<\/a>&nbsp;Andante religioso per violoncello e pianoforte<br><a href=\"https:\/\/www.youtube.com\/watch?v=FDJvFUVdJ3E&amp;t=611s\" target=\"_blank\" rel=\"noreferrer noopener\">10:11<\/a>&nbsp;Sonate per pianoforte e violino &#8211; 1\u00b0 movimento<br><br><strong>Alberto Hemsi : 3 movimenti dalla 2\u00aa Suite sefardie (1956) per pianoforte e viola<\/strong><br><a href=\"https:\/\/www.youtube.com\/watch?v=FDJvFUVdJ3E&amp;t=1200s\" target=\"_blank\" rel=\"noreferrer noopener\">20:00<\/a>&nbsp;Una rosica<br><a href=\"https:\/\/www.youtube.com\/watch?v=FDJvFUVdJ3E&amp;t=1342s\" target=\"_blank\" rel=\"noreferrer noopener\">22:22<\/a>&nbsp;Durme durme<br><a href=\"https:\/\/www.youtube.com\/watch?v=FDJvFUVdJ3E&amp;t=1561s\" target=\"_blank\" rel=\"noreferrer noopener\">26:01<\/a>&nbsp;El novio no quere<br><br><strong>Serge Kaufmann : Petite suite klezmer per clarinetto e pianoforte (prima mondiale)<\/strong><br><a href=\"https:\/\/www.youtube.com\/watch?v=FDJvFUVdJ3E&amp;t=1824s\" target=\"_blank\" rel=\"noreferrer noopener\">30:24<\/a>&nbsp;Balade<br><a href=\"https:\/\/www.youtube.com\/watch?v=FDJvFUVdJ3E&amp;t=2000s\" target=\"_blank\" rel=\"noreferrer noopener\">33:20<\/a>&nbsp;M\u00e9ditation<br><a href=\"https:\/\/www.youtube.com\/watch?v=FDJvFUVdJ3E&amp;t=2190s\" target=\"_blank\" rel=\"noreferrer noopener\">36:30<\/a>&nbsp;F\u00eate<br><br><strong>Georges Enesco<\/strong><br><a href=\"https:\/\/www.youtube.com\/watch?v=FDJvFUVdJ3E&amp;t=2544s\" target=\"_blank\" rel=\"noreferrer noopener\">42:24<\/a>&nbsp;Nocturne ville d\u2019Avrayen per pianoforte, violino, viola e violoncello (prima mondiale)<\/figcaption><\/figure>\n\n\n\n<div style=\"height:10px\" aria-hidden=\"true\" class=\"wp-block-spacer\"><\/div>\n\n\n\n<figure class=\"wp-block-embed is-type-video is-provider-youtube wp-block-embed-youtube wp-embed-aspect-16-9 wp-has-aspect-ratio\"><div class=\"wp-block-embed__wrapper\">\n<iframe title=\"Keren Esther et Narciso Saul\" width=\"640\" height=\"360\" src=\"https:\/\/www.youtube.com\/embed\/3q3ABLgHFKY?feature=oembed\" frameborder=\"0\" allow=\"accelerometer; autoplay; clipboard-write; encrypted-media; gyroscope; picture-in-picture; web-share\" referrerpolicy=\"strict-origin-when-cross-origin\" allowfullscreen><\/iframe>\n<\/div><figcaption class=\"wp-element-caption\"><strong>Parte 2:<\/strong> <br>Canti tradizionali giudeo-spagnoli (Marocco, Turchia\u2026)<br>Con : <strong>Keren Esther (voce) &amp; Narciso Saul (chitarra)<\/strong><br><br><a href=\"https:\/\/www.youtube.com\/watch?v=3q3ABLgHFKY&amp;t=0s\" target=\"_blank\" rel=\"noreferrer noopener\">00:00<\/a>&nbsp;A la bajada del tren<br><a href=\"https:\/\/www.youtube.com\/watch?v=3q3ABLgHFKY&amp;t=218s\" target=\"_blank\" rel=\"noreferrer noopener\">03:38<\/a>&nbsp;Yo m\u2019enamori<br><a href=\"https:\/\/www.youtube.com\/watch?v=3q3ABLgHFKY&amp;t=464s\" target=\"_blank\" rel=\"noreferrer noopener\">07:44<\/a>&nbsp;Morenika<br><a href=\"https:\/\/www.youtube.com\/watch?v=3q3ABLgHFKY&amp;t=680s\" target=\"_blank\" rel=\"noreferrer noopener\">11:20<\/a>&nbsp;Una tarde de verano<br><a href=\"https:\/\/www.youtube.com\/watch?v=3q3ABLgHFKY&amp;t=937s\" target=\"_blank\" rel=\"noreferrer noopener\">15:37<\/a>&nbsp;Esther mi bien<br><a href=\"https:\/\/www.youtube.com\/watch?v=3q3ABLgHFKY&amp;t=1228s\" target=\"_blank\" rel=\"noreferrer noopener\">20:28<\/a>&nbsp;Yo me levantaria un lunes<br><a href=\"https:\/\/www.youtube.com\/watch?v=3q3ABLgHFKY&amp;t=1452s\" target=\"_blank\" rel=\"noreferrer noopener\">24:12<\/a>&nbsp;Cuando el Rey Nimrod (BIS)<\/figcaption><\/figure>\n\n\n\n<div style=\"height:10px\" aria-hidden=\"true\" class=\"wp-block-spacer\"><\/div>\n\n\n\n<p><\/p>\n\n\n\n<figure class=\"wp-block-embed is-type-video is-provider-youtube wp-block-embed-youtube wp-embed-aspect-16-9 wp-has-aspect-ratio\"><div class=\"wp-block-embed__wrapper\">\n<iframe title=\"Yerushe\" width=\"640\" height=\"360\" src=\"https:\/\/www.youtube.com\/embed\/piftfE8cfhI?feature=oembed\" frameborder=\"0\" allow=\"accelerometer; autoplay; clipboard-write; encrypted-media; gyroscope; picture-in-picture; web-share\" referrerpolicy=\"strict-origin-when-cross-origin\" allowfullscreen><\/iframe>\n<\/div><figcaption class=\"wp-element-caption\"><strong>Parte 3:<\/strong><br>Un repertorio di canzoni yiddish poco conosciute e salvate dall&#8217;oblio da grandi collezionisti come Ruth Rubin (1906-2000), Mo\u00efshe Beregovski (1892-1961) e Zusman Kisselgof (1878-1939). <br>Con : <strong>El\u00e9onore Biezunski (voce e violino), Stephen Harrison (contrabbasso), Michel Schick (clarinetto) e Piotr Odrekhivskyy (fisarmonica).<\/strong> <br><br><a href=\"https:\/\/www.youtube.com\/watch?v=piftfE8cfhI&amp;t=0s\" target=\"_blank\" rel=\"noreferrer noopener\">00:00<\/a>&nbsp;A Volich<br><a href=\"https:\/\/www.youtube.com\/watch?v=piftfE8cfhI&amp;t=72s\" target=\"_blank\" rel=\"noreferrer noopener\">01:12<\/a>&nbsp;Ikh hob nisht keyn shande<br><a href=\"https:\/\/www.youtube.com\/watch?v=piftfE8cfhI&amp;t=310s\" target=\"_blank\" rel=\"noreferrer noopener\">05:10<\/a>&nbsp;Skotshne Vinnitsa<br><a href=\"https:\/\/www.youtube.com\/watch?v=piftfE8cfhI&amp;t=623s\" target=\"_blank\" rel=\"noreferrer noopener\">10:23<\/a>&nbsp;Yoyne Hanoyvi<br><a href=\"https:\/\/www.youtube.com\/watch?v=piftfE8cfhI&amp;t=847s\" target=\"_blank\" rel=\"noreferrer noopener\">14:07<\/a>&nbsp;Kh\u2019hob dir gezogt<br><a href=\"https:\/\/www.youtube.com\/watch?v=piftfE8cfhI&amp;t=1013s\" target=\"_blank\" rel=\"noreferrer noopener\">16:53<\/a>&nbsp;Redl n\u00b07<br><a href=\"https:\/\/www.youtube.com\/watch?v=piftfE8cfhI&amp;t=1086s\" target=\"_blank\" rel=\"noreferrer noopener\">18:06<\/a>&nbsp;Fun mayn mamelyu (Buenos Aires)<br><a href=\"https:\/\/www.youtube.com\/watch?v=piftfE8cfhI&amp;t=1376s\" target=\"_blank\" rel=\"noreferrer noopener\">22:56<\/a>&nbsp;Vos shloft ir ?<br><a href=\"https:\/\/www.youtube.com\/watch?v=piftfE8cfhI&amp;t=1740s\" target=\"_blank\" rel=\"noreferrer noopener\">29:00<\/a>&nbsp;Meydelekh un vaybelekh<\/figcaption><\/figure>\n\n\n\n<p><\/p>\n\n\n<div class=\"wp-block-image\">\n<figure class=\"aligncenter size-large\"><img fetchpriority=\"high\" decoding=\"async\" width=\"1024\" height=\"133\" src=\"https:\/\/www.iemj.org\/wp-content\/uploads\/2024\/03\/AUDIO-PLAYER-1024x133.png\" alt=\"\" class=\"wp-image-110609\" srcset=\"https:\/\/www.iemj.org\/wp-content\/uploads\/2024\/03\/AUDIO-PLAYER-1024x133.png 1024w, https:\/\/www.iemj.org\/wp-content\/uploads\/2024\/03\/AUDIO-PLAYER-300x39.png 300w, https:\/\/www.iemj.org\/wp-content\/uploads\/2024\/03\/AUDIO-PLAYER-768x100.png 768w, https:\/\/www.iemj.org\/wp-content\/uploads\/2024\/03\/AUDIO-PLAYER-600x78.png 600w, https:\/\/www.iemj.org\/wp-content\/uploads\/2024\/03\/AUDIO-PLAYER.png 1210w\" sizes=\"(max-width: 1024px) 100vw, 1024px\" \/><\/figure>\n<\/div>\n\n\n<div class=\"wp-block-file\"><a id=\"wp-block-file--media-0cd42f32-9226-45e1-9a1a-677053659aa6\" href=\"https:\/\/www.iemj.org\/wp-content\/uploads\/2016\/01\/andante_religioso_-_fernand_halphen.mp3\">Andante religioso &#8211; Fernand HALPHEN<\/a><\/div>\n\n\n\n<div class=\"wp-block-file\"><a id=\"wp-block-file--media-e317e3fb-8093-4d90-aefc-6303ff933b3d\" href=\"https:\/\/www.iemj.org\/wp-content\/uploads\/2016\/01\/petite_suite_klezmer_-_serge_kaufmann.mp3\">Petite suite Klezmer &#8211; Serge KAUFMANN<\/a><\/div>\n\n\n\n<div class=\"wp-block-file\"><a id=\"wp-block-file--media-eb885197-5c38-45ed-9315-f71938292205\" href=\"https:\/\/www.iemj.org\/wp-content\/uploads\/2016\/01\/seconda_suite_sefardie_-_alberto_hemsi.mp3\">Seconda suite Sefardie &#8211; Alberto HEMSI<\/a><\/div>\n\n\n\n<div class=\"wp-block-file\"><a id=\"wp-block-file--media-107f0212-7385-486d-9145-29224be8eba0\" href=\"https:\/\/www.iemj.org\/wp-content\/uploads\/2016\/01\/yo_m_enamori_-_keren_esther_narciso_saul.mp3\">Yo m&#8217;enamori &#8211; Keren ESTHER, Narciso SAUL<\/a><\/div>\n\n\n\n<div class=\"wp-block-file\"><a id=\"wp-block-file--media-eb47514b-1dc8-4271-bdc1-d53d24b5ef0e\" href=\"https:\/\/www.iemj.org\/wp-content\/uploads\/2016\/01\/morenika_-_keren_esther_narciso_saul.mp3\">Morenika &#8211; Keren ESTHER, Narciso SAUL<\/a><\/div>\n\n\n\n<div class=\"wp-block-file\"><a id=\"wp-block-file--media-2e1fe6e0-5c0c-4af5-9087-9423d2f33337\" href=\"https:\/\/www.iemj.org\/wp-content\/uploads\/2016\/01\/una_tarde_de_verano_-_keren_esther_naciso_saul.mp3\">Una tarde de verano &#8211; Keren ESTHER, Naciso SAUL<\/a><\/div>\n\n\n\n<div class=\"wp-block-file\"><a id=\"wp-block-file--media-badafecb-7031-46a8-93e1-340edacbf512\" href=\"https:\/\/www.iemj.org\/wp-content\/uploads\/2016\/01\/ikh_hob_nisht_keyn_shande_-_yerushe.mp3\">Ikh hob nisht keyn shande &#8211; YERUSHE<\/a><\/div>\n\n\n\n<div class=\"wp-block-file\"><a id=\"wp-block-file--media-5f1e3ad3-60af-459d-8743-e8b7a175f76a\" href=\"https:\/\/www.iemj.org\/wp-content\/uploads\/2016\/01\/fun_mayn_mamelyu_-_yerushe.mp3\">Fun mayn mamelyu &#8211; YERUSHE<\/a><\/div>\n","protected":false},"excerpt":{"rendered":"<p>Guardate degli\u00a0estratti video\u00a0della prima edizione del concerto di gala dell\u2019Istituto Europeo di Musiche Ebraiche , &#8220;La musica ebraica sotto tutte le sue forme&#8221; si \u00e8 tenuta domenica 8 novembre 2015,<\/p>\n","protected":false},"author":1045,"featured_media":50000,"comment_status":"closed","ping_status":"closed","sticky":false,"template":"","format":"standard","meta":{"_acf_changed":false,"footnotes":""},"categories":[1518],"tags":[],"technique":[],"squelettes":[],"sujet":[],"formation":[],"genre":[1675,1901,1676],"fonds":[],"tradition":[],"type-de-contenu":[],"interprete-compositeur":[3082,3160,3290],"frise":[],"type-devenement":[],"tableaux-liens-externes":[],"class_list":["post-49999","post","type-post","status-publish","format-standard","has-post-thumbnail","hentry","category-concerti-film-it","genre-giudeo-spagnolo-it","genre-musica-classica-it","genre-yiddish-it-2","interprete-compositeur-alberto-hemsi-it","interprete-compositeur-fernand-halphen-it","interprete-compositeur-serge-kaufmann-it"],"acf":[],"yoast_head":"<!-- This site is optimized with the Yoast SEO plugin v27.3 - https:\/\/yoast.com\/product\/yoast-seo-wordpress\/ -->\n<title>Concerto di gala dell\u2019Institut Europ\u00e9en des Musiques Juives - Edizione 2015 - Institut Europ\u00e9en des Musiques Juives<\/title>\n<meta name=\"robots\" content=\"index, follow, max-snippet:-1, max-image-preview:large, max-video-preview:-1\" \/>\n<link rel=\"canonical\" href=\"https:\/\/www.iemj.org\/it\/videos-du-concert-de-gala-de-linstitut-europeen-des-musiques-juives-edition-2015\/\" \/>\n<meta property=\"og:locale\" content=\"it_IT\" \/>\n<meta property=\"og:type\" content=\"article\" \/>\n<meta property=\"og:title\" content=\"Concerto di gala dell\u2019Institut Europ\u00e9en des Musiques Juives - Edizione 2015 - Institut Europ\u00e9en des Musiques Juives\" \/>\n<meta property=\"og:description\" content=\"Guardate degli\u00a0estratti video\u00a0della prima edizione del concerto di gala dell\u2019Istituto Europeo di Musiche Ebraiche , &#8220;La musica ebraica sotto tutte le sue forme&#8221; si \u00e8 tenuta domenica 8 novembre 2015,\" \/>\n<meta property=\"og:url\" content=\"https:\/\/www.iemj.org\/it\/videos-du-concert-de-gala-de-linstitut-europeen-des-musiques-juives-edition-2015\/\" \/>\n<meta property=\"og:site_name\" content=\"Institut Europ\u00e9en des Musiques Juives\" \/>\n<meta property=\"article:publisher\" content=\"https:\/\/www.facebook.com\/MusiquesJuives\/\" \/>\n<meta property=\"article:published_time\" content=\"2016-01-20T10:35:00+00:00\" \/>\n<meta property=\"article:modified_time\" content=\"2025-10-01T10:52:43+00:00\" \/>\n<meta property=\"og:image\" content=\"https:\/\/www.iemj.org\/wp-content\/uploads\/2016\/01\/arton1440-e1618219602431.jpg\" \/>\n\t<meta property=\"og:image:width\" content=\"350\" \/>\n\t<meta property=\"og:image:height\" content=\"528\" \/>\n\t<meta property=\"og:image:type\" content=\"image\/jpeg\" \/>\n<meta name=\"author\" content=\"Herv\u00e9 Roten\" \/>\n<meta name=\"twitter:card\" content=\"summary_large_image\" \/>\n<meta name=\"twitter:label1\" content=\"Scritto da\" \/>\n\t<meta name=\"twitter:data1\" content=\"Herv\u00e9 Roten\" \/>\n\t<meta name=\"twitter:label2\" content=\"Tempo di lettura stimato\" \/>\n\t<meta name=\"twitter:data2\" content=\"4 minuti\" \/>\n<script type=\"application\/ld+json\" class=\"yoast-schema-graph\">{\"@context\":\"https:\\\/\\\/schema.org\",\"@graph\":[{\"@type\":\"Article\",\"@id\":\"https:\\\/\\\/www.iemj.org\\\/it\\\/videos-du-concert-de-gala-de-linstitut-europeen-des-musiques-juives-edition-2015\\\/#article\",\"isPartOf\":{\"@id\":\"https:\\\/\\\/www.iemj.org\\\/it\\\/videos-du-concert-de-gala-de-linstitut-europeen-des-musiques-juives-edition-2015\\\/\"},\"author\":{\"name\":\"Herv\u00e9 Roten\",\"@id\":\"https:\\\/\\\/www.iemj.org\\\/it\\\/#\\\/schema\\\/person\\\/906134402c29d5c76e7b726261dd4bbd\"},\"headline\":\"Concerto di gala dell\u2019Institut Europ\u00e9en des Musiques Juives &#8211; Edizione 2015\",\"datePublished\":\"2016-01-20T10:35:00+00:00\",\"dateModified\":\"2025-10-01T10:52:43+00:00\",\"mainEntityOfPage\":{\"@id\":\"https:\\\/\\\/www.iemj.org\\\/it\\\/videos-du-concert-de-gala-de-linstitut-europeen-des-musiques-juives-edition-2015\\\/\"},\"wordCount\":570,\"publisher\":{\"@id\":\"https:\\\/\\\/www.iemj.org\\\/it\\\/#organization\"},\"image\":{\"@id\":\"https:\\\/\\\/www.iemj.org\\\/it\\\/videos-du-concert-de-gala-de-linstitut-europeen-des-musiques-juives-edition-2015\\\/#primaryimage\"},\"thumbnailUrl\":\"https:\\\/\\\/www.iemj.org\\\/wp-content\\\/uploads\\\/2016\\\/01\\\/arton1440-e1618219602431.jpg\",\"articleSection\":[\"Concerti\"],\"inLanguage\":\"it-IT\"},{\"@type\":\"WebPage\",\"@id\":\"https:\\\/\\\/www.iemj.org\\\/it\\\/videos-du-concert-de-gala-de-linstitut-europeen-des-musiques-juives-edition-2015\\\/\",\"url\":\"https:\\\/\\\/www.iemj.org\\\/it\\\/videos-du-concert-de-gala-de-linstitut-europeen-des-musiques-juives-edition-2015\\\/\",\"name\":\"Concerto di gala dell\u2019Institut Europ\u00e9en des Musiques Juives - Edizione 2015 - Institut Europ\u00e9en des Musiques Juives\",\"isPartOf\":{\"@id\":\"https:\\\/\\\/www.iemj.org\\\/it\\\/#website\"},\"primaryImageOfPage\":{\"@id\":\"https:\\\/\\\/www.iemj.org\\\/it\\\/videos-du-concert-de-gala-de-linstitut-europeen-des-musiques-juives-edition-2015\\\/#primaryimage\"},\"image\":{\"@id\":\"https:\\\/\\\/www.iemj.org\\\/it\\\/videos-du-concert-de-gala-de-linstitut-europeen-des-musiques-juives-edition-2015\\\/#primaryimage\"},\"thumbnailUrl\":\"https:\\\/\\\/www.iemj.org\\\/wp-content\\\/uploads\\\/2016\\\/01\\\/arton1440-e1618219602431.jpg\",\"datePublished\":\"2016-01-20T10:35:00+00:00\",\"dateModified\":\"2025-10-01T10:52:43+00:00\",\"breadcrumb\":{\"@id\":\"https:\\\/\\\/www.iemj.org\\\/it\\\/videos-du-concert-de-gala-de-linstitut-europeen-des-musiques-juives-edition-2015\\\/#breadcrumb\"},\"inLanguage\":\"it-IT\",\"potentialAction\":[{\"@type\":\"ReadAction\",\"target\":[\"https:\\\/\\\/www.iemj.org\\\/it\\\/videos-du-concert-de-gala-de-linstitut-europeen-des-musiques-juives-edition-2015\\\/\"]}]},{\"@type\":\"ImageObject\",\"inLanguage\":\"it-IT\",\"@id\":\"https:\\\/\\\/www.iemj.org\\\/it\\\/videos-du-concert-de-gala-de-linstitut-europeen-des-musiques-juives-edition-2015\\\/#primaryimage\",\"url\":\"https:\\\/\\\/www.iemj.org\\\/wp-content\\\/uploads\\\/2016\\\/01\\\/arton1440-e1618219602431.jpg\",\"contentUrl\":\"https:\\\/\\\/www.iemj.org\\\/wp-content\\\/uploads\\\/2016\\\/01\\\/arton1440-e1618219602431.jpg\",\"width\":350,\"height\":528},{\"@type\":\"BreadcrumbList\",\"@id\":\"https:\\\/\\\/www.iemj.org\\\/it\\\/videos-du-concert-de-gala-de-linstitut-europeen-des-musiques-juives-edition-2015\\\/#breadcrumb\",\"itemListElement\":[{\"@type\":\"ListItem\",\"position\":1,\"name\":\"Accueil\",\"item\":\"https:\\\/\\\/www.iemj.org\\\/it\\\/\"},{\"@type\":\"ListItem\",\"position\":2,\"name\":\"Concerto di gala dell\u2019Institut Europ\u00e9en des Musiques Juives &#8211; Edizione 2015\"}]},{\"@type\":\"WebSite\",\"@id\":\"https:\\\/\\\/www.iemj.org\\\/it\\\/#website\",\"url\":\"https:\\\/\\\/www.iemj.org\\\/it\\\/\",\"name\":\"Institut Europ\u00e9en des Musiques Juives\",\"description\":\"Des traditions musicales \u00e0 la port\u00e9e de tous\",\"publisher\":{\"@id\":\"https:\\\/\\\/www.iemj.org\\\/it\\\/#organization\"},\"potentialAction\":[{\"@type\":\"SearchAction\",\"target\":{\"@type\":\"EntryPoint\",\"urlTemplate\":\"https:\\\/\\\/www.iemj.org\\\/it\\\/?s={search_term_string}\"},\"query-input\":{\"@type\":\"PropertyValueSpecification\",\"valueRequired\":true,\"valueName\":\"search_term_string\"}}],\"inLanguage\":\"it-IT\"},{\"@type\":\"Organization\",\"@id\":\"https:\\\/\\\/www.iemj.org\\\/it\\\/#organization\",\"name\":\"Institut Europ\u00e9en des Musiques Juives\",\"url\":\"https:\\\/\\\/www.iemj.org\\\/it\\\/\",\"logo\":{\"@type\":\"ImageObject\",\"inLanguage\":\"it-IT\",\"@id\":\"https:\\\/\\\/www.iemj.org\\\/it\\\/#\\\/schema\\\/logo\\\/image\\\/\",\"url\":\"https:\\\/\\\/www.iemj.org\\\/wp-content\\\/uploads\\\/2021\\\/09\\\/Logo-IEMJ-Paypal.jpg\",\"contentUrl\":\"https:\\\/\\\/www.iemj.org\\\/wp-content\\\/uploads\\\/2021\\\/09\\\/Logo-IEMJ-Paypal.jpg\",\"width\":150,\"height\":50,\"caption\":\"Institut Europ\u00e9en des Musiques Juives\"},\"image\":{\"@id\":\"https:\\\/\\\/www.iemj.org\\\/it\\\/#\\\/schema\\\/logo\\\/image\\\/\"},\"sameAs\":[\"https:\\\/\\\/www.facebook.com\\\/MusiquesJuives\\\/\",\"https:\\\/\\\/www.instagram.com\\\/musiquesjuives\\\/\",\"https:\\\/\\\/www.youtube.com\\\/user\\\/musiquesjuives\"]},{\"@type\":\"Person\",\"@id\":\"https:\\\/\\\/www.iemj.org\\\/it\\\/#\\\/schema\\\/person\\\/906134402c29d5c76e7b726261dd4bbd\",\"name\":\"Herv\u00e9 Roten\",\"image\":{\"@type\":\"ImageObject\",\"inLanguage\":\"it-IT\",\"@id\":\"https:\\\/\\\/secure.gravatar.com\\\/avatar\\\/f96ad2db538a26481f18384936b5cd0610c92d390c4dc382209216d455f685ff?s=96&d=mm&r=g\",\"url\":\"https:\\\/\\\/secure.gravatar.com\\\/avatar\\\/f96ad2db538a26481f18384936b5cd0610c92d390c4dc382209216d455f685ff?s=96&d=mm&r=g\",\"contentUrl\":\"https:\\\/\\\/secure.gravatar.com\\\/avatar\\\/f96ad2db538a26481f18384936b5cd0610c92d390c4dc382209216d455f685ff?s=96&d=mm&r=g\",\"caption\":\"Herv\u00e9 Roten\"}}]}<\/script>\n<!-- \/ Yoast SEO plugin. -->","yoast_head_json":{"title":"Concerto di gala dell\u2019Institut Europ\u00e9en des Musiques Juives - Edizione 2015 - Institut Europ\u00e9en des Musiques Juives","robots":{"index":"index","follow":"follow","max-snippet":"max-snippet:-1","max-image-preview":"max-image-preview:large","max-video-preview":"max-video-preview:-1"},"canonical":"https:\/\/www.iemj.org\/it\/videos-du-concert-de-gala-de-linstitut-europeen-des-musiques-juives-edition-2015\/","og_locale":"it_IT","og_type":"article","og_title":"Concerto di gala dell\u2019Institut Europ\u00e9en des Musiques Juives - Edizione 2015 - Institut Europ\u00e9en des Musiques Juives","og_description":"Guardate degli\u00a0estratti video\u00a0della prima edizione del concerto di gala dell\u2019Istituto Europeo di Musiche Ebraiche , &#8220;La musica ebraica sotto tutte le sue forme&#8221; si \u00e8 tenuta domenica 8 novembre 2015,","og_url":"https:\/\/www.iemj.org\/it\/videos-du-concert-de-gala-de-linstitut-europeen-des-musiques-juives-edition-2015\/","og_site_name":"Institut Europ\u00e9en des Musiques Juives","article_publisher":"https:\/\/www.facebook.com\/MusiquesJuives\/","article_published_time":"2016-01-20T10:35:00+00:00","article_modified_time":"2025-10-01T10:52:43+00:00","og_image":[{"width":350,"height":528,"url":"https:\/\/www.iemj.org\/wp-content\/uploads\/2016\/01\/arton1440-e1618219602431.jpg","type":"image\/jpeg"}],"author":"Herv\u00e9 Roten","twitter_card":"summary_large_image","twitter_misc":{"Scritto da":"Herv\u00e9 Roten","Tempo di lettura stimato":"4 minuti"},"schema":{"@context":"https:\/\/schema.org","@graph":[{"@type":"Article","@id":"https:\/\/www.iemj.org\/it\/videos-du-concert-de-gala-de-linstitut-europeen-des-musiques-juives-edition-2015\/#article","isPartOf":{"@id":"https:\/\/www.iemj.org\/it\/videos-du-concert-de-gala-de-linstitut-europeen-des-musiques-juives-edition-2015\/"},"author":{"name":"Herv\u00e9 Roten","@id":"https:\/\/www.iemj.org\/it\/#\/schema\/person\/906134402c29d5c76e7b726261dd4bbd"},"headline":"Concerto di gala dell\u2019Institut Europ\u00e9en des Musiques Juives &#8211; Edizione 2015","datePublished":"2016-01-20T10:35:00+00:00","dateModified":"2025-10-01T10:52:43+00:00","mainEntityOfPage":{"@id":"https:\/\/www.iemj.org\/it\/videos-du-concert-de-gala-de-linstitut-europeen-des-musiques-juives-edition-2015\/"},"wordCount":570,"publisher":{"@id":"https:\/\/www.iemj.org\/it\/#organization"},"image":{"@id":"https:\/\/www.iemj.org\/it\/videos-du-concert-de-gala-de-linstitut-europeen-des-musiques-juives-edition-2015\/#primaryimage"},"thumbnailUrl":"https:\/\/www.iemj.org\/wp-content\/uploads\/2016\/01\/arton1440-e1618219602431.jpg","articleSection":["Concerti"],"inLanguage":"it-IT"},{"@type":"WebPage","@id":"https:\/\/www.iemj.org\/it\/videos-du-concert-de-gala-de-linstitut-europeen-des-musiques-juives-edition-2015\/","url":"https:\/\/www.iemj.org\/it\/videos-du-concert-de-gala-de-linstitut-europeen-des-musiques-juives-edition-2015\/","name":"Concerto di gala dell\u2019Institut Europ\u00e9en des Musiques Juives - Edizione 2015 - Institut Europ\u00e9en des Musiques Juives","isPartOf":{"@id":"https:\/\/www.iemj.org\/it\/#website"},"primaryImageOfPage":{"@id":"https:\/\/www.iemj.org\/it\/videos-du-concert-de-gala-de-linstitut-europeen-des-musiques-juives-edition-2015\/#primaryimage"},"image":{"@id":"https:\/\/www.iemj.org\/it\/videos-du-concert-de-gala-de-linstitut-europeen-des-musiques-juives-edition-2015\/#primaryimage"},"thumbnailUrl":"https:\/\/www.iemj.org\/wp-content\/uploads\/2016\/01\/arton1440-e1618219602431.jpg","datePublished":"2016-01-20T10:35:00+00:00","dateModified":"2025-10-01T10:52:43+00:00","breadcrumb":{"@id":"https:\/\/www.iemj.org\/it\/videos-du-concert-de-gala-de-linstitut-europeen-des-musiques-juives-edition-2015\/#breadcrumb"},"inLanguage":"it-IT","potentialAction":[{"@type":"ReadAction","target":["https:\/\/www.iemj.org\/it\/videos-du-concert-de-gala-de-linstitut-europeen-des-musiques-juives-edition-2015\/"]}]},{"@type":"ImageObject","inLanguage":"it-IT","@id":"https:\/\/www.iemj.org\/it\/videos-du-concert-de-gala-de-linstitut-europeen-des-musiques-juives-edition-2015\/#primaryimage","url":"https:\/\/www.iemj.org\/wp-content\/uploads\/2016\/01\/arton1440-e1618219602431.jpg","contentUrl":"https:\/\/www.iemj.org\/wp-content\/uploads\/2016\/01\/arton1440-e1618219602431.jpg","width":350,"height":528},{"@type":"BreadcrumbList","@id":"https:\/\/www.iemj.org\/it\/videos-du-concert-de-gala-de-linstitut-europeen-des-musiques-juives-edition-2015\/#breadcrumb","itemListElement":[{"@type":"ListItem","position":1,"name":"Accueil","item":"https:\/\/www.iemj.org\/it\/"},{"@type":"ListItem","position":2,"name":"Concerto di gala dell\u2019Institut Europ\u00e9en des Musiques Juives &#8211; Edizione 2015"}]},{"@type":"WebSite","@id":"https:\/\/www.iemj.org\/it\/#website","url":"https:\/\/www.iemj.org\/it\/","name":"Institut Europ\u00e9en des Musiques Juives","description":"Des traditions musicales \u00e0 la port\u00e9e de tous","publisher":{"@id":"https:\/\/www.iemj.org\/it\/#organization"},"potentialAction":[{"@type":"SearchAction","target":{"@type":"EntryPoint","urlTemplate":"https:\/\/www.iemj.org\/it\/?s={search_term_string}"},"query-input":{"@type":"PropertyValueSpecification","valueRequired":true,"valueName":"search_term_string"}}],"inLanguage":"it-IT"},{"@type":"Organization","@id":"https:\/\/www.iemj.org\/it\/#organization","name":"Institut Europ\u00e9en des Musiques Juives","url":"https:\/\/www.iemj.org\/it\/","logo":{"@type":"ImageObject","inLanguage":"it-IT","@id":"https:\/\/www.iemj.org\/it\/#\/schema\/logo\/image\/","url":"https:\/\/www.iemj.org\/wp-content\/uploads\/2021\/09\/Logo-IEMJ-Paypal.jpg","contentUrl":"https:\/\/www.iemj.org\/wp-content\/uploads\/2021\/09\/Logo-IEMJ-Paypal.jpg","width":150,"height":50,"caption":"Institut Europ\u00e9en des Musiques Juives"},"image":{"@id":"https:\/\/www.iemj.org\/it\/#\/schema\/logo\/image\/"},"sameAs":["https:\/\/www.facebook.com\/MusiquesJuives\/","https:\/\/www.instagram.com\/musiquesjuives\/","https:\/\/www.youtube.com\/user\/musiquesjuives"]},{"@type":"Person","@id":"https:\/\/www.iemj.org\/it\/#\/schema\/person\/906134402c29d5c76e7b726261dd4bbd","name":"Herv\u00e9 Roten","image":{"@type":"ImageObject","inLanguage":"it-IT","@id":"https:\/\/secure.gravatar.com\/avatar\/f96ad2db538a26481f18384936b5cd0610c92d390c4dc382209216d455f685ff?s=96&d=mm&r=g","url":"https:\/\/secure.gravatar.com\/avatar\/f96ad2db538a26481f18384936b5cd0610c92d390c4dc382209216d455f685ff?s=96&d=mm&r=g","contentUrl":"https:\/\/secure.gravatar.com\/avatar\/f96ad2db538a26481f18384936b5cd0610c92d390c4dc382209216d455f685ff?s=96&d=mm&r=g","caption":"Herv\u00e9 Roten"}}]}},"_links":{"self":[{"href":"https:\/\/www.iemj.org\/it\/wp-json\/wp\/v2\/posts\/49999","targetHints":{"allow":["GET"]}}],"collection":[{"href":"https:\/\/www.iemj.org\/it\/wp-json\/wp\/v2\/posts"}],"about":[{"href":"https:\/\/www.iemj.org\/it\/wp-json\/wp\/v2\/types\/post"}],"author":[{"embeddable":true,"href":"https:\/\/www.iemj.org\/it\/wp-json\/wp\/v2\/users\/1045"}],"replies":[{"embeddable":true,"href":"https:\/\/www.iemj.org\/it\/wp-json\/wp\/v2\/comments?post=49999"}],"version-history":[{"count":2,"href":"https:\/\/www.iemj.org\/it\/wp-json\/wp\/v2\/posts\/49999\/revisions"}],"predecessor-version":[{"id":126229,"href":"https:\/\/www.iemj.org\/it\/wp-json\/wp\/v2\/posts\/49999\/revisions\/126229"}],"wp:featuredmedia":[{"embeddable":true,"href":"https:\/\/www.iemj.org\/it\/wp-json\/wp\/v2\/media\/50000"}],"wp:attachment":[{"href":"https:\/\/www.iemj.org\/it\/wp-json\/wp\/v2\/media?parent=49999"}],"wp:term":[{"taxonomy":"category","embeddable":true,"href":"https:\/\/www.iemj.org\/it\/wp-json\/wp\/v2\/categories?post=49999"},{"taxonomy":"post_tag","embeddable":true,"href":"https:\/\/www.iemj.org\/it\/wp-json\/wp\/v2\/tags?post=49999"},{"taxonomy":"technique","embeddable":true,"href":"https:\/\/www.iemj.org\/it\/wp-json\/wp\/v2\/technique?post=49999"},{"taxonomy":"squelettes","embeddable":true,"href":"https:\/\/www.iemj.org\/it\/wp-json\/wp\/v2\/squelettes?post=49999"},{"taxonomy":"sujet","embeddable":true,"href":"https:\/\/www.iemj.org\/it\/wp-json\/wp\/v2\/sujet?post=49999"},{"taxonomy":"formation","embeddable":true,"href":"https:\/\/www.iemj.org\/it\/wp-json\/wp\/v2\/formation?post=49999"},{"taxonomy":"genre","embeddable":true,"href":"https:\/\/www.iemj.org\/it\/wp-json\/wp\/v2\/genre?post=49999"},{"taxonomy":"fonds","embeddable":true,"href":"https:\/\/www.iemj.org\/it\/wp-json\/wp\/v2\/fonds?post=49999"},{"taxonomy":"tradition","embeddable":true,"href":"https:\/\/www.iemj.org\/it\/wp-json\/wp\/v2\/tradition?post=49999"},{"taxonomy":"type-de-contenu","embeddable":true,"href":"https:\/\/www.iemj.org\/it\/wp-json\/wp\/v2\/type-de-contenu?post=49999"},{"taxonomy":"interprete-compositeur","embeddable":true,"href":"https:\/\/www.iemj.org\/it\/wp-json\/wp\/v2\/interprete-compositeur?post=49999"},{"taxonomy":"frise","embeddable":true,"href":"https:\/\/www.iemj.org\/it\/wp-json\/wp\/v2\/frise?post=49999"},{"taxonomy":"type-devenement","embeddable":true,"href":"https:\/\/www.iemj.org\/it\/wp-json\/wp\/v2\/type-devenement?post=49999"},{"taxonomy":"tableaux-liens-externes","embeddable":true,"href":"https:\/\/www.iemj.org\/it\/wp-json\/wp\/v2\/tableaux-liens-externes?post=49999"}],"curies":[{"name":"wp","href":"https:\/\/api.w.org\/{rel}","templated":true}]}}