{"id":50090,"date":"2010-05-20T16:38:00","date_gmt":"2010-05-20T14:38:00","guid":{"rendered":"https:\/\/www.iemj.org\/concert-musiques-juives-baroques\/"},"modified":"2025-08-22T18:48:30","modified_gmt":"2025-08-22T16:48:30","slug":"concert-musiques-juives-baroques","status":"publish","type":"post","link":"https:\/\/www.iemj.org\/it\/concert-musiques-juives-baroques\/","title":{"rendered":"Concerto di Musiche Ebraiche Barocche &#8211; Venezia, Mantova, Amsterdam (1623-1774)"},"content":{"rendered":"<p>Guarda il concerto: <em>Musiche Ebraiche Barocche\u00a0\u2013 Venezia, Mantova, Amsterdam (1623-1774)<\/em>, con opere di <a href=\"https:\/\/www.iemj.org\/it\/rossi-salomone-vers-1570-vers-1630\/\">Salomone Rossi<\/a> (ca 1570-ca 1630) e <a href=\"https:\/\/www.iemj.org\/en\/lidarti-cristiano-giuseppe-1730-after-1793\/\">Cristiano Giuseppe Lidarti<\/a> (1730-dopo il 1793), eseguito dall&#8217;ensemble Texto diretto da David Klein, il 14 aprile 2010 alla Chiesa protestante tedesca di Parigi.<\/p>\n<p>Questo concerto, sostenuto dalla Fondation Rothschild &#8211; Institut Alain de Rothschild, dalla Fondation du Juda\u00efsme Fran\u00e7ais e dall&#8217;Institut Europ\u00e9en des Musiques Juives, \u00e8 stato organizzato da <a href=\"https:\/\/www.iemj.org\/it\/association-yuval\/\">Yuval<\/a>, associazione francese per la conservazione delle tradizioni musicali ebraiche, in memoria del suo fondatore <a href=\"https:\/\/www.iemj.org\/it\/adler-israel-1925-2009\/\">Israel Adler<\/a> (1925-2009), recentemente scomparso.<\/p>\n<p><a href=\"https:\/\/www.iemj.org\/it\/produit\/musiques-juives-baroques-venise-mantoue-amsterdam-1623-1774\/\">Ordina il CD <em>Musiche Ebraiche Barocche<\/em><\/a><\/p>\n\n\n<p>&nbsp;<\/p>\n\n\n\n<div class=\"wp-block-columns is-layout-flex wp-container-core-columns-is-layout-9d6595d7 wp-block-columns-is-layout-flex\">\n<div class=\"wp-block-column is-layout-flow wp-block-column-is-layout-flow\">\n<figure class=\"wp-block-embed is-type-video is-provider-youtube wp-block-embed-youtube wp-embed-aspect-16-9 wp-has-aspect-ratio\"><div class=\"wp-block-embed__wrapper\">\n<iframe title=\"Concert Musiques Juives Baroques (1\u00e8re PARTIE)\" width=\"640\" height=\"360\" src=\"https:\/\/www.youtube.com\/embed\/c8T-b2FAWEU?feature=oembed\" frameborder=\"0\" allow=\"accelerometer; autoplay; clipboard-write; encrypted-media; gyroscope; picture-in-picture; web-share\" referrerpolicy=\"strict-origin-when-cross-origin\" allowfullscreen><\/iframe>\n<\/div><figcaption class=\"wp-element-caption\"><strong>Concerto Musiche Ebraiche Barocche (1A PARTE)<\/strong><a href=\"https:\/\/www.youtube.com\/watch?v=c8T-b2FAWEU&amp;t=45s\"><br>00:45<\/a>\u00a0Salomone Rossi,\u00a0<em>Qadish\u00a0<\/em>(Mantova\/Venezia, 1623)<br><a href=\"https:\/\/www.youtube.com\/watch?v=c8T-b2FAWEU&amp;t=400s\">06:40<\/a>\u00a0Cristiano Lidarti,\u00a0<em>Esther<\/em>: Recitativo ed Aria di Aman \u00ab Mishoresh \u2018ad \u2018anaf \u00bb (Amsterdam, 1774)<br><a href=\"https:\/\/www.youtube.com\/watch?v=c8T-b2FAWEU&amp;t=965s\">16:05<\/a> Anonimo Kol haneshama (Amsterdam, prima met\u00e0 del XVIII secolo)<br><a href=\"https:\/\/www.youtube.com\/watch?v=c8T-b2FAWEU&amp;t=1212s\">20:12<\/a>\u00a0Cristiano Lidarti,\u00a0<em>Esther<\/em>: Recitativo ed Aria di Mardoch\u00e9e \u00ab Yarden, yarden \u00bb (Amsterdam, 1774)<br><a href=\"https:\/\/www.youtube.com\/watch?v=c8T-b2FAWEU&amp;t=1792s\">29:52<\/a>\u00a0Cristiano Lidarti,\u00a0<em>Esther<\/em>: Coro \u00ab Beit yisrael \u00bb (Amsterdam, 1774)<br><a href=\"https:\/\/www.youtube.com\/watch?v=c8T-b2FAWEU&amp;t=1984s\">33:04<\/a>\u00a0Cristiano Lidarti,\u00a0<em>Kol haneshama<\/em> (Amsterdam, seconda met\u00e0 del XVIII secolo)<\/figcaption><\/figure>\n<\/div>\n\n\n\n<div class=\"wp-block-column is-layout-flow wp-block-column-is-layout-flow\">\n<figure class=\"wp-block-embed is-type-video is-provider-youtube wp-block-embed-youtube wp-embed-aspect-16-9 wp-has-aspect-ratio\"><div class=\"wp-block-embed__wrapper\">\n<iframe title=\"Concert Musiques Juives Baroques (2\u00e8me PARTIE)\" width=\"640\" height=\"360\" src=\"https:\/\/www.youtube.com\/embed\/DJt64gby50U?feature=oembed\" frameborder=\"0\" allow=\"accelerometer; autoplay; clipboard-write; encrypted-media; gyroscope; picture-in-picture; web-share\" referrerpolicy=\"strict-origin-when-cross-origin\" allowfullscreen><\/iframe>\n<\/div><figcaption class=\"wp-element-caption\"><strong>Concerto Musiche Ebraiche Barocche (2A PARTE)<\/strong><a href=\"https:\/\/www.youtube.com\/watch?v=DJt64gby50U&amp;t=5s\"><br>00:05<\/a>\u00a0Salomone Rossi,\u00a0<em>Al naharot bavel<\/em> (Mantova\/Venezia, 1623)<br><a href=\"https:\/\/www.youtube.com\/watch?v=DJt64gby50U&amp;t=204s\">03:24<\/a>\u00a0Cristiano Lidarti,\u00a0<em>Esther<\/em>: Recitativo e duetto Esther\/Assu\u00e9rus \u00ab Mimawet mi nafshi halats \u00bb (Amsterdam, 1774)<br><a href=\"https:\/\/www.youtube.com\/watch?v=DJt64gby50U&amp;t=543s\">09:03<\/a>\u00a0Cristiano Lidarti,\u00a0<em>Esther<\/em>: Recitativo e duetto Esther\/Assu\u00e9rus \u00ab Sham eten lakh et kol d\u00f4day \u00bb (Amsterdam, 1774)<br><a href=\"https:\/\/www.youtube.com\/watch?v=DJt64gby50U&amp;t=826s\">13:46<\/a>\u00a0Salomone Rossi,\u00a0<em>Lemi ehpotz<\/em> (Mantova\/Venezia, 1623)<br><a href=\"https:\/\/www.youtube.com\/watch?v=DJt64gby50U&amp;t=1126s\">18:46<\/a>\u00a0Abraham Caceres,\u00a0<em>Le\u2019el elim<\/em>\u00a0(Amsterdam, 1738)<br><a href=\"https:\/\/www.youtube.com\/watch?v=DJt64gby50U&amp;t=1878s\">31:18<\/a>\u00a0Cristiano Lidarti,\u00a0<em>Esther<\/em>: Air d\u2019Esther \u00ab Zed yahir \u00bb (Amsterdam, 1774)<br><a href=\"https:\/\/www.youtube.com\/watch?v=DJt64gby50U&amp;t=2395s\">39:55<\/a>\u00a0Abraham Caceres,\u00a0<em>Hishki hizki<\/em> (Amsterdam, prima met\u00e0 del XVIII secolo)<\/figcaption><\/figure>\n<\/div>\n<\/div>\n","protected":false},"excerpt":{"rendered":"<p>Guarda il concerto: Musiche Ebraiche Barocche\u00a0\u2013 Venezia, Mantova, Amsterdam (1623-1774), con opere di Salomone Rossi (ca 1570-ca 1630) e Cristiano Giuseppe Lidarti (1730-dopo il 1793), eseguito dall&#8217;ensemble Texto diretto da<\/p>\n","protected":false},"author":1052,"featured_media":50091,"comment_status":"closed","ping_status":"open","sticky":false,"template":"","format":"standard","meta":{"_acf_changed":false,"footnotes":""},"categories":[1518],"tags":[],"technique":[],"squelettes":[],"sujet":[],"formation":[],"genre":[1895],"fonds":[],"tradition":[],"type-de-contenu":[],"interprete-compositeur":[3279],"frise":[],"type-devenement":[],"tableaux-liens-externes":[],"class_list":["post-50090","post","type-post","status-publish","format-standard","has-post-thumbnail","hentry","category-concerti-film-it","genre-musica-barocca-it","interprete-compositeur-salomone-rossi-it"],"acf":[],"yoast_head":"<!-- This site is optimized with the Yoast SEO plugin v27.3 - https:\/\/yoast.com\/product\/yoast-seo-wordpress\/ -->\n<title>Concerto di Musiche Ebraiche Barocche - Venezia, Mantova, Amsterdam (1623-1774) - Institut Europ\u00e9en des Musiques Juives<\/title>\n<meta name=\"robots\" content=\"index, follow, max-snippet:-1, max-image-preview:large, max-video-preview:-1\" \/>\n<link rel=\"canonical\" href=\"https:\/\/www.iemj.org\/it\/concert-musiques-juives-baroques\/\" \/>\n<meta property=\"og:locale\" content=\"it_IT\" \/>\n<meta property=\"og:type\" content=\"article\" \/>\n<meta property=\"og:title\" content=\"Concerto di Musiche Ebraiche Barocche - Venezia, Mantova, Amsterdam (1623-1774) - Institut Europ\u00e9en des Musiques Juives\" \/>\n<meta property=\"og:description\" content=\"Guarda il concerto: Musiche Ebraiche Barocche\u00a0\u2013 Venezia, Mantova, Amsterdam (1623-1774), con opere di Salomone Rossi (ca 1570-ca 1630) e Cristiano Giuseppe Lidarti (1730-dopo il 1793), eseguito dall&#8217;ensemble Texto diretto da\" \/>\n<meta property=\"og:url\" content=\"https:\/\/www.iemj.org\/it\/concert-musiques-juives-baroques\/\" \/>\n<meta property=\"og:site_name\" content=\"Institut Europ\u00e9en des Musiques Juives\" \/>\n<meta property=\"article:publisher\" content=\"https:\/\/www.facebook.com\/MusiquesJuives\/\" \/>\n<meta property=\"article:published_time\" content=\"2010-05-20T14:38:00+00:00\" \/>\n<meta property=\"article:modified_time\" content=\"2025-08-22T16:48:30+00:00\" \/>\n<meta property=\"og:image\" content=\"https:\/\/www.iemj.org\/wp-content\/uploads\/2018\/02\/arton3196-e1618076060610.jpg\" \/>\n\t<meta property=\"og:image:width\" content=\"350\" \/>\n\t<meta property=\"og:image:height\" content=\"191\" \/>\n\t<meta property=\"og:image:type\" content=\"image\/jpeg\" \/>\n<meta name=\"author\" content=\"Lea Couderc\" \/>\n<meta name=\"twitter:card\" content=\"summary_large_image\" \/>\n<meta name=\"twitter:label1\" content=\"Scritto da\" \/>\n\t<meta name=\"twitter:data1\" content=\"Lea Couderc\" \/>\n\t<meta name=\"twitter:label2\" content=\"Tempo di lettura stimato\" \/>\n\t<meta name=\"twitter:data2\" content=\"2 minuti\" \/>\n<script type=\"application\/ld+json\" class=\"yoast-schema-graph\">{\"@context\":\"https:\\\/\\\/schema.org\",\"@graph\":[{\"@type\":\"Article\",\"@id\":\"https:\\\/\\\/www.iemj.org\\\/it\\\/concert-musiques-juives-baroques\\\/#article\",\"isPartOf\":{\"@id\":\"https:\\\/\\\/www.iemj.org\\\/it\\\/concert-musiques-juives-baroques\\\/\"},\"author\":{\"name\":\"Lea Couderc\",\"@id\":\"https:\\\/\\\/www.iemj.org\\\/it\\\/#\\\/schema\\\/person\\\/e2ad57f2c4be119c7ed8ab79036807a9\"},\"headline\":\"Concerto di Musiche Ebraiche Barocche &#8211; Venezia, Mantova, Amsterdam (1623-1774)\",\"datePublished\":\"2010-05-20T14:38:00+00:00\",\"dateModified\":\"2025-08-22T16:48:30+00:00\",\"mainEntityOfPage\":{\"@id\":\"https:\\\/\\\/www.iemj.org\\\/it\\\/concert-musiques-juives-baroques\\\/\"},\"wordCount\":253,\"publisher\":{\"@id\":\"https:\\\/\\\/www.iemj.org\\\/it\\\/#organization\"},\"image\":{\"@id\":\"https:\\\/\\\/www.iemj.org\\\/it\\\/concert-musiques-juives-baroques\\\/#primaryimage\"},\"thumbnailUrl\":\"https:\\\/\\\/www.iemj.org\\\/wp-content\\\/uploads\\\/2018\\\/02\\\/arton3196-e1618076060610.jpg\",\"articleSection\":[\"Concerti\"],\"inLanguage\":\"it-IT\"},{\"@type\":\"WebPage\",\"@id\":\"https:\\\/\\\/www.iemj.org\\\/it\\\/concert-musiques-juives-baroques\\\/\",\"url\":\"https:\\\/\\\/www.iemj.org\\\/it\\\/concert-musiques-juives-baroques\\\/\",\"name\":\"Concerto di Musiche Ebraiche Barocche - Venezia, Mantova, Amsterdam (1623-1774) - Institut Europ\u00e9en des Musiques Juives\",\"isPartOf\":{\"@id\":\"https:\\\/\\\/www.iemj.org\\\/it\\\/#website\"},\"primaryImageOfPage\":{\"@id\":\"https:\\\/\\\/www.iemj.org\\\/it\\\/concert-musiques-juives-baroques\\\/#primaryimage\"},\"image\":{\"@id\":\"https:\\\/\\\/www.iemj.org\\\/it\\\/concert-musiques-juives-baroques\\\/#primaryimage\"},\"thumbnailUrl\":\"https:\\\/\\\/www.iemj.org\\\/wp-content\\\/uploads\\\/2018\\\/02\\\/arton3196-e1618076060610.jpg\",\"datePublished\":\"2010-05-20T14:38:00+00:00\",\"dateModified\":\"2025-08-22T16:48:30+00:00\",\"breadcrumb\":{\"@id\":\"https:\\\/\\\/www.iemj.org\\\/it\\\/concert-musiques-juives-baroques\\\/#breadcrumb\"},\"inLanguage\":\"it-IT\",\"potentialAction\":[{\"@type\":\"ReadAction\",\"target\":[\"https:\\\/\\\/www.iemj.org\\\/it\\\/concert-musiques-juives-baroques\\\/\"]}]},{\"@type\":\"ImageObject\",\"inLanguage\":\"it-IT\",\"@id\":\"https:\\\/\\\/www.iemj.org\\\/it\\\/concert-musiques-juives-baroques\\\/#primaryimage\",\"url\":\"https:\\\/\\\/www.iemj.org\\\/wp-content\\\/uploads\\\/2018\\\/02\\\/arton3196-e1618076060610.jpg\",\"contentUrl\":\"https:\\\/\\\/www.iemj.org\\\/wp-content\\\/uploads\\\/2018\\\/02\\\/arton3196-e1618076060610.jpg\",\"width\":350,\"height\":191},{\"@type\":\"BreadcrumbList\",\"@id\":\"https:\\\/\\\/www.iemj.org\\\/it\\\/concert-musiques-juives-baroques\\\/#breadcrumb\",\"itemListElement\":[{\"@type\":\"ListItem\",\"position\":1,\"name\":\"Accueil\",\"item\":\"https:\\\/\\\/www.iemj.org\\\/it\\\/\"},{\"@type\":\"ListItem\",\"position\":2,\"name\":\"Concerto di Musiche Ebraiche Barocche &#8211; Venezia, Mantova, Amsterdam (1623-1774)\"}]},{\"@type\":\"WebSite\",\"@id\":\"https:\\\/\\\/www.iemj.org\\\/it\\\/#website\",\"url\":\"https:\\\/\\\/www.iemj.org\\\/it\\\/\",\"name\":\"Institut Europ\u00e9en des Musiques Juives\",\"description\":\"Des traditions musicales \u00e0 la port\u00e9e de tous\",\"publisher\":{\"@id\":\"https:\\\/\\\/www.iemj.org\\\/it\\\/#organization\"},\"potentialAction\":[{\"@type\":\"SearchAction\",\"target\":{\"@type\":\"EntryPoint\",\"urlTemplate\":\"https:\\\/\\\/www.iemj.org\\\/it\\\/?s={search_term_string}\"},\"query-input\":{\"@type\":\"PropertyValueSpecification\",\"valueRequired\":true,\"valueName\":\"search_term_string\"}}],\"inLanguage\":\"it-IT\"},{\"@type\":\"Organization\",\"@id\":\"https:\\\/\\\/www.iemj.org\\\/it\\\/#organization\",\"name\":\"Institut Europ\u00e9en des Musiques Juives\",\"url\":\"https:\\\/\\\/www.iemj.org\\\/it\\\/\",\"logo\":{\"@type\":\"ImageObject\",\"inLanguage\":\"it-IT\",\"@id\":\"https:\\\/\\\/www.iemj.org\\\/it\\\/#\\\/schema\\\/logo\\\/image\\\/\",\"url\":\"https:\\\/\\\/www.iemj.org\\\/wp-content\\\/uploads\\\/2021\\\/09\\\/Logo-IEMJ-Paypal.jpg\",\"contentUrl\":\"https:\\\/\\\/www.iemj.org\\\/wp-content\\\/uploads\\\/2021\\\/09\\\/Logo-IEMJ-Paypal.jpg\",\"width\":150,\"height\":50,\"caption\":\"Institut Europ\u00e9en des Musiques Juives\"},\"image\":{\"@id\":\"https:\\\/\\\/www.iemj.org\\\/it\\\/#\\\/schema\\\/logo\\\/image\\\/\"},\"sameAs\":[\"https:\\\/\\\/www.facebook.com\\\/MusiquesJuives\\\/\",\"https:\\\/\\\/www.instagram.com\\\/musiquesjuives\\\/\",\"https:\\\/\\\/www.youtube.com\\\/user\\\/musiquesjuives\"]},{\"@type\":\"Person\",\"@id\":\"https:\\\/\\\/www.iemj.org\\\/it\\\/#\\\/schema\\\/person\\\/e2ad57f2c4be119c7ed8ab79036807a9\",\"name\":\"Lea Couderc\",\"image\":{\"@type\":\"ImageObject\",\"inLanguage\":\"it-IT\",\"@id\":\"https:\\\/\\\/secure.gravatar.com\\\/avatar\\\/46ee021475d60aeff17a7e490b79dea5a5684bb392ab7fd1494027411df8ba23?s=96&d=mm&r=g\",\"url\":\"https:\\\/\\\/secure.gravatar.com\\\/avatar\\\/46ee021475d60aeff17a7e490b79dea5a5684bb392ab7fd1494027411df8ba23?s=96&d=mm&r=g\",\"contentUrl\":\"https:\\\/\\\/secure.gravatar.com\\\/avatar\\\/46ee021475d60aeff17a7e490b79dea5a5684bb392ab7fd1494027411df8ba23?s=96&d=mm&r=g\",\"caption\":\"Lea Couderc\"}}]}<\/script>\n<!-- \/ Yoast SEO plugin. -->","yoast_head_json":{"title":"Concerto di Musiche Ebraiche Barocche - Venezia, Mantova, Amsterdam (1623-1774) - Institut Europ\u00e9en des Musiques Juives","robots":{"index":"index","follow":"follow","max-snippet":"max-snippet:-1","max-image-preview":"max-image-preview:large","max-video-preview":"max-video-preview:-1"},"canonical":"https:\/\/www.iemj.org\/it\/concert-musiques-juives-baroques\/","og_locale":"it_IT","og_type":"article","og_title":"Concerto di Musiche Ebraiche Barocche - Venezia, Mantova, Amsterdam (1623-1774) - Institut Europ\u00e9en des Musiques Juives","og_description":"Guarda il concerto: Musiche Ebraiche Barocche\u00a0\u2013 Venezia, Mantova, Amsterdam (1623-1774), con opere di Salomone Rossi (ca 1570-ca 1630) e Cristiano Giuseppe Lidarti (1730-dopo il 1793), eseguito dall&#8217;ensemble Texto diretto da","og_url":"https:\/\/www.iemj.org\/it\/concert-musiques-juives-baroques\/","og_site_name":"Institut Europ\u00e9en des Musiques Juives","article_publisher":"https:\/\/www.facebook.com\/MusiquesJuives\/","article_published_time":"2010-05-20T14:38:00+00:00","article_modified_time":"2025-08-22T16:48:30+00:00","og_image":[{"width":350,"height":191,"url":"https:\/\/www.iemj.org\/wp-content\/uploads\/2018\/02\/arton3196-e1618076060610.jpg","type":"image\/jpeg"}],"author":"Lea Couderc","twitter_card":"summary_large_image","twitter_misc":{"Scritto da":"Lea Couderc","Tempo di lettura stimato":"2 minuti"},"schema":{"@context":"https:\/\/schema.org","@graph":[{"@type":"Article","@id":"https:\/\/www.iemj.org\/it\/concert-musiques-juives-baroques\/#article","isPartOf":{"@id":"https:\/\/www.iemj.org\/it\/concert-musiques-juives-baroques\/"},"author":{"name":"Lea Couderc","@id":"https:\/\/www.iemj.org\/it\/#\/schema\/person\/e2ad57f2c4be119c7ed8ab79036807a9"},"headline":"Concerto di Musiche Ebraiche Barocche &#8211; Venezia, Mantova, Amsterdam (1623-1774)","datePublished":"2010-05-20T14:38:00+00:00","dateModified":"2025-08-22T16:48:30+00:00","mainEntityOfPage":{"@id":"https:\/\/www.iemj.org\/it\/concert-musiques-juives-baroques\/"},"wordCount":253,"publisher":{"@id":"https:\/\/www.iemj.org\/it\/#organization"},"image":{"@id":"https:\/\/www.iemj.org\/it\/concert-musiques-juives-baroques\/#primaryimage"},"thumbnailUrl":"https:\/\/www.iemj.org\/wp-content\/uploads\/2018\/02\/arton3196-e1618076060610.jpg","articleSection":["Concerti"],"inLanguage":"it-IT"},{"@type":"WebPage","@id":"https:\/\/www.iemj.org\/it\/concert-musiques-juives-baroques\/","url":"https:\/\/www.iemj.org\/it\/concert-musiques-juives-baroques\/","name":"Concerto di Musiche Ebraiche Barocche - Venezia, Mantova, Amsterdam (1623-1774) - Institut Europ\u00e9en des Musiques Juives","isPartOf":{"@id":"https:\/\/www.iemj.org\/it\/#website"},"primaryImageOfPage":{"@id":"https:\/\/www.iemj.org\/it\/concert-musiques-juives-baroques\/#primaryimage"},"image":{"@id":"https:\/\/www.iemj.org\/it\/concert-musiques-juives-baroques\/#primaryimage"},"thumbnailUrl":"https:\/\/www.iemj.org\/wp-content\/uploads\/2018\/02\/arton3196-e1618076060610.jpg","datePublished":"2010-05-20T14:38:00+00:00","dateModified":"2025-08-22T16:48:30+00:00","breadcrumb":{"@id":"https:\/\/www.iemj.org\/it\/concert-musiques-juives-baroques\/#breadcrumb"},"inLanguage":"it-IT","potentialAction":[{"@type":"ReadAction","target":["https:\/\/www.iemj.org\/it\/concert-musiques-juives-baroques\/"]}]},{"@type":"ImageObject","inLanguage":"it-IT","@id":"https:\/\/www.iemj.org\/it\/concert-musiques-juives-baroques\/#primaryimage","url":"https:\/\/www.iemj.org\/wp-content\/uploads\/2018\/02\/arton3196-e1618076060610.jpg","contentUrl":"https:\/\/www.iemj.org\/wp-content\/uploads\/2018\/02\/arton3196-e1618076060610.jpg","width":350,"height":191},{"@type":"BreadcrumbList","@id":"https:\/\/www.iemj.org\/it\/concert-musiques-juives-baroques\/#breadcrumb","itemListElement":[{"@type":"ListItem","position":1,"name":"Accueil","item":"https:\/\/www.iemj.org\/it\/"},{"@type":"ListItem","position":2,"name":"Concerto di Musiche Ebraiche Barocche &#8211; Venezia, Mantova, Amsterdam (1623-1774)"}]},{"@type":"WebSite","@id":"https:\/\/www.iemj.org\/it\/#website","url":"https:\/\/www.iemj.org\/it\/","name":"Institut Europ\u00e9en des Musiques Juives","description":"Des traditions musicales \u00e0 la port\u00e9e de tous","publisher":{"@id":"https:\/\/www.iemj.org\/it\/#organization"},"potentialAction":[{"@type":"SearchAction","target":{"@type":"EntryPoint","urlTemplate":"https:\/\/www.iemj.org\/it\/?s={search_term_string}"},"query-input":{"@type":"PropertyValueSpecification","valueRequired":true,"valueName":"search_term_string"}}],"inLanguage":"it-IT"},{"@type":"Organization","@id":"https:\/\/www.iemj.org\/it\/#organization","name":"Institut Europ\u00e9en des Musiques Juives","url":"https:\/\/www.iemj.org\/it\/","logo":{"@type":"ImageObject","inLanguage":"it-IT","@id":"https:\/\/www.iemj.org\/it\/#\/schema\/logo\/image\/","url":"https:\/\/www.iemj.org\/wp-content\/uploads\/2021\/09\/Logo-IEMJ-Paypal.jpg","contentUrl":"https:\/\/www.iemj.org\/wp-content\/uploads\/2021\/09\/Logo-IEMJ-Paypal.jpg","width":150,"height":50,"caption":"Institut Europ\u00e9en des Musiques Juives"},"image":{"@id":"https:\/\/www.iemj.org\/it\/#\/schema\/logo\/image\/"},"sameAs":["https:\/\/www.facebook.com\/MusiquesJuives\/","https:\/\/www.instagram.com\/musiquesjuives\/","https:\/\/www.youtube.com\/user\/musiquesjuives"]},{"@type":"Person","@id":"https:\/\/www.iemj.org\/it\/#\/schema\/person\/e2ad57f2c4be119c7ed8ab79036807a9","name":"Lea Couderc","image":{"@type":"ImageObject","inLanguage":"it-IT","@id":"https:\/\/secure.gravatar.com\/avatar\/46ee021475d60aeff17a7e490b79dea5a5684bb392ab7fd1494027411df8ba23?s=96&d=mm&r=g","url":"https:\/\/secure.gravatar.com\/avatar\/46ee021475d60aeff17a7e490b79dea5a5684bb392ab7fd1494027411df8ba23?s=96&d=mm&r=g","contentUrl":"https:\/\/secure.gravatar.com\/avatar\/46ee021475d60aeff17a7e490b79dea5a5684bb392ab7fd1494027411df8ba23?s=96&d=mm&r=g","caption":"Lea Couderc"}}]}},"_links":{"self":[{"href":"https:\/\/www.iemj.org\/it\/wp-json\/wp\/v2\/posts\/50090","targetHints":{"allow":["GET"]}}],"collection":[{"href":"https:\/\/www.iemj.org\/it\/wp-json\/wp\/v2\/posts"}],"about":[{"href":"https:\/\/www.iemj.org\/it\/wp-json\/wp\/v2\/types\/post"}],"author":[{"embeddable":true,"href":"https:\/\/www.iemj.org\/it\/wp-json\/wp\/v2\/users\/1052"}],"replies":[{"embeddable":true,"href":"https:\/\/www.iemj.org\/it\/wp-json\/wp\/v2\/comments?post=50090"}],"version-history":[{"count":0,"href":"https:\/\/www.iemj.org\/it\/wp-json\/wp\/v2\/posts\/50090\/revisions"}],"wp:featuredmedia":[{"embeddable":true,"href":"https:\/\/www.iemj.org\/it\/wp-json\/wp\/v2\/media\/50091"}],"wp:attachment":[{"href":"https:\/\/www.iemj.org\/it\/wp-json\/wp\/v2\/media?parent=50090"}],"wp:term":[{"taxonomy":"category","embeddable":true,"href":"https:\/\/www.iemj.org\/it\/wp-json\/wp\/v2\/categories?post=50090"},{"taxonomy":"post_tag","embeddable":true,"href":"https:\/\/www.iemj.org\/it\/wp-json\/wp\/v2\/tags?post=50090"},{"taxonomy":"technique","embeddable":true,"href":"https:\/\/www.iemj.org\/it\/wp-json\/wp\/v2\/technique?post=50090"},{"taxonomy":"squelettes","embeddable":true,"href":"https:\/\/www.iemj.org\/it\/wp-json\/wp\/v2\/squelettes?post=50090"},{"taxonomy":"sujet","embeddable":true,"href":"https:\/\/www.iemj.org\/it\/wp-json\/wp\/v2\/sujet?post=50090"},{"taxonomy":"formation","embeddable":true,"href":"https:\/\/www.iemj.org\/it\/wp-json\/wp\/v2\/formation?post=50090"},{"taxonomy":"genre","embeddable":true,"href":"https:\/\/www.iemj.org\/it\/wp-json\/wp\/v2\/genre?post=50090"},{"taxonomy":"fonds","embeddable":true,"href":"https:\/\/www.iemj.org\/it\/wp-json\/wp\/v2\/fonds?post=50090"},{"taxonomy":"tradition","embeddable":true,"href":"https:\/\/www.iemj.org\/it\/wp-json\/wp\/v2\/tradition?post=50090"},{"taxonomy":"type-de-contenu","embeddable":true,"href":"https:\/\/www.iemj.org\/it\/wp-json\/wp\/v2\/type-de-contenu?post=50090"},{"taxonomy":"interprete-compositeur","embeddable":true,"href":"https:\/\/www.iemj.org\/it\/wp-json\/wp\/v2\/interprete-compositeur?post=50090"},{"taxonomy":"frise","embeddable":true,"href":"https:\/\/www.iemj.org\/it\/wp-json\/wp\/v2\/frise?post=50090"},{"taxonomy":"type-devenement","embeddable":true,"href":"https:\/\/www.iemj.org\/it\/wp-json\/wp\/v2\/type-devenement?post=50090"},{"taxonomy":"tableaux-liens-externes","embeddable":true,"href":"https:\/\/www.iemj.org\/it\/wp-json\/wp\/v2\/tableaux-liens-externes?post=50090"}],"curies":[{"name":"wp","href":"https:\/\/api.w.org\/{rel}","templated":true}]}}