{"id":50583,"date":"2014-09-30T16:39:30","date_gmt":"2014-09-30T14:39:30","guid":{"rendered":"https:\/\/www.iemj.org\/juifs-et-trouveres\/"},"modified":"2025-08-25T15:13:23","modified_gmt":"2025-08-25T13:13:23","slug":"juifs-et-trouveres","status":"publish","type":"post","link":"https:\/\/www.iemj.org\/it\/juifs-et-trouveres\/","title":{"rendered":"Ebrei e Trovieri"},"content":{"rendered":"<h3><strong>Canzoni ebraiche del XIII secolo in francecse antico ed in ebraico<\/strong><\/h3>\n<p>CD premiato di un <strong><a href=\"http:\/\/cmmp.eu\/PDF\/1509%20keroubims%20choc%20Classica.pdf\">Choc de Classica<\/a><\/strong> e di <strong><a href=\"http:\/\/cmmp.eu\/PDF\/diapason%20sept%202015%20keroubim.pdf\">5 diapasons<\/a><\/strong> nel settembre 2015.<\/p>\n<p><!--more--><\/p>\n<p>Questo dodicesimo volume della collezione Patrimon\u00ee musicali degli Ebrei di Francia \u00e8 dedicato ai canti religiosi o festivi delle comunit\u00e0 ebraiche stabilite nel nord della Francia (Fiandra, Piccardia, Artois, Champagne &#8230;) nella seconda met\u00e0 del XIII secolo.<\/p>\n<p>Durante questo travagliato periodo, che si inscrive tra il rogo del Talmud (1242-1244) e la grande espulsione del 1306, gli ebrei hanno la stessa vita quotidiana, la stessa lingua dei cristiani. Condividono anche lo stesso gusto per i libri, i monumenti, i rumori della citt\u00e0 e delle fiere, la gioia di vivere e le canzoni popolari.<\/p>\n<p>I canti delle comunit\u00e0 ebraiche dell&#8217;epoca riflettono infatti la vita quotidiana degli ebrei e gli eventi, felici o tragici, che la punteggiano. Vi si trova l&#8217;espressione vocale di un popolo, custode dei suoi riti e delle sue tradizioni, ma pienamente integrato nel suo ambiente e che parla la lingua d&#8217;o\u00efl; in ebraico rimangono solo le preghiere, i poemi liturgici e gli studi.<\/p>\n<p>Nei libri e nei manoscritti che ci sono pervenuti, tutti i poemi, in francese come in ebraico, sono scritti in caratteri ebraici (unica scrittura insegnata agli ebrei). Noi conosciamo i nomi di molti degli autori di questi poemi, ma nessuno di coloro che li hanno adattati nella lingua d&#8217;o\u00efl. Grazie al lavoro di ricercatori romanisti, come David Simon Blondheim e Raphael Loewe, sappiamo che le melodie di questi poemi sono state modellate su quelle delle canzoni dei trovieri. La poesia ebraica ha utilizzato per secoli questo processo contrafactum che consisteva ad adattare ad un nuovo testo la melodia di un\u2019aria nota a tutti. Gli ebrei non conoscevano la notazione musicale neumatica (l&#8217;unica eccezione era Obadia il proselito), ma accadeva che lo scriba annotasse sul manoscritto il titolo della canzone usata come melodia. In questo disco, solo due manoscritti indicano chiaramente la melodia sulla quale il testo \u00e8 stato cantato. Le altre musiche hanno dovuto, dunque, essere (ri)trovate&#8230;.<\/p>\n<p>Un importante lavoro paleografico, svolto da <strong>Colette Sirat<\/strong>, <strong>Judith Olszowy-Schlanger<\/strong> e <strong>Brigitte Lesne<\/strong>, sulle concordanze delle fonti e sulle loro trascrizioni, sia letterarie che musicali, \u00e8 stato quindi necessario per restituire, con lo stesso processo del contrafactum, le versioni di queste canzoni in ebraico e nella lingua d\u2019o\u00efl.<\/p>\n<p>Il risultato musicale \u00e8 spettacolare. Da pagine di manoscritti secolari scaturisce la musica di un mondo colorato, rumoroso e sensuale dove gli Ebrei esprimono la loro fede, le loro pene ed il loro piacere. Un mondo scomparso, dopo la definitiva cacciata degli ebrei dalla Francia nel 1394, e che questo disco fa rivivere per la pi\u00f9 grande gioia delle nostre orecchie e del nostro cuore.<\/p>\n<p><a href=\"https:\/\/www.iemj.org\/it\/produit\/juifs-et-trouveres\/\" target=\"_blank\" rel=\"noopener\"><strong><u>Acquistare il CD online sul sito dell\u2019IEMJ<\/u><\/strong><\/a><\/p>\n<p>Informazioni al 00.33.(0)1 45 82 20 52; <a href=\"contact@iemj.org\">contact@iemj.org<\/a><\/p>\n<p><strong><a href=\"https:\/\/youtu.be\/pPxGQmB__Nk\" target=\"_blank\" rel=\"noopener\">Guarda un estratto su YouTube: <em>Shalfu tzarim<\/em>, piyyout<\/a><\/strong><\/p>\n\n<div class=\"wp-block-image\">\n<figure class=\"aligncenter size-large\"><img fetchpriority=\"high\" decoding=\"async\" width=\"500\" height=\"427\" src=\"https:\/\/www.iemj.org\/wp-content\/uploads\/2014\/09\/juifs_et_trouveres_couv4_siteiemj.jpg\" alt=\"juifs_et_trouveres_couv4_siteiemj.jpg\" class=\"wp-image-7215\"\/><\/figure>\n<\/div>\n\n\n<figure class=\"wp-block-embed is-type-video is-provider-youtube wp-block-embed-youtube wp-embed-aspect-16-9 wp-has-aspect-ratio\"><div class=\"wp-block-embed__wrapper\">\nhttps:\/\/youtu.be\/pPxGQmB__Nk\n<\/div><figcaption class=\"wp-element-caption\"><strong>Guarda una clip del concerto &#8211; piyyut Shalfu tzarim<\/strong><\/figcaption><\/figure>\n\n\n\n<h2 class=\"wp-block-heading\"><\/h2>\n\n\n<div class=\"wp-block-image\">\n<figure class=\"aligncenter size-large\"><img decoding=\"async\" width=\"1024\" height=\"133\" src=\"https:\/\/www.iemj.org\/wp-content\/uploads\/2024\/03\/AUDIO-PLAYER-1024x133.png\" alt=\"\" class=\"wp-image-110609\" srcset=\"https:\/\/www.iemj.org\/wp-content\/uploads\/2024\/03\/AUDIO-PLAYER-1024x133.png 1024w, https:\/\/www.iemj.org\/wp-content\/uploads\/2024\/03\/AUDIO-PLAYER-300x39.png 300w, https:\/\/www.iemj.org\/wp-content\/uploads\/2024\/03\/AUDIO-PLAYER-768x100.png 768w, https:\/\/www.iemj.org\/wp-content\/uploads\/2024\/03\/AUDIO-PLAYER-600x78.png 600w, https:\/\/www.iemj.org\/wp-content\/uploads\/2024\/03\/AUDIO-PLAYER.png 1210w\" sizes=\"(max-width: 1024px) 100vw, 1024px\" \/><\/figure>\n<\/div>\n\n\n<div class=\"wp-block-file\"><a href=\"https:\/\/www.iemj.org\/wp-content\/uploads\/2014\/09\/cd_track_11_ex.mp3\">11. Deror yiqra &#8211; chanson de chabbat (EXTRAIT)<\/a><\/div>\n\n\n\n<div class=\"wp-block-file\"><a href=\"https:\/\/www.iemj.org\/wp-content\/uploads\/2014\/09\/cd_track_07_ex.mp3\">7. Ne puis ma grant joie celer &#8211; chanson de Jacob (EXTRAIT)<\/a><\/div>\n\n\n\n<div class=\"wp-block-file\"><a href=\"https:\/\/www.iemj.org\/wp-content\/uploads\/2014\/09\/cd_track_03_ex.mp3\">3. El-givat-ha-levona &#8211; chanson de mariage (EXTRAIT)<\/a><\/div>\n\n\n\n<div class=\"wp-block-file\"><a href=\"https:\/\/www.iemj.org\/wp-content\/uploads\/2014\/09\/cd_track_01_ex.mp3\">1. Shalfu tzarim (EXTRAIT)<\/a><\/div>\n","protected":false},"excerpt":{"rendered":"<p>Canzoni ebraiche del XIII secolo in francecse antico ed in ebraico CD premiato di un Choc de Classica e di 5 diapasons nel settembre 2015.<\/p>\n","protected":false},"author":1050,"featured_media":50584,"comment_status":"closed","ping_status":"open","sticky":false,"template":"","format":"standard","meta":{"_acf_changed":false,"footnotes":""},"categories":[1360,2208,1361],"tags":[],"technique":[],"squelettes":[],"sujet":[1823],"formation":[],"genre":[1909],"fonds":[],"tradition":[],"type-de-contenu":[],"interprete-compositeur":[],"frise":[],"type-devenement":[],"tableaux-liens-externes":[],"class_list":["post-50583","post","type-post","status-publish","format-standard","has-post-thumbnail","hentry","category-cd-iemj-it","category-collezione-patrimoni-musicali-degli-ebrei-di-francia-it","category-pubblicazioni-it","sujet-francia-it","genre-musica-medievale-it"],"acf":[],"yoast_head":"<!-- This site is optimized with the Yoast SEO plugin v27.3 - https:\/\/yoast.com\/product\/yoast-seo-wordpress\/ -->\n<title>Ebrei e Trovieri - Institut Europ\u00e9en des Musiques Juives<\/title>\n<meta name=\"robots\" content=\"index, follow, max-snippet:-1, max-image-preview:large, max-video-preview:-1\" \/>\n<link rel=\"canonical\" href=\"https:\/\/www.iemj.org\/it\/juifs-et-trouveres\/\" \/>\n<meta property=\"og:locale\" content=\"it_IT\" \/>\n<meta property=\"og:type\" content=\"article\" \/>\n<meta property=\"og:title\" content=\"Ebrei e Trovieri - Institut Europ\u00e9en des Musiques Juives\" \/>\n<meta property=\"og:description\" content=\"Canzoni ebraiche del XIII secolo in francecse antico ed in ebraico CD premiato di un Choc de Classica e di 5 diapasons nel settembre 2015.\" \/>\n<meta property=\"og:url\" content=\"https:\/\/www.iemj.org\/it\/juifs-et-trouveres\/\" \/>\n<meta property=\"og:site_name\" content=\"Institut Europ\u00e9en des Musiques Juives\" \/>\n<meta property=\"article:publisher\" content=\"https:\/\/www.facebook.com\/MusiquesJuives\/\" \/>\n<meta property=\"article:published_time\" content=\"2014-09-30T14:39:30+00:00\" \/>\n<meta property=\"article:modified_time\" content=\"2025-08-25T13:13:23+00:00\" \/>\n<meta property=\"og:image\" content=\"https:\/\/www.iemj.org\/wp-content\/uploads\/2014\/09\/arton924.jpg\" \/>\n\t<meta property=\"og:image:width\" content=\"863\" \/>\n\t<meta property=\"og:image:height\" content=\"856\" \/>\n\t<meta property=\"og:image:type\" content=\"image\/jpeg\" \/>\n<meta name=\"author\" content=\"ncochin\" \/>\n<meta name=\"twitter:card\" content=\"summary_large_image\" \/>\n<meta name=\"twitter:label1\" content=\"Scritto da\" \/>\n\t<meta name=\"twitter:data1\" content=\"ncochin\" \/>\n\t<meta name=\"twitter:label2\" content=\"Tempo di lettura stimato\" \/>\n\t<meta name=\"twitter:data2\" content=\"4 minuti\" \/>\n<script type=\"application\/ld+json\" class=\"yoast-schema-graph\">{\"@context\":\"https:\\\/\\\/schema.org\",\"@graph\":[{\"@type\":\"Article\",\"@id\":\"https:\\\/\\\/www.iemj.org\\\/it\\\/juifs-et-trouveres\\\/#article\",\"isPartOf\":{\"@id\":\"https:\\\/\\\/www.iemj.org\\\/it\\\/juifs-et-trouveres\\\/\"},\"author\":{\"name\":\"ncochin\",\"@id\":\"https:\\\/\\\/www.iemj.org\\\/it\\\/#\\\/schema\\\/person\\\/f826ad11b0cd58dd99babe0a3fbcb86e\"},\"headline\":\"Ebrei e Trovieri\",\"datePublished\":\"2014-09-30T14:39:30+00:00\",\"dateModified\":\"2025-08-25T13:13:23+00:00\",\"mainEntityOfPage\":{\"@id\":\"https:\\\/\\\/www.iemj.org\\\/it\\\/juifs-et-trouveres\\\/\"},\"wordCount\":517,\"publisher\":{\"@id\":\"https:\\\/\\\/www.iemj.org\\\/it\\\/#organization\"},\"image\":{\"@id\":\"https:\\\/\\\/www.iemj.org\\\/it\\\/juifs-et-trouveres\\\/#primaryimage\"},\"thumbnailUrl\":\"https:\\\/\\\/www.iemj.org\\\/wp-content\\\/uploads\\\/2014\\\/09\\\/arton924.jpg\",\"articleSection\":[\"CD IEMJ\",\"Collezione Patrimon\u00ee musicali degli ebrei di Francia\",\"Pubblicazioni\"],\"inLanguage\":\"it-IT\"},{\"@type\":\"WebPage\",\"@id\":\"https:\\\/\\\/www.iemj.org\\\/it\\\/juifs-et-trouveres\\\/\",\"url\":\"https:\\\/\\\/www.iemj.org\\\/it\\\/juifs-et-trouveres\\\/\",\"name\":\"Ebrei e Trovieri - Institut Europ\u00e9en des Musiques Juives\",\"isPartOf\":{\"@id\":\"https:\\\/\\\/www.iemj.org\\\/it\\\/#website\"},\"primaryImageOfPage\":{\"@id\":\"https:\\\/\\\/www.iemj.org\\\/it\\\/juifs-et-trouveres\\\/#primaryimage\"},\"image\":{\"@id\":\"https:\\\/\\\/www.iemj.org\\\/it\\\/juifs-et-trouveres\\\/#primaryimage\"},\"thumbnailUrl\":\"https:\\\/\\\/www.iemj.org\\\/wp-content\\\/uploads\\\/2014\\\/09\\\/arton924.jpg\",\"datePublished\":\"2014-09-30T14:39:30+00:00\",\"dateModified\":\"2025-08-25T13:13:23+00:00\",\"breadcrumb\":{\"@id\":\"https:\\\/\\\/www.iemj.org\\\/it\\\/juifs-et-trouveres\\\/#breadcrumb\"},\"inLanguage\":\"it-IT\",\"potentialAction\":[{\"@type\":\"ReadAction\",\"target\":[\"https:\\\/\\\/www.iemj.org\\\/it\\\/juifs-et-trouveres\\\/\"]}]},{\"@type\":\"ImageObject\",\"inLanguage\":\"it-IT\",\"@id\":\"https:\\\/\\\/www.iemj.org\\\/it\\\/juifs-et-trouveres\\\/#primaryimage\",\"url\":\"https:\\\/\\\/www.iemj.org\\\/wp-content\\\/uploads\\\/2014\\\/09\\\/arton924.jpg\",\"contentUrl\":\"https:\\\/\\\/www.iemj.org\\\/wp-content\\\/uploads\\\/2014\\\/09\\\/arton924.jpg\",\"width\":863,\"height\":856},{\"@type\":\"BreadcrumbList\",\"@id\":\"https:\\\/\\\/www.iemj.org\\\/it\\\/juifs-et-trouveres\\\/#breadcrumb\",\"itemListElement\":[{\"@type\":\"ListItem\",\"position\":1,\"name\":\"Accueil\",\"item\":\"https:\\\/\\\/www.iemj.org\\\/it\\\/\"},{\"@type\":\"ListItem\",\"position\":2,\"name\":\"Ebrei e Trovieri\"}]},{\"@type\":\"WebSite\",\"@id\":\"https:\\\/\\\/www.iemj.org\\\/it\\\/#website\",\"url\":\"https:\\\/\\\/www.iemj.org\\\/it\\\/\",\"name\":\"Institut Europ\u00e9en des Musiques Juives\",\"description\":\"Des traditions musicales \u00e0 la port\u00e9e de tous\",\"publisher\":{\"@id\":\"https:\\\/\\\/www.iemj.org\\\/it\\\/#organization\"},\"potentialAction\":[{\"@type\":\"SearchAction\",\"target\":{\"@type\":\"EntryPoint\",\"urlTemplate\":\"https:\\\/\\\/www.iemj.org\\\/it\\\/?s={search_term_string}\"},\"query-input\":{\"@type\":\"PropertyValueSpecification\",\"valueRequired\":true,\"valueName\":\"search_term_string\"}}],\"inLanguage\":\"it-IT\"},{\"@type\":\"Organization\",\"@id\":\"https:\\\/\\\/www.iemj.org\\\/it\\\/#organization\",\"name\":\"Institut Europ\u00e9en des Musiques Juives\",\"url\":\"https:\\\/\\\/www.iemj.org\\\/it\\\/\",\"logo\":{\"@type\":\"ImageObject\",\"inLanguage\":\"it-IT\",\"@id\":\"https:\\\/\\\/www.iemj.org\\\/it\\\/#\\\/schema\\\/logo\\\/image\\\/\",\"url\":\"https:\\\/\\\/www.iemj.org\\\/wp-content\\\/uploads\\\/2021\\\/09\\\/Logo-IEMJ-Paypal.jpg\",\"contentUrl\":\"https:\\\/\\\/www.iemj.org\\\/wp-content\\\/uploads\\\/2021\\\/09\\\/Logo-IEMJ-Paypal.jpg\",\"width\":150,\"height\":50,\"caption\":\"Institut Europ\u00e9en des Musiques Juives\"},\"image\":{\"@id\":\"https:\\\/\\\/www.iemj.org\\\/it\\\/#\\\/schema\\\/logo\\\/image\\\/\"},\"sameAs\":[\"https:\\\/\\\/www.facebook.com\\\/MusiquesJuives\\\/\",\"https:\\\/\\\/www.instagram.com\\\/musiquesjuives\\\/\",\"https:\\\/\\\/www.youtube.com\\\/user\\\/musiquesjuives\"]},{\"@type\":\"Person\",\"@id\":\"https:\\\/\\\/www.iemj.org\\\/it\\\/#\\\/schema\\\/person\\\/f826ad11b0cd58dd99babe0a3fbcb86e\",\"name\":\"ncochin\",\"image\":{\"@type\":\"ImageObject\",\"inLanguage\":\"it-IT\",\"@id\":\"https:\\\/\\\/secure.gravatar.com\\\/avatar\\\/4499f551e6a9b8c28bd3132f28d79657b2cb55ff363257726f67e89c95e2a33c?s=96&d=mm&r=g\",\"url\":\"https:\\\/\\\/secure.gravatar.com\\\/avatar\\\/4499f551e6a9b8c28bd3132f28d79657b2cb55ff363257726f67e89c95e2a33c?s=96&d=mm&r=g\",\"contentUrl\":\"https:\\\/\\\/secure.gravatar.com\\\/avatar\\\/4499f551e6a9b8c28bd3132f28d79657b2cb55ff363257726f67e89c95e2a33c?s=96&d=mm&r=g\",\"caption\":\"ncochin\"}}]}<\/script>\n<!-- \/ Yoast SEO plugin. -->","yoast_head_json":{"title":"Ebrei e Trovieri - Institut Europ\u00e9en des Musiques Juives","robots":{"index":"index","follow":"follow","max-snippet":"max-snippet:-1","max-image-preview":"max-image-preview:large","max-video-preview":"max-video-preview:-1"},"canonical":"https:\/\/www.iemj.org\/it\/juifs-et-trouveres\/","og_locale":"it_IT","og_type":"article","og_title":"Ebrei e Trovieri - Institut Europ\u00e9en des Musiques Juives","og_description":"Canzoni ebraiche del XIII secolo in francecse antico ed in ebraico CD premiato di un Choc de Classica e di 5 diapasons nel settembre 2015.","og_url":"https:\/\/www.iemj.org\/it\/juifs-et-trouveres\/","og_site_name":"Institut Europ\u00e9en des Musiques Juives","article_publisher":"https:\/\/www.facebook.com\/MusiquesJuives\/","article_published_time":"2014-09-30T14:39:30+00:00","article_modified_time":"2025-08-25T13:13:23+00:00","og_image":[{"width":863,"height":856,"url":"https:\/\/www.iemj.org\/wp-content\/uploads\/2014\/09\/arton924.jpg","type":"image\/jpeg"}],"author":"ncochin","twitter_card":"summary_large_image","twitter_misc":{"Scritto da":"ncochin","Tempo di lettura stimato":"4 minuti"},"schema":{"@context":"https:\/\/schema.org","@graph":[{"@type":"Article","@id":"https:\/\/www.iemj.org\/it\/juifs-et-trouveres\/#article","isPartOf":{"@id":"https:\/\/www.iemj.org\/it\/juifs-et-trouveres\/"},"author":{"name":"ncochin","@id":"https:\/\/www.iemj.org\/it\/#\/schema\/person\/f826ad11b0cd58dd99babe0a3fbcb86e"},"headline":"Ebrei e Trovieri","datePublished":"2014-09-30T14:39:30+00:00","dateModified":"2025-08-25T13:13:23+00:00","mainEntityOfPage":{"@id":"https:\/\/www.iemj.org\/it\/juifs-et-trouveres\/"},"wordCount":517,"publisher":{"@id":"https:\/\/www.iemj.org\/it\/#organization"},"image":{"@id":"https:\/\/www.iemj.org\/it\/juifs-et-trouveres\/#primaryimage"},"thumbnailUrl":"https:\/\/www.iemj.org\/wp-content\/uploads\/2014\/09\/arton924.jpg","articleSection":["CD IEMJ","Collezione Patrimon\u00ee musicali degli ebrei di Francia","Pubblicazioni"],"inLanguage":"it-IT"},{"@type":"WebPage","@id":"https:\/\/www.iemj.org\/it\/juifs-et-trouveres\/","url":"https:\/\/www.iemj.org\/it\/juifs-et-trouveres\/","name":"Ebrei e Trovieri - Institut Europ\u00e9en des Musiques Juives","isPartOf":{"@id":"https:\/\/www.iemj.org\/it\/#website"},"primaryImageOfPage":{"@id":"https:\/\/www.iemj.org\/it\/juifs-et-trouveres\/#primaryimage"},"image":{"@id":"https:\/\/www.iemj.org\/it\/juifs-et-trouveres\/#primaryimage"},"thumbnailUrl":"https:\/\/www.iemj.org\/wp-content\/uploads\/2014\/09\/arton924.jpg","datePublished":"2014-09-30T14:39:30+00:00","dateModified":"2025-08-25T13:13:23+00:00","breadcrumb":{"@id":"https:\/\/www.iemj.org\/it\/juifs-et-trouveres\/#breadcrumb"},"inLanguage":"it-IT","potentialAction":[{"@type":"ReadAction","target":["https:\/\/www.iemj.org\/it\/juifs-et-trouveres\/"]}]},{"@type":"ImageObject","inLanguage":"it-IT","@id":"https:\/\/www.iemj.org\/it\/juifs-et-trouveres\/#primaryimage","url":"https:\/\/www.iemj.org\/wp-content\/uploads\/2014\/09\/arton924.jpg","contentUrl":"https:\/\/www.iemj.org\/wp-content\/uploads\/2014\/09\/arton924.jpg","width":863,"height":856},{"@type":"BreadcrumbList","@id":"https:\/\/www.iemj.org\/it\/juifs-et-trouveres\/#breadcrumb","itemListElement":[{"@type":"ListItem","position":1,"name":"Accueil","item":"https:\/\/www.iemj.org\/it\/"},{"@type":"ListItem","position":2,"name":"Ebrei e Trovieri"}]},{"@type":"WebSite","@id":"https:\/\/www.iemj.org\/it\/#website","url":"https:\/\/www.iemj.org\/it\/","name":"Institut Europ\u00e9en des Musiques Juives","description":"Des traditions musicales \u00e0 la port\u00e9e de tous","publisher":{"@id":"https:\/\/www.iemj.org\/it\/#organization"},"potentialAction":[{"@type":"SearchAction","target":{"@type":"EntryPoint","urlTemplate":"https:\/\/www.iemj.org\/it\/?s={search_term_string}"},"query-input":{"@type":"PropertyValueSpecification","valueRequired":true,"valueName":"search_term_string"}}],"inLanguage":"it-IT"},{"@type":"Organization","@id":"https:\/\/www.iemj.org\/it\/#organization","name":"Institut Europ\u00e9en des Musiques Juives","url":"https:\/\/www.iemj.org\/it\/","logo":{"@type":"ImageObject","inLanguage":"it-IT","@id":"https:\/\/www.iemj.org\/it\/#\/schema\/logo\/image\/","url":"https:\/\/www.iemj.org\/wp-content\/uploads\/2021\/09\/Logo-IEMJ-Paypal.jpg","contentUrl":"https:\/\/www.iemj.org\/wp-content\/uploads\/2021\/09\/Logo-IEMJ-Paypal.jpg","width":150,"height":50,"caption":"Institut Europ\u00e9en des Musiques Juives"},"image":{"@id":"https:\/\/www.iemj.org\/it\/#\/schema\/logo\/image\/"},"sameAs":["https:\/\/www.facebook.com\/MusiquesJuives\/","https:\/\/www.instagram.com\/musiquesjuives\/","https:\/\/www.youtube.com\/user\/musiquesjuives"]},{"@type":"Person","@id":"https:\/\/www.iemj.org\/it\/#\/schema\/person\/f826ad11b0cd58dd99babe0a3fbcb86e","name":"ncochin","image":{"@type":"ImageObject","inLanguage":"it-IT","@id":"https:\/\/secure.gravatar.com\/avatar\/4499f551e6a9b8c28bd3132f28d79657b2cb55ff363257726f67e89c95e2a33c?s=96&d=mm&r=g","url":"https:\/\/secure.gravatar.com\/avatar\/4499f551e6a9b8c28bd3132f28d79657b2cb55ff363257726f67e89c95e2a33c?s=96&d=mm&r=g","contentUrl":"https:\/\/secure.gravatar.com\/avatar\/4499f551e6a9b8c28bd3132f28d79657b2cb55ff363257726f67e89c95e2a33c?s=96&d=mm&r=g","caption":"ncochin"}}]}},"_links":{"self":[{"href":"https:\/\/www.iemj.org\/it\/wp-json\/wp\/v2\/posts\/50583","targetHints":{"allow":["GET"]}}],"collection":[{"href":"https:\/\/www.iemj.org\/it\/wp-json\/wp\/v2\/posts"}],"about":[{"href":"https:\/\/www.iemj.org\/it\/wp-json\/wp\/v2\/types\/post"}],"author":[{"embeddable":true,"href":"https:\/\/www.iemj.org\/it\/wp-json\/wp\/v2\/users\/1050"}],"replies":[{"embeddable":true,"href":"https:\/\/www.iemj.org\/it\/wp-json\/wp\/v2\/comments?post=50583"}],"version-history":[{"count":0,"href":"https:\/\/www.iemj.org\/it\/wp-json\/wp\/v2\/posts\/50583\/revisions"}],"wp:featuredmedia":[{"embeddable":true,"href":"https:\/\/www.iemj.org\/it\/wp-json\/wp\/v2\/media\/50584"}],"wp:attachment":[{"href":"https:\/\/www.iemj.org\/it\/wp-json\/wp\/v2\/media?parent=50583"}],"wp:term":[{"taxonomy":"category","embeddable":true,"href":"https:\/\/www.iemj.org\/it\/wp-json\/wp\/v2\/categories?post=50583"},{"taxonomy":"post_tag","embeddable":true,"href":"https:\/\/www.iemj.org\/it\/wp-json\/wp\/v2\/tags?post=50583"},{"taxonomy":"technique","embeddable":true,"href":"https:\/\/www.iemj.org\/it\/wp-json\/wp\/v2\/technique?post=50583"},{"taxonomy":"squelettes","embeddable":true,"href":"https:\/\/www.iemj.org\/it\/wp-json\/wp\/v2\/squelettes?post=50583"},{"taxonomy":"sujet","embeddable":true,"href":"https:\/\/www.iemj.org\/it\/wp-json\/wp\/v2\/sujet?post=50583"},{"taxonomy":"formation","embeddable":true,"href":"https:\/\/www.iemj.org\/it\/wp-json\/wp\/v2\/formation?post=50583"},{"taxonomy":"genre","embeddable":true,"href":"https:\/\/www.iemj.org\/it\/wp-json\/wp\/v2\/genre?post=50583"},{"taxonomy":"fonds","embeddable":true,"href":"https:\/\/www.iemj.org\/it\/wp-json\/wp\/v2\/fonds?post=50583"},{"taxonomy":"tradition","embeddable":true,"href":"https:\/\/www.iemj.org\/it\/wp-json\/wp\/v2\/tradition?post=50583"},{"taxonomy":"type-de-contenu","embeddable":true,"href":"https:\/\/www.iemj.org\/it\/wp-json\/wp\/v2\/type-de-contenu?post=50583"},{"taxonomy":"interprete-compositeur","embeddable":true,"href":"https:\/\/www.iemj.org\/it\/wp-json\/wp\/v2\/interprete-compositeur?post=50583"},{"taxonomy":"frise","embeddable":true,"href":"https:\/\/www.iemj.org\/it\/wp-json\/wp\/v2\/frise?post=50583"},{"taxonomy":"type-devenement","embeddable":true,"href":"https:\/\/www.iemj.org\/it\/wp-json\/wp\/v2\/type-devenement?post=50583"},{"taxonomy":"tableaux-liens-externes","embeddable":true,"href":"https:\/\/www.iemj.org\/it\/wp-json\/wp\/v2\/tableaux-liens-externes?post=50583"}],"curies":[{"name":"wp","href":"https:\/\/api.w.org\/{rel}","templated":true}]}}