{"id":50890,"date":"2017-03-01T12:49:45","date_gmt":"2017-03-01T11:49:45","guid":{"rendered":"https:\/\/www.iemj.org\/du-salon-au-front-fernand-halphen-1872-1917-compositeur-mecene-et-chef-de-musique-militaire\/"},"modified":"2023-09-13T14:40:53","modified_gmt":"2023-09-13T12:40:53","slug":"du-salon-au-front-fernand-halphen-1872-1917-compositeur-mecene-et-chef-de-musique-militaire","status":"publish","type":"post","link":"https:\/\/www.iemj.org\/it\/du-salon-au-front-fernand-halphen-1872-1917-compositeur-mecene-et-chef-de-musique-militaire\/","title":{"rendered":"Dal salotto al fronte di guerra : Fernand Halphen (1872 &#8211; 1917), compositore, mecene e direttore d&#8217;orchestra di musica militare"},"content":{"rendered":"<p>Un lavoro collettivo pubblicato nell&#8217;aprile 2017 sotto la direzione di Laure Schnapper, con la collaborazione di Pierre-Andr\u00e9 Meyer &#8211; Prefazione di Herv\u00e9 Roten, sotto l&#8217;egida dell&#8217;EHESS, dell&#8217;IEMJ e dell&#8217;associazione Yuval, presso le \u00c9ditions Hermann, in occasione del centenario della morte di Fernand Halphen (1872-1917), compositore e mecenate morto per la Francia nel 1917.<\/p>\n<p><!--more--><\/p>\n<p>Cento anni fa, <a href=\"https:\/\/www.iemj.org\/halphen-fernand-1872-1917\/\">Fernand Halphen<\/a> moriva per una malattia contratta al fronte. Nulla predestinava questo figlio di una ricca famiglia israelita parigina a creare e dirigere per due anni e mezzo l&#8217;orchestra ufficiale dell&#8217;armata del nord; le melodie e la musica da camera da lui composte riflettono l&#8217;atmosfera raffinata dei salotti della 3a Repubblica, l&#8217;epoca d&#8217;oro della melodia francese.<\/p>\n<p>La ricca collezione d&#8217;archivio che aveva raccolto ci permette di ripercorrere con precisione il percorso di un compositore francese in un&#8217;epoca dominata dalla moda wagneriana e dall&#8217;affare Dreyfus. Vicino a G. Faur\u00e9 e studente al Conservatorio, dove lavora a fianco di R. Hahn, H. B\u00fcsser, A. Cortot, Ch. Koechlin ed E. Risler, prima di ottenere il 2 \u00b0 Prix de Rome, aiuta finanziariamente i musicisti durante tutta la sua vita. e anche oltre, prevedendo un importante lascito a favore degli studenti del Conservatorio, istituito e sostenuto dalla vedova Alice.<\/p>\n<h3><a href=\"https:\/\/www.iemj.org\/en\/product\/du-salon-au-front-fernand-halphen-1872-1917\/\" target=\"_blank\" rel=\"noopener\"><strong>Pedir el libro en nuestra tienda online<\/strong><\/a><\/h3>\n<p>&#8212;&#8212;&#8212;&#8212;&#8212;&#8212;&#8212;&#8212;&#8212;&#8212;<\/p>\n<h3>Tabella dei contenuti<\/h3>\n<p style=\"text-align: left;\">Prefazione di Herv\u00e9 Roten<\/p>\n<p style=\"text-align: left;\">Introduzione e ringraziamenti di Laure Schnapper<\/p>\n<p style=\"text-align: left;\">Parte 1: una famiglia dell&#8217;\u00e9lite ebraica parigina<br \/>\n&#8211; Pierre-Andr\u00e9 Meyer, <em>L&#8217;ascensione di una famiglia ebraica: Georges Halphen e Henriette Stern, i genitori<\/em><br \/>\n&#8211; Basile Baudez, <em>Le residenze di Fernand Halphen<\/em><\/p>\n<p style=\"text-align: left;\">Parte 2: Gli anni di formazione ed i \u00a0rapporti con i musicisti<br \/>\n&#8211; Laure Schnapper, <em>La classe di composizione del Conservatorio e l&#8217;amicizia con Faur\u00e9<\/em><br \/>\n&#8211; Jean-Christophe Branger e Philippe Blay, <em>Intorno a Massenet: Fernand Halphen, Reynaldo Hahn e Edouard Risler<\/em><\/p>\n<p style=\"text-align: left;\">\u00a03a parte: le opere<br \/>\n&#8211; Fran\u00e7ois Le Roux, <em>Le melodie: il punto di vista di un interprete<\/em><br \/>\n&#8211; Alexis Galp\u00e9rine, <em>Halphen od un ipotetico violino ebreo francese<\/em><br \/>\n&#8211; St\u00e9phanie Moraly, <em>La musica da camera<\/em><\/p>\n<p style=\"text-align: left;\">Parte 4: La Grande Guerra<br \/>\n&#8211; Laure Schnapper, <em>Il direttore d&#8217;orchestra del 13 \u00b0 reggimento di fanteria territoriale<\/em><\/p>\n<h3>&#8212;&#8212;&#8212;&#8212;&#8212;&#8212;&#8212;&#8212;&#8212;<\/h3>\n<h3>Pressbook (in francese):<\/h3>\n<p><em><a href=\"https:\/\/www.nonfiction.fr\/article-8958-un_muscien_dans_la_grande_guerre.htm\">Un musicien dans la grande Guerre<\/a>,<\/em> article de St\u00e9phane Leteur\u00e9<\/p>\n<p><a href=\"https:\/\/www.europalibera.org\/a\/agenda-culturala-george-enescu-si-fernand-halphen-victor-eskenasy\/29046907.html\">Article de Victor Eskenasy<\/a> sur Radio Europa Libera du 20 f\u00e9vrier 2018<\/p>\n<p><a href=\"https:\/\/www.iemj.org\/IMG\/pdf\/f._halphen_clot_l_annee_de_l_iemj_-_actualite_juive_no1461_-_4_janvier_2018.pdf\">F. Halphen cl\u00f4t l&#8217;ann\u00e9e de l&#8217;IEMJ<\/a> &#8211; Actualit\u00e9 Juive N\u00b01461 &#8211; 4 janvier 2018 &#8211; article de Monique Feldstein<\/p>\n<p><a href=\"https:\/\/www.rncm.ac.uk\/fr\/paris-manchester-1918\/musiciens-au-front-musiciens-larriere\/fernand-halphen\/\">Article paru dans le cadre de l\u2019exposition virtuelle <strong>Paris-Manchester 1918<\/strong><\/a> propos\u00e9e par le Conservatoire de Paris et le Royal College de Manchester.<\/p>\n<p><a href=\"https:\/\/www.iemj.org\/IMG\/pdf\/f_halphen_recension_genealo-j_no131_automne_2017.pdf\">Recension G\u00e9n\u00e9aloJ n\u00b0 131<\/a><\/p>\n<p><a href=\"https:\/\/www.iemj.org\/IMG\/pdf\/article_gaussin_la_lettre_du_musicien_no493_mai_2017.pdf\">Article de Fr\u00e9d\u00e9ric Gaussin<\/a>, La lettre du Musicien n\u00b0493<\/p>\n<p><a href=\"https:\/\/www.iemj.org\/wp-content\/uploads\/2017\/03\/cr-halphen_par_joel-marie_fauquet_-_revue_de_musicologie_tome_105_-_2019_no1.pdf\">Compte rendu Fernand Halphen par Jo\u00ebl-Marie Fauquet &#8211; Revue de Musicologie Tome 105 &#8211; 2019 n\u00b01<\/a><\/p>\n","protected":false},"excerpt":{"rendered":"<p>Un lavoro collettivo pubblicato nell&#8217;aprile 2017 sotto la direzione di Laure Schnapper, con la collaborazione di Pierre-Andr\u00e9 Meyer &#8211; Prefazione di Herv\u00e9 Roten, sotto l&#8217;egida dell&#8217;EHESS, dell&#8217;IEMJ e dell&#8217;associazione Yuval,<\/p>\n","protected":false},"author":5,"featured_media":114583,"comment_status":"closed","ping_status":"open","sticky":false,"template":"","format":"standard","meta":{"_acf_changed":false,"footnotes":""},"categories":[1401],"tags":[],"technique":[],"squelettes":[],"sujet":[],"formation":[],"genre":[],"fonds":[],"tradition":[],"type-de-contenu":[],"interprete-compositeur":[3160],"frise":[],"type-devenement":[],"tableaux-liens-externes":[],"class_list":["post-50890","post","type-post","status-publish","format-standard","has-post-thumbnail","hentry","category-libri-iemj-it","interprete-compositeur-fernand-halphen-it"],"acf":[],"yoast_head":"<!-- This site is optimized with the Yoast SEO plugin v27.3 - https:\/\/yoast.com\/product\/yoast-seo-wordpress\/ -->\n<title>Dal salotto al fronte di guerra : Fernand Halphen (1872 - 1917), compositore, mecene e direttore d&#039;orchestra di musica militare - Institut Europ\u00e9en des Musiques Juives<\/title>\n<meta name=\"robots\" content=\"index, follow, max-snippet:-1, max-image-preview:large, max-video-preview:-1\" \/>\n<link rel=\"canonical\" href=\"https:\/\/www.iemj.org\/it\/du-salon-au-front-fernand-halphen-1872-1917-compositeur-mecene-et-chef-de-musique-militaire\/\" \/>\n<meta property=\"og:locale\" content=\"it_IT\" \/>\n<meta property=\"og:type\" content=\"article\" \/>\n<meta property=\"og:title\" content=\"Dal salotto al fronte di guerra : Fernand Halphen (1872 - 1917), compositore, mecene e direttore d&#039;orchestra di musica militare - Institut Europ\u00e9en des Musiques Juives\" \/>\n<meta property=\"og:description\" content=\"Un lavoro collettivo pubblicato nell&#8217;aprile 2017 sotto la direzione di Laure Schnapper, con la collaborazione di Pierre-Andr\u00e9 Meyer &#8211; Prefazione di Herv\u00e9 Roten, sotto l&#8217;egida dell&#8217;EHESS, dell&#8217;IEMJ e dell&#8217;associazione Yuval,\" \/>\n<meta property=\"og:url\" content=\"https:\/\/www.iemj.org\/it\/du-salon-au-front-fernand-halphen-1872-1917-compositeur-mecene-et-chef-de-musique-militaire\/\" \/>\n<meta property=\"og:site_name\" content=\"Institut Europ\u00e9en des Musiques Juives\" \/>\n<meta property=\"article:publisher\" content=\"https:\/\/www.facebook.com\/MusiquesJuives\/\" \/>\n<meta property=\"article:published_time\" content=\"2017-03-01T11:49:45+00:00\" \/>\n<meta property=\"article:modified_time\" content=\"2023-09-13T12:40:53+00:00\" \/>\n<meta property=\"og:image\" content=\"https:\/\/www.iemj.org\/wp-content\/uploads\/2017\/03\/Logo-Livre-du-Salon-au-front_Halphen.jpg\" \/>\n\t<meta property=\"og:image:width\" content=\"500\" \/>\n\t<meta property=\"og:image:height\" content=\"500\" \/>\n\t<meta property=\"og:image:type\" content=\"image\/jpeg\" \/>\n<meta name=\"author\" content=\"Jacqueline ROTEN\" \/>\n<meta name=\"twitter:card\" content=\"summary_large_image\" \/>\n<meta name=\"twitter:label1\" content=\"Scritto da\" \/>\n\t<meta name=\"twitter:data1\" content=\"Jacqueline ROTEN\" \/>\n\t<meta name=\"twitter:label2\" content=\"Tempo di lettura stimato\" \/>\n\t<meta name=\"twitter:data2\" content=\"3 minuti\" \/>\n<script type=\"application\/ld+json\" class=\"yoast-schema-graph\">{\"@context\":\"https:\\\/\\\/schema.org\",\"@graph\":[{\"@type\":\"Article\",\"@id\":\"https:\\\/\\\/www.iemj.org\\\/it\\\/du-salon-au-front-fernand-halphen-1872-1917-compositeur-mecene-et-chef-de-musique-militaire\\\/#article\",\"isPartOf\":{\"@id\":\"https:\\\/\\\/www.iemj.org\\\/it\\\/du-salon-au-front-fernand-halphen-1872-1917-compositeur-mecene-et-chef-de-musique-militaire\\\/\"},\"author\":{\"name\":\"Jacqueline ROTEN\",\"@id\":\"https:\\\/\\\/www.iemj.org\\\/it\\\/#\\\/schema\\\/person\\\/358e26c18aca017fcc4cc15437f7279c\"},\"headline\":\"Dal salotto al fronte di guerra : Fernand Halphen (1872 &#8211; 1917), compositore, mecene e direttore d&#8217;orchestra di musica militare\",\"datePublished\":\"2017-03-01T11:49:45+00:00\",\"dateModified\":\"2023-09-13T12:40:53+00:00\",\"mainEntityOfPage\":{\"@id\":\"https:\\\/\\\/www.iemj.org\\\/it\\\/du-salon-au-front-fernand-halphen-1872-1917-compositeur-mecene-et-chef-de-musique-militaire\\\/\"},\"wordCount\":476,\"publisher\":{\"@id\":\"https:\\\/\\\/www.iemj.org\\\/it\\\/#organization\"},\"image\":{\"@id\":\"https:\\\/\\\/www.iemj.org\\\/it\\\/du-salon-au-front-fernand-halphen-1872-1917-compositeur-mecene-et-chef-de-musique-militaire\\\/#primaryimage\"},\"thumbnailUrl\":\"https:\\\/\\\/www.iemj.org\\\/wp-content\\\/uploads\\\/2017\\\/03\\\/Logo-Livre-du-Salon-au-front_Halphen.jpg\",\"articleSection\":[\"Libri IEMJ\"],\"inLanguage\":\"it-IT\"},{\"@type\":\"WebPage\",\"@id\":\"https:\\\/\\\/www.iemj.org\\\/it\\\/du-salon-au-front-fernand-halphen-1872-1917-compositeur-mecene-et-chef-de-musique-militaire\\\/\",\"url\":\"https:\\\/\\\/www.iemj.org\\\/it\\\/du-salon-au-front-fernand-halphen-1872-1917-compositeur-mecene-et-chef-de-musique-militaire\\\/\",\"name\":\"Dal salotto al fronte di guerra : Fernand Halphen (1872 - 1917), compositore, mecene e direttore d'orchestra di musica militare - Institut Europ\u00e9en des Musiques Juives\",\"isPartOf\":{\"@id\":\"https:\\\/\\\/www.iemj.org\\\/it\\\/#website\"},\"primaryImageOfPage\":{\"@id\":\"https:\\\/\\\/www.iemj.org\\\/it\\\/du-salon-au-front-fernand-halphen-1872-1917-compositeur-mecene-et-chef-de-musique-militaire\\\/#primaryimage\"},\"image\":{\"@id\":\"https:\\\/\\\/www.iemj.org\\\/it\\\/du-salon-au-front-fernand-halphen-1872-1917-compositeur-mecene-et-chef-de-musique-militaire\\\/#primaryimage\"},\"thumbnailUrl\":\"https:\\\/\\\/www.iemj.org\\\/wp-content\\\/uploads\\\/2017\\\/03\\\/Logo-Livre-du-Salon-au-front_Halphen.jpg\",\"datePublished\":\"2017-03-01T11:49:45+00:00\",\"dateModified\":\"2023-09-13T12:40:53+00:00\",\"breadcrumb\":{\"@id\":\"https:\\\/\\\/www.iemj.org\\\/it\\\/du-salon-au-front-fernand-halphen-1872-1917-compositeur-mecene-et-chef-de-musique-militaire\\\/#breadcrumb\"},\"inLanguage\":\"it-IT\",\"potentialAction\":[{\"@type\":\"ReadAction\",\"target\":[\"https:\\\/\\\/www.iemj.org\\\/it\\\/du-salon-au-front-fernand-halphen-1872-1917-compositeur-mecene-et-chef-de-musique-militaire\\\/\"]}]},{\"@type\":\"ImageObject\",\"inLanguage\":\"it-IT\",\"@id\":\"https:\\\/\\\/www.iemj.org\\\/it\\\/du-salon-au-front-fernand-halphen-1872-1917-compositeur-mecene-et-chef-de-musique-militaire\\\/#primaryimage\",\"url\":\"https:\\\/\\\/www.iemj.org\\\/wp-content\\\/uploads\\\/2017\\\/03\\\/Logo-Livre-du-Salon-au-front_Halphen.jpg\",\"contentUrl\":\"https:\\\/\\\/www.iemj.org\\\/wp-content\\\/uploads\\\/2017\\\/03\\\/Logo-Livre-du-Salon-au-front_Halphen.jpg\",\"width\":500,\"height\":500},{\"@type\":\"BreadcrumbList\",\"@id\":\"https:\\\/\\\/www.iemj.org\\\/it\\\/du-salon-au-front-fernand-halphen-1872-1917-compositeur-mecene-et-chef-de-musique-militaire\\\/#breadcrumb\",\"itemListElement\":[{\"@type\":\"ListItem\",\"position\":1,\"name\":\"Accueil\",\"item\":\"https:\\\/\\\/www.iemj.org\\\/it\\\/\"},{\"@type\":\"ListItem\",\"position\":2,\"name\":\"Dal salotto al fronte di guerra : Fernand Halphen (1872 &#8211; 1917), compositore, mecene e direttore d&rsquo;orchestra di musica militare\"}]},{\"@type\":\"WebSite\",\"@id\":\"https:\\\/\\\/www.iemj.org\\\/it\\\/#website\",\"url\":\"https:\\\/\\\/www.iemj.org\\\/it\\\/\",\"name\":\"Institut Europ\u00e9en des Musiques Juives\",\"description\":\"Des traditions musicales \u00e0 la port\u00e9e de tous\",\"publisher\":{\"@id\":\"https:\\\/\\\/www.iemj.org\\\/it\\\/#organization\"},\"potentialAction\":[{\"@type\":\"SearchAction\",\"target\":{\"@type\":\"EntryPoint\",\"urlTemplate\":\"https:\\\/\\\/www.iemj.org\\\/it\\\/?s={search_term_string}\"},\"query-input\":{\"@type\":\"PropertyValueSpecification\",\"valueRequired\":true,\"valueName\":\"search_term_string\"}}],\"inLanguage\":\"it-IT\"},{\"@type\":\"Organization\",\"@id\":\"https:\\\/\\\/www.iemj.org\\\/it\\\/#organization\",\"name\":\"Institut Europ\u00e9en des Musiques Juives\",\"url\":\"https:\\\/\\\/www.iemj.org\\\/it\\\/\",\"logo\":{\"@type\":\"ImageObject\",\"inLanguage\":\"it-IT\",\"@id\":\"https:\\\/\\\/www.iemj.org\\\/it\\\/#\\\/schema\\\/logo\\\/image\\\/\",\"url\":\"https:\\\/\\\/www.iemj.org\\\/wp-content\\\/uploads\\\/2021\\\/09\\\/Logo-IEMJ-Paypal.jpg\",\"contentUrl\":\"https:\\\/\\\/www.iemj.org\\\/wp-content\\\/uploads\\\/2021\\\/09\\\/Logo-IEMJ-Paypal.jpg\",\"width\":150,\"height\":50,\"caption\":\"Institut Europ\u00e9en des Musiques Juives\"},\"image\":{\"@id\":\"https:\\\/\\\/www.iemj.org\\\/it\\\/#\\\/schema\\\/logo\\\/image\\\/\"},\"sameAs\":[\"https:\\\/\\\/www.facebook.com\\\/MusiquesJuives\\\/\",\"https:\\\/\\\/www.instagram.com\\\/musiquesjuives\\\/\",\"https:\\\/\\\/www.youtube.com\\\/user\\\/musiquesjuives\"]},{\"@type\":\"Person\",\"@id\":\"https:\\\/\\\/www.iemj.org\\\/it\\\/#\\\/schema\\\/person\\\/358e26c18aca017fcc4cc15437f7279c\",\"name\":\"Jacqueline ROTEN\",\"image\":{\"@type\":\"ImageObject\",\"inLanguage\":\"it-IT\",\"@id\":\"https:\\\/\\\/secure.gravatar.com\\\/avatar\\\/5964256d6c6957de3a3505278957e0fb2a35119ac47ea41827a65301213c810b?s=96&d=mm&r=g\",\"url\":\"https:\\\/\\\/secure.gravatar.com\\\/avatar\\\/5964256d6c6957de3a3505278957e0fb2a35119ac47ea41827a65301213c810b?s=96&d=mm&r=g\",\"contentUrl\":\"https:\\\/\\\/secure.gravatar.com\\\/avatar\\\/5964256d6c6957de3a3505278957e0fb2a35119ac47ea41827a65301213c810b?s=96&d=mm&r=g\",\"caption\":\"Jacqueline ROTEN\"}}]}<\/script>\n<!-- \/ Yoast SEO plugin. -->","yoast_head_json":{"title":"Dal salotto al fronte di guerra : Fernand Halphen (1872 - 1917), compositore, mecene e direttore d'orchestra di musica militare - Institut Europ\u00e9en des Musiques Juives","robots":{"index":"index","follow":"follow","max-snippet":"max-snippet:-1","max-image-preview":"max-image-preview:large","max-video-preview":"max-video-preview:-1"},"canonical":"https:\/\/www.iemj.org\/it\/du-salon-au-front-fernand-halphen-1872-1917-compositeur-mecene-et-chef-de-musique-militaire\/","og_locale":"it_IT","og_type":"article","og_title":"Dal salotto al fronte di guerra : Fernand Halphen (1872 - 1917), compositore, mecene e direttore d'orchestra di musica militare - Institut Europ\u00e9en des Musiques Juives","og_description":"Un lavoro collettivo pubblicato nell&#8217;aprile 2017 sotto la direzione di Laure Schnapper, con la collaborazione di Pierre-Andr\u00e9 Meyer &#8211; Prefazione di Herv\u00e9 Roten, sotto l&#8217;egida dell&#8217;EHESS, dell&#8217;IEMJ e dell&#8217;associazione Yuval,","og_url":"https:\/\/www.iemj.org\/it\/du-salon-au-front-fernand-halphen-1872-1917-compositeur-mecene-et-chef-de-musique-militaire\/","og_site_name":"Institut Europ\u00e9en des Musiques Juives","article_publisher":"https:\/\/www.facebook.com\/MusiquesJuives\/","article_published_time":"2017-03-01T11:49:45+00:00","article_modified_time":"2023-09-13T12:40:53+00:00","og_image":[{"width":500,"height":500,"url":"https:\/\/www.iemj.org\/wp-content\/uploads\/2017\/03\/Logo-Livre-du-Salon-au-front_Halphen.jpg","type":"image\/jpeg"}],"author":"Jacqueline ROTEN","twitter_card":"summary_large_image","twitter_misc":{"Scritto da":"Jacqueline ROTEN","Tempo di lettura stimato":"3 minuti"},"schema":{"@context":"https:\/\/schema.org","@graph":[{"@type":"Article","@id":"https:\/\/www.iemj.org\/it\/du-salon-au-front-fernand-halphen-1872-1917-compositeur-mecene-et-chef-de-musique-militaire\/#article","isPartOf":{"@id":"https:\/\/www.iemj.org\/it\/du-salon-au-front-fernand-halphen-1872-1917-compositeur-mecene-et-chef-de-musique-militaire\/"},"author":{"name":"Jacqueline ROTEN","@id":"https:\/\/www.iemj.org\/it\/#\/schema\/person\/358e26c18aca017fcc4cc15437f7279c"},"headline":"Dal salotto al fronte di guerra : Fernand Halphen (1872 &#8211; 1917), compositore, mecene e direttore d&#8217;orchestra di musica militare","datePublished":"2017-03-01T11:49:45+00:00","dateModified":"2023-09-13T12:40:53+00:00","mainEntityOfPage":{"@id":"https:\/\/www.iemj.org\/it\/du-salon-au-front-fernand-halphen-1872-1917-compositeur-mecene-et-chef-de-musique-militaire\/"},"wordCount":476,"publisher":{"@id":"https:\/\/www.iemj.org\/it\/#organization"},"image":{"@id":"https:\/\/www.iemj.org\/it\/du-salon-au-front-fernand-halphen-1872-1917-compositeur-mecene-et-chef-de-musique-militaire\/#primaryimage"},"thumbnailUrl":"https:\/\/www.iemj.org\/wp-content\/uploads\/2017\/03\/Logo-Livre-du-Salon-au-front_Halphen.jpg","articleSection":["Libri IEMJ"],"inLanguage":"it-IT"},{"@type":"WebPage","@id":"https:\/\/www.iemj.org\/it\/du-salon-au-front-fernand-halphen-1872-1917-compositeur-mecene-et-chef-de-musique-militaire\/","url":"https:\/\/www.iemj.org\/it\/du-salon-au-front-fernand-halphen-1872-1917-compositeur-mecene-et-chef-de-musique-militaire\/","name":"Dal salotto al fronte di guerra : Fernand Halphen (1872 - 1917), compositore, mecene e direttore d'orchestra di musica militare - Institut Europ\u00e9en des Musiques Juives","isPartOf":{"@id":"https:\/\/www.iemj.org\/it\/#website"},"primaryImageOfPage":{"@id":"https:\/\/www.iemj.org\/it\/du-salon-au-front-fernand-halphen-1872-1917-compositeur-mecene-et-chef-de-musique-militaire\/#primaryimage"},"image":{"@id":"https:\/\/www.iemj.org\/it\/du-salon-au-front-fernand-halphen-1872-1917-compositeur-mecene-et-chef-de-musique-militaire\/#primaryimage"},"thumbnailUrl":"https:\/\/www.iemj.org\/wp-content\/uploads\/2017\/03\/Logo-Livre-du-Salon-au-front_Halphen.jpg","datePublished":"2017-03-01T11:49:45+00:00","dateModified":"2023-09-13T12:40:53+00:00","breadcrumb":{"@id":"https:\/\/www.iemj.org\/it\/du-salon-au-front-fernand-halphen-1872-1917-compositeur-mecene-et-chef-de-musique-militaire\/#breadcrumb"},"inLanguage":"it-IT","potentialAction":[{"@type":"ReadAction","target":["https:\/\/www.iemj.org\/it\/du-salon-au-front-fernand-halphen-1872-1917-compositeur-mecene-et-chef-de-musique-militaire\/"]}]},{"@type":"ImageObject","inLanguage":"it-IT","@id":"https:\/\/www.iemj.org\/it\/du-salon-au-front-fernand-halphen-1872-1917-compositeur-mecene-et-chef-de-musique-militaire\/#primaryimage","url":"https:\/\/www.iemj.org\/wp-content\/uploads\/2017\/03\/Logo-Livre-du-Salon-au-front_Halphen.jpg","contentUrl":"https:\/\/www.iemj.org\/wp-content\/uploads\/2017\/03\/Logo-Livre-du-Salon-au-front_Halphen.jpg","width":500,"height":500},{"@type":"BreadcrumbList","@id":"https:\/\/www.iemj.org\/it\/du-salon-au-front-fernand-halphen-1872-1917-compositeur-mecene-et-chef-de-musique-militaire\/#breadcrumb","itemListElement":[{"@type":"ListItem","position":1,"name":"Accueil","item":"https:\/\/www.iemj.org\/it\/"},{"@type":"ListItem","position":2,"name":"Dal salotto al fronte di guerra : Fernand Halphen (1872 &#8211; 1917), compositore, mecene e direttore d&rsquo;orchestra di musica militare"}]},{"@type":"WebSite","@id":"https:\/\/www.iemj.org\/it\/#website","url":"https:\/\/www.iemj.org\/it\/","name":"Institut Europ\u00e9en des Musiques Juives","description":"Des traditions musicales \u00e0 la port\u00e9e de tous","publisher":{"@id":"https:\/\/www.iemj.org\/it\/#organization"},"potentialAction":[{"@type":"SearchAction","target":{"@type":"EntryPoint","urlTemplate":"https:\/\/www.iemj.org\/it\/?s={search_term_string}"},"query-input":{"@type":"PropertyValueSpecification","valueRequired":true,"valueName":"search_term_string"}}],"inLanguage":"it-IT"},{"@type":"Organization","@id":"https:\/\/www.iemj.org\/it\/#organization","name":"Institut Europ\u00e9en des Musiques Juives","url":"https:\/\/www.iemj.org\/it\/","logo":{"@type":"ImageObject","inLanguage":"it-IT","@id":"https:\/\/www.iemj.org\/it\/#\/schema\/logo\/image\/","url":"https:\/\/www.iemj.org\/wp-content\/uploads\/2021\/09\/Logo-IEMJ-Paypal.jpg","contentUrl":"https:\/\/www.iemj.org\/wp-content\/uploads\/2021\/09\/Logo-IEMJ-Paypal.jpg","width":150,"height":50,"caption":"Institut Europ\u00e9en des Musiques Juives"},"image":{"@id":"https:\/\/www.iemj.org\/it\/#\/schema\/logo\/image\/"},"sameAs":["https:\/\/www.facebook.com\/MusiquesJuives\/","https:\/\/www.instagram.com\/musiquesjuives\/","https:\/\/www.youtube.com\/user\/musiquesjuives"]},{"@type":"Person","@id":"https:\/\/www.iemj.org\/it\/#\/schema\/person\/358e26c18aca017fcc4cc15437f7279c","name":"Jacqueline ROTEN","image":{"@type":"ImageObject","inLanguage":"it-IT","@id":"https:\/\/secure.gravatar.com\/avatar\/5964256d6c6957de3a3505278957e0fb2a35119ac47ea41827a65301213c810b?s=96&d=mm&r=g","url":"https:\/\/secure.gravatar.com\/avatar\/5964256d6c6957de3a3505278957e0fb2a35119ac47ea41827a65301213c810b?s=96&d=mm&r=g","contentUrl":"https:\/\/secure.gravatar.com\/avatar\/5964256d6c6957de3a3505278957e0fb2a35119ac47ea41827a65301213c810b?s=96&d=mm&r=g","caption":"Jacqueline ROTEN"}}]}},"_links":{"self":[{"href":"https:\/\/www.iemj.org\/it\/wp-json\/wp\/v2\/posts\/50890","targetHints":{"allow":["GET"]}}],"collection":[{"href":"https:\/\/www.iemj.org\/it\/wp-json\/wp\/v2\/posts"}],"about":[{"href":"https:\/\/www.iemj.org\/it\/wp-json\/wp\/v2\/types\/post"}],"author":[{"embeddable":true,"href":"https:\/\/www.iemj.org\/it\/wp-json\/wp\/v2\/users\/5"}],"replies":[{"embeddable":true,"href":"https:\/\/www.iemj.org\/it\/wp-json\/wp\/v2\/comments?post=50890"}],"version-history":[{"count":0,"href":"https:\/\/www.iemj.org\/it\/wp-json\/wp\/v2\/posts\/50890\/revisions"}],"wp:featuredmedia":[{"embeddable":true,"href":"https:\/\/www.iemj.org\/it\/wp-json\/wp\/v2\/media\/114583"}],"wp:attachment":[{"href":"https:\/\/www.iemj.org\/it\/wp-json\/wp\/v2\/media?parent=50890"}],"wp:term":[{"taxonomy":"category","embeddable":true,"href":"https:\/\/www.iemj.org\/it\/wp-json\/wp\/v2\/categories?post=50890"},{"taxonomy":"post_tag","embeddable":true,"href":"https:\/\/www.iemj.org\/it\/wp-json\/wp\/v2\/tags?post=50890"},{"taxonomy":"technique","embeddable":true,"href":"https:\/\/www.iemj.org\/it\/wp-json\/wp\/v2\/technique?post=50890"},{"taxonomy":"squelettes","embeddable":true,"href":"https:\/\/www.iemj.org\/it\/wp-json\/wp\/v2\/squelettes?post=50890"},{"taxonomy":"sujet","embeddable":true,"href":"https:\/\/www.iemj.org\/it\/wp-json\/wp\/v2\/sujet?post=50890"},{"taxonomy":"formation","embeddable":true,"href":"https:\/\/www.iemj.org\/it\/wp-json\/wp\/v2\/formation?post=50890"},{"taxonomy":"genre","embeddable":true,"href":"https:\/\/www.iemj.org\/it\/wp-json\/wp\/v2\/genre?post=50890"},{"taxonomy":"fonds","embeddable":true,"href":"https:\/\/www.iemj.org\/it\/wp-json\/wp\/v2\/fonds?post=50890"},{"taxonomy":"tradition","embeddable":true,"href":"https:\/\/www.iemj.org\/it\/wp-json\/wp\/v2\/tradition?post=50890"},{"taxonomy":"type-de-contenu","embeddable":true,"href":"https:\/\/www.iemj.org\/it\/wp-json\/wp\/v2\/type-de-contenu?post=50890"},{"taxonomy":"interprete-compositeur","embeddable":true,"href":"https:\/\/www.iemj.org\/it\/wp-json\/wp\/v2\/interprete-compositeur?post=50890"},{"taxonomy":"frise","embeddable":true,"href":"https:\/\/www.iemj.org\/it\/wp-json\/wp\/v2\/frise?post=50890"},{"taxonomy":"type-devenement","embeddable":true,"href":"https:\/\/www.iemj.org\/it\/wp-json\/wp\/v2\/type-devenement?post=50890"},{"taxonomy":"tableaux-liens-externes","embeddable":true,"href":"https:\/\/www.iemj.org\/it\/wp-json\/wp\/v2\/tableaux-liens-externes?post=50890"}],"curies":[{"name":"wp","href":"https:\/\/api.w.org\/{rel}","templated":true}]}}