{"id":51098,"date":"2012-11-26T17:55:08","date_gmt":"2012-11-26T16:55:08","guid":{"rendered":"https:\/\/www.iemj.org\/schwartz-abe-1881-1963\/"},"modified":"2021-09-21T14:16:52","modified_gmt":"2021-09-21T12:16:52","slug":"schwartz-abe-1881-1963","status":"publish","type":"post","link":"https:\/\/www.iemj.org\/it\/schwartz-abe-1881-1963\/","title":{"rendered":"Schwartz, Abe (1881-1963)"},"content":{"rendered":"<p>Abe (Abraham) Schwartz \u00e8 stato uno dei direttori d&#8217;orchestra ebrei pi\u00f9 conosciuti e registrati per decenni nella zona di New York. Era anche un noto violinista dell&#8217;orchestra da ballo. La sua fama nazionale, ed anche internazionale, come direttore d&#8217;orchestra klezmer deriva dalle registrazioni delle sue varie orchestre dai diversi nomi.<\/p>\n<p>Ha emigrato negli Stati Uniti con i suoi genitori nel 1899, all&#8217;et\u00e0 di 18 anni, dopo aver trascorso la sua infanzia in Romania, vicino a Bucarest, dove evidentemente ha acquisito da solo le sue conoscenze musicali. Dopo aver stabilito la sua reputazione come direttore di danza nei circoli ebraici di New York, \u00e8 il giorno in cui \u00e8 stato assunto per supervisionare le sessioni di registrazione strumentale per la casa discografica Columbia che ha segnato il suo ingresso nell&#8217;industria discografica.<\/p>\n<p>\u00c8 anche in questo periodo (circa 1917) che la sua carriera in studio \u00e8 stata lanciata con l&#8217;uscita di due brani di danza cisiddetta russa: uno sher ed un bulgar , suonati dalla sua Oriental Orchestra. Nessuna di queste canzoni era russa, ma la percezione esotica della &#8220;Russia misteriosa&#8221; che era di moda all&#8217;epoca faceva sentire tutto come fosse orientale. Gli editori di spartiti e le case discografiche dell&#8217;epoca si rivolgevano a dei musicisti ebrei immigrati per presentarli come autentici portatori di &#8220;nuove&#8221; tonalit\u00e0. Questi compositori e arrangiatori, presunti essere &#8220;recentemente sbarcati dalla Russia&#8221; anche se la maggior parte di loro veniva dall&#8217;Ucraina, Bielorussia, Galizia, Polonia, Romania o Bessarabia, erano visti come trasmettitori di cultura. Inoltre, molti di questi musicisti ebrei suonavano con musicisti zingari, rumeni o russi e finivano per assimilare una parte del loro stile. Ed ancora, molte di queste melodie o stili erano semplicemente quelle suonate dai klezmorim in varie parti dell&#8217;Europa dell&#8217;Est, indipendentemente da qualsiasi alterazione precedente rispetto alle loro tradizioni originali. Schwartz, dopo questa prima registrazione, ha continuato a dirigere orchestre per altre sei registrazioni nel 1917, compresa la famosa Tants Tants Yiddelech, uno dei primissimi &#8220;successi&#8221; klezmer che da allora \u00e8 stato ripreso molte volte da diversi artisti in diverse versioni, compresa la ben nota &#8220;Tire l&#8217;Aiguille&#8221; di Renee Lebas.<\/p>\n<p>Come molti klezmorim prima di lui (e dopo), ha scritto e si \u00e8 esibito per il teatro yiddish e nel solo 1920, ha curato e registrato oltre 35 melodie klezmer, tra cui shers, bulgars, freilachs e khosidls. Alcune di queste sono composte da lui, come &#8220;A Glass of Wine&#8221;, altre erano melodie tradizionali.<\/p>\n<p>Pur avendo spesso registrato con la sua orchestra e altri ensemble, tra le sue migliori registrazioni lo troviamo accompagnato semplicemente al piano da sua figlia Sylvia, allora dodicenne.<\/p>\n<p>L\u2019industria discografica americana arriva persino a considerarlo, ma non ufficialmente, come un A&amp;R (talent scout) (A&amp;R essendo l\u2019acronimo per <em>Artistes &amp; Repertoire<\/em> che rappresenta la sezione responsabile della ricerca di talenti all\u2019interno di una casa discografica o di una societ\u00e0 d\u2019edizioni musicali), e che porter\u00e0 alla registrazione di un certo numero di giovani artisti, tra cui Naftule Brandwein e Dave Tarras.<\/p>\n<p><a href=\"http:\/\/www.rachelnet.net\/F\/?func=find-c&amp;ccl_term=WRD+%3D+abe+Schwartz&amp;local_base=iemcg\" target=\"_blank\" rel=\"noopener\">Consultare le nostre archivi su Abe Schwartz<\/a><\/p>\n\n\n<div class=\"wp-block-columns is-layout-flex wp-container-core-columns-is-layout-9d6595d7 wp-block-columns-is-layout-flex\">\n<div class=\"wp-block-column is-layout-flow wp-block-column-is-layout-flow\">\n<figure class=\"wp-block-embed is-type-video is-provider-youtube wp-block-embed-youtube wp-embed-aspect-4-3 wp-has-aspect-ratio\"><div class=\"wp-block-embed__wrapper\">\n<iframe title=\"Abe Schwartz &amp; his Orchestra - Sher medley (classic klezmer)\" width=\"640\" height=\"480\" src=\"https:\/\/www.youtube.com\/embed\/xtOZGvu6j-g?feature=oembed\" frameborder=\"0\" allow=\"accelerometer; autoplay; clipboard-write; encrypted-media; gyroscope; picture-in-picture; web-share\" referrerpolicy=\"strict-origin-when-cross-origin\" allowfullscreen><\/iframe>\n<\/div><\/figure>\n<\/div>\n<\/div>\n","protected":false},"excerpt":{"rendered":"<p>Abe (Abraham) Schwartz \u00e8 stato uno dei direttori d&#8217;orchestra ebrei pi\u00f9 conosciuti e registrati per decenni nella zona di New York. Era anche un noto violinista dell&#8217;orchestra da ballo. La<\/p>\n","protected":false},"author":1045,"featured_media":51099,"comment_status":"closed","ping_status":"closed","sticky":false,"template":"","format":"standard","meta":{"_acf_changed":false,"footnotes":""},"categories":[1416],"tags":[],"technique":[],"squelettes":[],"sujet":[],"formation":[],"genre":[1874],"fonds":[],"tradition":[],"type-de-contenu":[],"interprete-compositeur":[],"frise":[],"type-devenement":[],"tableaux-liens-externes":[],"class_list":["post-51098","post","type-post","status-publish","format-standard","has-post-thumbnail","hentry","category-biografie-it","genre-klezmer-it"],"acf":[],"yoast_head":"<!-- This site is optimized with the Yoast SEO plugin v27.3 - https:\/\/yoast.com\/product\/yoast-seo-wordpress\/ -->\n<title>Schwartz, Abe (1881-1963) - Institut Europ\u00e9en des Musiques Juives<\/title>\n<meta name=\"robots\" content=\"index, follow, max-snippet:-1, max-image-preview:large, max-video-preview:-1\" \/>\n<link rel=\"canonical\" href=\"https:\/\/www.iemj.org\/it\/schwartz-abe-1881-1963\/\" \/>\n<meta property=\"og:locale\" content=\"it_IT\" \/>\n<meta property=\"og:type\" content=\"article\" \/>\n<meta property=\"og:title\" content=\"Schwartz, Abe (1881-1963) - Institut Europ\u00e9en des Musiques Juives\" \/>\n<meta property=\"og:description\" content=\"Abe (Abraham) Schwartz \u00e8 stato uno dei direttori d&#8217;orchestra ebrei pi\u00f9 conosciuti e registrati per decenni nella zona di New York. Era anche un noto violinista dell&#8217;orchestra da ballo. La\" \/>\n<meta property=\"og:url\" content=\"https:\/\/www.iemj.org\/it\/schwartz-abe-1881-1963\/\" \/>\n<meta property=\"og:site_name\" content=\"Institut Europ\u00e9en des Musiques Juives\" \/>\n<meta property=\"article:publisher\" content=\"https:\/\/www.facebook.com\/MusiquesJuives\/\" \/>\n<meta property=\"article:published_time\" content=\"2012-11-26T16:55:08+00:00\" \/>\n<meta property=\"article:modified_time\" content=\"2021-09-21T12:16:52+00:00\" \/>\n<meta property=\"og:image\" content=\"https:\/\/www.iemj.org\/wp-content\/uploads\/2012\/11\/arton588-e1617031040177.jpg\" \/>\n\t<meta property=\"og:image:width\" content=\"174\" \/>\n\t<meta property=\"og:image:height\" content=\"218\" \/>\n\t<meta property=\"og:image:type\" content=\"image\/jpeg\" \/>\n<meta name=\"author\" content=\"Herv\u00e9 Roten\" \/>\n<meta name=\"twitter:card\" content=\"summary_large_image\" \/>\n<meta name=\"twitter:label1\" content=\"Scritto da\" \/>\n\t<meta name=\"twitter:data1\" content=\"Herv\u00e9 Roten\" \/>\n\t<meta name=\"twitter:label2\" content=\"Tempo di lettura stimato\" \/>\n\t<meta name=\"twitter:data2\" content=\"3 minuti\" \/>\n<script type=\"application\/ld+json\" class=\"yoast-schema-graph\">{\"@context\":\"https:\\\/\\\/schema.org\",\"@graph\":[{\"@type\":\"Article\",\"@id\":\"https:\\\/\\\/www.iemj.org\\\/it\\\/schwartz-abe-1881-1963\\\/#article\",\"isPartOf\":{\"@id\":\"https:\\\/\\\/www.iemj.org\\\/it\\\/schwartz-abe-1881-1963\\\/\"},\"author\":{\"name\":\"Herv\u00e9 Roten\",\"@id\":\"https:\\\/\\\/www.iemj.org\\\/it\\\/#\\\/schema\\\/person\\\/906134402c29d5c76e7b726261dd4bbd\"},\"headline\":\"Schwartz, Abe (1881-1963)\",\"datePublished\":\"2012-11-26T16:55:08+00:00\",\"dateModified\":\"2021-09-21T12:16:52+00:00\",\"mainEntityOfPage\":{\"@id\":\"https:\\\/\\\/www.iemj.org\\\/it\\\/schwartz-abe-1881-1963\\\/\"},\"wordCount\":512,\"publisher\":{\"@id\":\"https:\\\/\\\/www.iemj.org\\\/it\\\/#organization\"},\"image\":{\"@id\":\"https:\\\/\\\/www.iemj.org\\\/it\\\/schwartz-abe-1881-1963\\\/#primaryimage\"},\"thumbnailUrl\":\"https:\\\/\\\/www.iemj.org\\\/wp-content\\\/uploads\\\/2012\\\/11\\\/arton588-e1617031040177.jpg\",\"articleSection\":[\"Biografie\"],\"inLanguage\":\"it-IT\"},{\"@type\":\"WebPage\",\"@id\":\"https:\\\/\\\/www.iemj.org\\\/it\\\/schwartz-abe-1881-1963\\\/\",\"url\":\"https:\\\/\\\/www.iemj.org\\\/it\\\/schwartz-abe-1881-1963\\\/\",\"name\":\"Schwartz, Abe (1881-1963) - Institut Europ\u00e9en des Musiques Juives\",\"isPartOf\":{\"@id\":\"https:\\\/\\\/www.iemj.org\\\/it\\\/#website\"},\"primaryImageOfPage\":{\"@id\":\"https:\\\/\\\/www.iemj.org\\\/it\\\/schwartz-abe-1881-1963\\\/#primaryimage\"},\"image\":{\"@id\":\"https:\\\/\\\/www.iemj.org\\\/it\\\/schwartz-abe-1881-1963\\\/#primaryimage\"},\"thumbnailUrl\":\"https:\\\/\\\/www.iemj.org\\\/wp-content\\\/uploads\\\/2012\\\/11\\\/arton588-e1617031040177.jpg\",\"datePublished\":\"2012-11-26T16:55:08+00:00\",\"dateModified\":\"2021-09-21T12:16:52+00:00\",\"breadcrumb\":{\"@id\":\"https:\\\/\\\/www.iemj.org\\\/it\\\/schwartz-abe-1881-1963\\\/#breadcrumb\"},\"inLanguage\":\"it-IT\",\"potentialAction\":[{\"@type\":\"ReadAction\",\"target\":[\"https:\\\/\\\/www.iemj.org\\\/it\\\/schwartz-abe-1881-1963\\\/\"]}]},{\"@type\":\"ImageObject\",\"inLanguage\":\"it-IT\",\"@id\":\"https:\\\/\\\/www.iemj.org\\\/it\\\/schwartz-abe-1881-1963\\\/#primaryimage\",\"url\":\"https:\\\/\\\/www.iemj.org\\\/wp-content\\\/uploads\\\/2012\\\/11\\\/arton588-e1617031040177.jpg\",\"contentUrl\":\"https:\\\/\\\/www.iemj.org\\\/wp-content\\\/uploads\\\/2012\\\/11\\\/arton588-e1617031040177.jpg\",\"width\":174,\"height\":218},{\"@type\":\"BreadcrumbList\",\"@id\":\"https:\\\/\\\/www.iemj.org\\\/it\\\/schwartz-abe-1881-1963\\\/#breadcrumb\",\"itemListElement\":[{\"@type\":\"ListItem\",\"position\":1,\"name\":\"Accueil\",\"item\":\"https:\\\/\\\/www.iemj.org\\\/it\\\/\"},{\"@type\":\"ListItem\",\"position\":2,\"name\":\"Schwartz, Abe (1881-1963)\"}]},{\"@type\":\"WebSite\",\"@id\":\"https:\\\/\\\/www.iemj.org\\\/it\\\/#website\",\"url\":\"https:\\\/\\\/www.iemj.org\\\/it\\\/\",\"name\":\"Institut Europ\u00e9en des Musiques Juives\",\"description\":\"Des traditions musicales \u00e0 la port\u00e9e de tous\",\"publisher\":{\"@id\":\"https:\\\/\\\/www.iemj.org\\\/it\\\/#organization\"},\"potentialAction\":[{\"@type\":\"SearchAction\",\"target\":{\"@type\":\"EntryPoint\",\"urlTemplate\":\"https:\\\/\\\/www.iemj.org\\\/it\\\/?s={search_term_string}\"},\"query-input\":{\"@type\":\"PropertyValueSpecification\",\"valueRequired\":true,\"valueName\":\"search_term_string\"}}],\"inLanguage\":\"it-IT\"},{\"@type\":\"Organization\",\"@id\":\"https:\\\/\\\/www.iemj.org\\\/it\\\/#organization\",\"name\":\"Institut Europ\u00e9en des Musiques Juives\",\"url\":\"https:\\\/\\\/www.iemj.org\\\/it\\\/\",\"logo\":{\"@type\":\"ImageObject\",\"inLanguage\":\"it-IT\",\"@id\":\"https:\\\/\\\/www.iemj.org\\\/it\\\/#\\\/schema\\\/logo\\\/image\\\/\",\"url\":\"https:\\\/\\\/www.iemj.org\\\/wp-content\\\/uploads\\\/2021\\\/09\\\/Logo-IEMJ-Paypal.jpg\",\"contentUrl\":\"https:\\\/\\\/www.iemj.org\\\/wp-content\\\/uploads\\\/2021\\\/09\\\/Logo-IEMJ-Paypal.jpg\",\"width\":150,\"height\":50,\"caption\":\"Institut Europ\u00e9en des Musiques Juives\"},\"image\":{\"@id\":\"https:\\\/\\\/www.iemj.org\\\/it\\\/#\\\/schema\\\/logo\\\/image\\\/\"},\"sameAs\":[\"https:\\\/\\\/www.facebook.com\\\/MusiquesJuives\\\/\",\"https:\\\/\\\/www.instagram.com\\\/musiquesjuives\\\/\",\"https:\\\/\\\/www.youtube.com\\\/user\\\/musiquesjuives\"]},{\"@type\":\"Person\",\"@id\":\"https:\\\/\\\/www.iemj.org\\\/it\\\/#\\\/schema\\\/person\\\/906134402c29d5c76e7b726261dd4bbd\",\"name\":\"Herv\u00e9 Roten\",\"image\":{\"@type\":\"ImageObject\",\"inLanguage\":\"it-IT\",\"@id\":\"https:\\\/\\\/secure.gravatar.com\\\/avatar\\\/f96ad2db538a26481f18384936b5cd0610c92d390c4dc382209216d455f685ff?s=96&d=mm&r=g\",\"url\":\"https:\\\/\\\/secure.gravatar.com\\\/avatar\\\/f96ad2db538a26481f18384936b5cd0610c92d390c4dc382209216d455f685ff?s=96&d=mm&r=g\",\"contentUrl\":\"https:\\\/\\\/secure.gravatar.com\\\/avatar\\\/f96ad2db538a26481f18384936b5cd0610c92d390c4dc382209216d455f685ff?s=96&d=mm&r=g\",\"caption\":\"Herv\u00e9 Roten\"}}]}<\/script>\n<!-- \/ Yoast SEO plugin. -->","yoast_head_json":{"title":"Schwartz, Abe (1881-1963) - Institut Europ\u00e9en des Musiques Juives","robots":{"index":"index","follow":"follow","max-snippet":"max-snippet:-1","max-image-preview":"max-image-preview:large","max-video-preview":"max-video-preview:-1"},"canonical":"https:\/\/www.iemj.org\/it\/schwartz-abe-1881-1963\/","og_locale":"it_IT","og_type":"article","og_title":"Schwartz, Abe (1881-1963) - Institut Europ\u00e9en des Musiques Juives","og_description":"Abe (Abraham) Schwartz \u00e8 stato uno dei direttori d&#8217;orchestra ebrei pi\u00f9 conosciuti e registrati per decenni nella zona di New York. Era anche un noto violinista dell&#8217;orchestra da ballo. La","og_url":"https:\/\/www.iemj.org\/it\/schwartz-abe-1881-1963\/","og_site_name":"Institut Europ\u00e9en des Musiques Juives","article_publisher":"https:\/\/www.facebook.com\/MusiquesJuives\/","article_published_time":"2012-11-26T16:55:08+00:00","article_modified_time":"2021-09-21T12:16:52+00:00","og_image":[{"width":174,"height":218,"url":"https:\/\/www.iemj.org\/wp-content\/uploads\/2012\/11\/arton588-e1617031040177.jpg","type":"image\/jpeg"}],"author":"Herv\u00e9 Roten","twitter_card":"summary_large_image","twitter_misc":{"Scritto da":"Herv\u00e9 Roten","Tempo di lettura stimato":"3 minuti"},"schema":{"@context":"https:\/\/schema.org","@graph":[{"@type":"Article","@id":"https:\/\/www.iemj.org\/it\/schwartz-abe-1881-1963\/#article","isPartOf":{"@id":"https:\/\/www.iemj.org\/it\/schwartz-abe-1881-1963\/"},"author":{"name":"Herv\u00e9 Roten","@id":"https:\/\/www.iemj.org\/it\/#\/schema\/person\/906134402c29d5c76e7b726261dd4bbd"},"headline":"Schwartz, Abe (1881-1963)","datePublished":"2012-11-26T16:55:08+00:00","dateModified":"2021-09-21T12:16:52+00:00","mainEntityOfPage":{"@id":"https:\/\/www.iemj.org\/it\/schwartz-abe-1881-1963\/"},"wordCount":512,"publisher":{"@id":"https:\/\/www.iemj.org\/it\/#organization"},"image":{"@id":"https:\/\/www.iemj.org\/it\/schwartz-abe-1881-1963\/#primaryimage"},"thumbnailUrl":"https:\/\/www.iemj.org\/wp-content\/uploads\/2012\/11\/arton588-e1617031040177.jpg","articleSection":["Biografie"],"inLanguage":"it-IT"},{"@type":"WebPage","@id":"https:\/\/www.iemj.org\/it\/schwartz-abe-1881-1963\/","url":"https:\/\/www.iemj.org\/it\/schwartz-abe-1881-1963\/","name":"Schwartz, Abe (1881-1963) - Institut Europ\u00e9en des Musiques Juives","isPartOf":{"@id":"https:\/\/www.iemj.org\/it\/#website"},"primaryImageOfPage":{"@id":"https:\/\/www.iemj.org\/it\/schwartz-abe-1881-1963\/#primaryimage"},"image":{"@id":"https:\/\/www.iemj.org\/it\/schwartz-abe-1881-1963\/#primaryimage"},"thumbnailUrl":"https:\/\/www.iemj.org\/wp-content\/uploads\/2012\/11\/arton588-e1617031040177.jpg","datePublished":"2012-11-26T16:55:08+00:00","dateModified":"2021-09-21T12:16:52+00:00","breadcrumb":{"@id":"https:\/\/www.iemj.org\/it\/schwartz-abe-1881-1963\/#breadcrumb"},"inLanguage":"it-IT","potentialAction":[{"@type":"ReadAction","target":["https:\/\/www.iemj.org\/it\/schwartz-abe-1881-1963\/"]}]},{"@type":"ImageObject","inLanguage":"it-IT","@id":"https:\/\/www.iemj.org\/it\/schwartz-abe-1881-1963\/#primaryimage","url":"https:\/\/www.iemj.org\/wp-content\/uploads\/2012\/11\/arton588-e1617031040177.jpg","contentUrl":"https:\/\/www.iemj.org\/wp-content\/uploads\/2012\/11\/arton588-e1617031040177.jpg","width":174,"height":218},{"@type":"BreadcrumbList","@id":"https:\/\/www.iemj.org\/it\/schwartz-abe-1881-1963\/#breadcrumb","itemListElement":[{"@type":"ListItem","position":1,"name":"Accueil","item":"https:\/\/www.iemj.org\/it\/"},{"@type":"ListItem","position":2,"name":"Schwartz, Abe (1881-1963)"}]},{"@type":"WebSite","@id":"https:\/\/www.iemj.org\/it\/#website","url":"https:\/\/www.iemj.org\/it\/","name":"Institut Europ\u00e9en des Musiques Juives","description":"Des traditions musicales \u00e0 la port\u00e9e de tous","publisher":{"@id":"https:\/\/www.iemj.org\/it\/#organization"},"potentialAction":[{"@type":"SearchAction","target":{"@type":"EntryPoint","urlTemplate":"https:\/\/www.iemj.org\/it\/?s={search_term_string}"},"query-input":{"@type":"PropertyValueSpecification","valueRequired":true,"valueName":"search_term_string"}}],"inLanguage":"it-IT"},{"@type":"Organization","@id":"https:\/\/www.iemj.org\/it\/#organization","name":"Institut Europ\u00e9en des Musiques Juives","url":"https:\/\/www.iemj.org\/it\/","logo":{"@type":"ImageObject","inLanguage":"it-IT","@id":"https:\/\/www.iemj.org\/it\/#\/schema\/logo\/image\/","url":"https:\/\/www.iemj.org\/wp-content\/uploads\/2021\/09\/Logo-IEMJ-Paypal.jpg","contentUrl":"https:\/\/www.iemj.org\/wp-content\/uploads\/2021\/09\/Logo-IEMJ-Paypal.jpg","width":150,"height":50,"caption":"Institut Europ\u00e9en des Musiques Juives"},"image":{"@id":"https:\/\/www.iemj.org\/it\/#\/schema\/logo\/image\/"},"sameAs":["https:\/\/www.facebook.com\/MusiquesJuives\/","https:\/\/www.instagram.com\/musiquesjuives\/","https:\/\/www.youtube.com\/user\/musiquesjuives"]},{"@type":"Person","@id":"https:\/\/www.iemj.org\/it\/#\/schema\/person\/906134402c29d5c76e7b726261dd4bbd","name":"Herv\u00e9 Roten","image":{"@type":"ImageObject","inLanguage":"it-IT","@id":"https:\/\/secure.gravatar.com\/avatar\/f96ad2db538a26481f18384936b5cd0610c92d390c4dc382209216d455f685ff?s=96&d=mm&r=g","url":"https:\/\/secure.gravatar.com\/avatar\/f96ad2db538a26481f18384936b5cd0610c92d390c4dc382209216d455f685ff?s=96&d=mm&r=g","contentUrl":"https:\/\/secure.gravatar.com\/avatar\/f96ad2db538a26481f18384936b5cd0610c92d390c4dc382209216d455f685ff?s=96&d=mm&r=g","caption":"Herv\u00e9 Roten"}}]}},"_links":{"self":[{"href":"https:\/\/www.iemj.org\/it\/wp-json\/wp\/v2\/posts\/51098","targetHints":{"allow":["GET"]}}],"collection":[{"href":"https:\/\/www.iemj.org\/it\/wp-json\/wp\/v2\/posts"}],"about":[{"href":"https:\/\/www.iemj.org\/it\/wp-json\/wp\/v2\/types\/post"}],"author":[{"embeddable":true,"href":"https:\/\/www.iemj.org\/it\/wp-json\/wp\/v2\/users\/1045"}],"replies":[{"embeddable":true,"href":"https:\/\/www.iemj.org\/it\/wp-json\/wp\/v2\/comments?post=51098"}],"version-history":[{"count":0,"href":"https:\/\/www.iemj.org\/it\/wp-json\/wp\/v2\/posts\/51098\/revisions"}],"wp:featuredmedia":[{"embeddable":true,"href":"https:\/\/www.iemj.org\/it\/wp-json\/wp\/v2\/media\/51099"}],"wp:attachment":[{"href":"https:\/\/www.iemj.org\/it\/wp-json\/wp\/v2\/media?parent=51098"}],"wp:term":[{"taxonomy":"category","embeddable":true,"href":"https:\/\/www.iemj.org\/it\/wp-json\/wp\/v2\/categories?post=51098"},{"taxonomy":"post_tag","embeddable":true,"href":"https:\/\/www.iemj.org\/it\/wp-json\/wp\/v2\/tags?post=51098"},{"taxonomy":"technique","embeddable":true,"href":"https:\/\/www.iemj.org\/it\/wp-json\/wp\/v2\/technique?post=51098"},{"taxonomy":"squelettes","embeddable":true,"href":"https:\/\/www.iemj.org\/it\/wp-json\/wp\/v2\/squelettes?post=51098"},{"taxonomy":"sujet","embeddable":true,"href":"https:\/\/www.iemj.org\/it\/wp-json\/wp\/v2\/sujet?post=51098"},{"taxonomy":"formation","embeddable":true,"href":"https:\/\/www.iemj.org\/it\/wp-json\/wp\/v2\/formation?post=51098"},{"taxonomy":"genre","embeddable":true,"href":"https:\/\/www.iemj.org\/it\/wp-json\/wp\/v2\/genre?post=51098"},{"taxonomy":"fonds","embeddable":true,"href":"https:\/\/www.iemj.org\/it\/wp-json\/wp\/v2\/fonds?post=51098"},{"taxonomy":"tradition","embeddable":true,"href":"https:\/\/www.iemj.org\/it\/wp-json\/wp\/v2\/tradition?post=51098"},{"taxonomy":"type-de-contenu","embeddable":true,"href":"https:\/\/www.iemj.org\/it\/wp-json\/wp\/v2\/type-de-contenu?post=51098"},{"taxonomy":"interprete-compositeur","embeddable":true,"href":"https:\/\/www.iemj.org\/it\/wp-json\/wp\/v2\/interprete-compositeur?post=51098"},{"taxonomy":"frise","embeddable":true,"href":"https:\/\/www.iemj.org\/it\/wp-json\/wp\/v2\/frise?post=51098"},{"taxonomy":"type-devenement","embeddable":true,"href":"https:\/\/www.iemj.org\/it\/wp-json\/wp\/v2\/type-devenement?post=51098"},{"taxonomy":"tableaux-liens-externes","embeddable":true,"href":"https:\/\/www.iemj.org\/it\/wp-json\/wp\/v2\/tableaux-liens-externes?post=51098"}],"curies":[{"name":"wp","href":"https:\/\/api.w.org\/{rel}","templated":true}]}}