{"id":51137,"date":"2012-06-10T23:00:56","date_gmt":"2012-06-10T21:00:56","guid":{"rendered":"https:\/\/www.iemj.org\/brandwein-naftule-1889-1963\/"},"modified":"2021-09-12T18:10:05","modified_gmt":"2021-09-12T16:10:05","slug":"brandwein-naftule-1889-1963","status":"publish","type":"post","link":"https:\/\/www.iemj.org\/it\/brandwein-naftule-1889-1963\/","title":{"rendered":"Brandwein, Naftule (1889-1963)"},"content":{"rendered":"<p>Naftule Brandwein (1889-1963) nacque nella piccola citt\u00e0 di Przemyslany (vicino a Lvov) nella Galizia austriaca, una regione che divenne parte della Polonia nel 1918. Suo padre, Pesakh Brandwein, era un badkhn (animatore di matrimoni), violinista e direttore della sua kapelye (orchestra di famiglia), che viaggiava in tutta la Galizia orientale. Naftule era uno dei 14 figli che suo padre aveva avuto con quattro mogli diverse. Aveva nove fratelli e quattro sorelle, tra cui Henrietta, sua sorella gemella. Nel 1919, tutti i suoi fratelli, tranne due, emigrarono in America. I due fratelli che rimasero nel paese furono il maggiore, Eli, e il minore, Tzvi-Hirsch (entrambi furono poi assassinati dai nazisti). Il figlio di Tzvi-Hirsch, Leopold Kozlowski, \u00e8 stato un leader nella resurrezione del klezmer nell&#8217;Europa centrale e orientale dal 1990.<\/p>\n<p>Brandwein pu\u00f2 essere ascoltato in molte delle classiche registrazioni yiddish del periodo d&#8217;oro della musica popolare yiddish (1915-1935), specialmente quelle di Abe Schwartz (1881-1960). In secondo piano di queste registrazioni, si pu\u00f2 sentire l&#8217;incredibile virtuoso Naftule Brandwein che suona il suo clarinetto in mi bemolle.<\/p>\n<p><img fetchpriority=\"high\" decoding=\"async\" class=\" alignright size-full wp-image-4863\" src=\"https:\/\/www.iemj.org\/wp-content\/uploads\/2012\/06\/disque_vinyle_3.jpg\" alt=\"disque_vinyle_3.jpg\" width=\"243\" height=\"251\" align=\"right\" \/>Una delle ultime registrazioni prodotte da Schwartz in cui il clarinettista suon\u00f2 fu &#8220;Firn Di Mekhutonim Aheym&#8221; (&#8220;Bringing the Parents-in-Law Home&#8221;). Questo gasn nign (canzone di strada), con il suo continuo assolo di clarinetto sostenuto e legato, evidenzia tutti gli incredibili talenti di Brandwein. Le sue improvvisazioni, le sue abilit\u00e0, le sue rapide scale, il suo controllo del respiro, i suoi glissando e knaytches ne fanno una delle sue registrazioni pi\u00f9 ascoltate e suonate degli anni del revival klezmer negli anni &#8217;80. Questo \u00e8 particolarmente vero per le orchestre klezmer revival che suonano il repertorio dei piccoli gruppi degli anni &#8217;20 e &#8217;30 piuttosto che quello dei grandi ensemble.<\/p>\n<p><img decoding=\"async\" class=\" alignleft size-full wp-image-4865\" src=\"https:\/\/www.iemj.org\/wp-content\/uploads\/2012\/06\/solo.jpg\" alt=\"solo.jpg\" width=\"193\" height=\"255\" align=\"left\" \/>Brandwein era noto non solo per il suo virtuosismo al clarinetto, ma anche per la sua vita impetuosa e senza limiti. La sua vita era come il suo gioco. Era un donnaiolo e un noto bevitore, e si diceva che se si assumeva Brandwein per una festa e si voleva che fosse soddisfatto e suonasse tutta la notte, bastava fornirgli abbastanza alcol e una donna. Era anche conosciuto come il musicista klezmer preferito della Jewish Murder Gang Inc. Amava rendere pi\u00f9 piccanti le sue apparizioni sul palco abbassandosi i pantaloni o indossando un&#8217;insegna al neon sul petto che recitava &#8220;The Naftule Brandwein Orchestra&#8221;, o in un costume da Zio Sam con luci natalizie brillanti con cui rischi\u00f2 di rimanere folgorato\u00a0 Le sue buffonate pubbliche e private gli hanno impedito di rimanere con un&#8217;orchestra, poich\u00e9 i suoi compagni si esasperavano rapidamente del suo atteggiamento. Tuttavia, era un membro regolare della Joseph Cherniavsky Yiddish-American Jazz Band e della Abe Schwartz Orchestra.<\/p>\n<p><img decoding=\"async\" class=\" alignright size-full wp-image-4867\" src=\"https:\/\/www.iemj.org\/wp-content\/uploads\/2012\/06\/king_of_the_klezmer_clarinet.jpg\" alt=\"king_of_the_klezmer_clarinet.jpg\" width=\"225\" height=\"225\" align=\"right\" \/>Dal 1922 al 1927, Brandwein fece numerose registrazioni e cre\u00f2 il tipico suono dei clarinettisti solisti ebrei americani klezmer. Poi smise di registrare. Il suo stile di vita perturb\u00f2 la sua salute e le sue relazioni con gli altri musicisti, ma \u00e8 rimase attivo come freelance in ricevimenti, matrimoni e feste in hotel, specialmente quelli della Cintura di Borsht. Infine, nel 1941, Brandwein torn\u00f2 nello studio di registrazione un&#8217;ultima volta, con il nome anglicizzato di &#8220;Nifty&#8221; Brandwein. Le registrazioni &#8211; &#8220;Klayne Princesin&#8221; (&#8220;Piccola principessa&#8221;), &#8220;Naftule&#8217;s Freylekhs&#8221;, &#8220;Freylekher Yontef&#8221; (&#8220;Buone vacanze&#8221;) e &#8220;Nifty&#8217;s Eygene&#8221; (&#8220;Ci\u00f2 che appartiene a Nifty&#8221;) &#8211; mostrano l&#8217;evoluzione di Brandwein durante i suoi 14 anni di assenza dagli stud\u00ee. La maggior parte delle sue rapide abilit\u00e0 e dei suoi glissandi non sono pi\u00f9 la chiave delle sue registrazioni. Dimostra invece, un tono pi\u00f9 calmo e introspettivo.<\/p>\n<p>Naftule non era pi\u00f9 vivo per assistere alla rinascita dell&#8217;interesse per il klezmer dalla met\u00e0 degli anni &#8217;70. In compenso, la sua influenza non \u00e8 scomparsa: una nuova generazione di musicisti klezmer lo cita come principale fonte di ispirazione.<\/p>\n<p><a href=\"https:\/\/www.iemj.org\/naftule-brandwein\/\">Ascoltare la playlist speciale Naftule Brandwein<\/a><\/p>\n<p>\u00a0<\/p>\n\n\n<figure class=\"wp-block-embed is-type-video is-provider-youtube wp-block-embed-youtube wp-embed-aspect-16-9 wp-has-aspect-ratio\"><div class=\"wp-block-embed__wrapper\">\n<iframe title=\"Naftule Brandwein - Nifty&#039;s freilach\" width=\"640\" height=\"360\" src=\"https:\/\/www.youtube.com\/embed\/F21h4a6X-Z0?feature=oembed\" frameborder=\"0\" allow=\"accelerometer; autoplay; clipboard-write; encrypted-media; gyroscope; picture-in-picture; web-share\" referrerpolicy=\"strict-origin-when-cross-origin\" allowfullscreen><\/iframe>\n<\/div><\/figure>\n\n\n\n<p><\/p>\n","protected":false},"excerpt":{"rendered":"<p>Naftule Brandwein (1889-1963) nacque nella piccola citt\u00e0 di Przemyslany (vicino a Lvov) nella Galizia austriaca, una regione che divenne parte della Polonia nel 1918. Suo padre, Pesakh Brandwein, era un<\/p>\n","protected":false},"author":1045,"featured_media":51139,"comment_status":"closed","ping_status":"open","sticky":false,"template":"","format":"standard","meta":{"_acf_changed":false,"footnotes":""},"categories":[1416],"tags":[],"technique":[],"squelettes":[],"sujet":[],"formation":[],"genre":[],"fonds":[],"tradition":[],"type-de-contenu":[],"interprete-compositeur":[],"frise":[],"type-devenement":[],"tableaux-liens-externes":[],"class_list":["post-51137","post","type-post","status-publish","format-standard","has-post-thumbnail","hentry","category-biografie-it"],"acf":[],"yoast_head":"<!-- This site is optimized with the Yoast SEO plugin v27.3 - https:\/\/yoast.com\/product\/yoast-seo-wordpress\/ -->\n<title>Brandwein, Naftule (1889-1963) - Institut Europ\u00e9en des Musiques Juives<\/title>\n<meta name=\"robots\" content=\"index, follow, max-snippet:-1, max-image-preview:large, max-video-preview:-1\" \/>\n<link rel=\"canonical\" href=\"https:\/\/www.iemj.org\/it\/brandwein-naftule-1889-1963\/\" \/>\n<meta property=\"og:locale\" content=\"it_IT\" \/>\n<meta property=\"og:type\" content=\"article\" \/>\n<meta property=\"og:title\" content=\"Brandwein, Naftule (1889-1963) - Institut Europ\u00e9en des Musiques Juives\" \/>\n<meta property=\"og:description\" content=\"Naftule Brandwein (1889-1963) nacque nella piccola citt\u00e0 di Przemyslany (vicino a Lvov) nella Galizia austriaca, una regione che divenne parte della Polonia nel 1918. Suo padre, Pesakh Brandwein, era un\" \/>\n<meta property=\"og:url\" content=\"https:\/\/www.iemj.org\/it\/brandwein-naftule-1889-1963\/\" \/>\n<meta property=\"og:site_name\" content=\"Institut Europ\u00e9en des Musiques Juives\" \/>\n<meta property=\"article:publisher\" content=\"https:\/\/www.facebook.com\/MusiquesJuives\/\" \/>\n<meta property=\"article:published_time\" content=\"2012-06-10T21:00:56+00:00\" \/>\n<meta property=\"article:modified_time\" content=\"2021-09-12T16:10:05+00:00\" \/>\n<meta property=\"og:image\" content=\"https:\/\/www.iemj.org\/wp-content\/uploads\/2012\/06\/logo-bio-BRANDWEIN-Naftule-e1617031412274.jpg\" \/>\n\t<meta property=\"og:image:width\" content=\"166\" \/>\n\t<meta property=\"og:image:height\" content=\"218\" \/>\n\t<meta property=\"og:image:type\" content=\"image\/jpeg\" \/>\n<meta name=\"author\" content=\"Herv\u00e9 Roten\" \/>\n<meta name=\"twitter:card\" content=\"summary_large_image\" \/>\n<meta name=\"twitter:label1\" content=\"Scritto da\" \/>\n\t<meta name=\"twitter:data1\" content=\"Herv\u00e9 Roten\" \/>\n\t<meta name=\"twitter:label2\" content=\"Tempo di lettura stimato\" \/>\n\t<meta name=\"twitter:data2\" content=\"4 minuti\" \/>\n<script type=\"application\/ld+json\" class=\"yoast-schema-graph\">{\"@context\":\"https:\\\/\\\/schema.org\",\"@graph\":[{\"@type\":\"Article\",\"@id\":\"https:\\\/\\\/www.iemj.org\\\/it\\\/brandwein-naftule-1889-1963\\\/#article\",\"isPartOf\":{\"@id\":\"https:\\\/\\\/www.iemj.org\\\/it\\\/brandwein-naftule-1889-1963\\\/\"},\"author\":{\"name\":\"Herv\u00e9 Roten\",\"@id\":\"https:\\\/\\\/www.iemj.org\\\/it\\\/#\\\/schema\\\/person\\\/906134402c29d5c76e7b726261dd4bbd\"},\"headline\":\"Brandwein, Naftule (1889-1963)\",\"datePublished\":\"2012-06-10T21:00:56+00:00\",\"dateModified\":\"2021-09-12T16:10:05+00:00\",\"mainEntityOfPage\":{\"@id\":\"https:\\\/\\\/www.iemj.org\\\/it\\\/brandwein-naftule-1889-1963\\\/\"},\"wordCount\":630,\"publisher\":{\"@id\":\"https:\\\/\\\/www.iemj.org\\\/it\\\/#organization\"},\"image\":{\"@id\":\"https:\\\/\\\/www.iemj.org\\\/it\\\/brandwein-naftule-1889-1963\\\/#primaryimage\"},\"thumbnailUrl\":\"https:\\\/\\\/www.iemj.org\\\/wp-content\\\/uploads\\\/2012\\\/06\\\/logo-bio-BRANDWEIN-Naftule-e1617031412274.jpg\",\"articleSection\":[\"Biografie\"],\"inLanguage\":\"it-IT\"},{\"@type\":\"WebPage\",\"@id\":\"https:\\\/\\\/www.iemj.org\\\/it\\\/brandwein-naftule-1889-1963\\\/\",\"url\":\"https:\\\/\\\/www.iemj.org\\\/it\\\/brandwein-naftule-1889-1963\\\/\",\"name\":\"Brandwein, Naftule (1889-1963) - Institut Europ\u00e9en des Musiques Juives\",\"isPartOf\":{\"@id\":\"https:\\\/\\\/www.iemj.org\\\/it\\\/#website\"},\"primaryImageOfPage\":{\"@id\":\"https:\\\/\\\/www.iemj.org\\\/it\\\/brandwein-naftule-1889-1963\\\/#primaryimage\"},\"image\":{\"@id\":\"https:\\\/\\\/www.iemj.org\\\/it\\\/brandwein-naftule-1889-1963\\\/#primaryimage\"},\"thumbnailUrl\":\"https:\\\/\\\/www.iemj.org\\\/wp-content\\\/uploads\\\/2012\\\/06\\\/logo-bio-BRANDWEIN-Naftule-e1617031412274.jpg\",\"datePublished\":\"2012-06-10T21:00:56+00:00\",\"dateModified\":\"2021-09-12T16:10:05+00:00\",\"breadcrumb\":{\"@id\":\"https:\\\/\\\/www.iemj.org\\\/it\\\/brandwein-naftule-1889-1963\\\/#breadcrumb\"},\"inLanguage\":\"it-IT\",\"potentialAction\":[{\"@type\":\"ReadAction\",\"target\":[\"https:\\\/\\\/www.iemj.org\\\/it\\\/brandwein-naftule-1889-1963\\\/\"]}]},{\"@type\":\"ImageObject\",\"inLanguage\":\"it-IT\",\"@id\":\"https:\\\/\\\/www.iemj.org\\\/it\\\/brandwein-naftule-1889-1963\\\/#primaryimage\",\"url\":\"https:\\\/\\\/www.iemj.org\\\/wp-content\\\/uploads\\\/2012\\\/06\\\/logo-bio-BRANDWEIN-Naftule-e1617031412274.jpg\",\"contentUrl\":\"https:\\\/\\\/www.iemj.org\\\/wp-content\\\/uploads\\\/2012\\\/06\\\/logo-bio-BRANDWEIN-Naftule-e1617031412274.jpg\",\"width\":166,\"height\":218},{\"@type\":\"BreadcrumbList\",\"@id\":\"https:\\\/\\\/www.iemj.org\\\/it\\\/brandwein-naftule-1889-1963\\\/#breadcrumb\",\"itemListElement\":[{\"@type\":\"ListItem\",\"position\":1,\"name\":\"Accueil\",\"item\":\"https:\\\/\\\/www.iemj.org\\\/it\\\/\"},{\"@type\":\"ListItem\",\"position\":2,\"name\":\"Brandwein, Naftule (1889-1963)\"}]},{\"@type\":\"WebSite\",\"@id\":\"https:\\\/\\\/www.iemj.org\\\/it\\\/#website\",\"url\":\"https:\\\/\\\/www.iemj.org\\\/it\\\/\",\"name\":\"Institut Europ\u00e9en des Musiques Juives\",\"description\":\"Des traditions musicales \u00e0 la port\u00e9e de tous\",\"publisher\":{\"@id\":\"https:\\\/\\\/www.iemj.org\\\/it\\\/#organization\"},\"potentialAction\":[{\"@type\":\"SearchAction\",\"target\":{\"@type\":\"EntryPoint\",\"urlTemplate\":\"https:\\\/\\\/www.iemj.org\\\/it\\\/?s={search_term_string}\"},\"query-input\":{\"@type\":\"PropertyValueSpecification\",\"valueRequired\":true,\"valueName\":\"search_term_string\"}}],\"inLanguage\":\"it-IT\"},{\"@type\":\"Organization\",\"@id\":\"https:\\\/\\\/www.iemj.org\\\/it\\\/#organization\",\"name\":\"Institut Europ\u00e9en des Musiques Juives\",\"url\":\"https:\\\/\\\/www.iemj.org\\\/it\\\/\",\"logo\":{\"@type\":\"ImageObject\",\"inLanguage\":\"it-IT\",\"@id\":\"https:\\\/\\\/www.iemj.org\\\/it\\\/#\\\/schema\\\/logo\\\/image\\\/\",\"url\":\"https:\\\/\\\/www.iemj.org\\\/wp-content\\\/uploads\\\/2021\\\/09\\\/Logo-IEMJ-Paypal.jpg\",\"contentUrl\":\"https:\\\/\\\/www.iemj.org\\\/wp-content\\\/uploads\\\/2021\\\/09\\\/Logo-IEMJ-Paypal.jpg\",\"width\":150,\"height\":50,\"caption\":\"Institut Europ\u00e9en des Musiques Juives\"},\"image\":{\"@id\":\"https:\\\/\\\/www.iemj.org\\\/it\\\/#\\\/schema\\\/logo\\\/image\\\/\"},\"sameAs\":[\"https:\\\/\\\/www.facebook.com\\\/MusiquesJuives\\\/\",\"https:\\\/\\\/www.instagram.com\\\/musiquesjuives\\\/\",\"https:\\\/\\\/www.youtube.com\\\/user\\\/musiquesjuives\"]},{\"@type\":\"Person\",\"@id\":\"https:\\\/\\\/www.iemj.org\\\/it\\\/#\\\/schema\\\/person\\\/906134402c29d5c76e7b726261dd4bbd\",\"name\":\"Herv\u00e9 Roten\",\"image\":{\"@type\":\"ImageObject\",\"inLanguage\":\"it-IT\",\"@id\":\"https:\\\/\\\/secure.gravatar.com\\\/avatar\\\/f96ad2db538a26481f18384936b5cd0610c92d390c4dc382209216d455f685ff?s=96&d=mm&r=g\",\"url\":\"https:\\\/\\\/secure.gravatar.com\\\/avatar\\\/f96ad2db538a26481f18384936b5cd0610c92d390c4dc382209216d455f685ff?s=96&d=mm&r=g\",\"contentUrl\":\"https:\\\/\\\/secure.gravatar.com\\\/avatar\\\/f96ad2db538a26481f18384936b5cd0610c92d390c4dc382209216d455f685ff?s=96&d=mm&r=g\",\"caption\":\"Herv\u00e9 Roten\"}}]}<\/script>\n<!-- \/ Yoast SEO plugin. -->","yoast_head_json":{"title":"Brandwein, Naftule (1889-1963) - Institut Europ\u00e9en des Musiques Juives","robots":{"index":"index","follow":"follow","max-snippet":"max-snippet:-1","max-image-preview":"max-image-preview:large","max-video-preview":"max-video-preview:-1"},"canonical":"https:\/\/www.iemj.org\/it\/brandwein-naftule-1889-1963\/","og_locale":"it_IT","og_type":"article","og_title":"Brandwein, Naftule (1889-1963) - Institut Europ\u00e9en des Musiques Juives","og_description":"Naftule Brandwein (1889-1963) nacque nella piccola citt\u00e0 di Przemyslany (vicino a Lvov) nella Galizia austriaca, una regione che divenne parte della Polonia nel 1918. Suo padre, Pesakh Brandwein, era un","og_url":"https:\/\/www.iemj.org\/it\/brandwein-naftule-1889-1963\/","og_site_name":"Institut Europ\u00e9en des Musiques Juives","article_publisher":"https:\/\/www.facebook.com\/MusiquesJuives\/","article_published_time":"2012-06-10T21:00:56+00:00","article_modified_time":"2021-09-12T16:10:05+00:00","og_image":[{"width":166,"height":218,"url":"https:\/\/www.iemj.org\/wp-content\/uploads\/2012\/06\/logo-bio-BRANDWEIN-Naftule-e1617031412274.jpg","type":"image\/jpeg"}],"author":"Herv\u00e9 Roten","twitter_card":"summary_large_image","twitter_misc":{"Scritto da":"Herv\u00e9 Roten","Tempo di lettura stimato":"4 minuti"},"schema":{"@context":"https:\/\/schema.org","@graph":[{"@type":"Article","@id":"https:\/\/www.iemj.org\/it\/brandwein-naftule-1889-1963\/#article","isPartOf":{"@id":"https:\/\/www.iemj.org\/it\/brandwein-naftule-1889-1963\/"},"author":{"name":"Herv\u00e9 Roten","@id":"https:\/\/www.iemj.org\/it\/#\/schema\/person\/906134402c29d5c76e7b726261dd4bbd"},"headline":"Brandwein, Naftule (1889-1963)","datePublished":"2012-06-10T21:00:56+00:00","dateModified":"2021-09-12T16:10:05+00:00","mainEntityOfPage":{"@id":"https:\/\/www.iemj.org\/it\/brandwein-naftule-1889-1963\/"},"wordCount":630,"publisher":{"@id":"https:\/\/www.iemj.org\/it\/#organization"},"image":{"@id":"https:\/\/www.iemj.org\/it\/brandwein-naftule-1889-1963\/#primaryimage"},"thumbnailUrl":"https:\/\/www.iemj.org\/wp-content\/uploads\/2012\/06\/logo-bio-BRANDWEIN-Naftule-e1617031412274.jpg","articleSection":["Biografie"],"inLanguage":"it-IT"},{"@type":"WebPage","@id":"https:\/\/www.iemj.org\/it\/brandwein-naftule-1889-1963\/","url":"https:\/\/www.iemj.org\/it\/brandwein-naftule-1889-1963\/","name":"Brandwein, Naftule (1889-1963) - Institut Europ\u00e9en des Musiques Juives","isPartOf":{"@id":"https:\/\/www.iemj.org\/it\/#website"},"primaryImageOfPage":{"@id":"https:\/\/www.iemj.org\/it\/brandwein-naftule-1889-1963\/#primaryimage"},"image":{"@id":"https:\/\/www.iemj.org\/it\/brandwein-naftule-1889-1963\/#primaryimage"},"thumbnailUrl":"https:\/\/www.iemj.org\/wp-content\/uploads\/2012\/06\/logo-bio-BRANDWEIN-Naftule-e1617031412274.jpg","datePublished":"2012-06-10T21:00:56+00:00","dateModified":"2021-09-12T16:10:05+00:00","breadcrumb":{"@id":"https:\/\/www.iemj.org\/it\/brandwein-naftule-1889-1963\/#breadcrumb"},"inLanguage":"it-IT","potentialAction":[{"@type":"ReadAction","target":["https:\/\/www.iemj.org\/it\/brandwein-naftule-1889-1963\/"]}]},{"@type":"ImageObject","inLanguage":"it-IT","@id":"https:\/\/www.iemj.org\/it\/brandwein-naftule-1889-1963\/#primaryimage","url":"https:\/\/www.iemj.org\/wp-content\/uploads\/2012\/06\/logo-bio-BRANDWEIN-Naftule-e1617031412274.jpg","contentUrl":"https:\/\/www.iemj.org\/wp-content\/uploads\/2012\/06\/logo-bio-BRANDWEIN-Naftule-e1617031412274.jpg","width":166,"height":218},{"@type":"BreadcrumbList","@id":"https:\/\/www.iemj.org\/it\/brandwein-naftule-1889-1963\/#breadcrumb","itemListElement":[{"@type":"ListItem","position":1,"name":"Accueil","item":"https:\/\/www.iemj.org\/it\/"},{"@type":"ListItem","position":2,"name":"Brandwein, Naftule (1889-1963)"}]},{"@type":"WebSite","@id":"https:\/\/www.iemj.org\/it\/#website","url":"https:\/\/www.iemj.org\/it\/","name":"Institut Europ\u00e9en des Musiques Juives","description":"Des traditions musicales \u00e0 la port\u00e9e de tous","publisher":{"@id":"https:\/\/www.iemj.org\/it\/#organization"},"potentialAction":[{"@type":"SearchAction","target":{"@type":"EntryPoint","urlTemplate":"https:\/\/www.iemj.org\/it\/?s={search_term_string}"},"query-input":{"@type":"PropertyValueSpecification","valueRequired":true,"valueName":"search_term_string"}}],"inLanguage":"it-IT"},{"@type":"Organization","@id":"https:\/\/www.iemj.org\/it\/#organization","name":"Institut Europ\u00e9en des Musiques Juives","url":"https:\/\/www.iemj.org\/it\/","logo":{"@type":"ImageObject","inLanguage":"it-IT","@id":"https:\/\/www.iemj.org\/it\/#\/schema\/logo\/image\/","url":"https:\/\/www.iemj.org\/wp-content\/uploads\/2021\/09\/Logo-IEMJ-Paypal.jpg","contentUrl":"https:\/\/www.iemj.org\/wp-content\/uploads\/2021\/09\/Logo-IEMJ-Paypal.jpg","width":150,"height":50,"caption":"Institut Europ\u00e9en des Musiques Juives"},"image":{"@id":"https:\/\/www.iemj.org\/it\/#\/schema\/logo\/image\/"},"sameAs":["https:\/\/www.facebook.com\/MusiquesJuives\/","https:\/\/www.instagram.com\/musiquesjuives\/","https:\/\/www.youtube.com\/user\/musiquesjuives"]},{"@type":"Person","@id":"https:\/\/www.iemj.org\/it\/#\/schema\/person\/906134402c29d5c76e7b726261dd4bbd","name":"Herv\u00e9 Roten","image":{"@type":"ImageObject","inLanguage":"it-IT","@id":"https:\/\/secure.gravatar.com\/avatar\/f96ad2db538a26481f18384936b5cd0610c92d390c4dc382209216d455f685ff?s=96&d=mm&r=g","url":"https:\/\/secure.gravatar.com\/avatar\/f96ad2db538a26481f18384936b5cd0610c92d390c4dc382209216d455f685ff?s=96&d=mm&r=g","contentUrl":"https:\/\/secure.gravatar.com\/avatar\/f96ad2db538a26481f18384936b5cd0610c92d390c4dc382209216d455f685ff?s=96&d=mm&r=g","caption":"Herv\u00e9 Roten"}}]}},"_links":{"self":[{"href":"https:\/\/www.iemj.org\/it\/wp-json\/wp\/v2\/posts\/51137","targetHints":{"allow":["GET"]}}],"collection":[{"href":"https:\/\/www.iemj.org\/it\/wp-json\/wp\/v2\/posts"}],"about":[{"href":"https:\/\/www.iemj.org\/it\/wp-json\/wp\/v2\/types\/post"}],"author":[{"embeddable":true,"href":"https:\/\/www.iemj.org\/it\/wp-json\/wp\/v2\/users\/1045"}],"replies":[{"embeddable":true,"href":"https:\/\/www.iemj.org\/it\/wp-json\/wp\/v2\/comments?post=51137"}],"version-history":[{"count":0,"href":"https:\/\/www.iemj.org\/it\/wp-json\/wp\/v2\/posts\/51137\/revisions"}],"wp:featuredmedia":[{"embeddable":true,"href":"https:\/\/www.iemj.org\/it\/wp-json\/wp\/v2\/media\/51139"}],"wp:attachment":[{"href":"https:\/\/www.iemj.org\/it\/wp-json\/wp\/v2\/media?parent=51137"}],"wp:term":[{"taxonomy":"category","embeddable":true,"href":"https:\/\/www.iemj.org\/it\/wp-json\/wp\/v2\/categories?post=51137"},{"taxonomy":"post_tag","embeddable":true,"href":"https:\/\/www.iemj.org\/it\/wp-json\/wp\/v2\/tags?post=51137"},{"taxonomy":"technique","embeddable":true,"href":"https:\/\/www.iemj.org\/it\/wp-json\/wp\/v2\/technique?post=51137"},{"taxonomy":"squelettes","embeddable":true,"href":"https:\/\/www.iemj.org\/it\/wp-json\/wp\/v2\/squelettes?post=51137"},{"taxonomy":"sujet","embeddable":true,"href":"https:\/\/www.iemj.org\/it\/wp-json\/wp\/v2\/sujet?post=51137"},{"taxonomy":"formation","embeddable":true,"href":"https:\/\/www.iemj.org\/it\/wp-json\/wp\/v2\/formation?post=51137"},{"taxonomy":"genre","embeddable":true,"href":"https:\/\/www.iemj.org\/it\/wp-json\/wp\/v2\/genre?post=51137"},{"taxonomy":"fonds","embeddable":true,"href":"https:\/\/www.iemj.org\/it\/wp-json\/wp\/v2\/fonds?post=51137"},{"taxonomy":"tradition","embeddable":true,"href":"https:\/\/www.iemj.org\/it\/wp-json\/wp\/v2\/tradition?post=51137"},{"taxonomy":"type-de-contenu","embeddable":true,"href":"https:\/\/www.iemj.org\/it\/wp-json\/wp\/v2\/type-de-contenu?post=51137"},{"taxonomy":"interprete-compositeur","embeddable":true,"href":"https:\/\/www.iemj.org\/it\/wp-json\/wp\/v2\/interprete-compositeur?post=51137"},{"taxonomy":"frise","embeddable":true,"href":"https:\/\/www.iemj.org\/it\/wp-json\/wp\/v2\/frise?post=51137"},{"taxonomy":"type-devenement","embeddable":true,"href":"https:\/\/www.iemj.org\/it\/wp-json\/wp\/v2\/type-devenement?post=51137"},{"taxonomy":"tableaux-liens-externes","embeddable":true,"href":"https:\/\/www.iemj.org\/it\/wp-json\/wp\/v2\/tableaux-liens-externes?post=51137"}],"curies":[{"name":"wp","href":"https:\/\/api.w.org\/{rel}","templated":true}]}}