{"id":51201,"date":"2016-12-07T15:52:01","date_gmt":"2016-12-07T14:52:01","guid":{"rendered":"https:\/\/www.iemj.org\/melodies-hebraiques-pour-violoncelle-et-piano\/"},"modified":"2025-04-07T12:01:22","modified_gmt":"2025-04-07T10:01:22","slug":"melodies-hebraiques-pour-violoncelle-et-piano","status":"publish","type":"post","link":"https:\/\/www.iemj.org\/it\/melodies-hebraiques-pour-violoncelle-et-piano\/","title":{"rendered":"Melodie ebraiche per violoncello e piano"},"content":{"rendered":"<h3>\u00a0<\/h3>\n<h3><strong>PUBBLICAZIONE DEL PRIMO CD DELLA COLLEZIONE &#8220;CLASSICI&#8221;<\/strong><\/h3>\n<p><!--more--><\/p>\n<p>Magnificamente suonato da Sarah Iancu (violoncello) e David Bismuth (piano), questo CD raggruppa 30 melodie ispirate a dei temi liturgici, hassidici, yiddish e giudaico-spagnoli : dal celebre <em>Kaddish<\/em> di Ravel al <em>Kol Nidrei<\/em> di Max Bruch, dal ciclo <em>De la vie juive<\/em> di Ernest Bloch ai <em>Canti popolari ebraici <\/em>di Darius Milhaud, senza dimenticare delle opere meno conosciute, ma altrettanto belle di Joseph Achron, L\u00e9on Algazi, Charles Valentin Alkan, Fernand Halphen, Simon Laks, Joaquin Nin-Culmell, Dimitri Chostakovitch, Joachim Stutschewsky od, ancora, Viktor Ullmann.<\/p>\n<p><strong>Un disco magnifico e sensibile che apre felicemente la nostra nuova collezione consacrata alla musica ebraica classica&#8230;<\/strong><\/p>\n<h2><a href=\"https:\/\/www.iemj.org\/it\/produit\/hebrew-melodies\/\" target=\"_blank\" rel=\"noopener\">Ordinare il\u00a0<strong>CD<\/strong>\u00a0nel negozio online dell\u2019IEMJ<\/a><\/h2>\n<p><a href=\"https:\/\/www.iemj.org\/it\/melodies-hebraiques-pour-violoncelle-et-piano-volume-2\/\" target=\"_blank\" rel=\"noopener\">Per saperne di pi\u00f9 sul CD Melodie ebraiche per violoncello e piano, volume 2<\/a><\/p>\n<p><strong>Informazioni\/ordini\/contatto stampa<\/strong>\u00a0allo +33 1 45 82 20 52 o\u00a0<a href=\"mailto:contact@iemj.org\" target=\"_blank\" rel=\"noopener\">contact@iemj.org<\/a><\/p>\n<p><a href=\"https:\/\/www.iemj.org\/en\/hebrew-melodies-concert\/\" target=\"_blank\" rel=\"noopener\">Guarda gli estratti video del concerto Melodie ebraiche dato all&#8217;Archivio Nazionale di Parigi il 19 giugno 2017<\/a><\/p>\n<p><img fetchpriority=\"high\" decoding=\"async\" class=\" alignleft size-full wp-image-12416\" src=\"https:\/\/www.iemj.org\/wp-content\/uploads\/2016\/12\/cdc-001_couv4_siteiemj.jpg\" alt=\"cdc-001_couv4_siteiemj.jpg\" width=\"634\" height=\"538\" align=\"left\" srcset=\"https:\/\/www.iemj.org\/wp-content\/uploads\/2016\/12\/cdc-001_couv4_siteiemj.jpg 634w, https:\/\/www.iemj.org\/wp-content\/uploads\/2016\/12\/cdc-001_couv4_siteiemj-300x255.jpg 300w, https:\/\/www.iemj.org\/wp-content\/uploads\/2016\/12\/cdc-001_couv4_siteiemj-600x509.jpg 600w\" sizes=\"(max-width: 634px) 100vw, 634px\" \/><\/p>\n\n\n<h2 class=\"wp-block-heading\"><\/h2>\n\n\n\n<p><\/p>\n\n\n\n<p><\/p>\n\n\n\n<p><\/p>\n\n\n\n<p><\/p>\n\n\n\n<p><\/p>\n\n\n\n<p><\/p>\n\n\n\n<p><\/p>\n\n\n\n<p><\/p>\n\n\n\n<p><\/p>\n\n\n\n<p><\/p>\n\n\n\n<p><\/p>\n\n\n\n<p><\/p>\n\n\n\n<p><\/p>\n\n\n<div class=\"wp-block-image\">\n<figure class=\"aligncenter size-large\"><img decoding=\"async\" width=\"1024\" height=\"133\" src=\"https:\/\/www.iemj.org\/wp-content\/uploads\/2024\/03\/AUDIO-PLAYER-1024x133.png\" alt=\"\" class=\"wp-image-110609\" srcset=\"https:\/\/www.iemj.org\/wp-content\/uploads\/2024\/03\/AUDIO-PLAYER-1024x133.png 1024w, https:\/\/www.iemj.org\/wp-content\/uploads\/2024\/03\/AUDIO-PLAYER-300x39.png 300w, https:\/\/www.iemj.org\/wp-content\/uploads\/2024\/03\/AUDIO-PLAYER-768x100.png 768w, https:\/\/www.iemj.org\/wp-content\/uploads\/2024\/03\/AUDIO-PLAYER-600x78.png 600w, https:\/\/www.iemj.org\/wp-content\/uploads\/2024\/03\/AUDIO-PLAYER.png 1210w\" sizes=\"(max-width: 1024px) 100vw, 1024px\" \/><\/figure>\n<\/div>\n\n\n<div class=\"wp-block-file\"><a href=\"https:\/\/www.iemj.org\/wp-content\/uploads\/2016\/12\/04_maurice_ravel_kaddisch_siteiemj.mp3\">Ravel &#8211; Kaddisch<\/a><\/div>\n\n\n\n<div class=\"wp-block-file\"><a href=\"https:\/\/www.iemj.org\/wp-content\/uploads\/2016\/12\/03_leon_algazi_zait_gezunt_siteiemj.mp3\">Algazi &#8211; Za\u00eft gezunt<\/a><\/div>\n\n\n\n<div class=\"wp-block-file\"><a href=\"https:\/\/www.iemj.org\/wp-content\/uploads\/2016\/12\/07_viktor_ullmann_margarithelech_siteiemj.mp3\">Ullmann &#8211; Margarithelech<\/a><\/div>\n\n\n\n<div class=\"wp-block-file\"><a href=\"https:\/\/www.iemj.org\/wp-content\/uploads\/2016\/12\/12_joseph_achron_canzonetta_siteiemj.mp3\">Achron &#8211; Canzonetta<\/a><\/div>\n\n\n\n<div class=\"wp-block-file\"><a href=\"https:\/\/www.iemj.org\/wp-content\/uploads\/2016\/12\/13_ernest_bloch_prayer_siteiemj.mp3\">Bloch &#8211; Prayer<\/a><\/div>\n\n\n\n<div class=\"wp-block-file\"><a href=\"https:\/\/www.iemj.org\/wp-content\/uploads\/2016\/12\/18_darius_milhaud_chant_hassidique_siteiemj.mp3\">Milhaud &#8211; Chant hassidique<\/a><\/div>\n\n\n\n<div class=\"wp-block-file\"><a href=\"https:\/\/www.iemj.org\/wp-content\/uploads\/2016\/12\/19_joachim_stutschewsky_dance_siteiemj.mp3\">Stutschewsky &#8211;  Dance<\/a><\/div>\n\n\n\n<div class=\"wp-block-file\"><a href=\"https:\/\/www.iemj.org\/wp-content\/uploads\/2016\/12\/25_joaquin_nin-culmell_la_rosa_enflorece_siteiemj.mp3\">Nin-Culmell &#8211; La rosa enflorece<\/a><\/div>\n\n\n\n<div class=\"wp-block-file\"><a href=\"https:\/\/www.iemj.org\/wp-content\/uploads\/2016\/12\/29_dimitri_chostakovitch_song_of_misery_siteiemj.mp3\">Chostakovitch &#8211; Song of misery<\/a><\/div>\n\n\n\n<div class=\"wp-block-file\"><a href=\"https:\/\/www.iemj.org\/wp-content\/uploads\/2016\/12\/30_max_bruch_kol_nidrei_siteiemj.mp3\">Bruch &#8211; Kol Nidrei<\/a><\/div>\n","protected":false},"excerpt":{"rendered":"<p>\u00a0 PUBBLICAZIONE DEL PRIMO CD DELLA COLLEZIONE &#8220;CLASSICI&#8221;<\/p>\n","protected":false},"author":1045,"featured_media":51202,"comment_status":"closed","ping_status":"open","sticky":false,"template":"","format":"standard","meta":{"_acf_changed":false,"footnotes":""},"categories":[1360,2200,1361],"tags":[],"technique":[],"squelettes":[],"sujet":[],"formation":[],"genre":[1901],"fonds":[],"tradition":[],"type-de-contenu":[],"interprete-compositeur":[3114,3130,3144,3249,3310],"frise":[],"type-devenement":[],"tableaux-liens-externes":[],"class_list":["post-51201","post","type-post","status-publish","format-standard","has-post-thumbnail","hentry","category-cd-iemj-it","category-collezione-classica-it","category-pubblicazioni-it","genre-musica-classica-it","interprete-compositeur-charles-valentin-alkan-it","interprete-compositeur-darius-milhaud-it","interprete-compositeur-ernest-bloch-it","interprete-compositeur-leon-algazi-it","interprete-compositeur-viktor-ullmann-it"],"acf":[],"yoast_head":"<!-- This site is optimized with the Yoast SEO plugin v27.3 - https:\/\/yoast.com\/product\/yoast-seo-wordpress\/ -->\n<title>Melodie ebraiche per violoncello e piano - Institut Europ\u00e9en des Musiques Juives<\/title>\n<meta name=\"robots\" content=\"index, follow, max-snippet:-1, max-image-preview:large, max-video-preview:-1\" \/>\n<link rel=\"canonical\" href=\"https:\/\/www.iemj.org\/it\/melodies-hebraiques-pour-violoncelle-et-piano\/\" \/>\n<meta property=\"og:locale\" content=\"it_IT\" \/>\n<meta property=\"og:type\" content=\"article\" \/>\n<meta property=\"og:title\" content=\"Melodie ebraiche per violoncello e piano - Institut Europ\u00e9en des Musiques Juives\" \/>\n<meta property=\"og:description\" content=\"\u00a0 PUBBLICAZIONE DEL PRIMO CD DELLA COLLEZIONE &#8220;CLASSICI&#8221;\" \/>\n<meta property=\"og:url\" content=\"https:\/\/www.iemj.org\/it\/melodies-hebraiques-pour-violoncelle-et-piano\/\" \/>\n<meta property=\"og:site_name\" content=\"Institut Europ\u00e9en des Musiques Juives\" \/>\n<meta property=\"article:publisher\" content=\"https:\/\/www.facebook.com\/MusiquesJuives\/\" \/>\n<meta property=\"article:published_time\" content=\"2016-12-07T14:52:01+00:00\" \/>\n<meta property=\"article:modified_time\" content=\"2025-04-07T10:01:22+00:00\" \/>\n<meta property=\"og:image\" content=\"https:\/\/www.iemj.org\/wp-content\/uploads\/2016\/12\/arton1984.jpg\" \/>\n\t<meta property=\"og:image:width\" content=\"615\" \/>\n\t<meta property=\"og:image:height\" content=\"555\" \/>\n\t<meta property=\"og:image:type\" content=\"image\/jpeg\" \/>\n<meta name=\"author\" content=\"Herv\u00e9 Roten\" \/>\n<meta name=\"twitter:card\" content=\"summary_large_image\" \/>\n<meta name=\"twitter:label1\" content=\"Scritto da\" \/>\n\t<meta name=\"twitter:data1\" content=\"Herv\u00e9 Roten\" \/>\n\t<meta name=\"twitter:label2\" content=\"Tempo di lettura stimato\" \/>\n\t<meta name=\"twitter:data2\" content=\"2 minuti\" \/>\n<script type=\"application\/ld+json\" class=\"yoast-schema-graph\">{\"@context\":\"https:\\\/\\\/schema.org\",\"@graph\":[{\"@type\":\"Article\",\"@id\":\"https:\\\/\\\/www.iemj.org\\\/it\\\/melodies-hebraiques-pour-violoncelle-et-piano\\\/#article\",\"isPartOf\":{\"@id\":\"https:\\\/\\\/www.iemj.org\\\/it\\\/melodies-hebraiques-pour-violoncelle-et-piano\\\/\"},\"author\":{\"name\":\"Herv\u00e9 Roten\",\"@id\":\"https:\\\/\\\/www.iemj.org\\\/it\\\/#\\\/schema\\\/person\\\/906134402c29d5c76e7b726261dd4bbd\"},\"headline\":\"Melodie ebraiche per violoncello e piano\",\"datePublished\":\"2016-12-07T14:52:01+00:00\",\"dateModified\":\"2025-04-07T10:01:22+00:00\",\"mainEntityOfPage\":{\"@id\":\"https:\\\/\\\/www.iemj.org\\\/it\\\/melodies-hebraiques-pour-violoncelle-et-piano\\\/\"},\"wordCount\":196,\"publisher\":{\"@id\":\"https:\\\/\\\/www.iemj.org\\\/it\\\/#organization\"},\"image\":{\"@id\":\"https:\\\/\\\/www.iemj.org\\\/it\\\/melodies-hebraiques-pour-violoncelle-et-piano\\\/#primaryimage\"},\"thumbnailUrl\":\"https:\\\/\\\/www.iemj.org\\\/wp-content\\\/uploads\\\/2016\\\/12\\\/arton1984.jpg\",\"articleSection\":[\"CD IEMJ\",\"Collezione Classica\",\"Pubblicazioni\"],\"inLanguage\":\"it-IT\"},{\"@type\":\"WebPage\",\"@id\":\"https:\\\/\\\/www.iemj.org\\\/it\\\/melodies-hebraiques-pour-violoncelle-et-piano\\\/\",\"url\":\"https:\\\/\\\/www.iemj.org\\\/it\\\/melodies-hebraiques-pour-violoncelle-et-piano\\\/\",\"name\":\"Melodie ebraiche per violoncello e piano - Institut Europ\u00e9en des Musiques Juives\",\"isPartOf\":{\"@id\":\"https:\\\/\\\/www.iemj.org\\\/it\\\/#website\"},\"primaryImageOfPage\":{\"@id\":\"https:\\\/\\\/www.iemj.org\\\/it\\\/melodies-hebraiques-pour-violoncelle-et-piano\\\/#primaryimage\"},\"image\":{\"@id\":\"https:\\\/\\\/www.iemj.org\\\/it\\\/melodies-hebraiques-pour-violoncelle-et-piano\\\/#primaryimage\"},\"thumbnailUrl\":\"https:\\\/\\\/www.iemj.org\\\/wp-content\\\/uploads\\\/2016\\\/12\\\/arton1984.jpg\",\"datePublished\":\"2016-12-07T14:52:01+00:00\",\"dateModified\":\"2025-04-07T10:01:22+00:00\",\"breadcrumb\":{\"@id\":\"https:\\\/\\\/www.iemj.org\\\/it\\\/melodies-hebraiques-pour-violoncelle-et-piano\\\/#breadcrumb\"},\"inLanguage\":\"it-IT\",\"potentialAction\":[{\"@type\":\"ReadAction\",\"target\":[\"https:\\\/\\\/www.iemj.org\\\/it\\\/melodies-hebraiques-pour-violoncelle-et-piano\\\/\"]}]},{\"@type\":\"ImageObject\",\"inLanguage\":\"it-IT\",\"@id\":\"https:\\\/\\\/www.iemj.org\\\/it\\\/melodies-hebraiques-pour-violoncelle-et-piano\\\/#primaryimage\",\"url\":\"https:\\\/\\\/www.iemj.org\\\/wp-content\\\/uploads\\\/2016\\\/12\\\/arton1984.jpg\",\"contentUrl\":\"https:\\\/\\\/www.iemj.org\\\/wp-content\\\/uploads\\\/2016\\\/12\\\/arton1984.jpg\",\"width\":615,\"height\":555},{\"@type\":\"BreadcrumbList\",\"@id\":\"https:\\\/\\\/www.iemj.org\\\/it\\\/melodies-hebraiques-pour-violoncelle-et-piano\\\/#breadcrumb\",\"itemListElement\":[{\"@type\":\"ListItem\",\"position\":1,\"name\":\"Accueil\",\"item\":\"https:\\\/\\\/www.iemj.org\\\/it\\\/\"},{\"@type\":\"ListItem\",\"position\":2,\"name\":\"Melodie ebraiche per violoncello e piano\"}]},{\"@type\":\"WebSite\",\"@id\":\"https:\\\/\\\/www.iemj.org\\\/it\\\/#website\",\"url\":\"https:\\\/\\\/www.iemj.org\\\/it\\\/\",\"name\":\"Institut Europ\u00e9en des Musiques Juives\",\"description\":\"Des traditions musicales \u00e0 la port\u00e9e de tous\",\"publisher\":{\"@id\":\"https:\\\/\\\/www.iemj.org\\\/it\\\/#organization\"},\"potentialAction\":[{\"@type\":\"SearchAction\",\"target\":{\"@type\":\"EntryPoint\",\"urlTemplate\":\"https:\\\/\\\/www.iemj.org\\\/it\\\/?s={search_term_string}\"},\"query-input\":{\"@type\":\"PropertyValueSpecification\",\"valueRequired\":true,\"valueName\":\"search_term_string\"}}],\"inLanguage\":\"it-IT\"},{\"@type\":\"Organization\",\"@id\":\"https:\\\/\\\/www.iemj.org\\\/it\\\/#organization\",\"name\":\"Institut Europ\u00e9en des Musiques Juives\",\"url\":\"https:\\\/\\\/www.iemj.org\\\/it\\\/\",\"logo\":{\"@type\":\"ImageObject\",\"inLanguage\":\"it-IT\",\"@id\":\"https:\\\/\\\/www.iemj.org\\\/it\\\/#\\\/schema\\\/logo\\\/image\\\/\",\"url\":\"https:\\\/\\\/www.iemj.org\\\/wp-content\\\/uploads\\\/2021\\\/09\\\/Logo-IEMJ-Paypal.jpg\",\"contentUrl\":\"https:\\\/\\\/www.iemj.org\\\/wp-content\\\/uploads\\\/2021\\\/09\\\/Logo-IEMJ-Paypal.jpg\",\"width\":150,\"height\":50,\"caption\":\"Institut Europ\u00e9en des Musiques Juives\"},\"image\":{\"@id\":\"https:\\\/\\\/www.iemj.org\\\/it\\\/#\\\/schema\\\/logo\\\/image\\\/\"},\"sameAs\":[\"https:\\\/\\\/www.facebook.com\\\/MusiquesJuives\\\/\",\"https:\\\/\\\/www.instagram.com\\\/musiquesjuives\\\/\",\"https:\\\/\\\/www.youtube.com\\\/user\\\/musiquesjuives\"]},{\"@type\":\"Person\",\"@id\":\"https:\\\/\\\/www.iemj.org\\\/it\\\/#\\\/schema\\\/person\\\/906134402c29d5c76e7b726261dd4bbd\",\"name\":\"Herv\u00e9 Roten\",\"image\":{\"@type\":\"ImageObject\",\"inLanguage\":\"it-IT\",\"@id\":\"https:\\\/\\\/secure.gravatar.com\\\/avatar\\\/f96ad2db538a26481f18384936b5cd0610c92d390c4dc382209216d455f685ff?s=96&d=mm&r=g\",\"url\":\"https:\\\/\\\/secure.gravatar.com\\\/avatar\\\/f96ad2db538a26481f18384936b5cd0610c92d390c4dc382209216d455f685ff?s=96&d=mm&r=g\",\"contentUrl\":\"https:\\\/\\\/secure.gravatar.com\\\/avatar\\\/f96ad2db538a26481f18384936b5cd0610c92d390c4dc382209216d455f685ff?s=96&d=mm&r=g\",\"caption\":\"Herv\u00e9 Roten\"}}]}<\/script>\n<!-- \/ Yoast SEO plugin. -->","yoast_head_json":{"title":"Melodie ebraiche per violoncello e piano - Institut Europ\u00e9en des Musiques Juives","robots":{"index":"index","follow":"follow","max-snippet":"max-snippet:-1","max-image-preview":"max-image-preview:large","max-video-preview":"max-video-preview:-1"},"canonical":"https:\/\/www.iemj.org\/it\/melodies-hebraiques-pour-violoncelle-et-piano\/","og_locale":"it_IT","og_type":"article","og_title":"Melodie ebraiche per violoncello e piano - Institut Europ\u00e9en des Musiques Juives","og_description":"\u00a0 PUBBLICAZIONE DEL PRIMO CD DELLA COLLEZIONE &#8220;CLASSICI&#8221;","og_url":"https:\/\/www.iemj.org\/it\/melodies-hebraiques-pour-violoncelle-et-piano\/","og_site_name":"Institut Europ\u00e9en des Musiques Juives","article_publisher":"https:\/\/www.facebook.com\/MusiquesJuives\/","article_published_time":"2016-12-07T14:52:01+00:00","article_modified_time":"2025-04-07T10:01:22+00:00","og_image":[{"width":615,"height":555,"url":"https:\/\/www.iemj.org\/wp-content\/uploads\/2016\/12\/arton1984.jpg","type":"image\/jpeg"}],"author":"Herv\u00e9 Roten","twitter_card":"summary_large_image","twitter_misc":{"Scritto da":"Herv\u00e9 Roten","Tempo di lettura stimato":"2 minuti"},"schema":{"@context":"https:\/\/schema.org","@graph":[{"@type":"Article","@id":"https:\/\/www.iemj.org\/it\/melodies-hebraiques-pour-violoncelle-et-piano\/#article","isPartOf":{"@id":"https:\/\/www.iemj.org\/it\/melodies-hebraiques-pour-violoncelle-et-piano\/"},"author":{"name":"Herv\u00e9 Roten","@id":"https:\/\/www.iemj.org\/it\/#\/schema\/person\/906134402c29d5c76e7b726261dd4bbd"},"headline":"Melodie ebraiche per violoncello e piano","datePublished":"2016-12-07T14:52:01+00:00","dateModified":"2025-04-07T10:01:22+00:00","mainEntityOfPage":{"@id":"https:\/\/www.iemj.org\/it\/melodies-hebraiques-pour-violoncelle-et-piano\/"},"wordCount":196,"publisher":{"@id":"https:\/\/www.iemj.org\/it\/#organization"},"image":{"@id":"https:\/\/www.iemj.org\/it\/melodies-hebraiques-pour-violoncelle-et-piano\/#primaryimage"},"thumbnailUrl":"https:\/\/www.iemj.org\/wp-content\/uploads\/2016\/12\/arton1984.jpg","articleSection":["CD IEMJ","Collezione Classica","Pubblicazioni"],"inLanguage":"it-IT"},{"@type":"WebPage","@id":"https:\/\/www.iemj.org\/it\/melodies-hebraiques-pour-violoncelle-et-piano\/","url":"https:\/\/www.iemj.org\/it\/melodies-hebraiques-pour-violoncelle-et-piano\/","name":"Melodie ebraiche per violoncello e piano - Institut Europ\u00e9en des Musiques Juives","isPartOf":{"@id":"https:\/\/www.iemj.org\/it\/#website"},"primaryImageOfPage":{"@id":"https:\/\/www.iemj.org\/it\/melodies-hebraiques-pour-violoncelle-et-piano\/#primaryimage"},"image":{"@id":"https:\/\/www.iemj.org\/it\/melodies-hebraiques-pour-violoncelle-et-piano\/#primaryimage"},"thumbnailUrl":"https:\/\/www.iemj.org\/wp-content\/uploads\/2016\/12\/arton1984.jpg","datePublished":"2016-12-07T14:52:01+00:00","dateModified":"2025-04-07T10:01:22+00:00","breadcrumb":{"@id":"https:\/\/www.iemj.org\/it\/melodies-hebraiques-pour-violoncelle-et-piano\/#breadcrumb"},"inLanguage":"it-IT","potentialAction":[{"@type":"ReadAction","target":["https:\/\/www.iemj.org\/it\/melodies-hebraiques-pour-violoncelle-et-piano\/"]}]},{"@type":"ImageObject","inLanguage":"it-IT","@id":"https:\/\/www.iemj.org\/it\/melodies-hebraiques-pour-violoncelle-et-piano\/#primaryimage","url":"https:\/\/www.iemj.org\/wp-content\/uploads\/2016\/12\/arton1984.jpg","contentUrl":"https:\/\/www.iemj.org\/wp-content\/uploads\/2016\/12\/arton1984.jpg","width":615,"height":555},{"@type":"BreadcrumbList","@id":"https:\/\/www.iemj.org\/it\/melodies-hebraiques-pour-violoncelle-et-piano\/#breadcrumb","itemListElement":[{"@type":"ListItem","position":1,"name":"Accueil","item":"https:\/\/www.iemj.org\/it\/"},{"@type":"ListItem","position":2,"name":"Melodie ebraiche per violoncello e piano"}]},{"@type":"WebSite","@id":"https:\/\/www.iemj.org\/it\/#website","url":"https:\/\/www.iemj.org\/it\/","name":"Institut Europ\u00e9en des Musiques Juives","description":"Des traditions musicales \u00e0 la port\u00e9e de tous","publisher":{"@id":"https:\/\/www.iemj.org\/it\/#organization"},"potentialAction":[{"@type":"SearchAction","target":{"@type":"EntryPoint","urlTemplate":"https:\/\/www.iemj.org\/it\/?s={search_term_string}"},"query-input":{"@type":"PropertyValueSpecification","valueRequired":true,"valueName":"search_term_string"}}],"inLanguage":"it-IT"},{"@type":"Organization","@id":"https:\/\/www.iemj.org\/it\/#organization","name":"Institut Europ\u00e9en des Musiques Juives","url":"https:\/\/www.iemj.org\/it\/","logo":{"@type":"ImageObject","inLanguage":"it-IT","@id":"https:\/\/www.iemj.org\/it\/#\/schema\/logo\/image\/","url":"https:\/\/www.iemj.org\/wp-content\/uploads\/2021\/09\/Logo-IEMJ-Paypal.jpg","contentUrl":"https:\/\/www.iemj.org\/wp-content\/uploads\/2021\/09\/Logo-IEMJ-Paypal.jpg","width":150,"height":50,"caption":"Institut Europ\u00e9en des Musiques Juives"},"image":{"@id":"https:\/\/www.iemj.org\/it\/#\/schema\/logo\/image\/"},"sameAs":["https:\/\/www.facebook.com\/MusiquesJuives\/","https:\/\/www.instagram.com\/musiquesjuives\/","https:\/\/www.youtube.com\/user\/musiquesjuives"]},{"@type":"Person","@id":"https:\/\/www.iemj.org\/it\/#\/schema\/person\/906134402c29d5c76e7b726261dd4bbd","name":"Herv\u00e9 Roten","image":{"@type":"ImageObject","inLanguage":"it-IT","@id":"https:\/\/secure.gravatar.com\/avatar\/f96ad2db538a26481f18384936b5cd0610c92d390c4dc382209216d455f685ff?s=96&d=mm&r=g","url":"https:\/\/secure.gravatar.com\/avatar\/f96ad2db538a26481f18384936b5cd0610c92d390c4dc382209216d455f685ff?s=96&d=mm&r=g","contentUrl":"https:\/\/secure.gravatar.com\/avatar\/f96ad2db538a26481f18384936b5cd0610c92d390c4dc382209216d455f685ff?s=96&d=mm&r=g","caption":"Herv\u00e9 Roten"}}]}},"_links":{"self":[{"href":"https:\/\/www.iemj.org\/it\/wp-json\/wp\/v2\/posts\/51201","targetHints":{"allow":["GET"]}}],"collection":[{"href":"https:\/\/www.iemj.org\/it\/wp-json\/wp\/v2\/posts"}],"about":[{"href":"https:\/\/www.iemj.org\/it\/wp-json\/wp\/v2\/types\/post"}],"author":[{"embeddable":true,"href":"https:\/\/www.iemj.org\/it\/wp-json\/wp\/v2\/users\/1045"}],"replies":[{"embeddable":true,"href":"https:\/\/www.iemj.org\/it\/wp-json\/wp\/v2\/comments?post=51201"}],"version-history":[{"count":0,"href":"https:\/\/www.iemj.org\/it\/wp-json\/wp\/v2\/posts\/51201\/revisions"}],"wp:featuredmedia":[{"embeddable":true,"href":"https:\/\/www.iemj.org\/it\/wp-json\/wp\/v2\/media\/51202"}],"wp:attachment":[{"href":"https:\/\/www.iemj.org\/it\/wp-json\/wp\/v2\/media?parent=51201"}],"wp:term":[{"taxonomy":"category","embeddable":true,"href":"https:\/\/www.iemj.org\/it\/wp-json\/wp\/v2\/categories?post=51201"},{"taxonomy":"post_tag","embeddable":true,"href":"https:\/\/www.iemj.org\/it\/wp-json\/wp\/v2\/tags?post=51201"},{"taxonomy":"technique","embeddable":true,"href":"https:\/\/www.iemj.org\/it\/wp-json\/wp\/v2\/technique?post=51201"},{"taxonomy":"squelettes","embeddable":true,"href":"https:\/\/www.iemj.org\/it\/wp-json\/wp\/v2\/squelettes?post=51201"},{"taxonomy":"sujet","embeddable":true,"href":"https:\/\/www.iemj.org\/it\/wp-json\/wp\/v2\/sujet?post=51201"},{"taxonomy":"formation","embeddable":true,"href":"https:\/\/www.iemj.org\/it\/wp-json\/wp\/v2\/formation?post=51201"},{"taxonomy":"genre","embeddable":true,"href":"https:\/\/www.iemj.org\/it\/wp-json\/wp\/v2\/genre?post=51201"},{"taxonomy":"fonds","embeddable":true,"href":"https:\/\/www.iemj.org\/it\/wp-json\/wp\/v2\/fonds?post=51201"},{"taxonomy":"tradition","embeddable":true,"href":"https:\/\/www.iemj.org\/it\/wp-json\/wp\/v2\/tradition?post=51201"},{"taxonomy":"type-de-contenu","embeddable":true,"href":"https:\/\/www.iemj.org\/it\/wp-json\/wp\/v2\/type-de-contenu?post=51201"},{"taxonomy":"interprete-compositeur","embeddable":true,"href":"https:\/\/www.iemj.org\/it\/wp-json\/wp\/v2\/interprete-compositeur?post=51201"},{"taxonomy":"frise","embeddable":true,"href":"https:\/\/www.iemj.org\/it\/wp-json\/wp\/v2\/frise?post=51201"},{"taxonomy":"type-devenement","embeddable":true,"href":"https:\/\/www.iemj.org\/it\/wp-json\/wp\/v2\/type-devenement?post=51201"},{"taxonomy":"tableaux-liens-externes","embeddable":true,"href":"https:\/\/www.iemj.org\/it\/wp-json\/wp\/v2\/tableaux-liens-externes?post=51201"}],"curies":[{"name":"wp","href":"https:\/\/api.w.org\/{rel}","templated":true}]}}