{"id":51324,"date":"2017-10-16T17:47:44","date_gmt":"2017-10-16T15:47:44","guid":{"rendered":"https:\/\/www.iemj.org\/musique-francaise-avant-et-apres-la-grande-guerre\/"},"modified":"2025-08-27T10:59:33","modified_gmt":"2025-08-27T08:59:33","slug":"musique-francaise-avant-et-apres-la-grande-guerre","status":"publish","type":"post","link":"https:\/\/www.iemj.org\/it\/musique-francaise-avant-et-apres-la-grande-guerre\/","title":{"rendered":"Musica francese prima e dopo la Grande Guerra"},"content":{"rendered":"<h3>\u00a0<\/h3>\n<h3><strong>TERZO CD DELLA COLLEZIONE &#8220;CLASSICI&#8221;<\/strong><\/h3>\n<p><!--more--><\/p>\n<p><span style=\"font-size: inherit;\">La Prima Guerra mondiale ha prodotto in Europa un profondo sconvolgimento al quale non \u00e8 sfuggita la creazione musicale. Interpretate dall&#8217;<strong>orchestra del Campus d&#8217;Orsay<\/strong>, diretta da <strong>Martin Barral<\/strong>, ed il pianista <strong>Olivier Herbay<\/strong>, le opere riunite su questo disco illustrano questo proposito : la Sinfonia in ut minore di <\/span><a style=\"font-size: inherit;\" href=\"https:\/\/www.iemj.org\/it\/halphen-fernand-1872-1917\/\">Fernand Halphen<\/a><span style=\"font-size: inherit;\"> (1872-1917) &#8211;\u00a0scritta nel 1896-1897\u00a0 ma che non era mai stata registrata fino ad oggi &#8211; appartiene ancora al XIX secolo, sia in termini di classicismo del linguaggio che della <strong>ricerca<\/strong> espressiva, mentre il Concerto per la mano sinistra di <\/span><a style=\"font-size: inherit;\" href=\"https:\/\/fr.wikipedia.org\/wiki\/Maurice_Ravel\">Maurice Ravel <\/a><span style=\"font-size: inherit;\"> (1875-1937), <\/span>risolutamente volto verso la modernit\u00e0, \u00e8 il frutto di un compositore nella sua piena maturit\u00e0, undici anni dopo la fine del conflitto.<\/p>\n<p><strong>Riunire le opere di questi compositori, indipendentemente dal loro livello di notoriet\u00e0, permette di rendere meglio conto della diversit\u00e0 stilistica della produzione musicale francese prima e dopo la guerra del 14.<\/strong><\/p>\n<p>CD realizzato con il sostegno della <a href=\"http:\/\/www.u-psud.fr\/fr\/index.html\">Universit\u00e9 Paris Sud<\/a>, della <a href=\"http:\/\/www.fondationshoah.org\/\">Fondation pour la M\u00e9moire de la Shoah<\/a> e la <a href=\"https:\/\/www.fondationjudaisme.org\/\">Fondation du Juda\u00efsme Fran\u00e7ais<\/a>.<\/p>\n<p><a href=\"https:\/\/www.iemj.org\/en\/product\/hebrew-melodies-3\/\" target=\"_blank\" rel=\"noopener\">Ordinare il CD nel negozio online dell\u2019IEMJ<\/a><\/p>\n<p><a href=\"https:\/\/www.iemj.org\/wp-content\/uploads\/2018\/02\/pressbook_cdc_3.pdf\" target=\"_blank\" rel=\"noopener\">Scarica il pressbook del CD Musica francese prima e dopo la Grande Guerra<\/a><\/p>\n<p><br \/><iframe src=\"https:\/\/www.youtube.com\/embed\/zawLvkuQgic\" width=\"720\" height=\"410\" frameborder=\"0\" allowfullscreen=\"allowfullscreen\"><\/iframe><\/p>\n\n\n<h2 class=\"wp-block-heading\"><\/h2>\n\n\n<div class=\"wp-block-image\">\n<figure class=\"aligncenter size-large\"><img fetchpriority=\"high\" decoding=\"async\" width=\"1024\" height=\"133\" src=\"https:\/\/www.iemj.org\/wp-content\/uploads\/2024\/03\/AUDIO-PLAYER-1024x133.png\" alt=\"\" class=\"wp-image-110609\" srcset=\"https:\/\/www.iemj.org\/wp-content\/uploads\/2024\/03\/AUDIO-PLAYER-1024x133.png 1024w, https:\/\/www.iemj.org\/wp-content\/uploads\/2024\/03\/AUDIO-PLAYER-300x39.png 300w, https:\/\/www.iemj.org\/wp-content\/uploads\/2024\/03\/AUDIO-PLAYER-768x100.png 768w, https:\/\/www.iemj.org\/wp-content\/uploads\/2024\/03\/AUDIO-PLAYER-600x78.png 600w, https:\/\/www.iemj.org\/wp-content\/uploads\/2024\/03\/AUDIO-PLAYER.png 1210w\" sizes=\"(max-width: 1024px) 100vw, 1024px\" \/><\/figure>\n<\/div>\n\n\n<div class=\"wp-block-file\"><a href=\"https:\/\/www.iemj.org\/wp-content\/uploads\/2017\/10\/ravel_concerto_main_gauche-debut_siteiemj.mp3\">Maurice RAVEL Concerto pour la main gauche<\/a><\/div>\n\n\n\n<div class=\"wp-block-file\"><a href=\"https:\/\/www.iemj.org\/wp-content\/uploads\/2017\/10\/halphen_symphonie_1-allegro_siteiemj.mp3\">Fernand HALPHEN Symphonie mouvement 1 &#8211; Allegro<\/a><\/div>\n\n\n\n<div class=\"wp-block-file\"><a href=\"https:\/\/www.iemj.org\/wp-content\/uploads\/2017\/10\/halphen_symphonie_mvt2-andante_siteiemj.mp3\">Fernand HALPHEN Symphonie mouvement 2 &#8211; Andante<\/a><\/div>\n\n\n\n<div class=\"wp-block-file\"><a href=\"https:\/\/www.iemj.org\/wp-content\/uploads\/2017\/10\/halphen_symphonie_mvt3-scherzo_siteiemj.mp3\">Fernand HALPHEN Symphonie mouvement 3 &#8211; Scherzo<\/a><\/div>\n\n\n\n<div class=\"wp-block-file\"><a href=\"https:\/\/www.iemj.org\/wp-content\/uploads\/2017\/10\/halphen_symphonie_mvt4-finale_siteiemj.mp3\">Fernand HALPHEN Symphonie mouvement 4 &#8211; Finale<\/a><\/div>\n","protected":false},"excerpt":{"rendered":"<p>\u00a0 TERZO CD DELLA COLLEZIONE &#8220;CLASSICI&#8221;<\/p>\n","protected":false},"author":5,"featured_media":51325,"comment_status":"closed","ping_status":"open","sticky":false,"template":"","format":"standard","meta":{"_acf_changed":false,"footnotes":""},"categories":[1360,2200,1361],"tags":[],"technique":[],"squelettes":[],"sujet":[],"formation":[],"genre":[1901],"fonds":[],"tradition":[],"type-de-contenu":[],"interprete-compositeur":[3160,3255],"frise":[],"type-devenement":[],"tableaux-liens-externes":[],"class_list":["post-51324","post","type-post","status-publish","format-standard","has-post-thumbnail","hentry","category-cd-iemj-it","category-collezione-classica-it","category-pubblicazioni-it","genre-musica-classica-it","interprete-compositeur-fernand-halphen-it","interprete-compositeur-maurice-ravel-2-it"],"acf":[],"yoast_head":"<!-- This site is optimized with the Yoast SEO plugin v27.3 - https:\/\/yoast.com\/product\/yoast-seo-wordpress\/ -->\n<title>Musica francese prima e dopo la Grande Guerra - Institut Europ\u00e9en des Musiques Juives<\/title>\n<meta name=\"robots\" content=\"index, follow, max-snippet:-1, max-image-preview:large, max-video-preview:-1\" \/>\n<link rel=\"canonical\" href=\"https:\/\/www.iemj.org\/it\/musique-francaise-avant-et-apres-la-grande-guerre\/\" \/>\n<meta property=\"og:locale\" content=\"it_IT\" \/>\n<meta property=\"og:type\" content=\"article\" \/>\n<meta property=\"og:title\" content=\"Musica francese prima e dopo la Grande Guerra - Institut Europ\u00e9en des Musiques Juives\" \/>\n<meta property=\"og:description\" content=\"\u00a0 TERZO CD DELLA COLLEZIONE &#8220;CLASSICI&#8221;\" \/>\n<meta property=\"og:url\" content=\"https:\/\/www.iemj.org\/it\/musique-francaise-avant-et-apres-la-grande-guerre\/\" \/>\n<meta property=\"og:site_name\" content=\"Institut Europ\u00e9en des Musiques Juives\" \/>\n<meta property=\"article:publisher\" content=\"https:\/\/www.facebook.com\/MusiquesJuives\/\" \/>\n<meta property=\"article:published_time\" content=\"2017-10-16T15:47:44+00:00\" \/>\n<meta property=\"article:modified_time\" content=\"2025-08-27T08:59:33+00:00\" \/>\n<meta property=\"og:image\" content=\"https:\/\/www.iemj.org\/wp-content\/uploads\/2017\/10\/arton2516.jpg\" \/>\n\t<meta property=\"og:image:width\" content=\"608\" \/>\n\t<meta property=\"og:image:height\" content=\"538\" \/>\n\t<meta property=\"og:image:type\" content=\"image\/jpeg\" \/>\n<meta name=\"author\" content=\"Jacqueline ROTEN\" \/>\n<meta name=\"twitter:card\" content=\"summary_large_image\" \/>\n<meta name=\"twitter:label1\" content=\"Scritto da\" \/>\n\t<meta name=\"twitter:data1\" content=\"Jacqueline ROTEN\" \/>\n\t<meta name=\"twitter:label2\" content=\"Tempo di lettura stimato\" \/>\n\t<meta name=\"twitter:data2\" content=\"2 minuti\" \/>\n<script type=\"application\/ld+json\" class=\"yoast-schema-graph\">{\"@context\":\"https:\\\/\\\/schema.org\",\"@graph\":[{\"@type\":\"Article\",\"@id\":\"https:\\\/\\\/www.iemj.org\\\/it\\\/musique-francaise-avant-et-apres-la-grande-guerre\\\/#article\",\"isPartOf\":{\"@id\":\"https:\\\/\\\/www.iemj.org\\\/it\\\/musique-francaise-avant-et-apres-la-grande-guerre\\\/\"},\"author\":{\"name\":\"Jacqueline ROTEN\",\"@id\":\"https:\\\/\\\/www.iemj.org\\\/it\\\/#\\\/schema\\\/person\\\/358e26c18aca017fcc4cc15437f7279c\"},\"headline\":\"Musica francese prima e dopo la Grande Guerra\",\"datePublished\":\"2017-10-16T15:47:44+00:00\",\"dateModified\":\"2025-08-27T08:59:33+00:00\",\"mainEntityOfPage\":{\"@id\":\"https:\\\/\\\/www.iemj.org\\\/it\\\/musique-francaise-avant-et-apres-la-grande-guerre\\\/\"},\"wordCount\":236,\"publisher\":{\"@id\":\"https:\\\/\\\/www.iemj.org\\\/it\\\/#organization\"},\"image\":{\"@id\":\"https:\\\/\\\/www.iemj.org\\\/it\\\/musique-francaise-avant-et-apres-la-grande-guerre\\\/#primaryimage\"},\"thumbnailUrl\":\"https:\\\/\\\/www.iemj.org\\\/wp-content\\\/uploads\\\/2017\\\/10\\\/arton2516.jpg\",\"articleSection\":[\"CD IEMJ\",\"Collezione Classica\",\"Pubblicazioni\"],\"inLanguage\":\"it-IT\"},{\"@type\":\"WebPage\",\"@id\":\"https:\\\/\\\/www.iemj.org\\\/it\\\/musique-francaise-avant-et-apres-la-grande-guerre\\\/\",\"url\":\"https:\\\/\\\/www.iemj.org\\\/it\\\/musique-francaise-avant-et-apres-la-grande-guerre\\\/\",\"name\":\"Musica francese prima e dopo la Grande Guerra - Institut Europ\u00e9en des Musiques Juives\",\"isPartOf\":{\"@id\":\"https:\\\/\\\/www.iemj.org\\\/it\\\/#website\"},\"primaryImageOfPage\":{\"@id\":\"https:\\\/\\\/www.iemj.org\\\/it\\\/musique-francaise-avant-et-apres-la-grande-guerre\\\/#primaryimage\"},\"image\":{\"@id\":\"https:\\\/\\\/www.iemj.org\\\/it\\\/musique-francaise-avant-et-apres-la-grande-guerre\\\/#primaryimage\"},\"thumbnailUrl\":\"https:\\\/\\\/www.iemj.org\\\/wp-content\\\/uploads\\\/2017\\\/10\\\/arton2516.jpg\",\"datePublished\":\"2017-10-16T15:47:44+00:00\",\"dateModified\":\"2025-08-27T08:59:33+00:00\",\"breadcrumb\":{\"@id\":\"https:\\\/\\\/www.iemj.org\\\/it\\\/musique-francaise-avant-et-apres-la-grande-guerre\\\/#breadcrumb\"},\"inLanguage\":\"it-IT\",\"potentialAction\":[{\"@type\":\"ReadAction\",\"target\":[\"https:\\\/\\\/www.iemj.org\\\/it\\\/musique-francaise-avant-et-apres-la-grande-guerre\\\/\"]}]},{\"@type\":\"ImageObject\",\"inLanguage\":\"it-IT\",\"@id\":\"https:\\\/\\\/www.iemj.org\\\/it\\\/musique-francaise-avant-et-apres-la-grande-guerre\\\/#primaryimage\",\"url\":\"https:\\\/\\\/www.iemj.org\\\/wp-content\\\/uploads\\\/2017\\\/10\\\/arton2516.jpg\",\"contentUrl\":\"https:\\\/\\\/www.iemj.org\\\/wp-content\\\/uploads\\\/2017\\\/10\\\/arton2516.jpg\",\"width\":608,\"height\":538},{\"@type\":\"BreadcrumbList\",\"@id\":\"https:\\\/\\\/www.iemj.org\\\/it\\\/musique-francaise-avant-et-apres-la-grande-guerre\\\/#breadcrumb\",\"itemListElement\":[{\"@type\":\"ListItem\",\"position\":1,\"name\":\"Accueil\",\"item\":\"https:\\\/\\\/www.iemj.org\\\/it\\\/\"},{\"@type\":\"ListItem\",\"position\":2,\"name\":\"Musica francese prima e dopo la Grande Guerra\"}]},{\"@type\":\"WebSite\",\"@id\":\"https:\\\/\\\/www.iemj.org\\\/it\\\/#website\",\"url\":\"https:\\\/\\\/www.iemj.org\\\/it\\\/\",\"name\":\"Institut Europ\u00e9en des Musiques Juives\",\"description\":\"Des traditions musicales \u00e0 la port\u00e9e de tous\",\"publisher\":{\"@id\":\"https:\\\/\\\/www.iemj.org\\\/it\\\/#organization\"},\"potentialAction\":[{\"@type\":\"SearchAction\",\"target\":{\"@type\":\"EntryPoint\",\"urlTemplate\":\"https:\\\/\\\/www.iemj.org\\\/it\\\/?s={search_term_string}\"},\"query-input\":{\"@type\":\"PropertyValueSpecification\",\"valueRequired\":true,\"valueName\":\"search_term_string\"}}],\"inLanguage\":\"it-IT\"},{\"@type\":\"Organization\",\"@id\":\"https:\\\/\\\/www.iemj.org\\\/it\\\/#organization\",\"name\":\"Institut Europ\u00e9en des Musiques Juives\",\"url\":\"https:\\\/\\\/www.iemj.org\\\/it\\\/\",\"logo\":{\"@type\":\"ImageObject\",\"inLanguage\":\"it-IT\",\"@id\":\"https:\\\/\\\/www.iemj.org\\\/it\\\/#\\\/schema\\\/logo\\\/image\\\/\",\"url\":\"https:\\\/\\\/www.iemj.org\\\/wp-content\\\/uploads\\\/2021\\\/09\\\/Logo-IEMJ-Paypal.jpg\",\"contentUrl\":\"https:\\\/\\\/www.iemj.org\\\/wp-content\\\/uploads\\\/2021\\\/09\\\/Logo-IEMJ-Paypal.jpg\",\"width\":150,\"height\":50,\"caption\":\"Institut Europ\u00e9en des Musiques Juives\"},\"image\":{\"@id\":\"https:\\\/\\\/www.iemj.org\\\/it\\\/#\\\/schema\\\/logo\\\/image\\\/\"},\"sameAs\":[\"https:\\\/\\\/www.facebook.com\\\/MusiquesJuives\\\/\",\"https:\\\/\\\/www.instagram.com\\\/musiquesjuives\\\/\",\"https:\\\/\\\/www.youtube.com\\\/user\\\/musiquesjuives\"]},{\"@type\":\"Person\",\"@id\":\"https:\\\/\\\/www.iemj.org\\\/it\\\/#\\\/schema\\\/person\\\/358e26c18aca017fcc4cc15437f7279c\",\"name\":\"Jacqueline ROTEN\",\"image\":{\"@type\":\"ImageObject\",\"inLanguage\":\"it-IT\",\"@id\":\"https:\\\/\\\/secure.gravatar.com\\\/avatar\\\/5964256d6c6957de3a3505278957e0fb2a35119ac47ea41827a65301213c810b?s=96&d=mm&r=g\",\"url\":\"https:\\\/\\\/secure.gravatar.com\\\/avatar\\\/5964256d6c6957de3a3505278957e0fb2a35119ac47ea41827a65301213c810b?s=96&d=mm&r=g\",\"contentUrl\":\"https:\\\/\\\/secure.gravatar.com\\\/avatar\\\/5964256d6c6957de3a3505278957e0fb2a35119ac47ea41827a65301213c810b?s=96&d=mm&r=g\",\"caption\":\"Jacqueline ROTEN\"}}]}<\/script>\n<!-- \/ Yoast SEO plugin. -->","yoast_head_json":{"title":"Musica francese prima e dopo la Grande Guerra - Institut Europ\u00e9en des Musiques Juives","robots":{"index":"index","follow":"follow","max-snippet":"max-snippet:-1","max-image-preview":"max-image-preview:large","max-video-preview":"max-video-preview:-1"},"canonical":"https:\/\/www.iemj.org\/it\/musique-francaise-avant-et-apres-la-grande-guerre\/","og_locale":"it_IT","og_type":"article","og_title":"Musica francese prima e dopo la Grande Guerra - Institut Europ\u00e9en des Musiques Juives","og_description":"\u00a0 TERZO CD DELLA COLLEZIONE &#8220;CLASSICI&#8221;","og_url":"https:\/\/www.iemj.org\/it\/musique-francaise-avant-et-apres-la-grande-guerre\/","og_site_name":"Institut Europ\u00e9en des Musiques Juives","article_publisher":"https:\/\/www.facebook.com\/MusiquesJuives\/","article_published_time":"2017-10-16T15:47:44+00:00","article_modified_time":"2025-08-27T08:59:33+00:00","og_image":[{"width":608,"height":538,"url":"https:\/\/www.iemj.org\/wp-content\/uploads\/2017\/10\/arton2516.jpg","type":"image\/jpeg"}],"author":"Jacqueline ROTEN","twitter_card":"summary_large_image","twitter_misc":{"Scritto da":"Jacqueline ROTEN","Tempo di lettura stimato":"2 minuti"},"schema":{"@context":"https:\/\/schema.org","@graph":[{"@type":"Article","@id":"https:\/\/www.iemj.org\/it\/musique-francaise-avant-et-apres-la-grande-guerre\/#article","isPartOf":{"@id":"https:\/\/www.iemj.org\/it\/musique-francaise-avant-et-apres-la-grande-guerre\/"},"author":{"name":"Jacqueline ROTEN","@id":"https:\/\/www.iemj.org\/it\/#\/schema\/person\/358e26c18aca017fcc4cc15437f7279c"},"headline":"Musica francese prima e dopo la Grande Guerra","datePublished":"2017-10-16T15:47:44+00:00","dateModified":"2025-08-27T08:59:33+00:00","mainEntityOfPage":{"@id":"https:\/\/www.iemj.org\/it\/musique-francaise-avant-et-apres-la-grande-guerre\/"},"wordCount":236,"publisher":{"@id":"https:\/\/www.iemj.org\/it\/#organization"},"image":{"@id":"https:\/\/www.iemj.org\/it\/musique-francaise-avant-et-apres-la-grande-guerre\/#primaryimage"},"thumbnailUrl":"https:\/\/www.iemj.org\/wp-content\/uploads\/2017\/10\/arton2516.jpg","articleSection":["CD IEMJ","Collezione Classica","Pubblicazioni"],"inLanguage":"it-IT"},{"@type":"WebPage","@id":"https:\/\/www.iemj.org\/it\/musique-francaise-avant-et-apres-la-grande-guerre\/","url":"https:\/\/www.iemj.org\/it\/musique-francaise-avant-et-apres-la-grande-guerre\/","name":"Musica francese prima e dopo la Grande Guerra - Institut Europ\u00e9en des Musiques Juives","isPartOf":{"@id":"https:\/\/www.iemj.org\/it\/#website"},"primaryImageOfPage":{"@id":"https:\/\/www.iemj.org\/it\/musique-francaise-avant-et-apres-la-grande-guerre\/#primaryimage"},"image":{"@id":"https:\/\/www.iemj.org\/it\/musique-francaise-avant-et-apres-la-grande-guerre\/#primaryimage"},"thumbnailUrl":"https:\/\/www.iemj.org\/wp-content\/uploads\/2017\/10\/arton2516.jpg","datePublished":"2017-10-16T15:47:44+00:00","dateModified":"2025-08-27T08:59:33+00:00","breadcrumb":{"@id":"https:\/\/www.iemj.org\/it\/musique-francaise-avant-et-apres-la-grande-guerre\/#breadcrumb"},"inLanguage":"it-IT","potentialAction":[{"@type":"ReadAction","target":["https:\/\/www.iemj.org\/it\/musique-francaise-avant-et-apres-la-grande-guerre\/"]}]},{"@type":"ImageObject","inLanguage":"it-IT","@id":"https:\/\/www.iemj.org\/it\/musique-francaise-avant-et-apres-la-grande-guerre\/#primaryimage","url":"https:\/\/www.iemj.org\/wp-content\/uploads\/2017\/10\/arton2516.jpg","contentUrl":"https:\/\/www.iemj.org\/wp-content\/uploads\/2017\/10\/arton2516.jpg","width":608,"height":538},{"@type":"BreadcrumbList","@id":"https:\/\/www.iemj.org\/it\/musique-francaise-avant-et-apres-la-grande-guerre\/#breadcrumb","itemListElement":[{"@type":"ListItem","position":1,"name":"Accueil","item":"https:\/\/www.iemj.org\/it\/"},{"@type":"ListItem","position":2,"name":"Musica francese prima e dopo la Grande Guerra"}]},{"@type":"WebSite","@id":"https:\/\/www.iemj.org\/it\/#website","url":"https:\/\/www.iemj.org\/it\/","name":"Institut Europ\u00e9en des Musiques Juives","description":"Des traditions musicales \u00e0 la port\u00e9e de tous","publisher":{"@id":"https:\/\/www.iemj.org\/it\/#organization"},"potentialAction":[{"@type":"SearchAction","target":{"@type":"EntryPoint","urlTemplate":"https:\/\/www.iemj.org\/it\/?s={search_term_string}"},"query-input":{"@type":"PropertyValueSpecification","valueRequired":true,"valueName":"search_term_string"}}],"inLanguage":"it-IT"},{"@type":"Organization","@id":"https:\/\/www.iemj.org\/it\/#organization","name":"Institut Europ\u00e9en des Musiques Juives","url":"https:\/\/www.iemj.org\/it\/","logo":{"@type":"ImageObject","inLanguage":"it-IT","@id":"https:\/\/www.iemj.org\/it\/#\/schema\/logo\/image\/","url":"https:\/\/www.iemj.org\/wp-content\/uploads\/2021\/09\/Logo-IEMJ-Paypal.jpg","contentUrl":"https:\/\/www.iemj.org\/wp-content\/uploads\/2021\/09\/Logo-IEMJ-Paypal.jpg","width":150,"height":50,"caption":"Institut Europ\u00e9en des Musiques Juives"},"image":{"@id":"https:\/\/www.iemj.org\/it\/#\/schema\/logo\/image\/"},"sameAs":["https:\/\/www.facebook.com\/MusiquesJuives\/","https:\/\/www.instagram.com\/musiquesjuives\/","https:\/\/www.youtube.com\/user\/musiquesjuives"]},{"@type":"Person","@id":"https:\/\/www.iemj.org\/it\/#\/schema\/person\/358e26c18aca017fcc4cc15437f7279c","name":"Jacqueline ROTEN","image":{"@type":"ImageObject","inLanguage":"it-IT","@id":"https:\/\/secure.gravatar.com\/avatar\/5964256d6c6957de3a3505278957e0fb2a35119ac47ea41827a65301213c810b?s=96&d=mm&r=g","url":"https:\/\/secure.gravatar.com\/avatar\/5964256d6c6957de3a3505278957e0fb2a35119ac47ea41827a65301213c810b?s=96&d=mm&r=g","contentUrl":"https:\/\/secure.gravatar.com\/avatar\/5964256d6c6957de3a3505278957e0fb2a35119ac47ea41827a65301213c810b?s=96&d=mm&r=g","caption":"Jacqueline ROTEN"}}]}},"_links":{"self":[{"href":"https:\/\/www.iemj.org\/it\/wp-json\/wp\/v2\/posts\/51324","targetHints":{"allow":["GET"]}}],"collection":[{"href":"https:\/\/www.iemj.org\/it\/wp-json\/wp\/v2\/posts"}],"about":[{"href":"https:\/\/www.iemj.org\/it\/wp-json\/wp\/v2\/types\/post"}],"author":[{"embeddable":true,"href":"https:\/\/www.iemj.org\/it\/wp-json\/wp\/v2\/users\/5"}],"replies":[{"embeddable":true,"href":"https:\/\/www.iemj.org\/it\/wp-json\/wp\/v2\/comments?post=51324"}],"version-history":[{"count":0,"href":"https:\/\/www.iemj.org\/it\/wp-json\/wp\/v2\/posts\/51324\/revisions"}],"wp:featuredmedia":[{"embeddable":true,"href":"https:\/\/www.iemj.org\/it\/wp-json\/wp\/v2\/media\/51325"}],"wp:attachment":[{"href":"https:\/\/www.iemj.org\/it\/wp-json\/wp\/v2\/media?parent=51324"}],"wp:term":[{"taxonomy":"category","embeddable":true,"href":"https:\/\/www.iemj.org\/it\/wp-json\/wp\/v2\/categories?post=51324"},{"taxonomy":"post_tag","embeddable":true,"href":"https:\/\/www.iemj.org\/it\/wp-json\/wp\/v2\/tags?post=51324"},{"taxonomy":"technique","embeddable":true,"href":"https:\/\/www.iemj.org\/it\/wp-json\/wp\/v2\/technique?post=51324"},{"taxonomy":"squelettes","embeddable":true,"href":"https:\/\/www.iemj.org\/it\/wp-json\/wp\/v2\/squelettes?post=51324"},{"taxonomy":"sujet","embeddable":true,"href":"https:\/\/www.iemj.org\/it\/wp-json\/wp\/v2\/sujet?post=51324"},{"taxonomy":"formation","embeddable":true,"href":"https:\/\/www.iemj.org\/it\/wp-json\/wp\/v2\/formation?post=51324"},{"taxonomy":"genre","embeddable":true,"href":"https:\/\/www.iemj.org\/it\/wp-json\/wp\/v2\/genre?post=51324"},{"taxonomy":"fonds","embeddable":true,"href":"https:\/\/www.iemj.org\/it\/wp-json\/wp\/v2\/fonds?post=51324"},{"taxonomy":"tradition","embeddable":true,"href":"https:\/\/www.iemj.org\/it\/wp-json\/wp\/v2\/tradition?post=51324"},{"taxonomy":"type-de-contenu","embeddable":true,"href":"https:\/\/www.iemj.org\/it\/wp-json\/wp\/v2\/type-de-contenu?post=51324"},{"taxonomy":"interprete-compositeur","embeddable":true,"href":"https:\/\/www.iemj.org\/it\/wp-json\/wp\/v2\/interprete-compositeur?post=51324"},{"taxonomy":"frise","embeddable":true,"href":"https:\/\/www.iemj.org\/it\/wp-json\/wp\/v2\/frise?post=51324"},{"taxonomy":"type-devenement","embeddable":true,"href":"https:\/\/www.iemj.org\/it\/wp-json\/wp\/v2\/type-devenement?post=51324"},{"taxonomy":"tableaux-liens-externes","embeddable":true,"href":"https:\/\/www.iemj.org\/it\/wp-json\/wp\/v2\/tableaux-liens-externes?post=51324"}],"curies":[{"name":"wp","href":"https:\/\/api.w.org\/{rel}","templated":true}]}}