{"id":51541,"date":"2018-09-12T16:42:01","date_gmt":"2018-09-12T14:42:01","guid":{"rendered":"https:\/\/www.iemj.org\/kol-nidre-nouvelles-visions\/"},"modified":"2025-09-23T19:12:31","modified_gmt":"2025-09-23T17:12:31","slug":"kol-nidre-nouvelles-visions","status":"publish","type":"post","link":"https:\/\/www.iemj.org\/it\/kol-nidre-nouvelles-visions\/","title":{"rendered":"Kol Nidre \u2013 Nuove visioni"},"content":{"rendered":"\n<p>\u201cKol Nidr\u00e9\u201d sono con queste parole che inizia l&#8217;imponente e struggente preghiera all\u2019introduzione delle ventiquattro ore del giorno pi\u00f9 solenne dell&#8217;anno ebraico, lo Yom Kippur. La melodia tradizionale di questa preghiera ha sempre esercitato un vero potere di fascino e d\u2019incanto, non solo nel mondo ebraico ma anche in molti compositori che ne hanno tratto una fonte di ispirazione per comporre opere di sublime bellezza.<\/p>\n\n\n<div class=\"wp-block-image\">\n<figure class=\"alignright\"><img decoding=\"async\" width=\"116\" height=\"150\" src=\"https:\/\/www.iemj.org\/wp-content\/uploads\/2018\/09\/mg_2420cdelfino_jf_zygel.jpg\" alt=\"_mg_2420cdelfino_jf_zygel.jpg\" class=\"wp-image-20741\"\/><\/figure>\n<\/div>\n\n\n<p>Nel <span style=\"font-size: inherit;\">2010, l&#8217;Union Lib\u00e9rale Isra\u00e9lite de France (ULIF) e l&#8217;Istituto europeo di musica ebraica (IEMJ) avevano gi\u00e0 prodotto un primo album dal titolo &#8220;<a href=\"https:\/\/www.iemj.org\/en\/kol-nidre-8-visions\/\" target=\"_blank\" rel=\"noopener\">Kol nidr\u00e9 &#8211; Huit visions<\/a>&#8220;. Otto anni dopo, l&#8217;ULIF Copernic e l&#8217;IEMJ si ripetono con la pubblicazione di questo CD che offre dieci nuove visioni musicali della preghiera <\/span><em style=\"font-size: inherit;\">Kol Nidre<\/em><span style=\"font-size: inherit;\">, comprese <\/span><strong style=\"font-size: inherit;\">due creazioni mondiali<\/strong><span style=\"font-size: inherit;\">: il Kol Nidrei di <\/span><strong style=\"font-size: inherit;\">Alexandre Tansman<\/strong><span style=\"font-size: inherit;\"> (manoscritto, 1945) e quello di<\/span><strong style=\"font-size: inherit;\"> Jean-Fran\u00e7ois Zygel<\/strong><span style=\"font-size: inherit;\"> per pianoforte.<\/span><\/p>\n\n\n\n<p>Si pu\u00f2 anche ascoltare il Kol nidr\u00e9 (voce e piano) di <strong>Alberto Hemsi<\/strong>, <strong>Denis Cuniot <\/strong>(improvvisazione jazz), <strong>Eyal Bitton<\/strong> (cantore e coro a cappella), <strong>Ben Zebelman <\/strong>(pianoforte, violino e violoncello), <strong>Sid Robinovitch<\/strong> (chitarra solista) , <strong>Joachim Stutschewsky<\/strong> (arpa e violoncello), <strong>Jean-Fran\u00e7ois Zygel<\/strong> (pianoforte e violoncello) e <strong>Ita\u00ef Daniel<\/strong> (coro, tenore, clarinetto e quartetto d&#8217;archi).<\/p>\n\n\n<div class=\"wp-block-image\">\n<figure class=\"alignleft\"><img decoding=\"async\" width=\"107\" height=\"150\" src=\"https:\/\/www.iemj.org\/wp-content\/uploads\/2018\/09\/magen_bailly.jpg\" alt=\"magen_bailly.jpg\" class=\"wp-image-20743\"\/><\/figure>\n<\/div>\n\n\n<p>Un record di riferimenti eseguiti da artisti di fama mondiale (Martine Bailly, Liat Cohen, Sivan Magen, Jean-Fran\u00e7ois Zygel\u2026) accompagnato da un libretto riccamente documentato (testi di Delphine Horvilleur, Herv\u00e9 Roten e Bruno Fraitag).<\/p>\n\n\n\n<p><em>Questo CD \u00e8 stato prodotto con il supporto della <a href=\"https:\/\/www.fondationjudaisme.org\/\">Fondation du Juda\u00efsme Fran\u00e7ais<\/a>, della Foundation for the Memory of the Shoah (<a href=\"http:\/\/www.fondationshoah.org\/\">Fondation pour la M\u00e9moire de la Shoah<\/a>), della Fondazione Irene e Jacques Darmon, sotto l&#8217;egida della FJF, e dell&#8217;Alleanza israelita universale (<a href=\"https:\/\/www.aiu.org\/fr\/alliance-israelite-universelle\">Alliance Isra\u00e9lite Universelle<\/a>).<\/em><\/p>\n\n\n\n<div style=\"height:10px\" aria-hidden=\"true\" class=\"wp-block-spacer\"><\/div>\n\n\n\n<div class=\"wp-block-buttons is-layout-flex wp-block-buttons-is-layout-flex\">\n<div class=\"wp-block-button has-custom-width wp-block-button__width-100\"><a class=\"wp-block-button__link has-white-color has-text-color has-background has-link-color wp-element-button\" href=\"https:\/\/www.iemj.org\/it\/produit\/kol-nidre-new-visions\/\" style=\"background-color:#3c4b98\" target=\"_blank\" rel=\"noreferrer noopener\"><strong>Ordinare il CD nel negozio online dell\u2019IEMJ<\/strong><\/a><\/div>\n<\/div>\n\n\n\n<div style=\"height:10px\" aria-hidden=\"true\" class=\"wp-block-spacer\"><\/div>\n\n\n\n<p><a href=\"https:\/\/www.iemj.org\/fr\/contenuen-ligne\/emissions-de-radio-109\/autres-emissions-de-radio\/c-est-nouveau-ca-m-interesse-les-deux-dernieres-parutions-de-l-iemj-mahzor-hayim-et-kol-nidre.html?var_mode=calcul\">Ascoltare il programma radiofonico di L\u00e9a Moscona sulle pubblicazioni dei CD Mahzor Hayim e Kol Nidre<\/a><a href=\"https:\/\/www.iemj.org\/cest-nouveau-ca-minteresse-emission-consacree-au-disque-mahzor-hayim-publie-par-liemj\/\"> (in francese) <\/a><\/p>\n\n\n\n<p><strong>Informazioni\/ordini\/contatto stampa<\/strong>&nbsp;allo +33 1 45 82 20 52 o&nbsp;<a href=\"mailto:contact@iemj.org\" target=\"_blank\" rel=\"noopener\">contact@iemj.org<\/a><\/p>\n\n\n\n<div class=\"wp-block-columns is-layout-flex wp-container-core-columns-is-layout-9d6595d7 wp-block-columns-is-layout-flex\">\n<div class=\"wp-block-column is-layout-flow wp-block-column-is-layout-flow\">\n<figure class=\"wp-block-image size-large\"><img decoding=\"async\" width=\"226\" height=\"150\" src=\"https:\/\/www.iemj.org\/wp-content\/uploads\/2018\/09\/mg_2555cdelfino_ensemble_choral_copernic_i_daniel_et_bitton.jpg\" alt=\"_mg_2555cdelfino_ensemble_choral_copernic_i_daniel_et_bitton.jpg\" class=\"wp-image-20745\"\/><\/figure>\n<\/div>\n\n\n\n<div class=\"wp-block-column is-layout-flow wp-block-column-is-layout-flow\">\n<figure class=\"wp-block-image size-large\"><img decoding=\"async\" src=\"https:\/\/www.iemj.org\/wp-content\/uploads\/2018\/09\/mg_2346cdelfino_quatuor_copernic_et_peut-etre_sarah_lefevre.jpg\" alt=\"\"\/><\/figure>\n<\/div>\n\n\n\n<div class=\"wp-block-column is-layout-flow wp-block-column-is-layout-flow\">\n<figure class=\"wp-block-image size-large\"><img decoding=\"async\" src=\"https:\/\/www.iemj.org\/wp-content\/uploads\/2018\/09\/mg_2372cdelfino_trio_guerchovitch-ispir_et_strauss.jpg\" alt=\"\"\/><\/figure>\n<\/div>\n<\/div>\n\n\n\n<figure class=\"wp-block-image alignwide\"><img loading=\"lazy\" decoding=\"async\" width=\"300\" height=\"39\" src=\"https:\/\/www.iemj.org\/wp-content\/uploads\/2024\/03\/AUDIO-PLAYER-300x39.png\" alt=\"\" class=\"wp-image-110609\" srcset=\"https:\/\/www.iemj.org\/wp-content\/uploads\/2024\/03\/AUDIO-PLAYER-300x39.png 300w, https:\/\/www.iemj.org\/wp-content\/uploads\/2024\/03\/AUDIO-PLAYER-1024x133.png 1024w, https:\/\/www.iemj.org\/wp-content\/uploads\/2024\/03\/AUDIO-PLAYER-768x100.png 768w, https:\/\/www.iemj.org\/wp-content\/uploads\/2024\/03\/AUDIO-PLAYER-600x78.png 600w, https:\/\/www.iemj.org\/wp-content\/uploads\/2024\/03\/AUDIO-PLAYER.png 1210w\" sizes=\"(max-width: 300px) 100vw, 300px\" \/><\/figure>\n\n\n\n<div class=\"wp-block-file\"><a href=\"https:\/\/www.iemj.org\/wp-content\/uploads\/2018\/09\/01_tansman_kol_nidre_siteiemj.mp3\">Alexandre Tansman_Kol Nidrei<\/a><\/div>\n\n\n\n<div class=\"wp-block-file\"><a href=\"https:\/\/www.iemj.org\/wp-content\/uploads\/2018\/09\/02_zygel_kol_nidre_piano_violoncelle_siteiemj.mp3\">Jean-Fran\u00e7ois Zygel_Kol Nidr\u00e9 pour piano et violoncelle<\/a><\/div>\n\n\n\n<div class=\"wp-block-file\"><a href=\"https:\/\/www.iemj.org\/wp-content\/uploads\/2018\/09\/03_hemsi_kol_nidre_siteiemj.mp3\">Alberto Hemsi_Kal Nidr\u00e9<\/a><\/div>\n\n\n\n<div class=\"wp-block-file\"><a href=\"https:\/\/www.iemj.org\/wp-content\/uploads\/2018\/09\/04_cuniot_kol_nidre_siteiemj.mp3\">Denis Cuniot_Improvisation Jazz sur le th\u00e8me du Kol Nidr\u00e9<\/a><\/div>\n\n\n\n<div class=\"wp-block-file\"><a href=\"https:\/\/www.iemj.org\/wp-content\/uploads\/2018\/09\/05_bitton_kol_nidre_siteiemj.mp3\">Eyal Bitton_Kal Nidrei<\/a><\/div>\n\n\n\n<div class=\"wp-block-file\"><a href=\"https:\/\/www.iemj.org\/wp-content\/uploads\/2018\/09\/06_zebelman_kol_nidre_siteiemj.mp3\">Ben Zebelman_Kol Nidre Variations<\/a><\/div>\n\n\n\n<div class=\"wp-block-file\"><a href=\"https:\/\/www.iemj.org\/wp-content\/uploads\/2018\/09\/07_robinovitch_kol_nidre_siteiemj.mp3\">Sid Robinovitch_Kol Nidrei pour guitare solo<\/a><\/div>\n\n\n\n<div class=\"wp-block-file\"><a href=\"https:\/\/www.iemj.org\/wp-content\/uploads\/2018\/09\/08_stutschewsky_kol_nidre_siteiemj.mp3\">Joachim Stutschewsky_Kol Nidrei<\/a><\/div>\n\n\n\n<div class=\"wp-block-file\"><a href=\"https:\/\/www.iemj.org\/wp-content\/uploads\/2018\/09\/09_daniel_kol_nidre_siteiemj.mp3\">Itai Daniel_ Kol Nidrei<\/a><\/div>\n\n\n\n<div class=\"wp-block-file\"><a href=\"https:\/\/www.iemj.org\/wp-content\/uploads\/2018\/09\/10_zygel_kol_nidre_piano_seul_siteiemj.mp3\">Jean-Fran\u00e7ois Zygel_Kol Nidr\u00e9 pour piano<\/a><\/div>\n","protected":false},"excerpt":{"rendered":"<p>\u201cKol Nidr\u00e9\u201d sono con queste parole che inizia l&#8217;imponente e struggente preghiera all\u2019introduzione delle ventiquattro ore del giorno pi\u00f9 solenne dell&#8217;anno ebraico, lo Yom Kippur. La melodia tradizionale di questa<\/p>\n","protected":false},"author":1045,"featured_media":51542,"comment_status":"closed","ping_status":"closed","sticky":false,"template":"","format":"standard","meta":{"_acf_changed":false,"footnotes":""},"categories":[1360,2200,1361],"tags":[],"technique":[],"squelettes":[],"sujet":[1759],"formation":[],"genre":[1901],"fonds":[],"tradition":[],"type-de-contenu":[],"interprete-compositeur":[3082,3086,3137,3182,3210],"frise":[],"type-devenement":[],"tableaux-liens-externes":[],"class_list":["post-51541","post","type-post","status-publish","format-standard","has-post-thumbnail","hentry","category-cd-iemj-it","category-collezione-classica-it","category-pubblicazioni-it","sujet-yom-kippur-it","genre-musica-classica-it","interprete-compositeur-alberto-hemsi-it","interprete-compositeur-alexandre-tansman-it","interprete-compositeur-denis-cuniot-it","interprete-compositeur-itai-daniel-it-2","interprete-compositeur-jean-francois-zygel-it"],"acf":[],"yoast_head":"<!-- This site is optimized with the Yoast SEO plugin v27.3 - https:\/\/yoast.com\/product\/yoast-seo-wordpress\/ -->\n<title>Kol Nidre \u2013 Nuove visioni - Institut Europ\u00e9en des Musiques Juives<\/title>\n<meta name=\"robots\" content=\"index, follow, max-snippet:-1, max-image-preview:large, max-video-preview:-1\" \/>\n<link rel=\"canonical\" href=\"https:\/\/www.iemj.org\/it\/kol-nidre-nouvelles-visions\/\" \/>\n<meta property=\"og:locale\" content=\"it_IT\" \/>\n<meta property=\"og:type\" content=\"article\" \/>\n<meta property=\"og:title\" content=\"Kol Nidre \u2013 Nuove visioni - Institut Europ\u00e9en des Musiques Juives\" \/>\n<meta property=\"og:description\" content=\"\u201cKol Nidr\u00e9\u201d sono con queste parole che inizia l&#8217;imponente e struggente preghiera all\u2019introduzione delle ventiquattro ore del giorno pi\u00f9 solenne dell&#8217;anno ebraico, lo Yom Kippur. La melodia tradizionale di questa\" \/>\n<meta property=\"og:url\" content=\"https:\/\/www.iemj.org\/it\/kol-nidre-nouvelles-visions\/\" \/>\n<meta property=\"og:site_name\" content=\"Institut Europ\u00e9en des Musiques Juives\" \/>\n<meta property=\"article:publisher\" content=\"https:\/\/www.facebook.com\/MusiquesJuives\/\" \/>\n<meta property=\"article:published_time\" content=\"2018-09-12T14:42:01+00:00\" \/>\n<meta property=\"article:modified_time\" content=\"2025-09-23T17:12:31+00:00\" \/>\n<meta property=\"og:image\" content=\"https:\/\/www.iemj.org\/wp-content\/uploads\/2018\/09\/arton3612.jpg\" \/>\n\t<meta property=\"og:image:width\" content=\"402\" \/>\n\t<meta property=\"og:image:height\" content=\"363\" \/>\n\t<meta property=\"og:image:type\" content=\"image\/jpeg\" \/>\n<meta name=\"author\" content=\"Herv\u00e9 Roten\" \/>\n<meta name=\"twitter:card\" content=\"summary_large_image\" \/>\n<meta name=\"twitter:label1\" content=\"Scritto da\" \/>\n\t<meta name=\"twitter:data1\" content=\"Herv\u00e9 Roten\" \/>\n\t<meta name=\"twitter:label2\" content=\"Tempo di lettura stimato\" \/>\n\t<meta name=\"twitter:data2\" content=\"4 minuti\" \/>\n<script type=\"application\/ld+json\" class=\"yoast-schema-graph\">{\"@context\":\"https:\\\/\\\/schema.org\",\"@graph\":[{\"@type\":\"Article\",\"@id\":\"https:\\\/\\\/www.iemj.org\\\/it\\\/kol-nidre-nouvelles-visions\\\/#article\",\"isPartOf\":{\"@id\":\"https:\\\/\\\/www.iemj.org\\\/it\\\/kol-nidre-nouvelles-visions\\\/\"},\"author\":{\"name\":\"Herv\u00e9 Roten\",\"@id\":\"https:\\\/\\\/www.iemj.org\\\/it\\\/#\\\/schema\\\/person\\\/906134402c29d5c76e7b726261dd4bbd\"},\"headline\":\"Kol Nidre \u2013 Nuove visioni\",\"datePublished\":\"2018-09-12T14:42:01+00:00\",\"dateModified\":\"2025-09-23T17:12:31+00:00\",\"mainEntityOfPage\":{\"@id\":\"https:\\\/\\\/www.iemj.org\\\/it\\\/kol-nidre-nouvelles-visions\\\/\"},\"wordCount\":386,\"publisher\":{\"@id\":\"https:\\\/\\\/www.iemj.org\\\/it\\\/#organization\"},\"image\":{\"@id\":\"https:\\\/\\\/www.iemj.org\\\/it\\\/kol-nidre-nouvelles-visions\\\/#primaryimage\"},\"thumbnailUrl\":\"https:\\\/\\\/www.iemj.org\\\/wp-content\\\/uploads\\\/2018\\\/09\\\/arton3612.jpg\",\"articleSection\":[\"CD IEMJ\",\"Collezione Classica\",\"Pubblicazioni\"],\"inLanguage\":\"it-IT\"},{\"@type\":\"WebPage\",\"@id\":\"https:\\\/\\\/www.iemj.org\\\/it\\\/kol-nidre-nouvelles-visions\\\/\",\"url\":\"https:\\\/\\\/www.iemj.org\\\/it\\\/kol-nidre-nouvelles-visions\\\/\",\"name\":\"Kol Nidre \u2013 Nuove visioni - Institut Europ\u00e9en des Musiques Juives\",\"isPartOf\":{\"@id\":\"https:\\\/\\\/www.iemj.org\\\/it\\\/#website\"},\"primaryImageOfPage\":{\"@id\":\"https:\\\/\\\/www.iemj.org\\\/it\\\/kol-nidre-nouvelles-visions\\\/#primaryimage\"},\"image\":{\"@id\":\"https:\\\/\\\/www.iemj.org\\\/it\\\/kol-nidre-nouvelles-visions\\\/#primaryimage\"},\"thumbnailUrl\":\"https:\\\/\\\/www.iemj.org\\\/wp-content\\\/uploads\\\/2018\\\/09\\\/arton3612.jpg\",\"datePublished\":\"2018-09-12T14:42:01+00:00\",\"dateModified\":\"2025-09-23T17:12:31+00:00\",\"breadcrumb\":{\"@id\":\"https:\\\/\\\/www.iemj.org\\\/it\\\/kol-nidre-nouvelles-visions\\\/#breadcrumb\"},\"inLanguage\":\"it-IT\",\"potentialAction\":[{\"@type\":\"ReadAction\",\"target\":[\"https:\\\/\\\/www.iemj.org\\\/it\\\/kol-nidre-nouvelles-visions\\\/\"]}]},{\"@type\":\"ImageObject\",\"inLanguage\":\"it-IT\",\"@id\":\"https:\\\/\\\/www.iemj.org\\\/it\\\/kol-nidre-nouvelles-visions\\\/#primaryimage\",\"url\":\"https:\\\/\\\/www.iemj.org\\\/wp-content\\\/uploads\\\/2018\\\/09\\\/arton3612.jpg\",\"contentUrl\":\"https:\\\/\\\/www.iemj.org\\\/wp-content\\\/uploads\\\/2018\\\/09\\\/arton3612.jpg\",\"width\":402,\"height\":363},{\"@type\":\"BreadcrumbList\",\"@id\":\"https:\\\/\\\/www.iemj.org\\\/it\\\/kol-nidre-nouvelles-visions\\\/#breadcrumb\",\"itemListElement\":[{\"@type\":\"ListItem\",\"position\":1,\"name\":\"Accueil\",\"item\":\"https:\\\/\\\/www.iemj.org\\\/it\\\/\"},{\"@type\":\"ListItem\",\"position\":2,\"name\":\"Kol Nidre \u2013 Nuove visioni\"}]},{\"@type\":\"WebSite\",\"@id\":\"https:\\\/\\\/www.iemj.org\\\/it\\\/#website\",\"url\":\"https:\\\/\\\/www.iemj.org\\\/it\\\/\",\"name\":\"Institut Europ\u00e9en des Musiques Juives\",\"description\":\"Des traditions musicales \u00e0 la port\u00e9e de tous\",\"publisher\":{\"@id\":\"https:\\\/\\\/www.iemj.org\\\/it\\\/#organization\"},\"potentialAction\":[{\"@type\":\"SearchAction\",\"target\":{\"@type\":\"EntryPoint\",\"urlTemplate\":\"https:\\\/\\\/www.iemj.org\\\/it\\\/?s={search_term_string}\"},\"query-input\":{\"@type\":\"PropertyValueSpecification\",\"valueRequired\":true,\"valueName\":\"search_term_string\"}}],\"inLanguage\":\"it-IT\"},{\"@type\":\"Organization\",\"@id\":\"https:\\\/\\\/www.iemj.org\\\/it\\\/#organization\",\"name\":\"Institut Europ\u00e9en des Musiques Juives\",\"url\":\"https:\\\/\\\/www.iemj.org\\\/it\\\/\",\"logo\":{\"@type\":\"ImageObject\",\"inLanguage\":\"it-IT\",\"@id\":\"https:\\\/\\\/www.iemj.org\\\/it\\\/#\\\/schema\\\/logo\\\/image\\\/\",\"url\":\"https:\\\/\\\/www.iemj.org\\\/wp-content\\\/uploads\\\/2021\\\/09\\\/Logo-IEMJ-Paypal.jpg\",\"contentUrl\":\"https:\\\/\\\/www.iemj.org\\\/wp-content\\\/uploads\\\/2021\\\/09\\\/Logo-IEMJ-Paypal.jpg\",\"width\":150,\"height\":50,\"caption\":\"Institut Europ\u00e9en des Musiques Juives\"},\"image\":{\"@id\":\"https:\\\/\\\/www.iemj.org\\\/it\\\/#\\\/schema\\\/logo\\\/image\\\/\"},\"sameAs\":[\"https:\\\/\\\/www.facebook.com\\\/MusiquesJuives\\\/\",\"https:\\\/\\\/www.instagram.com\\\/musiquesjuives\\\/\",\"https:\\\/\\\/www.youtube.com\\\/user\\\/musiquesjuives\"]},{\"@type\":\"Person\",\"@id\":\"https:\\\/\\\/www.iemj.org\\\/it\\\/#\\\/schema\\\/person\\\/906134402c29d5c76e7b726261dd4bbd\",\"name\":\"Herv\u00e9 Roten\",\"image\":{\"@type\":\"ImageObject\",\"inLanguage\":\"it-IT\",\"@id\":\"https:\\\/\\\/secure.gravatar.com\\\/avatar\\\/f96ad2db538a26481f18384936b5cd0610c92d390c4dc382209216d455f685ff?s=96&d=mm&r=g\",\"url\":\"https:\\\/\\\/secure.gravatar.com\\\/avatar\\\/f96ad2db538a26481f18384936b5cd0610c92d390c4dc382209216d455f685ff?s=96&d=mm&r=g\",\"contentUrl\":\"https:\\\/\\\/secure.gravatar.com\\\/avatar\\\/f96ad2db538a26481f18384936b5cd0610c92d390c4dc382209216d455f685ff?s=96&d=mm&r=g\",\"caption\":\"Herv\u00e9 Roten\"}}]}<\/script>\n<!-- \/ Yoast SEO plugin. -->","yoast_head_json":{"title":"Kol Nidre \u2013 Nuove visioni - Institut Europ\u00e9en des Musiques Juives","robots":{"index":"index","follow":"follow","max-snippet":"max-snippet:-1","max-image-preview":"max-image-preview:large","max-video-preview":"max-video-preview:-1"},"canonical":"https:\/\/www.iemj.org\/it\/kol-nidre-nouvelles-visions\/","og_locale":"it_IT","og_type":"article","og_title":"Kol Nidre \u2013 Nuove visioni - Institut Europ\u00e9en des Musiques Juives","og_description":"\u201cKol Nidr\u00e9\u201d sono con queste parole che inizia l&#8217;imponente e struggente preghiera all\u2019introduzione delle ventiquattro ore del giorno pi\u00f9 solenne dell&#8217;anno ebraico, lo Yom Kippur. La melodia tradizionale di questa","og_url":"https:\/\/www.iemj.org\/it\/kol-nidre-nouvelles-visions\/","og_site_name":"Institut Europ\u00e9en des Musiques Juives","article_publisher":"https:\/\/www.facebook.com\/MusiquesJuives\/","article_published_time":"2018-09-12T14:42:01+00:00","article_modified_time":"2025-09-23T17:12:31+00:00","og_image":[{"width":402,"height":363,"url":"https:\/\/www.iemj.org\/wp-content\/uploads\/2018\/09\/arton3612.jpg","type":"image\/jpeg"}],"author":"Herv\u00e9 Roten","twitter_card":"summary_large_image","twitter_misc":{"Scritto da":"Herv\u00e9 Roten","Tempo di lettura stimato":"4 minuti"},"schema":{"@context":"https:\/\/schema.org","@graph":[{"@type":"Article","@id":"https:\/\/www.iemj.org\/it\/kol-nidre-nouvelles-visions\/#article","isPartOf":{"@id":"https:\/\/www.iemj.org\/it\/kol-nidre-nouvelles-visions\/"},"author":{"name":"Herv\u00e9 Roten","@id":"https:\/\/www.iemj.org\/it\/#\/schema\/person\/906134402c29d5c76e7b726261dd4bbd"},"headline":"Kol Nidre \u2013 Nuove visioni","datePublished":"2018-09-12T14:42:01+00:00","dateModified":"2025-09-23T17:12:31+00:00","mainEntityOfPage":{"@id":"https:\/\/www.iemj.org\/it\/kol-nidre-nouvelles-visions\/"},"wordCount":386,"publisher":{"@id":"https:\/\/www.iemj.org\/it\/#organization"},"image":{"@id":"https:\/\/www.iemj.org\/it\/kol-nidre-nouvelles-visions\/#primaryimage"},"thumbnailUrl":"https:\/\/www.iemj.org\/wp-content\/uploads\/2018\/09\/arton3612.jpg","articleSection":["CD IEMJ","Collezione Classica","Pubblicazioni"],"inLanguage":"it-IT"},{"@type":"WebPage","@id":"https:\/\/www.iemj.org\/it\/kol-nidre-nouvelles-visions\/","url":"https:\/\/www.iemj.org\/it\/kol-nidre-nouvelles-visions\/","name":"Kol Nidre \u2013 Nuove visioni - Institut Europ\u00e9en des Musiques Juives","isPartOf":{"@id":"https:\/\/www.iemj.org\/it\/#website"},"primaryImageOfPage":{"@id":"https:\/\/www.iemj.org\/it\/kol-nidre-nouvelles-visions\/#primaryimage"},"image":{"@id":"https:\/\/www.iemj.org\/it\/kol-nidre-nouvelles-visions\/#primaryimage"},"thumbnailUrl":"https:\/\/www.iemj.org\/wp-content\/uploads\/2018\/09\/arton3612.jpg","datePublished":"2018-09-12T14:42:01+00:00","dateModified":"2025-09-23T17:12:31+00:00","breadcrumb":{"@id":"https:\/\/www.iemj.org\/it\/kol-nidre-nouvelles-visions\/#breadcrumb"},"inLanguage":"it-IT","potentialAction":[{"@type":"ReadAction","target":["https:\/\/www.iemj.org\/it\/kol-nidre-nouvelles-visions\/"]}]},{"@type":"ImageObject","inLanguage":"it-IT","@id":"https:\/\/www.iemj.org\/it\/kol-nidre-nouvelles-visions\/#primaryimage","url":"https:\/\/www.iemj.org\/wp-content\/uploads\/2018\/09\/arton3612.jpg","contentUrl":"https:\/\/www.iemj.org\/wp-content\/uploads\/2018\/09\/arton3612.jpg","width":402,"height":363},{"@type":"BreadcrumbList","@id":"https:\/\/www.iemj.org\/it\/kol-nidre-nouvelles-visions\/#breadcrumb","itemListElement":[{"@type":"ListItem","position":1,"name":"Accueil","item":"https:\/\/www.iemj.org\/it\/"},{"@type":"ListItem","position":2,"name":"Kol Nidre \u2013 Nuove visioni"}]},{"@type":"WebSite","@id":"https:\/\/www.iemj.org\/it\/#website","url":"https:\/\/www.iemj.org\/it\/","name":"Institut Europ\u00e9en des Musiques Juives","description":"Des traditions musicales \u00e0 la port\u00e9e de tous","publisher":{"@id":"https:\/\/www.iemj.org\/it\/#organization"},"potentialAction":[{"@type":"SearchAction","target":{"@type":"EntryPoint","urlTemplate":"https:\/\/www.iemj.org\/it\/?s={search_term_string}"},"query-input":{"@type":"PropertyValueSpecification","valueRequired":true,"valueName":"search_term_string"}}],"inLanguage":"it-IT"},{"@type":"Organization","@id":"https:\/\/www.iemj.org\/it\/#organization","name":"Institut Europ\u00e9en des Musiques Juives","url":"https:\/\/www.iemj.org\/it\/","logo":{"@type":"ImageObject","inLanguage":"it-IT","@id":"https:\/\/www.iemj.org\/it\/#\/schema\/logo\/image\/","url":"https:\/\/www.iemj.org\/wp-content\/uploads\/2021\/09\/Logo-IEMJ-Paypal.jpg","contentUrl":"https:\/\/www.iemj.org\/wp-content\/uploads\/2021\/09\/Logo-IEMJ-Paypal.jpg","width":150,"height":50,"caption":"Institut Europ\u00e9en des Musiques Juives"},"image":{"@id":"https:\/\/www.iemj.org\/it\/#\/schema\/logo\/image\/"},"sameAs":["https:\/\/www.facebook.com\/MusiquesJuives\/","https:\/\/www.instagram.com\/musiquesjuives\/","https:\/\/www.youtube.com\/user\/musiquesjuives"]},{"@type":"Person","@id":"https:\/\/www.iemj.org\/it\/#\/schema\/person\/906134402c29d5c76e7b726261dd4bbd","name":"Herv\u00e9 Roten","image":{"@type":"ImageObject","inLanguage":"it-IT","@id":"https:\/\/secure.gravatar.com\/avatar\/f96ad2db538a26481f18384936b5cd0610c92d390c4dc382209216d455f685ff?s=96&d=mm&r=g","url":"https:\/\/secure.gravatar.com\/avatar\/f96ad2db538a26481f18384936b5cd0610c92d390c4dc382209216d455f685ff?s=96&d=mm&r=g","contentUrl":"https:\/\/secure.gravatar.com\/avatar\/f96ad2db538a26481f18384936b5cd0610c92d390c4dc382209216d455f685ff?s=96&d=mm&r=g","caption":"Herv\u00e9 Roten"}}]}},"_links":{"self":[{"href":"https:\/\/www.iemj.org\/it\/wp-json\/wp\/v2\/posts\/51541","targetHints":{"allow":["GET"]}}],"collection":[{"href":"https:\/\/www.iemj.org\/it\/wp-json\/wp\/v2\/posts"}],"about":[{"href":"https:\/\/www.iemj.org\/it\/wp-json\/wp\/v2\/types\/post"}],"author":[{"embeddable":true,"href":"https:\/\/www.iemj.org\/it\/wp-json\/wp\/v2\/users\/1045"}],"replies":[{"embeddable":true,"href":"https:\/\/www.iemj.org\/it\/wp-json\/wp\/v2\/comments?post=51541"}],"version-history":[{"count":0,"href":"https:\/\/www.iemj.org\/it\/wp-json\/wp\/v2\/posts\/51541\/revisions"}],"wp:featuredmedia":[{"embeddable":true,"href":"https:\/\/www.iemj.org\/it\/wp-json\/wp\/v2\/media\/51542"}],"wp:attachment":[{"href":"https:\/\/www.iemj.org\/it\/wp-json\/wp\/v2\/media?parent=51541"}],"wp:term":[{"taxonomy":"category","embeddable":true,"href":"https:\/\/www.iemj.org\/it\/wp-json\/wp\/v2\/categories?post=51541"},{"taxonomy":"post_tag","embeddable":true,"href":"https:\/\/www.iemj.org\/it\/wp-json\/wp\/v2\/tags?post=51541"},{"taxonomy":"technique","embeddable":true,"href":"https:\/\/www.iemj.org\/it\/wp-json\/wp\/v2\/technique?post=51541"},{"taxonomy":"squelettes","embeddable":true,"href":"https:\/\/www.iemj.org\/it\/wp-json\/wp\/v2\/squelettes?post=51541"},{"taxonomy":"sujet","embeddable":true,"href":"https:\/\/www.iemj.org\/it\/wp-json\/wp\/v2\/sujet?post=51541"},{"taxonomy":"formation","embeddable":true,"href":"https:\/\/www.iemj.org\/it\/wp-json\/wp\/v2\/formation?post=51541"},{"taxonomy":"genre","embeddable":true,"href":"https:\/\/www.iemj.org\/it\/wp-json\/wp\/v2\/genre?post=51541"},{"taxonomy":"fonds","embeddable":true,"href":"https:\/\/www.iemj.org\/it\/wp-json\/wp\/v2\/fonds?post=51541"},{"taxonomy":"tradition","embeddable":true,"href":"https:\/\/www.iemj.org\/it\/wp-json\/wp\/v2\/tradition?post=51541"},{"taxonomy":"type-de-contenu","embeddable":true,"href":"https:\/\/www.iemj.org\/it\/wp-json\/wp\/v2\/type-de-contenu?post=51541"},{"taxonomy":"interprete-compositeur","embeddable":true,"href":"https:\/\/www.iemj.org\/it\/wp-json\/wp\/v2\/interprete-compositeur?post=51541"},{"taxonomy":"frise","embeddable":true,"href":"https:\/\/www.iemj.org\/it\/wp-json\/wp\/v2\/frise?post=51541"},{"taxonomy":"type-devenement","embeddable":true,"href":"https:\/\/www.iemj.org\/it\/wp-json\/wp\/v2\/type-devenement?post=51541"},{"taxonomy":"tableaux-liens-externes","embeddable":true,"href":"https:\/\/www.iemj.org\/it\/wp-json\/wp\/v2\/tableaux-liens-externes?post=51541"}],"curies":[{"name":"wp","href":"https:\/\/api.w.org\/{rel}","templated":true}]}}