{"id":52799,"date":"2011-04-14T21:30:17","date_gmt":"2011-04-14T19:30:17","guid":{"rendered":"https:\/\/www.iemj.org\/kol-nidre-huit-visions\/"},"modified":"2025-08-24T19:20:10","modified_gmt":"2025-08-24T17:20:10","slug":"kol-nidre-huit-visions","status":"publish","type":"post","link":"https:\/\/www.iemj.org\/it\/kol-nidre-huit-visions\/","title":{"rendered":"Kol Nidr\u00e9 \u2013 Otto visioni"},"content":{"rendered":"<h3><strong>COLLEZIONE DEI PATRIMON\u00ce MUSICALI DEGLI EBREI DI FRANCIA, VOL. 9<\/strong><\/h3>\n<p><!--more--><\/p>\n<p>Questo nono volume della collezione Patrimon\u00ee musicali degli Ebrei di Francia, prodotto dalla Fondation du Juda\u00efsme Fran\u00e7ais, \u00e8 stato registrato il 18 novembre 2009 alla sinagoga ULIF-Copernic, all\u2019occasione di un concerto organizzato dalle 4 comunit\u00e0 liberali di Parigi e dal Centro Francese delle Musiche Ebraiche.<\/p>\n<p>Oltre alla tradizionale versione ashkenazita di Kol Nidr\u00e9, eseguita da Armand Benhamou e dall\u2019Ensemble Choral Copernic, questo CD presenta sette altre versioni musicali della celebre preghiera di Yom Kippur, con opere di Max Bruch, Nicolas Bacri, Ita\u00ef Daniel, Graciane Finzi, Serge Kaufmann, Jean-Fran\u00e7ois Zygel e John Zorn. Un disco di riferimento interpretato da artisti di fama mondiale (il quartetto Enesco, Martine Bailly, Simon Zaoui, Jean-Fran\u00e7ois Zygel\u2026).<\/p>\n<p><a href=\"https:\/\/www.iemj.org\/en\/product\/kol-nidre-huit-visions\/\" target=\"_blank\" rel=\"noopener\"><u>Acquistare il CD online sul sito dell\u2019IEMJ<\/u><\/a><\/p>\n<p>Informazioni 00.33.(0)1 45 82 20 52; <a href=\"mailto:contact@iemj.org\"><u>contact@iemj.org<\/u><\/a><\/p>\n<p><img fetchpriority=\"high\" decoding=\"async\" class=\"size-full wp-image-3480 aligncenter\" src=\"https:\/\/www.iemj.org\/wp-content\/uploads\/2011\/04\/kol_nidre_couv4_siteiemj.jpg\" alt=\"kol_nidre_couv4_siteiemj.jpg\" width=\"500\" height=\"422\" align=\"left\" \/><\/p>\n<div id=\"fb-root\">\u00a0<\/div>\n<div class=\"fb-like\" data-href=\"#URL_ARTICLE\" data-layout=\"button_count\" data-action=\"like\" data-show-faces=\"false\" data-share=\"true\">\u00a0<\/div>\n\n\n<h2 class=\"wp-block-heading\"><\/h2>\n\n\n\n<figure class=\"wp-block-image size-large\"><img decoding=\"async\" width=\"1024\" height=\"133\" src=\"https:\/\/www.iemj.org\/wp-content\/uploads\/2024\/03\/AUDIO-PLAYER-1024x133.png\" alt=\"\" class=\"wp-image-110609\" srcset=\"https:\/\/www.iemj.org\/wp-content\/uploads\/2024\/03\/AUDIO-PLAYER-1024x133.png 1024w, https:\/\/www.iemj.org\/wp-content\/uploads\/2024\/03\/AUDIO-PLAYER-300x39.png 300w, https:\/\/www.iemj.org\/wp-content\/uploads\/2024\/03\/AUDIO-PLAYER-768x100.png 768w, https:\/\/www.iemj.org\/wp-content\/uploads\/2024\/03\/AUDIO-PLAYER-600x78.png 600w, https:\/\/www.iemj.org\/wp-content\/uploads\/2024\/03\/AUDIO-PLAYER.png 1210w\" sizes=\"(max-width: 1024px) 100vw, 1024px\" \/><\/figure>\n\n\n\n<div class=\"wp-block-file\"><a href=\"https:\/\/www.iemj.org\/wp-content\/uploads\/2018\/10\/vl9_kol_nidre_de_itai_daniel_ext.mp3\">Kol Nidrei &#8211; Ita\u00ef Daniel (EXTRAIT)<\/a><\/div>\n\n\n\n<div class=\"wp-block-file\"><a href=\"https:\/\/www.iemj.org\/wp-content\/uploads\/2018\/10\/vl9_kol_nidre_kaufmann_ext.mp3\">Kol Nidr\u00e9 &#8211; Serge Kaufmann (EXTRAIT)<\/a><\/div>\n\n\n\n<div class=\"wp-block-file\"><a href=\"https:\/\/www.iemj.org\/wp-content\/uploads\/2018\/10\/vl9_kol_nidre_trad_s_david_ext.mp3\">Kol Nidr\u00e9 &#8211; Samuel David (EXTRAIT)<\/a><\/div>\n\n\n\n<div class=\"wp-block-file\"><a href=\"https:\/\/www.iemj.org\/wp-content\/uploads\/2018\/10\/vl9_kol_nidrei_john_zorn_ext.mp3\">Kol Nidre &#8211; John Zorn (EXTRAIT)<\/a><\/div>\n\n\n\n<div class=\"wp-block-file\"><a href=\"https:\/\/www.iemj.org\/wp-content\/uploads\/2018\/10\/vl9_kol_nidrei_max_bruch_ext.mp3\">Kol Nidrei &#8211; Max Bruch (EXTRAIT)<\/a><\/div>\n","protected":false},"excerpt":{"rendered":"<p>COLLEZIONE DEI PATRIMON\u00ce MUSICALI DEGLI EBREI DI FRANCIA, VOL. 9<\/p>\n","protected":false},"author":1047,"featured_media":52800,"comment_status":"closed","ping_status":"open","sticky":false,"template":"","format":"standard","meta":{"_acf_changed":false,"footnotes":""},"categories":[1360,2208,1361],"tags":[],"technique":[],"squelettes":[],"sujet":[1759],"formation":[],"genre":[1892,1901],"fonds":[],"tradition":[],"type-de-contenu":[],"interprete-compositeur":[3182,3210,3267,3290],"frise":[],"type-devenement":[],"tableaux-liens-externes":[],"class_list":["post-52799","post","type-post","status-publish","format-standard","has-post-thumbnail","hentry","category-cd-iemj-it","category-collezione-patrimoni-musicali-degli-ebrei-di-francia-it","category-pubblicazioni-it","sujet-yom-kippur-it","genre-liturgia-it","genre-musica-classica-it","interprete-compositeur-itai-daniel-it-2","interprete-compositeur-jean-francois-zygel-it","interprete-compositeur-max-bruch-it","interprete-compositeur-serge-kaufmann-it"],"acf":[],"yoast_head":"<!-- This site is optimized with the Yoast SEO plugin v27.3 - https:\/\/yoast.com\/product\/yoast-seo-wordpress\/ -->\n<title>Kol Nidr\u00e9 \u2013 Otto visioni - Institut Europ\u00e9en des Musiques Juives<\/title>\n<meta name=\"robots\" content=\"index, follow, max-snippet:-1, max-image-preview:large, max-video-preview:-1\" \/>\n<link rel=\"canonical\" href=\"https:\/\/www.iemj.org\/it\/kol-nidre-huit-visions\/\" \/>\n<meta property=\"og:locale\" content=\"it_IT\" \/>\n<meta property=\"og:type\" content=\"article\" \/>\n<meta property=\"og:title\" content=\"Kol Nidr\u00e9 \u2013 Otto visioni - Institut Europ\u00e9en des Musiques Juives\" \/>\n<meta property=\"og:description\" content=\"COLLEZIONE DEI PATRIMON\u00ce MUSICALI DEGLI EBREI DI FRANCIA, VOL. 9\" \/>\n<meta property=\"og:url\" content=\"https:\/\/www.iemj.org\/it\/kol-nidre-huit-visions\/\" \/>\n<meta property=\"og:site_name\" content=\"Institut Europ\u00e9en des Musiques Juives\" \/>\n<meta property=\"article:publisher\" content=\"https:\/\/www.facebook.com\/MusiquesJuives\/\" \/>\n<meta property=\"article:published_time\" content=\"2011-04-14T19:30:17+00:00\" \/>\n<meta property=\"article:modified_time\" content=\"2025-08-24T17:20:10+00:00\" \/>\n<meta property=\"og:image\" content=\"https:\/\/www.iemj.org\/wp-content\/uploads\/2011\/04\/arton182.jpg\" \/>\n\t<meta property=\"og:image:width\" content=\"343\" \/>\n\t<meta property=\"og:image:height\" content=\"340\" \/>\n\t<meta property=\"og:image:type\" content=\"image\/jpeg\" \/>\n<meta name=\"author\" content=\"Nicolas Fevre\" \/>\n<meta name=\"twitter:card\" content=\"summary_large_image\" \/>\n<meta name=\"twitter:label1\" content=\"Scritto da\" \/>\n\t<meta name=\"twitter:data1\" content=\"Nicolas Fevre\" \/>\n\t<meta name=\"twitter:label2\" content=\"Tempo di lettura stimato\" \/>\n\t<meta name=\"twitter:data2\" content=\"2 minuti\" \/>\n<script type=\"application\/ld+json\" class=\"yoast-schema-graph\">{\"@context\":\"https:\\\/\\\/schema.org\",\"@graph\":[{\"@type\":\"Article\",\"@id\":\"https:\\\/\\\/www.iemj.org\\\/it\\\/kol-nidre-huit-visions\\\/#article\",\"isPartOf\":{\"@id\":\"https:\\\/\\\/www.iemj.org\\\/it\\\/kol-nidre-huit-visions\\\/\"},\"author\":{\"name\":\"Nicolas Fevre\",\"@id\":\"https:\\\/\\\/www.iemj.org\\\/it\\\/#\\\/schema\\\/person\\\/0dfc8632809ec10c9e7d4daf4f4b9f1c\"},\"headline\":\"Kol Nidr\u00e9 \u2013 Otto visioni\",\"datePublished\":\"2011-04-14T19:30:17+00:00\",\"dateModified\":\"2025-08-24T17:20:10+00:00\",\"mainEntityOfPage\":{\"@id\":\"https:\\\/\\\/www.iemj.org\\\/it\\\/kol-nidre-huit-visions\\\/\"},\"wordCount\":168,\"publisher\":{\"@id\":\"https:\\\/\\\/www.iemj.org\\\/it\\\/#organization\"},\"image\":{\"@id\":\"https:\\\/\\\/www.iemj.org\\\/it\\\/kol-nidre-huit-visions\\\/#primaryimage\"},\"thumbnailUrl\":\"https:\\\/\\\/www.iemj.org\\\/wp-content\\\/uploads\\\/2011\\\/04\\\/arton182.jpg\",\"articleSection\":[\"CD IEMJ\",\"Collezione Patrimon\u00ee musicali degli ebrei di Francia\",\"Pubblicazioni\"],\"inLanguage\":\"it-IT\"},{\"@type\":\"WebPage\",\"@id\":\"https:\\\/\\\/www.iemj.org\\\/it\\\/kol-nidre-huit-visions\\\/\",\"url\":\"https:\\\/\\\/www.iemj.org\\\/it\\\/kol-nidre-huit-visions\\\/\",\"name\":\"Kol Nidr\u00e9 \u2013 Otto visioni - Institut Europ\u00e9en des Musiques Juives\",\"isPartOf\":{\"@id\":\"https:\\\/\\\/www.iemj.org\\\/it\\\/#website\"},\"primaryImageOfPage\":{\"@id\":\"https:\\\/\\\/www.iemj.org\\\/it\\\/kol-nidre-huit-visions\\\/#primaryimage\"},\"image\":{\"@id\":\"https:\\\/\\\/www.iemj.org\\\/it\\\/kol-nidre-huit-visions\\\/#primaryimage\"},\"thumbnailUrl\":\"https:\\\/\\\/www.iemj.org\\\/wp-content\\\/uploads\\\/2011\\\/04\\\/arton182.jpg\",\"datePublished\":\"2011-04-14T19:30:17+00:00\",\"dateModified\":\"2025-08-24T17:20:10+00:00\",\"breadcrumb\":{\"@id\":\"https:\\\/\\\/www.iemj.org\\\/it\\\/kol-nidre-huit-visions\\\/#breadcrumb\"},\"inLanguage\":\"it-IT\",\"potentialAction\":[{\"@type\":\"ReadAction\",\"target\":[\"https:\\\/\\\/www.iemj.org\\\/it\\\/kol-nidre-huit-visions\\\/\"]}]},{\"@type\":\"ImageObject\",\"inLanguage\":\"it-IT\",\"@id\":\"https:\\\/\\\/www.iemj.org\\\/it\\\/kol-nidre-huit-visions\\\/#primaryimage\",\"url\":\"https:\\\/\\\/www.iemj.org\\\/wp-content\\\/uploads\\\/2011\\\/04\\\/arton182.jpg\",\"contentUrl\":\"https:\\\/\\\/www.iemj.org\\\/wp-content\\\/uploads\\\/2011\\\/04\\\/arton182.jpg\",\"width\":343,\"height\":340},{\"@type\":\"BreadcrumbList\",\"@id\":\"https:\\\/\\\/www.iemj.org\\\/it\\\/kol-nidre-huit-visions\\\/#breadcrumb\",\"itemListElement\":[{\"@type\":\"ListItem\",\"position\":1,\"name\":\"Accueil\",\"item\":\"https:\\\/\\\/www.iemj.org\\\/it\\\/\"},{\"@type\":\"ListItem\",\"position\":2,\"name\":\"Kol Nidr\u00e9 \u2013 Otto visioni\"}]},{\"@type\":\"WebSite\",\"@id\":\"https:\\\/\\\/www.iemj.org\\\/it\\\/#website\",\"url\":\"https:\\\/\\\/www.iemj.org\\\/it\\\/\",\"name\":\"Institut Europ\u00e9en des Musiques Juives\",\"description\":\"Des traditions musicales \u00e0 la port\u00e9e de tous\",\"publisher\":{\"@id\":\"https:\\\/\\\/www.iemj.org\\\/it\\\/#organization\"},\"potentialAction\":[{\"@type\":\"SearchAction\",\"target\":{\"@type\":\"EntryPoint\",\"urlTemplate\":\"https:\\\/\\\/www.iemj.org\\\/it\\\/?s={search_term_string}\"},\"query-input\":{\"@type\":\"PropertyValueSpecification\",\"valueRequired\":true,\"valueName\":\"search_term_string\"}}],\"inLanguage\":\"it-IT\"},{\"@type\":\"Organization\",\"@id\":\"https:\\\/\\\/www.iemj.org\\\/it\\\/#organization\",\"name\":\"Institut Europ\u00e9en des Musiques Juives\",\"url\":\"https:\\\/\\\/www.iemj.org\\\/it\\\/\",\"logo\":{\"@type\":\"ImageObject\",\"inLanguage\":\"it-IT\",\"@id\":\"https:\\\/\\\/www.iemj.org\\\/it\\\/#\\\/schema\\\/logo\\\/image\\\/\",\"url\":\"https:\\\/\\\/www.iemj.org\\\/wp-content\\\/uploads\\\/2021\\\/09\\\/Logo-IEMJ-Paypal.jpg\",\"contentUrl\":\"https:\\\/\\\/www.iemj.org\\\/wp-content\\\/uploads\\\/2021\\\/09\\\/Logo-IEMJ-Paypal.jpg\",\"width\":150,\"height\":50,\"caption\":\"Institut Europ\u00e9en des Musiques Juives\"},\"image\":{\"@id\":\"https:\\\/\\\/www.iemj.org\\\/it\\\/#\\\/schema\\\/logo\\\/image\\\/\"},\"sameAs\":[\"https:\\\/\\\/www.facebook.com\\\/MusiquesJuives\\\/\",\"https:\\\/\\\/www.instagram.com\\\/musiquesjuives\\\/\",\"https:\\\/\\\/www.youtube.com\\\/user\\\/musiquesjuives\"]},{\"@type\":\"Person\",\"@id\":\"https:\\\/\\\/www.iemj.org\\\/it\\\/#\\\/schema\\\/person\\\/0dfc8632809ec10c9e7d4daf4f4b9f1c\",\"name\":\"Nicolas Fevre\",\"image\":{\"@type\":\"ImageObject\",\"inLanguage\":\"it-IT\",\"@id\":\"https:\\\/\\\/secure.gravatar.com\\\/avatar\\\/d879fd262de3ba26caa7035b34c65f320aa09cf4c96889ac41d9325e287ccb7b?s=96&d=mm&r=g\",\"url\":\"https:\\\/\\\/secure.gravatar.com\\\/avatar\\\/d879fd262de3ba26caa7035b34c65f320aa09cf4c96889ac41d9325e287ccb7b?s=96&d=mm&r=g\",\"contentUrl\":\"https:\\\/\\\/secure.gravatar.com\\\/avatar\\\/d879fd262de3ba26caa7035b34c65f320aa09cf4c96889ac41d9325e287ccb7b?s=96&d=mm&r=g\",\"caption\":\"Nicolas Fevre\"}}]}<\/script>\n<!-- \/ Yoast SEO plugin. -->","yoast_head_json":{"title":"Kol Nidr\u00e9 \u2013 Otto visioni - Institut Europ\u00e9en des Musiques Juives","robots":{"index":"index","follow":"follow","max-snippet":"max-snippet:-1","max-image-preview":"max-image-preview:large","max-video-preview":"max-video-preview:-1"},"canonical":"https:\/\/www.iemj.org\/it\/kol-nidre-huit-visions\/","og_locale":"it_IT","og_type":"article","og_title":"Kol Nidr\u00e9 \u2013 Otto visioni - Institut Europ\u00e9en des Musiques Juives","og_description":"COLLEZIONE DEI PATRIMON\u00ce MUSICALI DEGLI EBREI DI FRANCIA, VOL. 9","og_url":"https:\/\/www.iemj.org\/it\/kol-nidre-huit-visions\/","og_site_name":"Institut Europ\u00e9en des Musiques Juives","article_publisher":"https:\/\/www.facebook.com\/MusiquesJuives\/","article_published_time":"2011-04-14T19:30:17+00:00","article_modified_time":"2025-08-24T17:20:10+00:00","og_image":[{"width":343,"height":340,"url":"https:\/\/www.iemj.org\/wp-content\/uploads\/2011\/04\/arton182.jpg","type":"image\/jpeg"}],"author":"Nicolas Fevre","twitter_card":"summary_large_image","twitter_misc":{"Scritto da":"Nicolas Fevre","Tempo di lettura stimato":"2 minuti"},"schema":{"@context":"https:\/\/schema.org","@graph":[{"@type":"Article","@id":"https:\/\/www.iemj.org\/it\/kol-nidre-huit-visions\/#article","isPartOf":{"@id":"https:\/\/www.iemj.org\/it\/kol-nidre-huit-visions\/"},"author":{"name":"Nicolas Fevre","@id":"https:\/\/www.iemj.org\/it\/#\/schema\/person\/0dfc8632809ec10c9e7d4daf4f4b9f1c"},"headline":"Kol Nidr\u00e9 \u2013 Otto visioni","datePublished":"2011-04-14T19:30:17+00:00","dateModified":"2025-08-24T17:20:10+00:00","mainEntityOfPage":{"@id":"https:\/\/www.iemj.org\/it\/kol-nidre-huit-visions\/"},"wordCount":168,"publisher":{"@id":"https:\/\/www.iemj.org\/it\/#organization"},"image":{"@id":"https:\/\/www.iemj.org\/it\/kol-nidre-huit-visions\/#primaryimage"},"thumbnailUrl":"https:\/\/www.iemj.org\/wp-content\/uploads\/2011\/04\/arton182.jpg","articleSection":["CD IEMJ","Collezione Patrimon\u00ee musicali degli ebrei di Francia","Pubblicazioni"],"inLanguage":"it-IT"},{"@type":"WebPage","@id":"https:\/\/www.iemj.org\/it\/kol-nidre-huit-visions\/","url":"https:\/\/www.iemj.org\/it\/kol-nidre-huit-visions\/","name":"Kol Nidr\u00e9 \u2013 Otto visioni - Institut Europ\u00e9en des Musiques Juives","isPartOf":{"@id":"https:\/\/www.iemj.org\/it\/#website"},"primaryImageOfPage":{"@id":"https:\/\/www.iemj.org\/it\/kol-nidre-huit-visions\/#primaryimage"},"image":{"@id":"https:\/\/www.iemj.org\/it\/kol-nidre-huit-visions\/#primaryimage"},"thumbnailUrl":"https:\/\/www.iemj.org\/wp-content\/uploads\/2011\/04\/arton182.jpg","datePublished":"2011-04-14T19:30:17+00:00","dateModified":"2025-08-24T17:20:10+00:00","breadcrumb":{"@id":"https:\/\/www.iemj.org\/it\/kol-nidre-huit-visions\/#breadcrumb"},"inLanguage":"it-IT","potentialAction":[{"@type":"ReadAction","target":["https:\/\/www.iemj.org\/it\/kol-nidre-huit-visions\/"]}]},{"@type":"ImageObject","inLanguage":"it-IT","@id":"https:\/\/www.iemj.org\/it\/kol-nidre-huit-visions\/#primaryimage","url":"https:\/\/www.iemj.org\/wp-content\/uploads\/2011\/04\/arton182.jpg","contentUrl":"https:\/\/www.iemj.org\/wp-content\/uploads\/2011\/04\/arton182.jpg","width":343,"height":340},{"@type":"BreadcrumbList","@id":"https:\/\/www.iemj.org\/it\/kol-nidre-huit-visions\/#breadcrumb","itemListElement":[{"@type":"ListItem","position":1,"name":"Accueil","item":"https:\/\/www.iemj.org\/it\/"},{"@type":"ListItem","position":2,"name":"Kol Nidr\u00e9 \u2013 Otto visioni"}]},{"@type":"WebSite","@id":"https:\/\/www.iemj.org\/it\/#website","url":"https:\/\/www.iemj.org\/it\/","name":"Institut Europ\u00e9en des Musiques Juives","description":"Des traditions musicales \u00e0 la port\u00e9e de tous","publisher":{"@id":"https:\/\/www.iemj.org\/it\/#organization"},"potentialAction":[{"@type":"SearchAction","target":{"@type":"EntryPoint","urlTemplate":"https:\/\/www.iemj.org\/it\/?s={search_term_string}"},"query-input":{"@type":"PropertyValueSpecification","valueRequired":true,"valueName":"search_term_string"}}],"inLanguage":"it-IT"},{"@type":"Organization","@id":"https:\/\/www.iemj.org\/it\/#organization","name":"Institut Europ\u00e9en des Musiques Juives","url":"https:\/\/www.iemj.org\/it\/","logo":{"@type":"ImageObject","inLanguage":"it-IT","@id":"https:\/\/www.iemj.org\/it\/#\/schema\/logo\/image\/","url":"https:\/\/www.iemj.org\/wp-content\/uploads\/2021\/09\/Logo-IEMJ-Paypal.jpg","contentUrl":"https:\/\/www.iemj.org\/wp-content\/uploads\/2021\/09\/Logo-IEMJ-Paypal.jpg","width":150,"height":50,"caption":"Institut Europ\u00e9en des Musiques Juives"},"image":{"@id":"https:\/\/www.iemj.org\/it\/#\/schema\/logo\/image\/"},"sameAs":["https:\/\/www.facebook.com\/MusiquesJuives\/","https:\/\/www.instagram.com\/musiquesjuives\/","https:\/\/www.youtube.com\/user\/musiquesjuives"]},{"@type":"Person","@id":"https:\/\/www.iemj.org\/it\/#\/schema\/person\/0dfc8632809ec10c9e7d4daf4f4b9f1c","name":"Nicolas Fevre","image":{"@type":"ImageObject","inLanguage":"it-IT","@id":"https:\/\/secure.gravatar.com\/avatar\/d879fd262de3ba26caa7035b34c65f320aa09cf4c96889ac41d9325e287ccb7b?s=96&d=mm&r=g","url":"https:\/\/secure.gravatar.com\/avatar\/d879fd262de3ba26caa7035b34c65f320aa09cf4c96889ac41d9325e287ccb7b?s=96&d=mm&r=g","contentUrl":"https:\/\/secure.gravatar.com\/avatar\/d879fd262de3ba26caa7035b34c65f320aa09cf4c96889ac41d9325e287ccb7b?s=96&d=mm&r=g","caption":"Nicolas Fevre"}}]}},"_links":{"self":[{"href":"https:\/\/www.iemj.org\/it\/wp-json\/wp\/v2\/posts\/52799","targetHints":{"allow":["GET"]}}],"collection":[{"href":"https:\/\/www.iemj.org\/it\/wp-json\/wp\/v2\/posts"}],"about":[{"href":"https:\/\/www.iemj.org\/it\/wp-json\/wp\/v2\/types\/post"}],"author":[{"embeddable":true,"href":"https:\/\/www.iemj.org\/it\/wp-json\/wp\/v2\/users\/1047"}],"replies":[{"embeddable":true,"href":"https:\/\/www.iemj.org\/it\/wp-json\/wp\/v2\/comments?post=52799"}],"version-history":[{"count":0,"href":"https:\/\/www.iemj.org\/it\/wp-json\/wp\/v2\/posts\/52799\/revisions"}],"wp:featuredmedia":[{"embeddable":true,"href":"https:\/\/www.iemj.org\/it\/wp-json\/wp\/v2\/media\/52800"}],"wp:attachment":[{"href":"https:\/\/www.iemj.org\/it\/wp-json\/wp\/v2\/media?parent=52799"}],"wp:term":[{"taxonomy":"category","embeddable":true,"href":"https:\/\/www.iemj.org\/it\/wp-json\/wp\/v2\/categories?post=52799"},{"taxonomy":"post_tag","embeddable":true,"href":"https:\/\/www.iemj.org\/it\/wp-json\/wp\/v2\/tags?post=52799"},{"taxonomy":"technique","embeddable":true,"href":"https:\/\/www.iemj.org\/it\/wp-json\/wp\/v2\/technique?post=52799"},{"taxonomy":"squelettes","embeddable":true,"href":"https:\/\/www.iemj.org\/it\/wp-json\/wp\/v2\/squelettes?post=52799"},{"taxonomy":"sujet","embeddable":true,"href":"https:\/\/www.iemj.org\/it\/wp-json\/wp\/v2\/sujet?post=52799"},{"taxonomy":"formation","embeddable":true,"href":"https:\/\/www.iemj.org\/it\/wp-json\/wp\/v2\/formation?post=52799"},{"taxonomy":"genre","embeddable":true,"href":"https:\/\/www.iemj.org\/it\/wp-json\/wp\/v2\/genre?post=52799"},{"taxonomy":"fonds","embeddable":true,"href":"https:\/\/www.iemj.org\/it\/wp-json\/wp\/v2\/fonds?post=52799"},{"taxonomy":"tradition","embeddable":true,"href":"https:\/\/www.iemj.org\/it\/wp-json\/wp\/v2\/tradition?post=52799"},{"taxonomy":"type-de-contenu","embeddable":true,"href":"https:\/\/www.iemj.org\/it\/wp-json\/wp\/v2\/type-de-contenu?post=52799"},{"taxonomy":"interprete-compositeur","embeddable":true,"href":"https:\/\/www.iemj.org\/it\/wp-json\/wp\/v2\/interprete-compositeur?post=52799"},{"taxonomy":"frise","embeddable":true,"href":"https:\/\/www.iemj.org\/it\/wp-json\/wp\/v2\/frise?post=52799"},{"taxonomy":"type-devenement","embeddable":true,"href":"https:\/\/www.iemj.org\/it\/wp-json\/wp\/v2\/type-devenement?post=52799"},{"taxonomy":"tableaux-liens-externes","embeddable":true,"href":"https:\/\/www.iemj.org\/it\/wp-json\/wp\/v2\/tableaux-liens-externes?post=52799"}],"curies":[{"name":"wp","href":"https:\/\/api.w.org\/{rel}","templated":true}]}}