{"id":53089,"date":"2018-12-13T11:07:05","date_gmt":"2018-12-13T10:07:05","guid":{"rendered":"https:\/\/www.iemj.org\/a-jumpin-night-in-the-garden-of-eden\/"},"modified":"2021-07-03T15:49:53","modified_gmt":"2021-07-03T13:49:53","slug":"a-jumpin-night-in-the-garden-of-eden","status":"publish","type":"post","link":"https:\/\/www.iemj.org\/it\/a-jumpin-night-in-the-garden-of-eden\/","title":{"rendered":"A Jumpin&#8217; Night in the Garden of Eden"},"content":{"rendered":"<p><em>A Jumpin &#8216;Night in the Garden of Eden<\/em> \u00e8 il primo documentario sul revival della musica klezmer negli Stati Uniti. Descrive gli sforzi della <strong>Kapelye<\/strong> e della <strong>Boston&#8217;s Klezmer Conservatory Band<\/strong>, i primi due gruppi che si proposero di ritrovare la storia perduta di questa musica nota come &#8220;klezmer&#8221;. In origine, il klezmer era una musica principalmente strumentale utilizzata durante la maggior parte delle celebrazioni ebraiche nell&#8217;Europa orientale, ed in particolare per i matrimoni. Nei primi decenni del XX secolo, il klezmer mise radici negli Stati Uniti. Nella maggior parte dei casi, i musicisti klezmer non avevano alcuna formazione musicale specifica. Imparavano ad orecchio centinaia di melodie e non esitavano a prendere ispirazione dai repertori gitani, ucraini e greci, oltre che dai nuovi suoni del jazz americano.<\/p>\n<p>La musica klezmer originaria dell&#8217;Europa orientale ha continuato ad esistere attraverso l&#8217;immaginazione dei compositori del teatro yiddish a New York, di cui alcune melodie sono diventate popolari grazie ad artisti come le <strong>Andrew Sisters.<\/strong><\/p>\n<p><br \/><em>A Jumpin &#8216;Night in the Garden of Eden<\/em> parla della difficolt\u00e0 di trasformare una musica di tradizione orale, collegata ad un contesto ebraico tradizionale, in una musica scritta per essere destinata alla scena.<\/p>\n<p>Energico, intelligente e spesso divertente, questo film contiene immagini rare di vecchi musicisti klezmer emigrati negli Stati Uniti (<strong>Dave Tarras<\/strong>, <strong>Leon Schwartz<\/strong> e <strong>Ben Gailing<\/strong>) e dei loro incontri con musicisti della nuova generazione, capifila della rinascita klezmer (<strong>Henry Sapoznik<\/strong>, <strong>Hankus Netsky<\/strong>, <strong>Michael Alpert<\/strong>, <strong>Judy Bressler<\/strong> ed il musicista jazz <strong>Don Byron<\/strong>).<\/p>\n<p><a href=\"http:\/\/www.folkstreams.net\/film-detail.php?id=63\">Scopri di pi\u00f9 sul film <em>A Jumpin\u2019 Night in the Garden of Eden<\/em><\/a><\/p>\n<p><a href=\"https:\/\/www.iemj.org\/it\/le-klezmer-musique-dhier-et-daujourdhui\/\">Leggere l&#8217;articolo di Herv\u00e9 Roten &#8220;Klezmer: musica di ieri e di oggi&#8221;<\/a><\/p>\n\n\n<figure class=\"wp-block-video\"><video height=\"720\" style=\"aspect-ratio: 948 \/ 720;\" width=\"948\" controls src=\"https:\/\/www.iemj.org\/wp-content\/uploads\/2018\/12\/a_jumpin_night_trailer_iemj-1.mp4\"><\/video><figcaption><strong>Guarda un estratto del documentario <em>A Jumpin\u2019 Night in the Garden of Eden<\/em><\/strong><\/figcaption><\/figure>\n\n\n\n<p>Film documentario prodotto e diretto da Michal Goldman<br>Direttore della fotografia: Boyd Estus, Dyanna Taylor<br>Suono: Colin Macnab, John Dildine<br>Editore: Michal Goldman<br>Sponsorizzato da: The National Endowment for the Arts \/ Folk Arts, The American Film Institute in associazione con The National Endowment for the Arts, The Massachusetts Cultural Council, The Massachusetts Foundation for the Humanities and Public Policy, The New England<br>Formato originale: Pellicola: 16 mm<br>\u00a9 1987, Michal Goldman<br>1 ora e 15 minuti, colore<\/p>\n","protected":false},"excerpt":{"rendered":"<p>A Jumpin &#8216;Night in the Garden of Eden \u00e8 il primo documentario sul revival della musica klezmer negli Stati Uniti. Descrive gli sforzi della Kapelye e della Boston&#8217;s Klezmer Conservatory<\/p>\n","protected":false},"author":1048,"featured_media":53090,"comment_status":"closed","ping_status":"open","sticky":false,"template":"","format":"standard","meta":{"_acf_changed":false,"footnotes":""},"categories":[1531],"tags":[],"technique":[],"squelettes":[],"sujet":[],"formation":[],"genre":[1874,1676],"fonds":[],"tradition":[],"type-de-contenu":[],"interprete-compositeur":[],"frise":[],"type-devenement":[],"tableaux-liens-externes":[],"class_list":["post-53089","post","type-post","status-publish","format-standard","has-post-thumbnail","hentry","category-programmi-tv-video-it","genre-klezmer-it","genre-yiddish-it-2"],"acf":[],"yoast_head":"<!-- This site is optimized with the Yoast SEO plugin v27.3 - https:\/\/yoast.com\/product\/yoast-seo-wordpress\/ -->\n<title>A Jumpin&#039; Night in the Garden of Eden - Institut Europ\u00e9en des Musiques Juives<\/title>\n<meta name=\"robots\" content=\"index, follow, max-snippet:-1, max-image-preview:large, max-video-preview:-1\" \/>\n<link rel=\"canonical\" href=\"https:\/\/www.iemj.org\/it\/a-jumpin-night-in-the-garden-of-eden\/\" \/>\n<meta property=\"og:locale\" content=\"it_IT\" \/>\n<meta property=\"og:type\" content=\"article\" \/>\n<meta property=\"og:title\" content=\"A Jumpin&#039; Night in the Garden of Eden - Institut Europ\u00e9en des Musiques Juives\" \/>\n<meta property=\"og:description\" content=\"A Jumpin &#8216;Night in the Garden of Eden \u00e8 il primo documentario sul revival della musica klezmer negli Stati Uniti. Descrive gli sforzi della Kapelye e della Boston&#8217;s Klezmer Conservatory\" \/>\n<meta property=\"og:url\" content=\"https:\/\/www.iemj.org\/it\/a-jumpin-night-in-the-garden-of-eden\/\" \/>\n<meta property=\"og:site_name\" content=\"Institut Europ\u00e9en des Musiques Juives\" \/>\n<meta property=\"article:publisher\" content=\"https:\/\/www.facebook.com\/MusiquesJuives\/\" \/>\n<meta property=\"article:published_time\" content=\"2018-12-13T10:07:05+00:00\" \/>\n<meta property=\"article:modified_time\" content=\"2021-07-03T13:49:53+00:00\" \/>\n<meta property=\"og:image\" content=\"https:\/\/www.iemj.org\/wp-content\/uploads\/2018\/12\/arton3835.jpg\" \/>\n\t<meta property=\"og:image:width\" content=\"206\" \/>\n\t<meta property=\"og:image:height\" content=\"305\" \/>\n\t<meta property=\"og:image:type\" content=\"image\/jpeg\" \/>\n<meta name=\"author\" content=\"Jean-Gabriel Davis\" \/>\n<meta name=\"twitter:card\" content=\"summary_large_image\" \/>\n<meta name=\"twitter:label1\" content=\"Scritto da\" \/>\n\t<meta name=\"twitter:data1\" content=\"Jean-Gabriel Davis\" \/>\n\t<meta name=\"twitter:label2\" content=\"Tempo di lettura stimato\" \/>\n\t<meta name=\"twitter:data2\" content=\"2 minuti\" \/>\n<script type=\"application\/ld+json\" class=\"yoast-schema-graph\">{\"@context\":\"https:\\\/\\\/schema.org\",\"@graph\":[{\"@type\":\"Article\",\"@id\":\"https:\\\/\\\/www.iemj.org\\\/it\\\/a-jumpin-night-in-the-garden-of-eden\\\/#article\",\"isPartOf\":{\"@id\":\"https:\\\/\\\/www.iemj.org\\\/it\\\/a-jumpin-night-in-the-garden-of-eden\\\/\"},\"author\":{\"name\":\"Jean-Gabriel Davis\",\"@id\":\"https:\\\/\\\/www.iemj.org\\\/it\\\/#\\\/schema\\\/person\\\/c9bc1c386a3749579a2d675e72a18666\"},\"headline\":\"A Jumpin&#8217; Night in the Garden of Eden\",\"datePublished\":\"2018-12-13T10:07:05+00:00\",\"dateModified\":\"2021-07-03T13:49:53+00:00\",\"mainEntityOfPage\":{\"@id\":\"https:\\\/\\\/www.iemj.org\\\/it\\\/a-jumpin-night-in-the-garden-of-eden\\\/\"},\"wordCount\":363,\"publisher\":{\"@id\":\"https:\\\/\\\/www.iemj.org\\\/it\\\/#organization\"},\"image\":{\"@id\":\"https:\\\/\\\/www.iemj.org\\\/it\\\/a-jumpin-night-in-the-garden-of-eden\\\/#primaryimage\"},\"thumbnailUrl\":\"https:\\\/\\\/www.iemj.org\\\/wp-content\\\/uploads\\\/2018\\\/12\\\/arton3835.jpg\",\"articleSection\":[\"Programmi TV \\\/ Video\"],\"inLanguage\":\"it-IT\"},{\"@type\":\"WebPage\",\"@id\":\"https:\\\/\\\/www.iemj.org\\\/it\\\/a-jumpin-night-in-the-garden-of-eden\\\/\",\"url\":\"https:\\\/\\\/www.iemj.org\\\/it\\\/a-jumpin-night-in-the-garden-of-eden\\\/\",\"name\":\"A Jumpin' Night in the Garden of Eden - Institut Europ\u00e9en des Musiques Juives\",\"isPartOf\":{\"@id\":\"https:\\\/\\\/www.iemj.org\\\/it\\\/#website\"},\"primaryImageOfPage\":{\"@id\":\"https:\\\/\\\/www.iemj.org\\\/it\\\/a-jumpin-night-in-the-garden-of-eden\\\/#primaryimage\"},\"image\":{\"@id\":\"https:\\\/\\\/www.iemj.org\\\/it\\\/a-jumpin-night-in-the-garden-of-eden\\\/#primaryimage\"},\"thumbnailUrl\":\"https:\\\/\\\/www.iemj.org\\\/wp-content\\\/uploads\\\/2018\\\/12\\\/arton3835.jpg\",\"datePublished\":\"2018-12-13T10:07:05+00:00\",\"dateModified\":\"2021-07-03T13:49:53+00:00\",\"breadcrumb\":{\"@id\":\"https:\\\/\\\/www.iemj.org\\\/it\\\/a-jumpin-night-in-the-garden-of-eden\\\/#breadcrumb\"},\"inLanguage\":\"it-IT\",\"potentialAction\":[{\"@type\":\"ReadAction\",\"target\":[\"https:\\\/\\\/www.iemj.org\\\/it\\\/a-jumpin-night-in-the-garden-of-eden\\\/\"]}]},{\"@type\":\"ImageObject\",\"inLanguage\":\"it-IT\",\"@id\":\"https:\\\/\\\/www.iemj.org\\\/it\\\/a-jumpin-night-in-the-garden-of-eden\\\/#primaryimage\",\"url\":\"https:\\\/\\\/www.iemj.org\\\/wp-content\\\/uploads\\\/2018\\\/12\\\/arton3835.jpg\",\"contentUrl\":\"https:\\\/\\\/www.iemj.org\\\/wp-content\\\/uploads\\\/2018\\\/12\\\/arton3835.jpg\",\"width\":206,\"height\":305},{\"@type\":\"BreadcrumbList\",\"@id\":\"https:\\\/\\\/www.iemj.org\\\/it\\\/a-jumpin-night-in-the-garden-of-eden\\\/#breadcrumb\",\"itemListElement\":[{\"@type\":\"ListItem\",\"position\":1,\"name\":\"Accueil\",\"item\":\"https:\\\/\\\/www.iemj.org\\\/it\\\/\"},{\"@type\":\"ListItem\",\"position\":2,\"name\":\"A Jumpin&#8217; Night in the Garden of Eden\"}]},{\"@type\":\"WebSite\",\"@id\":\"https:\\\/\\\/www.iemj.org\\\/it\\\/#website\",\"url\":\"https:\\\/\\\/www.iemj.org\\\/it\\\/\",\"name\":\"Institut Europ\u00e9en des Musiques Juives\",\"description\":\"Des traditions musicales \u00e0 la port\u00e9e de tous\",\"publisher\":{\"@id\":\"https:\\\/\\\/www.iemj.org\\\/it\\\/#organization\"},\"potentialAction\":[{\"@type\":\"SearchAction\",\"target\":{\"@type\":\"EntryPoint\",\"urlTemplate\":\"https:\\\/\\\/www.iemj.org\\\/it\\\/?s={search_term_string}\"},\"query-input\":{\"@type\":\"PropertyValueSpecification\",\"valueRequired\":true,\"valueName\":\"search_term_string\"}}],\"inLanguage\":\"it-IT\"},{\"@type\":\"Organization\",\"@id\":\"https:\\\/\\\/www.iemj.org\\\/it\\\/#organization\",\"name\":\"Institut Europ\u00e9en des Musiques Juives\",\"url\":\"https:\\\/\\\/www.iemj.org\\\/it\\\/\",\"logo\":{\"@type\":\"ImageObject\",\"inLanguage\":\"it-IT\",\"@id\":\"https:\\\/\\\/www.iemj.org\\\/it\\\/#\\\/schema\\\/logo\\\/image\\\/\",\"url\":\"https:\\\/\\\/www.iemj.org\\\/wp-content\\\/uploads\\\/2021\\\/09\\\/Logo-IEMJ-Paypal.jpg\",\"contentUrl\":\"https:\\\/\\\/www.iemj.org\\\/wp-content\\\/uploads\\\/2021\\\/09\\\/Logo-IEMJ-Paypal.jpg\",\"width\":150,\"height\":50,\"caption\":\"Institut Europ\u00e9en des Musiques Juives\"},\"image\":{\"@id\":\"https:\\\/\\\/www.iemj.org\\\/it\\\/#\\\/schema\\\/logo\\\/image\\\/\"},\"sameAs\":[\"https:\\\/\\\/www.facebook.com\\\/MusiquesJuives\\\/\",\"https:\\\/\\\/www.instagram.com\\\/musiquesjuives\\\/\",\"https:\\\/\\\/www.youtube.com\\\/user\\\/musiquesjuives\"]},{\"@type\":\"Person\",\"@id\":\"https:\\\/\\\/www.iemj.org\\\/it\\\/#\\\/schema\\\/person\\\/c9bc1c386a3749579a2d675e72a18666\",\"name\":\"Jean-Gabriel Davis\",\"image\":{\"@type\":\"ImageObject\",\"inLanguage\":\"it-IT\",\"@id\":\"https:\\\/\\\/secure.gravatar.com\\\/avatar\\\/2b90d67bdf392c9b3a21fab87c0fa7edaf1fb3a058172a1ffd61033fcec7aec1?s=96&d=mm&r=g\",\"url\":\"https:\\\/\\\/secure.gravatar.com\\\/avatar\\\/2b90d67bdf392c9b3a21fab87c0fa7edaf1fb3a058172a1ffd61033fcec7aec1?s=96&d=mm&r=g\",\"contentUrl\":\"https:\\\/\\\/secure.gravatar.com\\\/avatar\\\/2b90d67bdf392c9b3a21fab87c0fa7edaf1fb3a058172a1ffd61033fcec7aec1?s=96&d=mm&r=g\",\"caption\":\"Jean-Gabriel Davis\"}}]}<\/script>\n<!-- \/ Yoast SEO plugin. -->","yoast_head_json":{"title":"A Jumpin' Night in the Garden of Eden - Institut Europ\u00e9en des Musiques Juives","robots":{"index":"index","follow":"follow","max-snippet":"max-snippet:-1","max-image-preview":"max-image-preview:large","max-video-preview":"max-video-preview:-1"},"canonical":"https:\/\/www.iemj.org\/it\/a-jumpin-night-in-the-garden-of-eden\/","og_locale":"it_IT","og_type":"article","og_title":"A Jumpin' Night in the Garden of Eden - Institut Europ\u00e9en des Musiques Juives","og_description":"A Jumpin &#8216;Night in the Garden of Eden \u00e8 il primo documentario sul revival della musica klezmer negli Stati Uniti. Descrive gli sforzi della Kapelye e della Boston&#8217;s Klezmer Conservatory","og_url":"https:\/\/www.iemj.org\/it\/a-jumpin-night-in-the-garden-of-eden\/","og_site_name":"Institut Europ\u00e9en des Musiques Juives","article_publisher":"https:\/\/www.facebook.com\/MusiquesJuives\/","article_published_time":"2018-12-13T10:07:05+00:00","article_modified_time":"2021-07-03T13:49:53+00:00","og_image":[{"width":206,"height":305,"url":"https:\/\/www.iemj.org\/wp-content\/uploads\/2018\/12\/arton3835.jpg","type":"image\/jpeg"}],"author":"Jean-Gabriel Davis","twitter_card":"summary_large_image","twitter_misc":{"Scritto da":"Jean-Gabriel Davis","Tempo di lettura stimato":"2 minuti"},"schema":{"@context":"https:\/\/schema.org","@graph":[{"@type":"Article","@id":"https:\/\/www.iemj.org\/it\/a-jumpin-night-in-the-garden-of-eden\/#article","isPartOf":{"@id":"https:\/\/www.iemj.org\/it\/a-jumpin-night-in-the-garden-of-eden\/"},"author":{"name":"Jean-Gabriel Davis","@id":"https:\/\/www.iemj.org\/it\/#\/schema\/person\/c9bc1c386a3749579a2d675e72a18666"},"headline":"A Jumpin&#8217; Night in the Garden of Eden","datePublished":"2018-12-13T10:07:05+00:00","dateModified":"2021-07-03T13:49:53+00:00","mainEntityOfPage":{"@id":"https:\/\/www.iemj.org\/it\/a-jumpin-night-in-the-garden-of-eden\/"},"wordCount":363,"publisher":{"@id":"https:\/\/www.iemj.org\/it\/#organization"},"image":{"@id":"https:\/\/www.iemj.org\/it\/a-jumpin-night-in-the-garden-of-eden\/#primaryimage"},"thumbnailUrl":"https:\/\/www.iemj.org\/wp-content\/uploads\/2018\/12\/arton3835.jpg","articleSection":["Programmi TV \/ Video"],"inLanguage":"it-IT"},{"@type":"WebPage","@id":"https:\/\/www.iemj.org\/it\/a-jumpin-night-in-the-garden-of-eden\/","url":"https:\/\/www.iemj.org\/it\/a-jumpin-night-in-the-garden-of-eden\/","name":"A Jumpin' Night in the Garden of Eden - Institut Europ\u00e9en des Musiques Juives","isPartOf":{"@id":"https:\/\/www.iemj.org\/it\/#website"},"primaryImageOfPage":{"@id":"https:\/\/www.iemj.org\/it\/a-jumpin-night-in-the-garden-of-eden\/#primaryimage"},"image":{"@id":"https:\/\/www.iemj.org\/it\/a-jumpin-night-in-the-garden-of-eden\/#primaryimage"},"thumbnailUrl":"https:\/\/www.iemj.org\/wp-content\/uploads\/2018\/12\/arton3835.jpg","datePublished":"2018-12-13T10:07:05+00:00","dateModified":"2021-07-03T13:49:53+00:00","breadcrumb":{"@id":"https:\/\/www.iemj.org\/it\/a-jumpin-night-in-the-garden-of-eden\/#breadcrumb"},"inLanguage":"it-IT","potentialAction":[{"@type":"ReadAction","target":["https:\/\/www.iemj.org\/it\/a-jumpin-night-in-the-garden-of-eden\/"]}]},{"@type":"ImageObject","inLanguage":"it-IT","@id":"https:\/\/www.iemj.org\/it\/a-jumpin-night-in-the-garden-of-eden\/#primaryimage","url":"https:\/\/www.iemj.org\/wp-content\/uploads\/2018\/12\/arton3835.jpg","contentUrl":"https:\/\/www.iemj.org\/wp-content\/uploads\/2018\/12\/arton3835.jpg","width":206,"height":305},{"@type":"BreadcrumbList","@id":"https:\/\/www.iemj.org\/it\/a-jumpin-night-in-the-garden-of-eden\/#breadcrumb","itemListElement":[{"@type":"ListItem","position":1,"name":"Accueil","item":"https:\/\/www.iemj.org\/it\/"},{"@type":"ListItem","position":2,"name":"A Jumpin&#8217; Night in the Garden of Eden"}]},{"@type":"WebSite","@id":"https:\/\/www.iemj.org\/it\/#website","url":"https:\/\/www.iemj.org\/it\/","name":"Institut Europ\u00e9en des Musiques Juives","description":"Des traditions musicales \u00e0 la port\u00e9e de tous","publisher":{"@id":"https:\/\/www.iemj.org\/it\/#organization"},"potentialAction":[{"@type":"SearchAction","target":{"@type":"EntryPoint","urlTemplate":"https:\/\/www.iemj.org\/it\/?s={search_term_string}"},"query-input":{"@type":"PropertyValueSpecification","valueRequired":true,"valueName":"search_term_string"}}],"inLanguage":"it-IT"},{"@type":"Organization","@id":"https:\/\/www.iemj.org\/it\/#organization","name":"Institut Europ\u00e9en des Musiques Juives","url":"https:\/\/www.iemj.org\/it\/","logo":{"@type":"ImageObject","inLanguage":"it-IT","@id":"https:\/\/www.iemj.org\/it\/#\/schema\/logo\/image\/","url":"https:\/\/www.iemj.org\/wp-content\/uploads\/2021\/09\/Logo-IEMJ-Paypal.jpg","contentUrl":"https:\/\/www.iemj.org\/wp-content\/uploads\/2021\/09\/Logo-IEMJ-Paypal.jpg","width":150,"height":50,"caption":"Institut Europ\u00e9en des Musiques Juives"},"image":{"@id":"https:\/\/www.iemj.org\/it\/#\/schema\/logo\/image\/"},"sameAs":["https:\/\/www.facebook.com\/MusiquesJuives\/","https:\/\/www.instagram.com\/musiquesjuives\/","https:\/\/www.youtube.com\/user\/musiquesjuives"]},{"@type":"Person","@id":"https:\/\/www.iemj.org\/it\/#\/schema\/person\/c9bc1c386a3749579a2d675e72a18666","name":"Jean-Gabriel Davis","image":{"@type":"ImageObject","inLanguage":"it-IT","@id":"https:\/\/secure.gravatar.com\/avatar\/2b90d67bdf392c9b3a21fab87c0fa7edaf1fb3a058172a1ffd61033fcec7aec1?s=96&d=mm&r=g","url":"https:\/\/secure.gravatar.com\/avatar\/2b90d67bdf392c9b3a21fab87c0fa7edaf1fb3a058172a1ffd61033fcec7aec1?s=96&d=mm&r=g","contentUrl":"https:\/\/secure.gravatar.com\/avatar\/2b90d67bdf392c9b3a21fab87c0fa7edaf1fb3a058172a1ffd61033fcec7aec1?s=96&d=mm&r=g","caption":"Jean-Gabriel Davis"}}]}},"_links":{"self":[{"href":"https:\/\/www.iemj.org\/it\/wp-json\/wp\/v2\/posts\/53089","targetHints":{"allow":["GET"]}}],"collection":[{"href":"https:\/\/www.iemj.org\/it\/wp-json\/wp\/v2\/posts"}],"about":[{"href":"https:\/\/www.iemj.org\/it\/wp-json\/wp\/v2\/types\/post"}],"author":[{"embeddable":true,"href":"https:\/\/www.iemj.org\/it\/wp-json\/wp\/v2\/users\/1048"}],"replies":[{"embeddable":true,"href":"https:\/\/www.iemj.org\/it\/wp-json\/wp\/v2\/comments?post=53089"}],"version-history":[{"count":0,"href":"https:\/\/www.iemj.org\/it\/wp-json\/wp\/v2\/posts\/53089\/revisions"}],"wp:featuredmedia":[{"embeddable":true,"href":"https:\/\/www.iemj.org\/it\/wp-json\/wp\/v2\/media\/53090"}],"wp:attachment":[{"href":"https:\/\/www.iemj.org\/it\/wp-json\/wp\/v2\/media?parent=53089"}],"wp:term":[{"taxonomy":"category","embeddable":true,"href":"https:\/\/www.iemj.org\/it\/wp-json\/wp\/v2\/categories?post=53089"},{"taxonomy":"post_tag","embeddable":true,"href":"https:\/\/www.iemj.org\/it\/wp-json\/wp\/v2\/tags?post=53089"},{"taxonomy":"technique","embeddable":true,"href":"https:\/\/www.iemj.org\/it\/wp-json\/wp\/v2\/technique?post=53089"},{"taxonomy":"squelettes","embeddable":true,"href":"https:\/\/www.iemj.org\/it\/wp-json\/wp\/v2\/squelettes?post=53089"},{"taxonomy":"sujet","embeddable":true,"href":"https:\/\/www.iemj.org\/it\/wp-json\/wp\/v2\/sujet?post=53089"},{"taxonomy":"formation","embeddable":true,"href":"https:\/\/www.iemj.org\/it\/wp-json\/wp\/v2\/formation?post=53089"},{"taxonomy":"genre","embeddable":true,"href":"https:\/\/www.iemj.org\/it\/wp-json\/wp\/v2\/genre?post=53089"},{"taxonomy":"fonds","embeddable":true,"href":"https:\/\/www.iemj.org\/it\/wp-json\/wp\/v2\/fonds?post=53089"},{"taxonomy":"tradition","embeddable":true,"href":"https:\/\/www.iemj.org\/it\/wp-json\/wp\/v2\/tradition?post=53089"},{"taxonomy":"type-de-contenu","embeddable":true,"href":"https:\/\/www.iemj.org\/it\/wp-json\/wp\/v2\/type-de-contenu?post=53089"},{"taxonomy":"interprete-compositeur","embeddable":true,"href":"https:\/\/www.iemj.org\/it\/wp-json\/wp\/v2\/interprete-compositeur?post=53089"},{"taxonomy":"frise","embeddable":true,"href":"https:\/\/www.iemj.org\/it\/wp-json\/wp\/v2\/frise?post=53089"},{"taxonomy":"type-devenement","embeddable":true,"href":"https:\/\/www.iemj.org\/it\/wp-json\/wp\/v2\/type-devenement?post=53089"},{"taxonomy":"tableaux-liens-externes","embeddable":true,"href":"https:\/\/www.iemj.org\/it\/wp-json\/wp\/v2\/tableaux-liens-externes?post=53089"}],"curies":[{"name":"wp","href":"https:\/\/api.w.org\/{rel}","templated":true}]}}