{"id":53141,"date":"2010-03-26T10:02:21","date_gmt":"2010-03-26T09:02:21","guid":{"rendered":"https:\/\/www.iemj.org\/fernand-halphen\/"},"modified":"2025-08-24T18:57:39","modified_gmt":"2025-08-24T16:57:39","slug":"fernand-halphen","status":"publish","type":"post","link":"https:\/\/www.iemj.org\/it\/fernand-halphen\/","title":{"rendered":"Fernand Halphen &#8211; Melodie, brani per pianoforte e musica da camera"},"content":{"rendered":"<h3><strong>COLLEZIONE DEI PATRIMON\u00ce MUSICALI DEGLI EBREI DI FRANCIA, VOL 5<\/strong><\/h3>\n<h3><strong>Orph\u00e9e d\u2019or 2007 dell\u2019Academia del disco lirico<\/strong><\/h3>\n<p><!--more--><\/p>\n<p>Composto da due dischi (circa 130 minuti di musica) ed un libretto bilingue francese\/inglese riccamente documentato, questo album presenta in anteprima mondiale delle opere per voce, pianoforte, violino, violoncello, corno e flauto di Fernand Halphen, compositore e mecenate ebreo, morto per la Francia nel 1917.<\/p>\n<p>Allievo di Gabriel Faur\u00e9 e Jules Massenet, laureato del Secondo Gran Premio di Rome nel 1896, <a href=\"https:\/\/www.iemj.org\/it\/halphen-fernand-1872-1917\/\" target=\"_blank\" rel=\"noopener\">Fernand Halphen<\/a> (1872-1917) \u00e8 l\u2019autore di un&#8217;opera di quasi 150 lavori, tra cui una Sinfonia, una Suite d&#8217;orchestra, un balletto: Il Risveglio del fauno e numerose melodie. Si \u00e8 molto interessato anche alla musica da camera con, in particolare, una Sonata per violino e pianoforte, un Trio ed un Quartetto d&#8217;archi. Gli dobbiamo anche alcune pagine per organo e della musica religiosa. Due dei suoi salmi compaiono ancora oggi nel repertorio delle sinagoghe. Nel 2005, la Fondation du Juda\u00efsme Fran\u00e7ais ha avuto il privilegio di ospitare, come parte del suo programma dei Patrimon\u00ee musicali degli ebrei di Francia, la collezione d&#8217;archivio dei discendenti di Fernand Halphen. L&#8217;inventario di questo fondo ha permesso di aggiornare gran parte del catalogo delle composizioni di Fernand Halphen, inclusi molti manoscritti autografi inediti. Questo ha portato gradualmente all&#8217;idea di produrre un album discografico dedicato al lavoro di questo compositore ingiustamente dimenticato. Questo lavoro di restituzione musicale \u00e8 stato anche accompagnato dalla possibilit\u00e0 di studiare il contributo del giudaismo al patrimonio musicale francese durante la Terza Repubblica (1870-1940).<\/p>\n<p>Valendosi d\u2019artisti di talento, l\u2019opera di Fernand Halphen rivive oggi per la gioia delle nostre orecchie. Una musica piena di poesia, da consumare senza moderazione &#8230;<\/p>\n<p><a href=\"https:\/\/www.iemj.org\/en\/product\/fernand-halphen-melodies-pour-piano-et-musique-de-chambre\/\" target=\"_blank\" rel=\"noopener\"><u>Acquistare il CD online sul sito dell\u2019 IEMJ<\/u><\/a><\/p>\n<p>Informazioni allo 00.33.(0)1 45 82 20 52; <a href=\"mailto:contact@iemj.org\"><u>contact@iemj.org<\/u><\/a><\/p>\n<p><img fetchpriority=\"high\" decoding=\"async\" class=\" alignleft size-full wp-image-2999\" src=\"https:\/\/www.iemj.org\/wp-content\/uploads\/2010\/03\/fernand-halphen_cd_couv4.jpg\" alt=\"fernand-halphen_cd_couv4.jpg\" width=\"699\" height=\"581\" align=\"left\" \/><\/p>\n<div class=\"fb-like\" data-href=\"#URL_ARTICLE\" data-layout=\"button_count\" data-action=\"like\" data-show-faces=\"false\" data-share=\"true\">\u00a0<\/div>\n\n\n<h2 class=\"wp-block-heading\"><\/h2>\n\n\n\n<figure class=\"wp-block-image size-large\"><img decoding=\"async\" width=\"1024\" height=\"133\" src=\"https:\/\/www.iemj.org\/wp-content\/uploads\/2024\/03\/AUDIO-PLAYER-1024x133.png\" alt=\"\" class=\"wp-image-110609\" srcset=\"https:\/\/www.iemj.org\/wp-content\/uploads\/2024\/03\/AUDIO-PLAYER-1024x133.png 1024w, https:\/\/www.iemj.org\/wp-content\/uploads\/2024\/03\/AUDIO-PLAYER-300x39.png 300w, https:\/\/www.iemj.org\/wp-content\/uploads\/2024\/03\/AUDIO-PLAYER-768x100.png 768w, https:\/\/www.iemj.org\/wp-content\/uploads\/2024\/03\/AUDIO-PLAYER-600x78.png 600w, https:\/\/www.iemj.org\/wp-content\/uploads\/2024\/03\/AUDIO-PLAYER.png 1210w\" sizes=\"(max-width: 1024px) 100vw, 1024px\" \/><\/figure>\n\n\n\n<div class=\"wp-block-file\"><a href=\"https:\/\/www.iemj.org\/wp-content\/uploads\/2018\/10\/vl5_andante_religioso-ext-2.mp3\">Andante religioso (EXTRAIT)<\/a><\/div>\n\n\n\n<div class=\"wp-block-file\"><a href=\"https:\/\/www.iemj.org\/wp-content\/uploads\/2018\/10\/vl5_les_gnomes-entier-2.mp3\">Les gnomes (EXTRAIT)<\/a><\/div>\n\n\n\n<div class=\"wp-block-file\"><a href=\"https:\/\/www.iemj.org\/wp-content\/uploads\/2018\/10\/vl5-sicilienne_piano_et_flute_-ext-2.mp3\">Sicilienne pour violon et piano (EXTRAIT)<\/a><\/div>\n","protected":false},"excerpt":{"rendered":"<p>COLLEZIONE DEI PATRIMON\u00ce MUSICALI DEGLI EBREI DI FRANCIA, VOL 5 Orph\u00e9e d\u2019or 2007 dell\u2019Academia del disco lirico<\/p>\n","protected":false},"author":1045,"featured_media":53142,"comment_status":"closed","ping_status":"open","sticky":false,"template":"","format":"standard","meta":{"_acf_changed":false,"footnotes":""},"categories":[1360,2208,1361],"tags":[],"technique":[],"squelettes":[],"sujet":[1823],"formation":[],"genre":[1901],"fonds":[],"tradition":[],"type-de-contenu":[],"interprete-compositeur":[3160],"frise":[],"type-devenement":[],"tableaux-liens-externes":[],"class_list":["post-53141","post","type-post","status-publish","format-standard","has-post-thumbnail","hentry","category-cd-iemj-it","category-collezione-patrimoni-musicali-degli-ebrei-di-francia-it","category-pubblicazioni-it","sujet-francia-it","genre-musica-classica-it","interprete-compositeur-fernand-halphen-it"],"acf":[],"yoast_head":"<!-- This site is optimized with the Yoast SEO plugin v27.3 - https:\/\/yoast.com\/product\/yoast-seo-wordpress\/ -->\n<title>Fernand Halphen - Melodie, brani per pianoforte e musica da camera - Institut Europ\u00e9en des Musiques Juives<\/title>\n<meta name=\"robots\" content=\"index, follow, max-snippet:-1, max-image-preview:large, max-video-preview:-1\" \/>\n<link rel=\"canonical\" href=\"https:\/\/www.iemj.org\/it\/fernand-halphen\/\" \/>\n<meta property=\"og:locale\" content=\"it_IT\" \/>\n<meta property=\"og:type\" content=\"article\" \/>\n<meta property=\"og:title\" content=\"Fernand Halphen - Melodie, brani per pianoforte e musica da camera - Institut Europ\u00e9en des Musiques Juives\" \/>\n<meta property=\"og:description\" content=\"COLLEZIONE DEI PATRIMON\u00ce MUSICALI DEGLI EBREI DI FRANCIA, VOL 5 Orph\u00e9e d\u2019or 2007 dell\u2019Academia del disco lirico\" \/>\n<meta property=\"og:url\" content=\"https:\/\/www.iemj.org\/it\/fernand-halphen\/\" \/>\n<meta property=\"og:site_name\" content=\"Institut Europ\u00e9en des Musiques Juives\" \/>\n<meta property=\"article:publisher\" content=\"https:\/\/www.facebook.com\/MusiquesJuives\/\" \/>\n<meta property=\"article:published_time\" content=\"2010-03-26T09:02:21+00:00\" \/>\n<meta property=\"article:modified_time\" content=\"2025-08-24T16:57:39+00:00\" \/>\n<meta property=\"og:image\" content=\"https:\/\/www.iemj.org\/wp-content\/uploads\/2010\/03\/arton35-e1625318353797.jpg\" \/>\n\t<meta property=\"og:image:width\" content=\"350\" \/>\n\t<meta property=\"og:image:height\" content=\"299\" \/>\n\t<meta property=\"og:image:type\" content=\"image\/jpeg\" \/>\n<meta name=\"author\" content=\"Herv\u00e9 Roten\" \/>\n<meta name=\"twitter:card\" content=\"summary_large_image\" \/>\n<meta name=\"twitter:label1\" content=\"Scritto da\" \/>\n\t<meta name=\"twitter:data1\" content=\"Herv\u00e9 Roten\" \/>\n\t<meta name=\"twitter:label2\" content=\"Tempo di lettura stimato\" \/>\n\t<meta name=\"twitter:data2\" content=\"2 minuti\" \/>\n<script type=\"application\/ld+json\" class=\"yoast-schema-graph\">{\"@context\":\"https:\\\/\\\/schema.org\",\"@graph\":[{\"@type\":\"Article\",\"@id\":\"https:\\\/\\\/www.iemj.org\\\/it\\\/fernand-halphen\\\/#article\",\"isPartOf\":{\"@id\":\"https:\\\/\\\/www.iemj.org\\\/it\\\/fernand-halphen\\\/\"},\"author\":{\"name\":\"Herv\u00e9 Roten\",\"@id\":\"https:\\\/\\\/www.iemj.org\\\/it\\\/#\\\/schema\\\/person\\\/906134402c29d5c76e7b726261dd4bbd\"},\"headline\":\"Fernand Halphen &#8211; Melodie, brani per pianoforte e musica da camera\",\"datePublished\":\"2010-03-26T09:02:21+00:00\",\"dateModified\":\"2025-08-24T16:57:39+00:00\",\"mainEntityOfPage\":{\"@id\":\"https:\\\/\\\/www.iemj.org\\\/it\\\/fernand-halphen\\\/\"},\"wordCount\":316,\"publisher\":{\"@id\":\"https:\\\/\\\/www.iemj.org\\\/it\\\/#organization\"},\"image\":{\"@id\":\"https:\\\/\\\/www.iemj.org\\\/it\\\/fernand-halphen\\\/#primaryimage\"},\"thumbnailUrl\":\"https:\\\/\\\/www.iemj.org\\\/wp-content\\\/uploads\\\/2010\\\/03\\\/arton35-e1625318353797.jpg\",\"articleSection\":[\"CD IEMJ\",\"Collezione Patrimon\u00ee musicali degli ebrei di Francia\",\"Pubblicazioni\"],\"inLanguage\":\"it-IT\"},{\"@type\":\"WebPage\",\"@id\":\"https:\\\/\\\/www.iemj.org\\\/it\\\/fernand-halphen\\\/\",\"url\":\"https:\\\/\\\/www.iemj.org\\\/it\\\/fernand-halphen\\\/\",\"name\":\"Fernand Halphen - Melodie, brani per pianoforte e musica da camera - Institut Europ\u00e9en des Musiques Juives\",\"isPartOf\":{\"@id\":\"https:\\\/\\\/www.iemj.org\\\/it\\\/#website\"},\"primaryImageOfPage\":{\"@id\":\"https:\\\/\\\/www.iemj.org\\\/it\\\/fernand-halphen\\\/#primaryimage\"},\"image\":{\"@id\":\"https:\\\/\\\/www.iemj.org\\\/it\\\/fernand-halphen\\\/#primaryimage\"},\"thumbnailUrl\":\"https:\\\/\\\/www.iemj.org\\\/wp-content\\\/uploads\\\/2010\\\/03\\\/arton35-e1625318353797.jpg\",\"datePublished\":\"2010-03-26T09:02:21+00:00\",\"dateModified\":\"2025-08-24T16:57:39+00:00\",\"breadcrumb\":{\"@id\":\"https:\\\/\\\/www.iemj.org\\\/it\\\/fernand-halphen\\\/#breadcrumb\"},\"inLanguage\":\"it-IT\",\"potentialAction\":[{\"@type\":\"ReadAction\",\"target\":[\"https:\\\/\\\/www.iemj.org\\\/it\\\/fernand-halphen\\\/\"]}]},{\"@type\":\"ImageObject\",\"inLanguage\":\"it-IT\",\"@id\":\"https:\\\/\\\/www.iemj.org\\\/it\\\/fernand-halphen\\\/#primaryimage\",\"url\":\"https:\\\/\\\/www.iemj.org\\\/wp-content\\\/uploads\\\/2010\\\/03\\\/arton35-e1625318353797.jpg\",\"contentUrl\":\"https:\\\/\\\/www.iemj.org\\\/wp-content\\\/uploads\\\/2010\\\/03\\\/arton35-e1625318353797.jpg\",\"width\":350,\"height\":299},{\"@type\":\"BreadcrumbList\",\"@id\":\"https:\\\/\\\/www.iemj.org\\\/it\\\/fernand-halphen\\\/#breadcrumb\",\"itemListElement\":[{\"@type\":\"ListItem\",\"position\":1,\"name\":\"Accueil\",\"item\":\"https:\\\/\\\/www.iemj.org\\\/it\\\/\"},{\"@type\":\"ListItem\",\"position\":2,\"name\":\"Fernand Halphen &#8211; Melodie, brani per pianoforte e musica da camera\"}]},{\"@type\":\"WebSite\",\"@id\":\"https:\\\/\\\/www.iemj.org\\\/it\\\/#website\",\"url\":\"https:\\\/\\\/www.iemj.org\\\/it\\\/\",\"name\":\"Institut Europ\u00e9en des Musiques Juives\",\"description\":\"Des traditions musicales \u00e0 la port\u00e9e de tous\",\"publisher\":{\"@id\":\"https:\\\/\\\/www.iemj.org\\\/it\\\/#organization\"},\"potentialAction\":[{\"@type\":\"SearchAction\",\"target\":{\"@type\":\"EntryPoint\",\"urlTemplate\":\"https:\\\/\\\/www.iemj.org\\\/it\\\/?s={search_term_string}\"},\"query-input\":{\"@type\":\"PropertyValueSpecification\",\"valueRequired\":true,\"valueName\":\"search_term_string\"}}],\"inLanguage\":\"it-IT\"},{\"@type\":\"Organization\",\"@id\":\"https:\\\/\\\/www.iemj.org\\\/it\\\/#organization\",\"name\":\"Institut Europ\u00e9en des Musiques Juives\",\"url\":\"https:\\\/\\\/www.iemj.org\\\/it\\\/\",\"logo\":{\"@type\":\"ImageObject\",\"inLanguage\":\"it-IT\",\"@id\":\"https:\\\/\\\/www.iemj.org\\\/it\\\/#\\\/schema\\\/logo\\\/image\\\/\",\"url\":\"https:\\\/\\\/www.iemj.org\\\/wp-content\\\/uploads\\\/2021\\\/09\\\/Logo-IEMJ-Paypal.jpg\",\"contentUrl\":\"https:\\\/\\\/www.iemj.org\\\/wp-content\\\/uploads\\\/2021\\\/09\\\/Logo-IEMJ-Paypal.jpg\",\"width\":150,\"height\":50,\"caption\":\"Institut Europ\u00e9en des Musiques Juives\"},\"image\":{\"@id\":\"https:\\\/\\\/www.iemj.org\\\/it\\\/#\\\/schema\\\/logo\\\/image\\\/\"},\"sameAs\":[\"https:\\\/\\\/www.facebook.com\\\/MusiquesJuives\\\/\",\"https:\\\/\\\/www.instagram.com\\\/musiquesjuives\\\/\",\"https:\\\/\\\/www.youtube.com\\\/user\\\/musiquesjuives\"]},{\"@type\":\"Person\",\"@id\":\"https:\\\/\\\/www.iemj.org\\\/it\\\/#\\\/schema\\\/person\\\/906134402c29d5c76e7b726261dd4bbd\",\"name\":\"Herv\u00e9 Roten\",\"image\":{\"@type\":\"ImageObject\",\"inLanguage\":\"it-IT\",\"@id\":\"https:\\\/\\\/secure.gravatar.com\\\/avatar\\\/f96ad2db538a26481f18384936b5cd0610c92d390c4dc382209216d455f685ff?s=96&d=mm&r=g\",\"url\":\"https:\\\/\\\/secure.gravatar.com\\\/avatar\\\/f96ad2db538a26481f18384936b5cd0610c92d390c4dc382209216d455f685ff?s=96&d=mm&r=g\",\"contentUrl\":\"https:\\\/\\\/secure.gravatar.com\\\/avatar\\\/f96ad2db538a26481f18384936b5cd0610c92d390c4dc382209216d455f685ff?s=96&d=mm&r=g\",\"caption\":\"Herv\u00e9 Roten\"}}]}<\/script>\n<!-- \/ Yoast SEO plugin. -->","yoast_head_json":{"title":"Fernand Halphen - Melodie, brani per pianoforte e musica da camera - Institut Europ\u00e9en des Musiques Juives","robots":{"index":"index","follow":"follow","max-snippet":"max-snippet:-1","max-image-preview":"max-image-preview:large","max-video-preview":"max-video-preview:-1"},"canonical":"https:\/\/www.iemj.org\/it\/fernand-halphen\/","og_locale":"it_IT","og_type":"article","og_title":"Fernand Halphen - Melodie, brani per pianoforte e musica da camera - Institut Europ\u00e9en des Musiques Juives","og_description":"COLLEZIONE DEI PATRIMON\u00ce MUSICALI DEGLI EBREI DI FRANCIA, VOL 5 Orph\u00e9e d\u2019or 2007 dell\u2019Academia del disco lirico","og_url":"https:\/\/www.iemj.org\/it\/fernand-halphen\/","og_site_name":"Institut Europ\u00e9en des Musiques Juives","article_publisher":"https:\/\/www.facebook.com\/MusiquesJuives\/","article_published_time":"2010-03-26T09:02:21+00:00","article_modified_time":"2025-08-24T16:57:39+00:00","og_image":[{"width":350,"height":299,"url":"https:\/\/www.iemj.org\/wp-content\/uploads\/2010\/03\/arton35-e1625318353797.jpg","type":"image\/jpeg"}],"author":"Herv\u00e9 Roten","twitter_card":"summary_large_image","twitter_misc":{"Scritto da":"Herv\u00e9 Roten","Tempo di lettura stimato":"2 minuti"},"schema":{"@context":"https:\/\/schema.org","@graph":[{"@type":"Article","@id":"https:\/\/www.iemj.org\/it\/fernand-halphen\/#article","isPartOf":{"@id":"https:\/\/www.iemj.org\/it\/fernand-halphen\/"},"author":{"name":"Herv\u00e9 Roten","@id":"https:\/\/www.iemj.org\/it\/#\/schema\/person\/906134402c29d5c76e7b726261dd4bbd"},"headline":"Fernand Halphen &#8211; Melodie, brani per pianoforte e musica da camera","datePublished":"2010-03-26T09:02:21+00:00","dateModified":"2025-08-24T16:57:39+00:00","mainEntityOfPage":{"@id":"https:\/\/www.iemj.org\/it\/fernand-halphen\/"},"wordCount":316,"publisher":{"@id":"https:\/\/www.iemj.org\/it\/#organization"},"image":{"@id":"https:\/\/www.iemj.org\/it\/fernand-halphen\/#primaryimage"},"thumbnailUrl":"https:\/\/www.iemj.org\/wp-content\/uploads\/2010\/03\/arton35-e1625318353797.jpg","articleSection":["CD IEMJ","Collezione Patrimon\u00ee musicali degli ebrei di Francia","Pubblicazioni"],"inLanguage":"it-IT"},{"@type":"WebPage","@id":"https:\/\/www.iemj.org\/it\/fernand-halphen\/","url":"https:\/\/www.iemj.org\/it\/fernand-halphen\/","name":"Fernand Halphen - Melodie, brani per pianoforte e musica da camera - Institut Europ\u00e9en des Musiques Juives","isPartOf":{"@id":"https:\/\/www.iemj.org\/it\/#website"},"primaryImageOfPage":{"@id":"https:\/\/www.iemj.org\/it\/fernand-halphen\/#primaryimage"},"image":{"@id":"https:\/\/www.iemj.org\/it\/fernand-halphen\/#primaryimage"},"thumbnailUrl":"https:\/\/www.iemj.org\/wp-content\/uploads\/2010\/03\/arton35-e1625318353797.jpg","datePublished":"2010-03-26T09:02:21+00:00","dateModified":"2025-08-24T16:57:39+00:00","breadcrumb":{"@id":"https:\/\/www.iemj.org\/it\/fernand-halphen\/#breadcrumb"},"inLanguage":"it-IT","potentialAction":[{"@type":"ReadAction","target":["https:\/\/www.iemj.org\/it\/fernand-halphen\/"]}]},{"@type":"ImageObject","inLanguage":"it-IT","@id":"https:\/\/www.iemj.org\/it\/fernand-halphen\/#primaryimage","url":"https:\/\/www.iemj.org\/wp-content\/uploads\/2010\/03\/arton35-e1625318353797.jpg","contentUrl":"https:\/\/www.iemj.org\/wp-content\/uploads\/2010\/03\/arton35-e1625318353797.jpg","width":350,"height":299},{"@type":"BreadcrumbList","@id":"https:\/\/www.iemj.org\/it\/fernand-halphen\/#breadcrumb","itemListElement":[{"@type":"ListItem","position":1,"name":"Accueil","item":"https:\/\/www.iemj.org\/it\/"},{"@type":"ListItem","position":2,"name":"Fernand Halphen &#8211; Melodie, brani per pianoforte e musica da camera"}]},{"@type":"WebSite","@id":"https:\/\/www.iemj.org\/it\/#website","url":"https:\/\/www.iemj.org\/it\/","name":"Institut Europ\u00e9en des Musiques Juives","description":"Des traditions musicales \u00e0 la port\u00e9e de tous","publisher":{"@id":"https:\/\/www.iemj.org\/it\/#organization"},"potentialAction":[{"@type":"SearchAction","target":{"@type":"EntryPoint","urlTemplate":"https:\/\/www.iemj.org\/it\/?s={search_term_string}"},"query-input":{"@type":"PropertyValueSpecification","valueRequired":true,"valueName":"search_term_string"}}],"inLanguage":"it-IT"},{"@type":"Organization","@id":"https:\/\/www.iemj.org\/it\/#organization","name":"Institut Europ\u00e9en des Musiques Juives","url":"https:\/\/www.iemj.org\/it\/","logo":{"@type":"ImageObject","inLanguage":"it-IT","@id":"https:\/\/www.iemj.org\/it\/#\/schema\/logo\/image\/","url":"https:\/\/www.iemj.org\/wp-content\/uploads\/2021\/09\/Logo-IEMJ-Paypal.jpg","contentUrl":"https:\/\/www.iemj.org\/wp-content\/uploads\/2021\/09\/Logo-IEMJ-Paypal.jpg","width":150,"height":50,"caption":"Institut Europ\u00e9en des Musiques Juives"},"image":{"@id":"https:\/\/www.iemj.org\/it\/#\/schema\/logo\/image\/"},"sameAs":["https:\/\/www.facebook.com\/MusiquesJuives\/","https:\/\/www.instagram.com\/musiquesjuives\/","https:\/\/www.youtube.com\/user\/musiquesjuives"]},{"@type":"Person","@id":"https:\/\/www.iemj.org\/it\/#\/schema\/person\/906134402c29d5c76e7b726261dd4bbd","name":"Herv\u00e9 Roten","image":{"@type":"ImageObject","inLanguage":"it-IT","@id":"https:\/\/secure.gravatar.com\/avatar\/f96ad2db538a26481f18384936b5cd0610c92d390c4dc382209216d455f685ff?s=96&d=mm&r=g","url":"https:\/\/secure.gravatar.com\/avatar\/f96ad2db538a26481f18384936b5cd0610c92d390c4dc382209216d455f685ff?s=96&d=mm&r=g","contentUrl":"https:\/\/secure.gravatar.com\/avatar\/f96ad2db538a26481f18384936b5cd0610c92d390c4dc382209216d455f685ff?s=96&d=mm&r=g","caption":"Herv\u00e9 Roten"}}]}},"_links":{"self":[{"href":"https:\/\/www.iemj.org\/it\/wp-json\/wp\/v2\/posts\/53141","targetHints":{"allow":["GET"]}}],"collection":[{"href":"https:\/\/www.iemj.org\/it\/wp-json\/wp\/v2\/posts"}],"about":[{"href":"https:\/\/www.iemj.org\/it\/wp-json\/wp\/v2\/types\/post"}],"author":[{"embeddable":true,"href":"https:\/\/www.iemj.org\/it\/wp-json\/wp\/v2\/users\/1045"}],"replies":[{"embeddable":true,"href":"https:\/\/www.iemj.org\/it\/wp-json\/wp\/v2\/comments?post=53141"}],"version-history":[{"count":0,"href":"https:\/\/www.iemj.org\/it\/wp-json\/wp\/v2\/posts\/53141\/revisions"}],"wp:featuredmedia":[{"embeddable":true,"href":"https:\/\/www.iemj.org\/it\/wp-json\/wp\/v2\/media\/53142"}],"wp:attachment":[{"href":"https:\/\/www.iemj.org\/it\/wp-json\/wp\/v2\/media?parent=53141"}],"wp:term":[{"taxonomy":"category","embeddable":true,"href":"https:\/\/www.iemj.org\/it\/wp-json\/wp\/v2\/categories?post=53141"},{"taxonomy":"post_tag","embeddable":true,"href":"https:\/\/www.iemj.org\/it\/wp-json\/wp\/v2\/tags?post=53141"},{"taxonomy":"technique","embeddable":true,"href":"https:\/\/www.iemj.org\/it\/wp-json\/wp\/v2\/technique?post=53141"},{"taxonomy":"squelettes","embeddable":true,"href":"https:\/\/www.iemj.org\/it\/wp-json\/wp\/v2\/squelettes?post=53141"},{"taxonomy":"sujet","embeddable":true,"href":"https:\/\/www.iemj.org\/it\/wp-json\/wp\/v2\/sujet?post=53141"},{"taxonomy":"formation","embeddable":true,"href":"https:\/\/www.iemj.org\/it\/wp-json\/wp\/v2\/formation?post=53141"},{"taxonomy":"genre","embeddable":true,"href":"https:\/\/www.iemj.org\/it\/wp-json\/wp\/v2\/genre?post=53141"},{"taxonomy":"fonds","embeddable":true,"href":"https:\/\/www.iemj.org\/it\/wp-json\/wp\/v2\/fonds?post=53141"},{"taxonomy":"tradition","embeddable":true,"href":"https:\/\/www.iemj.org\/it\/wp-json\/wp\/v2\/tradition?post=53141"},{"taxonomy":"type-de-contenu","embeddable":true,"href":"https:\/\/www.iemj.org\/it\/wp-json\/wp\/v2\/type-de-contenu?post=53141"},{"taxonomy":"interprete-compositeur","embeddable":true,"href":"https:\/\/www.iemj.org\/it\/wp-json\/wp\/v2\/interprete-compositeur?post=53141"},{"taxonomy":"frise","embeddable":true,"href":"https:\/\/www.iemj.org\/it\/wp-json\/wp\/v2\/frise?post=53141"},{"taxonomy":"type-devenement","embeddable":true,"href":"https:\/\/www.iemj.org\/it\/wp-json\/wp\/v2\/type-devenement?post=53141"},{"taxonomy":"tableaux-liens-externes","embeddable":true,"href":"https:\/\/www.iemj.org\/it\/wp-json\/wp\/v2\/tableaux-liens-externes?post=53141"}],"curies":[{"name":"wp","href":"https:\/\/api.w.org\/{rel}","templated":true}]}}