{"id":53405,"date":"2010-03-01T10:45:00","date_gmt":"2010-03-01T09:45:00","guid":{"rendered":"https:\/\/www.iemj.org\/musiques-de-la-synagogue-de-bordeaux\/"},"modified":"2025-08-24T18:39:50","modified_gmt":"2025-08-24T16:39:50","slug":"musiques-de-la-synagogue-de-bordeaux","status":"publish","type":"post","link":"https:\/\/www.iemj.org\/it\/musiques-de-la-synagogue-de-bordeaux\/","title":{"rendered":"Musiche dalla sinagoga di Bordeaux &#8211; Rito portoghese"},"content":{"rendered":"<h3><strong>COLLEZIONE DEI PATRIMON\u00ce MUSICALI DEGLI EBREI DI FRANCIA, VOL 1<\/strong><\/h3>\n<p><!--more--><\/p>\n<p>All&#8217;inizio del XX secolo, la musica in uso nelle sinagoghe portoghesi di Bordeaux, Bayonne o Parigi era particolarmente impressionante. Il ministro officiante recitava la liturgia, il pi\u00f9 delle volte accompagnata dall&#8217;organo e dal canto di un coro di una ventina di uomini e di bambini vestiti con abiti specifici. Questo splendore, visivo e uditivo, contribuiva a conferire una grande solennit\u00e0 al culto. Ma, a seguito della seconda guerra mondiale e degli sconvolgimenti demografici del XX secolo, questa pratica \u00e8 completamente scomparsa.<\/p>\n<p>In occasione del 120\u00b0 anniversario della costruzione della grande Sinagoga di Bordeaux, \u00e8 nato il desiderio di riportare in vita questa musica per una serata. Su consiglio del musicologo Herv\u00e9 Roten, \u00e8 stato ricostituito un coro di uomini e bambini, sotto la direzione di Fran\u00e7oise Richard. Adolphe Attia, Malkiel Benamara, L\u00e9on Cohen e Didier Kassabi, quattro cantori che conoscevano ancora il rito portoghese, hanno accettato di prestare la loro voce per un magnifico concerto che ha avuto luogo nella Sinagoga di Bordeaux, il 14 ottobre 2002. L&#8217;accompagnamento \u00e8 stato assicurato da Mag Tayar, organista della grande Sinagoga di Marsiglia.<\/p>\n<p>Questa registrazione ricrea questo evento eccezionale: restituzione storica, resurrezione musicale. Un&#8217;ora di pura felicit\u00e0.<\/p>\n<p><a href=\"https:\/\/www.iemj.org\/en\/product\/musiques-de-la-synagogue-de-bordeaux\/\" target=\"_blank\" rel=\"noopener\"><strong><u>Acquistare il CD online sul sito dell\u2019IEMJ<\/u><\/strong><\/a><\/p>\n<p>Informazioni al 00.33.(0)1 45 82 20 52; <a href=\"mailto:contact@iemj.org\"><u>contact@iemj.org<\/u><\/a><\/p>\n<p><img fetchpriority=\"high\" decoding=\"async\" class=\" alignleft  wp-image-3055\" src=\"https:\/\/www.iemj.org\/wp-content\/uploads\/2010\/03\/musiques_synagogue_bordeaux_couv4_siteiemj.jpg\" alt=\"musiques_synagogue_bordeaux_couv4_siteiemj.jpg\" width=\"530\" height=\"454\" align=\"left\" \/><\/p>\n<div id=\"fb-root\">\u00a0<\/div>\n<div class=\"fb-like\" data-href=\"#URL_ARTICLE\" data-layout=\"button_count\" data-action=\"like\" data-show-faces=\"false\" data-share=\"true\">\u00a0<\/div>\n<div data-href=\"#URL_ARTICLE\" data-layout=\"button_count\" data-action=\"like\" data-show-faces=\"false\" data-share=\"true\">\u00a0<\/div>\n<div data-href=\"#URL_ARTICLE\" data-layout=\"button_count\" data-action=\"like\" data-show-faces=\"false\" data-share=\"true\">\u00a0<\/div>\n<div data-href=\"#URL_ARTICLE\" data-layout=\"button_count\" data-action=\"like\" data-show-faces=\"false\" data-share=\"true\">\u00a0<\/div>\n<div data-href=\"#URL_ARTICLE\" data-layout=\"button_count\" data-action=\"like\" data-show-faces=\"false\" data-share=\"true\">\u00a0<\/div>\n<div data-href=\"#URL_ARTICLE\" data-layout=\"button_count\" data-action=\"like\" data-show-faces=\"false\" data-share=\"true\">\u00a0<\/div>\n<div data-href=\"#URL_ARTICLE\" data-layout=\"button_count\" data-action=\"like\" data-show-faces=\"false\" data-share=\"true\">\u00a0<\/div>\n<div data-href=\"#URL_ARTICLE\" data-layout=\"button_count\" data-action=\"like\" data-show-faces=\"false\" data-share=\"true\">\u00a0<\/div>\n<div data-href=\"#URL_ARTICLE\" data-layout=\"button_count\" data-action=\"like\" data-show-faces=\"false\" data-share=\"true\">\u00a0<\/div>\n<div data-href=\"#URL_ARTICLE\" data-layout=\"button_count\" data-action=\"like\" data-show-faces=\"false\" data-share=\"true\">\u00a0<\/div>\n<div data-href=\"#URL_ARTICLE\" data-layout=\"button_count\" data-action=\"like\" data-show-faces=\"false\" data-share=\"true\">\u00a0<\/div>\n<div data-href=\"#URL_ARTICLE\" data-layout=\"button_count\" data-action=\"like\" data-show-faces=\"false\" data-share=\"true\">\u00a0<\/div>\n<div data-href=\"#URL_ARTICLE\" data-layout=\"button_count\" data-action=\"like\" data-show-faces=\"false\" data-share=\"true\">\u00a0<\/div>\n\n\n<h2 class=\"wp-block-heading\"><\/h2>\n\n\n\n<figure class=\"wp-block-image size-large\"><img decoding=\"async\" width=\"1024\" height=\"133\" src=\"https:\/\/www.iemj.org\/wp-content\/uploads\/2024\/03\/AUDIO-PLAYER-1024x133.png\" alt=\"\" class=\"wp-image-110609\" srcset=\"https:\/\/www.iemj.org\/wp-content\/uploads\/2024\/03\/AUDIO-PLAYER-1024x133.png 1024w, https:\/\/www.iemj.org\/wp-content\/uploads\/2024\/03\/AUDIO-PLAYER-300x39.png 300w, https:\/\/www.iemj.org\/wp-content\/uploads\/2024\/03\/AUDIO-PLAYER-768x100.png 768w, https:\/\/www.iemj.org\/wp-content\/uploads\/2024\/03\/AUDIO-PLAYER-600x78.png 600w, https:\/\/www.iemj.org\/wp-content\/uploads\/2024\/03\/AUDIO-PLAYER.png 1210w\" sizes=\"(max-width: 1024px) 100vw, 1024px\" \/><\/figure>\n\n\n\n<div class=\"wp-block-file\"><a href=\"https:\/\/www.iemj.org\/wp-content\/uploads\/2018\/10\/vl1-bore_ad_ana-_extrait_.mp3\">Bore ad ana (EXTRAIT)<\/a><\/div>\n\n\n\n<div class=\"wp-block-file\"><a href=\"https:\/\/www.iemj.org\/wp-content\/uploads\/2018\/10\/vl1-vayehi_binsoa-_extrait_.mp3\">Vayehi binsoa (EXTRAIT)<\/a><\/div>\n","protected":false},"excerpt":{"rendered":"<p>COLLEZIONE DEI PATRIMON\u00ce MUSICALI DEGLI EBREI DI FRANCIA, VOL 1<\/p>\n","protected":false},"author":1046,"featured_media":53406,"comment_status":"closed","ping_status":"open","sticky":false,"template":"","format":"standard","meta":{"_acf_changed":false,"footnotes":""},"categories":[1360,2208,1361],"tags":[],"technique":[],"squelettes":[],"sujet":[2113],"formation":[],"genre":[1892],"fonds":[],"tradition":[1974],"type-de-contenu":[],"interprete-compositeur":[],"frise":[],"type-devenement":[],"tableaux-liens-externes":[],"class_list":["post-53405","post","type-post","status-publish","format-standard","has-post-thumbnail","hentry","category-cd-iemj-it","category-collezione-patrimoni-musicali-degli-ebrei-di-francia-it","category-pubblicazioni-it","sujet-musica-della-sinagoga-it","genre-liturgia-it","tradition-rito-giudeo-portoghese-it"],"acf":[],"yoast_head":"<!-- This site is optimized with the Yoast SEO plugin v27.3 - https:\/\/yoast.com\/product\/yoast-seo-wordpress\/ -->\n<title>Musiche dalla sinagoga di Bordeaux - Rito portoghese - Institut Europ\u00e9en des Musiques Juives<\/title>\n<meta name=\"robots\" content=\"index, follow, max-snippet:-1, max-image-preview:large, max-video-preview:-1\" \/>\n<link rel=\"canonical\" href=\"https:\/\/www.iemj.org\/it\/musiques-de-la-synagogue-de-bordeaux\/\" \/>\n<meta property=\"og:locale\" content=\"it_IT\" \/>\n<meta property=\"og:type\" content=\"article\" \/>\n<meta property=\"og:title\" content=\"Musiche dalla sinagoga di Bordeaux - Rito portoghese - Institut Europ\u00e9en des Musiques Juives\" \/>\n<meta property=\"og:description\" content=\"COLLEZIONE DEI PATRIMON\u00ce MUSICALI DEGLI EBREI DI FRANCIA, VOL 1\" \/>\n<meta property=\"og:url\" content=\"https:\/\/www.iemj.org\/it\/musiques-de-la-synagogue-de-bordeaux\/\" \/>\n<meta property=\"og:site_name\" content=\"Institut Europ\u00e9en des Musiques Juives\" \/>\n<meta property=\"article:publisher\" content=\"https:\/\/www.facebook.com\/MusiquesJuives\/\" \/>\n<meta property=\"article:published_time\" content=\"2010-03-01T09:45:00+00:00\" \/>\n<meta property=\"article:modified_time\" content=\"2025-08-24T16:39:50+00:00\" \/>\n<meta property=\"og:image\" content=\"https:\/\/www.iemj.org\/wp-content\/uploads\/2010\/03\/arton39-e1625328801511.jpg\" \/>\n\t<meta property=\"og:image:width\" content=\"350\" \/>\n\t<meta property=\"og:image:height\" content=\"345\" \/>\n\t<meta property=\"og:image:type\" content=\"image\/jpeg\" \/>\n<meta name=\"author\" content=\"Isabelle Jouve\" \/>\n<meta name=\"twitter:card\" content=\"summary_large_image\" \/>\n<meta name=\"twitter:label1\" content=\"Scritto da\" \/>\n\t<meta name=\"twitter:data1\" content=\"Isabelle Jouve\" \/>\n\t<meta name=\"twitter:label2\" content=\"Tempo di lettura stimato\" \/>\n\t<meta name=\"twitter:data2\" content=\"2 minuti\" \/>\n<script type=\"application\/ld+json\" class=\"yoast-schema-graph\">{\"@context\":\"https:\\\/\\\/schema.org\",\"@graph\":[{\"@type\":\"Article\",\"@id\":\"https:\\\/\\\/www.iemj.org\\\/it\\\/musiques-de-la-synagogue-de-bordeaux\\\/#article\",\"isPartOf\":{\"@id\":\"https:\\\/\\\/www.iemj.org\\\/it\\\/musiques-de-la-synagogue-de-bordeaux\\\/\"},\"author\":{\"name\":\"Isabelle Jouve\",\"@id\":\"https:\\\/\\\/www.iemj.org\\\/it\\\/#\\\/schema\\\/person\\\/94283a7f5a8b28a85fdab0ae54777472\"},\"headline\":\"Musiche dalla sinagoga di Bordeaux &#8211; Rito portoghese\",\"datePublished\":\"2010-03-01T09:45:00+00:00\",\"dateModified\":\"2025-08-24T16:39:50+00:00\",\"mainEntityOfPage\":{\"@id\":\"https:\\\/\\\/www.iemj.org\\\/it\\\/musiques-de-la-synagogue-de-bordeaux\\\/\"},\"wordCount\":230,\"publisher\":{\"@id\":\"https:\\\/\\\/www.iemj.org\\\/it\\\/#organization\"},\"image\":{\"@id\":\"https:\\\/\\\/www.iemj.org\\\/it\\\/musiques-de-la-synagogue-de-bordeaux\\\/#primaryimage\"},\"thumbnailUrl\":\"https:\\\/\\\/www.iemj.org\\\/wp-content\\\/uploads\\\/2010\\\/03\\\/arton39-e1625328801511.jpg\",\"articleSection\":[\"CD IEMJ\",\"Collezione Patrimon\u00ee musicali degli ebrei di Francia\",\"Pubblicazioni\"],\"inLanguage\":\"it-IT\"},{\"@type\":\"WebPage\",\"@id\":\"https:\\\/\\\/www.iemj.org\\\/it\\\/musiques-de-la-synagogue-de-bordeaux\\\/\",\"url\":\"https:\\\/\\\/www.iemj.org\\\/it\\\/musiques-de-la-synagogue-de-bordeaux\\\/\",\"name\":\"Musiche dalla sinagoga di Bordeaux - Rito portoghese - Institut Europ\u00e9en des Musiques Juives\",\"isPartOf\":{\"@id\":\"https:\\\/\\\/www.iemj.org\\\/it\\\/#website\"},\"primaryImageOfPage\":{\"@id\":\"https:\\\/\\\/www.iemj.org\\\/it\\\/musiques-de-la-synagogue-de-bordeaux\\\/#primaryimage\"},\"image\":{\"@id\":\"https:\\\/\\\/www.iemj.org\\\/it\\\/musiques-de-la-synagogue-de-bordeaux\\\/#primaryimage\"},\"thumbnailUrl\":\"https:\\\/\\\/www.iemj.org\\\/wp-content\\\/uploads\\\/2010\\\/03\\\/arton39-e1625328801511.jpg\",\"datePublished\":\"2010-03-01T09:45:00+00:00\",\"dateModified\":\"2025-08-24T16:39:50+00:00\",\"breadcrumb\":{\"@id\":\"https:\\\/\\\/www.iemj.org\\\/it\\\/musiques-de-la-synagogue-de-bordeaux\\\/#breadcrumb\"},\"inLanguage\":\"it-IT\",\"potentialAction\":[{\"@type\":\"ReadAction\",\"target\":[\"https:\\\/\\\/www.iemj.org\\\/it\\\/musiques-de-la-synagogue-de-bordeaux\\\/\"]}]},{\"@type\":\"ImageObject\",\"inLanguage\":\"it-IT\",\"@id\":\"https:\\\/\\\/www.iemj.org\\\/it\\\/musiques-de-la-synagogue-de-bordeaux\\\/#primaryimage\",\"url\":\"https:\\\/\\\/www.iemj.org\\\/wp-content\\\/uploads\\\/2010\\\/03\\\/arton39-e1625328801511.jpg\",\"contentUrl\":\"https:\\\/\\\/www.iemj.org\\\/wp-content\\\/uploads\\\/2010\\\/03\\\/arton39-e1625328801511.jpg\",\"width\":350,\"height\":345},{\"@type\":\"BreadcrumbList\",\"@id\":\"https:\\\/\\\/www.iemj.org\\\/it\\\/musiques-de-la-synagogue-de-bordeaux\\\/#breadcrumb\",\"itemListElement\":[{\"@type\":\"ListItem\",\"position\":1,\"name\":\"Accueil\",\"item\":\"https:\\\/\\\/www.iemj.org\\\/it\\\/\"},{\"@type\":\"ListItem\",\"position\":2,\"name\":\"Musiche dalla sinagoga di Bordeaux &#8211; Rito portoghese\"}]},{\"@type\":\"WebSite\",\"@id\":\"https:\\\/\\\/www.iemj.org\\\/it\\\/#website\",\"url\":\"https:\\\/\\\/www.iemj.org\\\/it\\\/\",\"name\":\"Institut Europ\u00e9en des Musiques Juives\",\"description\":\"Des traditions musicales \u00e0 la port\u00e9e de tous\",\"publisher\":{\"@id\":\"https:\\\/\\\/www.iemj.org\\\/it\\\/#organization\"},\"potentialAction\":[{\"@type\":\"SearchAction\",\"target\":{\"@type\":\"EntryPoint\",\"urlTemplate\":\"https:\\\/\\\/www.iemj.org\\\/it\\\/?s={search_term_string}\"},\"query-input\":{\"@type\":\"PropertyValueSpecification\",\"valueRequired\":true,\"valueName\":\"search_term_string\"}}],\"inLanguage\":\"it-IT\"},{\"@type\":\"Organization\",\"@id\":\"https:\\\/\\\/www.iemj.org\\\/it\\\/#organization\",\"name\":\"Institut Europ\u00e9en des Musiques Juives\",\"url\":\"https:\\\/\\\/www.iemj.org\\\/it\\\/\",\"logo\":{\"@type\":\"ImageObject\",\"inLanguage\":\"it-IT\",\"@id\":\"https:\\\/\\\/www.iemj.org\\\/it\\\/#\\\/schema\\\/logo\\\/image\\\/\",\"url\":\"https:\\\/\\\/www.iemj.org\\\/wp-content\\\/uploads\\\/2021\\\/09\\\/Logo-IEMJ-Paypal.jpg\",\"contentUrl\":\"https:\\\/\\\/www.iemj.org\\\/wp-content\\\/uploads\\\/2021\\\/09\\\/Logo-IEMJ-Paypal.jpg\",\"width\":150,\"height\":50,\"caption\":\"Institut Europ\u00e9en des Musiques Juives\"},\"image\":{\"@id\":\"https:\\\/\\\/www.iemj.org\\\/it\\\/#\\\/schema\\\/logo\\\/image\\\/\"},\"sameAs\":[\"https:\\\/\\\/www.facebook.com\\\/MusiquesJuives\\\/\",\"https:\\\/\\\/www.instagram.com\\\/musiquesjuives\\\/\",\"https:\\\/\\\/www.youtube.com\\\/user\\\/musiquesjuives\"]},{\"@type\":\"Person\",\"@id\":\"https:\\\/\\\/www.iemj.org\\\/it\\\/#\\\/schema\\\/person\\\/94283a7f5a8b28a85fdab0ae54777472\",\"name\":\"Isabelle Jouve\",\"image\":{\"@type\":\"ImageObject\",\"inLanguage\":\"it-IT\",\"@id\":\"https:\\\/\\\/secure.gravatar.com\\\/avatar\\\/bc547a31cb8a12b3ffc0f7fcf1f2dbd4fc06e95ad13a451095d8316a6d5a59a6?s=96&d=mm&r=g\",\"url\":\"https:\\\/\\\/secure.gravatar.com\\\/avatar\\\/bc547a31cb8a12b3ffc0f7fcf1f2dbd4fc06e95ad13a451095d8316a6d5a59a6?s=96&d=mm&r=g\",\"contentUrl\":\"https:\\\/\\\/secure.gravatar.com\\\/avatar\\\/bc547a31cb8a12b3ffc0f7fcf1f2dbd4fc06e95ad13a451095d8316a6d5a59a6?s=96&d=mm&r=g\",\"caption\":\"Isabelle Jouve\"}}]}<\/script>\n<!-- \/ Yoast SEO plugin. -->","yoast_head_json":{"title":"Musiche dalla sinagoga di Bordeaux - Rito portoghese - Institut Europ\u00e9en des Musiques Juives","robots":{"index":"index","follow":"follow","max-snippet":"max-snippet:-1","max-image-preview":"max-image-preview:large","max-video-preview":"max-video-preview:-1"},"canonical":"https:\/\/www.iemj.org\/it\/musiques-de-la-synagogue-de-bordeaux\/","og_locale":"it_IT","og_type":"article","og_title":"Musiche dalla sinagoga di Bordeaux - Rito portoghese - Institut Europ\u00e9en des Musiques Juives","og_description":"COLLEZIONE DEI PATRIMON\u00ce MUSICALI DEGLI EBREI DI FRANCIA, VOL 1","og_url":"https:\/\/www.iemj.org\/it\/musiques-de-la-synagogue-de-bordeaux\/","og_site_name":"Institut Europ\u00e9en des Musiques Juives","article_publisher":"https:\/\/www.facebook.com\/MusiquesJuives\/","article_published_time":"2010-03-01T09:45:00+00:00","article_modified_time":"2025-08-24T16:39:50+00:00","og_image":[{"width":350,"height":345,"url":"https:\/\/www.iemj.org\/wp-content\/uploads\/2010\/03\/arton39-e1625328801511.jpg","type":"image\/jpeg"}],"author":"Isabelle Jouve","twitter_card":"summary_large_image","twitter_misc":{"Scritto da":"Isabelle Jouve","Tempo di lettura stimato":"2 minuti"},"schema":{"@context":"https:\/\/schema.org","@graph":[{"@type":"Article","@id":"https:\/\/www.iemj.org\/it\/musiques-de-la-synagogue-de-bordeaux\/#article","isPartOf":{"@id":"https:\/\/www.iemj.org\/it\/musiques-de-la-synagogue-de-bordeaux\/"},"author":{"name":"Isabelle Jouve","@id":"https:\/\/www.iemj.org\/it\/#\/schema\/person\/94283a7f5a8b28a85fdab0ae54777472"},"headline":"Musiche dalla sinagoga di Bordeaux &#8211; Rito portoghese","datePublished":"2010-03-01T09:45:00+00:00","dateModified":"2025-08-24T16:39:50+00:00","mainEntityOfPage":{"@id":"https:\/\/www.iemj.org\/it\/musiques-de-la-synagogue-de-bordeaux\/"},"wordCount":230,"publisher":{"@id":"https:\/\/www.iemj.org\/it\/#organization"},"image":{"@id":"https:\/\/www.iemj.org\/it\/musiques-de-la-synagogue-de-bordeaux\/#primaryimage"},"thumbnailUrl":"https:\/\/www.iemj.org\/wp-content\/uploads\/2010\/03\/arton39-e1625328801511.jpg","articleSection":["CD IEMJ","Collezione Patrimon\u00ee musicali degli ebrei di Francia","Pubblicazioni"],"inLanguage":"it-IT"},{"@type":"WebPage","@id":"https:\/\/www.iemj.org\/it\/musiques-de-la-synagogue-de-bordeaux\/","url":"https:\/\/www.iemj.org\/it\/musiques-de-la-synagogue-de-bordeaux\/","name":"Musiche dalla sinagoga di Bordeaux - Rito portoghese - Institut Europ\u00e9en des Musiques Juives","isPartOf":{"@id":"https:\/\/www.iemj.org\/it\/#website"},"primaryImageOfPage":{"@id":"https:\/\/www.iemj.org\/it\/musiques-de-la-synagogue-de-bordeaux\/#primaryimage"},"image":{"@id":"https:\/\/www.iemj.org\/it\/musiques-de-la-synagogue-de-bordeaux\/#primaryimage"},"thumbnailUrl":"https:\/\/www.iemj.org\/wp-content\/uploads\/2010\/03\/arton39-e1625328801511.jpg","datePublished":"2010-03-01T09:45:00+00:00","dateModified":"2025-08-24T16:39:50+00:00","breadcrumb":{"@id":"https:\/\/www.iemj.org\/it\/musiques-de-la-synagogue-de-bordeaux\/#breadcrumb"},"inLanguage":"it-IT","potentialAction":[{"@type":"ReadAction","target":["https:\/\/www.iemj.org\/it\/musiques-de-la-synagogue-de-bordeaux\/"]}]},{"@type":"ImageObject","inLanguage":"it-IT","@id":"https:\/\/www.iemj.org\/it\/musiques-de-la-synagogue-de-bordeaux\/#primaryimage","url":"https:\/\/www.iemj.org\/wp-content\/uploads\/2010\/03\/arton39-e1625328801511.jpg","contentUrl":"https:\/\/www.iemj.org\/wp-content\/uploads\/2010\/03\/arton39-e1625328801511.jpg","width":350,"height":345},{"@type":"BreadcrumbList","@id":"https:\/\/www.iemj.org\/it\/musiques-de-la-synagogue-de-bordeaux\/#breadcrumb","itemListElement":[{"@type":"ListItem","position":1,"name":"Accueil","item":"https:\/\/www.iemj.org\/it\/"},{"@type":"ListItem","position":2,"name":"Musiche dalla sinagoga di Bordeaux &#8211; Rito portoghese"}]},{"@type":"WebSite","@id":"https:\/\/www.iemj.org\/it\/#website","url":"https:\/\/www.iemj.org\/it\/","name":"Institut Europ\u00e9en des Musiques Juives","description":"Des traditions musicales \u00e0 la port\u00e9e de tous","publisher":{"@id":"https:\/\/www.iemj.org\/it\/#organization"},"potentialAction":[{"@type":"SearchAction","target":{"@type":"EntryPoint","urlTemplate":"https:\/\/www.iemj.org\/it\/?s={search_term_string}"},"query-input":{"@type":"PropertyValueSpecification","valueRequired":true,"valueName":"search_term_string"}}],"inLanguage":"it-IT"},{"@type":"Organization","@id":"https:\/\/www.iemj.org\/it\/#organization","name":"Institut Europ\u00e9en des Musiques Juives","url":"https:\/\/www.iemj.org\/it\/","logo":{"@type":"ImageObject","inLanguage":"it-IT","@id":"https:\/\/www.iemj.org\/it\/#\/schema\/logo\/image\/","url":"https:\/\/www.iemj.org\/wp-content\/uploads\/2021\/09\/Logo-IEMJ-Paypal.jpg","contentUrl":"https:\/\/www.iemj.org\/wp-content\/uploads\/2021\/09\/Logo-IEMJ-Paypal.jpg","width":150,"height":50,"caption":"Institut Europ\u00e9en des Musiques Juives"},"image":{"@id":"https:\/\/www.iemj.org\/it\/#\/schema\/logo\/image\/"},"sameAs":["https:\/\/www.facebook.com\/MusiquesJuives\/","https:\/\/www.instagram.com\/musiquesjuives\/","https:\/\/www.youtube.com\/user\/musiquesjuives"]},{"@type":"Person","@id":"https:\/\/www.iemj.org\/it\/#\/schema\/person\/94283a7f5a8b28a85fdab0ae54777472","name":"Isabelle Jouve","image":{"@type":"ImageObject","inLanguage":"it-IT","@id":"https:\/\/secure.gravatar.com\/avatar\/bc547a31cb8a12b3ffc0f7fcf1f2dbd4fc06e95ad13a451095d8316a6d5a59a6?s=96&d=mm&r=g","url":"https:\/\/secure.gravatar.com\/avatar\/bc547a31cb8a12b3ffc0f7fcf1f2dbd4fc06e95ad13a451095d8316a6d5a59a6?s=96&d=mm&r=g","contentUrl":"https:\/\/secure.gravatar.com\/avatar\/bc547a31cb8a12b3ffc0f7fcf1f2dbd4fc06e95ad13a451095d8316a6d5a59a6?s=96&d=mm&r=g","caption":"Isabelle Jouve"}}]}},"_links":{"self":[{"href":"https:\/\/www.iemj.org\/it\/wp-json\/wp\/v2\/posts\/53405","targetHints":{"allow":["GET"]}}],"collection":[{"href":"https:\/\/www.iemj.org\/it\/wp-json\/wp\/v2\/posts"}],"about":[{"href":"https:\/\/www.iemj.org\/it\/wp-json\/wp\/v2\/types\/post"}],"author":[{"embeddable":true,"href":"https:\/\/www.iemj.org\/it\/wp-json\/wp\/v2\/users\/1046"}],"replies":[{"embeddable":true,"href":"https:\/\/www.iemj.org\/it\/wp-json\/wp\/v2\/comments?post=53405"}],"version-history":[{"count":0,"href":"https:\/\/www.iemj.org\/it\/wp-json\/wp\/v2\/posts\/53405\/revisions"}],"wp:featuredmedia":[{"embeddable":true,"href":"https:\/\/www.iemj.org\/it\/wp-json\/wp\/v2\/media\/53406"}],"wp:attachment":[{"href":"https:\/\/www.iemj.org\/it\/wp-json\/wp\/v2\/media?parent=53405"}],"wp:term":[{"taxonomy":"category","embeddable":true,"href":"https:\/\/www.iemj.org\/it\/wp-json\/wp\/v2\/categories?post=53405"},{"taxonomy":"post_tag","embeddable":true,"href":"https:\/\/www.iemj.org\/it\/wp-json\/wp\/v2\/tags?post=53405"},{"taxonomy":"technique","embeddable":true,"href":"https:\/\/www.iemj.org\/it\/wp-json\/wp\/v2\/technique?post=53405"},{"taxonomy":"squelettes","embeddable":true,"href":"https:\/\/www.iemj.org\/it\/wp-json\/wp\/v2\/squelettes?post=53405"},{"taxonomy":"sujet","embeddable":true,"href":"https:\/\/www.iemj.org\/it\/wp-json\/wp\/v2\/sujet?post=53405"},{"taxonomy":"formation","embeddable":true,"href":"https:\/\/www.iemj.org\/it\/wp-json\/wp\/v2\/formation?post=53405"},{"taxonomy":"genre","embeddable":true,"href":"https:\/\/www.iemj.org\/it\/wp-json\/wp\/v2\/genre?post=53405"},{"taxonomy":"fonds","embeddable":true,"href":"https:\/\/www.iemj.org\/it\/wp-json\/wp\/v2\/fonds?post=53405"},{"taxonomy":"tradition","embeddable":true,"href":"https:\/\/www.iemj.org\/it\/wp-json\/wp\/v2\/tradition?post=53405"},{"taxonomy":"type-de-contenu","embeddable":true,"href":"https:\/\/www.iemj.org\/it\/wp-json\/wp\/v2\/type-de-contenu?post=53405"},{"taxonomy":"interprete-compositeur","embeddable":true,"href":"https:\/\/www.iemj.org\/it\/wp-json\/wp\/v2\/interprete-compositeur?post=53405"},{"taxonomy":"frise","embeddable":true,"href":"https:\/\/www.iemj.org\/it\/wp-json\/wp\/v2\/frise?post=53405"},{"taxonomy":"type-devenement","embeddable":true,"href":"https:\/\/www.iemj.org\/it\/wp-json\/wp\/v2\/type-devenement?post=53405"},{"taxonomy":"tableaux-liens-externes","embeddable":true,"href":"https:\/\/www.iemj.org\/it\/wp-json\/wp\/v2\/tableaux-liens-externes?post=53405"}],"curies":[{"name":"wp","href":"https:\/\/api.w.org\/{rel}","templated":true}]}}