{"id":54285,"date":"2018-04-11T12:13:35","date_gmt":"2018-04-11T10:13:35","guid":{"rendered":"https:\/\/www.iemj.org\/itai-daniel-dix-melodies-de-shabbat-pour-voix-ou-choeur-et-piano\/"},"modified":"2025-08-27T13:03:15","modified_gmt":"2025-08-27T11:03:15","slug":"itai-daniel-dix-melodies-de-shabbat-pour-voix-ou-choeur-et-piano","status":"publish","type":"post","link":"https:\/\/www.iemj.org\/it\/itai-daniel-dix-melodies-de-shabbat-pour-voix-ou-choeur-et-piano\/","title":{"rendered":"Dieci melodie di Shabbat per voci o coro e pianoforte"},"content":{"rendered":"<h3>Esempi sonori in calce<\/h3>\n<p><!--more--><\/p>\n<p>Direttore d&#8217;orchestra e compositore, nato in Israele, <a href=\"https:\/\/www.iemj.org\/it\/daniel-itai-1967\/\">Ita\u00ef Daniel<\/a> \u00e8 dal 2008 il direttore musicale del <em>Copernic Choral Ensemble<\/em> di Parigi.<\/p>\n<p>Tra le sue opere maggiori e notevoli, oltre ad una grande sonata per pianoforte e una sonata per flauto traverso, Ita\u00ef Daniel \u00e8 l&#8217;autore di numerose opere ebraiche tra cui le tre grandi cantate <em>Machzor Chay\u00efm, Shma Koleinou <\/em>e<em> B\u2019reish\u00eft.<\/em><\/p>\n<p><em>\u00a0<\/em>Ha anche composto numerosi brani di musica liturgica e popolare ebraica (<em>Yotzer, Haskivenou, Shalom Rav, Grand Kaddish, Oseh Shalom, Adon Olam<\/em>).<\/p>\n<p>Les \u00c9ditions de IEMJ hanno appena pubblicato due prime raccolte dei suoi spartiti:<\/p>\n<p><strong>&#8211;\u00a0 Quattro melodie di Shabbat per coro e pianoforte<\/strong><\/p>\n<ul>\n<li>Kiddush L&#8217;Yom haShabbat<\/li>\n<li>V&#8217;shamru<\/li>\n<li>Mizmor Shir l&#8217;Yom haShabbat<\/li>\n<li>Yih&#8217;yu l&#8217;ratzon<\/li>\n<\/ul>\n<p><strong>&#8211; Sei melodie di Sabato per voci e pianoforte<\/strong><\/p>\n<ul>\n<li>Elohai N&#8217;shama<\/li>\n<li>Shabbat Shalom<\/li>\n<li>Vaikhulu Hashamayim<\/li>\n<li>Vaivarekh Elohim et Yom Hash&#8217;vi&#8217;i<\/li>\n<li>V&#8217;shamru<\/li>\n<li>Yih&#8217;yu l&#8217;ratzon<\/li>\n<\/ul>\n<div style=\"float: left;\"><strong><em>Quattro melodie di Shabbat per coro e pianoforte<\/em><\/strong><\/div>\n<div style=\"float: right;\"><strong><em>Sei melodie di Sabato per voci e pianoforte<\/em><\/strong><\/div>\n<div style=\"float: left;\"><a href=\"https:\/\/www.iemj.org\/it\/?attachment_id=1219\">Ordinate gli spartiti sul sito dell&#8217;IEMJ<\/a><\/div>\n<div style=\"float: right;\"><a href=\"https:\/\/www.iemj.org\/it\/?attachment_id=1219\">Ordinate gli spartiti sul sito dell&#8217;IEMJ<\/a><\/div>\n<center><br \/><a href=\"https:\/\/www.iemj.org\/it\/?attachment_id=1219\"><img fetchpriority=\"high\" decoding=\"async\" class=\" alignleft size-full wp-image-19146\" src=\"https:\/\/www.iemj.org\/wp-content\/uploads\/2018\/04\/couv_4_melodies_-_itai_daniel_70_.jpg\" alt=\"couv_4_melodies_-_itai_daniel_70_.jpg\" width=\"253\" height=\"361\" align=\"left\" srcset=\"https:\/\/www.iemj.org\/wp-content\/uploads\/2018\/04\/couv_4_melodies_-_itai_daniel_70_.jpg 253w, https:\/\/www.iemj.org\/wp-content\/uploads\/2018\/04\/couv_4_melodies_-_itai_daniel_70_-210x300.jpg 210w\" sizes=\"(max-width: 253px) 100vw, 253px\" \/><\/a><a href=\"https:\/\/www.iemj.org\/it\/produit\/daniel-six-shabbat-melodies-for-voice-and-piano-printed-score\/\"><img decoding=\"async\" class=\" alignright size-full wp-image-19148\" src=\"https:\/\/www.iemj.org\/wp-content\/uploads\/2018\/04\/couv_6_melodies_-_itai_daniel_70_.jpg\" alt=\"couv_6_melodies_-_itai_daniel_70_.jpg\" width=\"256\" height=\"361\" align=\"right\" srcset=\"https:\/\/www.iemj.org\/wp-content\/uploads\/2018\/04\/couv_6_melodies_-_itai_daniel_70_.jpg 256w, https:\/\/www.iemj.org\/wp-content\/uploads\/2018\/04\/couv_6_melodies_-_itai_daniel_70_-213x300.jpg 213w\" sizes=\"(max-width: 256px) 100vw, 256px\" \/><\/a><\/center>\n\n\n<h2 class=\"wp-block-heading\"><\/h2>\n\n\n<div class=\"wp-block-image\">\n<figure class=\"aligncenter size-large\"><img decoding=\"async\" width=\"1024\" height=\"133\" src=\"https:\/\/www.iemj.org\/wp-content\/uploads\/2024\/03\/AUDIO-PLAYER-1024x133.png\" alt=\"\" class=\"wp-image-110609\" srcset=\"https:\/\/www.iemj.org\/wp-content\/uploads\/2024\/03\/AUDIO-PLAYER-1024x133.png 1024w, https:\/\/www.iemj.org\/wp-content\/uploads\/2024\/03\/AUDIO-PLAYER-300x39.png 300w, https:\/\/www.iemj.org\/wp-content\/uploads\/2024\/03\/AUDIO-PLAYER-768x100.png 768w, https:\/\/www.iemj.org\/wp-content\/uploads\/2024\/03\/AUDIO-PLAYER-600x78.png 600w, https:\/\/www.iemj.org\/wp-content\/uploads\/2024\/03\/AUDIO-PLAYER.png 1210w\" sizes=\"(max-width: 1024px) 100vw, 1024px\" \/><\/figure>\n<\/div>\n\n\n<div class=\"wp-block-file\"><a href=\"https:\/\/www.iemj.org\/wp-content\/uploads\/2018\/04\/6_melodies_daniel__elohai_neshamah.mp3\">Elohai Neshamah par Ita\u00ef Daniel &#8211; Aviva Timonier, soprano ; Ita\u00ef Daniel, piano &#8211; EXTRAIT<\/a><\/div>\n\n\n\n<div class=\"wp-block-file\"><a href=\"https:\/\/www.iemj.org\/wp-content\/uploads\/2018\/04\/6_melodies_daniel_shabbat_shalom.mp3\">Shabbat shalom par Ita\u00ef Daniel &#8211; Aviva Timonier, soprano ; Ita\u00ef Daniel, piano &#8211; EXTRAIT<\/a><\/div>\n\n\n\n<div class=\"wp-block-file\"><a href=\"https:\/\/www.iemj.org\/wp-content\/uploads\/2018\/04\/6_melodies_daniel_vaikhoulou_hachamaim_v_avec_vc.mp3\">Vaikhoulou haChamaim par Ita\u00ef Daniel &#8211; Anne-Sophie Durand, soprano ; Ita\u00ef Daniel, piano ; Yska Benzakoun, violoncelle &#8211; EXTRAIT<\/a><\/div>\n\n\n\n<div class=\"wp-block-file\"><a href=\"https:\/\/www.iemj.org\/wp-content\/uploads\/2018\/04\/6_melodies_daniel_vayevarech_elohim.mp3\">Vayevarech Elohim par Ita\u00ef Daniel &#8211; Aviva Timonier, soprano ; Ita\u00ef Daniel, piano &#8211; EXTRAIT<\/a><\/div>\n\n\n\n<div class=\"wp-block-file\"><a href=\"https:\/\/www.iemj.org\/wp-content\/uploads\/2018\/11\/kiddoush_l_shabbat.mp3\">Kiddoush l&#8217;Shabbat &#8211; Ensemble Chorale Copernic<\/a><\/div>\n\n\n\n<p><\/p>\n","protected":false},"excerpt":{"rendered":"<p>Esempi sonori in calce<\/p>\n","protected":false},"author":5,"featured_media":54286,"comment_status":"closed","ping_status":"open","sticky":false,"template":"","format":"standard","meta":{"_acf_changed":false,"footnotes":""},"categories":[1361,1397],"tags":[],"technique":[],"squelettes":[],"sujet":[1855],"formation":[],"genre":[1901],"fonds":[],"tradition":[],"type-de-contenu":[],"interprete-compositeur":[3182],"frise":[],"type-devenement":[],"tableaux-liens-externes":[],"class_list":["post-54285","post","type-post","status-publish","format-standard","has-post-thumbnail","hentry","category-pubblicazioni-it","category-spartiti-iemj-it","sujet-shabbat-it","genre-musica-classica-it","interprete-compositeur-itai-daniel-it-2"],"acf":[],"yoast_head":"<!-- This site is optimized with the Yoast SEO plugin v27.3 - https:\/\/yoast.com\/product\/yoast-seo-wordpress\/ -->\n<title>Dieci melodie di Shabbat per voci o coro e pianoforte - Institut Europ\u00e9en des Musiques Juives<\/title>\n<meta name=\"robots\" content=\"index, follow, max-snippet:-1, max-image-preview:large, max-video-preview:-1\" \/>\n<link rel=\"canonical\" href=\"https:\/\/www.iemj.org\/it\/itai-daniel-dix-melodies-de-shabbat-pour-voix-ou-choeur-et-piano\/\" \/>\n<meta property=\"og:locale\" content=\"it_IT\" \/>\n<meta property=\"og:type\" content=\"article\" \/>\n<meta property=\"og:title\" content=\"Dieci melodie di Shabbat per voci o coro e pianoforte - Institut Europ\u00e9en des Musiques Juives\" \/>\n<meta property=\"og:description\" content=\"Esempi sonori in calce\" \/>\n<meta property=\"og:url\" content=\"https:\/\/www.iemj.org\/it\/itai-daniel-dix-melodies-de-shabbat-pour-voix-ou-choeur-et-piano\/\" \/>\n<meta property=\"og:site_name\" content=\"Institut Europ\u00e9en des Musiques Juives\" \/>\n<meta property=\"article:publisher\" content=\"https:\/\/www.facebook.com\/MusiquesJuives\/\" \/>\n<meta property=\"article:published_time\" content=\"2018-04-11T10:13:35+00:00\" \/>\n<meta property=\"article:modified_time\" content=\"2025-08-27T11:03:15+00:00\" \/>\n<meta property=\"og:image\" content=\"https:\/\/www.iemj.org\/wp-content\/uploads\/2018\/04\/arton3315-e1626002154411.jpg\" \/>\n\t<meta property=\"og:image:width\" content=\"350\" \/>\n\t<meta property=\"og:image:height\" content=\"248\" \/>\n\t<meta property=\"og:image:type\" content=\"image\/jpeg\" \/>\n<meta name=\"author\" content=\"Jacqueline ROTEN\" \/>\n<meta name=\"twitter:card\" content=\"summary_large_image\" \/>\n<meta name=\"twitter:label1\" content=\"Scritto da\" \/>\n\t<meta name=\"twitter:data1\" content=\"Jacqueline ROTEN\" \/>\n\t<meta name=\"twitter:label2\" content=\"Tempo di lettura stimato\" \/>\n\t<meta name=\"twitter:data2\" content=\"2 minuti\" \/>\n<script type=\"application\/ld+json\" class=\"yoast-schema-graph\">{\"@context\":\"https:\\\/\\\/schema.org\",\"@graph\":[{\"@type\":\"Article\",\"@id\":\"https:\\\/\\\/www.iemj.org\\\/it\\\/itai-daniel-dix-melodies-de-shabbat-pour-voix-ou-choeur-et-piano\\\/#article\",\"isPartOf\":{\"@id\":\"https:\\\/\\\/www.iemj.org\\\/it\\\/itai-daniel-dix-melodies-de-shabbat-pour-voix-ou-choeur-et-piano\\\/\"},\"author\":{\"name\":\"Jacqueline ROTEN\",\"@id\":\"https:\\\/\\\/www.iemj.org\\\/it\\\/#\\\/schema\\\/person\\\/358e26c18aca017fcc4cc15437f7279c\"},\"headline\":\"Dieci melodie di Shabbat per voci o coro e pianoforte\",\"datePublished\":\"2018-04-11T10:13:35+00:00\",\"dateModified\":\"2025-08-27T11:03:15+00:00\",\"mainEntityOfPage\":{\"@id\":\"https:\\\/\\\/www.iemj.org\\\/it\\\/itai-daniel-dix-melodies-de-shabbat-pour-voix-ou-choeur-et-piano\\\/\"},\"wordCount\":260,\"publisher\":{\"@id\":\"https:\\\/\\\/www.iemj.org\\\/it\\\/#organization\"},\"image\":{\"@id\":\"https:\\\/\\\/www.iemj.org\\\/it\\\/itai-daniel-dix-melodies-de-shabbat-pour-voix-ou-choeur-et-piano\\\/#primaryimage\"},\"thumbnailUrl\":\"https:\\\/\\\/www.iemj.org\\\/wp-content\\\/uploads\\\/2018\\\/04\\\/arton3315-e1626002154411.jpg\",\"articleSection\":[\"Pubblicazioni\",\"Spartiti IEMJ\"],\"inLanguage\":\"it-IT\"},{\"@type\":\"WebPage\",\"@id\":\"https:\\\/\\\/www.iemj.org\\\/it\\\/itai-daniel-dix-melodies-de-shabbat-pour-voix-ou-choeur-et-piano\\\/\",\"url\":\"https:\\\/\\\/www.iemj.org\\\/it\\\/itai-daniel-dix-melodies-de-shabbat-pour-voix-ou-choeur-et-piano\\\/\",\"name\":\"Dieci melodie di Shabbat per voci o coro e pianoforte - Institut Europ\u00e9en des Musiques Juives\",\"isPartOf\":{\"@id\":\"https:\\\/\\\/www.iemj.org\\\/it\\\/#website\"},\"primaryImageOfPage\":{\"@id\":\"https:\\\/\\\/www.iemj.org\\\/it\\\/itai-daniel-dix-melodies-de-shabbat-pour-voix-ou-choeur-et-piano\\\/#primaryimage\"},\"image\":{\"@id\":\"https:\\\/\\\/www.iemj.org\\\/it\\\/itai-daniel-dix-melodies-de-shabbat-pour-voix-ou-choeur-et-piano\\\/#primaryimage\"},\"thumbnailUrl\":\"https:\\\/\\\/www.iemj.org\\\/wp-content\\\/uploads\\\/2018\\\/04\\\/arton3315-e1626002154411.jpg\",\"datePublished\":\"2018-04-11T10:13:35+00:00\",\"dateModified\":\"2025-08-27T11:03:15+00:00\",\"breadcrumb\":{\"@id\":\"https:\\\/\\\/www.iemj.org\\\/it\\\/itai-daniel-dix-melodies-de-shabbat-pour-voix-ou-choeur-et-piano\\\/#breadcrumb\"},\"inLanguage\":\"it-IT\",\"potentialAction\":[{\"@type\":\"ReadAction\",\"target\":[\"https:\\\/\\\/www.iemj.org\\\/it\\\/itai-daniel-dix-melodies-de-shabbat-pour-voix-ou-choeur-et-piano\\\/\"]}]},{\"@type\":\"ImageObject\",\"inLanguage\":\"it-IT\",\"@id\":\"https:\\\/\\\/www.iemj.org\\\/it\\\/itai-daniel-dix-melodies-de-shabbat-pour-voix-ou-choeur-et-piano\\\/#primaryimage\",\"url\":\"https:\\\/\\\/www.iemj.org\\\/wp-content\\\/uploads\\\/2018\\\/04\\\/arton3315-e1626002154411.jpg\",\"contentUrl\":\"https:\\\/\\\/www.iemj.org\\\/wp-content\\\/uploads\\\/2018\\\/04\\\/arton3315-e1626002154411.jpg\",\"width\":350,\"height\":248},{\"@type\":\"BreadcrumbList\",\"@id\":\"https:\\\/\\\/www.iemj.org\\\/it\\\/itai-daniel-dix-melodies-de-shabbat-pour-voix-ou-choeur-et-piano\\\/#breadcrumb\",\"itemListElement\":[{\"@type\":\"ListItem\",\"position\":1,\"name\":\"Accueil\",\"item\":\"https:\\\/\\\/www.iemj.org\\\/it\\\/\"},{\"@type\":\"ListItem\",\"position\":2,\"name\":\"Dieci melodie di Shabbat per voci o coro e pianoforte\"}]},{\"@type\":\"WebSite\",\"@id\":\"https:\\\/\\\/www.iemj.org\\\/it\\\/#website\",\"url\":\"https:\\\/\\\/www.iemj.org\\\/it\\\/\",\"name\":\"Institut Europ\u00e9en des Musiques Juives\",\"description\":\"Des traditions musicales \u00e0 la port\u00e9e de tous\",\"publisher\":{\"@id\":\"https:\\\/\\\/www.iemj.org\\\/it\\\/#organization\"},\"potentialAction\":[{\"@type\":\"SearchAction\",\"target\":{\"@type\":\"EntryPoint\",\"urlTemplate\":\"https:\\\/\\\/www.iemj.org\\\/it\\\/?s={search_term_string}\"},\"query-input\":{\"@type\":\"PropertyValueSpecification\",\"valueRequired\":true,\"valueName\":\"search_term_string\"}}],\"inLanguage\":\"it-IT\"},{\"@type\":\"Organization\",\"@id\":\"https:\\\/\\\/www.iemj.org\\\/it\\\/#organization\",\"name\":\"Institut Europ\u00e9en des Musiques Juives\",\"url\":\"https:\\\/\\\/www.iemj.org\\\/it\\\/\",\"logo\":{\"@type\":\"ImageObject\",\"inLanguage\":\"it-IT\",\"@id\":\"https:\\\/\\\/www.iemj.org\\\/it\\\/#\\\/schema\\\/logo\\\/image\\\/\",\"url\":\"https:\\\/\\\/www.iemj.org\\\/wp-content\\\/uploads\\\/2021\\\/09\\\/Logo-IEMJ-Paypal.jpg\",\"contentUrl\":\"https:\\\/\\\/www.iemj.org\\\/wp-content\\\/uploads\\\/2021\\\/09\\\/Logo-IEMJ-Paypal.jpg\",\"width\":150,\"height\":50,\"caption\":\"Institut Europ\u00e9en des Musiques Juives\"},\"image\":{\"@id\":\"https:\\\/\\\/www.iemj.org\\\/it\\\/#\\\/schema\\\/logo\\\/image\\\/\"},\"sameAs\":[\"https:\\\/\\\/www.facebook.com\\\/MusiquesJuives\\\/\",\"https:\\\/\\\/www.instagram.com\\\/musiquesjuives\\\/\",\"https:\\\/\\\/www.youtube.com\\\/user\\\/musiquesjuives\"]},{\"@type\":\"Person\",\"@id\":\"https:\\\/\\\/www.iemj.org\\\/it\\\/#\\\/schema\\\/person\\\/358e26c18aca017fcc4cc15437f7279c\",\"name\":\"Jacqueline ROTEN\",\"image\":{\"@type\":\"ImageObject\",\"inLanguage\":\"it-IT\",\"@id\":\"https:\\\/\\\/secure.gravatar.com\\\/avatar\\\/5964256d6c6957de3a3505278957e0fb2a35119ac47ea41827a65301213c810b?s=96&d=mm&r=g\",\"url\":\"https:\\\/\\\/secure.gravatar.com\\\/avatar\\\/5964256d6c6957de3a3505278957e0fb2a35119ac47ea41827a65301213c810b?s=96&d=mm&r=g\",\"contentUrl\":\"https:\\\/\\\/secure.gravatar.com\\\/avatar\\\/5964256d6c6957de3a3505278957e0fb2a35119ac47ea41827a65301213c810b?s=96&d=mm&r=g\",\"caption\":\"Jacqueline ROTEN\"}}]}<\/script>\n<!-- \/ Yoast SEO plugin. -->","yoast_head_json":{"title":"Dieci melodie di Shabbat per voci o coro e pianoforte - Institut Europ\u00e9en des Musiques Juives","robots":{"index":"index","follow":"follow","max-snippet":"max-snippet:-1","max-image-preview":"max-image-preview:large","max-video-preview":"max-video-preview:-1"},"canonical":"https:\/\/www.iemj.org\/it\/itai-daniel-dix-melodies-de-shabbat-pour-voix-ou-choeur-et-piano\/","og_locale":"it_IT","og_type":"article","og_title":"Dieci melodie di Shabbat per voci o coro e pianoforte - Institut Europ\u00e9en des Musiques Juives","og_description":"Esempi sonori in calce","og_url":"https:\/\/www.iemj.org\/it\/itai-daniel-dix-melodies-de-shabbat-pour-voix-ou-choeur-et-piano\/","og_site_name":"Institut Europ\u00e9en des Musiques Juives","article_publisher":"https:\/\/www.facebook.com\/MusiquesJuives\/","article_published_time":"2018-04-11T10:13:35+00:00","article_modified_time":"2025-08-27T11:03:15+00:00","og_image":[{"width":350,"height":248,"url":"https:\/\/www.iemj.org\/wp-content\/uploads\/2018\/04\/arton3315-e1626002154411.jpg","type":"image\/jpeg"}],"author":"Jacqueline ROTEN","twitter_card":"summary_large_image","twitter_misc":{"Scritto da":"Jacqueline ROTEN","Tempo di lettura stimato":"2 minuti"},"schema":{"@context":"https:\/\/schema.org","@graph":[{"@type":"Article","@id":"https:\/\/www.iemj.org\/it\/itai-daniel-dix-melodies-de-shabbat-pour-voix-ou-choeur-et-piano\/#article","isPartOf":{"@id":"https:\/\/www.iemj.org\/it\/itai-daniel-dix-melodies-de-shabbat-pour-voix-ou-choeur-et-piano\/"},"author":{"name":"Jacqueline ROTEN","@id":"https:\/\/www.iemj.org\/it\/#\/schema\/person\/358e26c18aca017fcc4cc15437f7279c"},"headline":"Dieci melodie di Shabbat per voci o coro e pianoforte","datePublished":"2018-04-11T10:13:35+00:00","dateModified":"2025-08-27T11:03:15+00:00","mainEntityOfPage":{"@id":"https:\/\/www.iemj.org\/it\/itai-daniel-dix-melodies-de-shabbat-pour-voix-ou-choeur-et-piano\/"},"wordCount":260,"publisher":{"@id":"https:\/\/www.iemj.org\/it\/#organization"},"image":{"@id":"https:\/\/www.iemj.org\/it\/itai-daniel-dix-melodies-de-shabbat-pour-voix-ou-choeur-et-piano\/#primaryimage"},"thumbnailUrl":"https:\/\/www.iemj.org\/wp-content\/uploads\/2018\/04\/arton3315-e1626002154411.jpg","articleSection":["Pubblicazioni","Spartiti IEMJ"],"inLanguage":"it-IT"},{"@type":"WebPage","@id":"https:\/\/www.iemj.org\/it\/itai-daniel-dix-melodies-de-shabbat-pour-voix-ou-choeur-et-piano\/","url":"https:\/\/www.iemj.org\/it\/itai-daniel-dix-melodies-de-shabbat-pour-voix-ou-choeur-et-piano\/","name":"Dieci melodie di Shabbat per voci o coro e pianoforte - Institut Europ\u00e9en des Musiques Juives","isPartOf":{"@id":"https:\/\/www.iemj.org\/it\/#website"},"primaryImageOfPage":{"@id":"https:\/\/www.iemj.org\/it\/itai-daniel-dix-melodies-de-shabbat-pour-voix-ou-choeur-et-piano\/#primaryimage"},"image":{"@id":"https:\/\/www.iemj.org\/it\/itai-daniel-dix-melodies-de-shabbat-pour-voix-ou-choeur-et-piano\/#primaryimage"},"thumbnailUrl":"https:\/\/www.iemj.org\/wp-content\/uploads\/2018\/04\/arton3315-e1626002154411.jpg","datePublished":"2018-04-11T10:13:35+00:00","dateModified":"2025-08-27T11:03:15+00:00","breadcrumb":{"@id":"https:\/\/www.iemj.org\/it\/itai-daniel-dix-melodies-de-shabbat-pour-voix-ou-choeur-et-piano\/#breadcrumb"},"inLanguage":"it-IT","potentialAction":[{"@type":"ReadAction","target":["https:\/\/www.iemj.org\/it\/itai-daniel-dix-melodies-de-shabbat-pour-voix-ou-choeur-et-piano\/"]}]},{"@type":"ImageObject","inLanguage":"it-IT","@id":"https:\/\/www.iemj.org\/it\/itai-daniel-dix-melodies-de-shabbat-pour-voix-ou-choeur-et-piano\/#primaryimage","url":"https:\/\/www.iemj.org\/wp-content\/uploads\/2018\/04\/arton3315-e1626002154411.jpg","contentUrl":"https:\/\/www.iemj.org\/wp-content\/uploads\/2018\/04\/arton3315-e1626002154411.jpg","width":350,"height":248},{"@type":"BreadcrumbList","@id":"https:\/\/www.iemj.org\/it\/itai-daniel-dix-melodies-de-shabbat-pour-voix-ou-choeur-et-piano\/#breadcrumb","itemListElement":[{"@type":"ListItem","position":1,"name":"Accueil","item":"https:\/\/www.iemj.org\/it\/"},{"@type":"ListItem","position":2,"name":"Dieci melodie di Shabbat per voci o coro e pianoforte"}]},{"@type":"WebSite","@id":"https:\/\/www.iemj.org\/it\/#website","url":"https:\/\/www.iemj.org\/it\/","name":"Institut Europ\u00e9en des Musiques Juives","description":"Des traditions musicales \u00e0 la port\u00e9e de tous","publisher":{"@id":"https:\/\/www.iemj.org\/it\/#organization"},"potentialAction":[{"@type":"SearchAction","target":{"@type":"EntryPoint","urlTemplate":"https:\/\/www.iemj.org\/it\/?s={search_term_string}"},"query-input":{"@type":"PropertyValueSpecification","valueRequired":true,"valueName":"search_term_string"}}],"inLanguage":"it-IT"},{"@type":"Organization","@id":"https:\/\/www.iemj.org\/it\/#organization","name":"Institut Europ\u00e9en des Musiques Juives","url":"https:\/\/www.iemj.org\/it\/","logo":{"@type":"ImageObject","inLanguage":"it-IT","@id":"https:\/\/www.iemj.org\/it\/#\/schema\/logo\/image\/","url":"https:\/\/www.iemj.org\/wp-content\/uploads\/2021\/09\/Logo-IEMJ-Paypal.jpg","contentUrl":"https:\/\/www.iemj.org\/wp-content\/uploads\/2021\/09\/Logo-IEMJ-Paypal.jpg","width":150,"height":50,"caption":"Institut Europ\u00e9en des Musiques Juives"},"image":{"@id":"https:\/\/www.iemj.org\/it\/#\/schema\/logo\/image\/"},"sameAs":["https:\/\/www.facebook.com\/MusiquesJuives\/","https:\/\/www.instagram.com\/musiquesjuives\/","https:\/\/www.youtube.com\/user\/musiquesjuives"]},{"@type":"Person","@id":"https:\/\/www.iemj.org\/it\/#\/schema\/person\/358e26c18aca017fcc4cc15437f7279c","name":"Jacqueline ROTEN","image":{"@type":"ImageObject","inLanguage":"it-IT","@id":"https:\/\/secure.gravatar.com\/avatar\/5964256d6c6957de3a3505278957e0fb2a35119ac47ea41827a65301213c810b?s=96&d=mm&r=g","url":"https:\/\/secure.gravatar.com\/avatar\/5964256d6c6957de3a3505278957e0fb2a35119ac47ea41827a65301213c810b?s=96&d=mm&r=g","contentUrl":"https:\/\/secure.gravatar.com\/avatar\/5964256d6c6957de3a3505278957e0fb2a35119ac47ea41827a65301213c810b?s=96&d=mm&r=g","caption":"Jacqueline ROTEN"}}]}},"_links":{"self":[{"href":"https:\/\/www.iemj.org\/it\/wp-json\/wp\/v2\/posts\/54285","targetHints":{"allow":["GET"]}}],"collection":[{"href":"https:\/\/www.iemj.org\/it\/wp-json\/wp\/v2\/posts"}],"about":[{"href":"https:\/\/www.iemj.org\/it\/wp-json\/wp\/v2\/types\/post"}],"author":[{"embeddable":true,"href":"https:\/\/www.iemj.org\/it\/wp-json\/wp\/v2\/users\/5"}],"replies":[{"embeddable":true,"href":"https:\/\/www.iemj.org\/it\/wp-json\/wp\/v2\/comments?post=54285"}],"version-history":[{"count":0,"href":"https:\/\/www.iemj.org\/it\/wp-json\/wp\/v2\/posts\/54285\/revisions"}],"wp:featuredmedia":[{"embeddable":true,"href":"https:\/\/www.iemj.org\/it\/wp-json\/wp\/v2\/media\/54286"}],"wp:attachment":[{"href":"https:\/\/www.iemj.org\/it\/wp-json\/wp\/v2\/media?parent=54285"}],"wp:term":[{"taxonomy":"category","embeddable":true,"href":"https:\/\/www.iemj.org\/it\/wp-json\/wp\/v2\/categories?post=54285"},{"taxonomy":"post_tag","embeddable":true,"href":"https:\/\/www.iemj.org\/it\/wp-json\/wp\/v2\/tags?post=54285"},{"taxonomy":"technique","embeddable":true,"href":"https:\/\/www.iemj.org\/it\/wp-json\/wp\/v2\/technique?post=54285"},{"taxonomy":"squelettes","embeddable":true,"href":"https:\/\/www.iemj.org\/it\/wp-json\/wp\/v2\/squelettes?post=54285"},{"taxonomy":"sujet","embeddable":true,"href":"https:\/\/www.iemj.org\/it\/wp-json\/wp\/v2\/sujet?post=54285"},{"taxonomy":"formation","embeddable":true,"href":"https:\/\/www.iemj.org\/it\/wp-json\/wp\/v2\/formation?post=54285"},{"taxonomy":"genre","embeddable":true,"href":"https:\/\/www.iemj.org\/it\/wp-json\/wp\/v2\/genre?post=54285"},{"taxonomy":"fonds","embeddable":true,"href":"https:\/\/www.iemj.org\/it\/wp-json\/wp\/v2\/fonds?post=54285"},{"taxonomy":"tradition","embeddable":true,"href":"https:\/\/www.iemj.org\/it\/wp-json\/wp\/v2\/tradition?post=54285"},{"taxonomy":"type-de-contenu","embeddable":true,"href":"https:\/\/www.iemj.org\/it\/wp-json\/wp\/v2\/type-de-contenu?post=54285"},{"taxonomy":"interprete-compositeur","embeddable":true,"href":"https:\/\/www.iemj.org\/it\/wp-json\/wp\/v2\/interprete-compositeur?post=54285"},{"taxonomy":"frise","embeddable":true,"href":"https:\/\/www.iemj.org\/it\/wp-json\/wp\/v2\/frise?post=54285"},{"taxonomy":"type-devenement","embeddable":true,"href":"https:\/\/www.iemj.org\/it\/wp-json\/wp\/v2\/type-devenement?post=54285"},{"taxonomy":"tableaux-liens-externes","embeddable":true,"href":"https:\/\/www.iemj.org\/it\/wp-json\/wp\/v2\/tableaux-liens-externes?post=54285"}],"curies":[{"name":"wp","href":"https:\/\/api.w.org\/{rel}","templated":true}]}}