{"id":54401,"date":"2014-06-04T13:23:50","date_gmt":"2014-06-04T11:23:50","guid":{"rendered":"https:\/\/www.iemj.org\/partitions-de-fernand-halphen-et-reynaldo-hahn-maintenant-en-vente\/"},"modified":"2021-07-12T11:14:45","modified_gmt":"2021-07-12T09:14:45","slug":"partitions-de-fernand-halphen-et-reynaldo-hahn-maintenant-en-vente","status":"publish","type":"post","link":"https:\/\/www.iemj.org\/it\/partitions-de-fernand-halphen-et-reynaldo-hahn-maintenant-en-vente\/","title":{"rendered":"Dix m\u00e9lodies (vol. 1), Cinq pi\u00e8ces pour piano di Fernand Halphen e Petit nocturne di Reynaldo Hahn"},"content":{"rendered":"<h3>Pubblicazione di due spartiti di Fernand Halphen e di una partitura inedita per violino e pianoforte di Reynaldo Hahn<\/h3>\n<p><!--more--><\/p>\n<p><strong>FERNAND HALPHEN<\/strong><br \/>Nato in una famiglia dell&#8217;alta borghesia d&#8217;affari, appassionata di arte, <a href=\"https:\/\/www.iemj.org\/en\/halphen-fernand-1872-1917\/\" target=\"_blank\" rel=\"noopener\">Fernand Halphen<\/a> imparo&#8217; il violino con Joseph Marsick per iniziare poi a comporre con Gabriel Faur\u00e9. Nel 1888 entr\u00f2 nella classe di Jules Massenet al Conservatorio, insieme a Florent Schmitt, Henri B\u00fcsser, Max d\u2019Olonne, Charles Koechlin, Georges Enesco e Reynaldo Hahn, e nel 1896 ottenne il secondo Prix de Rome.<\/p>\n<p>Nel corso della sua breve vita, Halphen compose quasi cento melodie, oltre trenta brani per pianoforte, duetti (principalmente violino e pianoforte), un trio d&#8217;archi e un trio con pianoforte, suite orchestrali, una sinfonia in Do minore, dedicata a Faur\u00e9 (1898) e <em>Le Cor fleuri<\/em>, spettacolo lirico fiabesco in un atto, creato al teatro dell&#8217;Op\u00e9ra-Comique il 10 maggio 1904. Ha anche scritto due salmi ed un inno per la sinagoga, oltre a due brani strumentali ispirati dal canto tradizionale ebraico (<em>Andante religioso<\/em> e <em>Pri\u00e8re<\/em>). Direttore d&#8217;orchestra di un reggimento di fanteria territoriale durante la Grande Guerra, mor\u00ec nel 1917 per una malattia contratta al fronte.<\/p>\n<p>Queste nuove edizioni sono state realizzate da Herv\u00e9 Roten, Laure Schnapper e C\u00e9lia Triplet, sotto l&#8217;egida dell&#8217;Istituto Europeo di Musica Ebraica, dove si trovano i manoscritti, gli spartiti e le lettere di Fernand Halphen, depositati dai suoi discendenti. Queste edizioni sono state effettuate tenendo conto dei manoscritti autografi del compositore e della prima edizione pubblicata da Astruc nel 1906.<\/p>\n<p><strong>REYNALDO HAHN<\/strong><br \/>Composta il 1\u00b0 giugno 1889 (Hahn non aveva nemmeno 15 anni!), <em>Le Petit Nocturne<\/em> \u00e8 un&#8217;opera inedita proveniente dagli archivi musicali del salotto di Madame Fernand Halphen.<\/p>\n<p>Nato a Caracas da madre cattolica venezuelana e padre tedesco di origine ebraica, Reynaldo Hahn era il pi\u00f9 giovane di una famiglia di nove figli stabilitasi a Parigi nel 1878. All&#8217;et\u00e0 di 11 anni, Reynaldo Hahn entra al Conservatorio di Parigi e diventa allievo di Albert Lavignac e di Jules Massenet per la composizione. Negli anni &#8217;90 frequenta i salotti parigini (in particolare quello degli Halphen) dove canta le sue melodie accompagnadosi al pianoforte. L\u00ec incontra personalit\u00e0 come St\u00e9phane Mallarm\u00e9, Edmond de Goncourt e Marcel Proust, di cui diviene amante fino al 1896.<\/p>\n<p>Nominato professore di canto all<em>&#8216;\u00c9cole normale de musique de Paris<\/em> nel 1920, Reynaldo Hahn fa la conoscenza di Pablo Casals, Jacques Thibaud e Nadia Boulanger. Nel primo dopoguerra compone molte operette e commedie musicali. Ma accanto a questa musica alla moda, ritorna a un genere che fino a quel momento aveva trascurato, la musica da camera.<\/p>\n<p>Inquietato per le sue origini ebraiche, deve lasciare Parigi nel 1940 per Cannes e poi per Monte-Carlo. Nel 1945, tornato a Parigi, \u00e8 eletto membro dell&#8217;<em>Acad\u00e9mie des Beaux-Arts<\/em> e diventa direttore dell&#8217;Opera di Parigi. Affetto da un tumore al cervello, muore a Parigi il 28 gennaio 1947 ed \u00e8 sepolto nel cimitero di P\u00e8re-Lachaise.<\/p>\n<p>\u00c8 possibile ordinare questi spartiti sul nostro <a href=\"https:\/\/www.iemj.org\/it\/boutique\/\" target=\"_blank\" rel=\"noopener\">negozio online<\/a> in versione cartacea o digitale.<br \/>&#8211; <a href=\"https:\/\/www.iemj.org\/en\/product\/fernand-halphen-dix-melodies-1er-recueil-printed-score\/\" target=\"_blank\" rel=\"noopener\">Consultare ed ordinare le <strong><em>Dix m\u00e9lodies<\/em> di Fernand Halphen<\/strong><\/a><br \/>&#8211; <a href=\"https:\/\/www.iemj.org\/en\/product\/fernand-halphen-cinq-pieces-pour-piano\/\" target=\"_blank\" rel=\"noopener\">Consultare ed ordinare le <strong><em>Cinq pi\u00e8ces pour piano<\/em> di Fernand Halphen<\/strong>.<\/a><br \/>&#8211; <a href=\"https:\/\/www.iemj.org\/en\/product\/reynaldo-hahn-petit-nocturne-pour-violon-et-piano-printed-score\/\" target=\"_blank\" rel=\"noopener\">Consultare ed ordinare le <strong><em>Petit nocturne<\/em> <\/strong>per violon e piano<strong> di Reynaldo Hahn<\/strong><\/a><\/p>\n<div id='gallery-1' class='gallery galleryid-54401 gallery-columns-4 gallery-size-medium'><figure class='gallery-item'>\n\t\t\t<div class='gallery-icon portrait'>\n\t\t\t\t<a href='https:\/\/www.iemj.org\/wp-content\/uploads\/2014\/05\/20140318_iemj_partition1_couv-vdef_small.jpg'><img fetchpriority=\"high\" decoding=\"async\" width=\"213\" height=\"300\" src=\"https:\/\/www.iemj.org\/wp-content\/uploads\/2014\/05\/20140318_iemj_partition1_couv-vdef_small-213x300.jpg\" class=\"attachment-medium size-medium\" alt=\"\" srcset=\"https:\/\/www.iemj.org\/wp-content\/uploads\/2014\/05\/20140318_iemj_partition1_couv-vdef_small-213x300.jpg 213w, https:\/\/www.iemj.org\/wp-content\/uploads\/2014\/05\/20140318_iemj_partition1_couv-vdef_small.jpg 249w\" sizes=\"(max-width: 213px) 100vw, 213px\" \/><\/a>\n\t\t\t<\/div><\/figure><figure class='gallery-item'>\n\t\t\t<div class='gallery-icon portrait'>\n\t\t\t\t<a href='https:\/\/www.iemj.org\/wp-content\/uploads\/2014\/05\/20140318_iemj_partition2_couv-vdef_small.jpg'><img decoding=\"async\" width=\"213\" height=\"300\" src=\"https:\/\/www.iemj.org\/wp-content\/uploads\/2014\/05\/20140318_iemj_partition2_couv-vdef_small-213x300.jpg\" class=\"attachment-medium size-medium\" alt=\"\" srcset=\"https:\/\/www.iemj.org\/wp-content\/uploads\/2014\/05\/20140318_iemj_partition2_couv-vdef_small-213x300.jpg 213w, https:\/\/www.iemj.org\/wp-content\/uploads\/2014\/05\/20140318_iemj_partition2_couv-vdef_small.jpg 249w\" sizes=\"(max-width: 213px) 100vw, 213px\" \/><\/a>\n\t\t\t<\/div><\/figure><figure class='gallery-item'>\n\t\t\t<div class='gallery-icon portrait'>\n\t\t\t\t<a href='https:\/\/www.iemj.org\/wp-content\/uploads\/2014\/05\/20140318_iemj_partition3_couv_small.jpg'><img decoding=\"async\" width=\"213\" height=\"300\" src=\"https:\/\/www.iemj.org\/wp-content\/uploads\/2014\/05\/20140318_iemj_partition3_couv_small-213x300.jpg\" class=\"attachment-medium size-medium\" alt=\"\" srcset=\"https:\/\/www.iemj.org\/wp-content\/uploads\/2014\/05\/20140318_iemj_partition3_couv_small-213x300.jpg 213w, https:\/\/www.iemj.org\/wp-content\/uploads\/2014\/05\/20140318_iemj_partition3_couv_small.jpg 249w\" sizes=\"(max-width: 213px) 100vw, 213px\" \/><\/a>\n\t\t\t<\/div><\/figure>\n\t\t<\/div>\n\n\n\n<p><\/p>\n","protected":false},"excerpt":{"rendered":"<p>Pubblicazione di due spartiti di Fernand Halphen e di una partitura inedita per violino e pianoforte di Reynaldo Hahn<\/p>\n","protected":false},"author":1050,"featured_media":54402,"comment_status":"closed","ping_status":"open","sticky":false,"template":"","format":"standard","meta":{"_acf_changed":false,"footnotes":""},"categories":[1361,1397],"tags":[],"technique":[],"squelettes":[],"sujet":[],"formation":[],"genre":[1901],"fonds":[],"tradition":[],"type-de-contenu":[],"interprete-compositeur":[],"frise":[],"type-devenement":[],"tableaux-liens-externes":[],"class_list":["post-54401","post","type-post","status-publish","format-standard","has-post-thumbnail","hentry","category-pubblicazioni-it","category-spartiti-iemj-it","genre-musica-classica-it"],"acf":[],"yoast_head":"<!-- This site is optimized with the Yoast SEO plugin v27.3 - https:\/\/yoast.com\/product\/yoast-seo-wordpress\/ -->\n<title>Dix m\u00e9lodies (vol. 1), Cinq pi\u00e8ces pour piano di Fernand Halphen e Petit nocturne di Reynaldo Hahn - Institut Europ\u00e9en des Musiques Juives<\/title>\n<meta name=\"robots\" content=\"index, follow, max-snippet:-1, max-image-preview:large, max-video-preview:-1\" \/>\n<link rel=\"canonical\" href=\"https:\/\/www.iemj.org\/it\/partitions-de-fernand-halphen-et-reynaldo-hahn-maintenant-en-vente\/\" \/>\n<meta property=\"og:locale\" content=\"it_IT\" \/>\n<meta property=\"og:type\" content=\"article\" \/>\n<meta property=\"og:title\" content=\"Dix m\u00e9lodies (vol. 1), Cinq pi\u00e8ces pour piano di Fernand Halphen e Petit nocturne di Reynaldo Hahn - Institut Europ\u00e9en des Musiques Juives\" \/>\n<meta property=\"og:description\" content=\"Pubblicazione di due spartiti di Fernand Halphen e di una partitura inedita per violino e pianoforte di Reynaldo Hahn\" \/>\n<meta property=\"og:url\" content=\"https:\/\/www.iemj.org\/it\/partitions-de-fernand-halphen-et-reynaldo-hahn-maintenant-en-vente\/\" \/>\n<meta property=\"og:site_name\" content=\"Institut Europ\u00e9en des Musiques Juives\" \/>\n<meta property=\"article:publisher\" content=\"https:\/\/www.facebook.com\/MusiquesJuives\/\" \/>\n<meta property=\"article:published_time\" content=\"2014-06-04T11:23:50+00:00\" \/>\n<meta property=\"article:modified_time\" content=\"2021-07-12T09:14:45+00:00\" \/>\n<meta property=\"og:image\" content=\"https:\/\/www.iemj.org\/wp-content\/uploads\/2014\/06\/arton880.jpg\" \/>\n\t<meta property=\"og:image:width\" content=\"249\" \/>\n\t<meta property=\"og:image:height\" content=\"351\" \/>\n\t<meta property=\"og:image:type\" content=\"image\/jpeg\" \/>\n<meta name=\"author\" content=\"ncochin\" \/>\n<meta name=\"twitter:card\" content=\"summary_large_image\" \/>\n<meta name=\"twitter:label1\" content=\"Scritto da\" \/>\n\t<meta name=\"twitter:data1\" content=\"ncochin\" \/>\n\t<meta name=\"twitter:label2\" content=\"Tempo di lettura stimato\" \/>\n\t<meta name=\"twitter:data2\" content=\"3 minuti\" \/>\n<script type=\"application\/ld+json\" class=\"yoast-schema-graph\">{\"@context\":\"https:\\\/\\\/schema.org\",\"@graph\":[{\"@type\":\"Article\",\"@id\":\"https:\\\/\\\/www.iemj.org\\\/it\\\/partitions-de-fernand-halphen-et-reynaldo-hahn-maintenant-en-vente\\\/#article\",\"isPartOf\":{\"@id\":\"https:\\\/\\\/www.iemj.org\\\/it\\\/partitions-de-fernand-halphen-et-reynaldo-hahn-maintenant-en-vente\\\/\"},\"author\":{\"name\":\"ncochin\",\"@id\":\"https:\\\/\\\/www.iemj.org\\\/it\\\/#\\\/schema\\\/person\\\/f826ad11b0cd58dd99babe0a3fbcb86e\"},\"headline\":\"Dix m\u00e9lodies (vol. 1), Cinq pi\u00e8ces pour piano di Fernand Halphen e Petit nocturne di Reynaldo Hahn\",\"datePublished\":\"2014-06-04T11:23:50+00:00\",\"dateModified\":\"2021-07-12T09:14:45+00:00\",\"mainEntityOfPage\":{\"@id\":\"https:\\\/\\\/www.iemj.org\\\/it\\\/partitions-de-fernand-halphen-et-reynaldo-hahn-maintenant-en-vente\\\/\"},\"wordCount\":550,\"publisher\":{\"@id\":\"https:\\\/\\\/www.iemj.org\\\/it\\\/#organization\"},\"image\":{\"@id\":\"https:\\\/\\\/www.iemj.org\\\/it\\\/partitions-de-fernand-halphen-et-reynaldo-hahn-maintenant-en-vente\\\/#primaryimage\"},\"thumbnailUrl\":\"https:\\\/\\\/www.iemj.org\\\/wp-content\\\/uploads\\\/2014\\\/06\\\/arton880.jpg\",\"articleSection\":[\"Pubblicazioni\",\"Spartiti IEMJ\"],\"inLanguage\":\"it-IT\"},{\"@type\":\"WebPage\",\"@id\":\"https:\\\/\\\/www.iemj.org\\\/it\\\/partitions-de-fernand-halphen-et-reynaldo-hahn-maintenant-en-vente\\\/\",\"url\":\"https:\\\/\\\/www.iemj.org\\\/it\\\/partitions-de-fernand-halphen-et-reynaldo-hahn-maintenant-en-vente\\\/\",\"name\":\"Dix m\u00e9lodies (vol. 1), Cinq pi\u00e8ces pour piano di Fernand Halphen e Petit nocturne di Reynaldo Hahn - Institut Europ\u00e9en des Musiques Juives\",\"isPartOf\":{\"@id\":\"https:\\\/\\\/www.iemj.org\\\/it\\\/#website\"},\"primaryImageOfPage\":{\"@id\":\"https:\\\/\\\/www.iemj.org\\\/it\\\/partitions-de-fernand-halphen-et-reynaldo-hahn-maintenant-en-vente\\\/#primaryimage\"},\"image\":{\"@id\":\"https:\\\/\\\/www.iemj.org\\\/it\\\/partitions-de-fernand-halphen-et-reynaldo-hahn-maintenant-en-vente\\\/#primaryimage\"},\"thumbnailUrl\":\"https:\\\/\\\/www.iemj.org\\\/wp-content\\\/uploads\\\/2014\\\/06\\\/arton880.jpg\",\"datePublished\":\"2014-06-04T11:23:50+00:00\",\"dateModified\":\"2021-07-12T09:14:45+00:00\",\"breadcrumb\":{\"@id\":\"https:\\\/\\\/www.iemj.org\\\/it\\\/partitions-de-fernand-halphen-et-reynaldo-hahn-maintenant-en-vente\\\/#breadcrumb\"},\"inLanguage\":\"it-IT\",\"potentialAction\":[{\"@type\":\"ReadAction\",\"target\":[\"https:\\\/\\\/www.iemj.org\\\/it\\\/partitions-de-fernand-halphen-et-reynaldo-hahn-maintenant-en-vente\\\/\"]}]},{\"@type\":\"ImageObject\",\"inLanguage\":\"it-IT\",\"@id\":\"https:\\\/\\\/www.iemj.org\\\/it\\\/partitions-de-fernand-halphen-et-reynaldo-hahn-maintenant-en-vente\\\/#primaryimage\",\"url\":\"https:\\\/\\\/www.iemj.org\\\/wp-content\\\/uploads\\\/2014\\\/06\\\/arton880.jpg\",\"contentUrl\":\"https:\\\/\\\/www.iemj.org\\\/wp-content\\\/uploads\\\/2014\\\/06\\\/arton880.jpg\",\"width\":249,\"height\":351},{\"@type\":\"BreadcrumbList\",\"@id\":\"https:\\\/\\\/www.iemj.org\\\/it\\\/partitions-de-fernand-halphen-et-reynaldo-hahn-maintenant-en-vente\\\/#breadcrumb\",\"itemListElement\":[{\"@type\":\"ListItem\",\"position\":1,\"name\":\"Accueil\",\"item\":\"https:\\\/\\\/www.iemj.org\\\/it\\\/\"},{\"@type\":\"ListItem\",\"position\":2,\"name\":\"Dix m\u00e9lodies (vol. 1), Cinq pi\u00e8ces pour piano di Fernand Halphen e Petit nocturne di Reynaldo Hahn\"}]},{\"@type\":\"WebSite\",\"@id\":\"https:\\\/\\\/www.iemj.org\\\/it\\\/#website\",\"url\":\"https:\\\/\\\/www.iemj.org\\\/it\\\/\",\"name\":\"Institut Europ\u00e9en des Musiques Juives\",\"description\":\"Des traditions musicales \u00e0 la port\u00e9e de tous\",\"publisher\":{\"@id\":\"https:\\\/\\\/www.iemj.org\\\/it\\\/#organization\"},\"potentialAction\":[{\"@type\":\"SearchAction\",\"target\":{\"@type\":\"EntryPoint\",\"urlTemplate\":\"https:\\\/\\\/www.iemj.org\\\/it\\\/?s={search_term_string}\"},\"query-input\":{\"@type\":\"PropertyValueSpecification\",\"valueRequired\":true,\"valueName\":\"search_term_string\"}}],\"inLanguage\":\"it-IT\"},{\"@type\":\"Organization\",\"@id\":\"https:\\\/\\\/www.iemj.org\\\/it\\\/#organization\",\"name\":\"Institut Europ\u00e9en des Musiques Juives\",\"url\":\"https:\\\/\\\/www.iemj.org\\\/it\\\/\",\"logo\":{\"@type\":\"ImageObject\",\"inLanguage\":\"it-IT\",\"@id\":\"https:\\\/\\\/www.iemj.org\\\/it\\\/#\\\/schema\\\/logo\\\/image\\\/\",\"url\":\"https:\\\/\\\/www.iemj.org\\\/wp-content\\\/uploads\\\/2021\\\/09\\\/Logo-IEMJ-Paypal.jpg\",\"contentUrl\":\"https:\\\/\\\/www.iemj.org\\\/wp-content\\\/uploads\\\/2021\\\/09\\\/Logo-IEMJ-Paypal.jpg\",\"width\":150,\"height\":50,\"caption\":\"Institut Europ\u00e9en des Musiques Juives\"},\"image\":{\"@id\":\"https:\\\/\\\/www.iemj.org\\\/it\\\/#\\\/schema\\\/logo\\\/image\\\/\"},\"sameAs\":[\"https:\\\/\\\/www.facebook.com\\\/MusiquesJuives\\\/\",\"https:\\\/\\\/www.instagram.com\\\/musiquesjuives\\\/\",\"https:\\\/\\\/www.youtube.com\\\/user\\\/musiquesjuives\"]},{\"@type\":\"Person\",\"@id\":\"https:\\\/\\\/www.iemj.org\\\/it\\\/#\\\/schema\\\/person\\\/f826ad11b0cd58dd99babe0a3fbcb86e\",\"name\":\"ncochin\",\"image\":{\"@type\":\"ImageObject\",\"inLanguage\":\"it-IT\",\"@id\":\"https:\\\/\\\/secure.gravatar.com\\\/avatar\\\/4499f551e6a9b8c28bd3132f28d79657b2cb55ff363257726f67e89c95e2a33c?s=96&d=mm&r=g\",\"url\":\"https:\\\/\\\/secure.gravatar.com\\\/avatar\\\/4499f551e6a9b8c28bd3132f28d79657b2cb55ff363257726f67e89c95e2a33c?s=96&d=mm&r=g\",\"contentUrl\":\"https:\\\/\\\/secure.gravatar.com\\\/avatar\\\/4499f551e6a9b8c28bd3132f28d79657b2cb55ff363257726f67e89c95e2a33c?s=96&d=mm&r=g\",\"caption\":\"ncochin\"}}]}<\/script>\n<!-- \/ Yoast SEO plugin. -->","yoast_head_json":{"title":"Dix m\u00e9lodies (vol. 1), Cinq pi\u00e8ces pour piano di Fernand Halphen e Petit nocturne di Reynaldo Hahn - Institut Europ\u00e9en des Musiques Juives","robots":{"index":"index","follow":"follow","max-snippet":"max-snippet:-1","max-image-preview":"max-image-preview:large","max-video-preview":"max-video-preview:-1"},"canonical":"https:\/\/www.iemj.org\/it\/partitions-de-fernand-halphen-et-reynaldo-hahn-maintenant-en-vente\/","og_locale":"it_IT","og_type":"article","og_title":"Dix m\u00e9lodies (vol. 1), Cinq pi\u00e8ces pour piano di Fernand Halphen e Petit nocturne di Reynaldo Hahn - Institut Europ\u00e9en des Musiques Juives","og_description":"Pubblicazione di due spartiti di Fernand Halphen e di una partitura inedita per violino e pianoforte di Reynaldo Hahn","og_url":"https:\/\/www.iemj.org\/it\/partitions-de-fernand-halphen-et-reynaldo-hahn-maintenant-en-vente\/","og_site_name":"Institut Europ\u00e9en des Musiques Juives","article_publisher":"https:\/\/www.facebook.com\/MusiquesJuives\/","article_published_time":"2014-06-04T11:23:50+00:00","article_modified_time":"2021-07-12T09:14:45+00:00","og_image":[{"width":249,"height":351,"url":"https:\/\/www.iemj.org\/wp-content\/uploads\/2014\/06\/arton880.jpg","type":"image\/jpeg"}],"author":"ncochin","twitter_card":"summary_large_image","twitter_misc":{"Scritto da":"ncochin","Tempo di lettura stimato":"3 minuti"},"schema":{"@context":"https:\/\/schema.org","@graph":[{"@type":"Article","@id":"https:\/\/www.iemj.org\/it\/partitions-de-fernand-halphen-et-reynaldo-hahn-maintenant-en-vente\/#article","isPartOf":{"@id":"https:\/\/www.iemj.org\/it\/partitions-de-fernand-halphen-et-reynaldo-hahn-maintenant-en-vente\/"},"author":{"name":"ncochin","@id":"https:\/\/www.iemj.org\/it\/#\/schema\/person\/f826ad11b0cd58dd99babe0a3fbcb86e"},"headline":"Dix m\u00e9lodies (vol. 1), Cinq pi\u00e8ces pour piano di Fernand Halphen e Petit nocturne di Reynaldo Hahn","datePublished":"2014-06-04T11:23:50+00:00","dateModified":"2021-07-12T09:14:45+00:00","mainEntityOfPage":{"@id":"https:\/\/www.iemj.org\/it\/partitions-de-fernand-halphen-et-reynaldo-hahn-maintenant-en-vente\/"},"wordCount":550,"publisher":{"@id":"https:\/\/www.iemj.org\/it\/#organization"},"image":{"@id":"https:\/\/www.iemj.org\/it\/partitions-de-fernand-halphen-et-reynaldo-hahn-maintenant-en-vente\/#primaryimage"},"thumbnailUrl":"https:\/\/www.iemj.org\/wp-content\/uploads\/2014\/06\/arton880.jpg","articleSection":["Pubblicazioni","Spartiti IEMJ"],"inLanguage":"it-IT"},{"@type":"WebPage","@id":"https:\/\/www.iemj.org\/it\/partitions-de-fernand-halphen-et-reynaldo-hahn-maintenant-en-vente\/","url":"https:\/\/www.iemj.org\/it\/partitions-de-fernand-halphen-et-reynaldo-hahn-maintenant-en-vente\/","name":"Dix m\u00e9lodies (vol. 1), Cinq pi\u00e8ces pour piano di Fernand Halphen e Petit nocturne di Reynaldo Hahn - Institut Europ\u00e9en des Musiques Juives","isPartOf":{"@id":"https:\/\/www.iemj.org\/it\/#website"},"primaryImageOfPage":{"@id":"https:\/\/www.iemj.org\/it\/partitions-de-fernand-halphen-et-reynaldo-hahn-maintenant-en-vente\/#primaryimage"},"image":{"@id":"https:\/\/www.iemj.org\/it\/partitions-de-fernand-halphen-et-reynaldo-hahn-maintenant-en-vente\/#primaryimage"},"thumbnailUrl":"https:\/\/www.iemj.org\/wp-content\/uploads\/2014\/06\/arton880.jpg","datePublished":"2014-06-04T11:23:50+00:00","dateModified":"2021-07-12T09:14:45+00:00","breadcrumb":{"@id":"https:\/\/www.iemj.org\/it\/partitions-de-fernand-halphen-et-reynaldo-hahn-maintenant-en-vente\/#breadcrumb"},"inLanguage":"it-IT","potentialAction":[{"@type":"ReadAction","target":["https:\/\/www.iemj.org\/it\/partitions-de-fernand-halphen-et-reynaldo-hahn-maintenant-en-vente\/"]}]},{"@type":"ImageObject","inLanguage":"it-IT","@id":"https:\/\/www.iemj.org\/it\/partitions-de-fernand-halphen-et-reynaldo-hahn-maintenant-en-vente\/#primaryimage","url":"https:\/\/www.iemj.org\/wp-content\/uploads\/2014\/06\/arton880.jpg","contentUrl":"https:\/\/www.iemj.org\/wp-content\/uploads\/2014\/06\/arton880.jpg","width":249,"height":351},{"@type":"BreadcrumbList","@id":"https:\/\/www.iemj.org\/it\/partitions-de-fernand-halphen-et-reynaldo-hahn-maintenant-en-vente\/#breadcrumb","itemListElement":[{"@type":"ListItem","position":1,"name":"Accueil","item":"https:\/\/www.iemj.org\/it\/"},{"@type":"ListItem","position":2,"name":"Dix m\u00e9lodies (vol. 1), Cinq pi\u00e8ces pour piano di Fernand Halphen e Petit nocturne di Reynaldo Hahn"}]},{"@type":"WebSite","@id":"https:\/\/www.iemj.org\/it\/#website","url":"https:\/\/www.iemj.org\/it\/","name":"Institut Europ\u00e9en des Musiques Juives","description":"Des traditions musicales \u00e0 la port\u00e9e de tous","publisher":{"@id":"https:\/\/www.iemj.org\/it\/#organization"},"potentialAction":[{"@type":"SearchAction","target":{"@type":"EntryPoint","urlTemplate":"https:\/\/www.iemj.org\/it\/?s={search_term_string}"},"query-input":{"@type":"PropertyValueSpecification","valueRequired":true,"valueName":"search_term_string"}}],"inLanguage":"it-IT"},{"@type":"Organization","@id":"https:\/\/www.iemj.org\/it\/#organization","name":"Institut Europ\u00e9en des Musiques Juives","url":"https:\/\/www.iemj.org\/it\/","logo":{"@type":"ImageObject","inLanguage":"it-IT","@id":"https:\/\/www.iemj.org\/it\/#\/schema\/logo\/image\/","url":"https:\/\/www.iemj.org\/wp-content\/uploads\/2021\/09\/Logo-IEMJ-Paypal.jpg","contentUrl":"https:\/\/www.iemj.org\/wp-content\/uploads\/2021\/09\/Logo-IEMJ-Paypal.jpg","width":150,"height":50,"caption":"Institut Europ\u00e9en des Musiques Juives"},"image":{"@id":"https:\/\/www.iemj.org\/it\/#\/schema\/logo\/image\/"},"sameAs":["https:\/\/www.facebook.com\/MusiquesJuives\/","https:\/\/www.instagram.com\/musiquesjuives\/","https:\/\/www.youtube.com\/user\/musiquesjuives"]},{"@type":"Person","@id":"https:\/\/www.iemj.org\/it\/#\/schema\/person\/f826ad11b0cd58dd99babe0a3fbcb86e","name":"ncochin","image":{"@type":"ImageObject","inLanguage":"it-IT","@id":"https:\/\/secure.gravatar.com\/avatar\/4499f551e6a9b8c28bd3132f28d79657b2cb55ff363257726f67e89c95e2a33c?s=96&d=mm&r=g","url":"https:\/\/secure.gravatar.com\/avatar\/4499f551e6a9b8c28bd3132f28d79657b2cb55ff363257726f67e89c95e2a33c?s=96&d=mm&r=g","contentUrl":"https:\/\/secure.gravatar.com\/avatar\/4499f551e6a9b8c28bd3132f28d79657b2cb55ff363257726f67e89c95e2a33c?s=96&d=mm&r=g","caption":"ncochin"}}]}},"_links":{"self":[{"href":"https:\/\/www.iemj.org\/it\/wp-json\/wp\/v2\/posts\/54401","targetHints":{"allow":["GET"]}}],"collection":[{"href":"https:\/\/www.iemj.org\/it\/wp-json\/wp\/v2\/posts"}],"about":[{"href":"https:\/\/www.iemj.org\/it\/wp-json\/wp\/v2\/types\/post"}],"author":[{"embeddable":true,"href":"https:\/\/www.iemj.org\/it\/wp-json\/wp\/v2\/users\/1050"}],"replies":[{"embeddable":true,"href":"https:\/\/www.iemj.org\/it\/wp-json\/wp\/v2\/comments?post=54401"}],"version-history":[{"count":0,"href":"https:\/\/www.iemj.org\/it\/wp-json\/wp\/v2\/posts\/54401\/revisions"}],"wp:featuredmedia":[{"embeddable":true,"href":"https:\/\/www.iemj.org\/it\/wp-json\/wp\/v2\/media\/54402"}],"wp:attachment":[{"href":"https:\/\/www.iemj.org\/it\/wp-json\/wp\/v2\/media?parent=54401"}],"wp:term":[{"taxonomy":"category","embeddable":true,"href":"https:\/\/www.iemj.org\/it\/wp-json\/wp\/v2\/categories?post=54401"},{"taxonomy":"post_tag","embeddable":true,"href":"https:\/\/www.iemj.org\/it\/wp-json\/wp\/v2\/tags?post=54401"},{"taxonomy":"technique","embeddable":true,"href":"https:\/\/www.iemj.org\/it\/wp-json\/wp\/v2\/technique?post=54401"},{"taxonomy":"squelettes","embeddable":true,"href":"https:\/\/www.iemj.org\/it\/wp-json\/wp\/v2\/squelettes?post=54401"},{"taxonomy":"sujet","embeddable":true,"href":"https:\/\/www.iemj.org\/it\/wp-json\/wp\/v2\/sujet?post=54401"},{"taxonomy":"formation","embeddable":true,"href":"https:\/\/www.iemj.org\/it\/wp-json\/wp\/v2\/formation?post=54401"},{"taxonomy":"genre","embeddable":true,"href":"https:\/\/www.iemj.org\/it\/wp-json\/wp\/v2\/genre?post=54401"},{"taxonomy":"fonds","embeddable":true,"href":"https:\/\/www.iemj.org\/it\/wp-json\/wp\/v2\/fonds?post=54401"},{"taxonomy":"tradition","embeddable":true,"href":"https:\/\/www.iemj.org\/it\/wp-json\/wp\/v2\/tradition?post=54401"},{"taxonomy":"type-de-contenu","embeddable":true,"href":"https:\/\/www.iemj.org\/it\/wp-json\/wp\/v2\/type-de-contenu?post=54401"},{"taxonomy":"interprete-compositeur","embeddable":true,"href":"https:\/\/www.iemj.org\/it\/wp-json\/wp\/v2\/interprete-compositeur?post=54401"},{"taxonomy":"frise","embeddable":true,"href":"https:\/\/www.iemj.org\/it\/wp-json\/wp\/v2\/frise?post=54401"},{"taxonomy":"type-devenement","embeddable":true,"href":"https:\/\/www.iemj.org\/it\/wp-json\/wp\/v2\/type-devenement?post=54401"},{"taxonomy":"tableaux-liens-externes","embeddable":true,"href":"https:\/\/www.iemj.org\/it\/wp-json\/wp\/v2\/tableaux-liens-externes?post=54401"}],"curies":[{"name":"wp","href":"https:\/\/api.w.org\/{rel}","templated":true}]}}