{"id":54551,"date":"2020-12-14T11:51:01","date_gmt":"2020-12-14T10:51:01","guid":{"rendered":"https:\/\/www.iemj.org\/parution-de-huit-nouvelles-partitions-ditai-daniel-aux-editions-de-liemj\/"},"modified":"2025-08-28T15:23:39","modified_gmt":"2025-08-28T13:23:39","slug":"parution-de-huit-nouvelles-partitions-ditai-daniel-aux-editions-de-liemj","status":"publish","type":"post","link":"https:\/\/www.iemj.org\/it\/parution-de-huit-nouvelles-partitions-ditai-daniel-aux-editions-de-liemj\/","title":{"rendered":"Kol Nidrei, Hashkivenu, Vay&#8217;khulu haShamayim, Shma Koleinu, Lakol Zman v&#8217;Et, El\u00e9gie per violoncello e pianoforte, Shlosha Yeladim, Sonata per pianoforte"},"content":{"rendered":"Dopo la pubblicazione delle sue <a href=\"https:\/\/www.iemj.org\/it\/itai-daniel-dix-melodies-de-shabbat-pour-voix-ou-choeur-et-piano\/\" target=\"_blank\" rel=\"noopener\">Dix premi\u00e8res m\u00e9lodies de Shabbat<\/a> (Dieci prime melodie Shabbat), quattro per coro e pianoforte e sei per voce e pianoforte, Les \u00c9ditions de l&#8217;IEMJ sono liete di annunciare la pubblicazione di otto nuovi spartiti inediti composti da <a href=\"https:\/\/www.iemj.org\/it\/daniel-itai-1967\/\" target=\"_blank\" rel=\"noopener\">lta\u00ef Daniel<\/a>, compositore, pianista e direttore d&#8217;orchestra, nato in Israele.\n\nL&#8217;opportunit\u00e0 di scoprire il suo sontuoso <a href=\"https:\/\/www.iemj.org\/it\/kol-nidre-nouvelles-visions\/\"><em>Kol Nidrei<\/em><\/a>, le sue opere strumentali (<em>Elegia per violoncello <\/em>e<em> Sonata per pianoforte<\/em>) o vocali ispirate alla liturgia ebraica <em>(Shma Koleinu, Hashkivenu, Vay&#8217;khulu haShamayim, Lakol Zman v&#8217;Et<\/em>), od anche <em>Shlosha Yeladim<\/em> , commovente partitura di tre canti dedicati ai bambini della Shoah.\n<ul>\n \t<li>\n<h3 style=\"text-align: center;\">Ordinare gli spartiti<\/h3>\n<ul>\n \t<li>\n<h3><a href=\"https:\/\/www.iemj.org\/it\/produit\/daniel-kol-nidrei-for-choir-tenor-soloist-clarinet-and-string-quartet-printed-score\/\" target=\"_blank\" rel=\"noopener\">Kol Nidrei, for choir, per coro, tenore solista, clarinetto e quartetto d&#8217;archi<\/a><\/h3>\n<\/li>\n \t<li>\n<h3><a href=\"https:\/\/www.iemj.org\/it\/produit\/daniel-hashkivenu-for-women-and-men-choir-and-piano-printed-score\/\" target=\"_blank\" rel=\"noopener\">Hashkivenu, per coro femminile e maschile e pianoforte<\/a><\/h3>\n<\/li>\n \t<li>\n<h3><a href=\"https:\/\/www.iemj.org\/it\/produit\/daniel-vay-khulu-hashamayim-for-soprano-cello-and-piano-printed-score\/\" target=\"_blank\" rel=\"noopener\">Vay&#8217;khulu haShamayim, per soprano, violoncello e pianoforte<\/a><\/h3>\n<\/li>\n \t<li>\n<h3><a href=\"https:\/\/www.iemj.org\/it\/produit\/daniel-shma-koleinu-for-soprano-cello-and-piano-printed-score\/\" target=\"_blank\" rel=\"noopener\">Shma Koleinu, per soprano, violoncello e pianoforte<\/a><\/h3>\n<\/li>\n \t<li>\n<h3><a href=\"https:\/\/www.iemj.org\/it\/produit\/daniel-lakol-zman-v-et-for-soprano-cello-and-piano-printed-score\/\" target=\"_blank\" rel=\"noopener\">Lakol Zman v&#8217;Et, per soprano, violoncello e pianoforte<\/a><\/h3>\n<\/li>\n \t<li>\n<h3><a href=\"https:\/\/www.iemj.org\/it\/produit\/daniel-elegie-for-cello-and-piano-printed-score\/\" target=\"_blank\" rel=\"noopener\">El\u00e9gie per violoncello e pianoforte<\/a><\/h3>\n<\/li>\n \t<li>\n<h3><a href=\"https:\/\/www.iemj.org\/it\/produit\/daniel-shlosha-yeladim-for-voice-and-piano-printed-score\/\" target=\"_blank\" rel=\"noopener\">Shlosha Yeladim, per voce e pianoforte<\/a><\/h3>\n<\/li>\n \t<li>\n<h3><a href=\"https:\/\/www.iemj.org\/it\/produit\/daniel-piano-sonata-printed-score\/\" target=\"_blank\" rel=\"noopener\">Sonate per pianoforte<\/a><\/h3>\n<\/li>\n<\/ul>\n<!-- \/wp:post-content -->\n\n<!-- wp:separator -->\n\n<hr class=\"wp-block-separator has-alpha-channel-opacity\" \/>\n\n<!-- \/wp:separator -->\n<h3>Consultare la lista delle opere di <a href=\"https:\/\/www.iemj.org\/en\/?search_type=product&amp;s=Itai+Daniel&amp;submit=Search\" target=\"_blank\" rel=\"noopener\">Ita\u00ef Daniel sul sito dell&#8217;IEMJ<\/a><\/h3>\n<!-- wp:separator -->\n\n<hr class=\"wp-block-separator has-alpha-channel-opacity\" \/>\n\n<!-- \/wp:separator -->\n\n<!-- wp:column {\"verticalAlignment\":\"center\",\"width\":\"66.66%\"} -->\n<div class=\"wp-block-column is-vertically-aligned-center\" style=\"flex-basis: 66.66%;\"><!-- wp:buttons {\"layout\":{\"type\":\"flex\"}} -->\n<div class=\"wp-block-buttons\"><\/div>\n<\/div><\/li>\n<\/ul>\n<div class=\"wp-block-file\"><\/div>\n<!-- \/wp:buttons --><!-- \/wp:column --><!-- \/wp:column -->\n\n<!-- wp:columns {\"verticalAlignment\":null} -->\n<div class=\"wp-block-columns\"><!-- wp:column {\"width\":\"33.33%\"} -->\n<div class=\"wp-block-column\" style=\"flex-basis: 33.33%;\"><!-- wp:image {\"width\":225,\"height\":200,\"sizeSlug\":\"large\",\"linkDestination\":\"custom\"} -->\n<figure class=\"wp-block-image size-large is-resized\"><a href=\"https:\/\/www.iemj.org\/it\/produit\/itai-daniel-mahzor-hayim\/\" target=\"_blank\" rel=\"noreferrer noopener\"><img decoding=\"async\" src=\"https:\/\/www.iemj.org\/wp-content\/uploads\/2018\/10\/CDC5.jpg\" alt=\"\" width=\"225\" height=\"200\" \/><\/a><\/figure>\n<!-- \/wp:image -->\n\n<\/div>\n<!-- \/wp:column -->\n\n<!-- wp:column {\"verticalAlignment\":\"center\",\"width\":\"66.66%\"} -->\n<div class=\"wp-block-column is-vertically-aligned-center\" style=\"flex-basis: 66.66%;\"><!-- wp:buttons {\"layout\":{\"type\":\"flex\"}} -->\n<div class=\"wp-block-buttons\">\n<div class=\"wp-block-button\"><a class=\"wp-block-button__link has-background wp-element-button\" style=\"background-color: #e1645a;\" href=\"https:\/\/www.iemj.org\/it\/produit\/itai-daniel-mahzor-hayim\/\" target=\"_blank\" rel=\"noreferrer noopener\">Ordinare il CD <strong>MAHZOR HAYIM di Ita\u00ef Daniel<\/strong><\/a><\/div>\n<\/div>\n<\/div>\n<\/div>\n<!-- wp:heading -->\n<h2><img fetchpriority=\"high\" decoding=\"async\" class=\"aligncenter wp-image-110609 size-full\" src=\"https:\/\/www.iemj.org\/wp-content\/uploads\/2024\/03\/AUDIO-PLAYER.png\" alt=\"\" width=\"1210\" height=\"157\" srcset=\"https:\/\/www.iemj.org\/wp-content\/uploads\/2024\/03\/AUDIO-PLAYER.png 1210w, https:\/\/www.iemj.org\/wp-content\/uploads\/2024\/03\/AUDIO-PLAYER-300x39.png 300w, https:\/\/www.iemj.org\/wp-content\/uploads\/2024\/03\/AUDIO-PLAYER-1024x133.png 1024w, https:\/\/www.iemj.org\/wp-content\/uploads\/2024\/03\/AUDIO-PLAYER-768x100.png 768w, https:\/\/www.iemj.org\/wp-content\/uploads\/2024\/03\/AUDIO-PLAYER-600x78.png 600w\" sizes=\"(max-width: 1210px) 100vw, 1210px\" \/><\/h2>\n<!-- \/wp:heading -->\n\n<!-- wp:file {\"id\":30300,\"href\":\"https:\/\/www.iemj.org\/wp-content\/uploads\/2018\/09\/09_daniel_kol_nidre_siteiemj.mp3\",\"showDownloadButton\":false} -->\n<div class=\"wp-block-file\"><a id=\"wp-block-file--media-956b4f0e-a86a-4666-83b1-06cd61604bcf\" href=\"https:\/\/www.iemj.org\/wp-content\/uploads\/2018\/09\/09_daniel_kol_nidre_siteiemj.mp3\"> Kol Nidrei (Extrait)<\/a><\/div>\n<!-- \/wp:file -->\n\n<!-- wp:file {\"id\":30302,\"href\":\"https:\/\/www.iemj.org\/wp-content\/uploads\/2018\/10\/08_elegie_pour_violoncelle_et_piano.mp3\",\"showDownloadButton\":false} -->\n<div class=\"wp-block-file\"><a id=\"wp-block-file--media-7378dbaa-84e4-4a63-9cfe-b561e6872c31\" href=\"https:\/\/www.iemj.org\/wp-content\/uploads\/2018\/10\/08_elegie_pour_violoncelle_et_piano.mp3\">Elegie pour violoncelle et piano (Extrait)<\/a><\/div>\n<!-- \/wp:file -->\n\n<!-- wp:file {\"id\":30304,\"href\":\"https:\/\/www.iemj.org\/wp-content\/uploads\/2018\/10\/09_shema_koleinou-2.mp3\",\"showDownloadButton\":false} -->\n<div class=\"wp-block-file\"><a id=\"wp-block-file--media-59cf00b0-2886-4fde-b57c-5303201c2b23\" href=\"https:\/\/www.iemj.org\/wp-content\/uploads\/2018\/10\/09_shema_koleinou-2.mp3\">Shema Koleinou (Extrait)<\/a><\/div>\n<!-- \/wp:file -->\n\n<!-- wp:file {\"id\":30306,\"href\":\"https:\/\/www.iemj.org\/wp-content\/uploads\/2018\/10\/10_lakol_zman_veet-2.mp3\",\"showDownloadButton\":false} -->\n<div class=\"wp-block-file\"><a id=\"wp-block-file--media-a95f0216-d54e-4ffc-925a-79fd8d543343\" href=\"https:\/\/www.iemj.org\/wp-content\/uploads\/2018\/10\/10_lakol_zman_veet-2.mp3\">Lakol Zman veEt (Extrait)<\/a><\/div>\n<!-- \/wp:file -->\n\n<!-- wp:file {\"id\":30308,\"href\":\"https:\/\/www.iemj.org\/wp-content\/uploads\/2018\/10\/11_vaykhoulou_hashamayim-2.mp3\",\"showDownloadButton\":false} -->\n<div class=\"wp-block-file\"><a id=\"wp-block-file--media-db7dc8c1-4684-4f5c-9b1a-3ff12a6b7c98\" href=\"https:\/\/www.iemj.org\/wp-content\/uploads\/2018\/10\/11_vaykhoulou_hashamayim-2.mp3\">Vaykhoulou haShamayim (Extrait)<\/a><\/div>\n<!-- \/wp:file -->\n\n<!-- wp:file {\"id\":30310,\"href\":\"https:\/\/www.iemj.org\/wp-content\/uploads\/2018\/10\/12_hashkiveinou-2.mp3\",\"showDownloadButton\":false} -->\n<div class=\"wp-block-file\"><a id=\"wp-block-file--media-e0eda0e2-27d6-4533-b9d4-7c473894a141\" href=\"https:\/\/www.iemj.org\/wp-content\/uploads\/2018\/10\/12_hashkiveinou-2.mp3\">Hashkiveinou (Extrait)<\/a><\/div>\n<!-- \/wp:file -->\n\n<!-- wp:file {\"id\":30312,\"href\":\"https:\/\/www.iemj.org\/wp-content\/uploads\/2020\/12\/itai_daniel_sonate1_pour_piano_1er_mvt_extrait.mp3\",\"showDownloadButton\":false} -->\n<div class=\"wp-block-file\"><a id=\"wp-block-file--media-d2821ace-81a2-4293-adb4-a760f2ef2913\" href=\"https:\/\/www.iemj.org\/wp-content\/uploads\/2020\/12\/itai_daniel_sonate1_pour_piano_1er_mvt_extrait.mp3\">Sonate pour piano (Extrait)<\/a><\/div>\n<!-- \/wp:file -->\n\n<!-- wp:file {\"id\":30314,\"href\":\"https:\/\/www.iemj.org\/wp-content\/uploads\/2020\/12\/itai_daniel_shlosha_yeladim_montage_extrait_des_3_chants.mp3\",\"showDownloadButton\":false} -->\n<div class=\"wp-block-file\"><a id=\"wp-block-file--media-10a5133c-6bb0-4925-97e6-273786e6db03\" href=\"https:\/\/www.iemj.org\/wp-content\/uploads\/2020\/12\/itai_daniel_shlosha_yeladim_montage_extrait_des_3_chants.mp3\">Shlosha yeladim (Extraits mvts 1-2-3)<\/a><\/div>\n<!-- \/wp:file --><!-- \/wp:buttons --><!-- \/wp:column -->","protected":false},"excerpt":{"rendered":"<p>Dopo la pubblicazione delle sue Dix premi\u00e8res m\u00e9lodies de Shabbat (Dieci prime melodie Shabbat), quattro per coro e pianoforte e sei per voce e pianoforte, Les \u00c9ditions de l&#8217;IEMJ sono<\/p>\n","protected":false},"author":5,"featured_media":54552,"comment_status":"closed","ping_status":"closed","sticky":false,"template":"","format":"standard","meta":{"_acf_changed":false,"footnotes":""},"categories":[1361,1397],"tags":[],"technique":[],"squelettes":[],"sujet":[],"formation":[],"genre":[],"fonds":[],"tradition":[],"type-de-contenu":[],"interprete-compositeur":[3182],"frise":[],"type-devenement":[],"tableaux-liens-externes":[],"class_list":["post-54551","post","type-post","status-publish","format-standard","has-post-thumbnail","hentry","category-pubblicazioni-it","category-spartiti-iemj-it","interprete-compositeur-itai-daniel-it-2"],"acf":[],"yoast_head":"<!-- This site is optimized with the Yoast SEO plugin v27.3 - https:\/\/yoast.com\/product\/yoast-seo-wordpress\/ -->\n<title>Kol Nidrei, Hashkivenu, Vay&#039;khulu haShamayim, Shma Koleinu, Lakol Zman v&#039;Et, El\u00e9gie per violoncello e pianoforte, Shlosha Yeladim, Sonata per pianoforte - Institut Europ\u00e9en des Musiques Juives<\/title>\n<meta name=\"robots\" content=\"index, follow, max-snippet:-1, max-image-preview:large, max-video-preview:-1\" \/>\n<link rel=\"canonical\" href=\"https:\/\/www.iemj.org\/it\/parution-de-huit-nouvelles-partitions-ditai-daniel-aux-editions-de-liemj\/\" \/>\n<meta property=\"og:locale\" content=\"it_IT\" \/>\n<meta property=\"og:type\" content=\"article\" \/>\n<meta property=\"og:title\" content=\"Kol Nidrei, Hashkivenu, Vay&#039;khulu haShamayim, Shma Koleinu, Lakol Zman v&#039;Et, El\u00e9gie per violoncello e pianoforte, Shlosha Yeladim, Sonata per pianoforte - Institut Europ\u00e9en des Musiques Juives\" \/>\n<meta property=\"og:description\" content=\"Dopo la pubblicazione delle sue Dix premi\u00e8res m\u00e9lodies de Shabbat (Dieci prime melodie Shabbat), quattro per coro e pianoforte e sei per voce e pianoforte, Les \u00c9ditions de l&#8217;IEMJ sono\" \/>\n<meta property=\"og:url\" content=\"https:\/\/www.iemj.org\/it\/parution-de-huit-nouvelles-partitions-ditai-daniel-aux-editions-de-liemj\/\" \/>\n<meta property=\"og:site_name\" content=\"Institut Europ\u00e9en des Musiques Juives\" \/>\n<meta property=\"article:publisher\" content=\"https:\/\/www.facebook.com\/MusiquesJuives\/\" \/>\n<meta property=\"article:published_time\" content=\"2020-12-14T10:51:01+00:00\" \/>\n<meta property=\"article:modified_time\" content=\"2025-08-28T13:23:39+00:00\" \/>\n<meta property=\"og:image\" content=\"https:\/\/www.iemj.org\/wp-content\/uploads\/2020\/12\/arton4940-e1626083559623.jpg\" \/>\n\t<meta property=\"og:image:width\" content=\"350\" \/>\n\t<meta property=\"og:image:height\" content=\"349\" \/>\n\t<meta property=\"og:image:type\" content=\"image\/jpeg\" \/>\n<meta name=\"author\" content=\"Jacqueline ROTEN\" \/>\n<meta name=\"twitter:card\" content=\"summary_large_image\" \/>\n<meta name=\"twitter:label1\" content=\"Scritto da\" \/>\n\t<meta name=\"twitter:data1\" content=\"Jacqueline ROTEN\" \/>\n\t<meta name=\"twitter:label2\" content=\"Tempo di lettura stimato\" \/>\n\t<meta name=\"twitter:data2\" content=\"2 minuti\" \/>\n<script type=\"application\/ld+json\" class=\"yoast-schema-graph\">{\"@context\":\"https:\\\/\\\/schema.org\",\"@graph\":[{\"@type\":\"Article\",\"@id\":\"https:\\\/\\\/www.iemj.org\\\/it\\\/parution-de-huit-nouvelles-partitions-ditai-daniel-aux-editions-de-liemj\\\/#article\",\"isPartOf\":{\"@id\":\"https:\\\/\\\/www.iemj.org\\\/it\\\/parution-de-huit-nouvelles-partitions-ditai-daniel-aux-editions-de-liemj\\\/\"},\"author\":{\"name\":\"Jacqueline ROTEN\",\"@id\":\"https:\\\/\\\/www.iemj.org\\\/it\\\/#\\\/schema\\\/person\\\/358e26c18aca017fcc4cc15437f7279c\"},\"headline\":\"Kol Nidrei, Hashkivenu, Vay&#8217;khulu haShamayim, Shma Koleinu, Lakol Zman v&#8217;Et, El\u00e9gie per violoncello e pianoforte, Shlosha Yeladim, Sonata per pianoforte\",\"datePublished\":\"2020-12-14T10:51:01+00:00\",\"dateModified\":\"2025-08-28T13:23:39+00:00\",\"mainEntityOfPage\":{\"@id\":\"https:\\\/\\\/www.iemj.org\\\/it\\\/parution-de-huit-nouvelles-partitions-ditai-daniel-aux-editions-de-liemj\\\/\"},\"wordCount\":243,\"publisher\":{\"@id\":\"https:\\\/\\\/www.iemj.org\\\/it\\\/#organization\"},\"image\":{\"@id\":\"https:\\\/\\\/www.iemj.org\\\/it\\\/parution-de-huit-nouvelles-partitions-ditai-daniel-aux-editions-de-liemj\\\/#primaryimage\"},\"thumbnailUrl\":\"https:\\\/\\\/www.iemj.org\\\/wp-content\\\/uploads\\\/2020\\\/12\\\/arton4940-e1626083559623.jpg\",\"articleSection\":[\"Pubblicazioni\",\"Spartiti IEMJ\"],\"inLanguage\":\"it-IT\"},{\"@type\":\"WebPage\",\"@id\":\"https:\\\/\\\/www.iemj.org\\\/it\\\/parution-de-huit-nouvelles-partitions-ditai-daniel-aux-editions-de-liemj\\\/\",\"url\":\"https:\\\/\\\/www.iemj.org\\\/it\\\/parution-de-huit-nouvelles-partitions-ditai-daniel-aux-editions-de-liemj\\\/\",\"name\":\"Kol Nidrei, Hashkivenu, Vay'khulu haShamayim, Shma Koleinu, Lakol Zman v'Et, El\u00e9gie per violoncello e pianoforte, Shlosha Yeladim, Sonata per pianoforte - Institut Europ\u00e9en des Musiques Juives\",\"isPartOf\":{\"@id\":\"https:\\\/\\\/www.iemj.org\\\/it\\\/#website\"},\"primaryImageOfPage\":{\"@id\":\"https:\\\/\\\/www.iemj.org\\\/it\\\/parution-de-huit-nouvelles-partitions-ditai-daniel-aux-editions-de-liemj\\\/#primaryimage\"},\"image\":{\"@id\":\"https:\\\/\\\/www.iemj.org\\\/it\\\/parution-de-huit-nouvelles-partitions-ditai-daniel-aux-editions-de-liemj\\\/#primaryimage\"},\"thumbnailUrl\":\"https:\\\/\\\/www.iemj.org\\\/wp-content\\\/uploads\\\/2020\\\/12\\\/arton4940-e1626083559623.jpg\",\"datePublished\":\"2020-12-14T10:51:01+00:00\",\"dateModified\":\"2025-08-28T13:23:39+00:00\",\"breadcrumb\":{\"@id\":\"https:\\\/\\\/www.iemj.org\\\/it\\\/parution-de-huit-nouvelles-partitions-ditai-daniel-aux-editions-de-liemj\\\/#breadcrumb\"},\"inLanguage\":\"it-IT\",\"potentialAction\":[{\"@type\":\"ReadAction\",\"target\":[\"https:\\\/\\\/www.iemj.org\\\/it\\\/parution-de-huit-nouvelles-partitions-ditai-daniel-aux-editions-de-liemj\\\/\"]}]},{\"@type\":\"ImageObject\",\"inLanguage\":\"it-IT\",\"@id\":\"https:\\\/\\\/www.iemj.org\\\/it\\\/parution-de-huit-nouvelles-partitions-ditai-daniel-aux-editions-de-liemj\\\/#primaryimage\",\"url\":\"https:\\\/\\\/www.iemj.org\\\/wp-content\\\/uploads\\\/2020\\\/12\\\/arton4940-e1626083559623.jpg\",\"contentUrl\":\"https:\\\/\\\/www.iemj.org\\\/wp-content\\\/uploads\\\/2020\\\/12\\\/arton4940-e1626083559623.jpg\",\"width\":350,\"height\":349},{\"@type\":\"BreadcrumbList\",\"@id\":\"https:\\\/\\\/www.iemj.org\\\/it\\\/parution-de-huit-nouvelles-partitions-ditai-daniel-aux-editions-de-liemj\\\/#breadcrumb\",\"itemListElement\":[{\"@type\":\"ListItem\",\"position\":1,\"name\":\"Accueil\",\"item\":\"https:\\\/\\\/www.iemj.org\\\/it\\\/\"},{\"@type\":\"ListItem\",\"position\":2,\"name\":\"Kol Nidrei, Hashkivenu, Vay&#8217;khulu haShamayim, Shma Koleinu, Lakol Zman v&#8217;Et, El\u00e9gie per violoncello e pianoforte, Shlosha Yeladim, Sonata per pianoforte\"}]},{\"@type\":\"WebSite\",\"@id\":\"https:\\\/\\\/www.iemj.org\\\/it\\\/#website\",\"url\":\"https:\\\/\\\/www.iemj.org\\\/it\\\/\",\"name\":\"Institut Europ\u00e9en des Musiques Juives\",\"description\":\"Des traditions musicales \u00e0 la port\u00e9e de tous\",\"publisher\":{\"@id\":\"https:\\\/\\\/www.iemj.org\\\/it\\\/#organization\"},\"potentialAction\":[{\"@type\":\"SearchAction\",\"target\":{\"@type\":\"EntryPoint\",\"urlTemplate\":\"https:\\\/\\\/www.iemj.org\\\/it\\\/?s={search_term_string}\"},\"query-input\":{\"@type\":\"PropertyValueSpecification\",\"valueRequired\":true,\"valueName\":\"search_term_string\"}}],\"inLanguage\":\"it-IT\"},{\"@type\":\"Organization\",\"@id\":\"https:\\\/\\\/www.iemj.org\\\/it\\\/#organization\",\"name\":\"Institut Europ\u00e9en des Musiques Juives\",\"url\":\"https:\\\/\\\/www.iemj.org\\\/it\\\/\",\"logo\":{\"@type\":\"ImageObject\",\"inLanguage\":\"it-IT\",\"@id\":\"https:\\\/\\\/www.iemj.org\\\/it\\\/#\\\/schema\\\/logo\\\/image\\\/\",\"url\":\"https:\\\/\\\/www.iemj.org\\\/wp-content\\\/uploads\\\/2021\\\/09\\\/Logo-IEMJ-Paypal.jpg\",\"contentUrl\":\"https:\\\/\\\/www.iemj.org\\\/wp-content\\\/uploads\\\/2021\\\/09\\\/Logo-IEMJ-Paypal.jpg\",\"width\":150,\"height\":50,\"caption\":\"Institut Europ\u00e9en des Musiques Juives\"},\"image\":{\"@id\":\"https:\\\/\\\/www.iemj.org\\\/it\\\/#\\\/schema\\\/logo\\\/image\\\/\"},\"sameAs\":[\"https:\\\/\\\/www.facebook.com\\\/MusiquesJuives\\\/\",\"https:\\\/\\\/www.instagram.com\\\/musiquesjuives\\\/\",\"https:\\\/\\\/www.youtube.com\\\/user\\\/musiquesjuives\"]},{\"@type\":\"Person\",\"@id\":\"https:\\\/\\\/www.iemj.org\\\/it\\\/#\\\/schema\\\/person\\\/358e26c18aca017fcc4cc15437f7279c\",\"name\":\"Jacqueline ROTEN\",\"image\":{\"@type\":\"ImageObject\",\"inLanguage\":\"it-IT\",\"@id\":\"https:\\\/\\\/secure.gravatar.com\\\/avatar\\\/5964256d6c6957de3a3505278957e0fb2a35119ac47ea41827a65301213c810b?s=96&d=mm&r=g\",\"url\":\"https:\\\/\\\/secure.gravatar.com\\\/avatar\\\/5964256d6c6957de3a3505278957e0fb2a35119ac47ea41827a65301213c810b?s=96&d=mm&r=g\",\"contentUrl\":\"https:\\\/\\\/secure.gravatar.com\\\/avatar\\\/5964256d6c6957de3a3505278957e0fb2a35119ac47ea41827a65301213c810b?s=96&d=mm&r=g\",\"caption\":\"Jacqueline ROTEN\"}}]}<\/script>\n<!-- \/ Yoast SEO plugin. -->","yoast_head_json":{"title":"Kol Nidrei, Hashkivenu, Vay'khulu haShamayim, Shma Koleinu, Lakol Zman v'Et, El\u00e9gie per violoncello e pianoforte, Shlosha Yeladim, Sonata per pianoforte - Institut Europ\u00e9en des Musiques Juives","robots":{"index":"index","follow":"follow","max-snippet":"max-snippet:-1","max-image-preview":"max-image-preview:large","max-video-preview":"max-video-preview:-1"},"canonical":"https:\/\/www.iemj.org\/it\/parution-de-huit-nouvelles-partitions-ditai-daniel-aux-editions-de-liemj\/","og_locale":"it_IT","og_type":"article","og_title":"Kol Nidrei, Hashkivenu, Vay'khulu haShamayim, Shma Koleinu, Lakol Zman v'Et, El\u00e9gie per violoncello e pianoforte, Shlosha Yeladim, Sonata per pianoforte - Institut Europ\u00e9en des Musiques Juives","og_description":"Dopo la pubblicazione delle sue Dix premi\u00e8res m\u00e9lodies de Shabbat (Dieci prime melodie Shabbat), quattro per coro e pianoforte e sei per voce e pianoforte, Les \u00c9ditions de l&#8217;IEMJ sono","og_url":"https:\/\/www.iemj.org\/it\/parution-de-huit-nouvelles-partitions-ditai-daniel-aux-editions-de-liemj\/","og_site_name":"Institut Europ\u00e9en des Musiques Juives","article_publisher":"https:\/\/www.facebook.com\/MusiquesJuives\/","article_published_time":"2020-12-14T10:51:01+00:00","article_modified_time":"2025-08-28T13:23:39+00:00","og_image":[{"width":350,"height":349,"url":"https:\/\/www.iemj.org\/wp-content\/uploads\/2020\/12\/arton4940-e1626083559623.jpg","type":"image\/jpeg"}],"author":"Jacqueline ROTEN","twitter_card":"summary_large_image","twitter_misc":{"Scritto da":"Jacqueline ROTEN","Tempo di lettura stimato":"2 minuti"},"schema":{"@context":"https:\/\/schema.org","@graph":[{"@type":"Article","@id":"https:\/\/www.iemj.org\/it\/parution-de-huit-nouvelles-partitions-ditai-daniel-aux-editions-de-liemj\/#article","isPartOf":{"@id":"https:\/\/www.iemj.org\/it\/parution-de-huit-nouvelles-partitions-ditai-daniel-aux-editions-de-liemj\/"},"author":{"name":"Jacqueline ROTEN","@id":"https:\/\/www.iemj.org\/it\/#\/schema\/person\/358e26c18aca017fcc4cc15437f7279c"},"headline":"Kol Nidrei, Hashkivenu, Vay&#8217;khulu haShamayim, Shma Koleinu, Lakol Zman v&#8217;Et, El\u00e9gie per violoncello e pianoforte, Shlosha Yeladim, Sonata per pianoforte","datePublished":"2020-12-14T10:51:01+00:00","dateModified":"2025-08-28T13:23:39+00:00","mainEntityOfPage":{"@id":"https:\/\/www.iemj.org\/it\/parution-de-huit-nouvelles-partitions-ditai-daniel-aux-editions-de-liemj\/"},"wordCount":243,"publisher":{"@id":"https:\/\/www.iemj.org\/it\/#organization"},"image":{"@id":"https:\/\/www.iemj.org\/it\/parution-de-huit-nouvelles-partitions-ditai-daniel-aux-editions-de-liemj\/#primaryimage"},"thumbnailUrl":"https:\/\/www.iemj.org\/wp-content\/uploads\/2020\/12\/arton4940-e1626083559623.jpg","articleSection":["Pubblicazioni","Spartiti IEMJ"],"inLanguage":"it-IT"},{"@type":"WebPage","@id":"https:\/\/www.iemj.org\/it\/parution-de-huit-nouvelles-partitions-ditai-daniel-aux-editions-de-liemj\/","url":"https:\/\/www.iemj.org\/it\/parution-de-huit-nouvelles-partitions-ditai-daniel-aux-editions-de-liemj\/","name":"Kol Nidrei, Hashkivenu, Vay'khulu haShamayim, Shma Koleinu, Lakol Zman v'Et, El\u00e9gie per violoncello e pianoforte, Shlosha Yeladim, Sonata per pianoforte - Institut Europ\u00e9en des Musiques Juives","isPartOf":{"@id":"https:\/\/www.iemj.org\/it\/#website"},"primaryImageOfPage":{"@id":"https:\/\/www.iemj.org\/it\/parution-de-huit-nouvelles-partitions-ditai-daniel-aux-editions-de-liemj\/#primaryimage"},"image":{"@id":"https:\/\/www.iemj.org\/it\/parution-de-huit-nouvelles-partitions-ditai-daniel-aux-editions-de-liemj\/#primaryimage"},"thumbnailUrl":"https:\/\/www.iemj.org\/wp-content\/uploads\/2020\/12\/arton4940-e1626083559623.jpg","datePublished":"2020-12-14T10:51:01+00:00","dateModified":"2025-08-28T13:23:39+00:00","breadcrumb":{"@id":"https:\/\/www.iemj.org\/it\/parution-de-huit-nouvelles-partitions-ditai-daniel-aux-editions-de-liemj\/#breadcrumb"},"inLanguage":"it-IT","potentialAction":[{"@type":"ReadAction","target":["https:\/\/www.iemj.org\/it\/parution-de-huit-nouvelles-partitions-ditai-daniel-aux-editions-de-liemj\/"]}]},{"@type":"ImageObject","inLanguage":"it-IT","@id":"https:\/\/www.iemj.org\/it\/parution-de-huit-nouvelles-partitions-ditai-daniel-aux-editions-de-liemj\/#primaryimage","url":"https:\/\/www.iemj.org\/wp-content\/uploads\/2020\/12\/arton4940-e1626083559623.jpg","contentUrl":"https:\/\/www.iemj.org\/wp-content\/uploads\/2020\/12\/arton4940-e1626083559623.jpg","width":350,"height":349},{"@type":"BreadcrumbList","@id":"https:\/\/www.iemj.org\/it\/parution-de-huit-nouvelles-partitions-ditai-daniel-aux-editions-de-liemj\/#breadcrumb","itemListElement":[{"@type":"ListItem","position":1,"name":"Accueil","item":"https:\/\/www.iemj.org\/it\/"},{"@type":"ListItem","position":2,"name":"Kol Nidrei, Hashkivenu, Vay&#8217;khulu haShamayim, Shma Koleinu, Lakol Zman v&#8217;Et, El\u00e9gie per violoncello e pianoforte, Shlosha Yeladim, Sonata per pianoforte"}]},{"@type":"WebSite","@id":"https:\/\/www.iemj.org\/it\/#website","url":"https:\/\/www.iemj.org\/it\/","name":"Institut Europ\u00e9en des Musiques Juives","description":"Des traditions musicales \u00e0 la port\u00e9e de tous","publisher":{"@id":"https:\/\/www.iemj.org\/it\/#organization"},"potentialAction":[{"@type":"SearchAction","target":{"@type":"EntryPoint","urlTemplate":"https:\/\/www.iemj.org\/it\/?s={search_term_string}"},"query-input":{"@type":"PropertyValueSpecification","valueRequired":true,"valueName":"search_term_string"}}],"inLanguage":"it-IT"},{"@type":"Organization","@id":"https:\/\/www.iemj.org\/it\/#organization","name":"Institut Europ\u00e9en des Musiques Juives","url":"https:\/\/www.iemj.org\/it\/","logo":{"@type":"ImageObject","inLanguage":"it-IT","@id":"https:\/\/www.iemj.org\/it\/#\/schema\/logo\/image\/","url":"https:\/\/www.iemj.org\/wp-content\/uploads\/2021\/09\/Logo-IEMJ-Paypal.jpg","contentUrl":"https:\/\/www.iemj.org\/wp-content\/uploads\/2021\/09\/Logo-IEMJ-Paypal.jpg","width":150,"height":50,"caption":"Institut Europ\u00e9en des Musiques Juives"},"image":{"@id":"https:\/\/www.iemj.org\/it\/#\/schema\/logo\/image\/"},"sameAs":["https:\/\/www.facebook.com\/MusiquesJuives\/","https:\/\/www.instagram.com\/musiquesjuives\/","https:\/\/www.youtube.com\/user\/musiquesjuives"]},{"@type":"Person","@id":"https:\/\/www.iemj.org\/it\/#\/schema\/person\/358e26c18aca017fcc4cc15437f7279c","name":"Jacqueline ROTEN","image":{"@type":"ImageObject","inLanguage":"it-IT","@id":"https:\/\/secure.gravatar.com\/avatar\/5964256d6c6957de3a3505278957e0fb2a35119ac47ea41827a65301213c810b?s=96&d=mm&r=g","url":"https:\/\/secure.gravatar.com\/avatar\/5964256d6c6957de3a3505278957e0fb2a35119ac47ea41827a65301213c810b?s=96&d=mm&r=g","contentUrl":"https:\/\/secure.gravatar.com\/avatar\/5964256d6c6957de3a3505278957e0fb2a35119ac47ea41827a65301213c810b?s=96&d=mm&r=g","caption":"Jacqueline ROTEN"}}]}},"_links":{"self":[{"href":"https:\/\/www.iemj.org\/it\/wp-json\/wp\/v2\/posts\/54551","targetHints":{"allow":["GET"]}}],"collection":[{"href":"https:\/\/www.iemj.org\/it\/wp-json\/wp\/v2\/posts"}],"about":[{"href":"https:\/\/www.iemj.org\/it\/wp-json\/wp\/v2\/types\/post"}],"author":[{"embeddable":true,"href":"https:\/\/www.iemj.org\/it\/wp-json\/wp\/v2\/users\/5"}],"replies":[{"embeddable":true,"href":"https:\/\/www.iemj.org\/it\/wp-json\/wp\/v2\/comments?post=54551"}],"version-history":[{"count":0,"href":"https:\/\/www.iemj.org\/it\/wp-json\/wp\/v2\/posts\/54551\/revisions"}],"wp:featuredmedia":[{"embeddable":true,"href":"https:\/\/www.iemj.org\/it\/wp-json\/wp\/v2\/media\/54552"}],"wp:attachment":[{"href":"https:\/\/www.iemj.org\/it\/wp-json\/wp\/v2\/media?parent=54551"}],"wp:term":[{"taxonomy":"category","embeddable":true,"href":"https:\/\/www.iemj.org\/it\/wp-json\/wp\/v2\/categories?post=54551"},{"taxonomy":"post_tag","embeddable":true,"href":"https:\/\/www.iemj.org\/it\/wp-json\/wp\/v2\/tags?post=54551"},{"taxonomy":"technique","embeddable":true,"href":"https:\/\/www.iemj.org\/it\/wp-json\/wp\/v2\/technique?post=54551"},{"taxonomy":"squelettes","embeddable":true,"href":"https:\/\/www.iemj.org\/it\/wp-json\/wp\/v2\/squelettes?post=54551"},{"taxonomy":"sujet","embeddable":true,"href":"https:\/\/www.iemj.org\/it\/wp-json\/wp\/v2\/sujet?post=54551"},{"taxonomy":"formation","embeddable":true,"href":"https:\/\/www.iemj.org\/it\/wp-json\/wp\/v2\/formation?post=54551"},{"taxonomy":"genre","embeddable":true,"href":"https:\/\/www.iemj.org\/it\/wp-json\/wp\/v2\/genre?post=54551"},{"taxonomy":"fonds","embeddable":true,"href":"https:\/\/www.iemj.org\/it\/wp-json\/wp\/v2\/fonds?post=54551"},{"taxonomy":"tradition","embeddable":true,"href":"https:\/\/www.iemj.org\/it\/wp-json\/wp\/v2\/tradition?post=54551"},{"taxonomy":"type-de-contenu","embeddable":true,"href":"https:\/\/www.iemj.org\/it\/wp-json\/wp\/v2\/type-de-contenu?post=54551"},{"taxonomy":"interprete-compositeur","embeddable":true,"href":"https:\/\/www.iemj.org\/it\/wp-json\/wp\/v2\/interprete-compositeur?post=54551"},{"taxonomy":"frise","embeddable":true,"href":"https:\/\/www.iemj.org\/it\/wp-json\/wp\/v2\/frise?post=54551"},{"taxonomy":"type-devenement","embeddable":true,"href":"https:\/\/www.iemj.org\/it\/wp-json\/wp\/v2\/type-devenement?post=54551"},{"taxonomy":"tableaux-liens-externes","embeddable":true,"href":"https:\/\/www.iemj.org\/it\/wp-json\/wp\/v2\/tableaux-liens-externes?post=54551"}],"curies":[{"name":"wp","href":"https:\/\/api.w.org\/{rel}","templated":true}]}}