{"id":55141,"date":"2016-09-29T10:41:40","date_gmt":"2016-09-29T08:41:40","guid":{"rendered":"https:\/\/www.iemj.org\/les-editions-de-liemj-publient-10-nouvelles-partitions\/"},"modified":"2021-07-13T14:41:48","modified_gmt":"2021-07-13T12:41:48","slug":"les-editions-de-liemj-publient-10-nouvelles-partitions","status":"publish","type":"post","link":"https:\/\/www.iemj.org\/it\/les-editions-de-liemj-publient-10-nouvelles-partitions\/","title":{"rendered":"Vieille chanson, les tranch\u00e9es, Lumi\u00e8re, Matana, Kinnor, Suite yiddish&#8230;"},"content":{"rendered":"<h3>10 nuovi spartiti di Fernand Halphen e Serge Kaufmann si aggiungono per completare il catalogo delle \u00c9dizioni dell\u2019IEMJ : da scoprire in esclusiva!<\/h3>\n<p>\u00a0<\/p>\n<p><!--more--><\/p>\n<p><strong>Due nuovi spartiti inediti<\/strong> del compositore <a href=\"https:\/\/www.iemj.org\/en\/halphen-fernand-1872-1917-2\/\" target=\"_blank\" rel=\"noopener\">Fernand Halphen<\/a> si aggiungono ai : <a href=\"https:\/\/www.iemj.org\/en\/produit\/fernand-halphen-dix-melodies-1er-recueil-printed-score\/\" target=\"_blank\" rel=\"noopener\"><em>Dix m\u00e9lodies<\/em><\/a> and\u00a0<a href=\"https:\/\/www.iemj.org\/en\/produit\/fernand-halphen-cinq-pieces-pour-piano\/\" target=\"_blank\" rel=\"noopener\"><em>Cinq pi\u00e8ces pour piano<\/em><\/a> gi\u00e0 pubblicati nelle Edizioni dell\u2019IEMJ:<\/p>\n<ul>\n<li><a href=\"https:\/\/www.iemj.org\/en\/produit\/fernand-halphen-vieille-chanson-partition-imprimee\/\" target=\"_blank\" rel=\"noopener\">Vieille chanson<\/a><\/li>\n<li><a href=\"https:\/\/www.iemj.org\/en\/produit\/fernand-halphen-les-tranchees-partition-imprimee\/\" target=\"_blank\" rel=\"noopener\">Les Tranch\u00e9es<\/a><\/li>\n<\/ul>\n<p><strong>Otto nuovi spartiti inediti<\/strong> del compositore <a href=\"https:\/\/www.iemj.org\/en\/kaufmann-serge-1930-2\/\" target=\"_blank\" rel=\"noopener\">Serge Kaufmann<\/a> si uniscono a: <a href=\"https:\/\/www.iemj.org\/en\/release-of-twenty-scores-from-serge-kaufmann-by-the-editions-de-liemj\/\" target=\"_blank\" rel=\"noopener\">20 altri spartiti di Serge Kaufman<\/a>\u00a0gi\u00e0 pubblicati dalle Edizioni dell\u2019IEMJ.<\/p>\n<p>Queste opere scritte per voce solista o coro, strumenti solisti o piccoli ensemble, sono ora disponibili in formato cartaceo o digitale <a href=\"https:\/\/www.iemj.org\/it\/boutique\/\" target=\"_blank\" rel=\"noopener\">sul sito dell\u2019IEMJ<\/a>. Per ordinarli o saperne di pi\u00f9, \u00e8 sufficiente cliccare sui nomi degli spartiti sottostanti.<\/p>\n<ul>\n<li>\u00a0<a href=\"https:\/\/www.iemj.org\/en\/produit\/serge-kaufmann-kyra-cantilene-pour-flute-et-piano-partition-imprimee\/\" target=\"_blank\" rel=\"noopener\">Kyra, cantilena per flauto e pianoforte<\/a><\/li>\n<li><a href=\"https:\/\/www.iemj.org\/en\/produit\/serge-kaufmann-matana-pour-violoncelle-seul-partition-imprimee\/\" target=\"_blank\" rel=\"noopener\">Matana per violoncello solo<\/a><\/li>\n<li><a href=\"https:\/\/www.iemj.org\/en\/produit\/serge-kaufmann-lumieres-melopee-pour-mezzo-soprano-et-alto\/\" target=\"_blank\" rel=\"noopener\">Lumi\u00e8res, Melopea per mezzo soprano e viola<\/a><\/li>\n<li><a href=\"https:\/\/www.iemj.org\/en\/produit\/serge-kaufmann-chant-concertant-pour-violon-et-orchestre-a-cordes-partition-imprimee\/\" target=\"_blank\" rel=\"noopener\">Canto concertante per violino ed orchestra d\u2019archi<\/a><\/li>\n<li><a href=\"https:\/\/www.iemj.org\/en\/produit\/serge-kaufmann-elegie-pour-orchestre-a-cordes-partition-imprimee\/\" target=\"_blank\" rel=\"noopener\">Elegia per orchestra d&#8217;archi<\/a><\/li>\n<li><a href=\"https:\/\/www.iemj.org\/en\/produit\/serge-kaufmann-kinnor-trio-pour-harpe-flute-et-alto-partition-imprimee\/\" target=\"_blank\" rel=\"noopener\">Kinnor, per arpa, flauto e viola<\/a><\/li>\n<li><a href=\"https:\/\/www.iemj.org\/en\/produit\/serge-kaufmann-selah-rhapsodie-pour-orchestre-a-cordes-partition-imprimee\/\" target=\"_blank\" rel=\"noopener\">Selah, rhapsodia per orchestra d&#8217;archi<\/a><\/li>\n<li><a href=\"https:\/\/www.iemj.org\/en\/produit\/serge-kaufmann-suite-yiddish-version-pour-violoncelle-et-orchestre-a-cordes-partition-imprimee\/\" target=\"_blank\" rel=\"noopener\">Suite yiddish, versione per violoncello ed orchestra d&#8217;archi<\/a><\/li>\n<\/ul>\n<p><img fetchpriority=\"high\" decoding=\"async\" class=\"alignleft wp-image-36940\" src=\"https:\/\/www.iemj.org\/wp-content\/uploads\/2021\/04\/Couv-partition-Elegie-Kaufmann_nv-site-300x214.jpg\" alt=\"\" width=\"371\" height=\"265\" srcset=\"https:\/\/www.iemj.org\/wp-content\/uploads\/2021\/04\/Couv-partition-Elegie-Kaufmann_nv-site-300x214.jpg 300w, https:\/\/www.iemj.org\/wp-content\/uploads\/2021\/04\/Couv-partition-Elegie-Kaufmann_nv-site-768x549.jpg 768w, https:\/\/www.iemj.org\/wp-content\/uploads\/2021\/04\/Couv-partition-Elegie-Kaufmann_nv-site-600x429.jpg 600w, https:\/\/www.iemj.org\/wp-content\/uploads\/2021\/04\/Couv-partition-Elegie-Kaufmann_nv-site.jpg 781w\" sizes=\"(max-width: 371px) 100vw, 371px\" \/>\u00a0 \u00a0 \u00a0 <img decoding=\"async\" class=\"wp-image-36942 alignright\" src=\"https:\/\/www.iemj.org\/wp-content\/uploads\/2021\/04\/Couv-partition-Les-Tranchees-Halphen_nv-site-213x300.jpg\" alt=\"\" width=\"265\" height=\"373\" srcset=\"https:\/\/www.iemj.org\/wp-content\/uploads\/2021\/04\/Couv-partition-Les-Tranchees-Halphen_nv-site-213x300.jpg 213w, https:\/\/www.iemj.org\/wp-content\/uploads\/2021\/04\/Couv-partition-Les-Tranchees-Halphen_nv-site.jpg 405w\" sizes=\"(max-width: 265px) 100vw, 265px\" \/><\/p>\n\n\n<p><\/p>\n","protected":false},"excerpt":{"rendered":"<p>10 nuovi spartiti di Fernand Halphen e Serge Kaufmann si aggiungono per completare il catalogo delle \u00c9dizioni dell\u2019IEMJ : da scoprire in esclusiva! \u00a0<\/p>\n","protected":false},"author":5,"featured_media":55142,"comment_status":"closed","ping_status":"open","sticky":false,"template":"","format":"standard","meta":{"_acf_changed":false,"footnotes":""},"categories":[1361,1397],"tags":[],"technique":[],"squelettes":[],"sujet":[],"formation":[],"genre":[],"fonds":[],"tradition":[],"type-de-contenu":[],"interprete-compositeur":[],"frise":[],"type-devenement":[],"tableaux-liens-externes":[],"class_list":["post-55141","post","type-post","status-publish","format-standard","has-post-thumbnail","hentry","category-pubblicazioni-it","category-spartiti-iemj-it"],"acf":[],"yoast_head":"<!-- This site is optimized with the Yoast SEO plugin v27.3 - https:\/\/yoast.com\/product\/yoast-seo-wordpress\/ -->\n<title>Vieille chanson, les tranch\u00e9es, Lumi\u00e8re, Matana, Kinnor, Suite yiddish... - Institut Europ\u00e9en des Musiques Juives<\/title>\n<meta name=\"robots\" content=\"index, follow, max-snippet:-1, max-image-preview:large, max-video-preview:-1\" \/>\n<link rel=\"canonical\" href=\"https:\/\/www.iemj.org\/it\/les-editions-de-liemj-publient-10-nouvelles-partitions\/\" \/>\n<meta property=\"og:locale\" content=\"it_IT\" \/>\n<meta property=\"og:type\" content=\"article\" \/>\n<meta property=\"og:title\" content=\"Vieille chanson, les tranch\u00e9es, Lumi\u00e8re, Matana, Kinnor, Suite yiddish... - Institut Europ\u00e9en des Musiques Juives\" \/>\n<meta property=\"og:description\" content=\"10 nuovi spartiti di Fernand Halphen e Serge Kaufmann si aggiungono per completare il catalogo delle \u00c9dizioni dell\u2019IEMJ : da scoprire in esclusiva! \u00a0\" \/>\n<meta property=\"og:url\" content=\"https:\/\/www.iemj.org\/it\/les-editions-de-liemj-publient-10-nouvelles-partitions\/\" \/>\n<meta property=\"og:site_name\" content=\"Institut Europ\u00e9en des Musiques Juives\" \/>\n<meta property=\"article:publisher\" content=\"https:\/\/www.facebook.com\/MusiquesJuives\/\" \/>\n<meta property=\"article:published_time\" content=\"2016-09-29T08:41:40+00:00\" \/>\n<meta property=\"article:modified_time\" content=\"2021-07-13T12:41:48+00:00\" \/>\n<meta property=\"og:image\" content=\"https:\/\/www.iemj.org\/wp-content\/uploads\/2016\/09\/arton1867.jpg\" \/>\n\t<meta property=\"og:image:width\" content=\"336\" \/>\n\t<meta property=\"og:image:height\" content=\"402\" \/>\n\t<meta property=\"og:image:type\" content=\"image\/jpeg\" \/>\n<meta name=\"author\" content=\"Jacqueline ROTEN\" \/>\n<meta name=\"twitter:card\" content=\"summary_large_image\" \/>\n<meta name=\"twitter:label1\" content=\"Scritto da\" \/>\n\t<meta name=\"twitter:data1\" content=\"Jacqueline ROTEN\" \/>\n\t<meta name=\"twitter:label2\" content=\"Tempo di lettura stimato\" \/>\n\t<meta name=\"twitter:data2\" content=\"2 minuti\" \/>\n<script type=\"application\/ld+json\" class=\"yoast-schema-graph\">{\"@context\":\"https:\\\/\\\/schema.org\",\"@graph\":[{\"@type\":\"Article\",\"@id\":\"https:\\\/\\\/www.iemj.org\\\/it\\\/les-editions-de-liemj-publient-10-nouvelles-partitions\\\/#article\",\"isPartOf\":{\"@id\":\"https:\\\/\\\/www.iemj.org\\\/it\\\/les-editions-de-liemj-publient-10-nouvelles-partitions\\\/\"},\"author\":{\"name\":\"Jacqueline ROTEN\",\"@id\":\"https:\\\/\\\/www.iemj.org\\\/it\\\/#\\\/schema\\\/person\\\/358e26c18aca017fcc4cc15437f7279c\"},\"headline\":\"Vieille chanson, les tranch\u00e9es, Lumi\u00e8re, Matana, Kinnor, Suite yiddish&#8230;\",\"datePublished\":\"2016-09-29T08:41:40+00:00\",\"dateModified\":\"2021-07-13T12:41:48+00:00\",\"mainEntityOfPage\":{\"@id\":\"https:\\\/\\\/www.iemj.org\\\/it\\\/les-editions-de-liemj-publient-10-nouvelles-partitions\\\/\"},\"wordCount\":176,\"publisher\":{\"@id\":\"https:\\\/\\\/www.iemj.org\\\/it\\\/#organization\"},\"image\":{\"@id\":\"https:\\\/\\\/www.iemj.org\\\/it\\\/les-editions-de-liemj-publient-10-nouvelles-partitions\\\/#primaryimage\"},\"thumbnailUrl\":\"https:\\\/\\\/www.iemj.org\\\/wp-content\\\/uploads\\\/2016\\\/09\\\/arton1867.jpg\",\"articleSection\":[\"Pubblicazioni\",\"Spartiti IEMJ\"],\"inLanguage\":\"it-IT\"},{\"@type\":\"WebPage\",\"@id\":\"https:\\\/\\\/www.iemj.org\\\/it\\\/les-editions-de-liemj-publient-10-nouvelles-partitions\\\/\",\"url\":\"https:\\\/\\\/www.iemj.org\\\/it\\\/les-editions-de-liemj-publient-10-nouvelles-partitions\\\/\",\"name\":\"Vieille chanson, les tranch\u00e9es, Lumi\u00e8re, Matana, Kinnor, Suite yiddish... - Institut Europ\u00e9en des Musiques Juives\",\"isPartOf\":{\"@id\":\"https:\\\/\\\/www.iemj.org\\\/it\\\/#website\"},\"primaryImageOfPage\":{\"@id\":\"https:\\\/\\\/www.iemj.org\\\/it\\\/les-editions-de-liemj-publient-10-nouvelles-partitions\\\/#primaryimage\"},\"image\":{\"@id\":\"https:\\\/\\\/www.iemj.org\\\/it\\\/les-editions-de-liemj-publient-10-nouvelles-partitions\\\/#primaryimage\"},\"thumbnailUrl\":\"https:\\\/\\\/www.iemj.org\\\/wp-content\\\/uploads\\\/2016\\\/09\\\/arton1867.jpg\",\"datePublished\":\"2016-09-29T08:41:40+00:00\",\"dateModified\":\"2021-07-13T12:41:48+00:00\",\"breadcrumb\":{\"@id\":\"https:\\\/\\\/www.iemj.org\\\/it\\\/les-editions-de-liemj-publient-10-nouvelles-partitions\\\/#breadcrumb\"},\"inLanguage\":\"it-IT\",\"potentialAction\":[{\"@type\":\"ReadAction\",\"target\":[\"https:\\\/\\\/www.iemj.org\\\/it\\\/les-editions-de-liemj-publient-10-nouvelles-partitions\\\/\"]}]},{\"@type\":\"ImageObject\",\"inLanguage\":\"it-IT\",\"@id\":\"https:\\\/\\\/www.iemj.org\\\/it\\\/les-editions-de-liemj-publient-10-nouvelles-partitions\\\/#primaryimage\",\"url\":\"https:\\\/\\\/www.iemj.org\\\/wp-content\\\/uploads\\\/2016\\\/09\\\/arton1867.jpg\",\"contentUrl\":\"https:\\\/\\\/www.iemj.org\\\/wp-content\\\/uploads\\\/2016\\\/09\\\/arton1867.jpg\",\"width\":336,\"height\":402},{\"@type\":\"BreadcrumbList\",\"@id\":\"https:\\\/\\\/www.iemj.org\\\/it\\\/les-editions-de-liemj-publient-10-nouvelles-partitions\\\/#breadcrumb\",\"itemListElement\":[{\"@type\":\"ListItem\",\"position\":1,\"name\":\"Accueil\",\"item\":\"https:\\\/\\\/www.iemj.org\\\/it\\\/\"},{\"@type\":\"ListItem\",\"position\":2,\"name\":\"Vieille chanson, les tranch\u00e9es, Lumi\u00e8re, Matana, Kinnor, Suite yiddish&#8230;\"}]},{\"@type\":\"WebSite\",\"@id\":\"https:\\\/\\\/www.iemj.org\\\/it\\\/#website\",\"url\":\"https:\\\/\\\/www.iemj.org\\\/it\\\/\",\"name\":\"Institut Europ\u00e9en des Musiques Juives\",\"description\":\"Des traditions musicales \u00e0 la port\u00e9e de tous\",\"publisher\":{\"@id\":\"https:\\\/\\\/www.iemj.org\\\/it\\\/#organization\"},\"potentialAction\":[{\"@type\":\"SearchAction\",\"target\":{\"@type\":\"EntryPoint\",\"urlTemplate\":\"https:\\\/\\\/www.iemj.org\\\/it\\\/?s={search_term_string}\"},\"query-input\":{\"@type\":\"PropertyValueSpecification\",\"valueRequired\":true,\"valueName\":\"search_term_string\"}}],\"inLanguage\":\"it-IT\"},{\"@type\":\"Organization\",\"@id\":\"https:\\\/\\\/www.iemj.org\\\/it\\\/#organization\",\"name\":\"Institut Europ\u00e9en des Musiques Juives\",\"url\":\"https:\\\/\\\/www.iemj.org\\\/it\\\/\",\"logo\":{\"@type\":\"ImageObject\",\"inLanguage\":\"it-IT\",\"@id\":\"https:\\\/\\\/www.iemj.org\\\/it\\\/#\\\/schema\\\/logo\\\/image\\\/\",\"url\":\"https:\\\/\\\/www.iemj.org\\\/wp-content\\\/uploads\\\/2021\\\/09\\\/Logo-IEMJ-Paypal.jpg\",\"contentUrl\":\"https:\\\/\\\/www.iemj.org\\\/wp-content\\\/uploads\\\/2021\\\/09\\\/Logo-IEMJ-Paypal.jpg\",\"width\":150,\"height\":50,\"caption\":\"Institut Europ\u00e9en des Musiques Juives\"},\"image\":{\"@id\":\"https:\\\/\\\/www.iemj.org\\\/it\\\/#\\\/schema\\\/logo\\\/image\\\/\"},\"sameAs\":[\"https:\\\/\\\/www.facebook.com\\\/MusiquesJuives\\\/\",\"https:\\\/\\\/www.instagram.com\\\/musiquesjuives\\\/\",\"https:\\\/\\\/www.youtube.com\\\/user\\\/musiquesjuives\"]},{\"@type\":\"Person\",\"@id\":\"https:\\\/\\\/www.iemj.org\\\/it\\\/#\\\/schema\\\/person\\\/358e26c18aca017fcc4cc15437f7279c\",\"name\":\"Jacqueline ROTEN\",\"image\":{\"@type\":\"ImageObject\",\"inLanguage\":\"it-IT\",\"@id\":\"https:\\\/\\\/secure.gravatar.com\\\/avatar\\\/5964256d6c6957de3a3505278957e0fb2a35119ac47ea41827a65301213c810b?s=96&d=mm&r=g\",\"url\":\"https:\\\/\\\/secure.gravatar.com\\\/avatar\\\/5964256d6c6957de3a3505278957e0fb2a35119ac47ea41827a65301213c810b?s=96&d=mm&r=g\",\"contentUrl\":\"https:\\\/\\\/secure.gravatar.com\\\/avatar\\\/5964256d6c6957de3a3505278957e0fb2a35119ac47ea41827a65301213c810b?s=96&d=mm&r=g\",\"caption\":\"Jacqueline ROTEN\"}}]}<\/script>\n<!-- \/ Yoast SEO plugin. -->","yoast_head_json":{"title":"Vieille chanson, les tranch\u00e9es, Lumi\u00e8re, Matana, Kinnor, Suite yiddish... - Institut Europ\u00e9en des Musiques Juives","robots":{"index":"index","follow":"follow","max-snippet":"max-snippet:-1","max-image-preview":"max-image-preview:large","max-video-preview":"max-video-preview:-1"},"canonical":"https:\/\/www.iemj.org\/it\/les-editions-de-liemj-publient-10-nouvelles-partitions\/","og_locale":"it_IT","og_type":"article","og_title":"Vieille chanson, les tranch\u00e9es, Lumi\u00e8re, Matana, Kinnor, Suite yiddish... - Institut Europ\u00e9en des Musiques Juives","og_description":"10 nuovi spartiti di Fernand Halphen e Serge Kaufmann si aggiungono per completare il catalogo delle \u00c9dizioni dell\u2019IEMJ : da scoprire in esclusiva! \u00a0","og_url":"https:\/\/www.iemj.org\/it\/les-editions-de-liemj-publient-10-nouvelles-partitions\/","og_site_name":"Institut Europ\u00e9en des Musiques Juives","article_publisher":"https:\/\/www.facebook.com\/MusiquesJuives\/","article_published_time":"2016-09-29T08:41:40+00:00","article_modified_time":"2021-07-13T12:41:48+00:00","og_image":[{"width":336,"height":402,"url":"https:\/\/www.iemj.org\/wp-content\/uploads\/2016\/09\/arton1867.jpg","type":"image\/jpeg"}],"author":"Jacqueline ROTEN","twitter_card":"summary_large_image","twitter_misc":{"Scritto da":"Jacqueline ROTEN","Tempo di lettura stimato":"2 minuti"},"schema":{"@context":"https:\/\/schema.org","@graph":[{"@type":"Article","@id":"https:\/\/www.iemj.org\/it\/les-editions-de-liemj-publient-10-nouvelles-partitions\/#article","isPartOf":{"@id":"https:\/\/www.iemj.org\/it\/les-editions-de-liemj-publient-10-nouvelles-partitions\/"},"author":{"name":"Jacqueline ROTEN","@id":"https:\/\/www.iemj.org\/it\/#\/schema\/person\/358e26c18aca017fcc4cc15437f7279c"},"headline":"Vieille chanson, les tranch\u00e9es, Lumi\u00e8re, Matana, Kinnor, Suite yiddish&#8230;","datePublished":"2016-09-29T08:41:40+00:00","dateModified":"2021-07-13T12:41:48+00:00","mainEntityOfPage":{"@id":"https:\/\/www.iemj.org\/it\/les-editions-de-liemj-publient-10-nouvelles-partitions\/"},"wordCount":176,"publisher":{"@id":"https:\/\/www.iemj.org\/it\/#organization"},"image":{"@id":"https:\/\/www.iemj.org\/it\/les-editions-de-liemj-publient-10-nouvelles-partitions\/#primaryimage"},"thumbnailUrl":"https:\/\/www.iemj.org\/wp-content\/uploads\/2016\/09\/arton1867.jpg","articleSection":["Pubblicazioni","Spartiti IEMJ"],"inLanguage":"it-IT"},{"@type":"WebPage","@id":"https:\/\/www.iemj.org\/it\/les-editions-de-liemj-publient-10-nouvelles-partitions\/","url":"https:\/\/www.iemj.org\/it\/les-editions-de-liemj-publient-10-nouvelles-partitions\/","name":"Vieille chanson, les tranch\u00e9es, Lumi\u00e8re, Matana, Kinnor, Suite yiddish... - Institut Europ\u00e9en des Musiques Juives","isPartOf":{"@id":"https:\/\/www.iemj.org\/it\/#website"},"primaryImageOfPage":{"@id":"https:\/\/www.iemj.org\/it\/les-editions-de-liemj-publient-10-nouvelles-partitions\/#primaryimage"},"image":{"@id":"https:\/\/www.iemj.org\/it\/les-editions-de-liemj-publient-10-nouvelles-partitions\/#primaryimage"},"thumbnailUrl":"https:\/\/www.iemj.org\/wp-content\/uploads\/2016\/09\/arton1867.jpg","datePublished":"2016-09-29T08:41:40+00:00","dateModified":"2021-07-13T12:41:48+00:00","breadcrumb":{"@id":"https:\/\/www.iemj.org\/it\/les-editions-de-liemj-publient-10-nouvelles-partitions\/#breadcrumb"},"inLanguage":"it-IT","potentialAction":[{"@type":"ReadAction","target":["https:\/\/www.iemj.org\/it\/les-editions-de-liemj-publient-10-nouvelles-partitions\/"]}]},{"@type":"ImageObject","inLanguage":"it-IT","@id":"https:\/\/www.iemj.org\/it\/les-editions-de-liemj-publient-10-nouvelles-partitions\/#primaryimage","url":"https:\/\/www.iemj.org\/wp-content\/uploads\/2016\/09\/arton1867.jpg","contentUrl":"https:\/\/www.iemj.org\/wp-content\/uploads\/2016\/09\/arton1867.jpg","width":336,"height":402},{"@type":"BreadcrumbList","@id":"https:\/\/www.iemj.org\/it\/les-editions-de-liemj-publient-10-nouvelles-partitions\/#breadcrumb","itemListElement":[{"@type":"ListItem","position":1,"name":"Accueil","item":"https:\/\/www.iemj.org\/it\/"},{"@type":"ListItem","position":2,"name":"Vieille chanson, les tranch\u00e9es, Lumi\u00e8re, Matana, Kinnor, Suite yiddish&#8230;"}]},{"@type":"WebSite","@id":"https:\/\/www.iemj.org\/it\/#website","url":"https:\/\/www.iemj.org\/it\/","name":"Institut Europ\u00e9en des Musiques Juives","description":"Des traditions musicales \u00e0 la port\u00e9e de tous","publisher":{"@id":"https:\/\/www.iemj.org\/it\/#organization"},"potentialAction":[{"@type":"SearchAction","target":{"@type":"EntryPoint","urlTemplate":"https:\/\/www.iemj.org\/it\/?s={search_term_string}"},"query-input":{"@type":"PropertyValueSpecification","valueRequired":true,"valueName":"search_term_string"}}],"inLanguage":"it-IT"},{"@type":"Organization","@id":"https:\/\/www.iemj.org\/it\/#organization","name":"Institut Europ\u00e9en des Musiques Juives","url":"https:\/\/www.iemj.org\/it\/","logo":{"@type":"ImageObject","inLanguage":"it-IT","@id":"https:\/\/www.iemj.org\/it\/#\/schema\/logo\/image\/","url":"https:\/\/www.iemj.org\/wp-content\/uploads\/2021\/09\/Logo-IEMJ-Paypal.jpg","contentUrl":"https:\/\/www.iemj.org\/wp-content\/uploads\/2021\/09\/Logo-IEMJ-Paypal.jpg","width":150,"height":50,"caption":"Institut Europ\u00e9en des Musiques Juives"},"image":{"@id":"https:\/\/www.iemj.org\/it\/#\/schema\/logo\/image\/"},"sameAs":["https:\/\/www.facebook.com\/MusiquesJuives\/","https:\/\/www.instagram.com\/musiquesjuives\/","https:\/\/www.youtube.com\/user\/musiquesjuives"]},{"@type":"Person","@id":"https:\/\/www.iemj.org\/it\/#\/schema\/person\/358e26c18aca017fcc4cc15437f7279c","name":"Jacqueline ROTEN","image":{"@type":"ImageObject","inLanguage":"it-IT","@id":"https:\/\/secure.gravatar.com\/avatar\/5964256d6c6957de3a3505278957e0fb2a35119ac47ea41827a65301213c810b?s=96&d=mm&r=g","url":"https:\/\/secure.gravatar.com\/avatar\/5964256d6c6957de3a3505278957e0fb2a35119ac47ea41827a65301213c810b?s=96&d=mm&r=g","contentUrl":"https:\/\/secure.gravatar.com\/avatar\/5964256d6c6957de3a3505278957e0fb2a35119ac47ea41827a65301213c810b?s=96&d=mm&r=g","caption":"Jacqueline ROTEN"}}]}},"_links":{"self":[{"href":"https:\/\/www.iemj.org\/it\/wp-json\/wp\/v2\/posts\/55141","targetHints":{"allow":["GET"]}}],"collection":[{"href":"https:\/\/www.iemj.org\/it\/wp-json\/wp\/v2\/posts"}],"about":[{"href":"https:\/\/www.iemj.org\/it\/wp-json\/wp\/v2\/types\/post"}],"author":[{"embeddable":true,"href":"https:\/\/www.iemj.org\/it\/wp-json\/wp\/v2\/users\/5"}],"replies":[{"embeddable":true,"href":"https:\/\/www.iemj.org\/it\/wp-json\/wp\/v2\/comments?post=55141"}],"version-history":[{"count":0,"href":"https:\/\/www.iemj.org\/it\/wp-json\/wp\/v2\/posts\/55141\/revisions"}],"wp:featuredmedia":[{"embeddable":true,"href":"https:\/\/www.iemj.org\/it\/wp-json\/wp\/v2\/media\/55142"}],"wp:attachment":[{"href":"https:\/\/www.iemj.org\/it\/wp-json\/wp\/v2\/media?parent=55141"}],"wp:term":[{"taxonomy":"category","embeddable":true,"href":"https:\/\/www.iemj.org\/it\/wp-json\/wp\/v2\/categories?post=55141"},{"taxonomy":"post_tag","embeddable":true,"href":"https:\/\/www.iemj.org\/it\/wp-json\/wp\/v2\/tags?post=55141"},{"taxonomy":"technique","embeddable":true,"href":"https:\/\/www.iemj.org\/it\/wp-json\/wp\/v2\/technique?post=55141"},{"taxonomy":"squelettes","embeddable":true,"href":"https:\/\/www.iemj.org\/it\/wp-json\/wp\/v2\/squelettes?post=55141"},{"taxonomy":"sujet","embeddable":true,"href":"https:\/\/www.iemj.org\/it\/wp-json\/wp\/v2\/sujet?post=55141"},{"taxonomy":"formation","embeddable":true,"href":"https:\/\/www.iemj.org\/it\/wp-json\/wp\/v2\/formation?post=55141"},{"taxonomy":"genre","embeddable":true,"href":"https:\/\/www.iemj.org\/it\/wp-json\/wp\/v2\/genre?post=55141"},{"taxonomy":"fonds","embeddable":true,"href":"https:\/\/www.iemj.org\/it\/wp-json\/wp\/v2\/fonds?post=55141"},{"taxonomy":"tradition","embeddable":true,"href":"https:\/\/www.iemj.org\/it\/wp-json\/wp\/v2\/tradition?post=55141"},{"taxonomy":"type-de-contenu","embeddable":true,"href":"https:\/\/www.iemj.org\/it\/wp-json\/wp\/v2\/type-de-contenu?post=55141"},{"taxonomy":"interprete-compositeur","embeddable":true,"href":"https:\/\/www.iemj.org\/it\/wp-json\/wp\/v2\/interprete-compositeur?post=55141"},{"taxonomy":"frise","embeddable":true,"href":"https:\/\/www.iemj.org\/it\/wp-json\/wp\/v2\/frise?post=55141"},{"taxonomy":"type-devenement","embeddable":true,"href":"https:\/\/www.iemj.org\/it\/wp-json\/wp\/v2\/type-devenement?post=55141"},{"taxonomy":"tableaux-liens-externes","embeddable":true,"href":"https:\/\/www.iemj.org\/it\/wp-json\/wp\/v2\/tableaux-liens-externes?post=55141"}],"curies":[{"name":"wp","href":"https:\/\/api.w.org\/{rel}","templated":true}]}}