{"id":55421,"date":"2017-05-18T11:27:56","date_gmt":"2017-05-18T09:27:56","guid":{"rendered":"https:\/\/www.iemj.org\/becache-jean-1911-1985\/"},"modified":"2021-07-15T12:28:22","modified_gmt":"2021-07-15T10:28:22","slug":"becache-jean-1911-1985","status":"publish","type":"post","link":"https:\/\/www.iemj.org\/it\/becache-jean-1911-1985\/","title":{"rendered":"B\u00e9cache, Jean (1911-1985)"},"content":{"rendered":"<h4>\u00a0<\/h4>\n<p><!--more--><\/p>\n<h4>La dinastia B\u00e9cache\u00a0: da rabbino a musicista<\/h4>\n<p>Il nonno di Jean B\u00e9cache, Shalom B\u00e9cache, \u00e8 nato a Bombay nel 1848. Era originario di Bagdad e parlava l&#8217;arabo iracheno. Durante un pellegrinaggio a Safed, si innamor\u00f2 follemente di una giovane donna algerina e la segu\u00ec in Algeria, dove divenne rabbino della sinagoga Ben Thoa, la pi\u00f9 piccola sinagoga di Algeri, dove si cantavano melodie algerine ed irachene. Shalom B\u00e9cache ha anche fondato una tipografia ebraica ad Algeri (in particolare ha curato dei libri di Jules Verne tradotti in ebraico) e ha contribuito a dei periodici ebraici. A livello culinario, ha importato ricette irachene in Algeria, incluso il modo molto personale della famiglia B\u00e9cache di preparare il <em>harosset <\/em>(1) con il miele di datteri.<\/p>\n<p>Ben Sion B\u00e9cache, il figlio maggiore di Shalom B\u00e9cache, era professore (<em>agr\u00e9g\u00e9<\/em>) in lingue orientali e parlava l&#8217;arabo<img fetchpriority=\"high\" decoding=\"async\" class=\" alignright  wp-image-55481\" src=\"https:\/\/www.iemj.org\/wp-content\/uploads\/2017\/05\/bekache002.jpg\" alt=\"bekache002.jpg\" width=\"290\" height=\"320\" align=\"right\" srcset=\"https:\/\/www.iemj.org\/wp-content\/uploads\/2017\/05\/bekache002.jpg 362w, https:\/\/www.iemj.org\/wp-content\/uploads\/2017\/05\/bekache002-272x300.jpg 272w\" sizes=\"(max-width: 290px) 100vw, 290px\" \/> classico e dialettale, l&#8217;ebraico, l&#8217;aramaico ed il siriaco. Durante la guerra del 1914 fu ufficiale di marina, effettu\u00f2 lo sbarco dei Dardanelli e and\u00f2 a Salonicco.<br \/>Ben Sion B\u00e9cache ebbe 5 figli: Jean (Charles), medico e musicista, nato il 28 giugno 1911, ha ricevuto diversi premi al conservatorio di Algeri in contrabbasso, violoncello, composizione ed armonia; Elys\u00e9e, suo fratello, anche lui medico, ha ricevuto un 1\u00b0 premio di violino; un altro fratello, Ary, suonava il violino ed era psichiatra; Mathieu suonava l&#8217;oboe, il corno inglese ed era giudice; infine Mireille era pianista e farmacista.<\/p>\n<h4>La 2a guerra mondiale<\/h4>\n<p style=\"margin-bottom: .0001pt; text-align: justify; background: white;\"><span style=\"font-size: 11.0pt; font-family: 'Arial',sans-serif; color: black;\">Nel 1935-36 Jean B\u00e9cache lascia l&#8217;Algeria e si stabilisce in Francia. Suo figlio, Pierre Ben Sion B\u00e9cache, nasce il 14 giugno 1938 a Livry Gargan (93).<\/span><\/p>\n<p style=\"margin: 0cm; margin-bottom: .0001pt; text-align: justify; background: white;\"><span style=\"font-size: 11.0pt; font-family: 'Arial',sans-serif; color: black;\">Alla vigilia della guerra nel 1939, Jean B\u00e9cache \u00e8 richiamato alle armi come medico della Gardia mobile a Drancy. Consapevole del pericolo, manda la moglie e il figlio ad Algeri, dove Pierre cresce dal 1939 al 1945. Nel 1940, Jean, che non si era fatto registrare come ebreo dalle autorit\u00e0, continua il suo lavoro di medico della Guardia mobile. nonostante l&#8217;occupazione e le prime misure antisemite (2).<\/span><\/p>\n<p style=\"margin: 0cm; margin-bottom: .0001pt; text-align: justify; background: white;\"><span style=\"font-size: 11.0pt; font-family: 'Arial',sans-serif; color: black;\">Qualche tempo dopo, \u00e8 convocato nell&#8217;ufficio del suo colonnello dove si trova anche un ufficiale delle SS. Il colonnello gli chiede se \u00e8 ebreo. Jean B\u00e9cache risponde negativamente. Ma non appena finito il colloquio, fugge in bicicletta a Moulins, attraversa la linea di demarcazione, prende un treno per Marsiglia, e poi una nave per Algeri. Va alla gendarmeria di Algeri, sostenendo di essere un prigioniero evaso. Nonostante ci\u00f2, \u00e8 arrestato a casa sua poco dopo e internato nel carcere di Barbarossa, con un falso motivo, dalla gendarmeria francese che lo accusa di aborto, pratica all&#8217;epoca severamente vietata. Durante la sua permanenza di 3 o 4 mesi in prigione (sar\u00e0 finalmente rilasciato, la sua cartella \u00e8 vuota), incontra ebrei e comunisti e aderisce al loro movimento di resistenza. Nella notte tra il 7 e l&#8217;8 novembre 1942, Jean neutralizza la Grande Posta, al fine di facilitare lo sbarco degli alleati che riconquistano Algeri senza sferrare un colpo.<\/span><\/p>\n<p><img decoding=\"async\" class=\" alignleft  wp-image-14176\" src=\"https:\/\/www.iemj.org\/wp-content\/uploads\/2017\/05\/carte_id_becache.jpg\" alt=\"carte_id_becache.jpg\" width=\"375\" height=\"251\" align=\"left\" srcset=\"https:\/\/www.iemj.org\/wp-content\/uploads\/2017\/05\/carte_id_becache.jpg 400w, https:\/\/www.iemj.org\/wp-content\/uploads\/2017\/05\/carte_id_becache-300x201.jpg 300w\" sizes=\"(max-width: 375px) 100vw, 375px\" \/>Combatte poi in Tunisia, partecipa allo sbarco in Sicilia, alla campagna d&#8217;Italia (in particolare con la battaglia di Monte Cassino), allo sbarco in Provenza, ed infine alla campagna di Francia.<\/p>\n<p>Jean B\u00e9cache avr\u00e0 trascorso un totale di 3 anni sul fronte come comandante di ambulanza.<\/p>\n<p>La sua famiglia torna in Francia dopo l&#8217;8 novembre 1945.<\/p>\n<h4>Jean B\u00e9cache, compositore, trascrittore e musicista<\/h4>\n<p>In Algeria, Jean B\u00e9cache ha studiato musica. Titolare di diversi premi di conservatorio, ha suonato anche nei caff\u00e8 e ha trascritto molte arie liturgiche di rito algerino, oltre a dei <em>piyyoutim<\/em> (poesie religiose). Durante la guerra ha continuato a scrivere musica, soprattutto nei periodi di licenza, ed a comporre melodie basate sulla musica arabo-andalusa. Come comandante d&#8217;ambulanza, faceva cantare melodie arabo-andaluse alle due infermiere ed all&#8217;autista arabi che lo accompagnavano e che trascriveva in spartiti musicali.\u00a0<br \/>Dopo la guerra, Jean B\u00e9cache ha pubblicato una serie di spartiti, composizioni, suite orchestrali di musica arabo-andalusa e trascrizioni liturgiche. Infine, \u00e8 stato membro dell&#8217;orchestra del 13 \u00b0 arrondissement di Parigi e direttore dell&#8217;orchestra municipale di Aulnay-sous-Bois.<br \/>Jean B\u00e9cache \u00e8 morto il 19 dicembre 1985 ad Alfortville. \u00c8 sepolto nella sezione israelita del cimitero di Pantin.<\/p>\n<hr \/>\n<p><em>(1) Il harosset \u00e8 un insieme di frutti macinati che viene utilizzato la sera del Seder pasquale. Ricorda la malta, che gli schiavi ebrei usavano in Egitto per realizzare i mattoni necessari alla costruzione.<\/em><br \/><em>(2) \u00a0differenza della maggioranza degli ebrei algerini che avevano ottenuto la cittadinanza francese in virt\u00f9 del decreto Cr\u00e9mieux nel 1870, Shalom B\u00e9cache, che era un suddito inglese, aveva ottenuto la naturalizzazione francese al suo arrivo ad Algeri. Di conseguenza, la sua famiglia rimase francese nonostante l&#8217;abrogazione del decreto Cr\u00e9mieux l&#8217;8 ottobre 1940.<\/em><\/p>\n<p><a href=\"https:\/\/www.iemj.org\/wp-content\/uploads\/2017\/05\/becache_jean_bio_complete_de_pierre_becache.pdf\" target=\"_blank\" rel=\"noopener\">Consultare la biobiografia completa di Jean B\u00e9cache effettuata da suo figlio Pierre B\u00e9cache<\/a><\/p>\n<p><a href=\"https:\/\/www.iemj.org\/it\/fonds-becache\/\" target=\"_blank\" rel=\"noopener\">Consultare il descrittivo del fondo B\u00e9cache<\/a><\/p>\n<p><a href=\"http:\/\/www.rachelnet.net\/F\/EV9QI4UCRUGTMEIBCAGTC1INY8K5SM4DY1DCHGEYKM5EY122S7-11672?func=find-c&amp;ccl_term=WHOL+%3D+B%C3%A9cache&amp;local_base=iemcg\" target=\"_blank\" rel=\"noopener\">Consultare i nostri achivi su Jean Becache<\/a><\/p>\n\n\n<p><\/p>\n","protected":false},"excerpt":{"rendered":"<p>\u00a0<\/p>\n","protected":false},"author":1048,"featured_media":51491,"comment_status":"closed","ping_status":"open","sticky":false,"template":"","format":"standard","meta":{"_acf_changed":false,"footnotes":""},"categories":[1416],"tags":[],"technique":[],"squelettes":[],"sujet":[],"formation":[],"genre":[1916],"fonds":[],"tradition":[],"type-de-contenu":[],"interprete-compositeur":[],"frise":[],"type-devenement":[],"tableaux-liens-externes":[],"class_list":["post-55421","post","type-post","status-publish","format-standard","has-post-thumbnail","hentry","category-biografie-it","genre-oriental-it"],"acf":[],"yoast_head":"<!-- This site is optimized with the Yoast SEO plugin v27.3 - https:\/\/yoast.com\/product\/yoast-seo-wordpress\/ -->\n<title>B\u00e9cache, Jean (1911-1985) - Institut Europ\u00e9en des Musiques Juives<\/title>\n<meta name=\"robots\" content=\"index, follow, max-snippet:-1, max-image-preview:large, max-video-preview:-1\" \/>\n<link rel=\"canonical\" href=\"https:\/\/www.iemj.org\/it\/becache-jean-1911-1985\/\" \/>\n<meta property=\"og:locale\" content=\"it_IT\" \/>\n<meta property=\"og:type\" content=\"article\" \/>\n<meta property=\"og:title\" content=\"B\u00e9cache, Jean (1911-1985) - Institut Europ\u00e9en des Musiques Juives\" \/>\n<meta property=\"og:description\" content=\"\u00a0\" \/>\n<meta property=\"og:url\" content=\"https:\/\/www.iemj.org\/it\/becache-jean-1911-1985\/\" \/>\n<meta property=\"og:site_name\" content=\"Institut Europ\u00e9en des Musiques Juives\" \/>\n<meta property=\"article:publisher\" content=\"https:\/\/www.facebook.com\/MusiquesJuives\/\" \/>\n<meta property=\"article:published_time\" content=\"2017-05-18T09:27:56+00:00\" \/>\n<meta property=\"article:modified_time\" content=\"2021-07-15T10:28:22+00:00\" \/>\n<meta property=\"og:image\" content=\"https:\/\/www.iemj.org\/wp-content\/uploads\/2017\/05\/arton2316-e1624968335919.jpg\" \/>\n\t<meta property=\"og:image:width\" content=\"189\" \/>\n\t<meta property=\"og:image:height\" content=\"218\" \/>\n\t<meta property=\"og:image:type\" content=\"image\/jpeg\" \/>\n<meta name=\"author\" content=\"Jean-Gabriel Davis\" \/>\n<meta name=\"twitter:card\" content=\"summary_large_image\" \/>\n<meta name=\"twitter:label1\" content=\"Scritto da\" \/>\n\t<meta name=\"twitter:data1\" content=\"Jean-Gabriel Davis\" \/>\n\t<meta name=\"twitter:label2\" content=\"Tempo di lettura stimato\" \/>\n\t<meta name=\"twitter:data2\" content=\"4 minuti\" \/>\n<script type=\"application\/ld+json\" class=\"yoast-schema-graph\">{\"@context\":\"https:\\\/\\\/schema.org\",\"@graph\":[{\"@type\":\"Article\",\"@id\":\"https:\\\/\\\/www.iemj.org\\\/it\\\/becache-jean-1911-1985\\\/#article\",\"isPartOf\":{\"@id\":\"https:\\\/\\\/www.iemj.org\\\/it\\\/becache-jean-1911-1985\\\/\"},\"author\":{\"name\":\"Jean-Gabriel Davis\",\"@id\":\"https:\\\/\\\/www.iemj.org\\\/it\\\/#\\\/schema\\\/person\\\/c9bc1c386a3749579a2d675e72a18666\"},\"headline\":\"B\u00e9cache, Jean (1911-1985)\",\"datePublished\":\"2017-05-18T09:27:56+00:00\",\"dateModified\":\"2021-07-15T10:28:22+00:00\",\"mainEntityOfPage\":{\"@id\":\"https:\\\/\\\/www.iemj.org\\\/it\\\/becache-jean-1911-1985\\\/\"},\"wordCount\":797,\"publisher\":{\"@id\":\"https:\\\/\\\/www.iemj.org\\\/it\\\/#organization\"},\"image\":{\"@id\":\"https:\\\/\\\/www.iemj.org\\\/it\\\/becache-jean-1911-1985\\\/#primaryimage\"},\"thumbnailUrl\":\"https:\\\/\\\/www.iemj.org\\\/wp-content\\\/uploads\\\/2017\\\/05\\\/arton2316-e1624968335919.jpg\",\"articleSection\":[\"Biografie\"],\"inLanguage\":\"it-IT\"},{\"@type\":\"WebPage\",\"@id\":\"https:\\\/\\\/www.iemj.org\\\/it\\\/becache-jean-1911-1985\\\/\",\"url\":\"https:\\\/\\\/www.iemj.org\\\/it\\\/becache-jean-1911-1985\\\/\",\"name\":\"B\u00e9cache, Jean (1911-1985) - Institut Europ\u00e9en des Musiques Juives\",\"isPartOf\":{\"@id\":\"https:\\\/\\\/www.iemj.org\\\/it\\\/#website\"},\"primaryImageOfPage\":{\"@id\":\"https:\\\/\\\/www.iemj.org\\\/it\\\/becache-jean-1911-1985\\\/#primaryimage\"},\"image\":{\"@id\":\"https:\\\/\\\/www.iemj.org\\\/it\\\/becache-jean-1911-1985\\\/#primaryimage\"},\"thumbnailUrl\":\"https:\\\/\\\/www.iemj.org\\\/wp-content\\\/uploads\\\/2017\\\/05\\\/arton2316-e1624968335919.jpg\",\"datePublished\":\"2017-05-18T09:27:56+00:00\",\"dateModified\":\"2021-07-15T10:28:22+00:00\",\"breadcrumb\":{\"@id\":\"https:\\\/\\\/www.iemj.org\\\/it\\\/becache-jean-1911-1985\\\/#breadcrumb\"},\"inLanguage\":\"it-IT\",\"potentialAction\":[{\"@type\":\"ReadAction\",\"target\":[\"https:\\\/\\\/www.iemj.org\\\/it\\\/becache-jean-1911-1985\\\/\"]}]},{\"@type\":\"ImageObject\",\"inLanguage\":\"it-IT\",\"@id\":\"https:\\\/\\\/www.iemj.org\\\/it\\\/becache-jean-1911-1985\\\/#primaryimage\",\"url\":\"https:\\\/\\\/www.iemj.org\\\/wp-content\\\/uploads\\\/2017\\\/05\\\/arton2316-e1624968335919.jpg\",\"contentUrl\":\"https:\\\/\\\/www.iemj.org\\\/wp-content\\\/uploads\\\/2017\\\/05\\\/arton2316-e1624968335919.jpg\",\"width\":189,\"height\":218},{\"@type\":\"BreadcrumbList\",\"@id\":\"https:\\\/\\\/www.iemj.org\\\/it\\\/becache-jean-1911-1985\\\/#breadcrumb\",\"itemListElement\":[{\"@type\":\"ListItem\",\"position\":1,\"name\":\"Accueil\",\"item\":\"https:\\\/\\\/www.iemj.org\\\/it\\\/\"},{\"@type\":\"ListItem\",\"position\":2,\"name\":\"B\u00e9cache, Jean (1911-1985)\"}]},{\"@type\":\"WebSite\",\"@id\":\"https:\\\/\\\/www.iemj.org\\\/it\\\/#website\",\"url\":\"https:\\\/\\\/www.iemj.org\\\/it\\\/\",\"name\":\"Institut Europ\u00e9en des Musiques Juives\",\"description\":\"Des traditions musicales \u00e0 la port\u00e9e de tous\",\"publisher\":{\"@id\":\"https:\\\/\\\/www.iemj.org\\\/it\\\/#organization\"},\"potentialAction\":[{\"@type\":\"SearchAction\",\"target\":{\"@type\":\"EntryPoint\",\"urlTemplate\":\"https:\\\/\\\/www.iemj.org\\\/it\\\/?s={search_term_string}\"},\"query-input\":{\"@type\":\"PropertyValueSpecification\",\"valueRequired\":true,\"valueName\":\"search_term_string\"}}],\"inLanguage\":\"it-IT\"},{\"@type\":\"Organization\",\"@id\":\"https:\\\/\\\/www.iemj.org\\\/it\\\/#organization\",\"name\":\"Institut Europ\u00e9en des Musiques Juives\",\"url\":\"https:\\\/\\\/www.iemj.org\\\/it\\\/\",\"logo\":{\"@type\":\"ImageObject\",\"inLanguage\":\"it-IT\",\"@id\":\"https:\\\/\\\/www.iemj.org\\\/it\\\/#\\\/schema\\\/logo\\\/image\\\/\",\"url\":\"https:\\\/\\\/www.iemj.org\\\/wp-content\\\/uploads\\\/2021\\\/09\\\/Logo-IEMJ-Paypal.jpg\",\"contentUrl\":\"https:\\\/\\\/www.iemj.org\\\/wp-content\\\/uploads\\\/2021\\\/09\\\/Logo-IEMJ-Paypal.jpg\",\"width\":150,\"height\":50,\"caption\":\"Institut Europ\u00e9en des Musiques Juives\"},\"image\":{\"@id\":\"https:\\\/\\\/www.iemj.org\\\/it\\\/#\\\/schema\\\/logo\\\/image\\\/\"},\"sameAs\":[\"https:\\\/\\\/www.facebook.com\\\/MusiquesJuives\\\/\",\"https:\\\/\\\/www.instagram.com\\\/musiquesjuives\\\/\",\"https:\\\/\\\/www.youtube.com\\\/user\\\/musiquesjuives\"]},{\"@type\":\"Person\",\"@id\":\"https:\\\/\\\/www.iemj.org\\\/it\\\/#\\\/schema\\\/person\\\/c9bc1c386a3749579a2d675e72a18666\",\"name\":\"Jean-Gabriel Davis\",\"image\":{\"@type\":\"ImageObject\",\"inLanguage\":\"it-IT\",\"@id\":\"https:\\\/\\\/secure.gravatar.com\\\/avatar\\\/2b90d67bdf392c9b3a21fab87c0fa7edaf1fb3a058172a1ffd61033fcec7aec1?s=96&d=mm&r=g\",\"url\":\"https:\\\/\\\/secure.gravatar.com\\\/avatar\\\/2b90d67bdf392c9b3a21fab87c0fa7edaf1fb3a058172a1ffd61033fcec7aec1?s=96&d=mm&r=g\",\"contentUrl\":\"https:\\\/\\\/secure.gravatar.com\\\/avatar\\\/2b90d67bdf392c9b3a21fab87c0fa7edaf1fb3a058172a1ffd61033fcec7aec1?s=96&d=mm&r=g\",\"caption\":\"Jean-Gabriel Davis\"}}]}<\/script>\n<!-- \/ Yoast SEO plugin. -->","yoast_head_json":{"title":"B\u00e9cache, Jean (1911-1985) - Institut Europ\u00e9en des Musiques Juives","robots":{"index":"index","follow":"follow","max-snippet":"max-snippet:-1","max-image-preview":"max-image-preview:large","max-video-preview":"max-video-preview:-1"},"canonical":"https:\/\/www.iemj.org\/it\/becache-jean-1911-1985\/","og_locale":"it_IT","og_type":"article","og_title":"B\u00e9cache, Jean (1911-1985) - Institut Europ\u00e9en des Musiques Juives","og_description":"\u00a0","og_url":"https:\/\/www.iemj.org\/it\/becache-jean-1911-1985\/","og_site_name":"Institut Europ\u00e9en des Musiques Juives","article_publisher":"https:\/\/www.facebook.com\/MusiquesJuives\/","article_published_time":"2017-05-18T09:27:56+00:00","article_modified_time":"2021-07-15T10:28:22+00:00","og_image":[{"width":189,"height":218,"url":"https:\/\/www.iemj.org\/wp-content\/uploads\/2017\/05\/arton2316-e1624968335919.jpg","type":"image\/jpeg"}],"author":"Jean-Gabriel Davis","twitter_card":"summary_large_image","twitter_misc":{"Scritto da":"Jean-Gabriel Davis","Tempo di lettura stimato":"4 minuti"},"schema":{"@context":"https:\/\/schema.org","@graph":[{"@type":"Article","@id":"https:\/\/www.iemj.org\/it\/becache-jean-1911-1985\/#article","isPartOf":{"@id":"https:\/\/www.iemj.org\/it\/becache-jean-1911-1985\/"},"author":{"name":"Jean-Gabriel Davis","@id":"https:\/\/www.iemj.org\/it\/#\/schema\/person\/c9bc1c386a3749579a2d675e72a18666"},"headline":"B\u00e9cache, Jean (1911-1985)","datePublished":"2017-05-18T09:27:56+00:00","dateModified":"2021-07-15T10:28:22+00:00","mainEntityOfPage":{"@id":"https:\/\/www.iemj.org\/it\/becache-jean-1911-1985\/"},"wordCount":797,"publisher":{"@id":"https:\/\/www.iemj.org\/it\/#organization"},"image":{"@id":"https:\/\/www.iemj.org\/it\/becache-jean-1911-1985\/#primaryimage"},"thumbnailUrl":"https:\/\/www.iemj.org\/wp-content\/uploads\/2017\/05\/arton2316-e1624968335919.jpg","articleSection":["Biografie"],"inLanguage":"it-IT"},{"@type":"WebPage","@id":"https:\/\/www.iemj.org\/it\/becache-jean-1911-1985\/","url":"https:\/\/www.iemj.org\/it\/becache-jean-1911-1985\/","name":"B\u00e9cache, Jean (1911-1985) - Institut Europ\u00e9en des Musiques Juives","isPartOf":{"@id":"https:\/\/www.iemj.org\/it\/#website"},"primaryImageOfPage":{"@id":"https:\/\/www.iemj.org\/it\/becache-jean-1911-1985\/#primaryimage"},"image":{"@id":"https:\/\/www.iemj.org\/it\/becache-jean-1911-1985\/#primaryimage"},"thumbnailUrl":"https:\/\/www.iemj.org\/wp-content\/uploads\/2017\/05\/arton2316-e1624968335919.jpg","datePublished":"2017-05-18T09:27:56+00:00","dateModified":"2021-07-15T10:28:22+00:00","breadcrumb":{"@id":"https:\/\/www.iemj.org\/it\/becache-jean-1911-1985\/#breadcrumb"},"inLanguage":"it-IT","potentialAction":[{"@type":"ReadAction","target":["https:\/\/www.iemj.org\/it\/becache-jean-1911-1985\/"]}]},{"@type":"ImageObject","inLanguage":"it-IT","@id":"https:\/\/www.iemj.org\/it\/becache-jean-1911-1985\/#primaryimage","url":"https:\/\/www.iemj.org\/wp-content\/uploads\/2017\/05\/arton2316-e1624968335919.jpg","contentUrl":"https:\/\/www.iemj.org\/wp-content\/uploads\/2017\/05\/arton2316-e1624968335919.jpg","width":189,"height":218},{"@type":"BreadcrumbList","@id":"https:\/\/www.iemj.org\/it\/becache-jean-1911-1985\/#breadcrumb","itemListElement":[{"@type":"ListItem","position":1,"name":"Accueil","item":"https:\/\/www.iemj.org\/it\/"},{"@type":"ListItem","position":2,"name":"B\u00e9cache, Jean (1911-1985)"}]},{"@type":"WebSite","@id":"https:\/\/www.iemj.org\/it\/#website","url":"https:\/\/www.iemj.org\/it\/","name":"Institut Europ\u00e9en des Musiques Juives","description":"Des traditions musicales \u00e0 la port\u00e9e de tous","publisher":{"@id":"https:\/\/www.iemj.org\/it\/#organization"},"potentialAction":[{"@type":"SearchAction","target":{"@type":"EntryPoint","urlTemplate":"https:\/\/www.iemj.org\/it\/?s={search_term_string}"},"query-input":{"@type":"PropertyValueSpecification","valueRequired":true,"valueName":"search_term_string"}}],"inLanguage":"it-IT"},{"@type":"Organization","@id":"https:\/\/www.iemj.org\/it\/#organization","name":"Institut Europ\u00e9en des Musiques Juives","url":"https:\/\/www.iemj.org\/it\/","logo":{"@type":"ImageObject","inLanguage":"it-IT","@id":"https:\/\/www.iemj.org\/it\/#\/schema\/logo\/image\/","url":"https:\/\/www.iemj.org\/wp-content\/uploads\/2021\/09\/Logo-IEMJ-Paypal.jpg","contentUrl":"https:\/\/www.iemj.org\/wp-content\/uploads\/2021\/09\/Logo-IEMJ-Paypal.jpg","width":150,"height":50,"caption":"Institut Europ\u00e9en des Musiques Juives"},"image":{"@id":"https:\/\/www.iemj.org\/it\/#\/schema\/logo\/image\/"},"sameAs":["https:\/\/www.facebook.com\/MusiquesJuives\/","https:\/\/www.instagram.com\/musiquesjuives\/","https:\/\/www.youtube.com\/user\/musiquesjuives"]},{"@type":"Person","@id":"https:\/\/www.iemj.org\/it\/#\/schema\/person\/c9bc1c386a3749579a2d675e72a18666","name":"Jean-Gabriel Davis","image":{"@type":"ImageObject","inLanguage":"it-IT","@id":"https:\/\/secure.gravatar.com\/avatar\/2b90d67bdf392c9b3a21fab87c0fa7edaf1fb3a058172a1ffd61033fcec7aec1?s=96&d=mm&r=g","url":"https:\/\/secure.gravatar.com\/avatar\/2b90d67bdf392c9b3a21fab87c0fa7edaf1fb3a058172a1ffd61033fcec7aec1?s=96&d=mm&r=g","contentUrl":"https:\/\/secure.gravatar.com\/avatar\/2b90d67bdf392c9b3a21fab87c0fa7edaf1fb3a058172a1ffd61033fcec7aec1?s=96&d=mm&r=g","caption":"Jean-Gabriel Davis"}}]}},"_links":{"self":[{"href":"https:\/\/www.iemj.org\/it\/wp-json\/wp\/v2\/posts\/55421","targetHints":{"allow":["GET"]}}],"collection":[{"href":"https:\/\/www.iemj.org\/it\/wp-json\/wp\/v2\/posts"}],"about":[{"href":"https:\/\/www.iemj.org\/it\/wp-json\/wp\/v2\/types\/post"}],"author":[{"embeddable":true,"href":"https:\/\/www.iemj.org\/it\/wp-json\/wp\/v2\/users\/1048"}],"replies":[{"embeddable":true,"href":"https:\/\/www.iemj.org\/it\/wp-json\/wp\/v2\/comments?post=55421"}],"version-history":[{"count":0,"href":"https:\/\/www.iemj.org\/it\/wp-json\/wp\/v2\/posts\/55421\/revisions"}],"wp:featuredmedia":[{"embeddable":true,"href":"https:\/\/www.iemj.org\/it\/wp-json\/wp\/v2\/media\/51491"}],"wp:attachment":[{"href":"https:\/\/www.iemj.org\/it\/wp-json\/wp\/v2\/media?parent=55421"}],"wp:term":[{"taxonomy":"category","embeddable":true,"href":"https:\/\/www.iemj.org\/it\/wp-json\/wp\/v2\/categories?post=55421"},{"taxonomy":"post_tag","embeddable":true,"href":"https:\/\/www.iemj.org\/it\/wp-json\/wp\/v2\/tags?post=55421"},{"taxonomy":"technique","embeddable":true,"href":"https:\/\/www.iemj.org\/it\/wp-json\/wp\/v2\/technique?post=55421"},{"taxonomy":"squelettes","embeddable":true,"href":"https:\/\/www.iemj.org\/it\/wp-json\/wp\/v2\/squelettes?post=55421"},{"taxonomy":"sujet","embeddable":true,"href":"https:\/\/www.iemj.org\/it\/wp-json\/wp\/v2\/sujet?post=55421"},{"taxonomy":"formation","embeddable":true,"href":"https:\/\/www.iemj.org\/it\/wp-json\/wp\/v2\/formation?post=55421"},{"taxonomy":"genre","embeddable":true,"href":"https:\/\/www.iemj.org\/it\/wp-json\/wp\/v2\/genre?post=55421"},{"taxonomy":"fonds","embeddable":true,"href":"https:\/\/www.iemj.org\/it\/wp-json\/wp\/v2\/fonds?post=55421"},{"taxonomy":"tradition","embeddable":true,"href":"https:\/\/www.iemj.org\/it\/wp-json\/wp\/v2\/tradition?post=55421"},{"taxonomy":"type-de-contenu","embeddable":true,"href":"https:\/\/www.iemj.org\/it\/wp-json\/wp\/v2\/type-de-contenu?post=55421"},{"taxonomy":"interprete-compositeur","embeddable":true,"href":"https:\/\/www.iemj.org\/it\/wp-json\/wp\/v2\/interprete-compositeur?post=55421"},{"taxonomy":"frise","embeddable":true,"href":"https:\/\/www.iemj.org\/it\/wp-json\/wp\/v2\/frise?post=55421"},{"taxonomy":"type-devenement","embeddable":true,"href":"https:\/\/www.iemj.org\/it\/wp-json\/wp\/v2\/type-devenement?post=55421"},{"taxonomy":"tableaux-liens-externes","embeddable":true,"href":"https:\/\/www.iemj.org\/it\/wp-json\/wp\/v2\/tableaux-liens-externes?post=55421"}],"curies":[{"name":"wp","href":"https:\/\/api.w.org\/{rel}","templated":true}]}}