{"id":55545,"date":"2011-10-23T15:55:38","date_gmt":"2011-10-23T13:55:38","guid":{"rendered":"https:\/\/www.iemj.org\/berlinski-shalom-1918-2008\/"},"modified":"2025-09-06T18:52:36","modified_gmt":"2025-09-06T16:52:36","slug":"berlinski-shalom-1918-2008","status":"publish","type":"post","link":"https:\/\/www.iemj.org\/it\/berlinski-shalom-1918-2008\/","title":{"rendered":"Berlinski, Shalom (1918-2008)"},"content":{"rendered":"<p>Nato il 16 gennaio 1918 a Radom, una citt\u00e0 polacca a circa 100 chilometri da Varsavia, Shalom Berlinski \u00e8 il pi\u00f9 giovane di una famiglia di otto figli. Suo padre, calzolaio, ama cantare alla sinagoga e suona il violino da dilettante.<\/p>\n<p>Bambino, Shalom Berlinski frequenta la sinagoga e imita i vocalizzi del <em>hazzan<\/em> (cantore). All&#8217;et\u00e0 di 8 anni entra a far parte del coro della grande sinagoga di Radom dove canta la parte del contralto. Poco per volta impara a leggere la musica ed a 10 anni diventa <em>meshorer<\/em>, cio\u00e8 incaricato di accompagnare in modo quasi improvvisato il <em>baal tefillah<\/em> (il conduttore della preghiera).<\/p>\n<p><img decoding=\"async\" class=\" alignright wp-image-4006\" src=\"https:\/\/www.iemj.org\/wp-content\/uploads\/2011\/10\/montage_coeur_pologne-shb_-_55_.jpg\" alt=\"montage_coeur_pologne-shb_-_55_.jpg\" width=\"202\" height=\"209\" align=\"right\" \/>Nel 1930 lascia la Polonia con la sua famiglia per stabilirsi in Francia. Dopo un breve passaggio in una scuola elementare nel 18 \u00b0 arrondissement di Parigi, entra a far parte del laboratorio di calzolaio di suo padre. Nello stesso anno scopre la Grande Sinagoga de la Victoire, dove rimane molto colpito dall&#8217;organo, dai cori e dal <em>hazzan<\/em> dell&#8217;epoca, il signor Henri Kahn.<\/p>\n<p>Nel 1935 e nel 1936 prende lezioni di canto e si esibisce regolarmente come solista nelle sinagoghe parigine per dei matrimon\u00ee. Nel 1940 \u00e8 inviato al fronte e combatte nella Somme. Nell&#8217;aprile 1941 sposa Sarah Katz. Pochi mesi dopo, la coppia si rifugia vicino a Roanne. Dopo l&#8217;invasione della zona libera da parte dei nazisti, Shalom Berlinski si unisce ad un piccolo gruppo di resistenti ebrei composto da comunisti e da sionisti guidati dal rabbino Samy Klein. Alla liberazione di Parigi, nell&#8217;agosto del 1944, la coppia torna immediatamente nella capitale.<\/p>\n<p><img decoding=\"async\" class=\" alignleft wp-image-4008\" src=\"https:\/\/www.iemj.org\/wp-content\/uploads\/2011\/10\/montage_mariage-identite_-_42_.jpg\" alt=\"montage_mariage-identite_-_42_.jpg\" width=\"179\" height=\"169\" align=\"left\" \/>Nel 1945 Shalom Berlinski si iscrive al conservatorio privato Ren\u00e9 Muable in rue Lepic, dove segue per 10 anni il corso di tecnica vocale con il tenore italiano Umberto Valdarnini, della Scala di Milano. Prende anche lezioni di canto da Maurice Franck, direttore dell&#8217;Op\u00e9ra Garnier.<\/p>\n<p>Nel 1945 fonda il Centro artistico ebraico, il cui obiettivo \u00e8 di creare e di raccogliere del repertorio di musica e teatro ebraico.<br \/>\nNel 1946, interpreta delle melodie ebraiche con l&#8217;Orchestra Nazionale, sotto la direzione di Manuel Rosenthal.<\/p>\n<p><img fetchpriority=\"high\" decoding=\"async\" class=\" alignright size-full wp-image-4010\" src=\"https:\/\/www.iemj.org\/wp-content\/uploads\/2011\/10\/ph_concert_pleyel_recentre_et_90_.jpg\" alt=\"ph_concert_pleyel_recentre_et_90_.jpg\" width=\"275\" height=\"185\" align=\"right\" \/>Nel 1948 \u00e8 nominato Primo Ministro Ufficiante alla Sinagoga della rue de la Victoire (Parigi), incarico che occuper\u00e0 per trentun anni<\/p>\n<p>Tra il 1953 e il 1966, si produce in diversi concerti memorabili, in particolare alla Salle Gaveau sotto la direzione di Eug\u00e8ne Bigot ed al Th\u00e9\u00e2tre des Champs-Elys\u00e9es, sotto la direzione di Pierre Dervaux.<\/p>\n<p>Dal 1959 al 1962-63 \u00e8 produttore presso l&#8217;O.R.T.F. ed organizza con la musicologa Yvonne Tienot e l&#8217;organista Jean Bonfils due serie di programmi radiofonici, &#8220;La Bibbia ed i musicisti&#8221;, dedicate ad opere musicali di ispirazione biblica di cui \u00e8 il principale interprete.<\/p>\n<p><img loading=\"lazy\" decoding=\"async\" class=\" alignleft wp-image-4012\" src=\"https:\/\/www.iemj.org\/wp-content\/uploads\/2011\/10\/ph_sh.b_avec_enfants-quad_-_recentre_60_puis_75_.jpg\" alt=\"ph_sh.b_avec_enfants-quad_-_recentre_60_puis_75_.jpg\" width=\"230\" height=\"160\" align=\"left\" \/> Parallelamente ai suoi doveri religiosi di cantore alla Grande Sinagoga della Vittoria, tra il 1957 e il 1968 insegna la <em>hazzanout<\/em> (arte cantoriale) al Seminario ebraico di rue Vauquelin a Parigi e, pi\u00f9 precisamente, la lettura cantata della Torah secondo il rito ashkenazita.<\/p>\n<p>Nel 1979 cessa la sua attivit\u00e0 di ministro officiante presso la Sinagoga della Vittoria, ma continua a cantare in diverse circostanze fino al 1998. Affetto da glaucoma nel 1972, perde gradualmente la vista. Circondato dall&#8217;affetto della moglie, del figlio, della nuora e dei quattro nipoti, Shalom Berlinski muore a Versailles il 28 settembre 2008.<\/p>\n<p><a href=\"https:\/\/www.iemj.org\/it\/shalom-berlinski-la-voix-de-la-ferveur\/\" target=\"_blank\" rel=\"noopener\">Scoprire di pi\u00f9 sul CD di Shalom Berlinski<\/a><\/p>\n<p><a href=\"https:\/\/www.iemj.org\/it\/product\/shalom-berlinski-la-voix-de-la-ferveur\/\" target=\"_blank\" rel=\"noopener\">Ordinare il CD Shalom Berlinski.<\/a><\/p>\n<p><a href=\"https:\/\/www.iemj.org\/it\/shalom-berlinski-le-chant-du-coeur\/\" target=\"_blank\" rel=\"noopener\">Ascoltare la playlist\u00a0: La hazanout de Shalom Berlinski<\/a><\/p>\n<p><a href=\"http:\/\/www.rachelnet.net\/F\/TFEIL1FPU3CKFDM31MAGPECFIAI7DIC4N7QJP49N9V8UITUHAE-19466?func=find-c&amp;ccl_term=WRD+%3D+Shalom+AND+WRD+%3D+Berlinski&amp;local_base=iemcg\" target=\"_blank\" rel=\"noopener\">Consultare i nostri archivi su Shalom Berlinski<\/a><\/p>\n","protected":false},"excerpt":{"rendered":"<p>Nato il 16 gennaio 1918 a Radom, una citt\u00e0 polacca a circa 100 chilometri da Varsavia, Shalom Berlinski \u00e8 il pi\u00f9 giovane di una famiglia di otto figli. Suo padre,<\/p>\n","protected":false},"author":1045,"featured_media":55546,"comment_status":"closed","ping_status":"open","sticky":false,"template":"","format":"standard","meta":{"_acf_changed":false,"footnotes":""},"categories":[1416],"tags":[],"technique":[],"squelettes":[],"sujet":[],"formation":[],"genre":[],"fonds":[],"tradition":[],"type-de-contenu":[],"interprete-compositeur":[3293],"frise":[],"type-devenement":[],"tableaux-liens-externes":[],"class_list":["post-55545","post","type-post","status-publish","format-standard","has-post-thumbnail","hentry","category-biografie-it","interprete-compositeur-shalom-berlinski-it"],"acf":[],"yoast_head":"<!-- This site is optimized with the Yoast SEO plugin v27.3 - https:\/\/yoast.com\/product\/yoast-seo-wordpress\/ -->\n<title>Berlinski, Shalom (1918-2008) - Institut Europ\u00e9en des Musiques Juives<\/title>\n<meta name=\"robots\" content=\"index, follow, max-snippet:-1, max-image-preview:large, max-video-preview:-1\" \/>\n<link rel=\"canonical\" href=\"https:\/\/www.iemj.org\/it\/berlinski-shalom-1918-2008\/\" \/>\n<meta property=\"og:locale\" content=\"it_IT\" \/>\n<meta property=\"og:type\" content=\"article\" \/>\n<meta property=\"og:title\" content=\"Berlinski, Shalom (1918-2008) - Institut Europ\u00e9en des Musiques Juives\" \/>\n<meta property=\"og:description\" content=\"Nato il 16 gennaio 1918 a Radom, una citt\u00e0 polacca a circa 100 chilometri da Varsavia, Shalom Berlinski \u00e8 il pi\u00f9 giovane di una famiglia di otto figli. Suo padre,\" \/>\n<meta property=\"og:url\" content=\"https:\/\/www.iemj.org\/it\/berlinski-shalom-1918-2008\/\" \/>\n<meta property=\"og:site_name\" content=\"Institut Europ\u00e9en des Musiques Juives\" \/>\n<meta property=\"article:publisher\" content=\"https:\/\/www.facebook.com\/MusiquesJuives\/\" \/>\n<meta property=\"article:published_time\" content=\"2011-10-23T13:55:38+00:00\" \/>\n<meta property=\"article:modified_time\" content=\"2025-09-06T16:52:36+00:00\" \/>\n<meta property=\"og:image\" content=\"https:\/\/www.iemj.org\/wp-content\/uploads\/2011\/10\/arton313-e1617031727743.jpg\" \/>\n\t<meta property=\"og:image:width\" content=\"177\" \/>\n\t<meta property=\"og:image:height\" content=\"218\" \/>\n\t<meta property=\"og:image:type\" content=\"image\/jpeg\" \/>\n<meta name=\"author\" content=\"Herv\u00e9 Roten\" \/>\n<meta name=\"twitter:card\" content=\"summary_large_image\" \/>\n<meta name=\"twitter:label1\" content=\"Scritto da\" \/>\n\t<meta name=\"twitter:data1\" content=\"Herv\u00e9 Roten\" \/>\n\t<meta name=\"twitter:label2\" content=\"Tempo di lettura stimato\" \/>\n\t<meta name=\"twitter:data2\" content=\"4 minuti\" \/>\n<script type=\"application\/ld+json\" class=\"yoast-schema-graph\">{\"@context\":\"https:\\\/\\\/schema.org\",\"@graph\":[{\"@type\":\"Article\",\"@id\":\"https:\\\/\\\/www.iemj.org\\\/it\\\/berlinski-shalom-1918-2008\\\/#article\",\"isPartOf\":{\"@id\":\"https:\\\/\\\/www.iemj.org\\\/it\\\/berlinski-shalom-1918-2008\\\/\"},\"author\":{\"name\":\"Herv\u00e9 Roten\",\"@id\":\"https:\\\/\\\/www.iemj.org\\\/it\\\/#\\\/schema\\\/person\\\/906134402c29d5c76e7b726261dd4bbd\"},\"headline\":\"Berlinski, Shalom (1918-2008)\",\"datePublished\":\"2011-10-23T13:55:38+00:00\",\"dateModified\":\"2025-09-06T16:52:36+00:00\",\"mainEntityOfPage\":{\"@id\":\"https:\\\/\\\/www.iemj.org\\\/it\\\/berlinski-shalom-1918-2008\\\/\"},\"wordCount\":549,\"publisher\":{\"@id\":\"https:\\\/\\\/www.iemj.org\\\/it\\\/#organization\"},\"image\":{\"@id\":\"https:\\\/\\\/www.iemj.org\\\/it\\\/berlinski-shalom-1918-2008\\\/#primaryimage\"},\"thumbnailUrl\":\"https:\\\/\\\/www.iemj.org\\\/wp-content\\\/uploads\\\/2011\\\/10\\\/arton313-e1617031727743.jpg\",\"articleSection\":[\"Biografie\"],\"inLanguage\":\"it-IT\"},{\"@type\":\"WebPage\",\"@id\":\"https:\\\/\\\/www.iemj.org\\\/it\\\/berlinski-shalom-1918-2008\\\/\",\"url\":\"https:\\\/\\\/www.iemj.org\\\/it\\\/berlinski-shalom-1918-2008\\\/\",\"name\":\"Berlinski, Shalom (1918-2008) - Institut Europ\u00e9en des Musiques Juives\",\"isPartOf\":{\"@id\":\"https:\\\/\\\/www.iemj.org\\\/it\\\/#website\"},\"primaryImageOfPage\":{\"@id\":\"https:\\\/\\\/www.iemj.org\\\/it\\\/berlinski-shalom-1918-2008\\\/#primaryimage\"},\"image\":{\"@id\":\"https:\\\/\\\/www.iemj.org\\\/it\\\/berlinski-shalom-1918-2008\\\/#primaryimage\"},\"thumbnailUrl\":\"https:\\\/\\\/www.iemj.org\\\/wp-content\\\/uploads\\\/2011\\\/10\\\/arton313-e1617031727743.jpg\",\"datePublished\":\"2011-10-23T13:55:38+00:00\",\"dateModified\":\"2025-09-06T16:52:36+00:00\",\"breadcrumb\":{\"@id\":\"https:\\\/\\\/www.iemj.org\\\/it\\\/berlinski-shalom-1918-2008\\\/#breadcrumb\"},\"inLanguage\":\"it-IT\",\"potentialAction\":[{\"@type\":\"ReadAction\",\"target\":[\"https:\\\/\\\/www.iemj.org\\\/it\\\/berlinski-shalom-1918-2008\\\/\"]}]},{\"@type\":\"ImageObject\",\"inLanguage\":\"it-IT\",\"@id\":\"https:\\\/\\\/www.iemj.org\\\/it\\\/berlinski-shalom-1918-2008\\\/#primaryimage\",\"url\":\"https:\\\/\\\/www.iemj.org\\\/wp-content\\\/uploads\\\/2011\\\/10\\\/arton313-e1617031727743.jpg\",\"contentUrl\":\"https:\\\/\\\/www.iemj.org\\\/wp-content\\\/uploads\\\/2011\\\/10\\\/arton313-e1617031727743.jpg\",\"width\":177,\"height\":218},{\"@type\":\"BreadcrumbList\",\"@id\":\"https:\\\/\\\/www.iemj.org\\\/it\\\/berlinski-shalom-1918-2008\\\/#breadcrumb\",\"itemListElement\":[{\"@type\":\"ListItem\",\"position\":1,\"name\":\"Accueil\",\"item\":\"https:\\\/\\\/www.iemj.org\\\/it\\\/\"},{\"@type\":\"ListItem\",\"position\":2,\"name\":\"Berlinski, Shalom (1918-2008)\"}]},{\"@type\":\"WebSite\",\"@id\":\"https:\\\/\\\/www.iemj.org\\\/it\\\/#website\",\"url\":\"https:\\\/\\\/www.iemj.org\\\/it\\\/\",\"name\":\"Institut Europ\u00e9en des Musiques Juives\",\"description\":\"Des traditions musicales \u00e0 la port\u00e9e de tous\",\"publisher\":{\"@id\":\"https:\\\/\\\/www.iemj.org\\\/it\\\/#organization\"},\"potentialAction\":[{\"@type\":\"SearchAction\",\"target\":{\"@type\":\"EntryPoint\",\"urlTemplate\":\"https:\\\/\\\/www.iemj.org\\\/it\\\/?s={search_term_string}\"},\"query-input\":{\"@type\":\"PropertyValueSpecification\",\"valueRequired\":true,\"valueName\":\"search_term_string\"}}],\"inLanguage\":\"it-IT\"},{\"@type\":\"Organization\",\"@id\":\"https:\\\/\\\/www.iemj.org\\\/it\\\/#organization\",\"name\":\"Institut Europ\u00e9en des Musiques Juives\",\"url\":\"https:\\\/\\\/www.iemj.org\\\/it\\\/\",\"logo\":{\"@type\":\"ImageObject\",\"inLanguage\":\"it-IT\",\"@id\":\"https:\\\/\\\/www.iemj.org\\\/it\\\/#\\\/schema\\\/logo\\\/image\\\/\",\"url\":\"https:\\\/\\\/www.iemj.org\\\/wp-content\\\/uploads\\\/2021\\\/09\\\/Logo-IEMJ-Paypal.jpg\",\"contentUrl\":\"https:\\\/\\\/www.iemj.org\\\/wp-content\\\/uploads\\\/2021\\\/09\\\/Logo-IEMJ-Paypal.jpg\",\"width\":150,\"height\":50,\"caption\":\"Institut Europ\u00e9en des Musiques Juives\"},\"image\":{\"@id\":\"https:\\\/\\\/www.iemj.org\\\/it\\\/#\\\/schema\\\/logo\\\/image\\\/\"},\"sameAs\":[\"https:\\\/\\\/www.facebook.com\\\/MusiquesJuives\\\/\",\"https:\\\/\\\/www.instagram.com\\\/musiquesjuives\\\/\",\"https:\\\/\\\/www.youtube.com\\\/user\\\/musiquesjuives\"]},{\"@type\":\"Person\",\"@id\":\"https:\\\/\\\/www.iemj.org\\\/it\\\/#\\\/schema\\\/person\\\/906134402c29d5c76e7b726261dd4bbd\",\"name\":\"Herv\u00e9 Roten\",\"image\":{\"@type\":\"ImageObject\",\"inLanguage\":\"it-IT\",\"@id\":\"https:\\\/\\\/secure.gravatar.com\\\/avatar\\\/f96ad2db538a26481f18384936b5cd0610c92d390c4dc382209216d455f685ff?s=96&d=mm&r=g\",\"url\":\"https:\\\/\\\/secure.gravatar.com\\\/avatar\\\/f96ad2db538a26481f18384936b5cd0610c92d390c4dc382209216d455f685ff?s=96&d=mm&r=g\",\"contentUrl\":\"https:\\\/\\\/secure.gravatar.com\\\/avatar\\\/f96ad2db538a26481f18384936b5cd0610c92d390c4dc382209216d455f685ff?s=96&d=mm&r=g\",\"caption\":\"Herv\u00e9 Roten\"}}]}<\/script>\n<!-- \/ Yoast SEO plugin. -->","yoast_head_json":{"title":"Berlinski, Shalom (1918-2008) - Institut Europ\u00e9en des Musiques Juives","robots":{"index":"index","follow":"follow","max-snippet":"max-snippet:-1","max-image-preview":"max-image-preview:large","max-video-preview":"max-video-preview:-1"},"canonical":"https:\/\/www.iemj.org\/it\/berlinski-shalom-1918-2008\/","og_locale":"it_IT","og_type":"article","og_title":"Berlinski, Shalom (1918-2008) - Institut Europ\u00e9en des Musiques Juives","og_description":"Nato il 16 gennaio 1918 a Radom, una citt\u00e0 polacca a circa 100 chilometri da Varsavia, Shalom Berlinski \u00e8 il pi\u00f9 giovane di una famiglia di otto figli. Suo padre,","og_url":"https:\/\/www.iemj.org\/it\/berlinski-shalom-1918-2008\/","og_site_name":"Institut Europ\u00e9en des Musiques Juives","article_publisher":"https:\/\/www.facebook.com\/MusiquesJuives\/","article_published_time":"2011-10-23T13:55:38+00:00","article_modified_time":"2025-09-06T16:52:36+00:00","og_image":[{"width":177,"height":218,"url":"https:\/\/www.iemj.org\/wp-content\/uploads\/2011\/10\/arton313-e1617031727743.jpg","type":"image\/jpeg"}],"author":"Herv\u00e9 Roten","twitter_card":"summary_large_image","twitter_misc":{"Scritto da":"Herv\u00e9 Roten","Tempo di lettura stimato":"4 minuti"},"schema":{"@context":"https:\/\/schema.org","@graph":[{"@type":"Article","@id":"https:\/\/www.iemj.org\/it\/berlinski-shalom-1918-2008\/#article","isPartOf":{"@id":"https:\/\/www.iemj.org\/it\/berlinski-shalom-1918-2008\/"},"author":{"name":"Herv\u00e9 Roten","@id":"https:\/\/www.iemj.org\/it\/#\/schema\/person\/906134402c29d5c76e7b726261dd4bbd"},"headline":"Berlinski, Shalom (1918-2008)","datePublished":"2011-10-23T13:55:38+00:00","dateModified":"2025-09-06T16:52:36+00:00","mainEntityOfPage":{"@id":"https:\/\/www.iemj.org\/it\/berlinski-shalom-1918-2008\/"},"wordCount":549,"publisher":{"@id":"https:\/\/www.iemj.org\/it\/#organization"},"image":{"@id":"https:\/\/www.iemj.org\/it\/berlinski-shalom-1918-2008\/#primaryimage"},"thumbnailUrl":"https:\/\/www.iemj.org\/wp-content\/uploads\/2011\/10\/arton313-e1617031727743.jpg","articleSection":["Biografie"],"inLanguage":"it-IT"},{"@type":"WebPage","@id":"https:\/\/www.iemj.org\/it\/berlinski-shalom-1918-2008\/","url":"https:\/\/www.iemj.org\/it\/berlinski-shalom-1918-2008\/","name":"Berlinski, Shalom (1918-2008) - Institut Europ\u00e9en des Musiques Juives","isPartOf":{"@id":"https:\/\/www.iemj.org\/it\/#website"},"primaryImageOfPage":{"@id":"https:\/\/www.iemj.org\/it\/berlinski-shalom-1918-2008\/#primaryimage"},"image":{"@id":"https:\/\/www.iemj.org\/it\/berlinski-shalom-1918-2008\/#primaryimage"},"thumbnailUrl":"https:\/\/www.iemj.org\/wp-content\/uploads\/2011\/10\/arton313-e1617031727743.jpg","datePublished":"2011-10-23T13:55:38+00:00","dateModified":"2025-09-06T16:52:36+00:00","breadcrumb":{"@id":"https:\/\/www.iemj.org\/it\/berlinski-shalom-1918-2008\/#breadcrumb"},"inLanguage":"it-IT","potentialAction":[{"@type":"ReadAction","target":["https:\/\/www.iemj.org\/it\/berlinski-shalom-1918-2008\/"]}]},{"@type":"ImageObject","inLanguage":"it-IT","@id":"https:\/\/www.iemj.org\/it\/berlinski-shalom-1918-2008\/#primaryimage","url":"https:\/\/www.iemj.org\/wp-content\/uploads\/2011\/10\/arton313-e1617031727743.jpg","contentUrl":"https:\/\/www.iemj.org\/wp-content\/uploads\/2011\/10\/arton313-e1617031727743.jpg","width":177,"height":218},{"@type":"BreadcrumbList","@id":"https:\/\/www.iemj.org\/it\/berlinski-shalom-1918-2008\/#breadcrumb","itemListElement":[{"@type":"ListItem","position":1,"name":"Accueil","item":"https:\/\/www.iemj.org\/it\/"},{"@type":"ListItem","position":2,"name":"Berlinski, Shalom (1918-2008)"}]},{"@type":"WebSite","@id":"https:\/\/www.iemj.org\/it\/#website","url":"https:\/\/www.iemj.org\/it\/","name":"Institut Europ\u00e9en des Musiques Juives","description":"Des traditions musicales \u00e0 la port\u00e9e de tous","publisher":{"@id":"https:\/\/www.iemj.org\/it\/#organization"},"potentialAction":[{"@type":"SearchAction","target":{"@type":"EntryPoint","urlTemplate":"https:\/\/www.iemj.org\/it\/?s={search_term_string}"},"query-input":{"@type":"PropertyValueSpecification","valueRequired":true,"valueName":"search_term_string"}}],"inLanguage":"it-IT"},{"@type":"Organization","@id":"https:\/\/www.iemj.org\/it\/#organization","name":"Institut Europ\u00e9en des Musiques Juives","url":"https:\/\/www.iemj.org\/it\/","logo":{"@type":"ImageObject","inLanguage":"it-IT","@id":"https:\/\/www.iemj.org\/it\/#\/schema\/logo\/image\/","url":"https:\/\/www.iemj.org\/wp-content\/uploads\/2021\/09\/Logo-IEMJ-Paypal.jpg","contentUrl":"https:\/\/www.iemj.org\/wp-content\/uploads\/2021\/09\/Logo-IEMJ-Paypal.jpg","width":150,"height":50,"caption":"Institut Europ\u00e9en des Musiques Juives"},"image":{"@id":"https:\/\/www.iemj.org\/it\/#\/schema\/logo\/image\/"},"sameAs":["https:\/\/www.facebook.com\/MusiquesJuives\/","https:\/\/www.instagram.com\/musiquesjuives\/","https:\/\/www.youtube.com\/user\/musiquesjuives"]},{"@type":"Person","@id":"https:\/\/www.iemj.org\/it\/#\/schema\/person\/906134402c29d5c76e7b726261dd4bbd","name":"Herv\u00e9 Roten","image":{"@type":"ImageObject","inLanguage":"it-IT","@id":"https:\/\/secure.gravatar.com\/avatar\/f96ad2db538a26481f18384936b5cd0610c92d390c4dc382209216d455f685ff?s=96&d=mm&r=g","url":"https:\/\/secure.gravatar.com\/avatar\/f96ad2db538a26481f18384936b5cd0610c92d390c4dc382209216d455f685ff?s=96&d=mm&r=g","contentUrl":"https:\/\/secure.gravatar.com\/avatar\/f96ad2db538a26481f18384936b5cd0610c92d390c4dc382209216d455f685ff?s=96&d=mm&r=g","caption":"Herv\u00e9 Roten"}}]}},"_links":{"self":[{"href":"https:\/\/www.iemj.org\/it\/wp-json\/wp\/v2\/posts\/55545","targetHints":{"allow":["GET"]}}],"collection":[{"href":"https:\/\/www.iemj.org\/it\/wp-json\/wp\/v2\/posts"}],"about":[{"href":"https:\/\/www.iemj.org\/it\/wp-json\/wp\/v2\/types\/post"}],"author":[{"embeddable":true,"href":"https:\/\/www.iemj.org\/it\/wp-json\/wp\/v2\/users\/1045"}],"replies":[{"embeddable":true,"href":"https:\/\/www.iemj.org\/it\/wp-json\/wp\/v2\/comments?post=55545"}],"version-history":[{"count":0,"href":"https:\/\/www.iemj.org\/it\/wp-json\/wp\/v2\/posts\/55545\/revisions"}],"wp:featuredmedia":[{"embeddable":true,"href":"https:\/\/www.iemj.org\/it\/wp-json\/wp\/v2\/media\/55546"}],"wp:attachment":[{"href":"https:\/\/www.iemj.org\/it\/wp-json\/wp\/v2\/media?parent=55545"}],"wp:term":[{"taxonomy":"category","embeddable":true,"href":"https:\/\/www.iemj.org\/it\/wp-json\/wp\/v2\/categories?post=55545"},{"taxonomy":"post_tag","embeddable":true,"href":"https:\/\/www.iemj.org\/it\/wp-json\/wp\/v2\/tags?post=55545"},{"taxonomy":"technique","embeddable":true,"href":"https:\/\/www.iemj.org\/it\/wp-json\/wp\/v2\/technique?post=55545"},{"taxonomy":"squelettes","embeddable":true,"href":"https:\/\/www.iemj.org\/it\/wp-json\/wp\/v2\/squelettes?post=55545"},{"taxonomy":"sujet","embeddable":true,"href":"https:\/\/www.iemj.org\/it\/wp-json\/wp\/v2\/sujet?post=55545"},{"taxonomy":"formation","embeddable":true,"href":"https:\/\/www.iemj.org\/it\/wp-json\/wp\/v2\/formation?post=55545"},{"taxonomy":"genre","embeddable":true,"href":"https:\/\/www.iemj.org\/it\/wp-json\/wp\/v2\/genre?post=55545"},{"taxonomy":"fonds","embeddable":true,"href":"https:\/\/www.iemj.org\/it\/wp-json\/wp\/v2\/fonds?post=55545"},{"taxonomy":"tradition","embeddable":true,"href":"https:\/\/www.iemj.org\/it\/wp-json\/wp\/v2\/tradition?post=55545"},{"taxonomy":"type-de-contenu","embeddable":true,"href":"https:\/\/www.iemj.org\/it\/wp-json\/wp\/v2\/type-de-contenu?post=55545"},{"taxonomy":"interprete-compositeur","embeddable":true,"href":"https:\/\/www.iemj.org\/it\/wp-json\/wp\/v2\/interprete-compositeur?post=55545"},{"taxonomy":"frise","embeddable":true,"href":"https:\/\/www.iemj.org\/it\/wp-json\/wp\/v2\/frise?post=55545"},{"taxonomy":"type-devenement","embeddable":true,"href":"https:\/\/www.iemj.org\/it\/wp-json\/wp\/v2\/type-devenement?post=55545"},{"taxonomy":"tableaux-liens-externes","embeddable":true,"href":"https:\/\/www.iemj.org\/it\/wp-json\/wp\/v2\/tableaux-liens-externes?post=55545"}],"curies":[{"name":"wp","href":"https:\/\/api.w.org\/{rel}","templated":true}]}}