{"id":55864,"date":"2015-11-05T11:29:39","date_gmt":"2015-11-05T10:29:39","guid":{"rendered":"https:\/\/www.iemj.org\/hemsi-alberto-1898-1975\/"},"modified":"2025-02-25T15:52:33","modified_gmt":"2025-02-25T14:52:33","slug":"hemsi-alberto-1898-1975","status":"publish","type":"post","link":"https:\/\/www.iemj.org\/it\/hemsi-alberto-1898-1975\/","title":{"rendered":"Hemsi, Alberto (1896-1975)"},"content":{"rendered":"<p>Nato il 23 dicembre 1896<span class=\"footnote_referrer\"><a role=\"button\" tabindex=\"0\" onclick=\"footnote_moveToReference_55864_1('footnote_plugin_reference_55864_1_1');\" onkeypress=\"footnote_moveToReference_55864_1('footnote_plugin_reference_55864_1_1');\" ><sup id=\"footnote_plugin_tooltip_55864_1_1\" class=\"footnote_plugin_tooltip_text\">[1]<\/sup><\/a><span id=\"footnote_plugin_tooltip_text_55864_1_1\" class=\"footnote_tooltip\">C&#8217;\u00e8 qualche incertezza sulla data di nascita di Alberto Hemsi. Secondo una delle sue figlie, Ketty Menasce, la data del 23 dicembre 1896 \u00e8 quella riportata sul suo ultimo passaporto.<\/span><\/span><script type=\"text\/javascript\"> jQuery('#footnote_plugin_tooltip_55864_1_1').tooltip({ tip: '#footnote_plugin_tooltip_text_55864_1_1', tipClass: 'footnote_tooltip', effect: 'fade', predelay: 0, fadeInSpeed: 200, delay: 400, fadeOutSpeed: 200, position: 'top center', relative: true, offset: [-7, 0], });<\/script> a Cassaba &#8211; cittadina turca ad est di Smirne (Izmir) &#8211; da genitori di nazionalit\u00e0 italiana, Alberto Hemsi inizia i suoi studi alla scuola dell&#8217;Alliance Isra\u00e9lite Universelle. Nel 1913, beneficiario di una borsa di studio, \u00e8 inviato a Milano dalla Societ\u00e0 Musicale Israelita di Smirne. Accolto nel 1914 al Regio Conservatorio di Musica di Milano, effettua degli studi fondamentali con i grandi maestri del momento: il pianoforte con Andr\u00e9oli, l&#8217;armonia, il contrappunto e la composizione con Bossi e Perinello &#8230;<\/p>\n<p>Chiamato verso la fine della Prima Guerra mondiale, come suddito italiano, entra alla scuola militare e diventa ufficiale di fanteria. Gravemente ferito al braccio destro, ottiene diverse decorazioni civili e militari. Diventato capitano al termine delle ostilit\u00e0, lascia l&#8217;esercito per dedicarsi esclusivamente al pianoforte ed alla composizione.<\/p>\n<p><img fetchpriority=\"high\" decoding=\"async\" class=\" alignright size-full wp-image-8344\" src=\"https:\/\/www.iemj.org\/wp-content\/uploads\/2015\/11\/i_251__20_.jpg\" alt=\"i_251__20_.jpg\" width=\"195\" height=\"301\" align=\"right\" \/>Nel 1919, dopo aver conseguito il diploma di strumentista, Hemsi decide di tornare in patria. Il suo ritorno \u00e8 celebrato dalla sua famiglia, al suono di melodie ancestrali cantate dalla nonna materna. Colpito dalla bellezza dei canti che ascolta, Hemsi si rende conto della necessit\u00e0 di salvaguardare questo patrimonio che si basa exclusivamente sulla tradizione orale.<\/p>\n<p>Tra il 1920 ed il 1923 Alberto Hemsi insegna la teoria, il piano ed il canto corale a Smirne. Dal 1924 al 1927 soggiorna a Rodi e l\u00ec, contemporaneamente alle lezioni, intraprende ricerche etnografiche e folcloristiche, in particolare presso delle signore anziane e delle <em>cantaderas<\/em>, cantanti semiprofessionali, rinomate per la loro bella voce, che le famiglie invitavano a cantare nel corso di eventi speciali (matrimoni ed altre celebrazioni). Fu anche a Rodi che conobbe la moglie Myriam, che spos\u00f2 alla fine dell&#8217;agosto 1930 e che gli diede tre figlie: Allegra, Juliette e Ketty.<\/p>\n<p><img decoding=\"async\" class=\" alignleft  wp-image-8346\" src=\"https:\/\/www.iemj.org\/wp-content\/uploads\/2015\/11\/i_43-33_.jpg\" alt=\"i_43-33_.jpg\" width=\"289\" height=\"210\" align=\"left\" \/>Nel 1928, la Comunit\u00e0 Israelitica d\u2019Alessandria (Egitto) gli propone il posto di direttore musicale del Tempio Eliahou Hanabi. Professore di musica nelle scuole della Comunit\u00e0, fonda e dirige un\u2019orchestra di strumenti a fiato. Tiene ugualmente dei corsi d\u2019armonia e di composizione al Conservatorio G. Verdi d\u2019Alessandria fino al 1940, poi al Conservatorio di Musica d\u2019Alessandria dal 1952 al 1957. Dopo la guerra del Sina\u00ef, s\u2019installa a Parigi con la famiglia nel 1957.\u00a0<\/p>\n<p>Durante la sua carriera parigina, Hemsi assicura la direzione musicale di due sinagoghe sefardite, Brith Shalom e Don Isaac Abravanel, oltre a corsi di liturgia musicale presso il Seminario Ebraico di Francia. Musicologo e gran lavoratore per la causa giudeo-spagnola, anima una serie di programmi in lingua spagnola alla radio francese per fare conoscere meglio il folklore giudeo-spagnolo. Poco prima della sua morte, nel 1975, \u00e8 eletto corrispondente dell\u2019Accademia Reale delle Belle Arti di San Fernando a Madrid in riconoscimento del suo lavoro effettuato sulle musiche sefardite.<\/p>\n<p><img decoding=\"async\" class=\"size-full wp-image-55889 alignright\" src=\"https:\/\/www.iemj.org\/wp-content\/uploads\/2015\/11\/six-danses-turques-zeibek-pour-piano-alberto-hemsi_50_-1.jpg\" alt=\"\" width=\"199\" height=\"279\" \/>Titolare di numerosi premi internazionali, musicista riconosciuto, Alberto Hemsi lascia un&#8217;importante opera\u00a0musicale\u00a0(54 opus), spesso inedita e di eccezionale qualit\u00e0: numerosi brani per canto e pianoforte (<em>Kal nidre<\/em>, <em>Yom guila<\/em>, <em>Visioni bibliche<\/em>, ecc.), per coro (<em>Sei cori in ladino<\/em>, <em>quattro lavori ebraici<\/em>, ecc.), per uno o due pianoforti (<em>Tre danze egiziane<\/em>, <em>Tre danze bibliche<\/em>, ecc.), per violino, viola o violoncello e pianoforte (diverse <em>Suite sefardite<\/em>), infine per diversi complessi ed orchestra sinfonica (<em>Danze bibliche<\/em>, <em>Tavola sinfonica<\/em>, ecc.).<\/p>\n<p>Gran parte delle sue opere esiste solo sotto la forma di calchi o manoscritti, attualmente detenuti dall&#8217;Istituto Europeo di Musiche Ebraiche dopo la donazione dei suoi archivi effettuata dalla sua vedova, la signora Myriam Capelutto Hemsi, il 5 luglio 2004.<\/p>\n<ul>\n<li><a href=\"https:\/\/www.iemj.org\/it\/categorie-produit\/spartiti-it\/compositori-it\/hemsi-alberto-it\/\" target=\"_blank\" rel=\"noopener\">Ordinare gli spartiti di Alberto Hemsi sul sito dell\u2019IEMJ<\/a><\/li>\n<li><a href=\"https:\/\/www.iemj.org\/en\/product\/alberto-hemsi-coplas-sefardies\/\" target=\"_blank\" rel=\"noopener\">Ordinare il CD Alberto Hemsi, Coplas sefardies, coll. Patrimon\u00ee musicali degli ebrei di Francia, edizione dell&#8217;IEMJ, 2004<\/a><\/li>\n<li><a href=\"https:\/\/www.iemj.org\/it\/alberto-hemsi-coplas-sefardies\/\" target=\"_blank\" rel=\"noopener\">Ascoltare estratti dal CD Alberto Hemsi, Coplas sefardies<\/a><\/li>\n<li><a href=\"https:\/\/www.iemj.org\/it\/video-alberto-hemsi-un-compositeur-au-service-de-la-culture-sefarade\/\">Visionare il film su Alberto Hemsi<\/a><\/li>\n<li><a href=\"https:\/\/www.youtube.com\/playlist?list=PLx_IKco0CteD3pmz8kaz9Jcz7Ge0kVHuw\" target=\"_blank\" rel=\"noopener\">Trovare Alberto Hemsi sul nostro canale YouTube<\/a><\/li>\n<li><a href=\"http:\/\/www.rachelnet.net\/F\/?func=find-c&amp;ccl_term=WRD+%3D+Hemsi+Alberto&amp;local_base=iemcg\" target=\"_blank\" rel=\"noopener\">Consultare i nostri archivi su Alberto Hemsi<br \/><\/a><\/li>\n<\/ul>\n\n\n<p><\/p>\n<div class=\"speaker-mute footnotes_reference_container\"> <div class=\"footnote_container_prepare\"><p><span role=\"button\" tabindex=\"0\" class=\"footnote_reference_container_label pointer\" onclick=\"footnote_expand_collapse_reference_container_55864_1();\">&#x202F;<\/span><span role=\"button\" tabindex=\"0\" class=\"footnote_reference_container_collapse_button\" style=\"display: none;\" onclick=\"footnote_expand_collapse_reference_container_55864_1();\">[<a id=\"footnote_reference_container_collapse_button_55864_1\">+<\/a>]<\/span><\/p><\/div> <div id=\"footnote_references_container_55864_1\" style=\"\"><table class=\"footnotes_table footnote-reference-container\"><caption class=\"accessibility\">References<\/caption> <tbody> \r\n\r\n<tr class=\"footnotes_plugin_reference_row\"> <th scope=\"row\" class=\"footnote_plugin_index_combi pointer\"  onclick=\"footnote_moveToAnchor_55864_1('footnote_plugin_tooltip_55864_1_1');\"><a id=\"footnote_plugin_reference_55864_1_1\" class=\"footnote_backlink\">1<\/a><\/th> <td class=\"footnote_plugin_text\">C&#8217;\u00e8 qualche incertezza sulla data di nascita di Alberto Hemsi. Secondo una delle sue figlie, Ketty Menasce, la data del 23 dicembre 1896 \u00e8 quella riportata sul suo ultimo passaporto.<\/td><\/tr>\r\n\r\n <\/tbody> <\/table> <\/div><\/div><script type=\"text\/javascript\"> function footnote_expand_reference_container_55864_1() { jQuery('#footnote_references_container_55864_1').show(); jQuery('#footnote_reference_container_collapse_button_55864_1').text('\u2212'); } function footnote_collapse_reference_container_55864_1() { jQuery('#footnote_references_container_55864_1').hide(); jQuery('#footnote_reference_container_collapse_button_55864_1').text('+'); } function footnote_expand_collapse_reference_container_55864_1() { if (jQuery('#footnote_references_container_55864_1').is(':hidden')) { footnote_expand_reference_container_55864_1(); } else { footnote_collapse_reference_container_55864_1(); } } function footnote_moveToReference_55864_1(p_str_TargetID) { footnote_expand_reference_container_55864_1(); var l_obj_Target = jQuery('#' + p_str_TargetID); if (l_obj_Target.length) { jQuery( 'html, body' ).delay( 0 ); jQuery('html, body').animate({ scrollTop: l_obj_Target.offset().top - window.innerHeight * 0.2 }, 380); } } function footnote_moveToAnchor_55864_1(p_str_TargetID) { footnote_expand_reference_container_55864_1(); var l_obj_Target = jQuery('#' + p_str_TargetID); if (l_obj_Target.length) { jQuery( 'html, body' ).delay( 0 ); jQuery('html, body').animate({ scrollTop: l_obj_Target.offset().top - window.innerHeight * 0.2 }, 380); } }<\/script>","protected":false},"excerpt":{"rendered":"<p>Nato il 23 dicembre 1896[1]C&#8217;\u00e8 qualche incertezza sulla data di nascita di Alberto Hemsi. Secondo una delle sue figlie, Ketty Menasce, la data del 23 dicembre 1896 \u00e8 quella riportata<\/p>\n","protected":false},"author":1045,"featured_media":55865,"comment_status":"closed","ping_status":"open","sticky":false,"template":"","format":"standard","meta":{"_acf_changed":false,"footnotes":""},"categories":[1416],"tags":[],"technique":[],"squelettes":[],"sujet":[],"formation":[],"genre":[1675],"fonds":[],"tradition":[],"type-de-contenu":[],"interprete-compositeur":[3082],"frise":[],"type-devenement":[],"tableaux-liens-externes":[],"class_list":["post-55864","post","type-post","status-publish","format-standard","has-post-thumbnail","hentry","category-biografie-it","genre-giudeo-spagnolo-it","interprete-compositeur-alberto-hemsi-it"],"acf":[],"yoast_head":"<!-- This site is optimized with the Yoast SEO plugin v27.3 - https:\/\/yoast.com\/product\/yoast-seo-wordpress\/ -->\n<title>Hemsi, Alberto (1896-1975) - Institut Europ\u00e9en des Musiques Juives<\/title>\n<meta name=\"robots\" content=\"index, follow, max-snippet:-1, max-image-preview:large, max-video-preview:-1\" \/>\n<link rel=\"canonical\" href=\"https:\/\/www.iemj.org\/it\/hemsi-alberto-1898-1975\/\" \/>\n<meta property=\"og:locale\" content=\"it_IT\" \/>\n<meta property=\"og:type\" content=\"article\" \/>\n<meta property=\"og:title\" content=\"Hemsi, Alberto (1896-1975) - Institut Europ\u00e9en des Musiques Juives\" \/>\n<meta property=\"og:description\" content=\"Nato il 23 dicembre 1896[1]C&#8217;\u00e8 qualche incertezza sulla data di nascita di Alberto Hemsi. Secondo una delle sue figlie, Ketty Menasce, la data del 23 dicembre 1896 \u00e8 quella riportata\" \/>\n<meta property=\"og:url\" content=\"https:\/\/www.iemj.org\/it\/hemsi-alberto-1898-1975\/\" \/>\n<meta property=\"og:site_name\" content=\"Institut Europ\u00e9en des Musiques Juives\" \/>\n<meta property=\"article:publisher\" content=\"https:\/\/www.facebook.com\/MusiquesJuives\/\" \/>\n<meta property=\"article:published_time\" content=\"2015-11-05T10:29:39+00:00\" \/>\n<meta property=\"article:modified_time\" content=\"2025-02-25T14:52:33+00:00\" \/>\n<meta property=\"og:image\" content=\"https:\/\/www.iemj.org\/wp-content\/uploads\/2015\/11\/arton1245-e1617025893696.jpg\" \/>\n\t<meta property=\"og:image:width\" content=\"163\" \/>\n\t<meta property=\"og:image:height\" content=\"218\" \/>\n\t<meta property=\"og:image:type\" content=\"image\/jpeg\" \/>\n<meta name=\"author\" content=\"Herv\u00e9 Roten\" \/>\n<meta name=\"twitter:card\" content=\"summary_large_image\" \/>\n<meta name=\"twitter:label1\" content=\"Scritto da\" \/>\n\t<meta name=\"twitter:data1\" content=\"Herv\u00e9 Roten\" \/>\n\t<meta name=\"twitter:label2\" content=\"Tempo di lettura stimato\" \/>\n\t<meta name=\"twitter:data2\" content=\"5 minuti\" \/>\n<script type=\"application\/ld+json\" class=\"yoast-schema-graph\">{\"@context\":\"https:\\\/\\\/schema.org\",\"@graph\":[{\"@type\":\"Article\",\"@id\":\"https:\\\/\\\/www.iemj.org\\\/it\\\/hemsi-alberto-1898-1975\\\/#article\",\"isPartOf\":{\"@id\":\"https:\\\/\\\/www.iemj.org\\\/it\\\/hemsi-alberto-1898-1975\\\/\"},\"author\":{\"name\":\"Herv\u00e9 Roten\",\"@id\":\"https:\\\/\\\/www.iemj.org\\\/it\\\/#\\\/schema\\\/person\\\/906134402c29d5c76e7b726261dd4bbd\"},\"headline\":\"Hemsi, Alberto (1896-1975)\",\"datePublished\":\"2015-11-05T10:29:39+00:00\",\"dateModified\":\"2025-02-25T14:52:33+00:00\",\"mainEntityOfPage\":{\"@id\":\"https:\\\/\\\/www.iemj.org\\\/it\\\/hemsi-alberto-1898-1975\\\/\"},\"wordCount\":635,\"publisher\":{\"@id\":\"https:\\\/\\\/www.iemj.org\\\/it\\\/#organization\"},\"image\":{\"@id\":\"https:\\\/\\\/www.iemj.org\\\/it\\\/hemsi-alberto-1898-1975\\\/#primaryimage\"},\"thumbnailUrl\":\"https:\\\/\\\/www.iemj.org\\\/wp-content\\\/uploads\\\/2015\\\/11\\\/arton1245-e1617025893696.jpg\",\"articleSection\":[\"Biografie\"],\"inLanguage\":\"it-IT\"},{\"@type\":\"WebPage\",\"@id\":\"https:\\\/\\\/www.iemj.org\\\/it\\\/hemsi-alberto-1898-1975\\\/\",\"url\":\"https:\\\/\\\/www.iemj.org\\\/it\\\/hemsi-alberto-1898-1975\\\/\",\"name\":\"Hemsi, Alberto (1896-1975) - Institut Europ\u00e9en des Musiques Juives\",\"isPartOf\":{\"@id\":\"https:\\\/\\\/www.iemj.org\\\/it\\\/#website\"},\"primaryImageOfPage\":{\"@id\":\"https:\\\/\\\/www.iemj.org\\\/it\\\/hemsi-alberto-1898-1975\\\/#primaryimage\"},\"image\":{\"@id\":\"https:\\\/\\\/www.iemj.org\\\/it\\\/hemsi-alberto-1898-1975\\\/#primaryimage\"},\"thumbnailUrl\":\"https:\\\/\\\/www.iemj.org\\\/wp-content\\\/uploads\\\/2015\\\/11\\\/arton1245-e1617025893696.jpg\",\"datePublished\":\"2015-11-05T10:29:39+00:00\",\"dateModified\":\"2025-02-25T14:52:33+00:00\",\"breadcrumb\":{\"@id\":\"https:\\\/\\\/www.iemj.org\\\/it\\\/hemsi-alberto-1898-1975\\\/#breadcrumb\"},\"inLanguage\":\"it-IT\",\"potentialAction\":[{\"@type\":\"ReadAction\",\"target\":[\"https:\\\/\\\/www.iemj.org\\\/it\\\/hemsi-alberto-1898-1975\\\/\"]}]},{\"@type\":\"ImageObject\",\"inLanguage\":\"it-IT\",\"@id\":\"https:\\\/\\\/www.iemj.org\\\/it\\\/hemsi-alberto-1898-1975\\\/#primaryimage\",\"url\":\"https:\\\/\\\/www.iemj.org\\\/wp-content\\\/uploads\\\/2015\\\/11\\\/arton1245-e1617025893696.jpg\",\"contentUrl\":\"https:\\\/\\\/www.iemj.org\\\/wp-content\\\/uploads\\\/2015\\\/11\\\/arton1245-e1617025893696.jpg\",\"width\":163,\"height\":218},{\"@type\":\"BreadcrumbList\",\"@id\":\"https:\\\/\\\/www.iemj.org\\\/it\\\/hemsi-alberto-1898-1975\\\/#breadcrumb\",\"itemListElement\":[{\"@type\":\"ListItem\",\"position\":1,\"name\":\"Accueil\",\"item\":\"https:\\\/\\\/www.iemj.org\\\/it\\\/\"},{\"@type\":\"ListItem\",\"position\":2,\"name\":\"Hemsi, Alberto (1896-1975)\"}]},{\"@type\":\"WebSite\",\"@id\":\"https:\\\/\\\/www.iemj.org\\\/it\\\/#website\",\"url\":\"https:\\\/\\\/www.iemj.org\\\/it\\\/\",\"name\":\"Institut Europ\u00e9en des Musiques Juives\",\"description\":\"Des traditions musicales \u00e0 la port\u00e9e de tous\",\"publisher\":{\"@id\":\"https:\\\/\\\/www.iemj.org\\\/it\\\/#organization\"},\"potentialAction\":[{\"@type\":\"SearchAction\",\"target\":{\"@type\":\"EntryPoint\",\"urlTemplate\":\"https:\\\/\\\/www.iemj.org\\\/it\\\/?s={search_term_string}\"},\"query-input\":{\"@type\":\"PropertyValueSpecification\",\"valueRequired\":true,\"valueName\":\"search_term_string\"}}],\"inLanguage\":\"it-IT\"},{\"@type\":\"Organization\",\"@id\":\"https:\\\/\\\/www.iemj.org\\\/it\\\/#organization\",\"name\":\"Institut Europ\u00e9en des Musiques Juives\",\"url\":\"https:\\\/\\\/www.iemj.org\\\/it\\\/\",\"logo\":{\"@type\":\"ImageObject\",\"inLanguage\":\"it-IT\",\"@id\":\"https:\\\/\\\/www.iemj.org\\\/it\\\/#\\\/schema\\\/logo\\\/image\\\/\",\"url\":\"https:\\\/\\\/www.iemj.org\\\/wp-content\\\/uploads\\\/2021\\\/09\\\/Logo-IEMJ-Paypal.jpg\",\"contentUrl\":\"https:\\\/\\\/www.iemj.org\\\/wp-content\\\/uploads\\\/2021\\\/09\\\/Logo-IEMJ-Paypal.jpg\",\"width\":150,\"height\":50,\"caption\":\"Institut Europ\u00e9en des Musiques Juives\"},\"image\":{\"@id\":\"https:\\\/\\\/www.iemj.org\\\/it\\\/#\\\/schema\\\/logo\\\/image\\\/\"},\"sameAs\":[\"https:\\\/\\\/www.facebook.com\\\/MusiquesJuives\\\/\",\"https:\\\/\\\/www.instagram.com\\\/musiquesjuives\\\/\",\"https:\\\/\\\/www.youtube.com\\\/user\\\/musiquesjuives\"]},{\"@type\":\"Person\",\"@id\":\"https:\\\/\\\/www.iemj.org\\\/it\\\/#\\\/schema\\\/person\\\/906134402c29d5c76e7b726261dd4bbd\",\"name\":\"Herv\u00e9 Roten\",\"image\":{\"@type\":\"ImageObject\",\"inLanguage\":\"it-IT\",\"@id\":\"https:\\\/\\\/secure.gravatar.com\\\/avatar\\\/f96ad2db538a26481f18384936b5cd0610c92d390c4dc382209216d455f685ff?s=96&d=mm&r=g\",\"url\":\"https:\\\/\\\/secure.gravatar.com\\\/avatar\\\/f96ad2db538a26481f18384936b5cd0610c92d390c4dc382209216d455f685ff?s=96&d=mm&r=g\",\"contentUrl\":\"https:\\\/\\\/secure.gravatar.com\\\/avatar\\\/f96ad2db538a26481f18384936b5cd0610c92d390c4dc382209216d455f685ff?s=96&d=mm&r=g\",\"caption\":\"Herv\u00e9 Roten\"}}]}<\/script>\n<!-- \/ Yoast SEO plugin. -->","yoast_head_json":{"title":"Hemsi, Alberto (1896-1975) - Institut Europ\u00e9en des Musiques Juives","robots":{"index":"index","follow":"follow","max-snippet":"max-snippet:-1","max-image-preview":"max-image-preview:large","max-video-preview":"max-video-preview:-1"},"canonical":"https:\/\/www.iemj.org\/it\/hemsi-alberto-1898-1975\/","og_locale":"it_IT","og_type":"article","og_title":"Hemsi, Alberto (1896-1975) - Institut Europ\u00e9en des Musiques Juives","og_description":"Nato il 23 dicembre 1896[1]C&#8217;\u00e8 qualche incertezza sulla data di nascita di Alberto Hemsi. Secondo una delle sue figlie, Ketty Menasce, la data del 23 dicembre 1896 \u00e8 quella riportata","og_url":"https:\/\/www.iemj.org\/it\/hemsi-alberto-1898-1975\/","og_site_name":"Institut Europ\u00e9en des Musiques Juives","article_publisher":"https:\/\/www.facebook.com\/MusiquesJuives\/","article_published_time":"2015-11-05T10:29:39+00:00","article_modified_time":"2025-02-25T14:52:33+00:00","og_image":[{"width":163,"height":218,"url":"https:\/\/www.iemj.org\/wp-content\/uploads\/2015\/11\/arton1245-e1617025893696.jpg","type":"image\/jpeg"}],"author":"Herv\u00e9 Roten","twitter_card":"summary_large_image","twitter_misc":{"Scritto da":"Herv\u00e9 Roten","Tempo di lettura stimato":"5 minuti"},"schema":{"@context":"https:\/\/schema.org","@graph":[{"@type":"Article","@id":"https:\/\/www.iemj.org\/it\/hemsi-alberto-1898-1975\/#article","isPartOf":{"@id":"https:\/\/www.iemj.org\/it\/hemsi-alberto-1898-1975\/"},"author":{"name":"Herv\u00e9 Roten","@id":"https:\/\/www.iemj.org\/it\/#\/schema\/person\/906134402c29d5c76e7b726261dd4bbd"},"headline":"Hemsi, Alberto (1896-1975)","datePublished":"2015-11-05T10:29:39+00:00","dateModified":"2025-02-25T14:52:33+00:00","mainEntityOfPage":{"@id":"https:\/\/www.iemj.org\/it\/hemsi-alberto-1898-1975\/"},"wordCount":635,"publisher":{"@id":"https:\/\/www.iemj.org\/it\/#organization"},"image":{"@id":"https:\/\/www.iemj.org\/it\/hemsi-alberto-1898-1975\/#primaryimage"},"thumbnailUrl":"https:\/\/www.iemj.org\/wp-content\/uploads\/2015\/11\/arton1245-e1617025893696.jpg","articleSection":["Biografie"],"inLanguage":"it-IT"},{"@type":"WebPage","@id":"https:\/\/www.iemj.org\/it\/hemsi-alberto-1898-1975\/","url":"https:\/\/www.iemj.org\/it\/hemsi-alberto-1898-1975\/","name":"Hemsi, Alberto (1896-1975) - Institut Europ\u00e9en des Musiques Juives","isPartOf":{"@id":"https:\/\/www.iemj.org\/it\/#website"},"primaryImageOfPage":{"@id":"https:\/\/www.iemj.org\/it\/hemsi-alberto-1898-1975\/#primaryimage"},"image":{"@id":"https:\/\/www.iemj.org\/it\/hemsi-alberto-1898-1975\/#primaryimage"},"thumbnailUrl":"https:\/\/www.iemj.org\/wp-content\/uploads\/2015\/11\/arton1245-e1617025893696.jpg","datePublished":"2015-11-05T10:29:39+00:00","dateModified":"2025-02-25T14:52:33+00:00","breadcrumb":{"@id":"https:\/\/www.iemj.org\/it\/hemsi-alberto-1898-1975\/#breadcrumb"},"inLanguage":"it-IT","potentialAction":[{"@type":"ReadAction","target":["https:\/\/www.iemj.org\/it\/hemsi-alberto-1898-1975\/"]}]},{"@type":"ImageObject","inLanguage":"it-IT","@id":"https:\/\/www.iemj.org\/it\/hemsi-alberto-1898-1975\/#primaryimage","url":"https:\/\/www.iemj.org\/wp-content\/uploads\/2015\/11\/arton1245-e1617025893696.jpg","contentUrl":"https:\/\/www.iemj.org\/wp-content\/uploads\/2015\/11\/arton1245-e1617025893696.jpg","width":163,"height":218},{"@type":"BreadcrumbList","@id":"https:\/\/www.iemj.org\/it\/hemsi-alberto-1898-1975\/#breadcrumb","itemListElement":[{"@type":"ListItem","position":1,"name":"Accueil","item":"https:\/\/www.iemj.org\/it\/"},{"@type":"ListItem","position":2,"name":"Hemsi, Alberto (1896-1975)"}]},{"@type":"WebSite","@id":"https:\/\/www.iemj.org\/it\/#website","url":"https:\/\/www.iemj.org\/it\/","name":"Institut Europ\u00e9en des Musiques Juives","description":"Des traditions musicales \u00e0 la port\u00e9e de tous","publisher":{"@id":"https:\/\/www.iemj.org\/it\/#organization"},"potentialAction":[{"@type":"SearchAction","target":{"@type":"EntryPoint","urlTemplate":"https:\/\/www.iemj.org\/it\/?s={search_term_string}"},"query-input":{"@type":"PropertyValueSpecification","valueRequired":true,"valueName":"search_term_string"}}],"inLanguage":"it-IT"},{"@type":"Organization","@id":"https:\/\/www.iemj.org\/it\/#organization","name":"Institut Europ\u00e9en des Musiques Juives","url":"https:\/\/www.iemj.org\/it\/","logo":{"@type":"ImageObject","inLanguage":"it-IT","@id":"https:\/\/www.iemj.org\/it\/#\/schema\/logo\/image\/","url":"https:\/\/www.iemj.org\/wp-content\/uploads\/2021\/09\/Logo-IEMJ-Paypal.jpg","contentUrl":"https:\/\/www.iemj.org\/wp-content\/uploads\/2021\/09\/Logo-IEMJ-Paypal.jpg","width":150,"height":50,"caption":"Institut Europ\u00e9en des Musiques Juives"},"image":{"@id":"https:\/\/www.iemj.org\/it\/#\/schema\/logo\/image\/"},"sameAs":["https:\/\/www.facebook.com\/MusiquesJuives\/","https:\/\/www.instagram.com\/musiquesjuives\/","https:\/\/www.youtube.com\/user\/musiquesjuives"]},{"@type":"Person","@id":"https:\/\/www.iemj.org\/it\/#\/schema\/person\/906134402c29d5c76e7b726261dd4bbd","name":"Herv\u00e9 Roten","image":{"@type":"ImageObject","inLanguage":"it-IT","@id":"https:\/\/secure.gravatar.com\/avatar\/f96ad2db538a26481f18384936b5cd0610c92d390c4dc382209216d455f685ff?s=96&d=mm&r=g","url":"https:\/\/secure.gravatar.com\/avatar\/f96ad2db538a26481f18384936b5cd0610c92d390c4dc382209216d455f685ff?s=96&d=mm&r=g","contentUrl":"https:\/\/secure.gravatar.com\/avatar\/f96ad2db538a26481f18384936b5cd0610c92d390c4dc382209216d455f685ff?s=96&d=mm&r=g","caption":"Herv\u00e9 Roten"}}]}},"_links":{"self":[{"href":"https:\/\/www.iemj.org\/it\/wp-json\/wp\/v2\/posts\/55864","targetHints":{"allow":["GET"]}}],"collection":[{"href":"https:\/\/www.iemj.org\/it\/wp-json\/wp\/v2\/posts"}],"about":[{"href":"https:\/\/www.iemj.org\/it\/wp-json\/wp\/v2\/types\/post"}],"author":[{"embeddable":true,"href":"https:\/\/www.iemj.org\/it\/wp-json\/wp\/v2\/users\/1045"}],"replies":[{"embeddable":true,"href":"https:\/\/www.iemj.org\/it\/wp-json\/wp\/v2\/comments?post=55864"}],"version-history":[{"count":0,"href":"https:\/\/www.iemj.org\/it\/wp-json\/wp\/v2\/posts\/55864\/revisions"}],"wp:featuredmedia":[{"embeddable":true,"href":"https:\/\/www.iemj.org\/it\/wp-json\/wp\/v2\/media\/55865"}],"wp:attachment":[{"href":"https:\/\/www.iemj.org\/it\/wp-json\/wp\/v2\/media?parent=55864"}],"wp:term":[{"taxonomy":"category","embeddable":true,"href":"https:\/\/www.iemj.org\/it\/wp-json\/wp\/v2\/categories?post=55864"},{"taxonomy":"post_tag","embeddable":true,"href":"https:\/\/www.iemj.org\/it\/wp-json\/wp\/v2\/tags?post=55864"},{"taxonomy":"technique","embeddable":true,"href":"https:\/\/www.iemj.org\/it\/wp-json\/wp\/v2\/technique?post=55864"},{"taxonomy":"squelettes","embeddable":true,"href":"https:\/\/www.iemj.org\/it\/wp-json\/wp\/v2\/squelettes?post=55864"},{"taxonomy":"sujet","embeddable":true,"href":"https:\/\/www.iemj.org\/it\/wp-json\/wp\/v2\/sujet?post=55864"},{"taxonomy":"formation","embeddable":true,"href":"https:\/\/www.iemj.org\/it\/wp-json\/wp\/v2\/formation?post=55864"},{"taxonomy":"genre","embeddable":true,"href":"https:\/\/www.iemj.org\/it\/wp-json\/wp\/v2\/genre?post=55864"},{"taxonomy":"fonds","embeddable":true,"href":"https:\/\/www.iemj.org\/it\/wp-json\/wp\/v2\/fonds?post=55864"},{"taxonomy":"tradition","embeddable":true,"href":"https:\/\/www.iemj.org\/it\/wp-json\/wp\/v2\/tradition?post=55864"},{"taxonomy":"type-de-contenu","embeddable":true,"href":"https:\/\/www.iemj.org\/it\/wp-json\/wp\/v2\/type-de-contenu?post=55864"},{"taxonomy":"interprete-compositeur","embeddable":true,"href":"https:\/\/www.iemj.org\/it\/wp-json\/wp\/v2\/interprete-compositeur?post=55864"},{"taxonomy":"frise","embeddable":true,"href":"https:\/\/www.iemj.org\/it\/wp-json\/wp\/v2\/frise?post=55864"},{"taxonomy":"type-devenement","embeddable":true,"href":"https:\/\/www.iemj.org\/it\/wp-json\/wp\/v2\/type-devenement?post=55864"},{"taxonomy":"tableaux-liens-externes","embeddable":true,"href":"https:\/\/www.iemj.org\/it\/wp-json\/wp\/v2\/tableaux-liens-externes?post=55864"}],"curies":[{"name":"wp","href":"https:\/\/api.w.org\/{rel}","templated":true}]}}