{"id":55910,"date":"2017-05-01T15:41:17","date_gmt":"2017-05-01T13:41:17","guid":{"rendered":"https:\/\/www.iemj.org\/gerro-henri-vers-1919-1980\/"},"modified":"2021-07-18T10:54:43","modified_gmt":"2021-07-18T08:54:43","slug":"gerro-henri-vers-1919-1980","status":"publish","type":"post","link":"https:\/\/www.iemj.org\/it\/gerro-henri-vers-1919-1980\/","title":{"rendered":"Gerro, Henri (ca. 1919-1980)"},"content":{"rendered":"<p>Henri Gerro (Roizman) nasce il 31 agosto 1919 a Rovno (provincia del Volyn), ora in Ucraina. Inizia a esibirsi all&#8217;et\u00e0 di 12 anni sui palcoscenici in Polonia.<\/p>\n<p>Dopo la guerra emigra a Parigi<span class=\"footnote_referrer\"><a role=\"button\" tabindex=\"0\" onclick=\"footnote_moveToReference_55910_1('footnote_plugin_reference_55910_1_1');\" onkeypress=\"footnote_moveToReference_55910_1('footnote_plugin_reference_55910_1_1');\" ><sup id=\"footnote_plugin_tooltip_55910_1_1\" class=\"footnote_plugin_tooltip_text\">[1]<\/sup><\/a><span id=\"footnote_plugin_tooltip_text_55910_1_1\" class=\"footnote_tooltip\">Intervista di A. Carmeli in <em>Teater Shpigl<\/em> [Lo specchio del teatro] (ed. Aaron Poliakoff), n. 1, p.12, aprile 1951<\/span><\/span><script type=\"text\/javascript\"> jQuery('#footnote_plugin_tooltip_55910_1_1').tooltip({ tip: '#footnote_plugin_tooltip_text_55910_1_1', tipClass: 'footnote_tooltip', effect: 'fade', predelay: 0, fadeInSpeed: 200, delay: 400, fadeOutSpeed: 200, position: 'top center', relative: true, offset: [-7, 0], });<\/script><span style=\"font-size: inherit;\">, probabilmente dopo aver studiato medicina in Svizzera per uno o due anni, oltre che le arti drammatiche a Kiev<span class=\"footnote_referrer\"><a role=\"button\" tabindex=\"0\" onclick=\"footnote_moveToReference_55910_1('footnote_plugin_reference_55910_1_2');\" onkeypress=\"footnote_moveToReference_55910_1('footnote_plugin_reference_55910_1_2');\" ><sup id=\"footnote_plugin_tooltip_55910_1_2\" class=\"footnote_plugin_tooltip_text\">[2]<\/sup><\/a><span id=\"footnote_plugin_tooltip_text_55910_1_2\" class=\"footnote_tooltip\"><em>Henri Gerro [Henryk Roizman]: <a href=\"http:\/\/yiddishmusic.jewniverse.info\/gerrohenri\/index.html\" target=\"_blank\" rel=\"noopener\"><span class=\"footnote_url_wrap\">http:\/\/yiddishmusic.jewniverse.info\/gerrohenri\/index.html<\/span><\/a><\/em><\/span><\/span><script type=\"text\/javascript\"> jQuery('#footnote_plugin_tooltip_55910_1_2').tooltip({ tip: '#footnote_plugin_tooltip_text_55910_1_2', tipClass: 'footnote_tooltip', effect: 'fade', predelay: 0, fadeInSpeed: 200, delay: 400, fadeOutSpeed: 200, position: 'top center', relative: true, offset: [-7, 0], });<\/script><\/span><span style=\"font-size: inherit;\">.<\/span><\/p>\n<p>Alla fine degli anni Quaranta chiede l&#8217;asilo politico in Francia. Compositore e cantante, violinista e attore, suona e registra tra il 1947 e il 1951 in particolare con le orchestre di Henryk Gold e Bernard Potock. Dopo un contratto di due anni a Buenos Aires e l&#8217;incontro con l&#8217;attrice e cantante Rosita Londner nel 1951, che diventer\u00e0 sua moglie nel 1953, si trasferisce in Argentina.<\/p>\n<p><span style=\"font-size: inherit;\">Rosita Londner nasce a Varsavia, ma i suoi genitori emigrano in Argentina quando aveva solo pochi mesi. In questo Paese, lavora per il teatro Mitre di Buenos Aires e si esibisce con altri prestigiosi attori yiddish, come Dina Halperin, Mijl Mijalesco, Benzion Witler, Shifra Lerer, Dzigan e Shumacher, Jennie Lowitz, Meier Zelniker ed altri<span class=\"footnote_referrer\"><a role=\"button\" tabindex=\"0\" onclick=\"footnote_moveToReference_55910_1('footnote_plugin_reference_55910_1_3');\" onkeypress=\"footnote_moveToReference_55910_1('footnote_plugin_reference_55910_1_3');\" ><sup id=\"footnote_plugin_tooltip_55910_1_3\" class=\"footnote_plugin_tooltip_text\">[3]<\/sup><\/a><span id=\"footnote_plugin_tooltip_text_55910_1_3\" class=\"footnote_tooltip\">Rosita Londner -biografia:<em style=\"font-size: inherit;\">\u00a0<a href=\"http:\/\/www.imdb.com\/name\/nm1428970\/bio\" target=\"_blank\" rel=\"noopener\"><span class=\"footnote_url_wrap\">http:\/\/www.imdb.com\/name\/nm1428970\/bio<\/span><\/a><\/em><\/span><\/span><script type=\"text\/javascript\"> jQuery('#footnote_plugin_tooltip_55910_1_3').tooltip({ tip: '#footnote_plugin_tooltip_text_55910_1_3', tipClass: 'footnote_tooltip', effect: 'fade', predelay: 0, fadeInSpeed: 200, delay: 400, fadeOutSpeed: 200, position: 'top center', relative: true, offset: [-7, 0], });<\/script><\/span>.<\/p>\n<p>Dopo il loro matrimonio, Henri Gerro e Rosita Londner, soprannominati &#8220;Le stelle del vaudeville e del music-hall ebraico&#8221;, iniziano ad esibirsi in molti paesi. Suonano in particolare a Londra, Parigi, in Sud Africa, in Scandinavia, in Israele ed in tutto il continente americano<span class=\"footnote_referrer\"><a role=\"button\" tabindex=\"0\" onclick=\"footnote_moveToReference_55910_1('footnote_plugin_reference_55910_1_4');\" onkeypress=\"footnote_moveToReference_55910_1('footnote_plugin_reference_55910_1_4');\" ><sup id=\"footnote_plugin_tooltip_55910_1_4\" class=\"footnote_plugin_tooltip_text\">[4]<\/sup><\/a><span id=\"footnote_plugin_tooltip_text_55910_1_4\" class=\"footnote_tooltip\"><em>Ibid.<\/em><\/span><\/span><script type=\"text\/javascript\"> jQuery('#footnote_plugin_tooltip_55910_1_4').tooltip({ tip: '#footnote_plugin_tooltip_text_55910_1_4', tipClass: 'footnote_tooltip', effect: 'fade', predelay: 0, fadeInSpeed: 200, delay: 400, fadeOutSpeed: 200, position: 'top center', relative: true, offset: [-7, 0], });<\/script><strong>.<\/strong><\/p>\n<p>Henri Gerro muore il 17 ottobre 1980 a Buenos Aires.<\/p>\n<p><a href=\"http:\/\/www.rachelnet.net\/F\/?func=find-c&amp;ccl_term=WRD+%3D+Gerro+Henri&amp;local_base=rebie\" target=\"_blank\" rel=\"noopener\">Consultare i nostri archivi su Henri Gerro<\/a><\/p>\n<p><a href=\"https:\/\/www.iemj.org\/it\/produit\/casket-of-the-jewish-musics-in-paris-in-the-aftermath-of-ww-ii\/\" target=\"_blank\" rel=\"noopener\">Ordinare il CD <em>Musiques juives dans le Paris d&#8217;apr\u00e8s-guerre [Musica ebraica nella Parigi del dopoguerra] &#8211; Elesdisc 1948-1953<\/em><\/a><\/p>\n\n\n<figure class=\"wp-block-embed is-type-video is-provider-youtube wp-block-embed-youtube wp-embed-aspect-4-3 wp-has-aspect-ratio\"><div class=\"wp-block-embed__wrapper\">\n<iframe title=\"Musiques juives dans le Paris d&#039;apr\u00e8s-guerre\" width=\"640\" height=\"480\" src=\"https:\/\/www.youtube.com\/embed\/NxMq-4u_3kM?feature=oembed\" frameborder=\"0\" allow=\"accelerometer; autoplay; clipboard-write; encrypted-media; gyroscope; picture-in-picture; web-share\" referrerpolicy=\"strict-origin-when-cross-origin\" allowfullscreen><\/iframe>\n<\/div><figcaption><strong>Introduction : Warsche de Benny Bell <br><a href=\"https:\/\/www.youtube.com\/watch?v=NxMq-4u_3kM&amp;t=87s\">01:27<\/a>\u200b Dave Cash <br><a href=\"https:\/\/www.youtube.com\/watch?v=NxMq-4u_3kM&amp;t=228s\">03:48<\/a>\u200b Bernard Potock <br><a href=\"https:\/\/www.youtube.com\/watch?v=NxMq-4u_3kM&amp;t=358s\">05:58<\/a>\u200b Sarah Gorby <br><a href=\"https:\/\/www.youtube.com\/watch?v=NxMq-4u_3kM&amp;t=507s\">08:27<\/a>\u200b Ben Baruch <br><a href=\"https:\/\/www.youtube.com\/watch?v=NxMq-4u_3kM&amp;t=724s\">12:04<\/a>\u200b Henri Gerro <br><a href=\"https:\/\/www.youtube.com\/watch?v=NxMq-4u_3kM&amp;t=938s\">15:38<\/a>\u200b Richard Inger <br><a href=\"https:\/\/www.youtube.com\/watch?v=NxMq-4u_3kM&amp;t=1142s\">19:02<\/a>\u200b Gli altri artisti della casa discografica<\/strong><\/figcaption><\/figure>\n\n\n\n<p><\/p>\n<div class=\"speaker-mute footnotes_reference_container\"> <div class=\"footnote_container_prepare\"><p><span role=\"button\" tabindex=\"0\" class=\"footnote_reference_container_label pointer\" onclick=\"footnote_expand_collapse_reference_container_55910_1();\">&#x202F;<\/span><span role=\"button\" tabindex=\"0\" class=\"footnote_reference_container_collapse_button\" style=\"display: none;\" onclick=\"footnote_expand_collapse_reference_container_55910_1();\">[<a id=\"footnote_reference_container_collapse_button_55910_1\">+<\/a>]<\/span><\/p><\/div> <div id=\"footnote_references_container_55910_1\" style=\"\"><table class=\"footnotes_table footnote-reference-container\"><caption class=\"accessibility\">References<\/caption> <tbody> \r\n\r\n<tr class=\"footnotes_plugin_reference_row\"> <th scope=\"row\" class=\"footnote_plugin_index_combi pointer\"  onclick=\"footnote_moveToAnchor_55910_1('footnote_plugin_tooltip_55910_1_1');\"><a id=\"footnote_plugin_reference_55910_1_1\" class=\"footnote_backlink\">1<\/a><\/th> <td class=\"footnote_plugin_text\">Intervista di A. Carmeli in <em>Teater Shpigl<\/em> [Lo specchio del teatro] (ed. Aaron Poliakoff), n. 1, p.12, aprile 1951<\/td><\/tr>\r\n\r\n<tr class=\"footnotes_plugin_reference_row\"> <th scope=\"row\" class=\"footnote_plugin_index_combi pointer\"  onclick=\"footnote_moveToAnchor_55910_1('footnote_plugin_tooltip_55910_1_2');\"><a id=\"footnote_plugin_reference_55910_1_2\" class=\"footnote_backlink\">2<\/a><\/th> <td class=\"footnote_plugin_text\"><em>Henri Gerro [Henryk Roizman]: <a href=\"http:\/\/yiddishmusic.jewniverse.info\/gerrohenri\/index.html\" target=\"_blank\" rel=\"noopener\"><span class=\"footnote_url_wrap\">http:\/\/yiddishmusic.jewniverse.info\/gerrohenri\/index.html<\/span><\/a><\/em><\/td><\/tr>\r\n\r\n<tr class=\"footnotes_plugin_reference_row\"> <th scope=\"row\" class=\"footnote_plugin_index_combi pointer\"  onclick=\"footnote_moveToAnchor_55910_1('footnote_plugin_tooltip_55910_1_3');\"><a id=\"footnote_plugin_reference_55910_1_3\" class=\"footnote_backlink\">3<\/a><\/th> <td class=\"footnote_plugin_text\">Rosita Londner -biografia:<em style=\"font-size: inherit;\">\u00a0<a href=\"http:\/\/www.imdb.com\/name\/nm1428970\/bio\" target=\"_blank\" rel=\"noopener\"><span class=\"footnote_url_wrap\">http:\/\/www.imdb.com\/name\/nm1428970\/bio<\/span><\/a><\/em><\/td><\/tr>\r\n\r\n<tr class=\"footnotes_plugin_reference_row\"> <th scope=\"row\" class=\"footnote_plugin_index_combi pointer\"  onclick=\"footnote_moveToAnchor_55910_1('footnote_plugin_tooltip_55910_1_4');\"><a id=\"footnote_plugin_reference_55910_1_4\" class=\"footnote_backlink\">4<\/a><\/th> <td class=\"footnote_plugin_text\"><em>Ibid.<\/em><\/td><\/tr>\r\n\r\n <\/tbody> <\/table> <\/div><\/div><script type=\"text\/javascript\"> function footnote_expand_reference_container_55910_1() { jQuery('#footnote_references_container_55910_1').show(); jQuery('#footnote_reference_container_collapse_button_55910_1').text('\u2212'); } function footnote_collapse_reference_container_55910_1() { jQuery('#footnote_references_container_55910_1').hide(); jQuery('#footnote_reference_container_collapse_button_55910_1').text('+'); } function footnote_expand_collapse_reference_container_55910_1() { if (jQuery('#footnote_references_container_55910_1').is(':hidden')) { footnote_expand_reference_container_55910_1(); } else { footnote_collapse_reference_container_55910_1(); } } function footnote_moveToReference_55910_1(p_str_TargetID) { footnote_expand_reference_container_55910_1(); var l_obj_Target = jQuery('#' + p_str_TargetID); if (l_obj_Target.length) { jQuery( 'html, body' ).delay( 0 ); jQuery('html, body').animate({ scrollTop: l_obj_Target.offset().top - window.innerHeight * 0.2 }, 380); } } function footnote_moveToAnchor_55910_1(p_str_TargetID) { footnote_expand_reference_container_55910_1(); var l_obj_Target = jQuery('#' + p_str_TargetID); if (l_obj_Target.length) { jQuery( 'html, body' ).delay( 0 ); jQuery('html, body').animate({ scrollTop: l_obj_Target.offset().top - window.innerHeight * 0.2 }, 380); } }<\/script>","protected":false},"excerpt":{"rendered":"<p>Henri Gerro (Roizman) nasce il 31 agosto 1919 a Rovno (provincia del Volyn), ora in Ucraina. Inizia a esibirsi all&#8217;et\u00e0 di 12 anni sui palcoscenici in Polonia. Dopo la guerra<\/p>\n","protected":false},"author":1052,"featured_media":51784,"comment_status":"closed","ping_status":"open","sticky":false,"template":"","format":"standard","meta":{"_acf_changed":false,"footnotes":""},"categories":[1416],"tags":[],"technique":[],"squelettes":[],"sujet":[],"formation":[],"genre":[],"fonds":[],"tradition":[],"type-de-contenu":[],"interprete-compositeur":[3173],"frise":[],"type-devenement":[],"tableaux-liens-externes":[],"class_list":["post-55910","post","type-post","status-publish","format-standard","has-post-thumbnail","hentry","category-biografie-it","interprete-compositeur-henri-gerro-it"],"acf":[],"yoast_head":"<!-- This site is optimized with the Yoast SEO plugin v27.3 - https:\/\/yoast.com\/product\/yoast-seo-wordpress\/ -->\n<title>Gerro, Henri (ca. 1919-1980) - Institut Europ\u00e9en des Musiques Juives<\/title>\n<meta name=\"robots\" content=\"index, follow, max-snippet:-1, max-image-preview:large, max-video-preview:-1\" \/>\n<link rel=\"canonical\" href=\"https:\/\/www.iemj.org\/it\/gerro-henri-vers-1919-1980\/\" \/>\n<meta property=\"og:locale\" content=\"it_IT\" \/>\n<meta property=\"og:type\" content=\"article\" \/>\n<meta property=\"og:title\" content=\"Gerro, Henri (ca. 1919-1980) - Institut Europ\u00e9en des Musiques Juives\" \/>\n<meta property=\"og:description\" content=\"Henri Gerro (Roizman) nasce il 31 agosto 1919 a Rovno (provincia del Volyn), ora in Ucraina. Inizia a esibirsi all&#8217;et\u00e0 di 12 anni sui palcoscenici in Polonia. Dopo la guerra\" \/>\n<meta property=\"og:url\" content=\"https:\/\/www.iemj.org\/it\/gerro-henri-vers-1919-1980\/\" \/>\n<meta property=\"og:site_name\" content=\"Institut Europ\u00e9en des Musiques Juives\" \/>\n<meta property=\"article:publisher\" content=\"https:\/\/www.facebook.com\/MusiquesJuives\/\" \/>\n<meta property=\"article:published_time\" content=\"2017-05-01T13:41:17+00:00\" \/>\n<meta property=\"article:modified_time\" content=\"2021-07-18T08:54:43+00:00\" \/>\n<meta property=\"og:image\" content=\"https:\/\/www.iemj.org\/wp-content\/uploads\/2017\/05\/arton2270-e1625038610171.jpg\" \/>\n\t<meta property=\"og:image:width\" content=\"180\" \/>\n\t<meta property=\"og:image:height\" content=\"218\" \/>\n\t<meta property=\"og:image:type\" content=\"image\/jpeg\" \/>\n<meta name=\"author\" content=\"Lea Couderc\" \/>\n<meta name=\"twitter:card\" content=\"summary_large_image\" \/>\n<meta name=\"twitter:label1\" content=\"Scritto da\" \/>\n\t<meta name=\"twitter:data1\" content=\"Lea Couderc\" \/>\n\t<meta name=\"twitter:label2\" content=\"Tempo di lettura stimato\" \/>\n\t<meta name=\"twitter:data2\" content=\"2 minuti\" \/>\n<script type=\"application\/ld+json\" class=\"yoast-schema-graph\">{\"@context\":\"https:\\\/\\\/schema.org\",\"@graph\":[{\"@type\":\"Article\",\"@id\":\"https:\\\/\\\/www.iemj.org\\\/it\\\/gerro-henri-vers-1919-1980\\\/#article\",\"isPartOf\":{\"@id\":\"https:\\\/\\\/www.iemj.org\\\/it\\\/gerro-henri-vers-1919-1980\\\/\"},\"author\":{\"name\":\"Lea Couderc\",\"@id\":\"https:\\\/\\\/www.iemj.org\\\/it\\\/#\\\/schema\\\/person\\\/e2ad57f2c4be119c7ed8ab79036807a9\"},\"headline\":\"Gerro, Henri (ca. 1919-1980)\",\"datePublished\":\"2017-05-01T13:41:17+00:00\",\"dateModified\":\"2021-07-18T08:54:43+00:00\",\"mainEntityOfPage\":{\"@id\":\"https:\\\/\\\/www.iemj.org\\\/it\\\/gerro-henri-vers-1919-1980\\\/\"},\"wordCount\":321,\"publisher\":{\"@id\":\"https:\\\/\\\/www.iemj.org\\\/it\\\/#organization\"},\"image\":{\"@id\":\"https:\\\/\\\/www.iemj.org\\\/it\\\/gerro-henri-vers-1919-1980\\\/#primaryimage\"},\"thumbnailUrl\":\"https:\\\/\\\/www.iemj.org\\\/wp-content\\\/uploads\\\/2017\\\/05\\\/arton2270-e1625038610171.jpg\",\"articleSection\":[\"Biografie\"],\"inLanguage\":\"it-IT\"},{\"@type\":\"WebPage\",\"@id\":\"https:\\\/\\\/www.iemj.org\\\/it\\\/gerro-henri-vers-1919-1980\\\/\",\"url\":\"https:\\\/\\\/www.iemj.org\\\/it\\\/gerro-henri-vers-1919-1980\\\/\",\"name\":\"Gerro, Henri (ca. 1919-1980) - Institut Europ\u00e9en des Musiques Juives\",\"isPartOf\":{\"@id\":\"https:\\\/\\\/www.iemj.org\\\/it\\\/#website\"},\"primaryImageOfPage\":{\"@id\":\"https:\\\/\\\/www.iemj.org\\\/it\\\/gerro-henri-vers-1919-1980\\\/#primaryimage\"},\"image\":{\"@id\":\"https:\\\/\\\/www.iemj.org\\\/it\\\/gerro-henri-vers-1919-1980\\\/#primaryimage\"},\"thumbnailUrl\":\"https:\\\/\\\/www.iemj.org\\\/wp-content\\\/uploads\\\/2017\\\/05\\\/arton2270-e1625038610171.jpg\",\"datePublished\":\"2017-05-01T13:41:17+00:00\",\"dateModified\":\"2021-07-18T08:54:43+00:00\",\"breadcrumb\":{\"@id\":\"https:\\\/\\\/www.iemj.org\\\/it\\\/gerro-henri-vers-1919-1980\\\/#breadcrumb\"},\"inLanguage\":\"it-IT\",\"potentialAction\":[{\"@type\":\"ReadAction\",\"target\":[\"https:\\\/\\\/www.iemj.org\\\/it\\\/gerro-henri-vers-1919-1980\\\/\"]}]},{\"@type\":\"ImageObject\",\"inLanguage\":\"it-IT\",\"@id\":\"https:\\\/\\\/www.iemj.org\\\/it\\\/gerro-henri-vers-1919-1980\\\/#primaryimage\",\"url\":\"https:\\\/\\\/www.iemj.org\\\/wp-content\\\/uploads\\\/2017\\\/05\\\/arton2270-e1625038610171.jpg\",\"contentUrl\":\"https:\\\/\\\/www.iemj.org\\\/wp-content\\\/uploads\\\/2017\\\/05\\\/arton2270-e1625038610171.jpg\",\"width\":180,\"height\":218},{\"@type\":\"BreadcrumbList\",\"@id\":\"https:\\\/\\\/www.iemj.org\\\/it\\\/gerro-henri-vers-1919-1980\\\/#breadcrumb\",\"itemListElement\":[{\"@type\":\"ListItem\",\"position\":1,\"name\":\"Accueil\",\"item\":\"https:\\\/\\\/www.iemj.org\\\/it\\\/\"},{\"@type\":\"ListItem\",\"position\":2,\"name\":\"Gerro, Henri (ca. 1919-1980)\"}]},{\"@type\":\"WebSite\",\"@id\":\"https:\\\/\\\/www.iemj.org\\\/it\\\/#website\",\"url\":\"https:\\\/\\\/www.iemj.org\\\/it\\\/\",\"name\":\"Institut Europ\u00e9en des Musiques Juives\",\"description\":\"Des traditions musicales \u00e0 la port\u00e9e de tous\",\"publisher\":{\"@id\":\"https:\\\/\\\/www.iemj.org\\\/it\\\/#organization\"},\"potentialAction\":[{\"@type\":\"SearchAction\",\"target\":{\"@type\":\"EntryPoint\",\"urlTemplate\":\"https:\\\/\\\/www.iemj.org\\\/it\\\/?s={search_term_string}\"},\"query-input\":{\"@type\":\"PropertyValueSpecification\",\"valueRequired\":true,\"valueName\":\"search_term_string\"}}],\"inLanguage\":\"it-IT\"},{\"@type\":\"Organization\",\"@id\":\"https:\\\/\\\/www.iemj.org\\\/it\\\/#organization\",\"name\":\"Institut Europ\u00e9en des Musiques Juives\",\"url\":\"https:\\\/\\\/www.iemj.org\\\/it\\\/\",\"logo\":{\"@type\":\"ImageObject\",\"inLanguage\":\"it-IT\",\"@id\":\"https:\\\/\\\/www.iemj.org\\\/it\\\/#\\\/schema\\\/logo\\\/image\\\/\",\"url\":\"https:\\\/\\\/www.iemj.org\\\/wp-content\\\/uploads\\\/2021\\\/09\\\/Logo-IEMJ-Paypal.jpg\",\"contentUrl\":\"https:\\\/\\\/www.iemj.org\\\/wp-content\\\/uploads\\\/2021\\\/09\\\/Logo-IEMJ-Paypal.jpg\",\"width\":150,\"height\":50,\"caption\":\"Institut Europ\u00e9en des Musiques Juives\"},\"image\":{\"@id\":\"https:\\\/\\\/www.iemj.org\\\/it\\\/#\\\/schema\\\/logo\\\/image\\\/\"},\"sameAs\":[\"https:\\\/\\\/www.facebook.com\\\/MusiquesJuives\\\/\",\"https:\\\/\\\/www.instagram.com\\\/musiquesjuives\\\/\",\"https:\\\/\\\/www.youtube.com\\\/user\\\/musiquesjuives\"]},{\"@type\":\"Person\",\"@id\":\"https:\\\/\\\/www.iemj.org\\\/it\\\/#\\\/schema\\\/person\\\/e2ad57f2c4be119c7ed8ab79036807a9\",\"name\":\"Lea Couderc\",\"image\":{\"@type\":\"ImageObject\",\"inLanguage\":\"it-IT\",\"@id\":\"https:\\\/\\\/secure.gravatar.com\\\/avatar\\\/46ee021475d60aeff17a7e490b79dea5a5684bb392ab7fd1494027411df8ba23?s=96&d=mm&r=g\",\"url\":\"https:\\\/\\\/secure.gravatar.com\\\/avatar\\\/46ee021475d60aeff17a7e490b79dea5a5684bb392ab7fd1494027411df8ba23?s=96&d=mm&r=g\",\"contentUrl\":\"https:\\\/\\\/secure.gravatar.com\\\/avatar\\\/46ee021475d60aeff17a7e490b79dea5a5684bb392ab7fd1494027411df8ba23?s=96&d=mm&r=g\",\"caption\":\"Lea Couderc\"}}]}<\/script>\n<!-- \/ Yoast SEO plugin. -->","yoast_head_json":{"title":"Gerro, Henri (ca. 1919-1980) - Institut Europ\u00e9en des Musiques Juives","robots":{"index":"index","follow":"follow","max-snippet":"max-snippet:-1","max-image-preview":"max-image-preview:large","max-video-preview":"max-video-preview:-1"},"canonical":"https:\/\/www.iemj.org\/it\/gerro-henri-vers-1919-1980\/","og_locale":"it_IT","og_type":"article","og_title":"Gerro, Henri (ca. 1919-1980) - Institut Europ\u00e9en des Musiques Juives","og_description":"Henri Gerro (Roizman) nasce il 31 agosto 1919 a Rovno (provincia del Volyn), ora in Ucraina. Inizia a esibirsi all&#8217;et\u00e0 di 12 anni sui palcoscenici in Polonia. Dopo la guerra","og_url":"https:\/\/www.iemj.org\/it\/gerro-henri-vers-1919-1980\/","og_site_name":"Institut Europ\u00e9en des Musiques Juives","article_publisher":"https:\/\/www.facebook.com\/MusiquesJuives\/","article_published_time":"2017-05-01T13:41:17+00:00","article_modified_time":"2021-07-18T08:54:43+00:00","og_image":[{"width":180,"height":218,"url":"https:\/\/www.iemj.org\/wp-content\/uploads\/2017\/05\/arton2270-e1625038610171.jpg","type":"image\/jpeg"}],"author":"Lea Couderc","twitter_card":"summary_large_image","twitter_misc":{"Scritto da":"Lea Couderc","Tempo di lettura stimato":"2 minuti"},"schema":{"@context":"https:\/\/schema.org","@graph":[{"@type":"Article","@id":"https:\/\/www.iemj.org\/it\/gerro-henri-vers-1919-1980\/#article","isPartOf":{"@id":"https:\/\/www.iemj.org\/it\/gerro-henri-vers-1919-1980\/"},"author":{"name":"Lea Couderc","@id":"https:\/\/www.iemj.org\/it\/#\/schema\/person\/e2ad57f2c4be119c7ed8ab79036807a9"},"headline":"Gerro, Henri (ca. 1919-1980)","datePublished":"2017-05-01T13:41:17+00:00","dateModified":"2021-07-18T08:54:43+00:00","mainEntityOfPage":{"@id":"https:\/\/www.iemj.org\/it\/gerro-henri-vers-1919-1980\/"},"wordCount":321,"publisher":{"@id":"https:\/\/www.iemj.org\/it\/#organization"},"image":{"@id":"https:\/\/www.iemj.org\/it\/gerro-henri-vers-1919-1980\/#primaryimage"},"thumbnailUrl":"https:\/\/www.iemj.org\/wp-content\/uploads\/2017\/05\/arton2270-e1625038610171.jpg","articleSection":["Biografie"],"inLanguage":"it-IT"},{"@type":"WebPage","@id":"https:\/\/www.iemj.org\/it\/gerro-henri-vers-1919-1980\/","url":"https:\/\/www.iemj.org\/it\/gerro-henri-vers-1919-1980\/","name":"Gerro, Henri (ca. 1919-1980) - Institut Europ\u00e9en des Musiques Juives","isPartOf":{"@id":"https:\/\/www.iemj.org\/it\/#website"},"primaryImageOfPage":{"@id":"https:\/\/www.iemj.org\/it\/gerro-henri-vers-1919-1980\/#primaryimage"},"image":{"@id":"https:\/\/www.iemj.org\/it\/gerro-henri-vers-1919-1980\/#primaryimage"},"thumbnailUrl":"https:\/\/www.iemj.org\/wp-content\/uploads\/2017\/05\/arton2270-e1625038610171.jpg","datePublished":"2017-05-01T13:41:17+00:00","dateModified":"2021-07-18T08:54:43+00:00","breadcrumb":{"@id":"https:\/\/www.iemj.org\/it\/gerro-henri-vers-1919-1980\/#breadcrumb"},"inLanguage":"it-IT","potentialAction":[{"@type":"ReadAction","target":["https:\/\/www.iemj.org\/it\/gerro-henri-vers-1919-1980\/"]}]},{"@type":"ImageObject","inLanguage":"it-IT","@id":"https:\/\/www.iemj.org\/it\/gerro-henri-vers-1919-1980\/#primaryimage","url":"https:\/\/www.iemj.org\/wp-content\/uploads\/2017\/05\/arton2270-e1625038610171.jpg","contentUrl":"https:\/\/www.iemj.org\/wp-content\/uploads\/2017\/05\/arton2270-e1625038610171.jpg","width":180,"height":218},{"@type":"BreadcrumbList","@id":"https:\/\/www.iemj.org\/it\/gerro-henri-vers-1919-1980\/#breadcrumb","itemListElement":[{"@type":"ListItem","position":1,"name":"Accueil","item":"https:\/\/www.iemj.org\/it\/"},{"@type":"ListItem","position":2,"name":"Gerro, Henri (ca. 1919-1980)"}]},{"@type":"WebSite","@id":"https:\/\/www.iemj.org\/it\/#website","url":"https:\/\/www.iemj.org\/it\/","name":"Institut Europ\u00e9en des Musiques Juives","description":"Des traditions musicales \u00e0 la port\u00e9e de tous","publisher":{"@id":"https:\/\/www.iemj.org\/it\/#organization"},"potentialAction":[{"@type":"SearchAction","target":{"@type":"EntryPoint","urlTemplate":"https:\/\/www.iemj.org\/it\/?s={search_term_string}"},"query-input":{"@type":"PropertyValueSpecification","valueRequired":true,"valueName":"search_term_string"}}],"inLanguage":"it-IT"},{"@type":"Organization","@id":"https:\/\/www.iemj.org\/it\/#organization","name":"Institut Europ\u00e9en des Musiques Juives","url":"https:\/\/www.iemj.org\/it\/","logo":{"@type":"ImageObject","inLanguage":"it-IT","@id":"https:\/\/www.iemj.org\/it\/#\/schema\/logo\/image\/","url":"https:\/\/www.iemj.org\/wp-content\/uploads\/2021\/09\/Logo-IEMJ-Paypal.jpg","contentUrl":"https:\/\/www.iemj.org\/wp-content\/uploads\/2021\/09\/Logo-IEMJ-Paypal.jpg","width":150,"height":50,"caption":"Institut Europ\u00e9en des Musiques Juives"},"image":{"@id":"https:\/\/www.iemj.org\/it\/#\/schema\/logo\/image\/"},"sameAs":["https:\/\/www.facebook.com\/MusiquesJuives\/","https:\/\/www.instagram.com\/musiquesjuives\/","https:\/\/www.youtube.com\/user\/musiquesjuives"]},{"@type":"Person","@id":"https:\/\/www.iemj.org\/it\/#\/schema\/person\/e2ad57f2c4be119c7ed8ab79036807a9","name":"Lea Couderc","image":{"@type":"ImageObject","inLanguage":"it-IT","@id":"https:\/\/secure.gravatar.com\/avatar\/46ee021475d60aeff17a7e490b79dea5a5684bb392ab7fd1494027411df8ba23?s=96&d=mm&r=g","url":"https:\/\/secure.gravatar.com\/avatar\/46ee021475d60aeff17a7e490b79dea5a5684bb392ab7fd1494027411df8ba23?s=96&d=mm&r=g","contentUrl":"https:\/\/secure.gravatar.com\/avatar\/46ee021475d60aeff17a7e490b79dea5a5684bb392ab7fd1494027411df8ba23?s=96&d=mm&r=g","caption":"Lea Couderc"}}]}},"_links":{"self":[{"href":"https:\/\/www.iemj.org\/it\/wp-json\/wp\/v2\/posts\/55910","targetHints":{"allow":["GET"]}}],"collection":[{"href":"https:\/\/www.iemj.org\/it\/wp-json\/wp\/v2\/posts"}],"about":[{"href":"https:\/\/www.iemj.org\/it\/wp-json\/wp\/v2\/types\/post"}],"author":[{"embeddable":true,"href":"https:\/\/www.iemj.org\/it\/wp-json\/wp\/v2\/users\/1052"}],"replies":[{"embeddable":true,"href":"https:\/\/www.iemj.org\/it\/wp-json\/wp\/v2\/comments?post=55910"}],"version-history":[{"count":0,"href":"https:\/\/www.iemj.org\/it\/wp-json\/wp\/v2\/posts\/55910\/revisions"}],"wp:featuredmedia":[{"embeddable":true,"href":"https:\/\/www.iemj.org\/it\/wp-json\/wp\/v2\/media\/51784"}],"wp:attachment":[{"href":"https:\/\/www.iemj.org\/it\/wp-json\/wp\/v2\/media?parent=55910"}],"wp:term":[{"taxonomy":"category","embeddable":true,"href":"https:\/\/www.iemj.org\/it\/wp-json\/wp\/v2\/categories?post=55910"},{"taxonomy":"post_tag","embeddable":true,"href":"https:\/\/www.iemj.org\/it\/wp-json\/wp\/v2\/tags?post=55910"},{"taxonomy":"technique","embeddable":true,"href":"https:\/\/www.iemj.org\/it\/wp-json\/wp\/v2\/technique?post=55910"},{"taxonomy":"squelettes","embeddable":true,"href":"https:\/\/www.iemj.org\/it\/wp-json\/wp\/v2\/squelettes?post=55910"},{"taxonomy":"sujet","embeddable":true,"href":"https:\/\/www.iemj.org\/it\/wp-json\/wp\/v2\/sujet?post=55910"},{"taxonomy":"formation","embeddable":true,"href":"https:\/\/www.iemj.org\/it\/wp-json\/wp\/v2\/formation?post=55910"},{"taxonomy":"genre","embeddable":true,"href":"https:\/\/www.iemj.org\/it\/wp-json\/wp\/v2\/genre?post=55910"},{"taxonomy":"fonds","embeddable":true,"href":"https:\/\/www.iemj.org\/it\/wp-json\/wp\/v2\/fonds?post=55910"},{"taxonomy":"tradition","embeddable":true,"href":"https:\/\/www.iemj.org\/it\/wp-json\/wp\/v2\/tradition?post=55910"},{"taxonomy":"type-de-contenu","embeddable":true,"href":"https:\/\/www.iemj.org\/it\/wp-json\/wp\/v2\/type-de-contenu?post=55910"},{"taxonomy":"interprete-compositeur","embeddable":true,"href":"https:\/\/www.iemj.org\/it\/wp-json\/wp\/v2\/interprete-compositeur?post=55910"},{"taxonomy":"frise","embeddable":true,"href":"https:\/\/www.iemj.org\/it\/wp-json\/wp\/v2\/frise?post=55910"},{"taxonomy":"type-devenement","embeddable":true,"href":"https:\/\/www.iemj.org\/it\/wp-json\/wp\/v2\/type-devenement?post=55910"},{"taxonomy":"tableaux-liens-externes","embeddable":true,"href":"https:\/\/www.iemj.org\/it\/wp-json\/wp\/v2\/tableaux-liens-externes?post=55910"}],"curies":[{"name":"wp","href":"https:\/\/api.w.org\/{rel}","templated":true}]}}