{"id":56451,"date":"2017-06-26T17:16:29","date_gmt":"2017-06-26T15:16:29","guid":{"rendered":"https:\/\/www.iemj.org\/tresors-du-cinema-yiddish\/"},"modified":"2021-07-20T16:20:33","modified_gmt":"2021-07-20T14:20:33","slug":"tresors-du-cinema-yiddish","status":"publish","type":"post","link":"https:\/\/www.iemj.org\/it\/tresors-du-cinema-yiddish\/","title":{"rendered":"Tr\u00e9sors du cin\u00e9ma yiddish [Tesori del cinema yiddish]"},"content":{"rendered":"<p>L\u2019 yiddish \u00e8 una lingua, una musica, una melodia, una canzone che non si sente quasi pi\u00f9. Il cinema yiddish \u00e8 composto al massimo da un centinaio di film destinati ad un pubblico ebraico che vive o proviene dall&#8217;Europa orientale, girati principalmente in Polonia, Russia e Stati Uniti tra il 1930 e il 1950. Un mondo scomparso, evaporato con i suoi spettatori pi\u00f9 di mezzo secolo fa. Tra questi film invisibili, quattro titoli sono emblematici: <em>Mir Kumen On<\/em>\u00a0[Stiamo arrivando] (1936), <em>Dibuk<\/em>\u00a0[Il Dibbuk] (1937), <em>Tevya the Milkman <\/em>[Tevye, il lattaio] (1939) e <em>Lang iz der weg<\/em> [La strada \u00e8 lunga] (1949).<\/p>\n<p>Questi film sono stati restaurati per far rivivere le immagini e per riascoltare le parole, i suoni e le atmosfere di un mondo che ha perso la sua voce. In queste preziose testimonianze alcuni riconosceranno immagini di infanzia, legami con ricordi raccontati, sprazzi di vita dove sorridono quelli che non si sono conosciuti. Questi film sono un viaggio nel tempo, spesso prodotti con mezzi modesti e in condizioni terribili\u2026 ma ci sono. Semplici. Sinceri. Quattro grandi film, alcuni cortometraggi e delle risate di bambini. Molto semplicemente, un piccolo momento di eternit\u00e0.<\/p>\n<hr \/>\n<p>\u2022 DVD 01 &#8211; MIR KUMEN ON<\/p>\n<p>Mentre migliaia di ebrei sono sotto il giogo delle leggi antisemite, il sanatorio Medem, situato a pochi chilometri da Varsavia, offre ai bambini ebrei minacciati dalla povert\u00e0 e dalle malattie un rifugio sicuro, di aiuto reciproco ed\u2019 istruzione. Per preparare il futuro, in modo che i bambini siano pronti per il domani, <em>Mir Kumen On<\/em> \u00e8 un canto di speranza molto pi\u00f9 importante delle grida di odio.<\/p>\n<p>\u2022 DVD 02 &amp; 03 DIBUK (versione lunga e versione corta)<\/p>\n<p>Dybuk &#8211; lo spirito di un uomo morto che va ad abitare il corpo di un vivente &#8211; \u00e8 al centro dell&#8217;impossibile storia d&#8217;amore tra Leah e Chanan. Sander e Nissan, i loro padri, hanno giurato nella loro giovinezza di sposare i loro figli quando li avranno. Diventato ricco, Sander ha dimenticato il suo giuramento e preferisce dare sua figlia ad un buon partito piuttosto che al figlio di Nissan di cui \u00e8 innamorata. Apprendendo che Leah \u00e8 stata promessa ad un altro, Chanan muore ed il suo spirito va ad abitare il corpo della sua amata.<\/p>\n<p>\u2022 DVD 04 &#8211; TEVYA<\/p>\n<p>Siamo in Ucraina all&#8217;inizio del XX\u00b0 secolo. Tevye, un pio ebreo che ama le tradizioni, ha sette figlie, tra cui Khave, corteggiata da Feyda, figlio di un alto dignitario locale. Quest&#8217;ultima sceglie di allontanarsi dalla religione e sposare colui che ama, che non \u00e8 ebreo. Superati gli avvertimenti inutili ed i richiami al dovere di sposarsi nella comunit\u00e0, \u00e8 il mondo di Tevye che scompare, ed attraverso di lui, un&#8217;identit\u00e0, dei punti di riferimento ed il senso stesso della sua esistenza. Ma l&#8217;antisemitismo cresce, e velocemente \u00e8 la situazione generale di tutti gli ebrei russi che viene messa in discussione&#8230;<\/p>\n<p>\u2022 DVD 05 &#8211; LANG IZ DER WEG<\/p>\n<p>Alla fine degli anni &#8217;30, il destino di una famiglia ebrea polacca spazzata via dalla tragedia della storia e dall&#8217;orrore della Shoah. Questo film semi-documentario ci immerge nel cuore del disastro e delle sue conseguenze, e ci fa rivivere il dolore e l&#8217;incubo in cui solo una ricostruzione fittizia poteva ristabilire cos\u00ec tanta verit\u00e0.<\/p>\n<p><a href=\"https:\/\/shop.lobsterfilms.com\/en\/\" target=\"_blank\" rel=\"noopener\">Ordinare il cofanetto sul sito dell&#8217;editore<\/a><\/p>\n<p><a href=\"http:\/\/www.rachelnet.net\/F\/?func=find-c&amp;ccl_term=WTI+%3D+Tr%C3%A9sors+du+cin%C3%A9ma+yiddish&amp;local_base=iemcg\" target=\"_blank\" rel=\"noopener\">Consultare il documento, che comporta un estratto del libretto di 32 pagine, sul catalogo RACHEL<\/a><\/p>\n<p>\u00a0<\/p>\n\n\n<p><\/p>\n","protected":false},"excerpt":{"rendered":"<p>L\u2019 yiddish \u00e8 una lingua, una musica, una melodia, una canzone che non si sente quasi pi\u00f9. Il cinema yiddish \u00e8 composto al massimo da un centinaio di film destinati<\/p>\n","protected":false},"author":1048,"featured_media":56452,"comment_status":"closed","ping_status":"open","sticky":false,"template":"","format":"standard","meta":{"_acf_changed":false,"footnotes":""},"categories":[1574,1564],"tags":[],"technique":[],"squelettes":[],"sujet":[],"formation":[],"genre":[1676],"fonds":[],"tradition":[],"type-de-contenu":[],"interprete-compositeur":[],"frise":[],"type-devenement":[],"tableaux-liens-externes":[],"class_list":["post-56451","post","type-post","status-publish","format-standard","has-post-thumbnail","hentry","category-dvd-it","category-ultimi-acquisti-it","genre-yiddish-it-2"],"acf":[],"yoast_head":"<!-- This site is optimized with the Yoast SEO plugin v27.3 - https:\/\/yoast.com\/product\/yoast-seo-wordpress\/ -->\n<title>Tr\u00e9sors du cin\u00e9ma yiddish [Tesori del cinema yiddish] - Institut Europ\u00e9en des Musiques Juives<\/title>\n<meta name=\"robots\" content=\"index, follow, max-snippet:-1, max-image-preview:large, max-video-preview:-1\" \/>\n<link rel=\"canonical\" href=\"https:\/\/www.iemj.org\/it\/tresors-du-cinema-yiddish\/\" \/>\n<meta property=\"og:locale\" content=\"it_IT\" \/>\n<meta property=\"og:type\" content=\"article\" \/>\n<meta property=\"og:title\" content=\"Tr\u00e9sors du cin\u00e9ma yiddish [Tesori del cinema yiddish] - Institut Europ\u00e9en des Musiques Juives\" \/>\n<meta property=\"og:description\" content=\"L\u2019 yiddish \u00e8 una lingua, una musica, una melodia, una canzone che non si sente quasi pi\u00f9. Il cinema yiddish \u00e8 composto al massimo da un centinaio di film destinati\" \/>\n<meta property=\"og:url\" content=\"https:\/\/www.iemj.org\/it\/tresors-du-cinema-yiddish\/\" \/>\n<meta property=\"og:site_name\" content=\"Institut Europ\u00e9en des Musiques Juives\" \/>\n<meta property=\"article:publisher\" content=\"https:\/\/www.facebook.com\/MusiquesJuives\/\" \/>\n<meta property=\"article:published_time\" content=\"2017-06-26T15:16:29+00:00\" \/>\n<meta property=\"article:modified_time\" content=\"2021-07-20T14:20:33+00:00\" \/>\n<meta property=\"og:image\" content=\"https:\/\/www.iemj.org\/wp-content\/uploads\/2017\/06\/arton2364.jpg\" \/>\n\t<meta property=\"og:image:width\" content=\"293\" \/>\n\t<meta property=\"og:image:height\" content=\"400\" \/>\n\t<meta property=\"og:image:type\" content=\"image\/jpeg\" \/>\n<meta name=\"author\" content=\"Jean-Gabriel Davis\" \/>\n<meta name=\"twitter:card\" content=\"summary_large_image\" \/>\n<meta name=\"twitter:label1\" content=\"Scritto da\" \/>\n\t<meta name=\"twitter:data1\" content=\"Jean-Gabriel Davis\" \/>\n\t<meta name=\"twitter:label2\" content=\"Tempo di lettura stimato\" \/>\n\t<meta name=\"twitter:data2\" content=\"3 minuti\" \/>\n<script type=\"application\/ld+json\" class=\"yoast-schema-graph\">{\"@context\":\"https:\\\/\\\/schema.org\",\"@graph\":[{\"@type\":\"Article\",\"@id\":\"https:\\\/\\\/www.iemj.org\\\/it\\\/tresors-du-cinema-yiddish\\\/#article\",\"isPartOf\":{\"@id\":\"https:\\\/\\\/www.iemj.org\\\/it\\\/tresors-du-cinema-yiddish\\\/\"},\"author\":{\"name\":\"Jean-Gabriel Davis\",\"@id\":\"https:\\\/\\\/www.iemj.org\\\/it\\\/#\\\/schema\\\/person\\\/c9bc1c386a3749579a2d675e72a18666\"},\"headline\":\"Tr\u00e9sors du cin\u00e9ma yiddish [Tesori del cinema yiddish]\",\"datePublished\":\"2017-06-26T15:16:29+00:00\",\"dateModified\":\"2021-07-20T14:20:33+00:00\",\"mainEntityOfPage\":{\"@id\":\"https:\\\/\\\/www.iemj.org\\\/it\\\/tresors-du-cinema-yiddish\\\/\"},\"wordCount\":556,\"publisher\":{\"@id\":\"https:\\\/\\\/www.iemj.org\\\/it\\\/#organization\"},\"image\":{\"@id\":\"https:\\\/\\\/www.iemj.org\\\/it\\\/tresors-du-cinema-yiddish\\\/#primaryimage\"},\"thumbnailUrl\":\"https:\\\/\\\/www.iemj.org\\\/wp-content\\\/uploads\\\/2017\\\/06\\\/arton2364.jpg\",\"articleSection\":[\"DVD\",\"Ultimi acquisti\"],\"inLanguage\":\"it-IT\"},{\"@type\":\"WebPage\",\"@id\":\"https:\\\/\\\/www.iemj.org\\\/it\\\/tresors-du-cinema-yiddish\\\/\",\"url\":\"https:\\\/\\\/www.iemj.org\\\/it\\\/tresors-du-cinema-yiddish\\\/\",\"name\":\"Tr\u00e9sors du cin\u00e9ma yiddish [Tesori del cinema yiddish] - Institut Europ\u00e9en des Musiques Juives\",\"isPartOf\":{\"@id\":\"https:\\\/\\\/www.iemj.org\\\/it\\\/#website\"},\"primaryImageOfPage\":{\"@id\":\"https:\\\/\\\/www.iemj.org\\\/it\\\/tresors-du-cinema-yiddish\\\/#primaryimage\"},\"image\":{\"@id\":\"https:\\\/\\\/www.iemj.org\\\/it\\\/tresors-du-cinema-yiddish\\\/#primaryimage\"},\"thumbnailUrl\":\"https:\\\/\\\/www.iemj.org\\\/wp-content\\\/uploads\\\/2017\\\/06\\\/arton2364.jpg\",\"datePublished\":\"2017-06-26T15:16:29+00:00\",\"dateModified\":\"2021-07-20T14:20:33+00:00\",\"breadcrumb\":{\"@id\":\"https:\\\/\\\/www.iemj.org\\\/it\\\/tresors-du-cinema-yiddish\\\/#breadcrumb\"},\"inLanguage\":\"it-IT\",\"potentialAction\":[{\"@type\":\"ReadAction\",\"target\":[\"https:\\\/\\\/www.iemj.org\\\/it\\\/tresors-du-cinema-yiddish\\\/\"]}]},{\"@type\":\"ImageObject\",\"inLanguage\":\"it-IT\",\"@id\":\"https:\\\/\\\/www.iemj.org\\\/it\\\/tresors-du-cinema-yiddish\\\/#primaryimage\",\"url\":\"https:\\\/\\\/www.iemj.org\\\/wp-content\\\/uploads\\\/2017\\\/06\\\/arton2364.jpg\",\"contentUrl\":\"https:\\\/\\\/www.iemj.org\\\/wp-content\\\/uploads\\\/2017\\\/06\\\/arton2364.jpg\",\"width\":293,\"height\":400},{\"@type\":\"BreadcrumbList\",\"@id\":\"https:\\\/\\\/www.iemj.org\\\/it\\\/tresors-du-cinema-yiddish\\\/#breadcrumb\",\"itemListElement\":[{\"@type\":\"ListItem\",\"position\":1,\"name\":\"Accueil\",\"item\":\"https:\\\/\\\/www.iemj.org\\\/it\\\/\"},{\"@type\":\"ListItem\",\"position\":2,\"name\":\"Tr\u00e9sors du cin\u00e9ma yiddish [Tesori del cinema yiddish]\"}]},{\"@type\":\"WebSite\",\"@id\":\"https:\\\/\\\/www.iemj.org\\\/it\\\/#website\",\"url\":\"https:\\\/\\\/www.iemj.org\\\/it\\\/\",\"name\":\"Institut Europ\u00e9en des Musiques Juives\",\"description\":\"Des traditions musicales \u00e0 la port\u00e9e de tous\",\"publisher\":{\"@id\":\"https:\\\/\\\/www.iemj.org\\\/it\\\/#organization\"},\"potentialAction\":[{\"@type\":\"SearchAction\",\"target\":{\"@type\":\"EntryPoint\",\"urlTemplate\":\"https:\\\/\\\/www.iemj.org\\\/it\\\/?s={search_term_string}\"},\"query-input\":{\"@type\":\"PropertyValueSpecification\",\"valueRequired\":true,\"valueName\":\"search_term_string\"}}],\"inLanguage\":\"it-IT\"},{\"@type\":\"Organization\",\"@id\":\"https:\\\/\\\/www.iemj.org\\\/it\\\/#organization\",\"name\":\"Institut Europ\u00e9en des Musiques Juives\",\"url\":\"https:\\\/\\\/www.iemj.org\\\/it\\\/\",\"logo\":{\"@type\":\"ImageObject\",\"inLanguage\":\"it-IT\",\"@id\":\"https:\\\/\\\/www.iemj.org\\\/it\\\/#\\\/schema\\\/logo\\\/image\\\/\",\"url\":\"https:\\\/\\\/www.iemj.org\\\/wp-content\\\/uploads\\\/2021\\\/09\\\/Logo-IEMJ-Paypal.jpg\",\"contentUrl\":\"https:\\\/\\\/www.iemj.org\\\/wp-content\\\/uploads\\\/2021\\\/09\\\/Logo-IEMJ-Paypal.jpg\",\"width\":150,\"height\":50,\"caption\":\"Institut Europ\u00e9en des Musiques Juives\"},\"image\":{\"@id\":\"https:\\\/\\\/www.iemj.org\\\/it\\\/#\\\/schema\\\/logo\\\/image\\\/\"},\"sameAs\":[\"https:\\\/\\\/www.facebook.com\\\/MusiquesJuives\\\/\",\"https:\\\/\\\/www.instagram.com\\\/musiquesjuives\\\/\",\"https:\\\/\\\/www.youtube.com\\\/user\\\/musiquesjuives\"]},{\"@type\":\"Person\",\"@id\":\"https:\\\/\\\/www.iemj.org\\\/it\\\/#\\\/schema\\\/person\\\/c9bc1c386a3749579a2d675e72a18666\",\"name\":\"Jean-Gabriel Davis\",\"image\":{\"@type\":\"ImageObject\",\"inLanguage\":\"it-IT\",\"@id\":\"https:\\\/\\\/secure.gravatar.com\\\/avatar\\\/2b90d67bdf392c9b3a21fab87c0fa7edaf1fb3a058172a1ffd61033fcec7aec1?s=96&d=mm&r=g\",\"url\":\"https:\\\/\\\/secure.gravatar.com\\\/avatar\\\/2b90d67bdf392c9b3a21fab87c0fa7edaf1fb3a058172a1ffd61033fcec7aec1?s=96&d=mm&r=g\",\"contentUrl\":\"https:\\\/\\\/secure.gravatar.com\\\/avatar\\\/2b90d67bdf392c9b3a21fab87c0fa7edaf1fb3a058172a1ffd61033fcec7aec1?s=96&d=mm&r=g\",\"caption\":\"Jean-Gabriel Davis\"}}]}<\/script>\n<!-- \/ Yoast SEO plugin. -->","yoast_head_json":{"title":"Tr\u00e9sors du cin\u00e9ma yiddish [Tesori del cinema yiddish] - Institut Europ\u00e9en des Musiques Juives","robots":{"index":"index","follow":"follow","max-snippet":"max-snippet:-1","max-image-preview":"max-image-preview:large","max-video-preview":"max-video-preview:-1"},"canonical":"https:\/\/www.iemj.org\/it\/tresors-du-cinema-yiddish\/","og_locale":"it_IT","og_type":"article","og_title":"Tr\u00e9sors du cin\u00e9ma yiddish [Tesori del cinema yiddish] - Institut Europ\u00e9en des Musiques Juives","og_description":"L\u2019 yiddish \u00e8 una lingua, una musica, una melodia, una canzone che non si sente quasi pi\u00f9. Il cinema yiddish \u00e8 composto al massimo da un centinaio di film destinati","og_url":"https:\/\/www.iemj.org\/it\/tresors-du-cinema-yiddish\/","og_site_name":"Institut Europ\u00e9en des Musiques Juives","article_publisher":"https:\/\/www.facebook.com\/MusiquesJuives\/","article_published_time":"2017-06-26T15:16:29+00:00","article_modified_time":"2021-07-20T14:20:33+00:00","og_image":[{"width":293,"height":400,"url":"https:\/\/www.iemj.org\/wp-content\/uploads\/2017\/06\/arton2364.jpg","type":"image\/jpeg"}],"author":"Jean-Gabriel Davis","twitter_card":"summary_large_image","twitter_misc":{"Scritto da":"Jean-Gabriel Davis","Tempo di lettura stimato":"3 minuti"},"schema":{"@context":"https:\/\/schema.org","@graph":[{"@type":"Article","@id":"https:\/\/www.iemj.org\/it\/tresors-du-cinema-yiddish\/#article","isPartOf":{"@id":"https:\/\/www.iemj.org\/it\/tresors-du-cinema-yiddish\/"},"author":{"name":"Jean-Gabriel Davis","@id":"https:\/\/www.iemj.org\/it\/#\/schema\/person\/c9bc1c386a3749579a2d675e72a18666"},"headline":"Tr\u00e9sors du cin\u00e9ma yiddish [Tesori del cinema yiddish]","datePublished":"2017-06-26T15:16:29+00:00","dateModified":"2021-07-20T14:20:33+00:00","mainEntityOfPage":{"@id":"https:\/\/www.iemj.org\/it\/tresors-du-cinema-yiddish\/"},"wordCount":556,"publisher":{"@id":"https:\/\/www.iemj.org\/it\/#organization"},"image":{"@id":"https:\/\/www.iemj.org\/it\/tresors-du-cinema-yiddish\/#primaryimage"},"thumbnailUrl":"https:\/\/www.iemj.org\/wp-content\/uploads\/2017\/06\/arton2364.jpg","articleSection":["DVD","Ultimi acquisti"],"inLanguage":"it-IT"},{"@type":"WebPage","@id":"https:\/\/www.iemj.org\/it\/tresors-du-cinema-yiddish\/","url":"https:\/\/www.iemj.org\/it\/tresors-du-cinema-yiddish\/","name":"Tr\u00e9sors du cin\u00e9ma yiddish [Tesori del cinema yiddish] - Institut Europ\u00e9en des Musiques Juives","isPartOf":{"@id":"https:\/\/www.iemj.org\/it\/#website"},"primaryImageOfPage":{"@id":"https:\/\/www.iemj.org\/it\/tresors-du-cinema-yiddish\/#primaryimage"},"image":{"@id":"https:\/\/www.iemj.org\/it\/tresors-du-cinema-yiddish\/#primaryimage"},"thumbnailUrl":"https:\/\/www.iemj.org\/wp-content\/uploads\/2017\/06\/arton2364.jpg","datePublished":"2017-06-26T15:16:29+00:00","dateModified":"2021-07-20T14:20:33+00:00","breadcrumb":{"@id":"https:\/\/www.iemj.org\/it\/tresors-du-cinema-yiddish\/#breadcrumb"},"inLanguage":"it-IT","potentialAction":[{"@type":"ReadAction","target":["https:\/\/www.iemj.org\/it\/tresors-du-cinema-yiddish\/"]}]},{"@type":"ImageObject","inLanguage":"it-IT","@id":"https:\/\/www.iemj.org\/it\/tresors-du-cinema-yiddish\/#primaryimage","url":"https:\/\/www.iemj.org\/wp-content\/uploads\/2017\/06\/arton2364.jpg","contentUrl":"https:\/\/www.iemj.org\/wp-content\/uploads\/2017\/06\/arton2364.jpg","width":293,"height":400},{"@type":"BreadcrumbList","@id":"https:\/\/www.iemj.org\/it\/tresors-du-cinema-yiddish\/#breadcrumb","itemListElement":[{"@type":"ListItem","position":1,"name":"Accueil","item":"https:\/\/www.iemj.org\/it\/"},{"@type":"ListItem","position":2,"name":"Tr\u00e9sors du cin\u00e9ma yiddish [Tesori del cinema yiddish]"}]},{"@type":"WebSite","@id":"https:\/\/www.iemj.org\/it\/#website","url":"https:\/\/www.iemj.org\/it\/","name":"Institut Europ\u00e9en des Musiques Juives","description":"Des traditions musicales \u00e0 la port\u00e9e de tous","publisher":{"@id":"https:\/\/www.iemj.org\/it\/#organization"},"potentialAction":[{"@type":"SearchAction","target":{"@type":"EntryPoint","urlTemplate":"https:\/\/www.iemj.org\/it\/?s={search_term_string}"},"query-input":{"@type":"PropertyValueSpecification","valueRequired":true,"valueName":"search_term_string"}}],"inLanguage":"it-IT"},{"@type":"Organization","@id":"https:\/\/www.iemj.org\/it\/#organization","name":"Institut Europ\u00e9en des Musiques Juives","url":"https:\/\/www.iemj.org\/it\/","logo":{"@type":"ImageObject","inLanguage":"it-IT","@id":"https:\/\/www.iemj.org\/it\/#\/schema\/logo\/image\/","url":"https:\/\/www.iemj.org\/wp-content\/uploads\/2021\/09\/Logo-IEMJ-Paypal.jpg","contentUrl":"https:\/\/www.iemj.org\/wp-content\/uploads\/2021\/09\/Logo-IEMJ-Paypal.jpg","width":150,"height":50,"caption":"Institut Europ\u00e9en des Musiques Juives"},"image":{"@id":"https:\/\/www.iemj.org\/it\/#\/schema\/logo\/image\/"},"sameAs":["https:\/\/www.facebook.com\/MusiquesJuives\/","https:\/\/www.instagram.com\/musiquesjuives\/","https:\/\/www.youtube.com\/user\/musiquesjuives"]},{"@type":"Person","@id":"https:\/\/www.iemj.org\/it\/#\/schema\/person\/c9bc1c386a3749579a2d675e72a18666","name":"Jean-Gabriel Davis","image":{"@type":"ImageObject","inLanguage":"it-IT","@id":"https:\/\/secure.gravatar.com\/avatar\/2b90d67bdf392c9b3a21fab87c0fa7edaf1fb3a058172a1ffd61033fcec7aec1?s=96&d=mm&r=g","url":"https:\/\/secure.gravatar.com\/avatar\/2b90d67bdf392c9b3a21fab87c0fa7edaf1fb3a058172a1ffd61033fcec7aec1?s=96&d=mm&r=g","contentUrl":"https:\/\/secure.gravatar.com\/avatar\/2b90d67bdf392c9b3a21fab87c0fa7edaf1fb3a058172a1ffd61033fcec7aec1?s=96&d=mm&r=g","caption":"Jean-Gabriel Davis"}}]}},"_links":{"self":[{"href":"https:\/\/www.iemj.org\/it\/wp-json\/wp\/v2\/posts\/56451","targetHints":{"allow":["GET"]}}],"collection":[{"href":"https:\/\/www.iemj.org\/it\/wp-json\/wp\/v2\/posts"}],"about":[{"href":"https:\/\/www.iemj.org\/it\/wp-json\/wp\/v2\/types\/post"}],"author":[{"embeddable":true,"href":"https:\/\/www.iemj.org\/it\/wp-json\/wp\/v2\/users\/1048"}],"replies":[{"embeddable":true,"href":"https:\/\/www.iemj.org\/it\/wp-json\/wp\/v2\/comments?post=56451"}],"version-history":[{"count":0,"href":"https:\/\/www.iemj.org\/it\/wp-json\/wp\/v2\/posts\/56451\/revisions"}],"wp:featuredmedia":[{"embeddable":true,"href":"https:\/\/www.iemj.org\/it\/wp-json\/wp\/v2\/media\/56452"}],"wp:attachment":[{"href":"https:\/\/www.iemj.org\/it\/wp-json\/wp\/v2\/media?parent=56451"}],"wp:term":[{"taxonomy":"category","embeddable":true,"href":"https:\/\/www.iemj.org\/it\/wp-json\/wp\/v2\/categories?post=56451"},{"taxonomy":"post_tag","embeddable":true,"href":"https:\/\/www.iemj.org\/it\/wp-json\/wp\/v2\/tags?post=56451"},{"taxonomy":"technique","embeddable":true,"href":"https:\/\/www.iemj.org\/it\/wp-json\/wp\/v2\/technique?post=56451"},{"taxonomy":"squelettes","embeddable":true,"href":"https:\/\/www.iemj.org\/it\/wp-json\/wp\/v2\/squelettes?post=56451"},{"taxonomy":"sujet","embeddable":true,"href":"https:\/\/www.iemj.org\/it\/wp-json\/wp\/v2\/sujet?post=56451"},{"taxonomy":"formation","embeddable":true,"href":"https:\/\/www.iemj.org\/it\/wp-json\/wp\/v2\/formation?post=56451"},{"taxonomy":"genre","embeddable":true,"href":"https:\/\/www.iemj.org\/it\/wp-json\/wp\/v2\/genre?post=56451"},{"taxonomy":"fonds","embeddable":true,"href":"https:\/\/www.iemj.org\/it\/wp-json\/wp\/v2\/fonds?post=56451"},{"taxonomy":"tradition","embeddable":true,"href":"https:\/\/www.iemj.org\/it\/wp-json\/wp\/v2\/tradition?post=56451"},{"taxonomy":"type-de-contenu","embeddable":true,"href":"https:\/\/www.iemj.org\/it\/wp-json\/wp\/v2\/type-de-contenu?post=56451"},{"taxonomy":"interprete-compositeur","embeddable":true,"href":"https:\/\/www.iemj.org\/it\/wp-json\/wp\/v2\/interprete-compositeur?post=56451"},{"taxonomy":"frise","embeddable":true,"href":"https:\/\/www.iemj.org\/it\/wp-json\/wp\/v2\/frise?post=56451"},{"taxonomy":"type-devenement","embeddable":true,"href":"https:\/\/www.iemj.org\/it\/wp-json\/wp\/v2\/type-devenement?post=56451"},{"taxonomy":"tableaux-liens-externes","embeddable":true,"href":"https:\/\/www.iemj.org\/it\/wp-json\/wp\/v2\/tableaux-liens-externes?post=56451"}],"curies":[{"name":"wp","href":"https:\/\/api.w.org\/{rel}","templated":true}]}}