{"id":57746,"date":"2015-08-03T17:02:43","date_gmt":"2015-08-03T15:02:43","guid":{"rendered":"https:\/\/www.iemj.org\/leibu-levin-word-and-melody-yiddish-poetry-set-to-music\/"},"modified":"2021-10-11T10:55:43","modified_gmt":"2021-10-11T08:55:43","slug":"leibu-levin-word-and-melody-yiddish-poetry-set-to-music","status":"publish","type":"post","link":"https:\/\/www.iemj.org\/it\/leibu-levin-word-and-melody-yiddish-poetry-set-to-music\/","title":{"rendered":"Leibu Levin &#8211; Parola e melodia &#8211; Poesia yiddish messa in musica"},"content":{"rendered":"<p class=\"post_excerpt\">\u00ab I. L. Peretz Publications \u00bb, 2005, Tel-Aviv<\/p>\n<p><!--more--><span style=\"font-size: inherit;\">Leibu Levin (1914, Kimpelung &#8211; 1983, Hertzelya) \u00e8 stato un attore, cantante e autore di canzoni, che scriveva lui stesso in yiddish.<\/span><\/p>\n<p>In questa pubblicazione, Ruth Levin presenta al pubblico le migliori creazioni di suo padre Leibu Levin, attore e compositore nato a Kimpelung, soprannominato &#8220;lo Schubert ebreo&#8221;. Questa antologia include la maggior parte delle opere di Leibu Levin<\/p>\n<p><a href=\"http:\/\/czernowitz.ehpes.com\/stories\/levin\/leibu-levin.html\" target=\"_blank\" rel=\"noopener\">Per saperne di pi\u00f9 su Leibu Levin<\/a><\/p>\n<p>\u00a0<\/p>\n\n\n<figure class=\"wp-block-embed is-type-video is-provider-youtube wp-block-embed-youtube wp-embed-aspect-4-3 wp-has-aspect-ratio\"><div class=\"wp-block-embed__wrapper\">\n<iframe title=\"Leibu Levin - archival recordings. &quot;KLEYNER HARBST-NIGN&quot;\" width=\"640\" height=\"480\" src=\"https:\/\/www.youtube.com\/embed\/GMeEHgxVfO0?feature=oembed\" frameborder=\"0\" allow=\"accelerometer; autoplay; clipboard-write; encrypted-media; gyroscope; picture-in-picture; web-share\" referrerpolicy=\"strict-origin-when-cross-origin\" allowfullscreen><\/iframe>\n<\/div><\/figure>\n","protected":false},"excerpt":{"rendered":"<p>\u00ab I. L. Peretz Publications \u00bb, 2005, Tel-Aviv<\/p>\n","protected":false},"author":1051,"featured_media":57747,"comment_status":"closed","ping_status":"open","sticky":false,"template":"","format":"standard","meta":{"_acf_changed":false,"footnotes":""},"categories":[1582,1564],"tags":[],"technique":[],"squelettes":[],"sujet":[],"formation":[],"genre":[1676],"fonds":[],"tradition":[],"type-de-contenu":[],"interprete-compositeur":[],"frise":[],"type-devenement":[],"tableaux-liens-externes":[],"class_list":["post-57746","post","type-post","status-publish","format-standard","has-post-thumbnail","hentry","category-spartiti-it","category-ultimi-acquisti-it","genre-yiddish-it-2"],"acf":[],"yoast_head":"<!-- This site is optimized with the Yoast SEO plugin v27.3 - https:\/\/yoast.com\/product\/yoast-seo-wordpress\/ -->\n<title>Leibu Levin - Parola e melodia - Poesia yiddish messa in musica - Institut Europ\u00e9en des Musiques Juives<\/title>\n<meta name=\"robots\" content=\"index, follow, max-snippet:-1, max-image-preview:large, max-video-preview:-1\" \/>\n<link rel=\"canonical\" href=\"https:\/\/www.iemj.org\/it\/leibu-levin-word-and-melody-yiddish-poetry-set-to-music\/\" \/>\n<meta property=\"og:locale\" content=\"it_IT\" \/>\n<meta property=\"og:type\" content=\"article\" \/>\n<meta property=\"og:title\" content=\"Leibu Levin - Parola e melodia - Poesia yiddish messa in musica - Institut Europ\u00e9en des Musiques Juives\" \/>\n<meta property=\"og:description\" content=\"\u00ab I. L. Peretz Publications \u00bb, 2005, Tel-Aviv\" \/>\n<meta property=\"og:url\" content=\"https:\/\/www.iemj.org\/it\/leibu-levin-word-and-melody-yiddish-poetry-set-to-music\/\" \/>\n<meta property=\"og:site_name\" content=\"Institut Europ\u00e9en des Musiques Juives\" \/>\n<meta property=\"article:publisher\" content=\"https:\/\/www.facebook.com\/MusiquesJuives\/\" \/>\n<meta property=\"article:published_time\" content=\"2015-08-03T15:02:43+00:00\" \/>\n<meta property=\"article:modified_time\" content=\"2021-10-11T08:55:43+00:00\" \/>\n<meta property=\"og:image\" content=\"https:\/\/www.iemj.org\/wp-content\/uploads\/2015\/08\/arton1076.jpg\" \/>\n\t<meta property=\"og:image:width\" content=\"260\" \/>\n\t<meta property=\"og:image:height\" content=\"309\" \/>\n\t<meta property=\"og:image:type\" content=\"image\/jpeg\" \/>\n<meta name=\"author\" content=\"Eleonore Biezunski\" \/>\n<meta name=\"twitter:card\" content=\"summary_large_image\" \/>\n<meta name=\"twitter:label1\" content=\"Scritto da\" \/>\n\t<meta name=\"twitter:data1\" content=\"Eleonore Biezunski\" \/>\n\t<meta name=\"twitter:label2\" content=\"Tempo di lettura stimato\" \/>\n\t<meta name=\"twitter:data2\" content=\"1 minuto\" \/>\n<script type=\"application\/ld+json\" class=\"yoast-schema-graph\">{\"@context\":\"https:\\\/\\\/schema.org\",\"@graph\":[{\"@type\":\"Article\",\"@id\":\"https:\\\/\\\/www.iemj.org\\\/it\\\/leibu-levin-word-and-melody-yiddish-poetry-set-to-music\\\/#article\",\"isPartOf\":{\"@id\":\"https:\\\/\\\/www.iemj.org\\\/it\\\/leibu-levin-word-and-melody-yiddish-poetry-set-to-music\\\/\"},\"author\":{\"name\":\"Eleonore Biezunski\",\"@id\":\"https:\\\/\\\/www.iemj.org\\\/it\\\/#\\\/schema\\\/person\\\/b642ef6ac700534beb3a478a1044fc58\"},\"headline\":\"Leibu Levin &#8211; Parola e melodia &#8211; Poesia yiddish messa in musica\",\"datePublished\":\"2015-08-03T15:02:43+00:00\",\"dateModified\":\"2021-10-11T08:55:43+00:00\",\"mainEntityOfPage\":{\"@id\":\"https:\\\/\\\/www.iemj.org\\\/it\\\/leibu-levin-word-and-melody-yiddish-poetry-set-to-music\\\/\"},\"wordCount\":84,\"publisher\":{\"@id\":\"https:\\\/\\\/www.iemj.org\\\/it\\\/#organization\"},\"image\":{\"@id\":\"https:\\\/\\\/www.iemj.org\\\/it\\\/leibu-levin-word-and-melody-yiddish-poetry-set-to-music\\\/#primaryimage\"},\"thumbnailUrl\":\"https:\\\/\\\/www.iemj.org\\\/wp-content\\\/uploads\\\/2015\\\/08\\\/arton1076.jpg\",\"articleSection\":[\"Spartiti\",\"Ultimi acquisti\"],\"inLanguage\":\"it-IT\"},{\"@type\":\"WebPage\",\"@id\":\"https:\\\/\\\/www.iemj.org\\\/it\\\/leibu-levin-word-and-melody-yiddish-poetry-set-to-music\\\/\",\"url\":\"https:\\\/\\\/www.iemj.org\\\/it\\\/leibu-levin-word-and-melody-yiddish-poetry-set-to-music\\\/\",\"name\":\"Leibu Levin - Parola e melodia - Poesia yiddish messa in musica - Institut Europ\u00e9en des Musiques Juives\",\"isPartOf\":{\"@id\":\"https:\\\/\\\/www.iemj.org\\\/it\\\/#website\"},\"primaryImageOfPage\":{\"@id\":\"https:\\\/\\\/www.iemj.org\\\/it\\\/leibu-levin-word-and-melody-yiddish-poetry-set-to-music\\\/#primaryimage\"},\"image\":{\"@id\":\"https:\\\/\\\/www.iemj.org\\\/it\\\/leibu-levin-word-and-melody-yiddish-poetry-set-to-music\\\/#primaryimage\"},\"thumbnailUrl\":\"https:\\\/\\\/www.iemj.org\\\/wp-content\\\/uploads\\\/2015\\\/08\\\/arton1076.jpg\",\"datePublished\":\"2015-08-03T15:02:43+00:00\",\"dateModified\":\"2021-10-11T08:55:43+00:00\",\"breadcrumb\":{\"@id\":\"https:\\\/\\\/www.iemj.org\\\/it\\\/leibu-levin-word-and-melody-yiddish-poetry-set-to-music\\\/#breadcrumb\"},\"inLanguage\":\"it-IT\",\"potentialAction\":[{\"@type\":\"ReadAction\",\"target\":[\"https:\\\/\\\/www.iemj.org\\\/it\\\/leibu-levin-word-and-melody-yiddish-poetry-set-to-music\\\/\"]}]},{\"@type\":\"ImageObject\",\"inLanguage\":\"it-IT\",\"@id\":\"https:\\\/\\\/www.iemj.org\\\/it\\\/leibu-levin-word-and-melody-yiddish-poetry-set-to-music\\\/#primaryimage\",\"url\":\"https:\\\/\\\/www.iemj.org\\\/wp-content\\\/uploads\\\/2015\\\/08\\\/arton1076.jpg\",\"contentUrl\":\"https:\\\/\\\/www.iemj.org\\\/wp-content\\\/uploads\\\/2015\\\/08\\\/arton1076.jpg\",\"width\":260,\"height\":309},{\"@type\":\"BreadcrumbList\",\"@id\":\"https:\\\/\\\/www.iemj.org\\\/it\\\/leibu-levin-word-and-melody-yiddish-poetry-set-to-music\\\/#breadcrumb\",\"itemListElement\":[{\"@type\":\"ListItem\",\"position\":1,\"name\":\"Accueil\",\"item\":\"https:\\\/\\\/www.iemj.org\\\/it\\\/\"},{\"@type\":\"ListItem\",\"position\":2,\"name\":\"Leibu Levin &#8211; Parola e melodia &#8211; Poesia yiddish messa in musica\"}]},{\"@type\":\"WebSite\",\"@id\":\"https:\\\/\\\/www.iemj.org\\\/it\\\/#website\",\"url\":\"https:\\\/\\\/www.iemj.org\\\/it\\\/\",\"name\":\"Institut Europ\u00e9en des Musiques Juives\",\"description\":\"Des traditions musicales \u00e0 la port\u00e9e de tous\",\"publisher\":{\"@id\":\"https:\\\/\\\/www.iemj.org\\\/it\\\/#organization\"},\"potentialAction\":[{\"@type\":\"SearchAction\",\"target\":{\"@type\":\"EntryPoint\",\"urlTemplate\":\"https:\\\/\\\/www.iemj.org\\\/it\\\/?s={search_term_string}\"},\"query-input\":{\"@type\":\"PropertyValueSpecification\",\"valueRequired\":true,\"valueName\":\"search_term_string\"}}],\"inLanguage\":\"it-IT\"},{\"@type\":\"Organization\",\"@id\":\"https:\\\/\\\/www.iemj.org\\\/it\\\/#organization\",\"name\":\"Institut Europ\u00e9en des Musiques Juives\",\"url\":\"https:\\\/\\\/www.iemj.org\\\/it\\\/\",\"logo\":{\"@type\":\"ImageObject\",\"inLanguage\":\"it-IT\",\"@id\":\"https:\\\/\\\/www.iemj.org\\\/it\\\/#\\\/schema\\\/logo\\\/image\\\/\",\"url\":\"https:\\\/\\\/www.iemj.org\\\/wp-content\\\/uploads\\\/2021\\\/09\\\/Logo-IEMJ-Paypal.jpg\",\"contentUrl\":\"https:\\\/\\\/www.iemj.org\\\/wp-content\\\/uploads\\\/2021\\\/09\\\/Logo-IEMJ-Paypal.jpg\",\"width\":150,\"height\":50,\"caption\":\"Institut Europ\u00e9en des Musiques Juives\"},\"image\":{\"@id\":\"https:\\\/\\\/www.iemj.org\\\/it\\\/#\\\/schema\\\/logo\\\/image\\\/\"},\"sameAs\":[\"https:\\\/\\\/www.facebook.com\\\/MusiquesJuives\\\/\",\"https:\\\/\\\/www.instagram.com\\\/musiquesjuives\\\/\",\"https:\\\/\\\/www.youtube.com\\\/user\\\/musiquesjuives\"]},{\"@type\":\"Person\",\"@id\":\"https:\\\/\\\/www.iemj.org\\\/it\\\/#\\\/schema\\\/person\\\/b642ef6ac700534beb3a478a1044fc58\",\"name\":\"Eleonore Biezunski\",\"image\":{\"@type\":\"ImageObject\",\"inLanguage\":\"it-IT\",\"@id\":\"https:\\\/\\\/secure.gravatar.com\\\/avatar\\\/23ebe6af626286145e05768bed85e683b6fb680909f71fae7052aa52346a660a?s=96&d=mm&r=g\",\"url\":\"https:\\\/\\\/secure.gravatar.com\\\/avatar\\\/23ebe6af626286145e05768bed85e683b6fb680909f71fae7052aa52346a660a?s=96&d=mm&r=g\",\"contentUrl\":\"https:\\\/\\\/secure.gravatar.com\\\/avatar\\\/23ebe6af626286145e05768bed85e683b6fb680909f71fae7052aa52346a660a?s=96&d=mm&r=g\",\"caption\":\"Eleonore Biezunski\"}}]}<\/script>\n<!-- \/ Yoast SEO plugin. -->","yoast_head_json":{"title":"Leibu Levin - Parola e melodia - Poesia yiddish messa in musica - Institut Europ\u00e9en des Musiques Juives","robots":{"index":"index","follow":"follow","max-snippet":"max-snippet:-1","max-image-preview":"max-image-preview:large","max-video-preview":"max-video-preview:-1"},"canonical":"https:\/\/www.iemj.org\/it\/leibu-levin-word-and-melody-yiddish-poetry-set-to-music\/","og_locale":"it_IT","og_type":"article","og_title":"Leibu Levin - Parola e melodia - Poesia yiddish messa in musica - Institut Europ\u00e9en des Musiques Juives","og_description":"\u00ab I. L. Peretz Publications \u00bb, 2005, Tel-Aviv","og_url":"https:\/\/www.iemj.org\/it\/leibu-levin-word-and-melody-yiddish-poetry-set-to-music\/","og_site_name":"Institut Europ\u00e9en des Musiques Juives","article_publisher":"https:\/\/www.facebook.com\/MusiquesJuives\/","article_published_time":"2015-08-03T15:02:43+00:00","article_modified_time":"2021-10-11T08:55:43+00:00","og_image":[{"width":260,"height":309,"url":"https:\/\/www.iemj.org\/wp-content\/uploads\/2015\/08\/arton1076.jpg","type":"image\/jpeg"}],"author":"Eleonore Biezunski","twitter_card":"summary_large_image","twitter_misc":{"Scritto da":"Eleonore Biezunski","Tempo di lettura stimato":"1 minuto"},"schema":{"@context":"https:\/\/schema.org","@graph":[{"@type":"Article","@id":"https:\/\/www.iemj.org\/it\/leibu-levin-word-and-melody-yiddish-poetry-set-to-music\/#article","isPartOf":{"@id":"https:\/\/www.iemj.org\/it\/leibu-levin-word-and-melody-yiddish-poetry-set-to-music\/"},"author":{"name":"Eleonore Biezunski","@id":"https:\/\/www.iemj.org\/it\/#\/schema\/person\/b642ef6ac700534beb3a478a1044fc58"},"headline":"Leibu Levin &#8211; Parola e melodia &#8211; Poesia yiddish messa in musica","datePublished":"2015-08-03T15:02:43+00:00","dateModified":"2021-10-11T08:55:43+00:00","mainEntityOfPage":{"@id":"https:\/\/www.iemj.org\/it\/leibu-levin-word-and-melody-yiddish-poetry-set-to-music\/"},"wordCount":84,"publisher":{"@id":"https:\/\/www.iemj.org\/it\/#organization"},"image":{"@id":"https:\/\/www.iemj.org\/it\/leibu-levin-word-and-melody-yiddish-poetry-set-to-music\/#primaryimage"},"thumbnailUrl":"https:\/\/www.iemj.org\/wp-content\/uploads\/2015\/08\/arton1076.jpg","articleSection":["Spartiti","Ultimi acquisti"],"inLanguage":"it-IT"},{"@type":"WebPage","@id":"https:\/\/www.iemj.org\/it\/leibu-levin-word-and-melody-yiddish-poetry-set-to-music\/","url":"https:\/\/www.iemj.org\/it\/leibu-levin-word-and-melody-yiddish-poetry-set-to-music\/","name":"Leibu Levin - Parola e melodia - Poesia yiddish messa in musica - Institut Europ\u00e9en des Musiques Juives","isPartOf":{"@id":"https:\/\/www.iemj.org\/it\/#website"},"primaryImageOfPage":{"@id":"https:\/\/www.iemj.org\/it\/leibu-levin-word-and-melody-yiddish-poetry-set-to-music\/#primaryimage"},"image":{"@id":"https:\/\/www.iemj.org\/it\/leibu-levin-word-and-melody-yiddish-poetry-set-to-music\/#primaryimage"},"thumbnailUrl":"https:\/\/www.iemj.org\/wp-content\/uploads\/2015\/08\/arton1076.jpg","datePublished":"2015-08-03T15:02:43+00:00","dateModified":"2021-10-11T08:55:43+00:00","breadcrumb":{"@id":"https:\/\/www.iemj.org\/it\/leibu-levin-word-and-melody-yiddish-poetry-set-to-music\/#breadcrumb"},"inLanguage":"it-IT","potentialAction":[{"@type":"ReadAction","target":["https:\/\/www.iemj.org\/it\/leibu-levin-word-and-melody-yiddish-poetry-set-to-music\/"]}]},{"@type":"ImageObject","inLanguage":"it-IT","@id":"https:\/\/www.iemj.org\/it\/leibu-levin-word-and-melody-yiddish-poetry-set-to-music\/#primaryimage","url":"https:\/\/www.iemj.org\/wp-content\/uploads\/2015\/08\/arton1076.jpg","contentUrl":"https:\/\/www.iemj.org\/wp-content\/uploads\/2015\/08\/arton1076.jpg","width":260,"height":309},{"@type":"BreadcrumbList","@id":"https:\/\/www.iemj.org\/it\/leibu-levin-word-and-melody-yiddish-poetry-set-to-music\/#breadcrumb","itemListElement":[{"@type":"ListItem","position":1,"name":"Accueil","item":"https:\/\/www.iemj.org\/it\/"},{"@type":"ListItem","position":2,"name":"Leibu Levin &#8211; Parola e melodia &#8211; Poesia yiddish messa in musica"}]},{"@type":"WebSite","@id":"https:\/\/www.iemj.org\/it\/#website","url":"https:\/\/www.iemj.org\/it\/","name":"Institut Europ\u00e9en des Musiques Juives","description":"Des traditions musicales \u00e0 la port\u00e9e de tous","publisher":{"@id":"https:\/\/www.iemj.org\/it\/#organization"},"potentialAction":[{"@type":"SearchAction","target":{"@type":"EntryPoint","urlTemplate":"https:\/\/www.iemj.org\/it\/?s={search_term_string}"},"query-input":{"@type":"PropertyValueSpecification","valueRequired":true,"valueName":"search_term_string"}}],"inLanguage":"it-IT"},{"@type":"Organization","@id":"https:\/\/www.iemj.org\/it\/#organization","name":"Institut Europ\u00e9en des Musiques Juives","url":"https:\/\/www.iemj.org\/it\/","logo":{"@type":"ImageObject","inLanguage":"it-IT","@id":"https:\/\/www.iemj.org\/it\/#\/schema\/logo\/image\/","url":"https:\/\/www.iemj.org\/wp-content\/uploads\/2021\/09\/Logo-IEMJ-Paypal.jpg","contentUrl":"https:\/\/www.iemj.org\/wp-content\/uploads\/2021\/09\/Logo-IEMJ-Paypal.jpg","width":150,"height":50,"caption":"Institut Europ\u00e9en des Musiques Juives"},"image":{"@id":"https:\/\/www.iemj.org\/it\/#\/schema\/logo\/image\/"},"sameAs":["https:\/\/www.facebook.com\/MusiquesJuives\/","https:\/\/www.instagram.com\/musiquesjuives\/","https:\/\/www.youtube.com\/user\/musiquesjuives"]},{"@type":"Person","@id":"https:\/\/www.iemj.org\/it\/#\/schema\/person\/b642ef6ac700534beb3a478a1044fc58","name":"Eleonore Biezunski","image":{"@type":"ImageObject","inLanguage":"it-IT","@id":"https:\/\/secure.gravatar.com\/avatar\/23ebe6af626286145e05768bed85e683b6fb680909f71fae7052aa52346a660a?s=96&d=mm&r=g","url":"https:\/\/secure.gravatar.com\/avatar\/23ebe6af626286145e05768bed85e683b6fb680909f71fae7052aa52346a660a?s=96&d=mm&r=g","contentUrl":"https:\/\/secure.gravatar.com\/avatar\/23ebe6af626286145e05768bed85e683b6fb680909f71fae7052aa52346a660a?s=96&d=mm&r=g","caption":"Eleonore Biezunski"}}]}},"_links":{"self":[{"href":"https:\/\/www.iemj.org\/it\/wp-json\/wp\/v2\/posts\/57746","targetHints":{"allow":["GET"]}}],"collection":[{"href":"https:\/\/www.iemj.org\/it\/wp-json\/wp\/v2\/posts"}],"about":[{"href":"https:\/\/www.iemj.org\/it\/wp-json\/wp\/v2\/types\/post"}],"author":[{"embeddable":true,"href":"https:\/\/www.iemj.org\/it\/wp-json\/wp\/v2\/users\/1051"}],"replies":[{"embeddable":true,"href":"https:\/\/www.iemj.org\/it\/wp-json\/wp\/v2\/comments?post=57746"}],"version-history":[{"count":0,"href":"https:\/\/www.iemj.org\/it\/wp-json\/wp\/v2\/posts\/57746\/revisions"}],"wp:featuredmedia":[{"embeddable":true,"href":"https:\/\/www.iemj.org\/it\/wp-json\/wp\/v2\/media\/57747"}],"wp:attachment":[{"href":"https:\/\/www.iemj.org\/it\/wp-json\/wp\/v2\/media?parent=57746"}],"wp:term":[{"taxonomy":"category","embeddable":true,"href":"https:\/\/www.iemj.org\/it\/wp-json\/wp\/v2\/categories?post=57746"},{"taxonomy":"post_tag","embeddable":true,"href":"https:\/\/www.iemj.org\/it\/wp-json\/wp\/v2\/tags?post=57746"},{"taxonomy":"technique","embeddable":true,"href":"https:\/\/www.iemj.org\/it\/wp-json\/wp\/v2\/technique?post=57746"},{"taxonomy":"squelettes","embeddable":true,"href":"https:\/\/www.iemj.org\/it\/wp-json\/wp\/v2\/squelettes?post=57746"},{"taxonomy":"sujet","embeddable":true,"href":"https:\/\/www.iemj.org\/it\/wp-json\/wp\/v2\/sujet?post=57746"},{"taxonomy":"formation","embeddable":true,"href":"https:\/\/www.iemj.org\/it\/wp-json\/wp\/v2\/formation?post=57746"},{"taxonomy":"genre","embeddable":true,"href":"https:\/\/www.iemj.org\/it\/wp-json\/wp\/v2\/genre?post=57746"},{"taxonomy":"fonds","embeddable":true,"href":"https:\/\/www.iemj.org\/it\/wp-json\/wp\/v2\/fonds?post=57746"},{"taxonomy":"tradition","embeddable":true,"href":"https:\/\/www.iemj.org\/it\/wp-json\/wp\/v2\/tradition?post=57746"},{"taxonomy":"type-de-contenu","embeddable":true,"href":"https:\/\/www.iemj.org\/it\/wp-json\/wp\/v2\/type-de-contenu?post=57746"},{"taxonomy":"interprete-compositeur","embeddable":true,"href":"https:\/\/www.iemj.org\/it\/wp-json\/wp\/v2\/interprete-compositeur?post=57746"},{"taxonomy":"frise","embeddable":true,"href":"https:\/\/www.iemj.org\/it\/wp-json\/wp\/v2\/frise?post=57746"},{"taxonomy":"type-devenement","embeddable":true,"href":"https:\/\/www.iemj.org\/it\/wp-json\/wp\/v2\/type-devenement?post=57746"},{"taxonomy":"tableaux-liens-externes","embeddable":true,"href":"https:\/\/www.iemj.org\/it\/wp-json\/wp\/v2\/tableaux-liens-externes?post=57746"}],"curies":[{"name":"wp","href":"https:\/\/api.w.org\/{rel}","templated":true}]}}