{"id":58016,"date":"2020-03-11T17:10:38","date_gmt":"2020-03-11T16:10:38","guid":{"rendered":"https:\/\/www.iemj.org\/yiddish-glory\/"},"modified":"2025-09-10T12:16:34","modified_gmt":"2025-09-10T10:16:34","slug":"yiddish-glory","status":"publish","type":"post","link":"https:\/\/www.iemj.org\/it\/yiddish-glory\/","title":{"rendered":"Yiddish Glory"},"content":{"rendered":"<p><em>Yiddish Glory: The Lost Songs of World War II<\/em> \u00e8 il titolo di un nuovo CD uscito nel 2018 negli Stati Uniti che parte da testi di canzoni scritte durante i periodi pi\u00f9 bui della storia ebraica europea. Verso la met\u00e0 della seconda guerra mondiale, un gruppo di ricercatori guidati dall&#8217;etnomusicologo <a href=\"https:\/\/www.iemj.org\/it\/beregovski-moisei-iakovlevich-1892-1961\/\" target=\"_blank\" rel=\"noopener\">Moisei Beregovsky (1892-1961)<\/a> scopre delle canzoni scritte da soldati ebrei dell&#8217;Armata Rossa, da rifugiati, da vittime e da sopravvissuti dei ghetti Ucraini. Tra queste canzoni, una \u00e8 stata creata da un orfano di 10 anni che ha perso la famiglia nel ghetto di Tulchin, un&#8217;altra da un giovane prigioniero nel campo di concentramento di Pechora e un&#8217;altra ancora da un soldato dell&#8217;Armata Rossa che viene a sapere, al suo ritorno a Kiev, che la sua famiglia \u00e8 stata assassinata a Babi Yar. Questi autori non sono n\u00e9 poeti n\u00e9 musicisti, ma sono tutti testimoni di uno dei maggiori eventi che ha segnato il XX secolo.<\/p>\n<p>Dopo la guerra, questi ricercatori verranno arrestati durante le purghe staliniane e il loro lavoro confiscato. Moriranno pensando che queste collezioni sarebbero state perse per sempre.<\/p>\n<p>Fu negli anni &#8217;90 che queste canzoni furono riscoperte, in scatole non identificate, negli archivi della Biblioteca Nazionale Vernadsky \u00a0in Ucraina.<\/p>\n<p>All&#8217;inizio degli anni 2000, la professoressa di yiddish <strong>Anna Shternshis<\/strong> e direttrice del Center for Jewish Studies dell&#8217;Universit\u00e0 di Toronto si reca a Kiev e apprende accidentalmente l&#8217;esistenza di queste canzoni. Questi documenti fragili e in rapido deterioramento, per lo pi\u00f9 scritti a mano e di grande importanza storica, contengono alcune delle pi\u00f9 toccanti canzoni yiddish sovietiche sulla seconda guerra mondiale. Angoscia, speranza, umorismo, coraggio, resistenza e vendetta sono tutti sentimenti che vengono espressi attraverso ciascuna di queste canzoni.<\/p>\n<p><img fetchpriority=\"high\" decoding=\"async\" class=\" alignleft size-full wp-image-27359\" src=\"https:\/\/www.iemj.org\/wp-content\/uploads\/2020\/03\/psoy_korolenko_and_anna_shternshis_photo_and_design_by_dan_rosenberg__400px.jpg\" alt=\"psoy_korolenko_and_anna_shternshis_photo_and_design_by_dan_rosenberg__400px.jpg\" width=\"400\" height=\"300\" align=\"left\" srcset=\"https:\/\/www.iemj.org\/wp-content\/uploads\/2020\/03\/psoy_korolenko_and_anna_shternshis_photo_and_design_by_dan_rosenberg__400px.jpg 400w, https:\/\/www.iemj.org\/wp-content\/uploads\/2020\/03\/psoy_korolenko_and_anna_shternshis_photo_and_design_by_dan_rosenberg__400px-300x225.jpg 300w\" sizes=\"(max-width: 400px) 100vw, 400px\" \/><\/p>\n<p>Questo disco \u00e8 il risultato di una straordinaria collaborazione tra l&#8217;artista <strong>Psoy Korolenko<\/strong> e la professoressa di yiddish Anna Shternshis, poich\u00e9 la maggior parte di queste canzoni sono state scritte su pezzi di carta, senza indicazione di melodia. Psoy Korolenko si \u00e8 quindi lanciato in un vero e proprio lavoro di &#8220;archeologia musicale&#8221;, analizzando le note, contestualizzando i testi e dando libero sfogo alla propria fantasia per comporre o adattare la musica a questi testi. <strong>Sergei Erdenko<\/strong> (grande violinista Rom russo, che ha suonato spesso con Yehudi Menuhin) ha effettuato gli arrangiamenti ed ha persino composto una musica originale su di una delle canzoni (Kazakistan).<\/p>\n<p>La scoperta di questo tesoro nascosto per anni ha portato il produttore <strong>Dan Rosenberg<\/strong> a riunire un insieme di cantanti e musicisti dalle molteplici influenze. Questo CD, frutto di tre anni di duro lavoro, costituisce una testimonianza storica inestimabile, rivelando come uomini, donne e bambini ebrei abbiano combattuto il fascismo, cercato di salvare le proprie famiglie e scelto, in ultima analisi, di comunicare i propri sogni. e speranze attraverso la musica. Abbiamo cos\u00ec per la prima volta l&#8217;opportunit\u00e0 di ascoltare le voci di questi ebrei sovietici, che hanno creduto di essere messi a tacere per sempre da Stalin e Hitler.<\/p>\n<p>Questo CD \u00e8 accompagnato da un libretto di 44 pagine, contenente i testi delle canzoni in inglese e russo, la storia di ogni canzone, oltre a numerose illustrazioni.<\/p>\n<p><a href=\"https:\/\/www.yiddishglory.com\/\" target=\"_blank\" rel=\"noopener\">Saperne di pi\u00f9<\/a><\/p>\n<p><a href=\"https:\/\/www.sixdegreesrecords.com\/lost-songs-world-war-ii\/\" target=\"_blank\" rel=\"noopener\">Acquistare il CD<\/a><\/p>\n\n\n<h2 class=\"wp-block-heading\"><\/h2>\n\n\n<div class=\"wp-block-image\">\n<figure class=\"aligncenter size-large\"><img decoding=\"async\" width=\"1024\" height=\"133\" src=\"https:\/\/www.iemj.org\/wp-content\/uploads\/2024\/03\/AUDIO-PLAYER-1024x133.png\" alt=\"\" class=\"wp-image-110609\" srcset=\"https:\/\/www.iemj.org\/wp-content\/uploads\/2024\/03\/AUDIO-PLAYER-1024x133.png 1024w, https:\/\/www.iemj.org\/wp-content\/uploads\/2024\/03\/AUDIO-PLAYER-300x39.png 300w, https:\/\/www.iemj.org\/wp-content\/uploads\/2024\/03\/AUDIO-PLAYER-768x100.png 768w, https:\/\/www.iemj.org\/wp-content\/uploads\/2024\/03\/AUDIO-PLAYER-600x78.png 600w, https:\/\/www.iemj.org\/wp-content\/uploads\/2024\/03\/AUDIO-PLAYER.png 1210w\" sizes=\"(max-width: 1024px) 100vw, 1024px\" \/><\/figure>\n<\/div>\n\n\n<div class=\"wp-block-file\"><a id=\"wp-block-file--media-d64e1253-a0e1-4b1a-9877-35e5762d7cd7\" href=\"https:\/\/www.iemj.org\/wp-content\/uploads\/2020\/03\/01_afn_hoykhn_barg_on_the_high_mountain_.mp3\">Afn hoykhn barg (Extrait)<\/a><\/div>\n\n\n\n<div class=\"wp-block-file\"><a id=\"wp-block-file--media-234585cc-9525-4bb9-88f5-88edc6ab7b6d\" href=\"https:\/\/www.iemj.org\/wp-content\/uploads\/2020\/03\/02_shpatsir_in_vald_a_walk_in_the_forest_.mp3\">Shpatsir in vald (Extrait)<\/a><\/div>\n\n\n\n<div class=\"wp-block-file\"><a id=\"wp-block-file--media-63c5fe1d-3da1-4c71-8265-f7c8bf7c54e9\" href=\"https:\/\/www.iemj.org\/wp-content\/uploads\/2020\/03\/03_yoshke_fun_odes_yoshke_from_odessa_.mp3\">Yoshke fun Odes (Extrait)<\/a><\/div>\n\n\n\n<div class=\"wp-block-file\"><a id=\"wp-block-file--media-ca2fd89c-9568-4f3d-9822-e326adb1df86\" href=\"https:\/\/www.iemj.org\/wp-content\/uploads\/2020\/03\/09_chuvasher_tekhter_daughters_of_chuvashia_.mp3\">Chuvasher tekhter (Extrait)<\/a><\/div>\n\n\n\n<div class=\"wp-block-file\"><a id=\"wp-block-file--media-5bca5e0f-8196-4d11-93bc-73e74ed99acb\" href=\"https:\/\/www.iemj.org\/wp-content\/uploads\/2020\/03\/18_tsum_nayem_yor_1944_happy_new_year_1944_.mp3\">Tsum nayem yor 1944 (Extrait)<\/a><\/div>\n\n\n\n<div class=\"wp-block-file\"><a id=\"wp-block-file--media-d3476cf8-4f25-4039-8c0c-7edaa049ec9b\" href=\"https:\/\/www.iemj.org\/wp-content\/uploads\/2020\/03\/05_mayn_pulemyot_my_machine_gun_.mp3\">Mayn pulemyot (Extrait)<\/a><\/div>\n\n\n\n<p><\/p>\n","protected":false},"excerpt":{"rendered":"<p>Yiddish Glory: The Lost Songs of World War II \u00e8 il titolo di un nuovo CD uscito nel 2018 negli Stati Uniti che parte da testi di canzoni scritte durante<\/p>\n","protected":false},"author":1048,"featured_media":58017,"comment_status":"closed","ping_status":"closed","sticky":false,"template":"","format":"standard","meta":{"_acf_changed":false,"footnotes":""},"categories":[1569,1564],"tags":[],"technique":[],"squelettes":[],"sujet":[],"formation":[],"genre":[1676],"fonds":[],"tradition":[],"type-de-contenu":[],"interprete-compositeur":[],"frise":[],"type-devenement":[],"tableaux-liens-externes":[],"class_list":["post-58016","post","type-post","status-publish","format-standard","has-post-thumbnail","hentry","category-cd-it","category-ultimi-acquisti-it","genre-yiddish-it-2"],"acf":[],"yoast_head":"<!-- This site is optimized with the Yoast SEO plugin v27.3 - https:\/\/yoast.com\/product\/yoast-seo-wordpress\/ -->\n<title>Yiddish Glory - Institut Europ\u00e9en des Musiques Juives<\/title>\n<meta name=\"robots\" content=\"index, follow, max-snippet:-1, max-image-preview:large, max-video-preview:-1\" \/>\n<link rel=\"canonical\" href=\"https:\/\/www.iemj.org\/it\/yiddish-glory\/\" \/>\n<meta property=\"og:locale\" content=\"it_IT\" \/>\n<meta property=\"og:type\" content=\"article\" \/>\n<meta property=\"og:title\" content=\"Yiddish Glory - Institut Europ\u00e9en des Musiques Juives\" \/>\n<meta property=\"og:description\" content=\"Yiddish Glory: The Lost Songs of World War II \u00e8 il titolo di un nuovo CD uscito nel 2018 negli Stati Uniti che parte da testi di canzoni scritte durante\" \/>\n<meta property=\"og:url\" content=\"https:\/\/www.iemj.org\/it\/yiddish-glory\/\" \/>\n<meta property=\"og:site_name\" content=\"Institut Europ\u00e9en des Musiques Juives\" \/>\n<meta property=\"article:publisher\" content=\"https:\/\/www.facebook.com\/MusiquesJuives\/\" \/>\n<meta property=\"article:published_time\" content=\"2020-03-11T16:10:38+00:00\" \/>\n<meta property=\"article:modified_time\" content=\"2025-09-10T10:16:34+00:00\" \/>\n<meta property=\"og:image\" content=\"https:\/\/www.iemj.org\/wp-content\/uploads\/2020\/03\/arton4582-e1619019203881.jpg\" \/>\n\t<meta property=\"og:image:width\" content=\"350\" \/>\n\t<meta property=\"og:image:height\" content=\"350\" \/>\n\t<meta property=\"og:image:type\" content=\"image\/jpeg\" \/>\n<meta name=\"author\" content=\"Jean-Gabriel Davis\" \/>\n<meta name=\"twitter:card\" content=\"summary_large_image\" \/>\n<meta name=\"twitter:label1\" content=\"Scritto da\" \/>\n\t<meta name=\"twitter:data1\" content=\"Jean-Gabriel Davis\" \/>\n\t<meta name=\"twitter:label2\" content=\"Tempo di lettura stimato\" \/>\n\t<meta name=\"twitter:data2\" content=\"4 minuti\" \/>\n<script type=\"application\/ld+json\" class=\"yoast-schema-graph\">{\"@context\":\"https:\\\/\\\/schema.org\",\"@graph\":[{\"@type\":\"Article\",\"@id\":\"https:\\\/\\\/www.iemj.org\\\/it\\\/yiddish-glory\\\/#article\",\"isPartOf\":{\"@id\":\"https:\\\/\\\/www.iemj.org\\\/it\\\/yiddish-glory\\\/\"},\"author\":{\"name\":\"Jean-Gabriel Davis\",\"@id\":\"https:\\\/\\\/www.iemj.org\\\/it\\\/#\\\/schema\\\/person\\\/c9bc1c386a3749579a2d675e72a18666\"},\"headline\":\"Yiddish Glory\",\"datePublished\":\"2020-03-11T16:10:38+00:00\",\"dateModified\":\"2025-09-10T10:16:34+00:00\",\"mainEntityOfPage\":{\"@id\":\"https:\\\/\\\/www.iemj.org\\\/it\\\/yiddish-glory\\\/\"},\"wordCount\":544,\"publisher\":{\"@id\":\"https:\\\/\\\/www.iemj.org\\\/it\\\/#organization\"},\"image\":{\"@id\":\"https:\\\/\\\/www.iemj.org\\\/it\\\/yiddish-glory\\\/#primaryimage\"},\"thumbnailUrl\":\"https:\\\/\\\/www.iemj.org\\\/wp-content\\\/uploads\\\/2020\\\/03\\\/arton4582-e1619019203881.jpg\",\"articleSection\":[\"CD\",\"Ultimi acquisti\"],\"inLanguage\":\"it-IT\"},{\"@type\":\"WebPage\",\"@id\":\"https:\\\/\\\/www.iemj.org\\\/it\\\/yiddish-glory\\\/\",\"url\":\"https:\\\/\\\/www.iemj.org\\\/it\\\/yiddish-glory\\\/\",\"name\":\"Yiddish Glory - Institut Europ\u00e9en des Musiques Juives\",\"isPartOf\":{\"@id\":\"https:\\\/\\\/www.iemj.org\\\/it\\\/#website\"},\"primaryImageOfPage\":{\"@id\":\"https:\\\/\\\/www.iemj.org\\\/it\\\/yiddish-glory\\\/#primaryimage\"},\"image\":{\"@id\":\"https:\\\/\\\/www.iemj.org\\\/it\\\/yiddish-glory\\\/#primaryimage\"},\"thumbnailUrl\":\"https:\\\/\\\/www.iemj.org\\\/wp-content\\\/uploads\\\/2020\\\/03\\\/arton4582-e1619019203881.jpg\",\"datePublished\":\"2020-03-11T16:10:38+00:00\",\"dateModified\":\"2025-09-10T10:16:34+00:00\",\"breadcrumb\":{\"@id\":\"https:\\\/\\\/www.iemj.org\\\/it\\\/yiddish-glory\\\/#breadcrumb\"},\"inLanguage\":\"it-IT\",\"potentialAction\":[{\"@type\":\"ReadAction\",\"target\":[\"https:\\\/\\\/www.iemj.org\\\/it\\\/yiddish-glory\\\/\"]}]},{\"@type\":\"ImageObject\",\"inLanguage\":\"it-IT\",\"@id\":\"https:\\\/\\\/www.iemj.org\\\/it\\\/yiddish-glory\\\/#primaryimage\",\"url\":\"https:\\\/\\\/www.iemj.org\\\/wp-content\\\/uploads\\\/2020\\\/03\\\/arton4582-e1619019203881.jpg\",\"contentUrl\":\"https:\\\/\\\/www.iemj.org\\\/wp-content\\\/uploads\\\/2020\\\/03\\\/arton4582-e1619019203881.jpg\",\"width\":350,\"height\":350},{\"@type\":\"BreadcrumbList\",\"@id\":\"https:\\\/\\\/www.iemj.org\\\/it\\\/yiddish-glory\\\/#breadcrumb\",\"itemListElement\":[{\"@type\":\"ListItem\",\"position\":1,\"name\":\"Accueil\",\"item\":\"https:\\\/\\\/www.iemj.org\\\/it\\\/\"},{\"@type\":\"ListItem\",\"position\":2,\"name\":\"Yiddish Glory\"}]},{\"@type\":\"WebSite\",\"@id\":\"https:\\\/\\\/www.iemj.org\\\/it\\\/#website\",\"url\":\"https:\\\/\\\/www.iemj.org\\\/it\\\/\",\"name\":\"Institut Europ\u00e9en des Musiques Juives\",\"description\":\"Des traditions musicales \u00e0 la port\u00e9e de tous\",\"publisher\":{\"@id\":\"https:\\\/\\\/www.iemj.org\\\/it\\\/#organization\"},\"potentialAction\":[{\"@type\":\"SearchAction\",\"target\":{\"@type\":\"EntryPoint\",\"urlTemplate\":\"https:\\\/\\\/www.iemj.org\\\/it\\\/?s={search_term_string}\"},\"query-input\":{\"@type\":\"PropertyValueSpecification\",\"valueRequired\":true,\"valueName\":\"search_term_string\"}}],\"inLanguage\":\"it-IT\"},{\"@type\":\"Organization\",\"@id\":\"https:\\\/\\\/www.iemj.org\\\/it\\\/#organization\",\"name\":\"Institut Europ\u00e9en des Musiques Juives\",\"url\":\"https:\\\/\\\/www.iemj.org\\\/it\\\/\",\"logo\":{\"@type\":\"ImageObject\",\"inLanguage\":\"it-IT\",\"@id\":\"https:\\\/\\\/www.iemj.org\\\/it\\\/#\\\/schema\\\/logo\\\/image\\\/\",\"url\":\"https:\\\/\\\/www.iemj.org\\\/wp-content\\\/uploads\\\/2021\\\/09\\\/Logo-IEMJ-Paypal.jpg\",\"contentUrl\":\"https:\\\/\\\/www.iemj.org\\\/wp-content\\\/uploads\\\/2021\\\/09\\\/Logo-IEMJ-Paypal.jpg\",\"width\":150,\"height\":50,\"caption\":\"Institut Europ\u00e9en des Musiques Juives\"},\"image\":{\"@id\":\"https:\\\/\\\/www.iemj.org\\\/it\\\/#\\\/schema\\\/logo\\\/image\\\/\"},\"sameAs\":[\"https:\\\/\\\/www.facebook.com\\\/MusiquesJuives\\\/\",\"https:\\\/\\\/www.instagram.com\\\/musiquesjuives\\\/\",\"https:\\\/\\\/www.youtube.com\\\/user\\\/musiquesjuives\"]},{\"@type\":\"Person\",\"@id\":\"https:\\\/\\\/www.iemj.org\\\/it\\\/#\\\/schema\\\/person\\\/c9bc1c386a3749579a2d675e72a18666\",\"name\":\"Jean-Gabriel Davis\",\"image\":{\"@type\":\"ImageObject\",\"inLanguage\":\"it-IT\",\"@id\":\"https:\\\/\\\/secure.gravatar.com\\\/avatar\\\/2b90d67bdf392c9b3a21fab87c0fa7edaf1fb3a058172a1ffd61033fcec7aec1?s=96&d=mm&r=g\",\"url\":\"https:\\\/\\\/secure.gravatar.com\\\/avatar\\\/2b90d67bdf392c9b3a21fab87c0fa7edaf1fb3a058172a1ffd61033fcec7aec1?s=96&d=mm&r=g\",\"contentUrl\":\"https:\\\/\\\/secure.gravatar.com\\\/avatar\\\/2b90d67bdf392c9b3a21fab87c0fa7edaf1fb3a058172a1ffd61033fcec7aec1?s=96&d=mm&r=g\",\"caption\":\"Jean-Gabriel Davis\"}}]}<\/script>\n<!-- \/ Yoast SEO plugin. -->","yoast_head_json":{"title":"Yiddish Glory - Institut Europ\u00e9en des Musiques Juives","robots":{"index":"index","follow":"follow","max-snippet":"max-snippet:-1","max-image-preview":"max-image-preview:large","max-video-preview":"max-video-preview:-1"},"canonical":"https:\/\/www.iemj.org\/it\/yiddish-glory\/","og_locale":"it_IT","og_type":"article","og_title":"Yiddish Glory - Institut Europ\u00e9en des Musiques Juives","og_description":"Yiddish Glory: The Lost Songs of World War II \u00e8 il titolo di un nuovo CD uscito nel 2018 negli Stati Uniti che parte da testi di canzoni scritte durante","og_url":"https:\/\/www.iemj.org\/it\/yiddish-glory\/","og_site_name":"Institut Europ\u00e9en des Musiques Juives","article_publisher":"https:\/\/www.facebook.com\/MusiquesJuives\/","article_published_time":"2020-03-11T16:10:38+00:00","article_modified_time":"2025-09-10T10:16:34+00:00","og_image":[{"width":350,"height":350,"url":"https:\/\/www.iemj.org\/wp-content\/uploads\/2020\/03\/arton4582-e1619019203881.jpg","type":"image\/jpeg"}],"author":"Jean-Gabriel Davis","twitter_card":"summary_large_image","twitter_misc":{"Scritto da":"Jean-Gabriel Davis","Tempo di lettura stimato":"4 minuti"},"schema":{"@context":"https:\/\/schema.org","@graph":[{"@type":"Article","@id":"https:\/\/www.iemj.org\/it\/yiddish-glory\/#article","isPartOf":{"@id":"https:\/\/www.iemj.org\/it\/yiddish-glory\/"},"author":{"name":"Jean-Gabriel Davis","@id":"https:\/\/www.iemj.org\/it\/#\/schema\/person\/c9bc1c386a3749579a2d675e72a18666"},"headline":"Yiddish Glory","datePublished":"2020-03-11T16:10:38+00:00","dateModified":"2025-09-10T10:16:34+00:00","mainEntityOfPage":{"@id":"https:\/\/www.iemj.org\/it\/yiddish-glory\/"},"wordCount":544,"publisher":{"@id":"https:\/\/www.iemj.org\/it\/#organization"},"image":{"@id":"https:\/\/www.iemj.org\/it\/yiddish-glory\/#primaryimage"},"thumbnailUrl":"https:\/\/www.iemj.org\/wp-content\/uploads\/2020\/03\/arton4582-e1619019203881.jpg","articleSection":["CD","Ultimi acquisti"],"inLanguage":"it-IT"},{"@type":"WebPage","@id":"https:\/\/www.iemj.org\/it\/yiddish-glory\/","url":"https:\/\/www.iemj.org\/it\/yiddish-glory\/","name":"Yiddish Glory - Institut Europ\u00e9en des Musiques Juives","isPartOf":{"@id":"https:\/\/www.iemj.org\/it\/#website"},"primaryImageOfPage":{"@id":"https:\/\/www.iemj.org\/it\/yiddish-glory\/#primaryimage"},"image":{"@id":"https:\/\/www.iemj.org\/it\/yiddish-glory\/#primaryimage"},"thumbnailUrl":"https:\/\/www.iemj.org\/wp-content\/uploads\/2020\/03\/arton4582-e1619019203881.jpg","datePublished":"2020-03-11T16:10:38+00:00","dateModified":"2025-09-10T10:16:34+00:00","breadcrumb":{"@id":"https:\/\/www.iemj.org\/it\/yiddish-glory\/#breadcrumb"},"inLanguage":"it-IT","potentialAction":[{"@type":"ReadAction","target":["https:\/\/www.iemj.org\/it\/yiddish-glory\/"]}]},{"@type":"ImageObject","inLanguage":"it-IT","@id":"https:\/\/www.iemj.org\/it\/yiddish-glory\/#primaryimage","url":"https:\/\/www.iemj.org\/wp-content\/uploads\/2020\/03\/arton4582-e1619019203881.jpg","contentUrl":"https:\/\/www.iemj.org\/wp-content\/uploads\/2020\/03\/arton4582-e1619019203881.jpg","width":350,"height":350},{"@type":"BreadcrumbList","@id":"https:\/\/www.iemj.org\/it\/yiddish-glory\/#breadcrumb","itemListElement":[{"@type":"ListItem","position":1,"name":"Accueil","item":"https:\/\/www.iemj.org\/it\/"},{"@type":"ListItem","position":2,"name":"Yiddish Glory"}]},{"@type":"WebSite","@id":"https:\/\/www.iemj.org\/it\/#website","url":"https:\/\/www.iemj.org\/it\/","name":"Institut Europ\u00e9en des Musiques Juives","description":"Des traditions musicales \u00e0 la port\u00e9e de tous","publisher":{"@id":"https:\/\/www.iemj.org\/it\/#organization"},"potentialAction":[{"@type":"SearchAction","target":{"@type":"EntryPoint","urlTemplate":"https:\/\/www.iemj.org\/it\/?s={search_term_string}"},"query-input":{"@type":"PropertyValueSpecification","valueRequired":true,"valueName":"search_term_string"}}],"inLanguage":"it-IT"},{"@type":"Organization","@id":"https:\/\/www.iemj.org\/it\/#organization","name":"Institut Europ\u00e9en des Musiques Juives","url":"https:\/\/www.iemj.org\/it\/","logo":{"@type":"ImageObject","inLanguage":"it-IT","@id":"https:\/\/www.iemj.org\/it\/#\/schema\/logo\/image\/","url":"https:\/\/www.iemj.org\/wp-content\/uploads\/2021\/09\/Logo-IEMJ-Paypal.jpg","contentUrl":"https:\/\/www.iemj.org\/wp-content\/uploads\/2021\/09\/Logo-IEMJ-Paypal.jpg","width":150,"height":50,"caption":"Institut Europ\u00e9en des Musiques Juives"},"image":{"@id":"https:\/\/www.iemj.org\/it\/#\/schema\/logo\/image\/"},"sameAs":["https:\/\/www.facebook.com\/MusiquesJuives\/","https:\/\/www.instagram.com\/musiquesjuives\/","https:\/\/www.youtube.com\/user\/musiquesjuives"]},{"@type":"Person","@id":"https:\/\/www.iemj.org\/it\/#\/schema\/person\/c9bc1c386a3749579a2d675e72a18666","name":"Jean-Gabriel Davis","image":{"@type":"ImageObject","inLanguage":"it-IT","@id":"https:\/\/secure.gravatar.com\/avatar\/2b90d67bdf392c9b3a21fab87c0fa7edaf1fb3a058172a1ffd61033fcec7aec1?s=96&d=mm&r=g","url":"https:\/\/secure.gravatar.com\/avatar\/2b90d67bdf392c9b3a21fab87c0fa7edaf1fb3a058172a1ffd61033fcec7aec1?s=96&d=mm&r=g","contentUrl":"https:\/\/secure.gravatar.com\/avatar\/2b90d67bdf392c9b3a21fab87c0fa7edaf1fb3a058172a1ffd61033fcec7aec1?s=96&d=mm&r=g","caption":"Jean-Gabriel Davis"}}]}},"_links":{"self":[{"href":"https:\/\/www.iemj.org\/it\/wp-json\/wp\/v2\/posts\/58016","targetHints":{"allow":["GET"]}}],"collection":[{"href":"https:\/\/www.iemj.org\/it\/wp-json\/wp\/v2\/posts"}],"about":[{"href":"https:\/\/www.iemj.org\/it\/wp-json\/wp\/v2\/types\/post"}],"author":[{"embeddable":true,"href":"https:\/\/www.iemj.org\/it\/wp-json\/wp\/v2\/users\/1048"}],"replies":[{"embeddable":true,"href":"https:\/\/www.iemj.org\/it\/wp-json\/wp\/v2\/comments?post=58016"}],"version-history":[{"count":0,"href":"https:\/\/www.iemj.org\/it\/wp-json\/wp\/v2\/posts\/58016\/revisions"}],"wp:featuredmedia":[{"embeddable":true,"href":"https:\/\/www.iemj.org\/it\/wp-json\/wp\/v2\/media\/58017"}],"wp:attachment":[{"href":"https:\/\/www.iemj.org\/it\/wp-json\/wp\/v2\/media?parent=58016"}],"wp:term":[{"taxonomy":"category","embeddable":true,"href":"https:\/\/www.iemj.org\/it\/wp-json\/wp\/v2\/categories?post=58016"},{"taxonomy":"post_tag","embeddable":true,"href":"https:\/\/www.iemj.org\/it\/wp-json\/wp\/v2\/tags?post=58016"},{"taxonomy":"technique","embeddable":true,"href":"https:\/\/www.iemj.org\/it\/wp-json\/wp\/v2\/technique?post=58016"},{"taxonomy":"squelettes","embeddable":true,"href":"https:\/\/www.iemj.org\/it\/wp-json\/wp\/v2\/squelettes?post=58016"},{"taxonomy":"sujet","embeddable":true,"href":"https:\/\/www.iemj.org\/it\/wp-json\/wp\/v2\/sujet?post=58016"},{"taxonomy":"formation","embeddable":true,"href":"https:\/\/www.iemj.org\/it\/wp-json\/wp\/v2\/formation?post=58016"},{"taxonomy":"genre","embeddable":true,"href":"https:\/\/www.iemj.org\/it\/wp-json\/wp\/v2\/genre?post=58016"},{"taxonomy":"fonds","embeddable":true,"href":"https:\/\/www.iemj.org\/it\/wp-json\/wp\/v2\/fonds?post=58016"},{"taxonomy":"tradition","embeddable":true,"href":"https:\/\/www.iemj.org\/it\/wp-json\/wp\/v2\/tradition?post=58016"},{"taxonomy":"type-de-contenu","embeddable":true,"href":"https:\/\/www.iemj.org\/it\/wp-json\/wp\/v2\/type-de-contenu?post=58016"},{"taxonomy":"interprete-compositeur","embeddable":true,"href":"https:\/\/www.iemj.org\/it\/wp-json\/wp\/v2\/interprete-compositeur?post=58016"},{"taxonomy":"frise","embeddable":true,"href":"https:\/\/www.iemj.org\/it\/wp-json\/wp\/v2\/frise?post=58016"},{"taxonomy":"type-devenement","embeddable":true,"href":"https:\/\/www.iemj.org\/it\/wp-json\/wp\/v2\/type-devenement?post=58016"},{"taxonomy":"tableaux-liens-externes","embeddable":true,"href":"https:\/\/www.iemj.org\/it\/wp-json\/wp\/v2\/tableaux-liens-externes?post=58016"}],"curies":[{"name":"wp","href":"https:\/\/api.w.org\/{rel}","templated":true}]}}