{"id":58044,"date":"2020-11-24T17:57:48","date_gmt":"2020-11-24T16:57:48","guid":{"rendered":"https:\/\/www.iemj.org\/walter-kaufmann-musique-de-chambre\/"},"modified":"2025-09-10T17:19:07","modified_gmt":"2025-09-10T15:19:07","slug":"walter-kaufmann-musique-de-chambre","status":"publish","type":"post","link":"https:\/\/www.iemj.org\/it\/walter-kaufmann-musique-de-chambre\/","title":{"rendered":"Walter Kaufmann: Musica da camera"},"content":{"rendered":"<p>Quarta opera della serie Music in Exile, il CD <em>Walter Kaufmann: Musica da camera<\/em>, pubblicato da Chandos il 28 agosto 2020, ci fa riscoprire l&#8217;opera ingiustamente dimenticata di un compositore ebreo ceco fuggito dal nazismo nel 1934&#8230;<\/p>\n<p><!--more--><\/p>\n<p><a href=\"https:\/\/en.wikipedia.org\/wiki\/Walter_Kaufmann_(composer)\">Walter Kaufmann<\/a> fa parte del lungo elenco di compositori ebrei europei marginalizzati e dimenticati a seguito \u00a0dell&#8217;avvento del nazismo e degli sconvolgimenti societali che seguirono la Seconda Guerra mondiale.<\/p>\n<p><img fetchpriority=\"high\" decoding=\"async\" class=\"alignnone\" src=\"https:\/\/www.iemj.org\/wp-content\/uploads\/2020\/11\/arc_ensemble_portrait_shot_by_nation_wong_tronquee_200px_vertic.jpg\" alt=\"arc_ensemble_portrait_shot_by_nation_wong_tronquee_200px_vertic.jpg\" width=\"320\" height=\"205\" align=\"right\" data-description=\"&quot;&lt;strong\" \/><\/p>\n<p>Il destino di questo compositore, direttore d&#8217;orchestra e musicologo \u00e8 descritto a lungo nel libretto di questo disco, molto ben documentato da \u00a0<a href=\"https:\/\/promusicahebraica.org\/about-pro-musica-hebraica\/board-of-advisers\/simon-wynberg\/\">Simon Wynberg<\/a>, direttore dell&#8217;Ensemble ARC (Artists of The Royal Conservatory), fondato nel 2002 e con sede in Canada.<\/p>\n<p>Walter Kaufmann nasce il 1 aprile 1907 a Karlsbad, famosa citt\u00e0 termale dell&#8217;Impero Austro-Ungarico che sar\u00e0 annessa alla Cecoslovacchia dopo la Prima Guerra mondiale. Particolarmente dotato per la musica, entra alla fine degli studi secondari presso la Musikhochschule di Berlino, dove studia composizione con Franz Schreker e musicologia con il pioniere di questa disciplina, Curt Sachs, che gli fa conoscere, in particolare, la musica dell&#8217;India. Nel 1933, mentre prepara una tesi di musicologia all&#8217;Universit\u00e0 tedesca di Praga, scopre che il suo direttore di tesi supervisiona una compagnia della Giovent\u00f9 Hitleriana. Decide allora di lasciare Praga e, dopo aver ottenuto il visto per l&#8217;India, parte per Bombay nel febbraio 1934. Sua moglie lo raggiunger\u00e0 pochi mesi dopo. Il resto della sua famiglia, non avendo creduto nella persistenza del movimento nazista, sar\u00e0 in gran parte decimato durante la guerra.<\/p>\n<p>A Bombay, Kaufmann \u00e8 assunto da All India Radio (AIR) come direttore della musica europea. Nel 1936 compone il generico d\u2019apertura delle trasmissioni di questa radio, la cui melodia \u00e8 conosciuta ancora oggi da centinaia di milioni di indiani, senza ch\u2019essi possano immaginare una sola volta che essa possa essere l\u2019opera di un giovane rifugiato ebreo cecoslovacco! In India, Kaufmann frequenta il giovane violinista Mehli Mehta, il cui figlio Zubin Mehta sarebbe poi diventato uno dei pi\u00f9 grandi direttori d\u2019orchestra del mondo che ha trascorso, fra l\u2019altro, una parte della sua carriera in Israele. Kaufmann compone anche diverse colonne sonore per la fiorente industria cinematografica di Bombay, il futuro Bollywood.<\/p>\n<p>Sognando una carriera a Broadway o ad Hollywood, Kaufmann parte per New York nel dicembre 1937. Torna in India due anni dopo, non riuscendo a farsi un posto nell&#8217;eldorado americano. Alla fine della guerra, il 30 agosto 1946 esattamente, torna a Londra. Ma persistendo l&#8217;attrazione per l&#8217;America, il 17 agosto 1947 s\u2019imbarca di nuovo per New York. Nel settembre 1948 \u00e8 nominato direttore della Winnipeg Symphony Orchestra (Canada). Trasforma l&#8217;orchestra in un vero ensemble professionale, moltiplicando i concerti nei quali preenta molte delle sue opere. Si interessa ugualmente all&#8217;insegnamento, soprattutto presso i pi\u00f9 giovani.<\/p>\n<p>Nel 1956 gli \u00e8 finalmente offerto un posto alla Scuola di musica dell\u2019Universit\u00e0 d\u2019Indiana a Bloomington, USA. Vi pubblica le sue ricerche sulla musica indiana, ed in particolare nel libro <em>Musical Notations of the Orient<\/em>. In quell\u2019epoca, Walter Kaufmann \u00e8 riconosciuto a livello internazionale come musicologo, educatore, direttore d&#8217;orchestra e compositore.<\/p>\n<p>Muore d\u2019insufficienza cardiaca il 9 settembre 1984, all&#8217;et\u00e0 di 77 anni.<\/p>\n<p>Il suo lavoro, principalmente conservato nella biblioteca dell&#8217;Universit\u00e0 d\u2019Indiana, a Bloomington, \u00e8 composto da pi\u00f9 di cento lavori di tutti i generi: sinfonie, opere, concerti, brani vocali o strumentali &#8230; Lo stile musicale dei suoi lavori riflette la personalit\u00e0 e la carriera di questo uomo straordinario. Vi \u00e8 l&#8217;influenza della musica indiana e delle sue mode (raga), mescolata a reminiscenze di Debussy, Bartok, Stravinsky, ma anche a delle arie zigane e klezmer!<\/p>\n<p>Si noti che questo CD fa parte di una serie intitolata <em>Music in Exile<\/em> (Musiche dell\u2019esilio), che attualmente include tre dischi dedicati alla musica da camera di Paul Ben-Haim (pubblicazione: 2013), Jerzy Fitelberg (2015) e Szymon Laks (2017).<\/p>\n<p><img decoding=\"async\" class=\" alignleft size-full wp-image-30097\" src=\"https:\/\/www.iemj.org\/wp-content\/uploads\/2020\/11\/1.cd_laks_couv_redim.jpg\" alt=\"1.cd_laks_couv_redim.jpg\" width=\"209\" height=\"210\" align=\"left\" srcset=\"https:\/\/www.iemj.org\/wp-content\/uploads\/2020\/11\/1.cd_laks_couv_redim.jpg 209w, https:\/\/www.iemj.org\/wp-content\/uploads\/2020\/11\/1.cd_laks_couv_redim-150x150.jpg 150w, https:\/\/www.iemj.org\/wp-content\/uploads\/2020\/11\/1.cd_laks_couv_redim-100x100.jpg 100w\" sizes=\"(max-width: 209px) 100vw, 209px\" \/> <img decoding=\"async\" class=\" alignleft size-full wp-image-30099\" src=\"https:\/\/www.iemj.org\/wp-content\/uploads\/2020\/11\/2.cd_fitelberg_couv_redim.jpg\" alt=\"2.cd_fitelberg_couv_redim.jpg\" width=\"210\" height=\"210\" align=\"left\" srcset=\"https:\/\/www.iemj.org\/wp-content\/uploads\/2020\/11\/2.cd_fitelberg_couv_redim.jpg 210w, https:\/\/www.iemj.org\/wp-content\/uploads\/2020\/11\/2.cd_fitelberg_couv_redim-150x150.jpg 150w, https:\/\/www.iemj.org\/wp-content\/uploads\/2020\/11\/2.cd_fitelberg_couv_redim-100x100.jpg 100w\" sizes=\"(max-width: 210px) 100vw, 210px\" \/> <img loading=\"lazy\" decoding=\"async\" class=\" alignleft size-full wp-image-30101\" src=\"https:\/\/www.iemj.org\/wp-content\/uploads\/2020\/11\/3.cd_laks_couv_redim.jpg\" alt=\"3.cd_laks_couv_redim.jpg\" width=\"210\" height=\"210\" align=\"left\" srcset=\"https:\/\/www.iemj.org\/wp-content\/uploads\/2020\/11\/3.cd_laks_couv_redim.jpg 210w, https:\/\/www.iemj.org\/wp-content\/uploads\/2020\/11\/3.cd_laks_couv_redim-150x150.jpg 150w, https:\/\/www.iemj.org\/wp-content\/uploads\/2020\/11\/3.cd_laks_couv_redim-100x100.jpg 100w\" sizes=\"(max-width: 210px) 100vw, 210px\" \/><\/p>\n<p><!--more--><\/p>\n<p><a href=\"https:\/\/fr.wikipedia.org\/wiki\/Paul_Ben-Haim\">Paul Ben-Haim (1897-1984)<\/a>, nato come Paul Frankenburger, in fuga dal nazismo, emigr\u00f2 nella Palestina mandataria nel 1933 e divenne uno dei compositori pi\u00f9 famosi di Israele. L&#8217;ARC Ensemble esegue in particolare in questo CD il Quartetto per pianoforte, op. 4, che non era stato suonato dal 1932.<\/p>\n<p>Nato a Varsavia, <a href=\"https:\/\/fr.wikipedia.org\/wiki\/Jerzy_Fitelberg\">Jerzy Fitelberg (1903-1951)<\/a> dimostra un innegabile talento musicale fin dalla pi\u00f9 tenera et\u00e0. Diplomato al Conservatorio di Varsavia, prosegue gli studi di composizione a partire dal 1922 alla Musikhochschule di Berlino, in particolare con Franz Schreker. Nel 1933 fugge dalla Germania nazista e si stabilisce a Parigi, prima di partire di nuovo in esilio in America nel 1940. Vivendo a New York, continua a comporre. La sua reputazione essendo ben consolidata, ottiene la nazionalit\u00e0 americana nel 1947, quattro anni prima di morire. Il suo lavoro, composto da pi\u00f9 di 80 opere, \u00e8 ora in parte caduto nell&#8217;oblio. Questo CD ci permette di scoprire cinque brani di musica da camera composti tra il 1921 e il 1943.<\/p>\n<p>Dopo aver studiato musica al Conservatorio di Varsavia, <a href=\"https:\/\/fr.wikipedia.org\/wiki\/Simon_Laks\">Szimon (Simon) Laks (1901-1983)<\/a> visita Vienna prima di stabilirsi a Parigi nel 1926 dove studia la composizione con Henri Rabaud e Paul Vidal. Nel maggio 1941, Laks \u00e8 arrestato e internato nel campo di Pithiviers nel Loiret, prima di essere deportato quattordici mesi dopo ad Auschwitz-Birkenau. \u00c8 nominato alla testa dell&#8217;orchestra del campo, ci\u00f2 che gli permette di sopravvivere. Questa esperienza traumatica, che racconta nel 1948 nel suo libro <em>Musiques d&#8217;un autre monde<\/em> (poi ristampato con il titolo di <em>M\u00e9lodies d\u2019Auschwitz<\/em>), segner\u00e0 tutta la sua vita. Simon Laks \u00e8 autore di una ventina di composizioni, alcune perdute, di generi diversi: colonne sonore di film, musica da camera e persino un&#8217;opera (<em>La rondine inaspettata<\/em>). Poche delle sue opere si riferiscono all&#8217;Olocausto, ad eccezione della sua <em>Elegia per i villaggi ebraici<\/em> (1963) che deplora la scomparsa della vita ebraica in Polonia.<\/p>\n<p><a href=\"https:\/\/www.chandos.net\/products\/catalogue\/CHAN%2020170\" target=\"_blank\" rel=\"noopener\">Ordinare i CD Music in Exile<\/a><\/p>\n<p><a href=\"https:\/\/www.iemj.org\/it\/concert-quatuor-n-11-de-walter-kaufmann\/\" target=\"_blank\" rel=\"noopener\">Visionare un estratto del concerto di Walter Kaufmann tenuto dall&#8217;ARC Ensemble a Toronto nel 2018<\/a><\/p>\n<p><a href=\"https:\/\/www.rcmusic.com\/performance\/arc-ensemble\" target=\"_blank\" rel=\"noopener\">Saperne di pi\u00f9 su L&#8217;ARC Ensemble<\/a><\/p>\n\n\n<h2 class=\"wp-block-heading\"><\/h2>\n\n\n<div class=\"wp-block-image\">\n<figure class=\"aligncenter size-large\"><img loading=\"lazy\" decoding=\"async\" width=\"1024\" height=\"133\" src=\"https:\/\/www.iemj.org\/wp-content\/uploads\/2024\/03\/AUDIO-PLAYER-1024x133.png\" alt=\"\" class=\"wp-image-110609\" srcset=\"https:\/\/www.iemj.org\/wp-content\/uploads\/2024\/03\/AUDIO-PLAYER-1024x133.png 1024w, https:\/\/www.iemj.org\/wp-content\/uploads\/2024\/03\/AUDIO-PLAYER-300x39.png 300w, https:\/\/www.iemj.org\/wp-content\/uploads\/2024\/03\/AUDIO-PLAYER-768x100.png 768w, https:\/\/www.iemj.org\/wp-content\/uploads\/2024\/03\/AUDIO-PLAYER-600x78.png 600w, https:\/\/www.iemj.org\/wp-content\/uploads\/2024\/03\/AUDIO-PLAYER.png 1210w\" sizes=\"(max-width: 1024px) 100vw, 1024px\" \/><\/figure>\n<\/div>\n\n\n<div class=\"wp-block-file\"><a href=\"https:\/\/www.iemj.org\/wp-content\/uploads\/2020\/11\/1_walter_kaufmann_-_string_quartet_n_11_2e_mvt_extrait_.mp3\">Walter Kaufmann &#8211;  String Quartet n\u00b011 (2e mvt) (Extrait)<\/a><\/div>\n\n\n\n<div class=\"wp-block-file\"><a href=\"https:\/\/www.iemj.org\/wp-content\/uploads\/2020\/11\/2_walter_kaufmann_-_string_quartet_n_11_4e_mvt_extrait_.mp3\">Walter Kaufmann &#8211; String Quartet n\u00b011 (4e mvt) (Extrait)<\/a><\/div>\n\n\n\n<div class=\"wp-block-file\"><a href=\"https:\/\/www.iemj.org\/wp-content\/uploads\/2020\/11\/3_walter_kaufmann_-_sonata_n_2_for_violin_and_piano_3e_mvt_extrait_.mp3\">Walter Kaufmann &#8211; Sonata n\u00b02 for Violin and Piano (3e mvt) (Extrait)<\/a><\/div>\n\n\n\n<div class=\"wp-block-file\"><a href=\"https:\/\/www.iemj.org\/wp-content\/uploads\/2020\/11\/4_walter_kaufmann_-_string_quartet_n_7_4e_mvt_extrait_.mp3\">Walter Kaufmann &#8211; String Quartet n\u00b07 (4e mvt) (Extrait)<\/a><\/div>\n\n\n\n<div class=\"wp-block-file\"><a href=\"https:\/\/www.iemj.org\/wp-content\/uploads\/2020\/11\/5_walter_kaufmann_-_string_quartet_n_7_5e_mvt_extrait_.mp3\">Walter Kaufmann &#8211; String Quartet n\u00b07 (5e mvt) (Extrait)<\/a><\/div>\n\n\n\n<div class=\"wp-block-file\"><a href=\"https:\/\/www.iemj.org\/wp-content\/uploads\/2020\/11\/6_walter_kaufmann_-_sonatina_n_12_arr_for_clarinet_and_piano_5e_mvt_extrait_.mp3\">Walter Kaufmann &#8211; Sonatina n\u00b012, arranged for Clarinet and Piano (5e mvt) (Extrait)<\/a><\/div>\n\n\n\n<div class=\"wp-block-file\"><a href=\"https:\/\/www.iemj.org\/wp-content\/uploads\/2020\/11\/7_paul_ben-haim_-_piano_quartet_op._4_1rst_mvt_extrait_.mp3\">Paul Ben-Haim &#8211; Piano Quartet Op. 4 (1rst mvt) (Extrait)<\/a><\/div>\n\n\n\n<div class=\"wp-block-file\"><a href=\"https:\/\/www.iemj.org\/wp-content\/uploads\/2020\/11\/8_jerzy_fitelberg_-_nachtmusik_op._9_extrait_.mp3\">Jerzy Fitelberg &#8211; Nachtmusik, Op. 9 (Extrait)<\/a><\/div>\n\n\n\n<div class=\"wp-block-file\"><a href=\"https:\/\/www.iemj.org\/wp-content\/uploads\/2020\/11\/9_szimon_laks_-_divertimento_for_violin_clarinet_bassoon_and_piano_extrait_.mp3\">Szimon Laks &#8211; Divertimento, for Violin, Clarinet, Bassoon, and Piano (Extrait)<\/a><\/div>\n\n\n\n<p><\/p>\n","protected":false},"excerpt":{"rendered":"<p>Quarta opera della serie Music in Exile, il CD Walter Kaufmann: Musica da camera, pubblicato da Chandos il 28 agosto 2020, ci fa riscoprire l&#8217;opera ingiustamente dimenticata di un compositore<\/p>\n","protected":false},"author":1045,"featured_media":58045,"comment_status":"closed","ping_status":"closed","sticky":false,"template":"","format":"standard","meta":{"_acf_changed":false,"footnotes":""},"categories":[1569,1564],"tags":[],"technique":[],"squelettes":[],"sujet":[],"formation":[],"genre":[1901],"fonds":[],"tradition":[],"type-de-contenu":[],"interprete-compositeur":[],"frise":[],"type-devenement":[],"tableaux-liens-externes":[],"class_list":["post-58044","post","type-post","status-publish","format-standard","has-post-thumbnail","hentry","category-cd-it","category-ultimi-acquisti-it","genre-musica-classica-it"],"acf":[],"yoast_head":"<!-- This site is optimized with the Yoast SEO plugin v27.3 - https:\/\/yoast.com\/product\/yoast-seo-wordpress\/ -->\n<title>Walter Kaufmann: Musica da camera - Institut Europ\u00e9en des Musiques Juives<\/title>\n<meta name=\"robots\" content=\"index, follow, max-snippet:-1, max-image-preview:large, max-video-preview:-1\" \/>\n<link rel=\"canonical\" href=\"https:\/\/www.iemj.org\/it\/walter-kaufmann-musique-de-chambre\/\" \/>\n<meta property=\"og:locale\" content=\"it_IT\" \/>\n<meta property=\"og:type\" content=\"article\" \/>\n<meta property=\"og:title\" content=\"Walter Kaufmann: Musica da camera - Institut Europ\u00e9en des Musiques Juives\" \/>\n<meta property=\"og:description\" content=\"Quarta opera della serie Music in Exile, il CD Walter Kaufmann: Musica da camera, pubblicato da Chandos il 28 agosto 2020, ci fa riscoprire l&#8217;opera ingiustamente dimenticata di un compositore\" \/>\n<meta property=\"og:url\" content=\"https:\/\/www.iemj.org\/it\/walter-kaufmann-musique-de-chambre\/\" \/>\n<meta property=\"og:site_name\" content=\"Institut Europ\u00e9en des Musiques Juives\" \/>\n<meta property=\"article:publisher\" content=\"https:\/\/www.facebook.com\/MusiquesJuives\/\" \/>\n<meta property=\"article:published_time\" content=\"2020-11-24T16:57:48+00:00\" \/>\n<meta property=\"article:modified_time\" content=\"2025-09-10T15:19:07+00:00\" \/>\n<meta property=\"og:image\" content=\"https:\/\/www.iemj.org\/wp-content\/uploads\/2020\/11\/arton4921-e1618938724314.jpg\" \/>\n\t<meta property=\"og:image:width\" content=\"350\" \/>\n\t<meta property=\"og:image:height\" content=\"347\" \/>\n\t<meta property=\"og:image:type\" content=\"image\/jpeg\" \/>\n<meta name=\"author\" content=\"Herv\u00e9 Roten\" \/>\n<meta name=\"twitter:card\" content=\"summary_large_image\" \/>\n<meta name=\"twitter:label1\" content=\"Scritto da\" \/>\n\t<meta name=\"twitter:data1\" content=\"Herv\u00e9 Roten\" \/>\n\t<meta name=\"twitter:label2\" content=\"Tempo di lettura stimato\" \/>\n\t<meta name=\"twitter:data2\" content=\"7 minuti\" \/>\n<script type=\"application\/ld+json\" class=\"yoast-schema-graph\">{\"@context\":\"https:\\\/\\\/schema.org\",\"@graph\":[{\"@type\":\"Article\",\"@id\":\"https:\\\/\\\/www.iemj.org\\\/it\\\/walter-kaufmann-musique-de-chambre\\\/#article\",\"isPartOf\":{\"@id\":\"https:\\\/\\\/www.iemj.org\\\/it\\\/walter-kaufmann-musique-de-chambre\\\/\"},\"author\":{\"name\":\"Herv\u00e9 Roten\",\"@id\":\"https:\\\/\\\/www.iemj.org\\\/it\\\/#\\\/schema\\\/person\\\/906134402c29d5c76e7b726261dd4bbd\"},\"headline\":\"Walter Kaufmann: Musica da camera\",\"datePublished\":\"2020-11-24T16:57:48+00:00\",\"dateModified\":\"2025-09-10T15:19:07+00:00\",\"mainEntityOfPage\":{\"@id\":\"https:\\\/\\\/www.iemj.org\\\/it\\\/walter-kaufmann-musique-de-chambre\\\/\"},\"wordCount\":1040,\"publisher\":{\"@id\":\"https:\\\/\\\/www.iemj.org\\\/it\\\/#organization\"},\"image\":{\"@id\":\"https:\\\/\\\/www.iemj.org\\\/it\\\/walter-kaufmann-musique-de-chambre\\\/#primaryimage\"},\"thumbnailUrl\":\"https:\\\/\\\/www.iemj.org\\\/wp-content\\\/uploads\\\/2020\\\/11\\\/arton4921-e1618938724314.jpg\",\"articleSection\":[\"CD\",\"Ultimi acquisti\"],\"inLanguage\":\"it-IT\"},{\"@type\":\"WebPage\",\"@id\":\"https:\\\/\\\/www.iemj.org\\\/it\\\/walter-kaufmann-musique-de-chambre\\\/\",\"url\":\"https:\\\/\\\/www.iemj.org\\\/it\\\/walter-kaufmann-musique-de-chambre\\\/\",\"name\":\"Walter Kaufmann: Musica da camera - Institut Europ\u00e9en des Musiques Juives\",\"isPartOf\":{\"@id\":\"https:\\\/\\\/www.iemj.org\\\/it\\\/#website\"},\"primaryImageOfPage\":{\"@id\":\"https:\\\/\\\/www.iemj.org\\\/it\\\/walter-kaufmann-musique-de-chambre\\\/#primaryimage\"},\"image\":{\"@id\":\"https:\\\/\\\/www.iemj.org\\\/it\\\/walter-kaufmann-musique-de-chambre\\\/#primaryimage\"},\"thumbnailUrl\":\"https:\\\/\\\/www.iemj.org\\\/wp-content\\\/uploads\\\/2020\\\/11\\\/arton4921-e1618938724314.jpg\",\"datePublished\":\"2020-11-24T16:57:48+00:00\",\"dateModified\":\"2025-09-10T15:19:07+00:00\",\"breadcrumb\":{\"@id\":\"https:\\\/\\\/www.iemj.org\\\/it\\\/walter-kaufmann-musique-de-chambre\\\/#breadcrumb\"},\"inLanguage\":\"it-IT\",\"potentialAction\":[{\"@type\":\"ReadAction\",\"target\":[\"https:\\\/\\\/www.iemj.org\\\/it\\\/walter-kaufmann-musique-de-chambre\\\/\"]}]},{\"@type\":\"ImageObject\",\"inLanguage\":\"it-IT\",\"@id\":\"https:\\\/\\\/www.iemj.org\\\/it\\\/walter-kaufmann-musique-de-chambre\\\/#primaryimage\",\"url\":\"https:\\\/\\\/www.iemj.org\\\/wp-content\\\/uploads\\\/2020\\\/11\\\/arton4921-e1618938724314.jpg\",\"contentUrl\":\"https:\\\/\\\/www.iemj.org\\\/wp-content\\\/uploads\\\/2020\\\/11\\\/arton4921-e1618938724314.jpg\",\"width\":350,\"height\":347},{\"@type\":\"BreadcrumbList\",\"@id\":\"https:\\\/\\\/www.iemj.org\\\/it\\\/walter-kaufmann-musique-de-chambre\\\/#breadcrumb\",\"itemListElement\":[{\"@type\":\"ListItem\",\"position\":1,\"name\":\"Accueil\",\"item\":\"https:\\\/\\\/www.iemj.org\\\/it\\\/\"},{\"@type\":\"ListItem\",\"position\":2,\"name\":\"Walter Kaufmann: Musica da camera\"}]},{\"@type\":\"WebSite\",\"@id\":\"https:\\\/\\\/www.iemj.org\\\/it\\\/#website\",\"url\":\"https:\\\/\\\/www.iemj.org\\\/it\\\/\",\"name\":\"Institut Europ\u00e9en des Musiques Juives\",\"description\":\"Des traditions musicales \u00e0 la port\u00e9e de tous\",\"publisher\":{\"@id\":\"https:\\\/\\\/www.iemj.org\\\/it\\\/#organization\"},\"potentialAction\":[{\"@type\":\"SearchAction\",\"target\":{\"@type\":\"EntryPoint\",\"urlTemplate\":\"https:\\\/\\\/www.iemj.org\\\/it\\\/?s={search_term_string}\"},\"query-input\":{\"@type\":\"PropertyValueSpecification\",\"valueRequired\":true,\"valueName\":\"search_term_string\"}}],\"inLanguage\":\"it-IT\"},{\"@type\":\"Organization\",\"@id\":\"https:\\\/\\\/www.iemj.org\\\/it\\\/#organization\",\"name\":\"Institut Europ\u00e9en des Musiques Juives\",\"url\":\"https:\\\/\\\/www.iemj.org\\\/it\\\/\",\"logo\":{\"@type\":\"ImageObject\",\"inLanguage\":\"it-IT\",\"@id\":\"https:\\\/\\\/www.iemj.org\\\/it\\\/#\\\/schema\\\/logo\\\/image\\\/\",\"url\":\"https:\\\/\\\/www.iemj.org\\\/wp-content\\\/uploads\\\/2021\\\/09\\\/Logo-IEMJ-Paypal.jpg\",\"contentUrl\":\"https:\\\/\\\/www.iemj.org\\\/wp-content\\\/uploads\\\/2021\\\/09\\\/Logo-IEMJ-Paypal.jpg\",\"width\":150,\"height\":50,\"caption\":\"Institut Europ\u00e9en des Musiques Juives\"},\"image\":{\"@id\":\"https:\\\/\\\/www.iemj.org\\\/it\\\/#\\\/schema\\\/logo\\\/image\\\/\"},\"sameAs\":[\"https:\\\/\\\/www.facebook.com\\\/MusiquesJuives\\\/\",\"https:\\\/\\\/www.instagram.com\\\/musiquesjuives\\\/\",\"https:\\\/\\\/www.youtube.com\\\/user\\\/musiquesjuives\"]},{\"@type\":\"Person\",\"@id\":\"https:\\\/\\\/www.iemj.org\\\/it\\\/#\\\/schema\\\/person\\\/906134402c29d5c76e7b726261dd4bbd\",\"name\":\"Herv\u00e9 Roten\",\"image\":{\"@type\":\"ImageObject\",\"inLanguage\":\"it-IT\",\"@id\":\"https:\\\/\\\/secure.gravatar.com\\\/avatar\\\/f96ad2db538a26481f18384936b5cd0610c92d390c4dc382209216d455f685ff?s=96&d=mm&r=g\",\"url\":\"https:\\\/\\\/secure.gravatar.com\\\/avatar\\\/f96ad2db538a26481f18384936b5cd0610c92d390c4dc382209216d455f685ff?s=96&d=mm&r=g\",\"contentUrl\":\"https:\\\/\\\/secure.gravatar.com\\\/avatar\\\/f96ad2db538a26481f18384936b5cd0610c92d390c4dc382209216d455f685ff?s=96&d=mm&r=g\",\"caption\":\"Herv\u00e9 Roten\"}}]}<\/script>\n<!-- \/ Yoast SEO plugin. -->","yoast_head_json":{"title":"Walter Kaufmann: Musica da camera - Institut Europ\u00e9en des Musiques Juives","robots":{"index":"index","follow":"follow","max-snippet":"max-snippet:-1","max-image-preview":"max-image-preview:large","max-video-preview":"max-video-preview:-1"},"canonical":"https:\/\/www.iemj.org\/it\/walter-kaufmann-musique-de-chambre\/","og_locale":"it_IT","og_type":"article","og_title":"Walter Kaufmann: Musica da camera - Institut Europ\u00e9en des Musiques Juives","og_description":"Quarta opera della serie Music in Exile, il CD Walter Kaufmann: Musica da camera, pubblicato da Chandos il 28 agosto 2020, ci fa riscoprire l&#8217;opera ingiustamente dimenticata di un compositore","og_url":"https:\/\/www.iemj.org\/it\/walter-kaufmann-musique-de-chambre\/","og_site_name":"Institut Europ\u00e9en des Musiques Juives","article_publisher":"https:\/\/www.facebook.com\/MusiquesJuives\/","article_published_time":"2020-11-24T16:57:48+00:00","article_modified_time":"2025-09-10T15:19:07+00:00","og_image":[{"width":350,"height":347,"url":"https:\/\/www.iemj.org\/wp-content\/uploads\/2020\/11\/arton4921-e1618938724314.jpg","type":"image\/jpeg"}],"author":"Herv\u00e9 Roten","twitter_card":"summary_large_image","twitter_misc":{"Scritto da":"Herv\u00e9 Roten","Tempo di lettura stimato":"7 minuti"},"schema":{"@context":"https:\/\/schema.org","@graph":[{"@type":"Article","@id":"https:\/\/www.iemj.org\/it\/walter-kaufmann-musique-de-chambre\/#article","isPartOf":{"@id":"https:\/\/www.iemj.org\/it\/walter-kaufmann-musique-de-chambre\/"},"author":{"name":"Herv\u00e9 Roten","@id":"https:\/\/www.iemj.org\/it\/#\/schema\/person\/906134402c29d5c76e7b726261dd4bbd"},"headline":"Walter Kaufmann: Musica da camera","datePublished":"2020-11-24T16:57:48+00:00","dateModified":"2025-09-10T15:19:07+00:00","mainEntityOfPage":{"@id":"https:\/\/www.iemj.org\/it\/walter-kaufmann-musique-de-chambre\/"},"wordCount":1040,"publisher":{"@id":"https:\/\/www.iemj.org\/it\/#organization"},"image":{"@id":"https:\/\/www.iemj.org\/it\/walter-kaufmann-musique-de-chambre\/#primaryimage"},"thumbnailUrl":"https:\/\/www.iemj.org\/wp-content\/uploads\/2020\/11\/arton4921-e1618938724314.jpg","articleSection":["CD","Ultimi acquisti"],"inLanguage":"it-IT"},{"@type":"WebPage","@id":"https:\/\/www.iemj.org\/it\/walter-kaufmann-musique-de-chambre\/","url":"https:\/\/www.iemj.org\/it\/walter-kaufmann-musique-de-chambre\/","name":"Walter Kaufmann: Musica da camera - Institut Europ\u00e9en des Musiques Juives","isPartOf":{"@id":"https:\/\/www.iemj.org\/it\/#website"},"primaryImageOfPage":{"@id":"https:\/\/www.iemj.org\/it\/walter-kaufmann-musique-de-chambre\/#primaryimage"},"image":{"@id":"https:\/\/www.iemj.org\/it\/walter-kaufmann-musique-de-chambre\/#primaryimage"},"thumbnailUrl":"https:\/\/www.iemj.org\/wp-content\/uploads\/2020\/11\/arton4921-e1618938724314.jpg","datePublished":"2020-11-24T16:57:48+00:00","dateModified":"2025-09-10T15:19:07+00:00","breadcrumb":{"@id":"https:\/\/www.iemj.org\/it\/walter-kaufmann-musique-de-chambre\/#breadcrumb"},"inLanguage":"it-IT","potentialAction":[{"@type":"ReadAction","target":["https:\/\/www.iemj.org\/it\/walter-kaufmann-musique-de-chambre\/"]}]},{"@type":"ImageObject","inLanguage":"it-IT","@id":"https:\/\/www.iemj.org\/it\/walter-kaufmann-musique-de-chambre\/#primaryimage","url":"https:\/\/www.iemj.org\/wp-content\/uploads\/2020\/11\/arton4921-e1618938724314.jpg","contentUrl":"https:\/\/www.iemj.org\/wp-content\/uploads\/2020\/11\/arton4921-e1618938724314.jpg","width":350,"height":347},{"@type":"BreadcrumbList","@id":"https:\/\/www.iemj.org\/it\/walter-kaufmann-musique-de-chambre\/#breadcrumb","itemListElement":[{"@type":"ListItem","position":1,"name":"Accueil","item":"https:\/\/www.iemj.org\/it\/"},{"@type":"ListItem","position":2,"name":"Walter Kaufmann: Musica da camera"}]},{"@type":"WebSite","@id":"https:\/\/www.iemj.org\/it\/#website","url":"https:\/\/www.iemj.org\/it\/","name":"Institut Europ\u00e9en des Musiques Juives","description":"Des traditions musicales \u00e0 la port\u00e9e de tous","publisher":{"@id":"https:\/\/www.iemj.org\/it\/#organization"},"potentialAction":[{"@type":"SearchAction","target":{"@type":"EntryPoint","urlTemplate":"https:\/\/www.iemj.org\/it\/?s={search_term_string}"},"query-input":{"@type":"PropertyValueSpecification","valueRequired":true,"valueName":"search_term_string"}}],"inLanguage":"it-IT"},{"@type":"Organization","@id":"https:\/\/www.iemj.org\/it\/#organization","name":"Institut Europ\u00e9en des Musiques Juives","url":"https:\/\/www.iemj.org\/it\/","logo":{"@type":"ImageObject","inLanguage":"it-IT","@id":"https:\/\/www.iemj.org\/it\/#\/schema\/logo\/image\/","url":"https:\/\/www.iemj.org\/wp-content\/uploads\/2021\/09\/Logo-IEMJ-Paypal.jpg","contentUrl":"https:\/\/www.iemj.org\/wp-content\/uploads\/2021\/09\/Logo-IEMJ-Paypal.jpg","width":150,"height":50,"caption":"Institut Europ\u00e9en des Musiques Juives"},"image":{"@id":"https:\/\/www.iemj.org\/it\/#\/schema\/logo\/image\/"},"sameAs":["https:\/\/www.facebook.com\/MusiquesJuives\/","https:\/\/www.instagram.com\/musiquesjuives\/","https:\/\/www.youtube.com\/user\/musiquesjuives"]},{"@type":"Person","@id":"https:\/\/www.iemj.org\/it\/#\/schema\/person\/906134402c29d5c76e7b726261dd4bbd","name":"Herv\u00e9 Roten","image":{"@type":"ImageObject","inLanguage":"it-IT","@id":"https:\/\/secure.gravatar.com\/avatar\/f96ad2db538a26481f18384936b5cd0610c92d390c4dc382209216d455f685ff?s=96&d=mm&r=g","url":"https:\/\/secure.gravatar.com\/avatar\/f96ad2db538a26481f18384936b5cd0610c92d390c4dc382209216d455f685ff?s=96&d=mm&r=g","contentUrl":"https:\/\/secure.gravatar.com\/avatar\/f96ad2db538a26481f18384936b5cd0610c92d390c4dc382209216d455f685ff?s=96&d=mm&r=g","caption":"Herv\u00e9 Roten"}}]}},"_links":{"self":[{"href":"https:\/\/www.iemj.org\/it\/wp-json\/wp\/v2\/posts\/58044","targetHints":{"allow":["GET"]}}],"collection":[{"href":"https:\/\/www.iemj.org\/it\/wp-json\/wp\/v2\/posts"}],"about":[{"href":"https:\/\/www.iemj.org\/it\/wp-json\/wp\/v2\/types\/post"}],"author":[{"embeddable":true,"href":"https:\/\/www.iemj.org\/it\/wp-json\/wp\/v2\/users\/1045"}],"replies":[{"embeddable":true,"href":"https:\/\/www.iemj.org\/it\/wp-json\/wp\/v2\/comments?post=58044"}],"version-history":[{"count":0,"href":"https:\/\/www.iemj.org\/it\/wp-json\/wp\/v2\/posts\/58044\/revisions"}],"wp:featuredmedia":[{"embeddable":true,"href":"https:\/\/www.iemj.org\/it\/wp-json\/wp\/v2\/media\/58045"}],"wp:attachment":[{"href":"https:\/\/www.iemj.org\/it\/wp-json\/wp\/v2\/media?parent=58044"}],"wp:term":[{"taxonomy":"category","embeddable":true,"href":"https:\/\/www.iemj.org\/it\/wp-json\/wp\/v2\/categories?post=58044"},{"taxonomy":"post_tag","embeddable":true,"href":"https:\/\/www.iemj.org\/it\/wp-json\/wp\/v2\/tags?post=58044"},{"taxonomy":"technique","embeddable":true,"href":"https:\/\/www.iemj.org\/it\/wp-json\/wp\/v2\/technique?post=58044"},{"taxonomy":"squelettes","embeddable":true,"href":"https:\/\/www.iemj.org\/it\/wp-json\/wp\/v2\/squelettes?post=58044"},{"taxonomy":"sujet","embeddable":true,"href":"https:\/\/www.iemj.org\/it\/wp-json\/wp\/v2\/sujet?post=58044"},{"taxonomy":"formation","embeddable":true,"href":"https:\/\/www.iemj.org\/it\/wp-json\/wp\/v2\/formation?post=58044"},{"taxonomy":"genre","embeddable":true,"href":"https:\/\/www.iemj.org\/it\/wp-json\/wp\/v2\/genre?post=58044"},{"taxonomy":"fonds","embeddable":true,"href":"https:\/\/www.iemj.org\/it\/wp-json\/wp\/v2\/fonds?post=58044"},{"taxonomy":"tradition","embeddable":true,"href":"https:\/\/www.iemj.org\/it\/wp-json\/wp\/v2\/tradition?post=58044"},{"taxonomy":"type-de-contenu","embeddable":true,"href":"https:\/\/www.iemj.org\/it\/wp-json\/wp\/v2\/type-de-contenu?post=58044"},{"taxonomy":"interprete-compositeur","embeddable":true,"href":"https:\/\/www.iemj.org\/it\/wp-json\/wp\/v2\/interprete-compositeur?post=58044"},{"taxonomy":"frise","embeddable":true,"href":"https:\/\/www.iemj.org\/it\/wp-json\/wp\/v2\/frise?post=58044"},{"taxonomy":"type-devenement","embeddable":true,"href":"https:\/\/www.iemj.org\/it\/wp-json\/wp\/v2\/type-devenement?post=58044"},{"taxonomy":"tableaux-liens-externes","embeddable":true,"href":"https:\/\/www.iemj.org\/it\/wp-json\/wp\/v2\/tableaux-liens-externes?post=58044"}],"curies":[{"name":"wp","href":"https:\/\/api.w.org\/{rel}","templated":true}]}}