{"id":58688,"date":"2021-02-03T15:36:57","date_gmt":"2021-02-03T14:36:57","guid":{"rendered":"https:\/\/www.iemj.org\/fromental-halevy-1799-1862-sa-vie-sa-musique\/"},"modified":"2021-08-24T15:36:18","modified_gmt":"2021-08-24T13:36:18","slug":"fromental-halevy-1799-1862-sa-vie-sa-musique","status":"publish","type":"post","link":"https:\/\/www.iemj.org\/it\/fromental-halevy-1799-1862-sa-vie-sa-musique\/","title":{"rendered":"Fromental Hal\u00e9vy (1799 \u2013 1862) &#8211; Sa vie, sa musique"},"content":{"rendered":"<p>Dall&#8217;inizio degli anni &#8217;80, il musicologo Karl Leich-Galland lavora per riscoprire il repertorio romantico francese del XIX secolo attraverso la pubblicazione di spartiti, opuscoli, libri fuori catalogo e comunicati stampa. Fu in particolare l&#8217;iniziatore di un colloquio dedicato a\u00a0<a href=\"https:\/\/www.iemj.org\/halevy-jacques-francois-fromental-elie-1799-1862\/\">Fromental Hal\u00e9vy (1799 &#8211; 1862)<\/a>, in occasione della ripresa della sua famosa opera <em>La Juive<\/em>, all&#8217;Op\u00e9ra Bastille nel febbraio 2007. Il presente lavoro <em>Fromental Hal\u00e9vy (1799 &#8211; 1862) &#8211; La sua vita, la sua musica<\/em>, pubblicata nel 2020 da Musik-Edition Lucie Galland, ci offre una sintesi approfondita della sua ricerca sulla vita e l&#8217;opera di Fromental Hal\u00e9vy, compositore ebreo considerato a suo tempo, con Daniel -Fran\u00e7ois-Esprit Auber (1842-1871), come uno dei maestri della scuola di musica francese.<\/p>\n<p><img fetchpriority=\"high\" decoding=\"async\" class=\" alignright  wp-image-30889\" src=\"https:\/\/www.iemj.org\/wp-content\/uploads\/2021\/02\/portrait_280px_vertic.jpg\" alt=\"portrait_280px_vertic.jpg\" width=\"209\" height=\"264\" align=\"right\" \/>Nato in una famiglia ebraica di Baviera da suo padre e di Lorena da sua madre<span class=\"footnote_referrer\"><a role=\"button\" tabindex=\"0\" onclick=\"footnote_moveToReference_58688_1('footnote_plugin_reference_58688_1_1');\" onkeypress=\"footnote_moveToReference_58688_1('footnote_plugin_reference_58688_1_1');\" ><sup id=\"footnote_plugin_tooltip_58688_1_1\" class=\"footnote_plugin_tooltip_text\">[1]<\/sup><\/a><span id=\"footnote_plugin_tooltip_text_58688_1_1\" class=\"footnote_tooltip\">\u00c9lie Halphen Levy, figlio di rabbino, era originario di F\u00fcrth, in Baviera. Arrivato in Francia all&#8217;epoca della Rivoluzione per ottenere i diritti civili, si stabil\u00ec a Parigi intorno al 1790,&nbsp;&#x2026; <span class=\"footnote_tooltip_continue\"  onclick=\"footnote_moveToReference_58688_1('footnote_plugin_reference_58688_1_1');\">Lire la suite<\/span><\/span><\/span><script type=\"text\/javascript\"> jQuery('#footnote_plugin_tooltip_58688_1_1').tooltip({ tip: '#footnote_plugin_tooltip_text_58688_1_1', tipClass: 'footnote_tooltip', effect: 'fade', predelay: 0, fadeInSpeed: 200, delay: 400, fadeOutSpeed: 200, position: 'top center', relative: true, offset: [-7, 0], });<\/script>, Fromental Hal\u00e9vy presenta il profilo stesso di un musicista israelita francese, erede degli ideali della Rivoluzione, grato alla Francia che offr\u00ec l&#8217;emancipazione alla sua famiglia, e fedele alla fede dei suoi padri. Sebbene suo padre \u00c9lie Hal\u00e9vy, figlio di rabbino, fosse un corista in diverse sinagoghe e poi segretario del Concistoro israelita di Parigi, Fromental Hal\u00e9vy non era certo un praticante &#8230; il che non gli imped\u00ec di sposarsi nel 1842 con L\u00e9onie Rodrigues-Henriques, originaria di una pia famiglia israelita di Bordeaux.<\/p>\n<p><img decoding=\"async\" class=\" alignleft size-full wp-image-30891\" src=\"https:\/\/www.iemj.org\/wp-content\/uploads\/2021\/02\/p_933_couv_la_juive_halevy_300px_vertic.jpg\" alt=\"p_933_couv_la_juive_halevy_300px_vertic.jpg\" width=\"197\" height=\"300\" align=\"left\" \/>Gran parte del lavoro di Karl Leich-Galland \u00e8 dedicato allo studio delle opere di Fromental Hal\u00e9vy, alla loro concezione e alla loro ricezione da parte del pubblico e dei critici dell&#8217;epoca. Fromental Hal\u00e9vy ha composto la musica di non meno di 36 opere, tra cui <em>La Juive<\/em> (1835) che ha avuto pi\u00f9 di 500 rappresentazioni fino alla fine del XIX secolo, <em>La regina di Cipro<\/em> (1841), <em>La dama di Picche<\/em> (1850), <em>L\u2019ebreo errante<\/em> (1852) od ancora <em>No\u00e9<\/em>, opera postuma incompiuta, completata nel 1868-69 da Georges Bizet (genero di Fromental Hal\u00e9vy) e poi da un compositore anonimo, prima di essere finalmente presentata in prima assoluta a Karlsruhe (Germania) nel 1885.<\/p>\n<p>Abbondantemente documentato, questo libro fornisce dettagli affascinanti sulla vita del compositore e &#8211; elemento che ci interessa &#8211; il suo rapporto con l&#8217;ebraismo. Apprendiamo cos\u00ec che Fromental Hal\u00e9vy \u00e8 entrato al Conservatorio di Parigi, nella classe di composizione di Luigi Cherubini, quando aveva appena 10 anni. All&#8217;et\u00e0 di 15 anni, era ripetitore di solfeggio al Conservatorio. A 17 e 18 anni vince due volte il Secondo Prix de Rome prima di vincere il Primo Premio nel 1819, all&#8217;et\u00e0 di 20 anni. In seguito all&#8217;assassinio del duca di Berry nella notte tra il 13 e il 14 febbraio 1820, su richiesta delle autorit\u00e0 concistoriali di Parigi e di Cherubini, compone un <em>De profundis in ebraico<\/em> (salmo 130 <em>Mimaamakim<\/em>) che fu eseguito il 24 marzo 1820 al tempio parigino della via Saint-Avoie. L&#8217;imponente opera, della durata di circa 25 minuti, \u00e8 scritta per coro maschile a tre voci e grande orchestra. Gli assoli furono eseguiti da <a href=\"https:\/\/www.iemj.org\/lovy-israel-1773-1832\/\">Isra\u00ebl Lovy (1773-1832)<\/a>, primo cantore del Tempio israelita. Va notato che quest&#8217;opera fu scritta poco prima della partenza di Fromental Hal\u00e9vy per Roma, dove avrebbe trascorso cinque anni a Villa Medici. Secondo Karl Leich-Galland (p. 10), Fromental Hal\u00e9vy ottenne una dispensa allo scopo di rimanere a sostegno di suo padre che aveva appena perso la moglie. Fu quindi solo nella primavera del 1820 che Hal\u00e9vy pot\u00e9 raggiungere Roma.<\/p>\n<p><img decoding=\"async\" class=\" alignright size-full wp-image-30893\" src=\"https:\/\/www.iemj.org\/wp-content\/uploads\/2021\/02\/capture_partition.jpg\" alt=\"capture_partition.jpg\" width=\"400\" height=\"210\" align=\"right\" srcset=\"https:\/\/www.iemj.org\/wp-content\/uploads\/2021\/02\/capture_partition.jpg 400w, https:\/\/www.iemj.org\/wp-content\/uploads\/2021\/02\/capture_partition-300x158.jpg 300w\" sizes=\"(max-width: 400px) 100vw, 400px\" \/>Oltre al suo lavoro lirico, che costituisce la maggior parte della sua produzione, Fromental Hal\u00e9vy ha composto un gran numero di melodie, romanzi e duetti, nonch\u00e9 sette salmi per il culto israelita (tra cui il salmo 100: <em>Mizmor lessodo<\/em>, il salmo 115: <em>Adonai Zehonorou<\/em> ed il salmo 118: <em>Min hametsar<\/em> che chiude l&#8217;<em>Hallel<\/em>) e tre preghiere (<em>Sheman Israel, Vajehi binsoa hooron, Jigdal<\/em>)<span class=\"footnote_referrer\"><a role=\"button\" tabindex=\"0\" onclick=\"footnote_moveToReference_58688_1('footnote_plugin_reference_58688_1_2');\" onkeypress=\"footnote_moveToReference_58688_1('footnote_plugin_reference_58688_1_2');\" ><sup id=\"footnote_plugin_tooltip_58688_1_2\" class=\"footnote_plugin_tooltip_text\">[2]<\/sup><\/a><span id=\"footnote_plugin_tooltip_text_58688_1_2\" class=\"footnote_tooltip\">Vedere Ruth Jordan, <em>Fromental Hal\u00e9vy, His Life &amp; Music<\/em>, London 1994, p. 177.<\/span><\/span><script type=\"text\/javascript\"> jQuery('#footnote_plugin_tooltip_58688_1_2').tooltip({ tip: '#footnote_plugin_tooltip_text_58688_1_2', tipClass: 'footnote_tooltip', effect: 'fade', predelay: 0, fadeInSpeed: 200, delay: 400, fadeOutSpeed: 200, position: 'top center', relative: true, offset: [-7, 0], });<\/script>. Ha composto anche musica cattolica: un <em>Agnus Dei<\/em>, un <em>Gloria in excelsis<\/em> <em>Deo<\/em>, ma come ha maliziosamente sottolineato, mai un <em>Credo<\/em> (p. 75)..<\/p>\n<p>Il rapporto di Fromental Hal\u00e9vy con le autorit\u00e0 concistoriali israelite fu cortese ma distante. Hal\u00e9vy accett\u00f2 di sedere, nel 1851, nella prima Commissione del canto incaricata della riorganizzazione della musica del culto ebraico. Dissolta nel 1852, questa commissione fu riattivata nel 1855, poi nel 1858. Fromental Hal\u00e9vy vi ricopr\u00ec la carica onoraria di presidente e prest\u00f2 la sua assistenza, prima della sua morte nel 1862, alla pubblicazione delle melodie di Israel Lovy<span class=\"footnote_referrer\"><a role=\"button\" tabindex=\"0\" onclick=\"footnote_moveToReference_58688_1('footnote_plugin_reference_58688_1_3');\" onkeypress=\"footnote_moveToReference_58688_1('footnote_plugin_reference_58688_1_3');\" ><sup id=\"footnote_plugin_tooltip_58688_1_3\" class=\"footnote_plugin_tooltip_text\">[3]<\/sup><\/a><span id=\"footnote_plugin_tooltip_text_58688_1_3\" class=\"footnote_tooltip\">Vedere l&#8217;articolo di Herv\u00e9 Roten, \u00ab Le patrimoine musical de la Grande Synagogue de la Victoire \u00bb, <a href=\"https:\/\/www.iemj.org\/la-synagogue-de-la-victoire-150-ans-du-judaisme-francais\/\">La synagogue de la Victoire, 150 ans du juda\u00efsme fran\u00e7ais<\/a>, \u00e9ditions Porte-plume, 2017<\/span><\/span><script type=\"text\/javascript\"> jQuery('#footnote_plugin_tooltip_58688_1_3').tooltip({ tip: '#footnote_plugin_tooltip_text_58688_1_3', tipClass: 'footnote_tooltip', effect: 'fade', predelay: 0, fadeInSpeed: 200, delay: 400, fadeOutSpeed: 200, position: 'top center', relative: true, offset: [-7, 0], });<\/script>.<\/p>\n<p>Alla fine del suo lavoro, Karl Leich-Galland riassume molto bene il rapporto di Fromental Hal\u00e9vy con la sua ebraicit\u00e0: &#8220;Dopo 16 anni di matrimonio, era molto sorpreso dalla stretta osservanza della festa della Pasqua ebraica nella famiglia di sua moglie, e nel 1859 esprime in privato il suo disaccordo con &#8220;i devoti, i pii, i puri&#8221; del giudaismo. Ma questo non significa in alcun modo una rottura con il &#8220;Dio dei suoi padri&#8221; (<em>La Juive<\/em>, n. 8) e le istituzioni ebraiche. Hal\u00e9vy \u00e8 stato membro del Concistoro, compose per la sinagoga e disse pubblicamente nel 1848, al momento della nomina dei candidati alle elezioni all&#8217;Assemblea nazionale, a padre Deguerry dandogli un abbraccio fraterno che \u00ab\u00a0noi adoriamo lo stesso Dio, non seguiamo lo stesso culto\u00a0\u00bb. A differenza di altri artisti i cui genitori erano di fede ebraica, Hal\u00e9vy non faceva mistero della sua appartenenza religiosa. \u00c8 quindi totalmente comprensibile che il famoso compositore fosse l&#8217;orgoglio dei suoi correligionari. &#8220;(P. 128).<\/p>\n<p><a href=\"http:\/\/www.musik-editionluciegalland.net\/\" target=\"_blank\" rel=\"noopener\">Ordinare il libro di Karl Leich-Galland, Fromental Hal\u00e9vy (1799-1862) &#8211; La sua vita, la sua musica<\/a><\/p>\n<p><a href=\"https:\/\/www.iemj.org\/it\/produit\/jacques-offenbach-and-friends-from-the-synagogue-to-the-opera\/\" target=\"_blank\" rel=\"noopener\">Ordinare il CD Jacques Offenbach e dei suoi simili contenente i Salmi 100, 118 e 130 di Fromental Hal\u00e9vy<\/a><\/p>\n<p><a href=\"https:\/\/www.iemj.org\/fromental-halevy-airs-dopera-et-chants-synagogaux\/\" target=\"_blank\" rel=\"noopener\">Ascoltare la playlist Fromental Hal\u00e9vy, compositore d\u2019opera e di canti sinagogali<\/a><\/p>\n<p><a href=\"https:\/\/www.iemj.org\/halevy-jacques-francois-fromental-elie-1799-1862\/\" target=\"_blank\" rel=\"noopener\">Consultare la biografia di Fromental Hal\u00e9vy<\/a><\/p>\n\n\n<p><\/p>\n<div class=\"speaker-mute footnotes_reference_container\"> <div class=\"footnote_container_prepare\"><p><span role=\"button\" tabindex=\"0\" class=\"footnote_reference_container_label pointer\" onclick=\"footnote_expand_collapse_reference_container_58688_1();\">&#x202F;<\/span><span role=\"button\" tabindex=\"0\" class=\"footnote_reference_container_collapse_button\" style=\"display: none;\" onclick=\"footnote_expand_collapse_reference_container_58688_1();\">[<a id=\"footnote_reference_container_collapse_button_58688_1\">+<\/a>]<\/span><\/p><\/div> <div id=\"footnote_references_container_58688_1\" style=\"\"><table class=\"footnotes_table footnote-reference-container\"><caption class=\"accessibility\">References<\/caption> <tbody> \r\n\r\n<tr class=\"footnotes_plugin_reference_row\"> <th scope=\"row\" class=\"footnote_plugin_index_combi pointer\"  onclick=\"footnote_moveToAnchor_58688_1('footnote_plugin_tooltip_58688_1_1');\"><a id=\"footnote_plugin_reference_58688_1_1\" class=\"footnote_backlink\">1<\/a><\/th> <td class=\"footnote_plugin_text\">\u00c9lie Halphen Levy, figlio di rabbino, era originario di F\u00fcrth, in Baviera. Arrivato in Francia all&#8217;epoca della Rivoluzione per ottenere i diritti civili, si stabil\u00ec a Parigi intorno al 1790, fu corista in diverse sinagoghe e spos\u00f2 Julie Meyer, ebrea della Lorena. Divenuto \u00c9lie Hal\u00e9vy nel 1807, il padre di Fromental &#8211; nome con risonanze rivoluzionarie &#8211; provvide ai bisogni della sua famiglia attraverso la sua funzione di segretario del Concistoro israelita di Parigi. Nel 1820 \u00c9lie Hal\u00e9vy pubblic\u00f2 a Metz un&#8217;istruzione morale e religiosa per l&#8217;uso della giovent\u00f9 israelita. Estratto dall&#8217;articolo di Olivier Bara pubblicato su Cairn Info (<a href=\"https:\/\/www.cairn.info\/revue-romantisme-2004-3-page-75.htm\" target=\"_blank\" rel=\"noopener\"><span class=\"footnote_url_wrap\">https:\/\/www.cairn.info\/revue-romantisme-2004-3-page-75.htm<\/span><\/a>)<\/td><\/tr>\r\n\r\n<tr class=\"footnotes_plugin_reference_row\"> <th scope=\"row\" class=\"footnote_plugin_index_combi pointer\"  onclick=\"footnote_moveToAnchor_58688_1('footnote_plugin_tooltip_58688_1_2');\"><a id=\"footnote_plugin_reference_58688_1_2\" class=\"footnote_backlink\">2<\/a><\/th> <td class=\"footnote_plugin_text\">Vedere Ruth Jordan, <em>Fromental Hal\u00e9vy, His Life &amp; Music<\/em>, London 1994, p. 177.<\/td><\/tr>\r\n\r\n<tr class=\"footnotes_plugin_reference_row\"> <th scope=\"row\" class=\"footnote_plugin_index_combi pointer\"  onclick=\"footnote_moveToAnchor_58688_1('footnote_plugin_tooltip_58688_1_3');\"><a id=\"footnote_plugin_reference_58688_1_3\" class=\"footnote_backlink\">3<\/a><\/th> <td class=\"footnote_plugin_text\">Vedere l&#8217;articolo di Herv\u00e9 Roten, \u00ab Le patrimoine musical de la Grande Synagogue de la Victoire \u00bb, <a href=\"https:\/\/www.iemj.org\/la-synagogue-de-la-victoire-150-ans-du-judaisme-francais\/\">La synagogue de la Victoire, 150 ans du juda\u00efsme fran\u00e7ais<\/a>, \u00e9ditions Porte-plume, 2017<\/td><\/tr>\r\n\r\n <\/tbody> <\/table> <\/div><\/div><script type=\"text\/javascript\"> function footnote_expand_reference_container_58688_1() { jQuery('#footnote_references_container_58688_1').show(); jQuery('#footnote_reference_container_collapse_button_58688_1').text('\u2212'); } function footnote_collapse_reference_container_58688_1() { jQuery('#footnote_references_container_58688_1').hide(); jQuery('#footnote_reference_container_collapse_button_58688_1').text('+'); } function footnote_expand_collapse_reference_container_58688_1() { if (jQuery('#footnote_references_container_58688_1').is(':hidden')) { footnote_expand_reference_container_58688_1(); } else { footnote_collapse_reference_container_58688_1(); } } function footnote_moveToReference_58688_1(p_str_TargetID) { footnote_expand_reference_container_58688_1(); var l_obj_Target = jQuery('#' + p_str_TargetID); if (l_obj_Target.length) { jQuery( 'html, body' ).delay( 0 ); jQuery('html, body').animate({ scrollTop: l_obj_Target.offset().top - window.innerHeight * 0.2 }, 380); } } function footnote_moveToAnchor_58688_1(p_str_TargetID) { footnote_expand_reference_container_58688_1(); var l_obj_Target = jQuery('#' + p_str_TargetID); if (l_obj_Target.length) { jQuery( 'html, body' ).delay( 0 ); jQuery('html, body').animate({ scrollTop: l_obj_Target.offset().top - window.innerHeight * 0.2 }, 380); } }<\/script>","protected":false},"excerpt":{"rendered":"<p>Dall&#8217;inizio degli anni &#8217;80, il musicologo Karl Leich-Galland lavora per riscoprire il repertorio romantico francese del XIX secolo attraverso la pubblicazione di spartiti, opuscoli, libri fuori catalogo e comunicati stampa.<\/p>\n","protected":false},"author":1045,"featured_media":58689,"comment_status":"closed","ping_status":"closed","sticky":false,"template":"","format":"standard","meta":{"_acf_changed":false,"footnotes":""},"categories":[1576,1564],"tags":[],"technique":[],"squelettes":[],"sujet":[],"formation":[],"genre":[],"fonds":[],"tradition":[],"type-de-contenu":[],"interprete-compositeur":[],"frise":[],"type-devenement":[],"tableaux-liens-externes":[],"class_list":["post-58688","post","type-post","status-publish","format-standard","has-post-thumbnail","hentry","category-libri-articoli-it","category-ultimi-acquisti-it"],"acf":[],"yoast_head":"<!-- This site is optimized with the Yoast SEO plugin v27.3 - https:\/\/yoast.com\/product\/yoast-seo-wordpress\/ -->\n<title>Fromental Hal\u00e9vy (1799 \u2013 1862) - Sa vie, sa musique - Institut Europ\u00e9en des Musiques Juives<\/title>\n<meta name=\"robots\" content=\"index, follow, max-snippet:-1, max-image-preview:large, max-video-preview:-1\" \/>\n<link rel=\"canonical\" href=\"https:\/\/www.iemj.org\/it\/fromental-halevy-1799-1862-sa-vie-sa-musique\/\" \/>\n<meta property=\"og:locale\" content=\"it_IT\" \/>\n<meta property=\"og:type\" content=\"article\" \/>\n<meta property=\"og:title\" content=\"Fromental Hal\u00e9vy (1799 \u2013 1862) - Sa vie, sa musique - Institut Europ\u00e9en des Musiques Juives\" \/>\n<meta property=\"og:description\" content=\"Dall&#8217;inizio degli anni &#8217;80, il musicologo Karl Leich-Galland lavora per riscoprire il repertorio romantico francese del XIX secolo attraverso la pubblicazione di spartiti, opuscoli, libri fuori catalogo e comunicati stampa.\" \/>\n<meta property=\"og:url\" content=\"https:\/\/www.iemj.org\/it\/fromental-halevy-1799-1862-sa-vie-sa-musique\/\" \/>\n<meta property=\"og:site_name\" content=\"Institut Europ\u00e9en des Musiques Juives\" \/>\n<meta property=\"article:publisher\" content=\"https:\/\/www.facebook.com\/MusiquesJuives\/\" \/>\n<meta property=\"article:published_time\" content=\"2021-02-03T14:36:57+00:00\" \/>\n<meta property=\"article:modified_time\" content=\"2021-08-24T13:36:18+00:00\" \/>\n<meta property=\"og:image\" content=\"https:\/\/www.iemj.org\/wp-content\/uploads\/2021\/02\/arton5002-e1618939548647.jpg\" \/>\n\t<meta property=\"og:image:width\" content=\"350\" \/>\n\t<meta property=\"og:image:height\" content=\"350\" \/>\n\t<meta property=\"og:image:type\" content=\"image\/jpeg\" \/>\n<meta name=\"author\" content=\"Herv\u00e9 Roten\" \/>\n<meta name=\"twitter:card\" content=\"summary_large_image\" \/>\n<meta name=\"twitter:label1\" content=\"Scritto da\" \/>\n\t<meta name=\"twitter:data1\" content=\"Herv\u00e9 Roten\" \/>\n\t<meta name=\"twitter:label2\" content=\"Tempo di lettura stimato\" \/>\n\t<meta name=\"twitter:data2\" content=\"6 minuti\" \/>\n<script type=\"application\/ld+json\" class=\"yoast-schema-graph\">{\"@context\":\"https:\\\/\\\/schema.org\",\"@graph\":[{\"@type\":\"Article\",\"@id\":\"https:\\\/\\\/www.iemj.org\\\/it\\\/fromental-halevy-1799-1862-sa-vie-sa-musique\\\/#article\",\"isPartOf\":{\"@id\":\"https:\\\/\\\/www.iemj.org\\\/it\\\/fromental-halevy-1799-1862-sa-vie-sa-musique\\\/\"},\"author\":{\"name\":\"Herv\u00e9 Roten\",\"@id\":\"https:\\\/\\\/www.iemj.org\\\/it\\\/#\\\/schema\\\/person\\\/906134402c29d5c76e7b726261dd4bbd\"},\"headline\":\"Fromental Hal\u00e9vy (1799 \u2013 1862) &#8211; Sa vie, sa musique\",\"datePublished\":\"2021-02-03T14:36:57+00:00\",\"dateModified\":\"2021-08-24T13:36:18+00:00\",\"mainEntityOfPage\":{\"@id\":\"https:\\\/\\\/www.iemj.org\\\/it\\\/fromental-halevy-1799-1862-sa-vie-sa-musique\\\/\"},\"wordCount\":1065,\"publisher\":{\"@id\":\"https:\\\/\\\/www.iemj.org\\\/it\\\/#organization\"},\"image\":{\"@id\":\"https:\\\/\\\/www.iemj.org\\\/it\\\/fromental-halevy-1799-1862-sa-vie-sa-musique\\\/#primaryimage\"},\"thumbnailUrl\":\"https:\\\/\\\/www.iemj.org\\\/wp-content\\\/uploads\\\/2021\\\/02\\\/arton5002-e1618939548647.jpg\",\"articleSection\":[\"Libri, articoli\",\"Ultimi acquisti\"],\"inLanguage\":\"it-IT\"},{\"@type\":\"WebPage\",\"@id\":\"https:\\\/\\\/www.iemj.org\\\/it\\\/fromental-halevy-1799-1862-sa-vie-sa-musique\\\/\",\"url\":\"https:\\\/\\\/www.iemj.org\\\/it\\\/fromental-halevy-1799-1862-sa-vie-sa-musique\\\/\",\"name\":\"Fromental Hal\u00e9vy (1799 \u2013 1862) - Sa vie, sa musique - Institut Europ\u00e9en des Musiques Juives\",\"isPartOf\":{\"@id\":\"https:\\\/\\\/www.iemj.org\\\/it\\\/#website\"},\"primaryImageOfPage\":{\"@id\":\"https:\\\/\\\/www.iemj.org\\\/it\\\/fromental-halevy-1799-1862-sa-vie-sa-musique\\\/#primaryimage\"},\"image\":{\"@id\":\"https:\\\/\\\/www.iemj.org\\\/it\\\/fromental-halevy-1799-1862-sa-vie-sa-musique\\\/#primaryimage\"},\"thumbnailUrl\":\"https:\\\/\\\/www.iemj.org\\\/wp-content\\\/uploads\\\/2021\\\/02\\\/arton5002-e1618939548647.jpg\",\"datePublished\":\"2021-02-03T14:36:57+00:00\",\"dateModified\":\"2021-08-24T13:36:18+00:00\",\"breadcrumb\":{\"@id\":\"https:\\\/\\\/www.iemj.org\\\/it\\\/fromental-halevy-1799-1862-sa-vie-sa-musique\\\/#breadcrumb\"},\"inLanguage\":\"it-IT\",\"potentialAction\":[{\"@type\":\"ReadAction\",\"target\":[\"https:\\\/\\\/www.iemj.org\\\/it\\\/fromental-halevy-1799-1862-sa-vie-sa-musique\\\/\"]}]},{\"@type\":\"ImageObject\",\"inLanguage\":\"it-IT\",\"@id\":\"https:\\\/\\\/www.iemj.org\\\/it\\\/fromental-halevy-1799-1862-sa-vie-sa-musique\\\/#primaryimage\",\"url\":\"https:\\\/\\\/www.iemj.org\\\/wp-content\\\/uploads\\\/2021\\\/02\\\/arton5002-e1618939548647.jpg\",\"contentUrl\":\"https:\\\/\\\/www.iemj.org\\\/wp-content\\\/uploads\\\/2021\\\/02\\\/arton5002-e1618939548647.jpg\",\"width\":350,\"height\":350},{\"@type\":\"BreadcrumbList\",\"@id\":\"https:\\\/\\\/www.iemj.org\\\/it\\\/fromental-halevy-1799-1862-sa-vie-sa-musique\\\/#breadcrumb\",\"itemListElement\":[{\"@type\":\"ListItem\",\"position\":1,\"name\":\"Accueil\",\"item\":\"https:\\\/\\\/www.iemj.org\\\/it\\\/\"},{\"@type\":\"ListItem\",\"position\":2,\"name\":\"Fromental Hal\u00e9vy (1799 \u2013 1862) &#8211; Sa vie, sa musique\"}]},{\"@type\":\"WebSite\",\"@id\":\"https:\\\/\\\/www.iemj.org\\\/it\\\/#website\",\"url\":\"https:\\\/\\\/www.iemj.org\\\/it\\\/\",\"name\":\"Institut Europ\u00e9en des Musiques Juives\",\"description\":\"Des traditions musicales \u00e0 la port\u00e9e de tous\",\"publisher\":{\"@id\":\"https:\\\/\\\/www.iemj.org\\\/it\\\/#organization\"},\"potentialAction\":[{\"@type\":\"SearchAction\",\"target\":{\"@type\":\"EntryPoint\",\"urlTemplate\":\"https:\\\/\\\/www.iemj.org\\\/it\\\/?s={search_term_string}\"},\"query-input\":{\"@type\":\"PropertyValueSpecification\",\"valueRequired\":true,\"valueName\":\"search_term_string\"}}],\"inLanguage\":\"it-IT\"},{\"@type\":\"Organization\",\"@id\":\"https:\\\/\\\/www.iemj.org\\\/it\\\/#organization\",\"name\":\"Institut Europ\u00e9en des Musiques Juives\",\"url\":\"https:\\\/\\\/www.iemj.org\\\/it\\\/\",\"logo\":{\"@type\":\"ImageObject\",\"inLanguage\":\"it-IT\",\"@id\":\"https:\\\/\\\/www.iemj.org\\\/it\\\/#\\\/schema\\\/logo\\\/image\\\/\",\"url\":\"https:\\\/\\\/www.iemj.org\\\/wp-content\\\/uploads\\\/2021\\\/09\\\/Logo-IEMJ-Paypal.jpg\",\"contentUrl\":\"https:\\\/\\\/www.iemj.org\\\/wp-content\\\/uploads\\\/2021\\\/09\\\/Logo-IEMJ-Paypal.jpg\",\"width\":150,\"height\":50,\"caption\":\"Institut Europ\u00e9en des Musiques Juives\"},\"image\":{\"@id\":\"https:\\\/\\\/www.iemj.org\\\/it\\\/#\\\/schema\\\/logo\\\/image\\\/\"},\"sameAs\":[\"https:\\\/\\\/www.facebook.com\\\/MusiquesJuives\\\/\",\"https:\\\/\\\/www.instagram.com\\\/musiquesjuives\\\/\",\"https:\\\/\\\/www.youtube.com\\\/user\\\/musiquesjuives\"]},{\"@type\":\"Person\",\"@id\":\"https:\\\/\\\/www.iemj.org\\\/it\\\/#\\\/schema\\\/person\\\/906134402c29d5c76e7b726261dd4bbd\",\"name\":\"Herv\u00e9 Roten\",\"image\":{\"@type\":\"ImageObject\",\"inLanguage\":\"it-IT\",\"@id\":\"https:\\\/\\\/secure.gravatar.com\\\/avatar\\\/f96ad2db538a26481f18384936b5cd0610c92d390c4dc382209216d455f685ff?s=96&d=mm&r=g\",\"url\":\"https:\\\/\\\/secure.gravatar.com\\\/avatar\\\/f96ad2db538a26481f18384936b5cd0610c92d390c4dc382209216d455f685ff?s=96&d=mm&r=g\",\"contentUrl\":\"https:\\\/\\\/secure.gravatar.com\\\/avatar\\\/f96ad2db538a26481f18384936b5cd0610c92d390c4dc382209216d455f685ff?s=96&d=mm&r=g\",\"caption\":\"Herv\u00e9 Roten\"}}]}<\/script>\n<!-- \/ Yoast SEO plugin. -->","yoast_head_json":{"title":"Fromental Hal\u00e9vy (1799 \u2013 1862) - Sa vie, sa musique - Institut Europ\u00e9en des Musiques Juives","robots":{"index":"index","follow":"follow","max-snippet":"max-snippet:-1","max-image-preview":"max-image-preview:large","max-video-preview":"max-video-preview:-1"},"canonical":"https:\/\/www.iemj.org\/it\/fromental-halevy-1799-1862-sa-vie-sa-musique\/","og_locale":"it_IT","og_type":"article","og_title":"Fromental Hal\u00e9vy (1799 \u2013 1862) - Sa vie, sa musique - Institut Europ\u00e9en des Musiques Juives","og_description":"Dall&#8217;inizio degli anni &#8217;80, il musicologo Karl Leich-Galland lavora per riscoprire il repertorio romantico francese del XIX secolo attraverso la pubblicazione di spartiti, opuscoli, libri fuori catalogo e comunicati stampa.","og_url":"https:\/\/www.iemj.org\/it\/fromental-halevy-1799-1862-sa-vie-sa-musique\/","og_site_name":"Institut Europ\u00e9en des Musiques Juives","article_publisher":"https:\/\/www.facebook.com\/MusiquesJuives\/","article_published_time":"2021-02-03T14:36:57+00:00","article_modified_time":"2021-08-24T13:36:18+00:00","og_image":[{"width":350,"height":350,"url":"https:\/\/www.iemj.org\/wp-content\/uploads\/2021\/02\/arton5002-e1618939548647.jpg","type":"image\/jpeg"}],"author":"Herv\u00e9 Roten","twitter_card":"summary_large_image","twitter_misc":{"Scritto da":"Herv\u00e9 Roten","Tempo di lettura stimato":"6 minuti"},"schema":{"@context":"https:\/\/schema.org","@graph":[{"@type":"Article","@id":"https:\/\/www.iemj.org\/it\/fromental-halevy-1799-1862-sa-vie-sa-musique\/#article","isPartOf":{"@id":"https:\/\/www.iemj.org\/it\/fromental-halevy-1799-1862-sa-vie-sa-musique\/"},"author":{"name":"Herv\u00e9 Roten","@id":"https:\/\/www.iemj.org\/it\/#\/schema\/person\/906134402c29d5c76e7b726261dd4bbd"},"headline":"Fromental Hal\u00e9vy (1799 \u2013 1862) &#8211; Sa vie, sa musique","datePublished":"2021-02-03T14:36:57+00:00","dateModified":"2021-08-24T13:36:18+00:00","mainEntityOfPage":{"@id":"https:\/\/www.iemj.org\/it\/fromental-halevy-1799-1862-sa-vie-sa-musique\/"},"wordCount":1065,"publisher":{"@id":"https:\/\/www.iemj.org\/it\/#organization"},"image":{"@id":"https:\/\/www.iemj.org\/it\/fromental-halevy-1799-1862-sa-vie-sa-musique\/#primaryimage"},"thumbnailUrl":"https:\/\/www.iemj.org\/wp-content\/uploads\/2021\/02\/arton5002-e1618939548647.jpg","articleSection":["Libri, articoli","Ultimi acquisti"],"inLanguage":"it-IT"},{"@type":"WebPage","@id":"https:\/\/www.iemj.org\/it\/fromental-halevy-1799-1862-sa-vie-sa-musique\/","url":"https:\/\/www.iemj.org\/it\/fromental-halevy-1799-1862-sa-vie-sa-musique\/","name":"Fromental Hal\u00e9vy (1799 \u2013 1862) - Sa vie, sa musique - Institut Europ\u00e9en des Musiques Juives","isPartOf":{"@id":"https:\/\/www.iemj.org\/it\/#website"},"primaryImageOfPage":{"@id":"https:\/\/www.iemj.org\/it\/fromental-halevy-1799-1862-sa-vie-sa-musique\/#primaryimage"},"image":{"@id":"https:\/\/www.iemj.org\/it\/fromental-halevy-1799-1862-sa-vie-sa-musique\/#primaryimage"},"thumbnailUrl":"https:\/\/www.iemj.org\/wp-content\/uploads\/2021\/02\/arton5002-e1618939548647.jpg","datePublished":"2021-02-03T14:36:57+00:00","dateModified":"2021-08-24T13:36:18+00:00","breadcrumb":{"@id":"https:\/\/www.iemj.org\/it\/fromental-halevy-1799-1862-sa-vie-sa-musique\/#breadcrumb"},"inLanguage":"it-IT","potentialAction":[{"@type":"ReadAction","target":["https:\/\/www.iemj.org\/it\/fromental-halevy-1799-1862-sa-vie-sa-musique\/"]}]},{"@type":"ImageObject","inLanguage":"it-IT","@id":"https:\/\/www.iemj.org\/it\/fromental-halevy-1799-1862-sa-vie-sa-musique\/#primaryimage","url":"https:\/\/www.iemj.org\/wp-content\/uploads\/2021\/02\/arton5002-e1618939548647.jpg","contentUrl":"https:\/\/www.iemj.org\/wp-content\/uploads\/2021\/02\/arton5002-e1618939548647.jpg","width":350,"height":350},{"@type":"BreadcrumbList","@id":"https:\/\/www.iemj.org\/it\/fromental-halevy-1799-1862-sa-vie-sa-musique\/#breadcrumb","itemListElement":[{"@type":"ListItem","position":1,"name":"Accueil","item":"https:\/\/www.iemj.org\/it\/"},{"@type":"ListItem","position":2,"name":"Fromental Hal\u00e9vy (1799 \u2013 1862) &#8211; Sa vie, sa musique"}]},{"@type":"WebSite","@id":"https:\/\/www.iemj.org\/it\/#website","url":"https:\/\/www.iemj.org\/it\/","name":"Institut Europ\u00e9en des Musiques Juives","description":"Des traditions musicales \u00e0 la port\u00e9e de tous","publisher":{"@id":"https:\/\/www.iemj.org\/it\/#organization"},"potentialAction":[{"@type":"SearchAction","target":{"@type":"EntryPoint","urlTemplate":"https:\/\/www.iemj.org\/it\/?s={search_term_string}"},"query-input":{"@type":"PropertyValueSpecification","valueRequired":true,"valueName":"search_term_string"}}],"inLanguage":"it-IT"},{"@type":"Organization","@id":"https:\/\/www.iemj.org\/it\/#organization","name":"Institut Europ\u00e9en des Musiques Juives","url":"https:\/\/www.iemj.org\/it\/","logo":{"@type":"ImageObject","inLanguage":"it-IT","@id":"https:\/\/www.iemj.org\/it\/#\/schema\/logo\/image\/","url":"https:\/\/www.iemj.org\/wp-content\/uploads\/2021\/09\/Logo-IEMJ-Paypal.jpg","contentUrl":"https:\/\/www.iemj.org\/wp-content\/uploads\/2021\/09\/Logo-IEMJ-Paypal.jpg","width":150,"height":50,"caption":"Institut Europ\u00e9en des Musiques Juives"},"image":{"@id":"https:\/\/www.iemj.org\/it\/#\/schema\/logo\/image\/"},"sameAs":["https:\/\/www.facebook.com\/MusiquesJuives\/","https:\/\/www.instagram.com\/musiquesjuives\/","https:\/\/www.youtube.com\/user\/musiquesjuives"]},{"@type":"Person","@id":"https:\/\/www.iemj.org\/it\/#\/schema\/person\/906134402c29d5c76e7b726261dd4bbd","name":"Herv\u00e9 Roten","image":{"@type":"ImageObject","inLanguage":"it-IT","@id":"https:\/\/secure.gravatar.com\/avatar\/f96ad2db538a26481f18384936b5cd0610c92d390c4dc382209216d455f685ff?s=96&d=mm&r=g","url":"https:\/\/secure.gravatar.com\/avatar\/f96ad2db538a26481f18384936b5cd0610c92d390c4dc382209216d455f685ff?s=96&d=mm&r=g","contentUrl":"https:\/\/secure.gravatar.com\/avatar\/f96ad2db538a26481f18384936b5cd0610c92d390c4dc382209216d455f685ff?s=96&d=mm&r=g","caption":"Herv\u00e9 Roten"}}]}},"_links":{"self":[{"href":"https:\/\/www.iemj.org\/it\/wp-json\/wp\/v2\/posts\/58688","targetHints":{"allow":["GET"]}}],"collection":[{"href":"https:\/\/www.iemj.org\/it\/wp-json\/wp\/v2\/posts"}],"about":[{"href":"https:\/\/www.iemj.org\/it\/wp-json\/wp\/v2\/types\/post"}],"author":[{"embeddable":true,"href":"https:\/\/www.iemj.org\/it\/wp-json\/wp\/v2\/users\/1045"}],"replies":[{"embeddable":true,"href":"https:\/\/www.iemj.org\/it\/wp-json\/wp\/v2\/comments?post=58688"}],"version-history":[{"count":0,"href":"https:\/\/www.iemj.org\/it\/wp-json\/wp\/v2\/posts\/58688\/revisions"}],"wp:featuredmedia":[{"embeddable":true,"href":"https:\/\/www.iemj.org\/it\/wp-json\/wp\/v2\/media\/58689"}],"wp:attachment":[{"href":"https:\/\/www.iemj.org\/it\/wp-json\/wp\/v2\/media?parent=58688"}],"wp:term":[{"taxonomy":"category","embeddable":true,"href":"https:\/\/www.iemj.org\/it\/wp-json\/wp\/v2\/categories?post=58688"},{"taxonomy":"post_tag","embeddable":true,"href":"https:\/\/www.iemj.org\/it\/wp-json\/wp\/v2\/tags?post=58688"},{"taxonomy":"technique","embeddable":true,"href":"https:\/\/www.iemj.org\/it\/wp-json\/wp\/v2\/technique?post=58688"},{"taxonomy":"squelettes","embeddable":true,"href":"https:\/\/www.iemj.org\/it\/wp-json\/wp\/v2\/squelettes?post=58688"},{"taxonomy":"sujet","embeddable":true,"href":"https:\/\/www.iemj.org\/it\/wp-json\/wp\/v2\/sujet?post=58688"},{"taxonomy":"formation","embeddable":true,"href":"https:\/\/www.iemj.org\/it\/wp-json\/wp\/v2\/formation?post=58688"},{"taxonomy":"genre","embeddable":true,"href":"https:\/\/www.iemj.org\/it\/wp-json\/wp\/v2\/genre?post=58688"},{"taxonomy":"fonds","embeddable":true,"href":"https:\/\/www.iemj.org\/it\/wp-json\/wp\/v2\/fonds?post=58688"},{"taxonomy":"tradition","embeddable":true,"href":"https:\/\/www.iemj.org\/it\/wp-json\/wp\/v2\/tradition?post=58688"},{"taxonomy":"type-de-contenu","embeddable":true,"href":"https:\/\/www.iemj.org\/it\/wp-json\/wp\/v2\/type-de-contenu?post=58688"},{"taxonomy":"interprete-compositeur","embeddable":true,"href":"https:\/\/www.iemj.org\/it\/wp-json\/wp\/v2\/interprete-compositeur?post=58688"},{"taxonomy":"frise","embeddable":true,"href":"https:\/\/www.iemj.org\/it\/wp-json\/wp\/v2\/frise?post=58688"},{"taxonomy":"type-devenement","embeddable":true,"href":"https:\/\/www.iemj.org\/it\/wp-json\/wp\/v2\/type-devenement?post=58688"},{"taxonomy":"tableaux-liens-externes","embeddable":true,"href":"https:\/\/www.iemj.org\/it\/wp-json\/wp\/v2\/tableaux-liens-externes?post=58688"}],"curies":[{"name":"wp","href":"https:\/\/api.w.org\/{rel}","templated":true}]}}