{"id":58770,"date":"2020-11-17T16:29:17","date_gmt":"2020-11-17T15:29:17","guid":{"rendered":"https:\/\/www.iemj.org\/voix-hebraiques-un-voyage-dans-la-musique-juive-doccident-accompagne-danalyses-et-dexemples-musicaux\/"},"modified":"2025-02-24T11:23:13","modified_gmt":"2025-02-24T10:23:13","slug":"voix-hebraiques-un-voyage-dans-la-musique-juive-doccident-accompagne-danalyses-et-dexemples-musicaux","status":"publish","type":"post","link":"https:\/\/www.iemj.org\/it\/voix-hebraiques-un-voyage-dans-la-musique-juive-doccident-accompagne-danalyses-et-dexemples-musicaux\/","title":{"rendered":"Voci ebraiche: un viaggio nella musica ebraica occidentale, accompagnato da analisi ed esempi musicali (In francese)"},"content":{"rendered":"<p>Attingendo alla sua esperienza come direttore del coro della Grande Sinagoga di Strasburgo e del <a href=\"https:\/\/www.iemj.org\/chants-liturgiques-des-juifs-ashkenazes-le-choeur-juif-de-france\/\" target=\"_blank\" rel=\"noopener\">Coro ebraico di Francia<\/a>, creatore delle <a href=\"https:\/\/www.iemj.org\/polyphonies-hebraiques-de-strasbourg\/\" target=\"_blank\" rel=\"noopener\">Polifonie ebraiche di Strasburgo<\/a> e dell\u2019<a href=\"https:\/\/louis-lewandowski-festival.de\/ensemble-vocal-hebraica-de-strasbourg\/?lang=en\" target=\"_blank\" rel=\"noopener\">Ensemble Vocal H\u00e9bra\u00efca<\/a>, <a href=\"https:\/\/www.iemj.org\/sabo-hector\/\">Hector Sabo<\/a> ha pubblicato, nel marzo 2020, alle Editions Beauchesne, un libro intitolato <em>Voci ebraiche : un viaggio nella musica ebraica occidentale, accompagnato da analisi ed esempi musicali.<\/em><\/p>\n<p>Questo libro di 352 pagine offre un viaggio cronologico attraverso una trentina di opere di musica ebraica, dal Medioevo ai giorni nostri, da Ovadia il proselito normanno ad Arnold Schoenberg od ancora Micha\u00ebl Levinas. La particolarit\u00e0 di questo libro \u00e8 di fornire un&#8217;analisi approfondita di queste opere inserite nel loro contesto storico. Un vasto progetto che poteva emanare solamente da un praticante della musica ebraica esperto nell&#8217;analisi musicale.<\/p>\n<p><span style=\"font-size: revert; color: initial;\">Come tale, la scommessa \u00e8 largamente vinta: le analisi delle opere (quasi 200 pagine) dimostrano la perfetta conoscenza dell&#8217;autore del linguaggio musicale di ogni brano. Un\u2019osservazione tuttavia: l&#8217;analisi di ogni opera \u00e8 spesso accompagnata solo dalla prima pagina dello spartito. Per poterle consultare nella loro interezza, sar\u00e0 necessario ordinarle sul sito delle <\/span><a style=\"font-size: revert;\" href=\"https:\/\/www.editions-beauchesne.com\/recherche.php\">Editions Beauchesne<\/a><span style=\"font-size: revert; color: initial;\">\u2026 quando saranno disponibili. Le musiche sono, da parte loro, in gran parte accessibili sul sito web dell&#8217;Istituto Europeo di Musiche Ebraiche, in particolare attraverso la serie dei <a href=\"https:\/\/www.iemj.org\/categorie\/ecouter-voir\/emissions-de-radio\/emissions-hector-sabo\/\" target=\"_blank\" rel=\"noopener\">39 programmi radiofonici Ledor Vador<\/a> prodotti da Hector Sabo su Radio Juda\u00efca Strasburgo tra il 2017 e il 2018.<\/span><\/p>\n<p>Le qualit\u00e0 di questo libro sono allo stesso tempo i suoi difetti. Volendo abbracciare un argomento di tale portata, l&#8217;autore ci lascia insoddisfatti. Alcuni aspetti della musica ebraica vengono affrontati rapidamente o addirittura sorvolati. A questo proposito, ci rammarichiamo che la parte storica del libro sia solo di un piccolo centinaio di pagine (rispetto alle 200 pagine d\u2019analisi) e contenga alcune inesattezze od imprecisioni. D&#8217;altra parte, la struttura del libro, composta principalmente da una parte storica e da una parte analitica, obbliga il lettore ad un continuo andirivieni tra queste due entit\u00e0. Questa &#8220;navigazione&#8221;, usuale per un sito Internet, diventa in questo caso una difficolt\u00e0 per un supporto di tipo libro. Mi si far\u00e0 notare che ognuno pu\u00f2 cos\u00ec pescare ci\u00f2 che gli si addice, secondo il proprio livello di conoscenza. Certamente, ma ci\u00f2 rende questo oggetto ibrido, ed alla fine lo rende l&#8217;esatto opposto del titolo di copertina, cio\u00e8 un lavoro di analisi musicale, accompagnato da esempi musicali, che offre un viaggio nella musica ebraica occidentale.<\/p>\n<p>In conclusione, il libro <em>Voci ebraiche<\/em> di Hector Sabo \u00e8 fortemente correlato alla vita del suo autore e alla sua innegabile esperienza delle grandi opere del repertorio ebraico. Offre delle belle scoperte di opere e di compositori, principalmente dal XIX secolo ai giorni nostri. Ma il lettore dovr\u00e0, a seconda di ci\u00f2 che sta cercando, saltare alcuni passaggi tecnici, od al contrario completarli con la lettura di libri specializzati<\/p>\n<p><a href=\"https:\/\/www.iemj.org\/categorie\/ecouter-voir\/emissions-de-radio\/emissions-hector-sabo\/\" target=\"_blank\" rel=\"noopener\">Ascoltare le trasmissioni radiofoniche Ledor Vador di Hector Sabo<\/a><\/p>\n<p><a href=\"https:\/\/www.iemj.org\/musiques-juives-et-hebraiques-sacrees-et-profanes-au-moyen-age-xix-et-xx-siecles\/\" target=\"_blank\" rel=\"noopener\">Consultare il CD Musiche ebraiche sacre e profane nel Medioevo, XIX e XX secolo<\/a><\/p>\n<p><a href=\"https:\/\/www.iemj.org\/chants-et-emotions\/\" target=\"_blank\" rel=\"noopener\">Consultare il CD Canti e Emozioni<\/a><\/p>\n<p>Ordinare il libro sul sito web dell&#8217;editore (fuori catalogo)<\/p>\n\n\n<p><\/p>\n","protected":false},"excerpt":{"rendered":"<p>Attingendo alla sua esperienza come direttore del coro della Grande Sinagoga di Strasburgo e del Coro ebraico di Francia, creatore delle Polifonie ebraiche di Strasburgo e dell\u2019Ensemble Vocal H\u00e9bra\u00efca, Hector<\/p>\n","protected":false},"author":1045,"featured_media":58771,"comment_status":"closed","ping_status":"closed","sticky":false,"template":"","format":"standard","meta":{"_acf_changed":false,"footnotes":""},"categories":[1576,1564],"tags":[],"technique":[],"squelettes":[],"sujet":[],"formation":[],"genre":[1892],"fonds":[],"tradition":[],"type-de-contenu":[],"interprete-compositeur":[],"frise":[],"type-devenement":[],"tableaux-liens-externes":[],"class_list":["post-58770","post","type-post","status-publish","format-standard","has-post-thumbnail","hentry","category-libri-articoli-it","category-ultimi-acquisti-it","genre-liturgia-it"],"acf":[],"yoast_head":"<!-- This site is optimized with the Yoast SEO plugin v27.3 - https:\/\/yoast.com\/product\/yoast-seo-wordpress\/ -->\n<title>Voci ebraiche: un viaggio nella musica ebraica occidentale, accompagnato da analisi ed esempi musicali (In francese) - Institut Europ\u00e9en des Musiques Juives<\/title>\n<meta name=\"robots\" content=\"index, follow, max-snippet:-1, max-image-preview:large, max-video-preview:-1\" \/>\n<link rel=\"canonical\" href=\"https:\/\/www.iemj.org\/it\/voix-hebraiques-un-voyage-dans-la-musique-juive-doccident-accompagne-danalyses-et-dexemples-musicaux\/\" \/>\n<meta property=\"og:locale\" content=\"it_IT\" \/>\n<meta property=\"og:type\" content=\"article\" \/>\n<meta property=\"og:title\" content=\"Voci ebraiche: un viaggio nella musica ebraica occidentale, accompagnato da analisi ed esempi musicali (In francese) - Institut Europ\u00e9en des Musiques Juives\" \/>\n<meta property=\"og:description\" content=\"Attingendo alla sua esperienza come direttore del coro della Grande Sinagoga di Strasburgo e del Coro ebraico di Francia, creatore delle Polifonie ebraiche di Strasburgo e dell\u2019Ensemble Vocal H\u00e9bra\u00efca, Hector\" \/>\n<meta property=\"og:url\" content=\"https:\/\/www.iemj.org\/it\/voix-hebraiques-un-voyage-dans-la-musique-juive-doccident-accompagne-danalyses-et-dexemples-musicaux\/\" \/>\n<meta property=\"og:site_name\" content=\"Institut Europ\u00e9en des Musiques Juives\" \/>\n<meta property=\"article:publisher\" content=\"https:\/\/www.facebook.com\/MusiquesJuives\/\" \/>\n<meta property=\"article:published_time\" content=\"2020-11-17T15:29:17+00:00\" \/>\n<meta property=\"article:modified_time\" content=\"2025-02-24T10:23:13+00:00\" \/>\n<meta property=\"og:image\" content=\"https:\/\/www.iemj.org\/wp-content\/uploads\/2020\/11\/arton4907.jpg\" \/>\n\t<meta property=\"og:image:width\" content=\"261\" \/>\n\t<meta property=\"og:image:height\" content=\"397\" \/>\n\t<meta property=\"og:image:type\" content=\"image\/jpeg\" \/>\n<meta name=\"author\" content=\"Herv\u00e9 Roten\" \/>\n<meta name=\"twitter:card\" content=\"summary_large_image\" \/>\n<meta name=\"twitter:label1\" content=\"Scritto da\" \/>\n\t<meta name=\"twitter:data1\" content=\"Herv\u00e9 Roten\" \/>\n\t<meta name=\"twitter:label2\" content=\"Tempo di lettura stimato\" \/>\n\t<meta name=\"twitter:data2\" content=\"3 minuti\" \/>\n<script type=\"application\/ld+json\" class=\"yoast-schema-graph\">{\"@context\":\"https:\\\/\\\/schema.org\",\"@graph\":[{\"@type\":\"Article\",\"@id\":\"https:\\\/\\\/www.iemj.org\\\/it\\\/voix-hebraiques-un-voyage-dans-la-musique-juive-doccident-accompagne-danalyses-et-dexemples-musicaux\\\/#article\",\"isPartOf\":{\"@id\":\"https:\\\/\\\/www.iemj.org\\\/it\\\/voix-hebraiques-un-voyage-dans-la-musique-juive-doccident-accompagne-danalyses-et-dexemples-musicaux\\\/\"},\"author\":{\"name\":\"Herv\u00e9 Roten\",\"@id\":\"https:\\\/\\\/www.iemj.org\\\/it\\\/#\\\/schema\\\/person\\\/906134402c29d5c76e7b726261dd4bbd\"},\"headline\":\"Voci ebraiche: un viaggio nella musica ebraica occidentale, accompagnato da analisi ed esempi musicali (In francese)\",\"datePublished\":\"2020-11-17T15:29:17+00:00\",\"dateModified\":\"2025-02-24T10:23:13+00:00\",\"mainEntityOfPage\":{\"@id\":\"https:\\\/\\\/www.iemj.org\\\/it\\\/voix-hebraiques-un-voyage-dans-la-musique-juive-doccident-accompagne-danalyses-et-dexemples-musicaux\\\/\"},\"wordCount\":519,\"publisher\":{\"@id\":\"https:\\\/\\\/www.iemj.org\\\/it\\\/#organization\"},\"image\":{\"@id\":\"https:\\\/\\\/www.iemj.org\\\/it\\\/voix-hebraiques-un-voyage-dans-la-musique-juive-doccident-accompagne-danalyses-et-dexemples-musicaux\\\/#primaryimage\"},\"thumbnailUrl\":\"https:\\\/\\\/www.iemj.org\\\/wp-content\\\/uploads\\\/2020\\\/11\\\/arton4907.jpg\",\"articleSection\":[\"Libri, articoli\",\"Ultimi acquisti\"],\"inLanguage\":\"it-IT\"},{\"@type\":\"WebPage\",\"@id\":\"https:\\\/\\\/www.iemj.org\\\/it\\\/voix-hebraiques-un-voyage-dans-la-musique-juive-doccident-accompagne-danalyses-et-dexemples-musicaux\\\/\",\"url\":\"https:\\\/\\\/www.iemj.org\\\/it\\\/voix-hebraiques-un-voyage-dans-la-musique-juive-doccident-accompagne-danalyses-et-dexemples-musicaux\\\/\",\"name\":\"Voci ebraiche: un viaggio nella musica ebraica occidentale, accompagnato da analisi ed esempi musicali (In francese) - Institut Europ\u00e9en des Musiques Juives\",\"isPartOf\":{\"@id\":\"https:\\\/\\\/www.iemj.org\\\/it\\\/#website\"},\"primaryImageOfPage\":{\"@id\":\"https:\\\/\\\/www.iemj.org\\\/it\\\/voix-hebraiques-un-voyage-dans-la-musique-juive-doccident-accompagne-danalyses-et-dexemples-musicaux\\\/#primaryimage\"},\"image\":{\"@id\":\"https:\\\/\\\/www.iemj.org\\\/it\\\/voix-hebraiques-un-voyage-dans-la-musique-juive-doccident-accompagne-danalyses-et-dexemples-musicaux\\\/#primaryimage\"},\"thumbnailUrl\":\"https:\\\/\\\/www.iemj.org\\\/wp-content\\\/uploads\\\/2020\\\/11\\\/arton4907.jpg\",\"datePublished\":\"2020-11-17T15:29:17+00:00\",\"dateModified\":\"2025-02-24T10:23:13+00:00\",\"breadcrumb\":{\"@id\":\"https:\\\/\\\/www.iemj.org\\\/it\\\/voix-hebraiques-un-voyage-dans-la-musique-juive-doccident-accompagne-danalyses-et-dexemples-musicaux\\\/#breadcrumb\"},\"inLanguage\":\"it-IT\",\"potentialAction\":[{\"@type\":\"ReadAction\",\"target\":[\"https:\\\/\\\/www.iemj.org\\\/it\\\/voix-hebraiques-un-voyage-dans-la-musique-juive-doccident-accompagne-danalyses-et-dexemples-musicaux\\\/\"]}]},{\"@type\":\"ImageObject\",\"inLanguage\":\"it-IT\",\"@id\":\"https:\\\/\\\/www.iemj.org\\\/it\\\/voix-hebraiques-un-voyage-dans-la-musique-juive-doccident-accompagne-danalyses-et-dexemples-musicaux\\\/#primaryimage\",\"url\":\"https:\\\/\\\/www.iemj.org\\\/wp-content\\\/uploads\\\/2020\\\/11\\\/arton4907.jpg\",\"contentUrl\":\"https:\\\/\\\/www.iemj.org\\\/wp-content\\\/uploads\\\/2020\\\/11\\\/arton4907.jpg\",\"width\":261,\"height\":397},{\"@type\":\"BreadcrumbList\",\"@id\":\"https:\\\/\\\/www.iemj.org\\\/it\\\/voix-hebraiques-un-voyage-dans-la-musique-juive-doccident-accompagne-danalyses-et-dexemples-musicaux\\\/#breadcrumb\",\"itemListElement\":[{\"@type\":\"ListItem\",\"position\":1,\"name\":\"Accueil\",\"item\":\"https:\\\/\\\/www.iemj.org\\\/it\\\/\"},{\"@type\":\"ListItem\",\"position\":2,\"name\":\"Voci ebraiche: un viaggio nella musica ebraica occidentale, accompagnato da analisi ed esempi musicali (In francese)\"}]},{\"@type\":\"WebSite\",\"@id\":\"https:\\\/\\\/www.iemj.org\\\/it\\\/#website\",\"url\":\"https:\\\/\\\/www.iemj.org\\\/it\\\/\",\"name\":\"Institut Europ\u00e9en des Musiques Juives\",\"description\":\"Des traditions musicales \u00e0 la port\u00e9e de tous\",\"publisher\":{\"@id\":\"https:\\\/\\\/www.iemj.org\\\/it\\\/#organization\"},\"potentialAction\":[{\"@type\":\"SearchAction\",\"target\":{\"@type\":\"EntryPoint\",\"urlTemplate\":\"https:\\\/\\\/www.iemj.org\\\/it\\\/?s={search_term_string}\"},\"query-input\":{\"@type\":\"PropertyValueSpecification\",\"valueRequired\":true,\"valueName\":\"search_term_string\"}}],\"inLanguage\":\"it-IT\"},{\"@type\":\"Organization\",\"@id\":\"https:\\\/\\\/www.iemj.org\\\/it\\\/#organization\",\"name\":\"Institut Europ\u00e9en des Musiques Juives\",\"url\":\"https:\\\/\\\/www.iemj.org\\\/it\\\/\",\"logo\":{\"@type\":\"ImageObject\",\"inLanguage\":\"it-IT\",\"@id\":\"https:\\\/\\\/www.iemj.org\\\/it\\\/#\\\/schema\\\/logo\\\/image\\\/\",\"url\":\"https:\\\/\\\/www.iemj.org\\\/wp-content\\\/uploads\\\/2021\\\/09\\\/Logo-IEMJ-Paypal.jpg\",\"contentUrl\":\"https:\\\/\\\/www.iemj.org\\\/wp-content\\\/uploads\\\/2021\\\/09\\\/Logo-IEMJ-Paypal.jpg\",\"width\":150,\"height\":50,\"caption\":\"Institut Europ\u00e9en des Musiques Juives\"},\"image\":{\"@id\":\"https:\\\/\\\/www.iemj.org\\\/it\\\/#\\\/schema\\\/logo\\\/image\\\/\"},\"sameAs\":[\"https:\\\/\\\/www.facebook.com\\\/MusiquesJuives\\\/\",\"https:\\\/\\\/www.instagram.com\\\/musiquesjuives\\\/\",\"https:\\\/\\\/www.youtube.com\\\/user\\\/musiquesjuives\"]},{\"@type\":\"Person\",\"@id\":\"https:\\\/\\\/www.iemj.org\\\/it\\\/#\\\/schema\\\/person\\\/906134402c29d5c76e7b726261dd4bbd\",\"name\":\"Herv\u00e9 Roten\",\"image\":{\"@type\":\"ImageObject\",\"inLanguage\":\"it-IT\",\"@id\":\"https:\\\/\\\/secure.gravatar.com\\\/avatar\\\/f96ad2db538a26481f18384936b5cd0610c92d390c4dc382209216d455f685ff?s=96&d=mm&r=g\",\"url\":\"https:\\\/\\\/secure.gravatar.com\\\/avatar\\\/f96ad2db538a26481f18384936b5cd0610c92d390c4dc382209216d455f685ff?s=96&d=mm&r=g\",\"contentUrl\":\"https:\\\/\\\/secure.gravatar.com\\\/avatar\\\/f96ad2db538a26481f18384936b5cd0610c92d390c4dc382209216d455f685ff?s=96&d=mm&r=g\",\"caption\":\"Herv\u00e9 Roten\"}}]}<\/script>\n<!-- \/ Yoast SEO plugin. -->","yoast_head_json":{"title":"Voci ebraiche: un viaggio nella musica ebraica occidentale, accompagnato da analisi ed esempi musicali (In francese) - Institut Europ\u00e9en des Musiques Juives","robots":{"index":"index","follow":"follow","max-snippet":"max-snippet:-1","max-image-preview":"max-image-preview:large","max-video-preview":"max-video-preview:-1"},"canonical":"https:\/\/www.iemj.org\/it\/voix-hebraiques-un-voyage-dans-la-musique-juive-doccident-accompagne-danalyses-et-dexemples-musicaux\/","og_locale":"it_IT","og_type":"article","og_title":"Voci ebraiche: un viaggio nella musica ebraica occidentale, accompagnato da analisi ed esempi musicali (In francese) - Institut Europ\u00e9en des Musiques Juives","og_description":"Attingendo alla sua esperienza come direttore del coro della Grande Sinagoga di Strasburgo e del Coro ebraico di Francia, creatore delle Polifonie ebraiche di Strasburgo e dell\u2019Ensemble Vocal H\u00e9bra\u00efca, Hector","og_url":"https:\/\/www.iemj.org\/it\/voix-hebraiques-un-voyage-dans-la-musique-juive-doccident-accompagne-danalyses-et-dexemples-musicaux\/","og_site_name":"Institut Europ\u00e9en des Musiques Juives","article_publisher":"https:\/\/www.facebook.com\/MusiquesJuives\/","article_published_time":"2020-11-17T15:29:17+00:00","article_modified_time":"2025-02-24T10:23:13+00:00","og_image":[{"width":261,"height":397,"url":"https:\/\/www.iemj.org\/wp-content\/uploads\/2020\/11\/arton4907.jpg","type":"image\/jpeg"}],"author":"Herv\u00e9 Roten","twitter_card":"summary_large_image","twitter_misc":{"Scritto da":"Herv\u00e9 Roten","Tempo di lettura stimato":"3 minuti"},"schema":{"@context":"https:\/\/schema.org","@graph":[{"@type":"Article","@id":"https:\/\/www.iemj.org\/it\/voix-hebraiques-un-voyage-dans-la-musique-juive-doccident-accompagne-danalyses-et-dexemples-musicaux\/#article","isPartOf":{"@id":"https:\/\/www.iemj.org\/it\/voix-hebraiques-un-voyage-dans-la-musique-juive-doccident-accompagne-danalyses-et-dexemples-musicaux\/"},"author":{"name":"Herv\u00e9 Roten","@id":"https:\/\/www.iemj.org\/it\/#\/schema\/person\/906134402c29d5c76e7b726261dd4bbd"},"headline":"Voci ebraiche: un viaggio nella musica ebraica occidentale, accompagnato da analisi ed esempi musicali (In francese)","datePublished":"2020-11-17T15:29:17+00:00","dateModified":"2025-02-24T10:23:13+00:00","mainEntityOfPage":{"@id":"https:\/\/www.iemj.org\/it\/voix-hebraiques-un-voyage-dans-la-musique-juive-doccident-accompagne-danalyses-et-dexemples-musicaux\/"},"wordCount":519,"publisher":{"@id":"https:\/\/www.iemj.org\/it\/#organization"},"image":{"@id":"https:\/\/www.iemj.org\/it\/voix-hebraiques-un-voyage-dans-la-musique-juive-doccident-accompagne-danalyses-et-dexemples-musicaux\/#primaryimage"},"thumbnailUrl":"https:\/\/www.iemj.org\/wp-content\/uploads\/2020\/11\/arton4907.jpg","articleSection":["Libri, articoli","Ultimi acquisti"],"inLanguage":"it-IT"},{"@type":"WebPage","@id":"https:\/\/www.iemj.org\/it\/voix-hebraiques-un-voyage-dans-la-musique-juive-doccident-accompagne-danalyses-et-dexemples-musicaux\/","url":"https:\/\/www.iemj.org\/it\/voix-hebraiques-un-voyage-dans-la-musique-juive-doccident-accompagne-danalyses-et-dexemples-musicaux\/","name":"Voci ebraiche: un viaggio nella musica ebraica occidentale, accompagnato da analisi ed esempi musicali (In francese) - Institut Europ\u00e9en des Musiques Juives","isPartOf":{"@id":"https:\/\/www.iemj.org\/it\/#website"},"primaryImageOfPage":{"@id":"https:\/\/www.iemj.org\/it\/voix-hebraiques-un-voyage-dans-la-musique-juive-doccident-accompagne-danalyses-et-dexemples-musicaux\/#primaryimage"},"image":{"@id":"https:\/\/www.iemj.org\/it\/voix-hebraiques-un-voyage-dans-la-musique-juive-doccident-accompagne-danalyses-et-dexemples-musicaux\/#primaryimage"},"thumbnailUrl":"https:\/\/www.iemj.org\/wp-content\/uploads\/2020\/11\/arton4907.jpg","datePublished":"2020-11-17T15:29:17+00:00","dateModified":"2025-02-24T10:23:13+00:00","breadcrumb":{"@id":"https:\/\/www.iemj.org\/it\/voix-hebraiques-un-voyage-dans-la-musique-juive-doccident-accompagne-danalyses-et-dexemples-musicaux\/#breadcrumb"},"inLanguage":"it-IT","potentialAction":[{"@type":"ReadAction","target":["https:\/\/www.iemj.org\/it\/voix-hebraiques-un-voyage-dans-la-musique-juive-doccident-accompagne-danalyses-et-dexemples-musicaux\/"]}]},{"@type":"ImageObject","inLanguage":"it-IT","@id":"https:\/\/www.iemj.org\/it\/voix-hebraiques-un-voyage-dans-la-musique-juive-doccident-accompagne-danalyses-et-dexemples-musicaux\/#primaryimage","url":"https:\/\/www.iemj.org\/wp-content\/uploads\/2020\/11\/arton4907.jpg","contentUrl":"https:\/\/www.iemj.org\/wp-content\/uploads\/2020\/11\/arton4907.jpg","width":261,"height":397},{"@type":"BreadcrumbList","@id":"https:\/\/www.iemj.org\/it\/voix-hebraiques-un-voyage-dans-la-musique-juive-doccident-accompagne-danalyses-et-dexemples-musicaux\/#breadcrumb","itemListElement":[{"@type":"ListItem","position":1,"name":"Accueil","item":"https:\/\/www.iemj.org\/it\/"},{"@type":"ListItem","position":2,"name":"Voci ebraiche: un viaggio nella musica ebraica occidentale, accompagnato da analisi ed esempi musicali (In francese)"}]},{"@type":"WebSite","@id":"https:\/\/www.iemj.org\/it\/#website","url":"https:\/\/www.iemj.org\/it\/","name":"Institut Europ\u00e9en des Musiques Juives","description":"Des traditions musicales \u00e0 la port\u00e9e de tous","publisher":{"@id":"https:\/\/www.iemj.org\/it\/#organization"},"potentialAction":[{"@type":"SearchAction","target":{"@type":"EntryPoint","urlTemplate":"https:\/\/www.iemj.org\/it\/?s={search_term_string}"},"query-input":{"@type":"PropertyValueSpecification","valueRequired":true,"valueName":"search_term_string"}}],"inLanguage":"it-IT"},{"@type":"Organization","@id":"https:\/\/www.iemj.org\/it\/#organization","name":"Institut Europ\u00e9en des Musiques Juives","url":"https:\/\/www.iemj.org\/it\/","logo":{"@type":"ImageObject","inLanguage":"it-IT","@id":"https:\/\/www.iemj.org\/it\/#\/schema\/logo\/image\/","url":"https:\/\/www.iemj.org\/wp-content\/uploads\/2021\/09\/Logo-IEMJ-Paypal.jpg","contentUrl":"https:\/\/www.iemj.org\/wp-content\/uploads\/2021\/09\/Logo-IEMJ-Paypal.jpg","width":150,"height":50,"caption":"Institut Europ\u00e9en des Musiques Juives"},"image":{"@id":"https:\/\/www.iemj.org\/it\/#\/schema\/logo\/image\/"},"sameAs":["https:\/\/www.facebook.com\/MusiquesJuives\/","https:\/\/www.instagram.com\/musiquesjuives\/","https:\/\/www.youtube.com\/user\/musiquesjuives"]},{"@type":"Person","@id":"https:\/\/www.iemj.org\/it\/#\/schema\/person\/906134402c29d5c76e7b726261dd4bbd","name":"Herv\u00e9 Roten","image":{"@type":"ImageObject","inLanguage":"it-IT","@id":"https:\/\/secure.gravatar.com\/avatar\/f96ad2db538a26481f18384936b5cd0610c92d390c4dc382209216d455f685ff?s=96&d=mm&r=g","url":"https:\/\/secure.gravatar.com\/avatar\/f96ad2db538a26481f18384936b5cd0610c92d390c4dc382209216d455f685ff?s=96&d=mm&r=g","contentUrl":"https:\/\/secure.gravatar.com\/avatar\/f96ad2db538a26481f18384936b5cd0610c92d390c4dc382209216d455f685ff?s=96&d=mm&r=g","caption":"Herv\u00e9 Roten"}}]}},"_links":{"self":[{"href":"https:\/\/www.iemj.org\/it\/wp-json\/wp\/v2\/posts\/58770","targetHints":{"allow":["GET"]}}],"collection":[{"href":"https:\/\/www.iemj.org\/it\/wp-json\/wp\/v2\/posts"}],"about":[{"href":"https:\/\/www.iemj.org\/it\/wp-json\/wp\/v2\/types\/post"}],"author":[{"embeddable":true,"href":"https:\/\/www.iemj.org\/it\/wp-json\/wp\/v2\/users\/1045"}],"replies":[{"embeddable":true,"href":"https:\/\/www.iemj.org\/it\/wp-json\/wp\/v2\/comments?post=58770"}],"version-history":[{"count":0,"href":"https:\/\/www.iemj.org\/it\/wp-json\/wp\/v2\/posts\/58770\/revisions"}],"wp:featuredmedia":[{"embeddable":true,"href":"https:\/\/www.iemj.org\/it\/wp-json\/wp\/v2\/media\/58771"}],"wp:attachment":[{"href":"https:\/\/www.iemj.org\/it\/wp-json\/wp\/v2\/media?parent=58770"}],"wp:term":[{"taxonomy":"category","embeddable":true,"href":"https:\/\/www.iemj.org\/it\/wp-json\/wp\/v2\/categories?post=58770"},{"taxonomy":"post_tag","embeddable":true,"href":"https:\/\/www.iemj.org\/it\/wp-json\/wp\/v2\/tags?post=58770"},{"taxonomy":"technique","embeddable":true,"href":"https:\/\/www.iemj.org\/it\/wp-json\/wp\/v2\/technique?post=58770"},{"taxonomy":"squelettes","embeddable":true,"href":"https:\/\/www.iemj.org\/it\/wp-json\/wp\/v2\/squelettes?post=58770"},{"taxonomy":"sujet","embeddable":true,"href":"https:\/\/www.iemj.org\/it\/wp-json\/wp\/v2\/sujet?post=58770"},{"taxonomy":"formation","embeddable":true,"href":"https:\/\/www.iemj.org\/it\/wp-json\/wp\/v2\/formation?post=58770"},{"taxonomy":"genre","embeddable":true,"href":"https:\/\/www.iemj.org\/it\/wp-json\/wp\/v2\/genre?post=58770"},{"taxonomy":"fonds","embeddable":true,"href":"https:\/\/www.iemj.org\/it\/wp-json\/wp\/v2\/fonds?post=58770"},{"taxonomy":"tradition","embeddable":true,"href":"https:\/\/www.iemj.org\/it\/wp-json\/wp\/v2\/tradition?post=58770"},{"taxonomy":"type-de-contenu","embeddable":true,"href":"https:\/\/www.iemj.org\/it\/wp-json\/wp\/v2\/type-de-contenu?post=58770"},{"taxonomy":"interprete-compositeur","embeddable":true,"href":"https:\/\/www.iemj.org\/it\/wp-json\/wp\/v2\/interprete-compositeur?post=58770"},{"taxonomy":"frise","embeddable":true,"href":"https:\/\/www.iemj.org\/it\/wp-json\/wp\/v2\/frise?post=58770"},{"taxonomy":"type-devenement","embeddable":true,"href":"https:\/\/www.iemj.org\/it\/wp-json\/wp\/v2\/type-devenement?post=58770"},{"taxonomy":"tableaux-liens-externes","embeddable":true,"href":"https:\/\/www.iemj.org\/it\/wp-json\/wp\/v2\/tableaux-liens-externes?post=58770"}],"curies":[{"name":"wp","href":"https:\/\/api.w.org\/{rel}","templated":true}]}}