{"id":59089,"date":"2016-09-27T12:36:05","date_gmt":"2016-09-27T10:36:05","guid":{"rendered":"https:\/\/www.iemj.org\/roch-hachana-1\/"},"modified":"2024-09-24T12:19:49","modified_gmt":"2024-09-24T10:19:49","slug":"roch-hachana-1","status":"publish","type":"post","link":"https:\/\/www.iemj.org\/it\/roch-hachana-1\/","title":{"rendered":"ROSH HASHANAH 1"},"content":{"rendered":"<p><strong>Vi offriamo una selezione delle pi\u00f9 belle canzoni di Rosh Hashanah eseguite da Albert Kirch, Marcel Lorand, Jan Peerce, l\u2019Ensemble Alla Francesca.<\/strong><\/p>\n<p><!--more--><\/p>\n<p>Rosh Hashanah, che significa &#8220;testa dell&#8217;anno&#8221; o Capodanno, \u00e8 il primo giorno dell&#8217;anno ebraico. Anche se secondo la Torah, l&#8217;anno inizia a Nissan (il mese di Pesach), la tradizione ha fissato questo giorno come primo giorno dell\u2019anno nuovo.<\/p>\n<p>Rosh Hashanah \u00e8 anche chiamato Yom Hadin, &#8220;il giorno del giudizio&#8221; e simboleggia il giorno della creazione dell&#8217;uomo. \u00c8 quindi un giorno di intensa preghiera per invocare la Divina Misericordia. Tuttavia, rappresenta anche un giorno di gioia perch\u00e9 abbiamo fiducia nel giudizio di Dio.<\/p>\n<p><img fetchpriority=\"high\" decoding=\"async\" class=\" alignright  wp-image-11742\" src=\"https:\/\/www.iemj.org\/wp-content\/uploads\/2016\/09\/doc_2_roch_hachana_500px_75.jpg\" alt=\"doc_2_roch_hachana_500px_75.jpg\" width=\"307\" height=\"395\" align=\"right\" srcset=\"https:\/\/www.iemj.org\/wp-content\/uploads\/2016\/09\/doc_2_roch_hachana_500px_75.jpg 375w, https:\/\/www.iemj.org\/wp-content\/uploads\/2016\/09\/doc_2_roch_hachana_500px_75-233x300.jpg 233w\" sizes=\"(max-width: 307px) 100vw, 307px\" \/><\/p>\n<p>Nella preghiera del mattino dei 2 giorni, si usa suonare lo Shofar, per ricordare il sacrificio di Isacco e la Misericordia che Dio gli ha concesso.<\/p>\n<p>Un&#8217;altra tradizione vuole che durante questi giorni di festa, la gente abbia solo pensieri &#8220;positivi&#8221; e non esprima rabbia o odio verso gli altri. Cos\u00ec, il primo giorno dell\u2019anno nuovo deve servire come esempio e riferimento per gli altri giorni che seguono.<\/p>\n<p>Rosh Hashanah segna l&#8217;inizio dei dieci giorni di Penitenza, che si concluderanno con Yom Kippur, il giorno dell&#8217;espiazione.<\/p>\n<p><b><strong><span style=\"font-size: xx-large;\">SHANA TOVA!!!<\/span><\/strong><\/b><\/p>\n<p><a href=\"https:\/\/www.iemj.org\/it\/roch-hachana-2\/\">Ascoltare la playlist: Rosh Hachana 2<\/a><\/p>\n<p><img decoding=\"async\" class=\" aligncenter size-full wp-image-11744\" src=\"https:\/\/www.iemj.org\/wp-content\/uploads\/2016\/09\/doc_1_roch_hachana_500px_85.jpg\" alt=\"doc_1_roch_hachana_500px_85.jpg\" width=\"425\" height=\"272\" align=\"middle\" srcset=\"https:\/\/www.iemj.org\/wp-content\/uploads\/2016\/09\/doc_1_roch_hachana_500px_85.jpg 425w, https:\/\/www.iemj.org\/wp-content\/uploads\/2016\/09\/doc_1_roch_hachana_500px_85-300x192.jpg 300w\" sizes=\"(max-width: 425px) 100vw, 425px\" \/><\/p>\n\n\n<figure class=\"wp-block-image alignwide size-large\"><img decoding=\"async\" src=\"https:\/\/www.iemj.org\/wp-content\/uploads\/2024\/03\/AUDIO-PLAYER.png\" alt=\"\"\/><\/figure>\n\n\n\n<div class=\"wp-block-file\"><a href=\"https:\/\/www.iemj.org\/wp-content\/uploads\/2016\/09\/a_story_for_a_new_year_extrait_-_tamar_bornstein-laxar.mp3\">A Story for a new year (EXTRAIT) &#8211; Tamar BORNSTEIN-LAXAR<\/a><\/div>\n\n\n\n<div class=\"wp-block-file\"><a href=\"https:\/\/www.iemj.org\/wp-content\/uploads\/2016\/09\/ayom_arat_olam_extrait_-_philippe_darmon.mp3\">Ayom Arat Olam (EXTRAIT) &#8211; Philippe DARMON<\/a><\/div>\n\n\n\n<div class=\"wp-block-file\"><a href=\"https:\/\/www.iemj.org\/wp-content\/uploads\/2016\/09\/beroch_hachono_-_marcel_lorand.mp3\">Beroch Hachono &#8211; Marcel LORAND<\/a><\/div>\n\n\n\n<div class=\"wp-block-file\"><a href=\"https:\/\/www.iemj.org\/wp-content\/uploads\/2016\/09\/kiddouch_des_trois_fetes_extrait_-_albert_kirch.mp3\">Kiddouch des trois f\u00eates (EXTRAIT) &#8211; Albert KIRCH<\/a><\/div>\n\n\n\n<div class=\"wp-block-file\"><a href=\"https:\/\/www.iemj.org\/wp-content\/uploads\/2016\/09\/kiddoush_nazareth_extrait_-_albert_kirch.mp3\">Kiddoush (Nazareth) (EXTRAIT) &#8211; Albert KIRCH<\/a><\/div>\n\n\n\n<div class=\"wp-block-file\"><a href=\"https:\/\/www.iemj.org\/wp-content\/uploads\/2016\/09\/les_anfanz_des_avot_-_ensemble_alla_francesca.mp3\">Les anfanz des avot &#8211; Ensemble Alla Francesca<\/a><\/div>\n\n\n\n<div class=\"wp-block-file\"><a href=\"https:\/\/www.iemj.org\/wp-content\/uploads\/2016\/09\/olenu_-_jan_peerce.mp3\">Olenu &#8211; Jan PEERCE<\/a><\/div>\n\n\n\n<div class=\"wp-block-file\"><a href=\"https:\/\/www.iemj.org\/wp-content\/uploads\/2016\/09\/roi_de_poer_-_ensemble_alla_francesca.mp3\">Roi de poer &#8211; Ensemble Alla Francesca<\/a><\/div>\n\n\n\n<div class=\"wp-block-file\"><a href=\"https:\/\/www.iemj.org\/wp-content\/uploads\/2016\/09\/shana_tova_-_chag_lataf_30_holiday_songs_for_tots.mp3\">Shana Tova &#8211; Chag Lataf  30 Holiday Songs for Tots<\/a><\/div>\n\n\n\n<div class=\"wp-block-file\"><a href=\"https:\/\/www.iemj.org\/wp-content\/uploads\/2016\/09\/shana_tova_-_tamar_bornstein-laxar.mp3\">Shana Tova &#8211; Tamar BORNSTEIN-LAXAR<\/a><\/div>\n\n\n\n<div class=\"wp-block-file\"><a href=\"https:\/\/www.iemj.org\/wp-content\/uploads\/2016\/09\/uvashofor_godol_-_jan_peerce.mp3\">Uvashofor Godol &#8211; Jan PEERCE<\/a><\/div>\n\n\n\n<div class=\"wp-block-file\"><a href=\"https:\/\/www.iemj.org\/wp-content\/uploads\/2016\/09\/00_00_ahot_k_tanna_tradition_des_juifs_hispano-portugais_de_londres_01_18_a_hot_ketana_dans_le_rite_de_tlemcen_04_18_ahut_ghatano_rite_des_juifs_des_montagnes_.mp3\">Ahot K&#8217;Tanna (tradition des juifs hispano-portugais de Londres) 00&#8217;00 ; A&#8217;hot ketana (dans le rite de Tlemcen)  01&#8217;18 ; Ah\u00fct gh\u00e4tano (rite des Juifs des montagnes) 04&#8217;18<\/a><\/div>\n","protected":false},"excerpt":{"rendered":"<p>Vi offriamo una selezione delle pi\u00f9 belle canzoni di Rosh Hashanah eseguite da Albert Kirch, Marcel Lorand, Jan Peerce, l\u2019Ensemble Alla Francesca.<\/p>\n","protected":false},"author":1052,"featured_media":59090,"comment_status":"closed","ping_status":"open","sticky":false,"template":"","format":"standard","meta":{"_acf_changed":false,"footnotes":""},"categories":[1536],"tags":[],"technique":[],"squelettes":[],"sujet":[1851],"formation":[],"genre":[],"fonds":[],"tradition":[],"type-de-contenu":[],"interprete-compositeur":[],"frise":[],"type-devenement":[],"tableaux-liens-externes":[],"class_list":["post-59089","post","type-post","status-publish","format-standard","has-post-thumbnail","hentry","category-playlist-it","sujet-rosh-hashanah-it"],"acf":[],"yoast_head":"<!-- This site is optimized with the Yoast SEO plugin v27.3 - https:\/\/yoast.com\/product\/yoast-seo-wordpress\/ -->\n<title>ROSH HASHANAH 1 - Institut Europ\u00e9en des Musiques Juives<\/title>\n<meta name=\"robots\" content=\"index, follow, max-snippet:-1, max-image-preview:large, max-video-preview:-1\" \/>\n<link rel=\"canonical\" href=\"https:\/\/www.iemj.org\/it\/roch-hachana-1\/\" \/>\n<meta property=\"og:locale\" content=\"it_IT\" \/>\n<meta property=\"og:type\" content=\"article\" \/>\n<meta property=\"og:title\" content=\"ROSH HASHANAH 1 - Institut Europ\u00e9en des Musiques Juives\" \/>\n<meta property=\"og:description\" content=\"Vi offriamo una selezione delle pi\u00f9 belle canzoni di Rosh Hashanah eseguite da Albert Kirch, Marcel Lorand, Jan Peerce, l\u2019Ensemble Alla Francesca.\" \/>\n<meta property=\"og:url\" content=\"https:\/\/www.iemj.org\/it\/roch-hachana-1\/\" \/>\n<meta property=\"og:site_name\" content=\"Institut Europ\u00e9en des Musiques Juives\" \/>\n<meta property=\"article:publisher\" content=\"https:\/\/www.facebook.com\/MusiquesJuives\/\" \/>\n<meta property=\"article:published_time\" content=\"2016-09-27T10:36:05+00:00\" \/>\n<meta property=\"article:modified_time\" content=\"2024-09-24T10:19:49+00:00\" \/>\n<meta property=\"og:image\" content=\"https:\/\/www.iemj.org\/wp-content\/uploads\/2016\/09\/arton1866-e1629818839940.jpg\" \/>\n\t<meta property=\"og:image:width\" content=\"350\" \/>\n\t<meta property=\"og:image:height\" content=\"323\" \/>\n\t<meta property=\"og:image:type\" content=\"image\/jpeg\" \/>\n<meta name=\"author\" content=\"Lea Couderc\" \/>\n<meta name=\"twitter:card\" content=\"summary_large_image\" \/>\n<meta name=\"twitter:label1\" content=\"Scritto da\" \/>\n\t<meta name=\"twitter:data1\" content=\"Lea Couderc\" \/>\n\t<meta name=\"twitter:label2\" content=\"Tempo di lettura stimato\" \/>\n\t<meta name=\"twitter:data2\" content=\"3 minuti\" \/>\n<script type=\"application\/ld+json\" class=\"yoast-schema-graph\">{\"@context\":\"https:\\\/\\\/schema.org\",\"@graph\":[{\"@type\":\"Article\",\"@id\":\"https:\\\/\\\/www.iemj.org\\\/it\\\/roch-hachana-1\\\/#article\",\"isPartOf\":{\"@id\":\"https:\\\/\\\/www.iemj.org\\\/it\\\/roch-hachana-1\\\/\"},\"author\":{\"name\":\"Lea Couderc\",\"@id\":\"https:\\\/\\\/www.iemj.org\\\/it\\\/#\\\/schema\\\/person\\\/e2ad57f2c4be119c7ed8ab79036807a9\"},\"headline\":\"ROSH HASHANAH 1\",\"datePublished\":\"2016-09-27T10:36:05+00:00\",\"dateModified\":\"2024-09-24T10:19:49+00:00\",\"mainEntityOfPage\":{\"@id\":\"https:\\\/\\\/www.iemj.org\\\/it\\\/roch-hachana-1\\\/\"},\"wordCount\":306,\"publisher\":{\"@id\":\"https:\\\/\\\/www.iemj.org\\\/it\\\/#organization\"},\"image\":{\"@id\":\"https:\\\/\\\/www.iemj.org\\\/it\\\/roch-hachana-1\\\/#primaryimage\"},\"thumbnailUrl\":\"https:\\\/\\\/www.iemj.org\\\/wp-content\\\/uploads\\\/2016\\\/09\\\/arton1866-e1629818839940.jpg\",\"articleSection\":[\"Playlist\"],\"inLanguage\":\"it-IT\"},{\"@type\":\"WebPage\",\"@id\":\"https:\\\/\\\/www.iemj.org\\\/it\\\/roch-hachana-1\\\/\",\"url\":\"https:\\\/\\\/www.iemj.org\\\/it\\\/roch-hachana-1\\\/\",\"name\":\"ROSH HASHANAH 1 - Institut Europ\u00e9en des Musiques Juives\",\"isPartOf\":{\"@id\":\"https:\\\/\\\/www.iemj.org\\\/it\\\/#website\"},\"primaryImageOfPage\":{\"@id\":\"https:\\\/\\\/www.iemj.org\\\/it\\\/roch-hachana-1\\\/#primaryimage\"},\"image\":{\"@id\":\"https:\\\/\\\/www.iemj.org\\\/it\\\/roch-hachana-1\\\/#primaryimage\"},\"thumbnailUrl\":\"https:\\\/\\\/www.iemj.org\\\/wp-content\\\/uploads\\\/2016\\\/09\\\/arton1866-e1629818839940.jpg\",\"datePublished\":\"2016-09-27T10:36:05+00:00\",\"dateModified\":\"2024-09-24T10:19:49+00:00\",\"breadcrumb\":{\"@id\":\"https:\\\/\\\/www.iemj.org\\\/it\\\/roch-hachana-1\\\/#breadcrumb\"},\"inLanguage\":\"it-IT\",\"potentialAction\":[{\"@type\":\"ReadAction\",\"target\":[\"https:\\\/\\\/www.iemj.org\\\/it\\\/roch-hachana-1\\\/\"]}]},{\"@type\":\"ImageObject\",\"inLanguage\":\"it-IT\",\"@id\":\"https:\\\/\\\/www.iemj.org\\\/it\\\/roch-hachana-1\\\/#primaryimage\",\"url\":\"https:\\\/\\\/www.iemj.org\\\/wp-content\\\/uploads\\\/2016\\\/09\\\/arton1866-e1629818839940.jpg\",\"contentUrl\":\"https:\\\/\\\/www.iemj.org\\\/wp-content\\\/uploads\\\/2016\\\/09\\\/arton1866-e1629818839940.jpg\",\"width\":350,\"height\":323},{\"@type\":\"BreadcrumbList\",\"@id\":\"https:\\\/\\\/www.iemj.org\\\/it\\\/roch-hachana-1\\\/#breadcrumb\",\"itemListElement\":[{\"@type\":\"ListItem\",\"position\":1,\"name\":\"Accueil\",\"item\":\"https:\\\/\\\/www.iemj.org\\\/it\\\/\"},{\"@type\":\"ListItem\",\"position\":2,\"name\":\"ROSH HASHANAH 1\"}]},{\"@type\":\"WebSite\",\"@id\":\"https:\\\/\\\/www.iemj.org\\\/it\\\/#website\",\"url\":\"https:\\\/\\\/www.iemj.org\\\/it\\\/\",\"name\":\"Institut Europ\u00e9en des Musiques Juives\",\"description\":\"Des traditions musicales \u00e0 la port\u00e9e de tous\",\"publisher\":{\"@id\":\"https:\\\/\\\/www.iemj.org\\\/it\\\/#organization\"},\"potentialAction\":[{\"@type\":\"SearchAction\",\"target\":{\"@type\":\"EntryPoint\",\"urlTemplate\":\"https:\\\/\\\/www.iemj.org\\\/it\\\/?s={search_term_string}\"},\"query-input\":{\"@type\":\"PropertyValueSpecification\",\"valueRequired\":true,\"valueName\":\"search_term_string\"}}],\"inLanguage\":\"it-IT\"},{\"@type\":\"Organization\",\"@id\":\"https:\\\/\\\/www.iemj.org\\\/it\\\/#organization\",\"name\":\"Institut Europ\u00e9en des Musiques Juives\",\"url\":\"https:\\\/\\\/www.iemj.org\\\/it\\\/\",\"logo\":{\"@type\":\"ImageObject\",\"inLanguage\":\"it-IT\",\"@id\":\"https:\\\/\\\/www.iemj.org\\\/it\\\/#\\\/schema\\\/logo\\\/image\\\/\",\"url\":\"https:\\\/\\\/www.iemj.org\\\/wp-content\\\/uploads\\\/2021\\\/09\\\/Logo-IEMJ-Paypal.jpg\",\"contentUrl\":\"https:\\\/\\\/www.iemj.org\\\/wp-content\\\/uploads\\\/2021\\\/09\\\/Logo-IEMJ-Paypal.jpg\",\"width\":150,\"height\":50,\"caption\":\"Institut Europ\u00e9en des Musiques Juives\"},\"image\":{\"@id\":\"https:\\\/\\\/www.iemj.org\\\/it\\\/#\\\/schema\\\/logo\\\/image\\\/\"},\"sameAs\":[\"https:\\\/\\\/www.facebook.com\\\/MusiquesJuives\\\/\",\"https:\\\/\\\/www.instagram.com\\\/musiquesjuives\\\/\",\"https:\\\/\\\/www.youtube.com\\\/user\\\/musiquesjuives\"]},{\"@type\":\"Person\",\"@id\":\"https:\\\/\\\/www.iemj.org\\\/it\\\/#\\\/schema\\\/person\\\/e2ad57f2c4be119c7ed8ab79036807a9\",\"name\":\"Lea Couderc\",\"image\":{\"@type\":\"ImageObject\",\"inLanguage\":\"it-IT\",\"@id\":\"https:\\\/\\\/secure.gravatar.com\\\/avatar\\\/46ee021475d60aeff17a7e490b79dea5a5684bb392ab7fd1494027411df8ba23?s=96&d=mm&r=g\",\"url\":\"https:\\\/\\\/secure.gravatar.com\\\/avatar\\\/46ee021475d60aeff17a7e490b79dea5a5684bb392ab7fd1494027411df8ba23?s=96&d=mm&r=g\",\"contentUrl\":\"https:\\\/\\\/secure.gravatar.com\\\/avatar\\\/46ee021475d60aeff17a7e490b79dea5a5684bb392ab7fd1494027411df8ba23?s=96&d=mm&r=g\",\"caption\":\"Lea Couderc\"}}]}<\/script>\n<!-- \/ Yoast SEO plugin. -->","yoast_head_json":{"title":"ROSH HASHANAH 1 - Institut Europ\u00e9en des Musiques Juives","robots":{"index":"index","follow":"follow","max-snippet":"max-snippet:-1","max-image-preview":"max-image-preview:large","max-video-preview":"max-video-preview:-1"},"canonical":"https:\/\/www.iemj.org\/it\/roch-hachana-1\/","og_locale":"it_IT","og_type":"article","og_title":"ROSH HASHANAH 1 - Institut Europ\u00e9en des Musiques Juives","og_description":"Vi offriamo una selezione delle pi\u00f9 belle canzoni di Rosh Hashanah eseguite da Albert Kirch, Marcel Lorand, Jan Peerce, l\u2019Ensemble Alla Francesca.","og_url":"https:\/\/www.iemj.org\/it\/roch-hachana-1\/","og_site_name":"Institut Europ\u00e9en des Musiques Juives","article_publisher":"https:\/\/www.facebook.com\/MusiquesJuives\/","article_published_time":"2016-09-27T10:36:05+00:00","article_modified_time":"2024-09-24T10:19:49+00:00","og_image":[{"width":350,"height":323,"url":"https:\/\/www.iemj.org\/wp-content\/uploads\/2016\/09\/arton1866-e1629818839940.jpg","type":"image\/jpeg"}],"author":"Lea Couderc","twitter_card":"summary_large_image","twitter_misc":{"Scritto da":"Lea Couderc","Tempo di lettura stimato":"3 minuti"},"schema":{"@context":"https:\/\/schema.org","@graph":[{"@type":"Article","@id":"https:\/\/www.iemj.org\/it\/roch-hachana-1\/#article","isPartOf":{"@id":"https:\/\/www.iemj.org\/it\/roch-hachana-1\/"},"author":{"name":"Lea Couderc","@id":"https:\/\/www.iemj.org\/it\/#\/schema\/person\/e2ad57f2c4be119c7ed8ab79036807a9"},"headline":"ROSH HASHANAH 1","datePublished":"2016-09-27T10:36:05+00:00","dateModified":"2024-09-24T10:19:49+00:00","mainEntityOfPage":{"@id":"https:\/\/www.iemj.org\/it\/roch-hachana-1\/"},"wordCount":306,"publisher":{"@id":"https:\/\/www.iemj.org\/it\/#organization"},"image":{"@id":"https:\/\/www.iemj.org\/it\/roch-hachana-1\/#primaryimage"},"thumbnailUrl":"https:\/\/www.iemj.org\/wp-content\/uploads\/2016\/09\/arton1866-e1629818839940.jpg","articleSection":["Playlist"],"inLanguage":"it-IT"},{"@type":"WebPage","@id":"https:\/\/www.iemj.org\/it\/roch-hachana-1\/","url":"https:\/\/www.iemj.org\/it\/roch-hachana-1\/","name":"ROSH HASHANAH 1 - Institut Europ\u00e9en des Musiques Juives","isPartOf":{"@id":"https:\/\/www.iemj.org\/it\/#website"},"primaryImageOfPage":{"@id":"https:\/\/www.iemj.org\/it\/roch-hachana-1\/#primaryimage"},"image":{"@id":"https:\/\/www.iemj.org\/it\/roch-hachana-1\/#primaryimage"},"thumbnailUrl":"https:\/\/www.iemj.org\/wp-content\/uploads\/2016\/09\/arton1866-e1629818839940.jpg","datePublished":"2016-09-27T10:36:05+00:00","dateModified":"2024-09-24T10:19:49+00:00","breadcrumb":{"@id":"https:\/\/www.iemj.org\/it\/roch-hachana-1\/#breadcrumb"},"inLanguage":"it-IT","potentialAction":[{"@type":"ReadAction","target":["https:\/\/www.iemj.org\/it\/roch-hachana-1\/"]}]},{"@type":"ImageObject","inLanguage":"it-IT","@id":"https:\/\/www.iemj.org\/it\/roch-hachana-1\/#primaryimage","url":"https:\/\/www.iemj.org\/wp-content\/uploads\/2016\/09\/arton1866-e1629818839940.jpg","contentUrl":"https:\/\/www.iemj.org\/wp-content\/uploads\/2016\/09\/arton1866-e1629818839940.jpg","width":350,"height":323},{"@type":"BreadcrumbList","@id":"https:\/\/www.iemj.org\/it\/roch-hachana-1\/#breadcrumb","itemListElement":[{"@type":"ListItem","position":1,"name":"Accueil","item":"https:\/\/www.iemj.org\/it\/"},{"@type":"ListItem","position":2,"name":"ROSH HASHANAH 1"}]},{"@type":"WebSite","@id":"https:\/\/www.iemj.org\/it\/#website","url":"https:\/\/www.iemj.org\/it\/","name":"Institut Europ\u00e9en des Musiques Juives","description":"Des traditions musicales \u00e0 la port\u00e9e de tous","publisher":{"@id":"https:\/\/www.iemj.org\/it\/#organization"},"potentialAction":[{"@type":"SearchAction","target":{"@type":"EntryPoint","urlTemplate":"https:\/\/www.iemj.org\/it\/?s={search_term_string}"},"query-input":{"@type":"PropertyValueSpecification","valueRequired":true,"valueName":"search_term_string"}}],"inLanguage":"it-IT"},{"@type":"Organization","@id":"https:\/\/www.iemj.org\/it\/#organization","name":"Institut Europ\u00e9en des Musiques Juives","url":"https:\/\/www.iemj.org\/it\/","logo":{"@type":"ImageObject","inLanguage":"it-IT","@id":"https:\/\/www.iemj.org\/it\/#\/schema\/logo\/image\/","url":"https:\/\/www.iemj.org\/wp-content\/uploads\/2021\/09\/Logo-IEMJ-Paypal.jpg","contentUrl":"https:\/\/www.iemj.org\/wp-content\/uploads\/2021\/09\/Logo-IEMJ-Paypal.jpg","width":150,"height":50,"caption":"Institut Europ\u00e9en des Musiques Juives"},"image":{"@id":"https:\/\/www.iemj.org\/it\/#\/schema\/logo\/image\/"},"sameAs":["https:\/\/www.facebook.com\/MusiquesJuives\/","https:\/\/www.instagram.com\/musiquesjuives\/","https:\/\/www.youtube.com\/user\/musiquesjuives"]},{"@type":"Person","@id":"https:\/\/www.iemj.org\/it\/#\/schema\/person\/e2ad57f2c4be119c7ed8ab79036807a9","name":"Lea Couderc","image":{"@type":"ImageObject","inLanguage":"it-IT","@id":"https:\/\/secure.gravatar.com\/avatar\/46ee021475d60aeff17a7e490b79dea5a5684bb392ab7fd1494027411df8ba23?s=96&d=mm&r=g","url":"https:\/\/secure.gravatar.com\/avatar\/46ee021475d60aeff17a7e490b79dea5a5684bb392ab7fd1494027411df8ba23?s=96&d=mm&r=g","contentUrl":"https:\/\/secure.gravatar.com\/avatar\/46ee021475d60aeff17a7e490b79dea5a5684bb392ab7fd1494027411df8ba23?s=96&d=mm&r=g","caption":"Lea Couderc"}}]}},"_links":{"self":[{"href":"https:\/\/www.iemj.org\/it\/wp-json\/wp\/v2\/posts\/59089","targetHints":{"allow":["GET"]}}],"collection":[{"href":"https:\/\/www.iemj.org\/it\/wp-json\/wp\/v2\/posts"}],"about":[{"href":"https:\/\/www.iemj.org\/it\/wp-json\/wp\/v2\/types\/post"}],"author":[{"embeddable":true,"href":"https:\/\/www.iemj.org\/it\/wp-json\/wp\/v2\/users\/1052"}],"replies":[{"embeddable":true,"href":"https:\/\/www.iemj.org\/it\/wp-json\/wp\/v2\/comments?post=59089"}],"version-history":[{"count":0,"href":"https:\/\/www.iemj.org\/it\/wp-json\/wp\/v2\/posts\/59089\/revisions"}],"wp:featuredmedia":[{"embeddable":true,"href":"https:\/\/www.iemj.org\/it\/wp-json\/wp\/v2\/media\/59090"}],"wp:attachment":[{"href":"https:\/\/www.iemj.org\/it\/wp-json\/wp\/v2\/media?parent=59089"}],"wp:term":[{"taxonomy":"category","embeddable":true,"href":"https:\/\/www.iemj.org\/it\/wp-json\/wp\/v2\/categories?post=59089"},{"taxonomy":"post_tag","embeddable":true,"href":"https:\/\/www.iemj.org\/it\/wp-json\/wp\/v2\/tags?post=59089"},{"taxonomy":"technique","embeddable":true,"href":"https:\/\/www.iemj.org\/it\/wp-json\/wp\/v2\/technique?post=59089"},{"taxonomy":"squelettes","embeddable":true,"href":"https:\/\/www.iemj.org\/it\/wp-json\/wp\/v2\/squelettes?post=59089"},{"taxonomy":"sujet","embeddable":true,"href":"https:\/\/www.iemj.org\/it\/wp-json\/wp\/v2\/sujet?post=59089"},{"taxonomy":"formation","embeddable":true,"href":"https:\/\/www.iemj.org\/it\/wp-json\/wp\/v2\/formation?post=59089"},{"taxonomy":"genre","embeddable":true,"href":"https:\/\/www.iemj.org\/it\/wp-json\/wp\/v2\/genre?post=59089"},{"taxonomy":"fonds","embeddable":true,"href":"https:\/\/www.iemj.org\/it\/wp-json\/wp\/v2\/fonds?post=59089"},{"taxonomy":"tradition","embeddable":true,"href":"https:\/\/www.iemj.org\/it\/wp-json\/wp\/v2\/tradition?post=59089"},{"taxonomy":"type-de-contenu","embeddable":true,"href":"https:\/\/www.iemj.org\/it\/wp-json\/wp\/v2\/type-de-contenu?post=59089"},{"taxonomy":"interprete-compositeur","embeddable":true,"href":"https:\/\/www.iemj.org\/it\/wp-json\/wp\/v2\/interprete-compositeur?post=59089"},{"taxonomy":"frise","embeddable":true,"href":"https:\/\/www.iemj.org\/it\/wp-json\/wp\/v2\/frise?post=59089"},{"taxonomy":"type-devenement","embeddable":true,"href":"https:\/\/www.iemj.org\/it\/wp-json\/wp\/v2\/type-devenement?post=59089"},{"taxonomy":"tableaux-liens-externes","embeddable":true,"href":"https:\/\/www.iemj.org\/it\/wp-json\/wp\/v2\/tableaux-liens-externes?post=59089"}],"curies":[{"name":"wp","href":"https:\/\/api.w.org\/{rel}","templated":true}]}}