{"id":59301,"date":"2017-09-27T09:47:23","date_gmt":"2017-09-27T07:47:23","guid":{"rendered":"https:\/\/www.iemj.org\/yom-kippour-2\/"},"modified":"2024-10-09T15:28:21","modified_gmt":"2024-10-09T13:28:21","slug":"yom-kippour-2","status":"publish","type":"post","link":"https:\/\/www.iemj.org\/it\/yom-kippour-2\/","title":{"rendered":"Yom Kippur 2"},"content":{"rendered":"<p>Yom Kippur, comunemente conosciuto come il giorno dell&#8217;espiazione, \u00e8 una delle feste pi\u00f9 solenni dell&#8217;anno ebraico.<br \/>Questa solennit\u00e0 inizia al calare delle tenebre con la preghiera simbolica del Kol Nidre, durante la quale i fedeli chiedono umilmente a Dio di annullare tutti i voti, giuramenti, impegni e promesse fatti dall&#8217;ultimo Kippur a questo, e che non hanno potuto essere rispettati.<\/p>\n<p>La melodia tradizionale di questa preghiera ha sempre esercitato un vero potere di fascino e d&#8217;incanto, non solo nel mondo ashkenazita &#8211; dove, fatto rarissimo, questa preghiera \u00e8 raramente cantata sulla stessa melodia in tutte le comunit\u00e0 &#8211; ma anche da molti compositori, ebrei e non ebrei, che ne hanno tratto ispirazione per comporre opere bellissime.<\/p>\n<p><img fetchpriority=\"high\" decoding=\"async\" class=\" wp-image-15336 alignright\" src=\"https:\/\/www.iemj.org\/wp-content\/uploads\/2017\/09\/doc_1_kippour_2_500px65.jpg\" alt=\"doc_1_kippour_2_500px65.jpg\" width=\"256\" height=\"334\" align=\"middle\" srcset=\"https:\/\/www.iemj.org\/wp-content\/uploads\/2017\/09\/doc_1_kippour_2_500px65.jpg 325w, https:\/\/www.iemj.org\/wp-content\/uploads\/2017\/09\/doc_1_kippour_2_500px65-230x300.jpg 230w\" sizes=\"(max-width: 256px) 100vw, 256px\" \/>Durante le cinque servizi di Kippur (Kol Nidre, Chaharit, Minha, Ne\u00efla e Arvit), i fedeli digiunano e pregano nella sinagoga, fino al suono del Chofar che segna simbolicamente la fine della festa, e di questo periodo di dieci &#8220;giorni terribili&#8221; (<em>Yamim nora\u00efm<\/em>) tra Rosh Hashanah e Kippur, dove il destino di ogni essere umano \u00e8 sigillato davanti all&#8217;Eterno.<\/p>\n<ul>\n<li><a href=\"https:\/\/www.iemj.org\/it\/yom-kippour-1\/\" target=\"_blank\" rel=\"noopener\">Ascoltare la playlist Yom Kippur 1<\/a><\/li>\n<li><a href=\"https:\/\/www.iemj.org\/it\/the-musaf-service-of-yom-kippur\/\" target=\"_blank\" rel=\"noopener\">Ascoltare il programma radiofonico: Il servizio Musaf di Yom Kippur presentato da Herv\u00e9 Roten (<em>in Francese<\/em>)<\/a><\/li>\n<li><a href=\"https:\/\/www.iemj.org\/it\/the-prayer-of-kol-nidre\/\" target=\"_blank\" rel=\"noopener\">Ascoltare il programma radiofonico: La preghiera del Kol nidre presentata da Herv\u00e9 Roten (<em>in Francese<\/em>)<\/a><\/li>\n<li><a href=\"https:\/\/www.iemj.org\/it\/produit\/serge-kaufmann-kol-nidre-for-choir-string-quintet-piano-and-clarinet-printed-score\/\" target=\"_blank\" rel=\"noopener\">Ordinare lo spartito del Kol Nidre di Serge Kaufmann<\/a><\/li>\n<li><a href=\"https:\/\/www.iemj.org\/it\/kol-nidre-huit-visions\/\" target=\"_blank\" rel=\"noopener\">Ordina il nostro CD: 8 visioni del Kol Nidre<\/a><\/li>\n<li><a class=\"spip_out\" href=\"https:\/\/www.iemj.org\/it\/produit\/kol-nidre-new-visions\/\" target=\"_blank\" rel=\"external noopener\">Ordina il nostro CD Kol Nidr\u00e9 \u2013 Nouvelles visions<\/a><\/li>\n<\/ul>\n<div style=\"text-align: center;\">\n<div style=\"margin: 8px 0px 4px;\"><a href=\"http:\/\/www.calameo.com\/books\/004612749c989e3c17b37\" target=\"_blank\" rel=\"noopener noreferrer\">Kippur nel rito algerino &#8211; commento: Jean Becache<\/a><\/div>\n<p><iframe style=\"margin: 0 auto;\" src=\"\/\/v.calameo.com\/?bkcode=004612749c989e3c17b37&amp;mode=mini\" width=\"480\" height=\"300\" frameborder=\"0\" scrolling=\"no\" allowfullscreen=\"allowfullscreen\"><\/iframe><\/p>\n<div style=\"margin: 4px 0px 8px;\">\u00a0<\/div>\n<\/div>\n\n\n<figure class=\"wp-block-image alignwide size-large\"><img decoding=\"async\" width=\"1024\" height=\"133\" src=\"https:\/\/www.iemj.org\/wp-content\/uploads\/2024\/03\/AUDIO-PLAYER-1024x133.png\" alt=\"\" class=\"wp-image-110609\" srcset=\"https:\/\/www.iemj.org\/wp-content\/uploads\/2024\/03\/AUDIO-PLAYER-1024x133.png 1024w, https:\/\/www.iemj.org\/wp-content\/uploads\/2024\/03\/AUDIO-PLAYER-300x39.png 300w, https:\/\/www.iemj.org\/wp-content\/uploads\/2024\/03\/AUDIO-PLAYER-768x100.png 768w, https:\/\/www.iemj.org\/wp-content\/uploads\/2024\/03\/AUDIO-PLAYER-600x78.png 600w, https:\/\/www.iemj.org\/wp-content\/uploads\/2024\/03\/AUDIO-PLAYER.png 1210w\" sizes=\"(max-width: 1024px) 100vw, 1024px\" \/><\/figure>\n\n\n\n<div class=\"wp-block-file\"><a href=\"https:\/\/www.iemj.org\/wp-content\/uploads\/2017\/09\/adir_vena_or_extrait_-_abraham_dahan.mp3\">Adir Vena&#8217;or (EXTRAIT) &#8211; Abraham Dahan<\/a><\/div>\n\n\n\n<div class=\"wp-block-file\"><a href=\"https:\/\/www.iemj.org\/wp-content\/uploads\/2017\/09\/adone_asselih_ote_-_robert_joseph_bahr.mp3\">Adone Asselih&#8217;ote &#8211; Robert Joseph Bahr<\/a><\/div>\n\n\n\n<div class=\"wp-block-file\"><a href=\"https:\/\/www.iemj.org\/wp-content\/uploads\/2017\/09\/b_ain_mailitz_-_choir_of_the_london_school_of_jewish_song.mp3\">B\u2019ain Mailitz &#8211; Choir of the London school of Jewish Song<\/a><\/div>\n\n\n\n<div class=\"wp-block-file\"><a href=\"https:\/\/www.iemj.org\/wp-content\/uploads\/2017\/09\/hamilchama_ha_achronah_-_robert_joseph_bahr.mp3\">Hamilchama Ha&#8217;Achronah &#8211; Robert Joseph Bahr<\/a><\/div>\n\n\n\n<div class=\"wp-block-file\"><a href=\"https:\/\/www.iemj.org\/wp-content\/uploads\/2017\/09\/kol_nidre_-_zoltan_berkovits.mp3\">Kol Nidre &#8211; Zoltan Berkovits<\/a><\/div>\n\n\n\n<div class=\"wp-block-file\"><a href=\"https:\/\/www.iemj.org\/wp-content\/uploads\/2017\/09\/kol_nidrei_-_jo_amar.mp3\">Kol Nidrei &#8211; Jo Amar<\/a><\/div>\n\n\n\n<div class=\"wp-block-file\"><a href=\"https:\/\/www.iemj.org\/wp-content\/uploads\/2017\/09\/mi_el_kamokha_extrait_-_philippe_darmon.mp3\">Mi El Kamokha (EXTRAIT) &#8211; Philippe Darmon<\/a><\/div>\n\n\n\n<div class=\"wp-block-file\"><a href=\"https:\/\/www.iemj.org\/wp-content\/uploads\/2017\/09\/rahmanah_communaute_yemenite_-_traditions_liturgiques_des_communautes_juives.mp3\">Rahmanah (Communaut\u00e9 y\u00e9m\u00e9nite) &#8211; Traditions liturgiques des communaut\u00e9s juives<\/a><\/div>\n\n\n\n<div class=\"wp-block-file\"><a href=\"https:\/\/www.iemj.org\/wp-content\/uploads\/2017\/09\/schema_-_shalom_berlinski-2.mp3\">Schema &#8211; Shalom Berlinski<\/a><\/div>\n\n\n\n<div class=\"wp-block-file\"><a href=\"https:\/\/www.iemj.org\/wp-content\/uploads\/2017\/09\/vehakohanim_-_shalom_berlinski.mp3\">Vehakohanim &#8211; Shalom Berlinski<\/a><\/div>\n","protected":false},"excerpt":{"rendered":"<p>Yom Kippur, comunemente conosciuto come il giorno dell&#8217;espiazione, \u00e8 una delle feste pi\u00f9 solenni dell&#8217;anno ebraico.Questa solennit\u00e0 inizia al calare delle tenebre con la preghiera simbolica del Kol Nidre, durante<\/p>\n","protected":false},"author":1052,"featured_media":59302,"comment_status":"closed","ping_status":"open","sticky":false,"template":"","format":"standard","meta":{"_acf_changed":false,"footnotes":""},"categories":[1536],"tags":[],"technique":[],"squelettes":[],"sujet":[1759],"formation":[],"genre":[],"fonds":[],"tradition":[],"type-de-contenu":[],"interprete-compositeur":[],"frise":[],"type-devenement":[],"tableaux-liens-externes":[],"class_list":["post-59301","post","type-post","status-publish","format-standard","has-post-thumbnail","hentry","category-playlist-it","sujet-yom-kippur-it"],"acf":[],"yoast_head":"<!-- This site is optimized with the Yoast SEO plugin v27.3 - https:\/\/yoast.com\/product\/yoast-seo-wordpress\/ -->\n<title>Yom Kippur 2 - Institut Europ\u00e9en des Musiques Juives<\/title>\n<meta name=\"robots\" content=\"index, follow, max-snippet:-1, max-image-preview:large, max-video-preview:-1\" \/>\n<link rel=\"canonical\" href=\"https:\/\/www.iemj.org\/it\/yom-kippour-2\/\" \/>\n<meta property=\"og:locale\" content=\"it_IT\" \/>\n<meta property=\"og:type\" content=\"article\" \/>\n<meta property=\"og:title\" content=\"Yom Kippur 2 - Institut Europ\u00e9en des Musiques Juives\" \/>\n<meta property=\"og:description\" content=\"Yom Kippur, comunemente conosciuto come il giorno dell&#8217;espiazione, \u00e8 una delle feste pi\u00f9 solenni dell&#8217;anno ebraico.Questa solennit\u00e0 inizia al calare delle tenebre con la preghiera simbolica del Kol Nidre, durante\" \/>\n<meta property=\"og:url\" content=\"https:\/\/www.iemj.org\/it\/yom-kippour-2\/\" \/>\n<meta property=\"og:site_name\" content=\"Institut Europ\u00e9en des Musiques Juives\" \/>\n<meta property=\"article:publisher\" content=\"https:\/\/www.facebook.com\/MusiquesJuives\/\" \/>\n<meta property=\"article:published_time\" content=\"2017-09-27T07:47:23+00:00\" \/>\n<meta property=\"article:modified_time\" content=\"2024-10-09T13:28:21+00:00\" \/>\n<meta property=\"og:image\" content=\"https:\/\/www.iemj.org\/wp-content\/uploads\/2025\/04\/Playlist-Kippour-2-1.jpg\" \/>\n\t<meta property=\"og:image:width\" content=\"350\" \/>\n\t<meta property=\"og:image:height\" content=\"434\" \/>\n\t<meta property=\"og:image:type\" content=\"image\/jpeg\" \/>\n<meta name=\"author\" content=\"Lea Couderc\" \/>\n<meta name=\"twitter:card\" content=\"summary_large_image\" \/>\n<meta name=\"twitter:label1\" content=\"Scritto da\" \/>\n\t<meta name=\"twitter:data1\" content=\"Lea Couderc\" \/>\n\t<meta name=\"twitter:label2\" content=\"Tempo di lettura stimato\" \/>\n\t<meta name=\"twitter:data2\" content=\"3 minuti\" \/>\n<script type=\"application\/ld+json\" class=\"yoast-schema-graph\">{\"@context\":\"https:\\\/\\\/schema.org\",\"@graph\":[{\"@type\":\"Article\",\"@id\":\"https:\\\/\\\/www.iemj.org\\\/it\\\/yom-kippour-2\\\/#article\",\"isPartOf\":{\"@id\":\"https:\\\/\\\/www.iemj.org\\\/it\\\/yom-kippour-2\\\/\"},\"author\":{\"name\":\"Lea Couderc\",\"@id\":\"https:\\\/\\\/www.iemj.org\\\/it\\\/#\\\/schema\\\/person\\\/e2ad57f2c4be119c7ed8ab79036807a9\"},\"headline\":\"Yom Kippur 2\",\"datePublished\":\"2017-09-27T07:47:23+00:00\",\"dateModified\":\"2024-10-09T13:28:21+00:00\",\"mainEntityOfPage\":{\"@id\":\"https:\\\/\\\/www.iemj.org\\\/it\\\/yom-kippour-2\\\/\"},\"wordCount\":319,\"publisher\":{\"@id\":\"https:\\\/\\\/www.iemj.org\\\/it\\\/#organization\"},\"image\":{\"@id\":\"https:\\\/\\\/www.iemj.org\\\/it\\\/yom-kippour-2\\\/#primaryimage\"},\"thumbnailUrl\":\"https:\\\/\\\/www.iemj.org\\\/wp-content\\\/uploads\\\/2025\\\/04\\\/Playlist-Kippour-2-1.jpg\",\"articleSection\":[\"Playlist\"],\"inLanguage\":\"it-IT\"},{\"@type\":\"WebPage\",\"@id\":\"https:\\\/\\\/www.iemj.org\\\/it\\\/yom-kippour-2\\\/\",\"url\":\"https:\\\/\\\/www.iemj.org\\\/it\\\/yom-kippour-2\\\/\",\"name\":\"Yom Kippur 2 - Institut Europ\u00e9en des Musiques Juives\",\"isPartOf\":{\"@id\":\"https:\\\/\\\/www.iemj.org\\\/it\\\/#website\"},\"primaryImageOfPage\":{\"@id\":\"https:\\\/\\\/www.iemj.org\\\/it\\\/yom-kippour-2\\\/#primaryimage\"},\"image\":{\"@id\":\"https:\\\/\\\/www.iemj.org\\\/it\\\/yom-kippour-2\\\/#primaryimage\"},\"thumbnailUrl\":\"https:\\\/\\\/www.iemj.org\\\/wp-content\\\/uploads\\\/2025\\\/04\\\/Playlist-Kippour-2-1.jpg\",\"datePublished\":\"2017-09-27T07:47:23+00:00\",\"dateModified\":\"2024-10-09T13:28:21+00:00\",\"breadcrumb\":{\"@id\":\"https:\\\/\\\/www.iemj.org\\\/it\\\/yom-kippour-2\\\/#breadcrumb\"},\"inLanguage\":\"it-IT\",\"potentialAction\":[{\"@type\":\"ReadAction\",\"target\":[\"https:\\\/\\\/www.iemj.org\\\/it\\\/yom-kippour-2\\\/\"]}]},{\"@type\":\"ImageObject\",\"inLanguage\":\"it-IT\",\"@id\":\"https:\\\/\\\/www.iemj.org\\\/it\\\/yom-kippour-2\\\/#primaryimage\",\"url\":\"https:\\\/\\\/www.iemj.org\\\/wp-content\\\/uploads\\\/2025\\\/04\\\/Playlist-Kippour-2-1.jpg\",\"contentUrl\":\"https:\\\/\\\/www.iemj.org\\\/wp-content\\\/uploads\\\/2025\\\/04\\\/Playlist-Kippour-2-1.jpg\",\"width\":350,\"height\":434},{\"@type\":\"BreadcrumbList\",\"@id\":\"https:\\\/\\\/www.iemj.org\\\/it\\\/yom-kippour-2\\\/#breadcrumb\",\"itemListElement\":[{\"@type\":\"ListItem\",\"position\":1,\"name\":\"Accueil\",\"item\":\"https:\\\/\\\/www.iemj.org\\\/it\\\/\"},{\"@type\":\"ListItem\",\"position\":2,\"name\":\"Yom Kippur 2\"}]},{\"@type\":\"WebSite\",\"@id\":\"https:\\\/\\\/www.iemj.org\\\/it\\\/#website\",\"url\":\"https:\\\/\\\/www.iemj.org\\\/it\\\/\",\"name\":\"Institut Europ\u00e9en des Musiques Juives\",\"description\":\"Des traditions musicales \u00e0 la port\u00e9e de tous\",\"publisher\":{\"@id\":\"https:\\\/\\\/www.iemj.org\\\/it\\\/#organization\"},\"potentialAction\":[{\"@type\":\"SearchAction\",\"target\":{\"@type\":\"EntryPoint\",\"urlTemplate\":\"https:\\\/\\\/www.iemj.org\\\/it\\\/?s={search_term_string}\"},\"query-input\":{\"@type\":\"PropertyValueSpecification\",\"valueRequired\":true,\"valueName\":\"search_term_string\"}}],\"inLanguage\":\"it-IT\"},{\"@type\":\"Organization\",\"@id\":\"https:\\\/\\\/www.iemj.org\\\/it\\\/#organization\",\"name\":\"Institut Europ\u00e9en des Musiques Juives\",\"url\":\"https:\\\/\\\/www.iemj.org\\\/it\\\/\",\"logo\":{\"@type\":\"ImageObject\",\"inLanguage\":\"it-IT\",\"@id\":\"https:\\\/\\\/www.iemj.org\\\/it\\\/#\\\/schema\\\/logo\\\/image\\\/\",\"url\":\"https:\\\/\\\/www.iemj.org\\\/wp-content\\\/uploads\\\/2021\\\/09\\\/Logo-IEMJ-Paypal.jpg\",\"contentUrl\":\"https:\\\/\\\/www.iemj.org\\\/wp-content\\\/uploads\\\/2021\\\/09\\\/Logo-IEMJ-Paypal.jpg\",\"width\":150,\"height\":50,\"caption\":\"Institut Europ\u00e9en des Musiques Juives\"},\"image\":{\"@id\":\"https:\\\/\\\/www.iemj.org\\\/it\\\/#\\\/schema\\\/logo\\\/image\\\/\"},\"sameAs\":[\"https:\\\/\\\/www.facebook.com\\\/MusiquesJuives\\\/\",\"https:\\\/\\\/www.instagram.com\\\/musiquesjuives\\\/\",\"https:\\\/\\\/www.youtube.com\\\/user\\\/musiquesjuives\"]},{\"@type\":\"Person\",\"@id\":\"https:\\\/\\\/www.iemj.org\\\/it\\\/#\\\/schema\\\/person\\\/e2ad57f2c4be119c7ed8ab79036807a9\",\"name\":\"Lea Couderc\",\"image\":{\"@type\":\"ImageObject\",\"inLanguage\":\"it-IT\",\"@id\":\"https:\\\/\\\/secure.gravatar.com\\\/avatar\\\/46ee021475d60aeff17a7e490b79dea5a5684bb392ab7fd1494027411df8ba23?s=96&d=mm&r=g\",\"url\":\"https:\\\/\\\/secure.gravatar.com\\\/avatar\\\/46ee021475d60aeff17a7e490b79dea5a5684bb392ab7fd1494027411df8ba23?s=96&d=mm&r=g\",\"contentUrl\":\"https:\\\/\\\/secure.gravatar.com\\\/avatar\\\/46ee021475d60aeff17a7e490b79dea5a5684bb392ab7fd1494027411df8ba23?s=96&d=mm&r=g\",\"caption\":\"Lea Couderc\"}}]}<\/script>\n<!-- \/ Yoast SEO plugin. -->","yoast_head_json":{"title":"Yom Kippur 2 - Institut Europ\u00e9en des Musiques Juives","robots":{"index":"index","follow":"follow","max-snippet":"max-snippet:-1","max-image-preview":"max-image-preview:large","max-video-preview":"max-video-preview:-1"},"canonical":"https:\/\/www.iemj.org\/it\/yom-kippour-2\/","og_locale":"it_IT","og_type":"article","og_title":"Yom Kippur 2 - Institut Europ\u00e9en des Musiques Juives","og_description":"Yom Kippur, comunemente conosciuto come il giorno dell&#8217;espiazione, \u00e8 una delle feste pi\u00f9 solenni dell&#8217;anno ebraico.Questa solennit\u00e0 inizia al calare delle tenebre con la preghiera simbolica del Kol Nidre, durante","og_url":"https:\/\/www.iemj.org\/it\/yom-kippour-2\/","og_site_name":"Institut Europ\u00e9en des Musiques Juives","article_publisher":"https:\/\/www.facebook.com\/MusiquesJuives\/","article_published_time":"2017-09-27T07:47:23+00:00","article_modified_time":"2024-10-09T13:28:21+00:00","og_image":[{"width":350,"height":434,"url":"https:\/\/www.iemj.org\/wp-content\/uploads\/2025\/04\/Playlist-Kippour-2-1.jpg","type":"image\/jpeg"}],"author":"Lea Couderc","twitter_card":"summary_large_image","twitter_misc":{"Scritto da":"Lea Couderc","Tempo di lettura stimato":"3 minuti"},"schema":{"@context":"https:\/\/schema.org","@graph":[{"@type":"Article","@id":"https:\/\/www.iemj.org\/it\/yom-kippour-2\/#article","isPartOf":{"@id":"https:\/\/www.iemj.org\/it\/yom-kippour-2\/"},"author":{"name":"Lea Couderc","@id":"https:\/\/www.iemj.org\/it\/#\/schema\/person\/e2ad57f2c4be119c7ed8ab79036807a9"},"headline":"Yom Kippur 2","datePublished":"2017-09-27T07:47:23+00:00","dateModified":"2024-10-09T13:28:21+00:00","mainEntityOfPage":{"@id":"https:\/\/www.iemj.org\/it\/yom-kippour-2\/"},"wordCount":319,"publisher":{"@id":"https:\/\/www.iemj.org\/it\/#organization"},"image":{"@id":"https:\/\/www.iemj.org\/it\/yom-kippour-2\/#primaryimage"},"thumbnailUrl":"https:\/\/www.iemj.org\/wp-content\/uploads\/2025\/04\/Playlist-Kippour-2-1.jpg","articleSection":["Playlist"],"inLanguage":"it-IT"},{"@type":"WebPage","@id":"https:\/\/www.iemj.org\/it\/yom-kippour-2\/","url":"https:\/\/www.iemj.org\/it\/yom-kippour-2\/","name":"Yom Kippur 2 - Institut Europ\u00e9en des Musiques Juives","isPartOf":{"@id":"https:\/\/www.iemj.org\/it\/#website"},"primaryImageOfPage":{"@id":"https:\/\/www.iemj.org\/it\/yom-kippour-2\/#primaryimage"},"image":{"@id":"https:\/\/www.iemj.org\/it\/yom-kippour-2\/#primaryimage"},"thumbnailUrl":"https:\/\/www.iemj.org\/wp-content\/uploads\/2025\/04\/Playlist-Kippour-2-1.jpg","datePublished":"2017-09-27T07:47:23+00:00","dateModified":"2024-10-09T13:28:21+00:00","breadcrumb":{"@id":"https:\/\/www.iemj.org\/it\/yom-kippour-2\/#breadcrumb"},"inLanguage":"it-IT","potentialAction":[{"@type":"ReadAction","target":["https:\/\/www.iemj.org\/it\/yom-kippour-2\/"]}]},{"@type":"ImageObject","inLanguage":"it-IT","@id":"https:\/\/www.iemj.org\/it\/yom-kippour-2\/#primaryimage","url":"https:\/\/www.iemj.org\/wp-content\/uploads\/2025\/04\/Playlist-Kippour-2-1.jpg","contentUrl":"https:\/\/www.iemj.org\/wp-content\/uploads\/2025\/04\/Playlist-Kippour-2-1.jpg","width":350,"height":434},{"@type":"BreadcrumbList","@id":"https:\/\/www.iemj.org\/it\/yom-kippour-2\/#breadcrumb","itemListElement":[{"@type":"ListItem","position":1,"name":"Accueil","item":"https:\/\/www.iemj.org\/it\/"},{"@type":"ListItem","position":2,"name":"Yom Kippur 2"}]},{"@type":"WebSite","@id":"https:\/\/www.iemj.org\/it\/#website","url":"https:\/\/www.iemj.org\/it\/","name":"Institut Europ\u00e9en des Musiques Juives","description":"Des traditions musicales \u00e0 la port\u00e9e de tous","publisher":{"@id":"https:\/\/www.iemj.org\/it\/#organization"},"potentialAction":[{"@type":"SearchAction","target":{"@type":"EntryPoint","urlTemplate":"https:\/\/www.iemj.org\/it\/?s={search_term_string}"},"query-input":{"@type":"PropertyValueSpecification","valueRequired":true,"valueName":"search_term_string"}}],"inLanguage":"it-IT"},{"@type":"Organization","@id":"https:\/\/www.iemj.org\/it\/#organization","name":"Institut Europ\u00e9en des Musiques Juives","url":"https:\/\/www.iemj.org\/it\/","logo":{"@type":"ImageObject","inLanguage":"it-IT","@id":"https:\/\/www.iemj.org\/it\/#\/schema\/logo\/image\/","url":"https:\/\/www.iemj.org\/wp-content\/uploads\/2021\/09\/Logo-IEMJ-Paypal.jpg","contentUrl":"https:\/\/www.iemj.org\/wp-content\/uploads\/2021\/09\/Logo-IEMJ-Paypal.jpg","width":150,"height":50,"caption":"Institut Europ\u00e9en des Musiques Juives"},"image":{"@id":"https:\/\/www.iemj.org\/it\/#\/schema\/logo\/image\/"},"sameAs":["https:\/\/www.facebook.com\/MusiquesJuives\/","https:\/\/www.instagram.com\/musiquesjuives\/","https:\/\/www.youtube.com\/user\/musiquesjuives"]},{"@type":"Person","@id":"https:\/\/www.iemj.org\/it\/#\/schema\/person\/e2ad57f2c4be119c7ed8ab79036807a9","name":"Lea Couderc","image":{"@type":"ImageObject","inLanguage":"it-IT","@id":"https:\/\/secure.gravatar.com\/avatar\/46ee021475d60aeff17a7e490b79dea5a5684bb392ab7fd1494027411df8ba23?s=96&d=mm&r=g","url":"https:\/\/secure.gravatar.com\/avatar\/46ee021475d60aeff17a7e490b79dea5a5684bb392ab7fd1494027411df8ba23?s=96&d=mm&r=g","contentUrl":"https:\/\/secure.gravatar.com\/avatar\/46ee021475d60aeff17a7e490b79dea5a5684bb392ab7fd1494027411df8ba23?s=96&d=mm&r=g","caption":"Lea Couderc"}}]}},"_links":{"self":[{"href":"https:\/\/www.iemj.org\/it\/wp-json\/wp\/v2\/posts\/59301","targetHints":{"allow":["GET"]}}],"collection":[{"href":"https:\/\/www.iemj.org\/it\/wp-json\/wp\/v2\/posts"}],"about":[{"href":"https:\/\/www.iemj.org\/it\/wp-json\/wp\/v2\/types\/post"}],"author":[{"embeddable":true,"href":"https:\/\/www.iemj.org\/it\/wp-json\/wp\/v2\/users\/1052"}],"replies":[{"embeddable":true,"href":"https:\/\/www.iemj.org\/it\/wp-json\/wp\/v2\/comments?post=59301"}],"version-history":[{"count":0,"href":"https:\/\/www.iemj.org\/it\/wp-json\/wp\/v2\/posts\/59301\/revisions"}],"wp:featuredmedia":[{"embeddable":true,"href":"https:\/\/www.iemj.org\/it\/wp-json\/wp\/v2\/media\/59302"}],"wp:attachment":[{"href":"https:\/\/www.iemj.org\/it\/wp-json\/wp\/v2\/media?parent=59301"}],"wp:term":[{"taxonomy":"category","embeddable":true,"href":"https:\/\/www.iemj.org\/it\/wp-json\/wp\/v2\/categories?post=59301"},{"taxonomy":"post_tag","embeddable":true,"href":"https:\/\/www.iemj.org\/it\/wp-json\/wp\/v2\/tags?post=59301"},{"taxonomy":"technique","embeddable":true,"href":"https:\/\/www.iemj.org\/it\/wp-json\/wp\/v2\/technique?post=59301"},{"taxonomy":"squelettes","embeddable":true,"href":"https:\/\/www.iemj.org\/it\/wp-json\/wp\/v2\/squelettes?post=59301"},{"taxonomy":"sujet","embeddable":true,"href":"https:\/\/www.iemj.org\/it\/wp-json\/wp\/v2\/sujet?post=59301"},{"taxonomy":"formation","embeddable":true,"href":"https:\/\/www.iemj.org\/it\/wp-json\/wp\/v2\/formation?post=59301"},{"taxonomy":"genre","embeddable":true,"href":"https:\/\/www.iemj.org\/it\/wp-json\/wp\/v2\/genre?post=59301"},{"taxonomy":"fonds","embeddable":true,"href":"https:\/\/www.iemj.org\/it\/wp-json\/wp\/v2\/fonds?post=59301"},{"taxonomy":"tradition","embeddable":true,"href":"https:\/\/www.iemj.org\/it\/wp-json\/wp\/v2\/tradition?post=59301"},{"taxonomy":"type-de-contenu","embeddable":true,"href":"https:\/\/www.iemj.org\/it\/wp-json\/wp\/v2\/type-de-contenu?post=59301"},{"taxonomy":"interprete-compositeur","embeddable":true,"href":"https:\/\/www.iemj.org\/it\/wp-json\/wp\/v2\/interprete-compositeur?post=59301"},{"taxonomy":"frise","embeddable":true,"href":"https:\/\/www.iemj.org\/it\/wp-json\/wp\/v2\/frise?post=59301"},{"taxonomy":"type-devenement","embeddable":true,"href":"https:\/\/www.iemj.org\/it\/wp-json\/wp\/v2\/type-devenement?post=59301"},{"taxonomy":"tableaux-liens-externes","embeddable":true,"href":"https:\/\/www.iemj.org\/it\/wp-json\/wp\/v2\/tableaux-liens-externes?post=59301"}],"curies":[{"name":"wp","href":"https:\/\/api.w.org\/{rel}","templated":true}]}}