{"id":61274,"date":"2015-10-15T12:35:38","date_gmt":"2015-10-15T10:35:38","guid":{"rendered":"https:\/\/www.iemj.org\/kaufmann-serge-1930\/"},"modified":"2026-02-10T11:10:04","modified_gmt":"2026-02-10T10:10:04","slug":"kaufmann-serge-1930","status":"publish","type":"post","link":"https:\/\/www.iemj.org\/it\/kaufmann-serge-1930\/","title":{"rendered":"Kaufmann, Serge (1930)"},"content":{"rendered":"<p>Compositore, ma anche uomo di radio e televisione, giornalista, produttore e regista, Serge Kaufmann ha scritto un gran numero di spartiti per concerti, radio, televisione, cinema e teatro. Le sue opere si distinguono per la loro grande e personale libert\u00e0 di linguaggio e per il loro costante lirismo interiore.<\/p>\n<p>Nato nel 1930, Serge Kaufmann ha fatto i suoi studi classici al Calvin College di Ginevra e gli studi musicali alla Schola Cantorum di Parigi, sotto la direzione principale di Daniel Lesur. Negli anni del dopoguerra, la visione di una foto &#8211; Il ragazzino del ghetto di Varsavia &#8211; sposta le sue certezze verso una problematica interna la cui voce diventa sempre pi\u00f9 impetuosa: &#8220;Cosa mi sarebbe successo se, invece di essere nato in Svizzera, fossi nato dall&#8217;altra parte del confine? Non avrei condiviso anch&#8217;io il destino di quelle migliaia di bambini che non hanno avuto la possibilit\u00e0 di crescere semplicemente perch\u00e9 nati da genitori o nonni ebrei ! &#8220;.<\/p>\n<p>Spinto da questa rivelazione, Serge Kaufmann arricchisce il campo della musica ebraica da quasi 25 anni componendo opere dai nomi evocatori: Yiddish Suite, Piccola klezmer suite, Le Maharam de Rothenbourg, Neshama, Kol nidr\u00e9, Yesod &#8230; E le sue composizioni, sebbene non siano mai costruite su melodie puramente tradizionali, suonano decisamente ebraiche!<\/p>\n<p>I lavori orchestrali, vocali e da camera di Serge Kaufmann sono stati oggetto di numerose registrazioni. Serge Kaufmann \u00e8 Chevalier des Arts et Lettres.<\/p>\n<ul>\n<li><a style=\"font-size: revert;\" href=\"http:\/\/www.serge-kaufmann.com\/\" target=\"_blank\" rel=\"noopener\">Consultare il sito web di Serge Kaufmann.<\/a><\/li>\n<li><a href=\"https:\/\/www.iemj.org\/it\/?search_type=product&amp;s=Serge+Kaufmann&amp;submit=Cerca\" target=\"_blank\" rel=\"noopener\">Ordina le opere di Serge Kaufmann sul negozio online IEMJ<\/a><\/li>\n<li><a href=\"http:\/\/www.rachelnet.net\/F\/?func=find-c&amp;ccl_term=WRD+%3D+Serge+AND+WRD+%3D+Kaufmann&amp;local_base=iemcg\" target=\"_blank\" rel=\"noopener\">Consultare i nostri archivi su Serge Kaufmann<\/a><\/li>\n<li><a href=\"https:\/\/medias-iemj.cfmj.fr\/livre\/extrait\/L_S011\/L_1129_EX.pdf\" target=\"_blank\" rel=\"noopener\">Leggere le poesie di Serge Kaufmann<\/a><\/li>\n<\/ul>\n\n\n<p><\/p>\n","protected":false},"excerpt":{"rendered":"<p>Compositore, ma anche uomo di radio e televisione, giornalista, produttore e regista, Serge Kaufmann ha scritto un gran numero di spartiti per concerti, radio, televisione, cinema e teatro. Le sue<\/p>\n","protected":false},"author":1045,"featured_media":51989,"comment_status":"closed","ping_status":"closed","sticky":false,"template":"","format":"standard","meta":{"_acf_changed":false,"footnotes":""},"categories":[1416],"tags":[],"technique":[],"squelettes":[],"sujet":[],"formation":[],"genre":[],"fonds":[],"tradition":[],"type-de-contenu":[],"interprete-compositeur":[3290],"frise":[],"type-devenement":[],"tableaux-liens-externes":[],"class_list":["post-61274","post","type-post","status-publish","format-standard","has-post-thumbnail","hentry","category-biografie-it","interprete-compositeur-serge-kaufmann-it"],"acf":[],"yoast_head":"<!-- This site is optimized with the Yoast SEO plugin v27.3 - https:\/\/yoast.com\/product\/yoast-seo-wordpress\/ -->\n<title>Kaufmann, Serge (1930) - Institut Europ\u00e9en des Musiques Juives<\/title>\n<meta name=\"robots\" content=\"index, follow, max-snippet:-1, max-image-preview:large, max-video-preview:-1\" \/>\n<link rel=\"canonical\" href=\"https:\/\/www.iemj.org\/it\/kaufmann-serge-1930\/\" \/>\n<meta property=\"og:locale\" content=\"it_IT\" \/>\n<meta property=\"og:type\" content=\"article\" \/>\n<meta property=\"og:title\" content=\"Kaufmann, Serge (1930) - Institut Europ\u00e9en des Musiques Juives\" \/>\n<meta property=\"og:description\" content=\"Compositore, ma anche uomo di radio e televisione, giornalista, produttore e regista, Serge Kaufmann ha scritto un gran numero di spartiti per concerti, radio, televisione, cinema e teatro. Le sue\" \/>\n<meta property=\"og:url\" content=\"https:\/\/www.iemj.org\/it\/kaufmann-serge-1930\/\" \/>\n<meta property=\"og:site_name\" content=\"Institut Europ\u00e9en des Musiques Juives\" \/>\n<meta property=\"article:publisher\" content=\"https:\/\/www.facebook.com\/MusiquesJuives\/\" \/>\n<meta property=\"article:published_time\" content=\"2015-10-15T10:35:38+00:00\" \/>\n<meta property=\"article:modified_time\" content=\"2026-02-10T10:10:04+00:00\" \/>\n<meta property=\"og:image\" content=\"https:\/\/www.iemj.org\/wp-content\/uploads\/2015\/10\/arton1164-e1625046828103.jpg\" \/>\n\t<meta property=\"og:image:width\" content=\"185\" \/>\n\t<meta property=\"og:image:height\" content=\"218\" \/>\n\t<meta property=\"og:image:type\" content=\"image\/jpeg\" \/>\n<meta name=\"author\" content=\"Herv\u00e9 Roten\" \/>\n<meta name=\"twitter:card\" content=\"summary_large_image\" \/>\n<meta name=\"twitter:label1\" content=\"Scritto da\" \/>\n\t<meta name=\"twitter:data1\" content=\"Herv\u00e9 Roten\" \/>\n\t<meta name=\"twitter:label2\" content=\"Tempo di lettura stimato\" \/>\n\t<meta name=\"twitter:data2\" content=\"2 minuti\" \/>\n<script type=\"application\/ld+json\" class=\"yoast-schema-graph\">{\"@context\":\"https:\\\/\\\/schema.org\",\"@graph\":[{\"@type\":\"Article\",\"@id\":\"https:\\\/\\\/www.iemj.org\\\/it\\\/kaufmann-serge-1930\\\/#article\",\"isPartOf\":{\"@id\":\"https:\\\/\\\/www.iemj.org\\\/it\\\/kaufmann-serge-1930\\\/\"},\"author\":{\"name\":\"Herv\u00e9 Roten\",\"@id\":\"https:\\\/\\\/www.iemj.org\\\/it\\\/#\\\/schema\\\/person\\\/906134402c29d5c76e7b726261dd4bbd\"},\"headline\":\"Kaufmann, Serge (1930)\",\"datePublished\":\"2015-10-15T10:35:38+00:00\",\"dateModified\":\"2026-02-10T10:10:04+00:00\",\"mainEntityOfPage\":{\"@id\":\"https:\\\/\\\/www.iemj.org\\\/it\\\/kaufmann-serge-1930\\\/\"},\"wordCount\":262,\"publisher\":{\"@id\":\"https:\\\/\\\/www.iemj.org\\\/it\\\/#organization\"},\"image\":{\"@id\":\"https:\\\/\\\/www.iemj.org\\\/it\\\/kaufmann-serge-1930\\\/#primaryimage\"},\"thumbnailUrl\":\"https:\\\/\\\/www.iemj.org\\\/wp-content\\\/uploads\\\/2015\\\/10\\\/arton1164-e1625046828103.jpg\",\"articleSection\":[\"Biografie\"],\"inLanguage\":\"it-IT\"},{\"@type\":\"WebPage\",\"@id\":\"https:\\\/\\\/www.iemj.org\\\/it\\\/kaufmann-serge-1930\\\/\",\"url\":\"https:\\\/\\\/www.iemj.org\\\/it\\\/kaufmann-serge-1930\\\/\",\"name\":\"Kaufmann, Serge (1930) - Institut Europ\u00e9en des Musiques Juives\",\"isPartOf\":{\"@id\":\"https:\\\/\\\/www.iemj.org\\\/it\\\/#website\"},\"primaryImageOfPage\":{\"@id\":\"https:\\\/\\\/www.iemj.org\\\/it\\\/kaufmann-serge-1930\\\/#primaryimage\"},\"image\":{\"@id\":\"https:\\\/\\\/www.iemj.org\\\/it\\\/kaufmann-serge-1930\\\/#primaryimage\"},\"thumbnailUrl\":\"https:\\\/\\\/www.iemj.org\\\/wp-content\\\/uploads\\\/2015\\\/10\\\/arton1164-e1625046828103.jpg\",\"datePublished\":\"2015-10-15T10:35:38+00:00\",\"dateModified\":\"2026-02-10T10:10:04+00:00\",\"breadcrumb\":{\"@id\":\"https:\\\/\\\/www.iemj.org\\\/it\\\/kaufmann-serge-1930\\\/#breadcrumb\"},\"inLanguage\":\"it-IT\",\"potentialAction\":[{\"@type\":\"ReadAction\",\"target\":[\"https:\\\/\\\/www.iemj.org\\\/it\\\/kaufmann-serge-1930\\\/\"]}]},{\"@type\":\"ImageObject\",\"inLanguage\":\"it-IT\",\"@id\":\"https:\\\/\\\/www.iemj.org\\\/it\\\/kaufmann-serge-1930\\\/#primaryimage\",\"url\":\"https:\\\/\\\/www.iemj.org\\\/wp-content\\\/uploads\\\/2015\\\/10\\\/arton1164-e1625046828103.jpg\",\"contentUrl\":\"https:\\\/\\\/www.iemj.org\\\/wp-content\\\/uploads\\\/2015\\\/10\\\/arton1164-e1625046828103.jpg\",\"width\":185,\"height\":218},{\"@type\":\"BreadcrumbList\",\"@id\":\"https:\\\/\\\/www.iemj.org\\\/it\\\/kaufmann-serge-1930\\\/#breadcrumb\",\"itemListElement\":[{\"@type\":\"ListItem\",\"position\":1,\"name\":\"Accueil\",\"item\":\"https:\\\/\\\/www.iemj.org\\\/it\\\/\"},{\"@type\":\"ListItem\",\"position\":2,\"name\":\"Kaufmann, Serge (1930)\"}]},{\"@type\":\"WebSite\",\"@id\":\"https:\\\/\\\/www.iemj.org\\\/it\\\/#website\",\"url\":\"https:\\\/\\\/www.iemj.org\\\/it\\\/\",\"name\":\"Institut Europ\u00e9en des Musiques Juives\",\"description\":\"Des traditions musicales \u00e0 la port\u00e9e de tous\",\"publisher\":{\"@id\":\"https:\\\/\\\/www.iemj.org\\\/it\\\/#organization\"},\"potentialAction\":[{\"@type\":\"SearchAction\",\"target\":{\"@type\":\"EntryPoint\",\"urlTemplate\":\"https:\\\/\\\/www.iemj.org\\\/it\\\/?s={search_term_string}\"},\"query-input\":{\"@type\":\"PropertyValueSpecification\",\"valueRequired\":true,\"valueName\":\"search_term_string\"}}],\"inLanguage\":\"it-IT\"},{\"@type\":\"Organization\",\"@id\":\"https:\\\/\\\/www.iemj.org\\\/it\\\/#organization\",\"name\":\"Institut Europ\u00e9en des Musiques Juives\",\"url\":\"https:\\\/\\\/www.iemj.org\\\/it\\\/\",\"logo\":{\"@type\":\"ImageObject\",\"inLanguage\":\"it-IT\",\"@id\":\"https:\\\/\\\/www.iemj.org\\\/it\\\/#\\\/schema\\\/logo\\\/image\\\/\",\"url\":\"https:\\\/\\\/www.iemj.org\\\/wp-content\\\/uploads\\\/2021\\\/09\\\/Logo-IEMJ-Paypal.jpg\",\"contentUrl\":\"https:\\\/\\\/www.iemj.org\\\/wp-content\\\/uploads\\\/2021\\\/09\\\/Logo-IEMJ-Paypal.jpg\",\"width\":150,\"height\":50,\"caption\":\"Institut Europ\u00e9en des Musiques Juives\"},\"image\":{\"@id\":\"https:\\\/\\\/www.iemj.org\\\/it\\\/#\\\/schema\\\/logo\\\/image\\\/\"},\"sameAs\":[\"https:\\\/\\\/www.facebook.com\\\/MusiquesJuives\\\/\",\"https:\\\/\\\/www.instagram.com\\\/musiquesjuives\\\/\",\"https:\\\/\\\/www.youtube.com\\\/user\\\/musiquesjuives\"]},{\"@type\":\"Person\",\"@id\":\"https:\\\/\\\/www.iemj.org\\\/it\\\/#\\\/schema\\\/person\\\/906134402c29d5c76e7b726261dd4bbd\",\"name\":\"Herv\u00e9 Roten\",\"image\":{\"@type\":\"ImageObject\",\"inLanguage\":\"it-IT\",\"@id\":\"https:\\\/\\\/secure.gravatar.com\\\/avatar\\\/f96ad2db538a26481f18384936b5cd0610c92d390c4dc382209216d455f685ff?s=96&d=mm&r=g\",\"url\":\"https:\\\/\\\/secure.gravatar.com\\\/avatar\\\/f96ad2db538a26481f18384936b5cd0610c92d390c4dc382209216d455f685ff?s=96&d=mm&r=g\",\"contentUrl\":\"https:\\\/\\\/secure.gravatar.com\\\/avatar\\\/f96ad2db538a26481f18384936b5cd0610c92d390c4dc382209216d455f685ff?s=96&d=mm&r=g\",\"caption\":\"Herv\u00e9 Roten\"}}]}<\/script>\n<!-- \/ Yoast SEO plugin. -->","yoast_head_json":{"title":"Kaufmann, Serge (1930) - Institut Europ\u00e9en des Musiques Juives","robots":{"index":"index","follow":"follow","max-snippet":"max-snippet:-1","max-image-preview":"max-image-preview:large","max-video-preview":"max-video-preview:-1"},"canonical":"https:\/\/www.iemj.org\/it\/kaufmann-serge-1930\/","og_locale":"it_IT","og_type":"article","og_title":"Kaufmann, Serge (1930) - Institut Europ\u00e9en des Musiques Juives","og_description":"Compositore, ma anche uomo di radio e televisione, giornalista, produttore e regista, Serge Kaufmann ha scritto un gran numero di spartiti per concerti, radio, televisione, cinema e teatro. Le sue","og_url":"https:\/\/www.iemj.org\/it\/kaufmann-serge-1930\/","og_site_name":"Institut Europ\u00e9en des Musiques Juives","article_publisher":"https:\/\/www.facebook.com\/MusiquesJuives\/","article_published_time":"2015-10-15T10:35:38+00:00","article_modified_time":"2026-02-10T10:10:04+00:00","og_image":[{"width":185,"height":218,"url":"https:\/\/www.iemj.org\/wp-content\/uploads\/2015\/10\/arton1164-e1625046828103.jpg","type":"image\/jpeg"}],"author":"Herv\u00e9 Roten","twitter_card":"summary_large_image","twitter_misc":{"Scritto da":"Herv\u00e9 Roten","Tempo di lettura stimato":"2 minuti"},"schema":{"@context":"https:\/\/schema.org","@graph":[{"@type":"Article","@id":"https:\/\/www.iemj.org\/it\/kaufmann-serge-1930\/#article","isPartOf":{"@id":"https:\/\/www.iemj.org\/it\/kaufmann-serge-1930\/"},"author":{"name":"Herv\u00e9 Roten","@id":"https:\/\/www.iemj.org\/it\/#\/schema\/person\/906134402c29d5c76e7b726261dd4bbd"},"headline":"Kaufmann, Serge (1930)","datePublished":"2015-10-15T10:35:38+00:00","dateModified":"2026-02-10T10:10:04+00:00","mainEntityOfPage":{"@id":"https:\/\/www.iemj.org\/it\/kaufmann-serge-1930\/"},"wordCount":262,"publisher":{"@id":"https:\/\/www.iemj.org\/it\/#organization"},"image":{"@id":"https:\/\/www.iemj.org\/it\/kaufmann-serge-1930\/#primaryimage"},"thumbnailUrl":"https:\/\/www.iemj.org\/wp-content\/uploads\/2015\/10\/arton1164-e1625046828103.jpg","articleSection":["Biografie"],"inLanguage":"it-IT"},{"@type":"WebPage","@id":"https:\/\/www.iemj.org\/it\/kaufmann-serge-1930\/","url":"https:\/\/www.iemj.org\/it\/kaufmann-serge-1930\/","name":"Kaufmann, Serge (1930) - Institut Europ\u00e9en des Musiques Juives","isPartOf":{"@id":"https:\/\/www.iemj.org\/it\/#website"},"primaryImageOfPage":{"@id":"https:\/\/www.iemj.org\/it\/kaufmann-serge-1930\/#primaryimage"},"image":{"@id":"https:\/\/www.iemj.org\/it\/kaufmann-serge-1930\/#primaryimage"},"thumbnailUrl":"https:\/\/www.iemj.org\/wp-content\/uploads\/2015\/10\/arton1164-e1625046828103.jpg","datePublished":"2015-10-15T10:35:38+00:00","dateModified":"2026-02-10T10:10:04+00:00","breadcrumb":{"@id":"https:\/\/www.iemj.org\/it\/kaufmann-serge-1930\/#breadcrumb"},"inLanguage":"it-IT","potentialAction":[{"@type":"ReadAction","target":["https:\/\/www.iemj.org\/it\/kaufmann-serge-1930\/"]}]},{"@type":"ImageObject","inLanguage":"it-IT","@id":"https:\/\/www.iemj.org\/it\/kaufmann-serge-1930\/#primaryimage","url":"https:\/\/www.iemj.org\/wp-content\/uploads\/2015\/10\/arton1164-e1625046828103.jpg","contentUrl":"https:\/\/www.iemj.org\/wp-content\/uploads\/2015\/10\/arton1164-e1625046828103.jpg","width":185,"height":218},{"@type":"BreadcrumbList","@id":"https:\/\/www.iemj.org\/it\/kaufmann-serge-1930\/#breadcrumb","itemListElement":[{"@type":"ListItem","position":1,"name":"Accueil","item":"https:\/\/www.iemj.org\/it\/"},{"@type":"ListItem","position":2,"name":"Kaufmann, Serge (1930)"}]},{"@type":"WebSite","@id":"https:\/\/www.iemj.org\/it\/#website","url":"https:\/\/www.iemj.org\/it\/","name":"Institut Europ\u00e9en des Musiques Juives","description":"Des traditions musicales \u00e0 la port\u00e9e de tous","publisher":{"@id":"https:\/\/www.iemj.org\/it\/#organization"},"potentialAction":[{"@type":"SearchAction","target":{"@type":"EntryPoint","urlTemplate":"https:\/\/www.iemj.org\/it\/?s={search_term_string}"},"query-input":{"@type":"PropertyValueSpecification","valueRequired":true,"valueName":"search_term_string"}}],"inLanguage":"it-IT"},{"@type":"Organization","@id":"https:\/\/www.iemj.org\/it\/#organization","name":"Institut Europ\u00e9en des Musiques Juives","url":"https:\/\/www.iemj.org\/it\/","logo":{"@type":"ImageObject","inLanguage":"it-IT","@id":"https:\/\/www.iemj.org\/it\/#\/schema\/logo\/image\/","url":"https:\/\/www.iemj.org\/wp-content\/uploads\/2021\/09\/Logo-IEMJ-Paypal.jpg","contentUrl":"https:\/\/www.iemj.org\/wp-content\/uploads\/2021\/09\/Logo-IEMJ-Paypal.jpg","width":150,"height":50,"caption":"Institut Europ\u00e9en des Musiques Juives"},"image":{"@id":"https:\/\/www.iemj.org\/it\/#\/schema\/logo\/image\/"},"sameAs":["https:\/\/www.facebook.com\/MusiquesJuives\/","https:\/\/www.instagram.com\/musiquesjuives\/","https:\/\/www.youtube.com\/user\/musiquesjuives"]},{"@type":"Person","@id":"https:\/\/www.iemj.org\/it\/#\/schema\/person\/906134402c29d5c76e7b726261dd4bbd","name":"Herv\u00e9 Roten","image":{"@type":"ImageObject","inLanguage":"it-IT","@id":"https:\/\/secure.gravatar.com\/avatar\/f96ad2db538a26481f18384936b5cd0610c92d390c4dc382209216d455f685ff?s=96&d=mm&r=g","url":"https:\/\/secure.gravatar.com\/avatar\/f96ad2db538a26481f18384936b5cd0610c92d390c4dc382209216d455f685ff?s=96&d=mm&r=g","contentUrl":"https:\/\/secure.gravatar.com\/avatar\/f96ad2db538a26481f18384936b5cd0610c92d390c4dc382209216d455f685ff?s=96&d=mm&r=g","caption":"Herv\u00e9 Roten"}}]}},"_links":{"self":[{"href":"https:\/\/www.iemj.org\/it\/wp-json\/wp\/v2\/posts\/61274","targetHints":{"allow":["GET"]}}],"collection":[{"href":"https:\/\/www.iemj.org\/it\/wp-json\/wp\/v2\/posts"}],"about":[{"href":"https:\/\/www.iemj.org\/it\/wp-json\/wp\/v2\/types\/post"}],"author":[{"embeddable":true,"href":"https:\/\/www.iemj.org\/it\/wp-json\/wp\/v2\/users\/1045"}],"replies":[{"embeddable":true,"href":"https:\/\/www.iemj.org\/it\/wp-json\/wp\/v2\/comments?post=61274"}],"version-history":[{"count":1,"href":"https:\/\/www.iemj.org\/it\/wp-json\/wp\/v2\/posts\/61274\/revisions"}],"predecessor-version":[{"id":130084,"href":"https:\/\/www.iemj.org\/it\/wp-json\/wp\/v2\/posts\/61274\/revisions\/130084"}],"wp:featuredmedia":[{"embeddable":true,"href":"https:\/\/www.iemj.org\/it\/wp-json\/wp\/v2\/media\/51989"}],"wp:attachment":[{"href":"https:\/\/www.iemj.org\/it\/wp-json\/wp\/v2\/media?parent=61274"}],"wp:term":[{"taxonomy":"category","embeddable":true,"href":"https:\/\/www.iemj.org\/it\/wp-json\/wp\/v2\/categories?post=61274"},{"taxonomy":"post_tag","embeddable":true,"href":"https:\/\/www.iemj.org\/it\/wp-json\/wp\/v2\/tags?post=61274"},{"taxonomy":"technique","embeddable":true,"href":"https:\/\/www.iemj.org\/it\/wp-json\/wp\/v2\/technique?post=61274"},{"taxonomy":"squelettes","embeddable":true,"href":"https:\/\/www.iemj.org\/it\/wp-json\/wp\/v2\/squelettes?post=61274"},{"taxonomy":"sujet","embeddable":true,"href":"https:\/\/www.iemj.org\/it\/wp-json\/wp\/v2\/sujet?post=61274"},{"taxonomy":"formation","embeddable":true,"href":"https:\/\/www.iemj.org\/it\/wp-json\/wp\/v2\/formation?post=61274"},{"taxonomy":"genre","embeddable":true,"href":"https:\/\/www.iemj.org\/it\/wp-json\/wp\/v2\/genre?post=61274"},{"taxonomy":"fonds","embeddable":true,"href":"https:\/\/www.iemj.org\/it\/wp-json\/wp\/v2\/fonds?post=61274"},{"taxonomy":"tradition","embeddable":true,"href":"https:\/\/www.iemj.org\/it\/wp-json\/wp\/v2\/tradition?post=61274"},{"taxonomy":"type-de-contenu","embeddable":true,"href":"https:\/\/www.iemj.org\/it\/wp-json\/wp\/v2\/type-de-contenu?post=61274"},{"taxonomy":"interprete-compositeur","embeddable":true,"href":"https:\/\/www.iemj.org\/it\/wp-json\/wp\/v2\/interprete-compositeur?post=61274"},{"taxonomy":"frise","embeddable":true,"href":"https:\/\/www.iemj.org\/it\/wp-json\/wp\/v2\/frise?post=61274"},{"taxonomy":"type-devenement","embeddable":true,"href":"https:\/\/www.iemj.org\/it\/wp-json\/wp\/v2\/type-devenement?post=61274"},{"taxonomy":"tableaux-liens-externes","embeddable":true,"href":"https:\/\/www.iemj.org\/it\/wp-json\/wp\/v2\/tableaux-liens-externes?post=61274"}],"curies":[{"name":"wp","href":"https:\/\/api.w.org\/{rel}","templated":true}]}}