{"id":61544,"date":"2018-02-21T17:39:59","date_gmt":"2018-02-21T16:39:59","guid":{"rendered":"https:\/\/www.iemj.org\/lidarti-cristiano-giuseppe-1730-apres-1793\/"},"modified":"2021-09-08T15:00:21","modified_gmt":"2021-09-08T13:00:21","slug":"lidarti-cristiano-giuseppe-1730-apres-1793","status":"publish","type":"post","link":"https:\/\/www.iemj.org\/it\/lidarti-cristiano-giuseppe-1730-apres-1793\/","title":{"rendered":"Lidarti, Cristiano Giuseppe (1730-dopo 1793)"},"content":{"rendered":"<p><strong>Compositore nato a Vienna ma che ha trascorso gran parte della sua vita in Italia, Lidarti \u00e8 autore di numerosi componimenti ebraici, tra cui il famoso oratorio <em>Ester<\/em>, la composizione la pi\u00f9 lunga e e la pi\u00f9 ricca di tutta la musica ebraica colta del XVII e XVIII secolo.<\/strong><\/p>\n<p>Cristiano Giuseppe Lidarti, di origine italiana, nacque a Vienna nel 1730. Educato dai gesuiti, studi\u00f2 filosofia e diritto all&#8217;Universit\u00e0 di Vienna. Da bambino prendeva lezioni di arpa e clavicembalo ma non studio\u2019 formalmente composizione, sebbene suo zio, Giuseppe Bonno, fosse Kappelmeister alla Corte Imperiale. Per correggere un certo dilettantismo suo zio gli consigli\u00f2 di studiare i teorici della musica classica tradizionale. A 21 o 22 anni Lidarti parti\u2019 per l&#8217;Italia con l&#8217;intenzione di studiare con Jomelli. Poich\u00e9 questi progetti non andarono a buon fine, Lidarti visse per qualche tempo a Venezia e Firenze, poi lavor\u00f2 come insegnante di musica a Cortona per cinque anni ed alla fine ottenne un posto come strumentista (contrabbasso \/ violoncello) nella cappella dei Cavalieri di S. Stefano a Pisa, carica che conservo\u2019 per quasi quarant&#8217;anni. Nel frattempo f\u00f9 ammesso alla prestigiosa Accademia Filarmonica di Bologna e Modena. Lidarti, secondo la sua stessa testimonianza, abbandon\u00f2 alla maturit\u00e0 lo &#8220;stile sublime e di fuga&#8221; che praticava in giovent\u00f9, e adott\u00f2 lo &#8220;stile galante&#8221; semplice e melodico, sviluppato all&#8217;epoca in Italia e caratteristico del periodo preclassico . Non si conosce la data esatta della morte di Lidarti: la sua ultima composizione risale al 1793 e il suo nome scompare dalla lista degli stipendi della Cappella dei Cavalieri di S. Stefano dopo il 15 febbraio 1794.<\/p>\n<p>Lidarti \u00e8 uno dei due principali compositori del XVIII secolo che hanno lavorato per la comunit\u00e0 ebraica portoghese ad Amsterdam (l&#8217;altro \u00e8 il compositore ebreo Abraham Caceres). Il suo nome appare per la prima volta nel registro della comunit\u00e0 ebraica portoghese di Amsterdam intorno al 1770. I brani ebraici conosciuti di Lidarti includono le cantate soliste <em>Bo&#8217;i be-shalom e Kol ha-neshama, il duo Ha-mesiah illemim, i brani per coro <\/em>Be- fi yesharim e <em>Nora elohim<\/em>, tutti conservati in forma manoscritta presso la biblioteca Ets Haim della comunit\u00e0 ed soprattutto <a href=\"https:\/\/www.iemj.org\/en\/ester-un-oratorio-de-pourim-du-compositeur-lidarti-1730-ap-1793\/\" target=\"_blank\" rel=\"noopener\">l&#8217;oratorio <em>Ester <\/em><\/a>che rimane, ancora oggi, la composizione la pi\u00f9 lunga e e la pi\u00f9 ricca di tutta la musica ebraica colta del XVII e XVIII secolo.<\/p>\n<h2 style=\"text-align: justify; background: white; margin: 0cm 0cm 7.5pt 0cm;\"><span class=\"Accentuationforte\"><span style=\"font-size: 13.0pt; font-family: 'Arial',sans-serif; color: black;\">Fonti<\/span><\/span><\/h2>\n<ul>\n<li>Israel Adler,\u00a0La pratique musicale savante dans quelques communaut\u00e9s juives en Europe aux XVII\u00e8me et XVIII\u00e8me si\u00e8cles, Mouton &amp; Co, 1966, pp. 189-236.<\/li>\n<li>Libretto del doppio CD <em>Le salut d\u2019Isra\u00ebl par Esther, Cristiano Giuseppe Lidarti (1730-1793?)<\/em>, Ester, Orchestra Nazionale di Montpellier, coro della radio lettone, Friedemann Layer direttore, Euterpe, 2003.<\/li>\n<\/ul>\n<p>\u00a0<\/p>\n<p><a href=\"https:\/\/www.iemj.org\/en\/ester-un-oratorio-de-pourim-du-compositeur-lidarti-1730-ap-1793\/\" target=\"_blank\" rel=\"noopener\">Saperne di pi\u00f9 sull\u2019oratorio Ester<\/a><br \/><a href=\"https:\/\/www.iemj.org\/en\/la-source-de-vie-esther-en-chansons\/\" target=\"_blank\" rel=\"noopener\">Visionnare degli estratti dell\u2019Oratorio di Ester<\/a><br \/><a href=\"https:\/\/www.iemj.org\/it\/concert-musiques-juives-baroques\/\" target=\"_blank\" rel=\"noopener\">Visionare un estratto del concerto de musiche ebraiche barocche, in omaggio a Israel Adler<\/a><br \/><a href=\"https:\/\/www.iemj.org\/it\/genre\/musica-barocca-it\/\" target=\"_blank\" rel=\"noopener\">Consultare altri contenuti sulla musiche ebraiche barocche<\/a><br \/><a href=\"https:\/\/www.iemj.org\/it\/musiques-juives-baroques-venise-mantoue-amsterdam-1623-1774-2\/\" target=\"_blank\" rel=\"noopener\">Ascoltare ed ordinare il CD Musiche ebraiche barocche<\/a><\/p>\n\n\n<p><\/p>\n","protected":false},"excerpt":{"rendered":"<p>Compositore nato a Vienna ma che ha trascorso gran parte della sua vita in Italia, Lidarti \u00e8 autore di numerosi componimenti ebraici, tra cui il famoso oratorio Ester, la composizione<\/p>\n","protected":false},"author":1045,"featured_media":52114,"comment_status":"closed","ping_status":"open","sticky":false,"template":"","format":"standard","meta":{"_acf_changed":false,"footnotes":""},"categories":[1416],"tags":[2091],"technique":[],"squelettes":[],"sujet":[],"formation":[],"genre":[1895],"fonds":[],"tradition":[],"type-de-contenu":[],"interprete-compositeur":[],"frise":[],"type-devenement":[],"tableaux-liens-externes":[],"class_list":["post-61544","post","type-post","status-publish","format-standard","has-post-thumbnail","hentry","category-biografie-it","tag-italia-it","genre-musica-barocca-it"],"acf":[],"yoast_head":"<!-- This site is optimized with the Yoast SEO plugin v27.3 - https:\/\/yoast.com\/product\/yoast-seo-wordpress\/ -->\n<title>Lidarti, Cristiano Giuseppe (1730-dopo 1793) - Institut Europ\u00e9en des Musiques Juives<\/title>\n<meta name=\"robots\" content=\"index, follow, max-snippet:-1, max-image-preview:large, max-video-preview:-1\" \/>\n<link rel=\"canonical\" href=\"https:\/\/www.iemj.org\/it\/lidarti-cristiano-giuseppe-1730-apres-1793\/\" \/>\n<meta property=\"og:locale\" content=\"it_IT\" \/>\n<meta property=\"og:type\" content=\"article\" \/>\n<meta property=\"og:title\" content=\"Lidarti, Cristiano Giuseppe (1730-dopo 1793) - Institut Europ\u00e9en des Musiques Juives\" \/>\n<meta property=\"og:description\" content=\"Compositore nato a Vienna ma che ha trascorso gran parte della sua vita in Italia, Lidarti \u00e8 autore di numerosi componimenti ebraici, tra cui il famoso oratorio Ester, la composizione\" \/>\n<meta property=\"og:url\" content=\"https:\/\/www.iemj.org\/it\/lidarti-cristiano-giuseppe-1730-apres-1793\/\" \/>\n<meta property=\"og:site_name\" content=\"Institut Europ\u00e9en des Musiques Juives\" \/>\n<meta property=\"article:publisher\" content=\"https:\/\/www.facebook.com\/MusiquesJuives\/\" \/>\n<meta property=\"article:published_time\" content=\"2018-02-21T16:39:59+00:00\" \/>\n<meta property=\"article:modified_time\" content=\"2021-09-08T13:00:21+00:00\" \/>\n<meta property=\"og:image\" content=\"https:\/\/www.iemj.org\/wp-content\/uploads\/2018\/02\/arton3201-e1625057188441.jpg\" \/>\n\t<meta property=\"og:image:width\" content=\"169\" \/>\n\t<meta property=\"og:image:height\" content=\"218\" \/>\n\t<meta property=\"og:image:type\" content=\"image\/jpeg\" \/>\n<meta name=\"author\" content=\"Herv\u00e9 Roten\" \/>\n<meta name=\"twitter:card\" content=\"summary_large_image\" \/>\n<meta name=\"twitter:label1\" content=\"Scritto da\" \/>\n\t<meta name=\"twitter:data1\" content=\"Herv\u00e9 Roten\" \/>\n\t<meta name=\"twitter:label2\" content=\"Tempo di lettura stimato\" \/>\n\t<meta name=\"twitter:data2\" content=\"3 minuti\" \/>\n<script type=\"application\/ld+json\" class=\"yoast-schema-graph\">{\"@context\":\"https:\\\/\\\/schema.org\",\"@graph\":[{\"@type\":\"Article\",\"@id\":\"https:\\\/\\\/www.iemj.org\\\/it\\\/lidarti-cristiano-giuseppe-1730-apres-1793\\\/#article\",\"isPartOf\":{\"@id\":\"https:\\\/\\\/www.iemj.org\\\/it\\\/lidarti-cristiano-giuseppe-1730-apres-1793\\\/\"},\"author\":{\"name\":\"Herv\u00e9 Roten\",\"@id\":\"https:\\\/\\\/www.iemj.org\\\/it\\\/#\\\/schema\\\/person\\\/906134402c29d5c76e7b726261dd4bbd\"},\"headline\":\"Lidarti, Cristiano Giuseppe (1730-dopo 1793)\",\"datePublished\":\"2018-02-21T16:39:59+00:00\",\"dateModified\":\"2021-09-08T13:00:21+00:00\",\"mainEntityOfPage\":{\"@id\":\"https:\\\/\\\/www.iemj.org\\\/it\\\/lidarti-cristiano-giuseppe-1730-apres-1793\\\/\"},\"wordCount\":479,\"publisher\":{\"@id\":\"https:\\\/\\\/www.iemj.org\\\/it\\\/#organization\"},\"image\":{\"@id\":\"https:\\\/\\\/www.iemj.org\\\/it\\\/lidarti-cristiano-giuseppe-1730-apres-1793\\\/#primaryimage\"},\"thumbnailUrl\":\"https:\\\/\\\/www.iemj.org\\\/wp-content\\\/uploads\\\/2018\\\/02\\\/arton3201-e1625057188441.jpg\",\"keywords\":[\"Italia\"],\"articleSection\":[\"Biografie\"],\"inLanguage\":\"it-IT\"},{\"@type\":\"WebPage\",\"@id\":\"https:\\\/\\\/www.iemj.org\\\/it\\\/lidarti-cristiano-giuseppe-1730-apres-1793\\\/\",\"url\":\"https:\\\/\\\/www.iemj.org\\\/it\\\/lidarti-cristiano-giuseppe-1730-apres-1793\\\/\",\"name\":\"Lidarti, Cristiano Giuseppe (1730-dopo 1793) - Institut Europ\u00e9en des Musiques Juives\",\"isPartOf\":{\"@id\":\"https:\\\/\\\/www.iemj.org\\\/it\\\/#website\"},\"primaryImageOfPage\":{\"@id\":\"https:\\\/\\\/www.iemj.org\\\/it\\\/lidarti-cristiano-giuseppe-1730-apres-1793\\\/#primaryimage\"},\"image\":{\"@id\":\"https:\\\/\\\/www.iemj.org\\\/it\\\/lidarti-cristiano-giuseppe-1730-apres-1793\\\/#primaryimage\"},\"thumbnailUrl\":\"https:\\\/\\\/www.iemj.org\\\/wp-content\\\/uploads\\\/2018\\\/02\\\/arton3201-e1625057188441.jpg\",\"datePublished\":\"2018-02-21T16:39:59+00:00\",\"dateModified\":\"2021-09-08T13:00:21+00:00\",\"breadcrumb\":{\"@id\":\"https:\\\/\\\/www.iemj.org\\\/it\\\/lidarti-cristiano-giuseppe-1730-apres-1793\\\/#breadcrumb\"},\"inLanguage\":\"it-IT\",\"potentialAction\":[{\"@type\":\"ReadAction\",\"target\":[\"https:\\\/\\\/www.iemj.org\\\/it\\\/lidarti-cristiano-giuseppe-1730-apres-1793\\\/\"]}]},{\"@type\":\"ImageObject\",\"inLanguage\":\"it-IT\",\"@id\":\"https:\\\/\\\/www.iemj.org\\\/it\\\/lidarti-cristiano-giuseppe-1730-apres-1793\\\/#primaryimage\",\"url\":\"https:\\\/\\\/www.iemj.org\\\/wp-content\\\/uploads\\\/2018\\\/02\\\/arton3201-e1625057188441.jpg\",\"contentUrl\":\"https:\\\/\\\/www.iemj.org\\\/wp-content\\\/uploads\\\/2018\\\/02\\\/arton3201-e1625057188441.jpg\",\"width\":169,\"height\":218},{\"@type\":\"BreadcrumbList\",\"@id\":\"https:\\\/\\\/www.iemj.org\\\/it\\\/lidarti-cristiano-giuseppe-1730-apres-1793\\\/#breadcrumb\",\"itemListElement\":[{\"@type\":\"ListItem\",\"position\":1,\"name\":\"Accueil\",\"item\":\"https:\\\/\\\/www.iemj.org\\\/it\\\/\"},{\"@type\":\"ListItem\",\"position\":2,\"name\":\"Lidarti, Cristiano Giuseppe (1730-dopo 1793)\"}]},{\"@type\":\"WebSite\",\"@id\":\"https:\\\/\\\/www.iemj.org\\\/it\\\/#website\",\"url\":\"https:\\\/\\\/www.iemj.org\\\/it\\\/\",\"name\":\"Institut Europ\u00e9en des Musiques Juives\",\"description\":\"Des traditions musicales \u00e0 la port\u00e9e de tous\",\"publisher\":{\"@id\":\"https:\\\/\\\/www.iemj.org\\\/it\\\/#organization\"},\"potentialAction\":[{\"@type\":\"SearchAction\",\"target\":{\"@type\":\"EntryPoint\",\"urlTemplate\":\"https:\\\/\\\/www.iemj.org\\\/it\\\/?s={search_term_string}\"},\"query-input\":{\"@type\":\"PropertyValueSpecification\",\"valueRequired\":true,\"valueName\":\"search_term_string\"}}],\"inLanguage\":\"it-IT\"},{\"@type\":\"Organization\",\"@id\":\"https:\\\/\\\/www.iemj.org\\\/it\\\/#organization\",\"name\":\"Institut Europ\u00e9en des Musiques Juives\",\"url\":\"https:\\\/\\\/www.iemj.org\\\/it\\\/\",\"logo\":{\"@type\":\"ImageObject\",\"inLanguage\":\"it-IT\",\"@id\":\"https:\\\/\\\/www.iemj.org\\\/it\\\/#\\\/schema\\\/logo\\\/image\\\/\",\"url\":\"https:\\\/\\\/www.iemj.org\\\/wp-content\\\/uploads\\\/2021\\\/09\\\/Logo-IEMJ-Paypal.jpg\",\"contentUrl\":\"https:\\\/\\\/www.iemj.org\\\/wp-content\\\/uploads\\\/2021\\\/09\\\/Logo-IEMJ-Paypal.jpg\",\"width\":150,\"height\":50,\"caption\":\"Institut Europ\u00e9en des Musiques Juives\"},\"image\":{\"@id\":\"https:\\\/\\\/www.iemj.org\\\/it\\\/#\\\/schema\\\/logo\\\/image\\\/\"},\"sameAs\":[\"https:\\\/\\\/www.facebook.com\\\/MusiquesJuives\\\/\",\"https:\\\/\\\/www.instagram.com\\\/musiquesjuives\\\/\",\"https:\\\/\\\/www.youtube.com\\\/user\\\/musiquesjuives\"]},{\"@type\":\"Person\",\"@id\":\"https:\\\/\\\/www.iemj.org\\\/it\\\/#\\\/schema\\\/person\\\/906134402c29d5c76e7b726261dd4bbd\",\"name\":\"Herv\u00e9 Roten\",\"image\":{\"@type\":\"ImageObject\",\"inLanguage\":\"it-IT\",\"@id\":\"https:\\\/\\\/secure.gravatar.com\\\/avatar\\\/f96ad2db538a26481f18384936b5cd0610c92d390c4dc382209216d455f685ff?s=96&d=mm&r=g\",\"url\":\"https:\\\/\\\/secure.gravatar.com\\\/avatar\\\/f96ad2db538a26481f18384936b5cd0610c92d390c4dc382209216d455f685ff?s=96&d=mm&r=g\",\"contentUrl\":\"https:\\\/\\\/secure.gravatar.com\\\/avatar\\\/f96ad2db538a26481f18384936b5cd0610c92d390c4dc382209216d455f685ff?s=96&d=mm&r=g\",\"caption\":\"Herv\u00e9 Roten\"}}]}<\/script>\n<!-- \/ Yoast SEO plugin. -->","yoast_head_json":{"title":"Lidarti, Cristiano Giuseppe (1730-dopo 1793) - Institut Europ\u00e9en des Musiques Juives","robots":{"index":"index","follow":"follow","max-snippet":"max-snippet:-1","max-image-preview":"max-image-preview:large","max-video-preview":"max-video-preview:-1"},"canonical":"https:\/\/www.iemj.org\/it\/lidarti-cristiano-giuseppe-1730-apres-1793\/","og_locale":"it_IT","og_type":"article","og_title":"Lidarti, Cristiano Giuseppe (1730-dopo 1793) - Institut Europ\u00e9en des Musiques Juives","og_description":"Compositore nato a Vienna ma che ha trascorso gran parte della sua vita in Italia, Lidarti \u00e8 autore di numerosi componimenti ebraici, tra cui il famoso oratorio Ester, la composizione","og_url":"https:\/\/www.iemj.org\/it\/lidarti-cristiano-giuseppe-1730-apres-1793\/","og_site_name":"Institut Europ\u00e9en des Musiques Juives","article_publisher":"https:\/\/www.facebook.com\/MusiquesJuives\/","article_published_time":"2018-02-21T16:39:59+00:00","article_modified_time":"2021-09-08T13:00:21+00:00","og_image":[{"width":169,"height":218,"url":"https:\/\/www.iemj.org\/wp-content\/uploads\/2018\/02\/arton3201-e1625057188441.jpg","type":"image\/jpeg"}],"author":"Herv\u00e9 Roten","twitter_card":"summary_large_image","twitter_misc":{"Scritto da":"Herv\u00e9 Roten","Tempo di lettura stimato":"3 minuti"},"schema":{"@context":"https:\/\/schema.org","@graph":[{"@type":"Article","@id":"https:\/\/www.iemj.org\/it\/lidarti-cristiano-giuseppe-1730-apres-1793\/#article","isPartOf":{"@id":"https:\/\/www.iemj.org\/it\/lidarti-cristiano-giuseppe-1730-apres-1793\/"},"author":{"name":"Herv\u00e9 Roten","@id":"https:\/\/www.iemj.org\/it\/#\/schema\/person\/906134402c29d5c76e7b726261dd4bbd"},"headline":"Lidarti, Cristiano Giuseppe (1730-dopo 1793)","datePublished":"2018-02-21T16:39:59+00:00","dateModified":"2021-09-08T13:00:21+00:00","mainEntityOfPage":{"@id":"https:\/\/www.iemj.org\/it\/lidarti-cristiano-giuseppe-1730-apres-1793\/"},"wordCount":479,"publisher":{"@id":"https:\/\/www.iemj.org\/it\/#organization"},"image":{"@id":"https:\/\/www.iemj.org\/it\/lidarti-cristiano-giuseppe-1730-apres-1793\/#primaryimage"},"thumbnailUrl":"https:\/\/www.iemj.org\/wp-content\/uploads\/2018\/02\/arton3201-e1625057188441.jpg","keywords":["Italia"],"articleSection":["Biografie"],"inLanguage":"it-IT"},{"@type":"WebPage","@id":"https:\/\/www.iemj.org\/it\/lidarti-cristiano-giuseppe-1730-apres-1793\/","url":"https:\/\/www.iemj.org\/it\/lidarti-cristiano-giuseppe-1730-apres-1793\/","name":"Lidarti, Cristiano Giuseppe (1730-dopo 1793) - Institut Europ\u00e9en des Musiques Juives","isPartOf":{"@id":"https:\/\/www.iemj.org\/it\/#website"},"primaryImageOfPage":{"@id":"https:\/\/www.iemj.org\/it\/lidarti-cristiano-giuseppe-1730-apres-1793\/#primaryimage"},"image":{"@id":"https:\/\/www.iemj.org\/it\/lidarti-cristiano-giuseppe-1730-apres-1793\/#primaryimage"},"thumbnailUrl":"https:\/\/www.iemj.org\/wp-content\/uploads\/2018\/02\/arton3201-e1625057188441.jpg","datePublished":"2018-02-21T16:39:59+00:00","dateModified":"2021-09-08T13:00:21+00:00","breadcrumb":{"@id":"https:\/\/www.iemj.org\/it\/lidarti-cristiano-giuseppe-1730-apres-1793\/#breadcrumb"},"inLanguage":"it-IT","potentialAction":[{"@type":"ReadAction","target":["https:\/\/www.iemj.org\/it\/lidarti-cristiano-giuseppe-1730-apres-1793\/"]}]},{"@type":"ImageObject","inLanguage":"it-IT","@id":"https:\/\/www.iemj.org\/it\/lidarti-cristiano-giuseppe-1730-apres-1793\/#primaryimage","url":"https:\/\/www.iemj.org\/wp-content\/uploads\/2018\/02\/arton3201-e1625057188441.jpg","contentUrl":"https:\/\/www.iemj.org\/wp-content\/uploads\/2018\/02\/arton3201-e1625057188441.jpg","width":169,"height":218},{"@type":"BreadcrumbList","@id":"https:\/\/www.iemj.org\/it\/lidarti-cristiano-giuseppe-1730-apres-1793\/#breadcrumb","itemListElement":[{"@type":"ListItem","position":1,"name":"Accueil","item":"https:\/\/www.iemj.org\/it\/"},{"@type":"ListItem","position":2,"name":"Lidarti, Cristiano Giuseppe (1730-dopo 1793)"}]},{"@type":"WebSite","@id":"https:\/\/www.iemj.org\/it\/#website","url":"https:\/\/www.iemj.org\/it\/","name":"Institut Europ\u00e9en des Musiques Juives","description":"Des traditions musicales \u00e0 la port\u00e9e de tous","publisher":{"@id":"https:\/\/www.iemj.org\/it\/#organization"},"potentialAction":[{"@type":"SearchAction","target":{"@type":"EntryPoint","urlTemplate":"https:\/\/www.iemj.org\/it\/?s={search_term_string}"},"query-input":{"@type":"PropertyValueSpecification","valueRequired":true,"valueName":"search_term_string"}}],"inLanguage":"it-IT"},{"@type":"Organization","@id":"https:\/\/www.iemj.org\/it\/#organization","name":"Institut Europ\u00e9en des Musiques Juives","url":"https:\/\/www.iemj.org\/it\/","logo":{"@type":"ImageObject","inLanguage":"it-IT","@id":"https:\/\/www.iemj.org\/it\/#\/schema\/logo\/image\/","url":"https:\/\/www.iemj.org\/wp-content\/uploads\/2021\/09\/Logo-IEMJ-Paypal.jpg","contentUrl":"https:\/\/www.iemj.org\/wp-content\/uploads\/2021\/09\/Logo-IEMJ-Paypal.jpg","width":150,"height":50,"caption":"Institut Europ\u00e9en des Musiques Juives"},"image":{"@id":"https:\/\/www.iemj.org\/it\/#\/schema\/logo\/image\/"},"sameAs":["https:\/\/www.facebook.com\/MusiquesJuives\/","https:\/\/www.instagram.com\/musiquesjuives\/","https:\/\/www.youtube.com\/user\/musiquesjuives"]},{"@type":"Person","@id":"https:\/\/www.iemj.org\/it\/#\/schema\/person\/906134402c29d5c76e7b726261dd4bbd","name":"Herv\u00e9 Roten","image":{"@type":"ImageObject","inLanguage":"it-IT","@id":"https:\/\/secure.gravatar.com\/avatar\/f96ad2db538a26481f18384936b5cd0610c92d390c4dc382209216d455f685ff?s=96&d=mm&r=g","url":"https:\/\/secure.gravatar.com\/avatar\/f96ad2db538a26481f18384936b5cd0610c92d390c4dc382209216d455f685ff?s=96&d=mm&r=g","contentUrl":"https:\/\/secure.gravatar.com\/avatar\/f96ad2db538a26481f18384936b5cd0610c92d390c4dc382209216d455f685ff?s=96&d=mm&r=g","caption":"Herv\u00e9 Roten"}}]}},"_links":{"self":[{"href":"https:\/\/www.iemj.org\/it\/wp-json\/wp\/v2\/posts\/61544","targetHints":{"allow":["GET"]}}],"collection":[{"href":"https:\/\/www.iemj.org\/it\/wp-json\/wp\/v2\/posts"}],"about":[{"href":"https:\/\/www.iemj.org\/it\/wp-json\/wp\/v2\/types\/post"}],"author":[{"embeddable":true,"href":"https:\/\/www.iemj.org\/it\/wp-json\/wp\/v2\/users\/1045"}],"replies":[{"embeddable":true,"href":"https:\/\/www.iemj.org\/it\/wp-json\/wp\/v2\/comments?post=61544"}],"version-history":[{"count":0,"href":"https:\/\/www.iemj.org\/it\/wp-json\/wp\/v2\/posts\/61544\/revisions"}],"wp:featuredmedia":[{"embeddable":true,"href":"https:\/\/www.iemj.org\/it\/wp-json\/wp\/v2\/media\/52114"}],"wp:attachment":[{"href":"https:\/\/www.iemj.org\/it\/wp-json\/wp\/v2\/media?parent=61544"}],"wp:term":[{"taxonomy":"category","embeddable":true,"href":"https:\/\/www.iemj.org\/it\/wp-json\/wp\/v2\/categories?post=61544"},{"taxonomy":"post_tag","embeddable":true,"href":"https:\/\/www.iemj.org\/it\/wp-json\/wp\/v2\/tags?post=61544"},{"taxonomy":"technique","embeddable":true,"href":"https:\/\/www.iemj.org\/it\/wp-json\/wp\/v2\/technique?post=61544"},{"taxonomy":"squelettes","embeddable":true,"href":"https:\/\/www.iemj.org\/it\/wp-json\/wp\/v2\/squelettes?post=61544"},{"taxonomy":"sujet","embeddable":true,"href":"https:\/\/www.iemj.org\/it\/wp-json\/wp\/v2\/sujet?post=61544"},{"taxonomy":"formation","embeddable":true,"href":"https:\/\/www.iemj.org\/it\/wp-json\/wp\/v2\/formation?post=61544"},{"taxonomy":"genre","embeddable":true,"href":"https:\/\/www.iemj.org\/it\/wp-json\/wp\/v2\/genre?post=61544"},{"taxonomy":"fonds","embeddable":true,"href":"https:\/\/www.iemj.org\/it\/wp-json\/wp\/v2\/fonds?post=61544"},{"taxonomy":"tradition","embeddable":true,"href":"https:\/\/www.iemj.org\/it\/wp-json\/wp\/v2\/tradition?post=61544"},{"taxonomy":"type-de-contenu","embeddable":true,"href":"https:\/\/www.iemj.org\/it\/wp-json\/wp\/v2\/type-de-contenu?post=61544"},{"taxonomy":"interprete-compositeur","embeddable":true,"href":"https:\/\/www.iemj.org\/it\/wp-json\/wp\/v2\/interprete-compositeur?post=61544"},{"taxonomy":"frise","embeddable":true,"href":"https:\/\/www.iemj.org\/it\/wp-json\/wp\/v2\/frise?post=61544"},{"taxonomy":"type-devenement","embeddable":true,"href":"https:\/\/www.iemj.org\/it\/wp-json\/wp\/v2\/type-devenement?post=61544"},{"taxonomy":"tableaux-liens-externes","embeddable":true,"href":"https:\/\/www.iemj.org\/it\/wp-json\/wp\/v2\/tableaux-liens-externes?post=61544"}],"curies":[{"name":"wp","href":"https:\/\/api.w.org\/{rel}","templated":true}]}}