{"id":62791,"date":"2020-04-02T11:24:11","date_gmt":"2020-04-02T09:24:11","guid":{"rendered":"https:\/\/www.iemj.org\/ehad-mi-yodea-une-chanson-de-pessah\/"},"modified":"2025-03-31T14:52:34","modified_gmt":"2025-03-31T12:52:34","slug":"ehad-mi-yodea-une-chanson-de-pessah","status":"publish","type":"post","link":"https:\/\/www.iemj.org\/it\/ehad-mi-yodea-une-chanson-de-pessah\/","title":{"rendered":"E\u2019had mi yodea, una canzone di Pessah"},"content":{"rendered":"<p><strong><em>E&#8217;had mi yodea<\/em>, la canzone numero di Pesach, cantata in tutte le tradizioni ebraiche (o quasi!)<\/strong><\/p>\n<p><!--more-->Eseguita alla fine del Seder di <a href=\"https:\/\/www.iemj.org\/it\/pessah-1ere-partie\/\" target=\"_blank\" rel=\"noopener\">Pessah<\/a>, tra <em>Hadir hou<\/em> e <em>&#8216;Had Gadya<\/em>, la canzone dei numeri \u00a0<em>E&#8217;had mi yod\u00e9a<\/em> \u00e8 una canzone cumulativa (ogni verso riprende i versi precedenti) che proclama l&#8217;unit\u00e0 di Dio e consente ai bambini di dimostrare la loro erudizione biblica permettendo loro, nello stesso tempo, di imparare a contare (ogni numero riferendosi ad un fatto religioso della massima importanza).<\/p>\n<p>L&#8217;ultima strofa \u00e8:<br \/>\u201cTredici sono gli attributi (divini); dodici le trib\u00f9 d&#8217;Israele; undici i sogni (di Giuseppe); dieci i Comandamenti; nove i mesi della gravidanza; otto la circoncisione; sette la celebrazione dello Shabbat; sei gli ordini della Mishnah; cinque i libri della Torah; quattro le Madri; tre i Patriarchi; due le Tavole della Legge. Unico \u00e8 il nostro Dio, Colui che vive e Colui che aleggia sulla terra e nei cieli&#8221;.<\/p>\n<p>La tradizione vuole che questa canzone in ebraico sia cantata anche nei diversi dialetti ebraici (giudeo-alsaziano, yiddish, comtadin, giudeo-spagnolo, giudeo-arabo\u2026).<\/p>\n<ul>\n<li><a href=\"https:\/\/www.iemj.org\/it\/trois-chansons-de-pessah-adir-hou-ehad-mi-yodea-et-had-gadya\/\" target=\"_blank\" rel=\"noopener\">Scopri di pi\u00f9 sulle tre canzoni di Pesach: <em><em>Adir hu<\/em><\/em>, <em><em>E&#8217;had mi yodea<\/em><\/em> e <em><em>&#8216;Had gadya<\/em><\/em><\/a><\/li>\n<li><a style=\"font-size: revert;\" href=\"https:\/\/www.iemj.org\/it\/pessah-1ere-partie\/\" target=\"_blank\" rel=\"noopener\">Scopri di pi\u00f9 sulla festa di Pessah<\/a><\/li>\n<li><a href=\"https:\/\/www.iemj.org\/it\/had-gadya-une-chanson-de-pessah\/\" target=\"_blank\" rel=\"noopener\">Ascolta la playlist della canzone <em>\u2018Had gadya<\/em><\/a><\/li>\n<\/ul>\n\n<div class=\"wp-block-image\">\n<figure class=\"aligncenter size-large\"><img fetchpriority=\"high\" decoding=\"async\" width=\"1024\" height=\"133\" src=\"https:\/\/www.iemj.org\/wp-content\/uploads\/2024\/03\/AUDIO-PLAYER-1024x133.png\" alt=\"\" class=\"wp-image-110609\" srcset=\"https:\/\/www.iemj.org\/wp-content\/uploads\/2024\/03\/AUDIO-PLAYER-1024x133.png 1024w, https:\/\/www.iemj.org\/wp-content\/uploads\/2024\/03\/AUDIO-PLAYER-300x39.png 300w, https:\/\/www.iemj.org\/wp-content\/uploads\/2024\/03\/AUDIO-PLAYER-768x100.png 768w, https:\/\/www.iemj.org\/wp-content\/uploads\/2024\/03\/AUDIO-PLAYER-600x78.png 600w, https:\/\/www.iemj.org\/wp-content\/uploads\/2024\/03\/AUDIO-PLAYER.png 1210w\" sizes=\"(max-width: 1024px) 100vw, 1024px\" \/><\/figure>\n<\/div>\n\n\n<h2 class=\"wp-block-heading\"><\/h2>\n\n\n\n<div class=\"wp-block-file\"><a href=\"https:\/\/www.iemj.org\/wp-content\/uploads\/2020\/04\/01_ekhad_mi_yodea_extrait__rite_italien_corfou_enrgt_leo_levy.mp3\">Ekhad mi yodea (Extrait) &#8211; rite Italien Corfou &#8211; enrgt Leo Levy<\/a><\/div>\n\n\n\n<div class=\"wp-block-file\"><a href=\"https:\/\/www.iemj.org\/wp-content\/uploads\/2020\/04\/02_ehad_my_yodea_extrait__ashkenaze.mp3\">Ehad my yodea (Extrait) &#8211; ashkenaze<\/a><\/div>\n\n\n\n<div class=\"wp-block-file\"><a href=\"https:\/\/www.iemj.org\/wp-content\/uploads\/2020\/04\/03_e_had_mi_yodea_-_chant_de_la_hagada_-_rite_ashkenaze_dir_rabbin_jean_schwartz_laszlo_karvaly.mp3\">E&#8217;had Mi Yodea &#8211; Chant de la Hagada &#8211; rite ashkenaze_dir Rabbin Jean Schwartz, Laszlo Karvaly<\/a><\/div>\n\n\n\n<div class=\"wp-block-file\"><a href=\"https:\/\/www.iemj.org\/wp-content\/uploads\/2020\/04\/04_ehad_mi_yodea_uno_es_el_creador_-_tradition_de_thessalonique_grece_.mp3\">Ehad mi yodea (uno es el creador) &#8211; Tradition de Thessalonique (Grece)<\/a><\/div>\n\n\n\n<div class=\"wp-block-file\"><a href=\"https:\/\/www.iemj.org\/wp-content\/uploads\/2020\/04\/05_quien_suspiense_y_entendiense_extrait_-tradition_jud_o-espagnole_-_yehoram_gaon.mp3\">Quien suspiense y entendiense (Extrait) -Tradition judeo-espagnole &#8211; Yehoram Gaon<\/a><\/div>\n\n\n\n<div class=\"wp-block-file\"><a href=\"https:\/\/www.iemj.org\/wp-content\/uploads\/2020\/04\/06_ehad_mi_yodea_extrait_-_en_arabe_-_rite_marocain_-_henri_ohayon.mp3\">Ehad Mi Yodea (Extrait) &#8211; en arabe &#8211; rite marocain &#8211; Henri Ohayon<\/a><\/div>\n\n\n\n<div class=\"wp-block-file\"><a href=\"https:\/\/www.iemj.org\/wp-content\/uploads\/2020\/04\/07_ehad_mi_yod_a_extrait_-_en_arabe-rite_y_m_nite_-_ephraim_yaakov.mp3\">Ehad Mi Yodea (Extrait) &#8211; en arabe &#8211; rite yemenite &#8211; Ephraim Yaakov<\/a><\/div>\n\n\n\n<div class=\"wp-block-file\"><a href=\"https:\/\/www.iemj.org\/wp-content\/uploads\/2020\/04\/08_ehad_mi_yodea_-_rite_sfardi_yerushalmi_-_ezra_barnea.mp3\">Ehad mi yodea &#8211; rite Sfardi yerushalmi &#8211; Ezra Barnea<\/a><\/div>\n","protected":false},"excerpt":{"rendered":"<p>E&#8217;had mi yodea, la canzone numero di Pesach, cantata in tutte le tradizioni ebraiche (o quasi!)<\/p>\n","protected":false},"author":1045,"featured_media":111164,"comment_status":"closed","ping_status":"closed","sticky":false,"template":"","format":"standard","meta":{"_acf_changed":false,"footnotes":""},"categories":[1536],"tags":[],"technique":[],"squelettes":[],"sujet":[1827],"formation":[],"genre":[1892],"fonds":[],"tradition":[],"type-de-contenu":[],"interprete-compositeur":[],"frise":[],"type-devenement":[],"tableaux-liens-externes":[],"class_list":["post-62791","post","type-post","status-publish","format-standard","has-post-thumbnail","hentry","category-playlist-it","sujet-pessach-it","genre-liturgia-it"],"acf":[],"yoast_head":"<!-- This site is optimized with the Yoast SEO plugin v27.3 - https:\/\/yoast.com\/product\/yoast-seo-wordpress\/ -->\n<title>E\u2019had mi yodea, una canzone di Pessah - Institut Europ\u00e9en des Musiques Juives<\/title>\n<meta name=\"robots\" content=\"index, follow, max-snippet:-1, max-image-preview:large, max-video-preview:-1\" \/>\n<link rel=\"canonical\" href=\"https:\/\/www.iemj.org\/it\/ehad-mi-yodea-une-chanson-de-pessah\/\" \/>\n<meta property=\"og:locale\" content=\"it_IT\" \/>\n<meta property=\"og:type\" content=\"article\" \/>\n<meta property=\"og:title\" content=\"E\u2019had mi yodea, una canzone di Pessah - Institut Europ\u00e9en des Musiques Juives\" \/>\n<meta property=\"og:description\" content=\"E&#8217;had mi yodea, la canzone numero di Pesach, cantata in tutte le tradizioni ebraiche (o quasi!)\" \/>\n<meta property=\"og:url\" content=\"https:\/\/www.iemj.org\/it\/ehad-mi-yodea-une-chanson-de-pessah\/\" \/>\n<meta property=\"og:site_name\" content=\"Institut Europ\u00e9en des Musiques Juives\" \/>\n<meta property=\"article:publisher\" content=\"https:\/\/www.facebook.com\/MusiquesJuives\/\" \/>\n<meta property=\"article:published_time\" content=\"2020-04-02T09:24:11+00:00\" \/>\n<meta property=\"article:modified_time\" content=\"2025-03-31T12:52:34+00:00\" \/>\n<meta property=\"og:image\" content=\"https:\/\/www.iemj.org\/wp-content\/uploads\/2020\/04\/Playlist-EHAD-MI-YODEA.jpg\" \/>\n\t<meta property=\"og:image:width\" content=\"500\" \/>\n\t<meta property=\"og:image:height\" content=\"500\" \/>\n\t<meta property=\"og:image:type\" content=\"image\/jpeg\" \/>\n<meta name=\"author\" content=\"Herv\u00e9 Roten\" \/>\n<meta name=\"twitter:card\" content=\"summary_large_image\" \/>\n<meta name=\"twitter:label1\" content=\"Scritto da\" \/>\n\t<meta name=\"twitter:data1\" content=\"Herv\u00e9 Roten\" \/>\n\t<meta name=\"twitter:label2\" content=\"Tempo di lettura stimato\" \/>\n\t<meta name=\"twitter:data2\" content=\"2 minuti\" \/>\n<script type=\"application\/ld+json\" class=\"yoast-schema-graph\">{\"@context\":\"https:\\\/\\\/schema.org\",\"@graph\":[{\"@type\":\"Article\",\"@id\":\"https:\\\/\\\/www.iemj.org\\\/it\\\/ehad-mi-yodea-une-chanson-de-pessah\\\/#article\",\"isPartOf\":{\"@id\":\"https:\\\/\\\/www.iemj.org\\\/it\\\/ehad-mi-yodea-une-chanson-de-pessah\\\/\"},\"author\":{\"name\":\"Herv\u00e9 Roten\",\"@id\":\"https:\\\/\\\/www.iemj.org\\\/it\\\/#\\\/schema\\\/person\\\/906134402c29d5c76e7b726261dd4bbd\"},\"headline\":\"E\u2019had mi yodea, una canzone di Pessah\",\"datePublished\":\"2020-04-02T09:24:11+00:00\",\"dateModified\":\"2025-03-31T12:52:34+00:00\",\"mainEntityOfPage\":{\"@id\":\"https:\\\/\\\/www.iemj.org\\\/it\\\/ehad-mi-yodea-une-chanson-de-pessah\\\/\"},\"wordCount\":307,\"publisher\":{\"@id\":\"https:\\\/\\\/www.iemj.org\\\/it\\\/#organization\"},\"image\":{\"@id\":\"https:\\\/\\\/www.iemj.org\\\/it\\\/ehad-mi-yodea-une-chanson-de-pessah\\\/#primaryimage\"},\"thumbnailUrl\":\"https:\\\/\\\/www.iemj.org\\\/wp-content\\\/uploads\\\/2020\\\/04\\\/Playlist-EHAD-MI-YODEA.jpg\",\"articleSection\":[\"Playlist\"],\"inLanguage\":\"it-IT\"},{\"@type\":\"WebPage\",\"@id\":\"https:\\\/\\\/www.iemj.org\\\/it\\\/ehad-mi-yodea-une-chanson-de-pessah\\\/\",\"url\":\"https:\\\/\\\/www.iemj.org\\\/it\\\/ehad-mi-yodea-une-chanson-de-pessah\\\/\",\"name\":\"E\u2019had mi yodea, una canzone di Pessah - Institut Europ\u00e9en des Musiques Juives\",\"isPartOf\":{\"@id\":\"https:\\\/\\\/www.iemj.org\\\/it\\\/#website\"},\"primaryImageOfPage\":{\"@id\":\"https:\\\/\\\/www.iemj.org\\\/it\\\/ehad-mi-yodea-une-chanson-de-pessah\\\/#primaryimage\"},\"image\":{\"@id\":\"https:\\\/\\\/www.iemj.org\\\/it\\\/ehad-mi-yodea-une-chanson-de-pessah\\\/#primaryimage\"},\"thumbnailUrl\":\"https:\\\/\\\/www.iemj.org\\\/wp-content\\\/uploads\\\/2020\\\/04\\\/Playlist-EHAD-MI-YODEA.jpg\",\"datePublished\":\"2020-04-02T09:24:11+00:00\",\"dateModified\":\"2025-03-31T12:52:34+00:00\",\"breadcrumb\":{\"@id\":\"https:\\\/\\\/www.iemj.org\\\/it\\\/ehad-mi-yodea-une-chanson-de-pessah\\\/#breadcrumb\"},\"inLanguage\":\"it-IT\",\"potentialAction\":[{\"@type\":\"ReadAction\",\"target\":[\"https:\\\/\\\/www.iemj.org\\\/it\\\/ehad-mi-yodea-une-chanson-de-pessah\\\/\"]}]},{\"@type\":\"ImageObject\",\"inLanguage\":\"it-IT\",\"@id\":\"https:\\\/\\\/www.iemj.org\\\/it\\\/ehad-mi-yodea-une-chanson-de-pessah\\\/#primaryimage\",\"url\":\"https:\\\/\\\/www.iemj.org\\\/wp-content\\\/uploads\\\/2020\\\/04\\\/Playlist-EHAD-MI-YODEA.jpg\",\"contentUrl\":\"https:\\\/\\\/www.iemj.org\\\/wp-content\\\/uploads\\\/2020\\\/04\\\/Playlist-EHAD-MI-YODEA.jpg\",\"width\":500,\"height\":500},{\"@type\":\"BreadcrumbList\",\"@id\":\"https:\\\/\\\/www.iemj.org\\\/it\\\/ehad-mi-yodea-une-chanson-de-pessah\\\/#breadcrumb\",\"itemListElement\":[{\"@type\":\"ListItem\",\"position\":1,\"name\":\"Accueil\",\"item\":\"https:\\\/\\\/www.iemj.org\\\/it\\\/\"},{\"@type\":\"ListItem\",\"position\":2,\"name\":\"E\u2019had mi yodea, una canzone di Pessah\"}]},{\"@type\":\"WebSite\",\"@id\":\"https:\\\/\\\/www.iemj.org\\\/it\\\/#website\",\"url\":\"https:\\\/\\\/www.iemj.org\\\/it\\\/\",\"name\":\"Institut Europ\u00e9en des Musiques Juives\",\"description\":\"Des traditions musicales \u00e0 la port\u00e9e de tous\",\"publisher\":{\"@id\":\"https:\\\/\\\/www.iemj.org\\\/it\\\/#organization\"},\"potentialAction\":[{\"@type\":\"SearchAction\",\"target\":{\"@type\":\"EntryPoint\",\"urlTemplate\":\"https:\\\/\\\/www.iemj.org\\\/it\\\/?s={search_term_string}\"},\"query-input\":{\"@type\":\"PropertyValueSpecification\",\"valueRequired\":true,\"valueName\":\"search_term_string\"}}],\"inLanguage\":\"it-IT\"},{\"@type\":\"Organization\",\"@id\":\"https:\\\/\\\/www.iemj.org\\\/it\\\/#organization\",\"name\":\"Institut Europ\u00e9en des Musiques Juives\",\"url\":\"https:\\\/\\\/www.iemj.org\\\/it\\\/\",\"logo\":{\"@type\":\"ImageObject\",\"inLanguage\":\"it-IT\",\"@id\":\"https:\\\/\\\/www.iemj.org\\\/it\\\/#\\\/schema\\\/logo\\\/image\\\/\",\"url\":\"https:\\\/\\\/www.iemj.org\\\/wp-content\\\/uploads\\\/2021\\\/09\\\/Logo-IEMJ-Paypal.jpg\",\"contentUrl\":\"https:\\\/\\\/www.iemj.org\\\/wp-content\\\/uploads\\\/2021\\\/09\\\/Logo-IEMJ-Paypal.jpg\",\"width\":150,\"height\":50,\"caption\":\"Institut Europ\u00e9en des Musiques Juives\"},\"image\":{\"@id\":\"https:\\\/\\\/www.iemj.org\\\/it\\\/#\\\/schema\\\/logo\\\/image\\\/\"},\"sameAs\":[\"https:\\\/\\\/www.facebook.com\\\/MusiquesJuives\\\/\",\"https:\\\/\\\/www.instagram.com\\\/musiquesjuives\\\/\",\"https:\\\/\\\/www.youtube.com\\\/user\\\/musiquesjuives\"]},{\"@type\":\"Person\",\"@id\":\"https:\\\/\\\/www.iemj.org\\\/it\\\/#\\\/schema\\\/person\\\/906134402c29d5c76e7b726261dd4bbd\",\"name\":\"Herv\u00e9 Roten\",\"image\":{\"@type\":\"ImageObject\",\"inLanguage\":\"it-IT\",\"@id\":\"https:\\\/\\\/secure.gravatar.com\\\/avatar\\\/f96ad2db538a26481f18384936b5cd0610c92d390c4dc382209216d455f685ff?s=96&d=mm&r=g\",\"url\":\"https:\\\/\\\/secure.gravatar.com\\\/avatar\\\/f96ad2db538a26481f18384936b5cd0610c92d390c4dc382209216d455f685ff?s=96&d=mm&r=g\",\"contentUrl\":\"https:\\\/\\\/secure.gravatar.com\\\/avatar\\\/f96ad2db538a26481f18384936b5cd0610c92d390c4dc382209216d455f685ff?s=96&d=mm&r=g\",\"caption\":\"Herv\u00e9 Roten\"}}]}<\/script>\n<!-- \/ Yoast SEO plugin. -->","yoast_head_json":{"title":"E\u2019had mi yodea, una canzone di Pessah - Institut Europ\u00e9en des Musiques Juives","robots":{"index":"index","follow":"follow","max-snippet":"max-snippet:-1","max-image-preview":"max-image-preview:large","max-video-preview":"max-video-preview:-1"},"canonical":"https:\/\/www.iemj.org\/it\/ehad-mi-yodea-une-chanson-de-pessah\/","og_locale":"it_IT","og_type":"article","og_title":"E\u2019had mi yodea, una canzone di Pessah - Institut Europ\u00e9en des Musiques Juives","og_description":"E&#8217;had mi yodea, la canzone numero di Pesach, cantata in tutte le tradizioni ebraiche (o quasi!)","og_url":"https:\/\/www.iemj.org\/it\/ehad-mi-yodea-une-chanson-de-pessah\/","og_site_name":"Institut Europ\u00e9en des Musiques Juives","article_publisher":"https:\/\/www.facebook.com\/MusiquesJuives\/","article_published_time":"2020-04-02T09:24:11+00:00","article_modified_time":"2025-03-31T12:52:34+00:00","og_image":[{"width":500,"height":500,"url":"https:\/\/www.iemj.org\/wp-content\/uploads\/2020\/04\/Playlist-EHAD-MI-YODEA.jpg","type":"image\/jpeg"}],"author":"Herv\u00e9 Roten","twitter_card":"summary_large_image","twitter_misc":{"Scritto da":"Herv\u00e9 Roten","Tempo di lettura stimato":"2 minuti"},"schema":{"@context":"https:\/\/schema.org","@graph":[{"@type":"Article","@id":"https:\/\/www.iemj.org\/it\/ehad-mi-yodea-une-chanson-de-pessah\/#article","isPartOf":{"@id":"https:\/\/www.iemj.org\/it\/ehad-mi-yodea-une-chanson-de-pessah\/"},"author":{"name":"Herv\u00e9 Roten","@id":"https:\/\/www.iemj.org\/it\/#\/schema\/person\/906134402c29d5c76e7b726261dd4bbd"},"headline":"E\u2019had mi yodea, una canzone di Pessah","datePublished":"2020-04-02T09:24:11+00:00","dateModified":"2025-03-31T12:52:34+00:00","mainEntityOfPage":{"@id":"https:\/\/www.iemj.org\/it\/ehad-mi-yodea-une-chanson-de-pessah\/"},"wordCount":307,"publisher":{"@id":"https:\/\/www.iemj.org\/it\/#organization"},"image":{"@id":"https:\/\/www.iemj.org\/it\/ehad-mi-yodea-une-chanson-de-pessah\/#primaryimage"},"thumbnailUrl":"https:\/\/www.iemj.org\/wp-content\/uploads\/2020\/04\/Playlist-EHAD-MI-YODEA.jpg","articleSection":["Playlist"],"inLanguage":"it-IT"},{"@type":"WebPage","@id":"https:\/\/www.iemj.org\/it\/ehad-mi-yodea-une-chanson-de-pessah\/","url":"https:\/\/www.iemj.org\/it\/ehad-mi-yodea-une-chanson-de-pessah\/","name":"E\u2019had mi yodea, una canzone di Pessah - Institut Europ\u00e9en des Musiques Juives","isPartOf":{"@id":"https:\/\/www.iemj.org\/it\/#website"},"primaryImageOfPage":{"@id":"https:\/\/www.iemj.org\/it\/ehad-mi-yodea-une-chanson-de-pessah\/#primaryimage"},"image":{"@id":"https:\/\/www.iemj.org\/it\/ehad-mi-yodea-une-chanson-de-pessah\/#primaryimage"},"thumbnailUrl":"https:\/\/www.iemj.org\/wp-content\/uploads\/2020\/04\/Playlist-EHAD-MI-YODEA.jpg","datePublished":"2020-04-02T09:24:11+00:00","dateModified":"2025-03-31T12:52:34+00:00","breadcrumb":{"@id":"https:\/\/www.iemj.org\/it\/ehad-mi-yodea-une-chanson-de-pessah\/#breadcrumb"},"inLanguage":"it-IT","potentialAction":[{"@type":"ReadAction","target":["https:\/\/www.iemj.org\/it\/ehad-mi-yodea-une-chanson-de-pessah\/"]}]},{"@type":"ImageObject","inLanguage":"it-IT","@id":"https:\/\/www.iemj.org\/it\/ehad-mi-yodea-une-chanson-de-pessah\/#primaryimage","url":"https:\/\/www.iemj.org\/wp-content\/uploads\/2020\/04\/Playlist-EHAD-MI-YODEA.jpg","contentUrl":"https:\/\/www.iemj.org\/wp-content\/uploads\/2020\/04\/Playlist-EHAD-MI-YODEA.jpg","width":500,"height":500},{"@type":"BreadcrumbList","@id":"https:\/\/www.iemj.org\/it\/ehad-mi-yodea-une-chanson-de-pessah\/#breadcrumb","itemListElement":[{"@type":"ListItem","position":1,"name":"Accueil","item":"https:\/\/www.iemj.org\/it\/"},{"@type":"ListItem","position":2,"name":"E\u2019had mi yodea, una canzone di Pessah"}]},{"@type":"WebSite","@id":"https:\/\/www.iemj.org\/it\/#website","url":"https:\/\/www.iemj.org\/it\/","name":"Institut Europ\u00e9en des Musiques Juives","description":"Des traditions musicales \u00e0 la port\u00e9e de tous","publisher":{"@id":"https:\/\/www.iemj.org\/it\/#organization"},"potentialAction":[{"@type":"SearchAction","target":{"@type":"EntryPoint","urlTemplate":"https:\/\/www.iemj.org\/it\/?s={search_term_string}"},"query-input":{"@type":"PropertyValueSpecification","valueRequired":true,"valueName":"search_term_string"}}],"inLanguage":"it-IT"},{"@type":"Organization","@id":"https:\/\/www.iemj.org\/it\/#organization","name":"Institut Europ\u00e9en des Musiques Juives","url":"https:\/\/www.iemj.org\/it\/","logo":{"@type":"ImageObject","inLanguage":"it-IT","@id":"https:\/\/www.iemj.org\/it\/#\/schema\/logo\/image\/","url":"https:\/\/www.iemj.org\/wp-content\/uploads\/2021\/09\/Logo-IEMJ-Paypal.jpg","contentUrl":"https:\/\/www.iemj.org\/wp-content\/uploads\/2021\/09\/Logo-IEMJ-Paypal.jpg","width":150,"height":50,"caption":"Institut Europ\u00e9en des Musiques Juives"},"image":{"@id":"https:\/\/www.iemj.org\/it\/#\/schema\/logo\/image\/"},"sameAs":["https:\/\/www.facebook.com\/MusiquesJuives\/","https:\/\/www.instagram.com\/musiquesjuives\/","https:\/\/www.youtube.com\/user\/musiquesjuives"]},{"@type":"Person","@id":"https:\/\/www.iemj.org\/it\/#\/schema\/person\/906134402c29d5c76e7b726261dd4bbd","name":"Herv\u00e9 Roten","image":{"@type":"ImageObject","inLanguage":"it-IT","@id":"https:\/\/secure.gravatar.com\/avatar\/f96ad2db538a26481f18384936b5cd0610c92d390c4dc382209216d455f685ff?s=96&d=mm&r=g","url":"https:\/\/secure.gravatar.com\/avatar\/f96ad2db538a26481f18384936b5cd0610c92d390c4dc382209216d455f685ff?s=96&d=mm&r=g","contentUrl":"https:\/\/secure.gravatar.com\/avatar\/f96ad2db538a26481f18384936b5cd0610c92d390c4dc382209216d455f685ff?s=96&d=mm&r=g","caption":"Herv\u00e9 Roten"}}]}},"_links":{"self":[{"href":"https:\/\/www.iemj.org\/it\/wp-json\/wp\/v2\/posts\/62791","targetHints":{"allow":["GET"]}}],"collection":[{"href":"https:\/\/www.iemj.org\/it\/wp-json\/wp\/v2\/posts"}],"about":[{"href":"https:\/\/www.iemj.org\/it\/wp-json\/wp\/v2\/types\/post"}],"author":[{"embeddable":true,"href":"https:\/\/www.iemj.org\/it\/wp-json\/wp\/v2\/users\/1045"}],"replies":[{"embeddable":true,"href":"https:\/\/www.iemj.org\/it\/wp-json\/wp\/v2\/comments?post=62791"}],"version-history":[{"count":0,"href":"https:\/\/www.iemj.org\/it\/wp-json\/wp\/v2\/posts\/62791\/revisions"}],"wp:featuredmedia":[{"embeddable":true,"href":"https:\/\/www.iemj.org\/it\/wp-json\/wp\/v2\/media\/111164"}],"wp:attachment":[{"href":"https:\/\/www.iemj.org\/it\/wp-json\/wp\/v2\/media?parent=62791"}],"wp:term":[{"taxonomy":"category","embeddable":true,"href":"https:\/\/www.iemj.org\/it\/wp-json\/wp\/v2\/categories?post=62791"},{"taxonomy":"post_tag","embeddable":true,"href":"https:\/\/www.iemj.org\/it\/wp-json\/wp\/v2\/tags?post=62791"},{"taxonomy":"technique","embeddable":true,"href":"https:\/\/www.iemj.org\/it\/wp-json\/wp\/v2\/technique?post=62791"},{"taxonomy":"squelettes","embeddable":true,"href":"https:\/\/www.iemj.org\/it\/wp-json\/wp\/v2\/squelettes?post=62791"},{"taxonomy":"sujet","embeddable":true,"href":"https:\/\/www.iemj.org\/it\/wp-json\/wp\/v2\/sujet?post=62791"},{"taxonomy":"formation","embeddable":true,"href":"https:\/\/www.iemj.org\/it\/wp-json\/wp\/v2\/formation?post=62791"},{"taxonomy":"genre","embeddable":true,"href":"https:\/\/www.iemj.org\/it\/wp-json\/wp\/v2\/genre?post=62791"},{"taxonomy":"fonds","embeddable":true,"href":"https:\/\/www.iemj.org\/it\/wp-json\/wp\/v2\/fonds?post=62791"},{"taxonomy":"tradition","embeddable":true,"href":"https:\/\/www.iemj.org\/it\/wp-json\/wp\/v2\/tradition?post=62791"},{"taxonomy":"type-de-contenu","embeddable":true,"href":"https:\/\/www.iemj.org\/it\/wp-json\/wp\/v2\/type-de-contenu?post=62791"},{"taxonomy":"interprete-compositeur","embeddable":true,"href":"https:\/\/www.iemj.org\/it\/wp-json\/wp\/v2\/interprete-compositeur?post=62791"},{"taxonomy":"frise","embeddable":true,"href":"https:\/\/www.iemj.org\/it\/wp-json\/wp\/v2\/frise?post=62791"},{"taxonomy":"type-devenement","embeddable":true,"href":"https:\/\/www.iemj.org\/it\/wp-json\/wp\/v2\/type-devenement?post=62791"},{"taxonomy":"tableaux-liens-externes","embeddable":true,"href":"https:\/\/www.iemj.org\/it\/wp-json\/wp\/v2\/tableaux-liens-externes?post=62791"}],"curies":[{"name":"wp","href":"https:\/\/api.w.org\/{rel}","templated":true}]}}