{"id":63728,"date":"2016-04-28T16:29:13","date_gmt":"2016-04-28T14:29:13","guid":{"rendered":"https:\/\/www.iemj.org\/les-archives-musicales-de-la-synagogue-de-reims\/"},"modified":"2021-09-14T11:00:21","modified_gmt":"2021-09-14T09:00:21","slug":"les-archives-musicales-de-la-synagogue-de-reims","status":"publish","type":"post","link":"https:\/\/www.iemj.org\/it\/les-archives-musicales-de-la-synagogue-de-reims\/","title":{"rendered":"Gli archivi musicali della sinagoga di Reims"},"content":{"rendered":"<p>Tra maggio 2014 e aprile 2016, quasi 150 spartiti manoscritti della sinagoga di Reims sono state raccolti e digitalizzati dall&#8217;IEMJ. Julianne Unterberger e Herv\u00e9 Roten ripercorrono qui la storia della comunit\u00e0 di Reims e delle sue numerose attivit\u00e0 culturali.<\/p>\n<p><!--more--><\/p>\n<p>Il 13 maggio 2014, l&#8217;associazione culturale e sociale ebraica di Reims (ACSIR), presieduta da Julianne Unterberger, ha invitato Herv\u00e9 Roten, direttore dell&#8217;IEMJ, a tenere una conferenza sul tema della &#8220;Scoperta delle musiche ebraiche&#8221;. In questa occasione, Julianne Unterberger, sotto l&#8217;autorit\u00e0 del dottor Marc Lagache, presidente della comunit\u00e0 di Reims, ha consegnato all&#8217;Istituto Europeo di Musiche Ebraiche 132 spartiti, prevalentemente manoscritti, risalenti all&#8217;inizio del XX secolo.<\/p>\n<p>\u00a0<\/p>\n<p><img fetchpriority=\"high\" decoding=\"async\" class=\" alignright size-full wp-image-10437\" src=\"https:\/\/www.iemj.org\/wp-content\/uploads\/2016\/04\/doc_2_500px.jpg\" alt=\"doc_2_500px.jpg\" width=\"301\" height=\"207\" align=\"right\" \/><\/p>\n<p>Questa raccolta d&#8217;archivi \u00e8 stata completata il 18 aprile 2016 da un&#8217;ulteriore donazione di una decina di raccolte musicali in uno stato di conservazione parzialmente degradato. Fu Jean-Gabriel Davis, responsabile delle collezioni dell&#8217;IEMJ, che si \u00e8 recato a Reims per ricuperare questi ultimi documenti che oggi fanno dell&#8217;IEMJ la memoria musicale vivente della comunit\u00e0 di Reims.<\/p>\n<p>\u00a0<\/p>\n<p><img decoding=\"async\" class=\" alignleft size-full wp-image-10439\" src=\"https:\/\/www.iemj.org\/wp-content\/uploads\/2016\/04\/doc_3_orgue_500px.jpg\" alt=\"doc_3_orgue_500px.jpg\" width=\"257\" height=\"193\" align=\"left\" \/>Troviamo, infatti, in questi archivi, la menzione dei principali cantori, arrangiatori, organisti e coristi (L\u00e9on Schwartz, ministro-officiante nel 1895, Salomon Schwartz, L\u00e9on Ross, Jules Fuzy, Fred Kitziger &#8230;) che hanno contribuito a far vivere il rito ashkenazita di Reims, principalmente tra il 1879 e la fine degli anni &#8217;60. Questa liturgia ashkenazita di Reims deriva dal rito &#8220;tedesco&#8221; che ebbe luogo in Alsazia &#8211; Lorena all&#8217;inizio del XIX secolo, ed il cui principale rappresentante oggi \u00e8 la Grande Sinagoga della Vittoria a Parigi. Ma come spesso accade, questo rito ufficiale ashkenazita ha delle peculiarit\u00e0 musicali locali che sono pi\u00f9 dovute alla personalit\u00e0 dei cantori, direttori di coro e altri arrangiatori che hanno voluto lasciare la loro impronta nel repertorio della loro sinagoga, che a delle vere e proprie varianti rituali.<\/p>\n<p><strong><a href=\"http:\/\/www.rachelnet.net\/F\/?func=find-c&amp;ccl_term=WHOC%3Dreims&amp;local_base=iemcg&amp;x=0&amp;y=0\" target=\"_blank\" rel=\"noopener\">Accedere al Fondo della sinagoga di Reims<\/a><\/strong><\/p>\n<p><span style=\"font-size: large;\"><strong>La presenza ebraica a Reims (di <em>Julianne Unterberger)<\/em><\/strong><\/span><\/p>\n<p>Viene menzionata per la prima volta nell&#8217;XI secolo. In seguito alla pubblicazione dell&#8217;editto del Parlamento di Parigi del 1270, gli ebrei furono espulsi e la comunit\u00e0 ebraica di Reims scomparve nel corso del XIV secolo fino alla Rivoluzione francese. Mentre un primo ritorno avvenne verso la fine del XVIII secolo, fu solo dopo la sconfitta del 1870 che Reims conobbe un grande afflusso di ebrei dall&#8217;Alsazia e dalla Mosella. Nel 1875 la comunit\u00e0 nomin\u00f2 il suo primo rabbino Emile Cahen ma avendo a disposizione solo un piccolo oratorio, la costruzione di una nuova sinagoga divenne una necessit\u00e0.<\/p>\n<p><span style=\"font-size: large;\"><strong>La sinagoga di Reims<\/strong><\/span><br \/>La sinagoga di Reims, inaugurata il 5 settembre 1879, \u00e8 opera di Ernest Brunette, figlio dell&#8217;architetto municipale Narcisse Brunette. La sua decorazione &#8211; le vetrate colorate e le pitture murali &#8211; realizzata nello stile neo-moresco <span style=\"font-size: inherit;\"><img decoding=\"async\" class=\"size-full wp-image-10441 alignright\" src=\"https:\/\/www.iemj.org\/wp-content\/uploads\/2016\/04\/syna_reims_500px.jpg\" alt=\"syna_reims_500px.jpg\" width=\"395\" height=\"287\" align=\"middle\" srcset=\"https:\/\/www.iemj.org\/wp-content\/uploads\/2016\/04\/syna_reims_500px.jpg 395w, https:\/\/www.iemj.org\/wp-content\/uploads\/2016\/04\/syna_reims_500px-300x218.jpg 300w\" sizes=\"(max-width: 395px) 100vw, 395px\" \/><\/span>dell&#8217;epoca, fu eseguita da MARQUANT-VOGEL, maestro vetraio locale.<\/p>\n<p>L&#8217;organo della Sinagoga, opera del fabbricante di organi di Reims Augustin BRISSET, \u00e8 stato inaugurato nel 1901. \u00c8 veramente degno di interesse e la sua qualit\u00e0 di realizzazione \u00e8 da sottolineare. Oggi rimangono solo due organi Brisset, quello della sinagoga di Reims e quello della chiesa di Nostra Signora di Hirson.<\/p>\n<p><span style=\"font-size: inherit;\">La sinagoga di Reims \u00e8 stata iscritta nel 1989 nell&#8217;inventario supplementare dei Monumenti storici.<br \/><\/span><\/p>\n<p><span style=\"font-size: large;\"><strong>Dal 1945 al 1970<\/strong><\/span><br \/>Dopo la Seconda Guerra mondiale la comunit\u00e0 era ridotta a 109 membri.<br \/>Fu solo dopo l&#8217;esodo dei Francesi dal Nord Africa che il numero di ebrei raggiunse i 650 nel 1970, il livello pi\u00f9 alto dalla fine del XIX secolo.<\/p>\n<p><span style=\"font-size: large;\"><strong>La diffusionne della cultura ebraica<\/strong><\/span><br \/>Gli statuti dell&#8217;associazione cultuale isaelita di Reims, nota come ACI de Reims, furono stabiliti nel 1905. <a href=\"https:\/\/acsireims.wixsite.com\/culturejuive-reims\" target=\"_blank\" rel=\"noopener\">L&#8217;associazione culturale e sociale israelita di Reims (nota come ACSIR)<\/a>, creata nell&#8217;aprile 1995 da questa ACI, mira a diffondere la cultura ebraica e la preservazione della sinagoga. La maggior parte dei partecipanti a tutte le attivit\u00e0 offerte sono non-ebrei. Dal 2003 ACSIR organizza regolarmente conferenze, mostre, seminari, concerti, corsi di ebraico moderno, incontri sul giudaismo, visite guidate alla sinagoga per tutti i gruppi di bambini o di adulti\u2026 Inoltre, ha creato un coro di canti ebraici. Tutti questi eventi sono gratuiti ed aperti a tutti.<\/p>\n<p>ACSIR ha anche creato le edizioni ACSIREIMS ed pubblica in particolare alcune conferenze e gli Atti dei convegni che organizza. Gli archivi audio e video di questi eventi possono essere trovati sul <a href=\"https:\/\/acsirpublications.wixsite.com\/publications-acsir\" target=\"_blank\" rel=\"noopener\">loro sito web<\/a>.<\/p>\n\n\n<p><\/p>\n","protected":false},"excerpt":{"rendered":"<p>Tra maggio 2014 e aprile 2016, quasi 150 spartiti manoscritti della sinagoga di Reims sono state raccolti e digitalizzati dall&#8217;IEMJ. Julianne Unterberger e Herv\u00e9 Roten ripercorrono qui la storia della<\/p>\n","protected":false},"author":1045,"featured_media":63729,"comment_status":"closed","ping_status":"open","sticky":false,"template":"","format":"standard","meta":{"_acf_changed":false,"footnotes":""},"categories":[1586],"tags":[],"technique":[],"squelettes":[],"sujet":[],"formation":[],"genre":[1892],"fonds":[],"tradition":[],"type-de-contenu":[],"interprete-compositeur":[],"frise":[],"type-devenement":[],"tableaux-liens-externes":[],"class_list":["post-63728","post","type-post","status-publish","format-standard","has-post-thumbnail","hentry","category-fondi-principali-it","genre-liturgia-it"],"acf":[],"yoast_head":"<!-- This site is optimized with the Yoast SEO plugin v27.3 - https:\/\/yoast.com\/product\/yoast-seo-wordpress\/ -->\n<title>Gli archivi musicali della sinagoga di Reims - Institut Europ\u00e9en des Musiques Juives<\/title>\n<meta name=\"robots\" content=\"index, follow, max-snippet:-1, max-image-preview:large, max-video-preview:-1\" \/>\n<link rel=\"canonical\" href=\"https:\/\/www.iemj.org\/it\/les-archives-musicales-de-la-synagogue-de-reims\/\" \/>\n<meta property=\"og:locale\" content=\"it_IT\" \/>\n<meta property=\"og:type\" content=\"article\" \/>\n<meta property=\"og:title\" content=\"Gli archivi musicali della sinagoga di Reims - Institut Europ\u00e9en des Musiques Juives\" \/>\n<meta property=\"og:description\" content=\"Tra maggio 2014 e aprile 2016, quasi 150 spartiti manoscritti della sinagoga di Reims sono state raccolti e digitalizzati dall&#8217;IEMJ. Julianne Unterberger e Herv\u00e9 Roten ripercorrono qui la storia della\" \/>\n<meta property=\"og:url\" content=\"https:\/\/www.iemj.org\/it\/les-archives-musicales-de-la-synagogue-de-reims\/\" \/>\n<meta property=\"og:site_name\" content=\"Institut Europ\u00e9en des Musiques Juives\" \/>\n<meta property=\"article:publisher\" content=\"https:\/\/www.facebook.com\/MusiquesJuives\/\" \/>\n<meta property=\"article:published_time\" content=\"2016-04-28T14:29:13+00:00\" \/>\n<meta property=\"article:modified_time\" content=\"2021-09-14T09:00:21+00:00\" \/>\n<meta property=\"og:image\" content=\"https:\/\/www.iemj.org\/wp-content\/uploads\/2016\/04\/arton1641-e1618490472785.jpg\" \/>\n\t<meta property=\"og:image:width\" content=\"350\" \/>\n\t<meta property=\"og:image:height\" content=\"447\" \/>\n\t<meta property=\"og:image:type\" content=\"image\/jpeg\" \/>\n<meta name=\"author\" content=\"Herv\u00e9 Roten\" \/>\n<meta name=\"twitter:card\" content=\"summary_large_image\" \/>\n<meta name=\"twitter:label1\" content=\"Scritto da\" \/>\n\t<meta name=\"twitter:data1\" content=\"Herv\u00e9 Roten\" \/>\n\t<meta name=\"twitter:label2\" content=\"Tempo di lettura stimato\" \/>\n\t<meta name=\"twitter:data2\" content=\"4 minuti\" \/>\n<script type=\"application\/ld+json\" class=\"yoast-schema-graph\">{\"@context\":\"https:\\\/\\\/schema.org\",\"@graph\":[{\"@type\":\"Article\",\"@id\":\"https:\\\/\\\/www.iemj.org\\\/it\\\/les-archives-musicales-de-la-synagogue-de-reims\\\/#article\",\"isPartOf\":{\"@id\":\"https:\\\/\\\/www.iemj.org\\\/it\\\/les-archives-musicales-de-la-synagogue-de-reims\\\/\"},\"author\":{\"name\":\"Herv\u00e9 Roten\",\"@id\":\"https:\\\/\\\/www.iemj.org\\\/it\\\/#\\\/schema\\\/person\\\/906134402c29d5c76e7b726261dd4bbd\"},\"headline\":\"Gli archivi musicali della sinagoga di Reims\",\"datePublished\":\"2016-04-28T14:29:13+00:00\",\"dateModified\":\"2021-09-14T09:00:21+00:00\",\"mainEntityOfPage\":{\"@id\":\"https:\\\/\\\/www.iemj.org\\\/it\\\/les-archives-musicales-de-la-synagogue-de-reims\\\/\"},\"wordCount\":695,\"publisher\":{\"@id\":\"https:\\\/\\\/www.iemj.org\\\/it\\\/#organization\"},\"image\":{\"@id\":\"https:\\\/\\\/www.iemj.org\\\/it\\\/les-archives-musicales-de-la-synagogue-de-reims\\\/#primaryimage\"},\"thumbnailUrl\":\"https:\\\/\\\/www.iemj.org\\\/wp-content\\\/uploads\\\/2016\\\/04\\\/arton1641-e1618490472785.jpg\",\"articleSection\":[\"Fondi principali\"],\"inLanguage\":\"it-IT\"},{\"@type\":\"WebPage\",\"@id\":\"https:\\\/\\\/www.iemj.org\\\/it\\\/les-archives-musicales-de-la-synagogue-de-reims\\\/\",\"url\":\"https:\\\/\\\/www.iemj.org\\\/it\\\/les-archives-musicales-de-la-synagogue-de-reims\\\/\",\"name\":\"Gli archivi musicali della sinagoga di Reims - Institut Europ\u00e9en des Musiques Juives\",\"isPartOf\":{\"@id\":\"https:\\\/\\\/www.iemj.org\\\/it\\\/#website\"},\"primaryImageOfPage\":{\"@id\":\"https:\\\/\\\/www.iemj.org\\\/it\\\/les-archives-musicales-de-la-synagogue-de-reims\\\/#primaryimage\"},\"image\":{\"@id\":\"https:\\\/\\\/www.iemj.org\\\/it\\\/les-archives-musicales-de-la-synagogue-de-reims\\\/#primaryimage\"},\"thumbnailUrl\":\"https:\\\/\\\/www.iemj.org\\\/wp-content\\\/uploads\\\/2016\\\/04\\\/arton1641-e1618490472785.jpg\",\"datePublished\":\"2016-04-28T14:29:13+00:00\",\"dateModified\":\"2021-09-14T09:00:21+00:00\",\"breadcrumb\":{\"@id\":\"https:\\\/\\\/www.iemj.org\\\/it\\\/les-archives-musicales-de-la-synagogue-de-reims\\\/#breadcrumb\"},\"inLanguage\":\"it-IT\",\"potentialAction\":[{\"@type\":\"ReadAction\",\"target\":[\"https:\\\/\\\/www.iemj.org\\\/it\\\/les-archives-musicales-de-la-synagogue-de-reims\\\/\"]}]},{\"@type\":\"ImageObject\",\"inLanguage\":\"it-IT\",\"@id\":\"https:\\\/\\\/www.iemj.org\\\/it\\\/les-archives-musicales-de-la-synagogue-de-reims\\\/#primaryimage\",\"url\":\"https:\\\/\\\/www.iemj.org\\\/wp-content\\\/uploads\\\/2016\\\/04\\\/arton1641-e1618490472785.jpg\",\"contentUrl\":\"https:\\\/\\\/www.iemj.org\\\/wp-content\\\/uploads\\\/2016\\\/04\\\/arton1641-e1618490472785.jpg\",\"width\":350,\"height\":447},{\"@type\":\"BreadcrumbList\",\"@id\":\"https:\\\/\\\/www.iemj.org\\\/it\\\/les-archives-musicales-de-la-synagogue-de-reims\\\/#breadcrumb\",\"itemListElement\":[{\"@type\":\"ListItem\",\"position\":1,\"name\":\"Accueil\",\"item\":\"https:\\\/\\\/www.iemj.org\\\/it\\\/\"},{\"@type\":\"ListItem\",\"position\":2,\"name\":\"Gli archivi musicali della sinagoga di Reims\"}]},{\"@type\":\"WebSite\",\"@id\":\"https:\\\/\\\/www.iemj.org\\\/it\\\/#website\",\"url\":\"https:\\\/\\\/www.iemj.org\\\/it\\\/\",\"name\":\"Institut Europ\u00e9en des Musiques Juives\",\"description\":\"Des traditions musicales \u00e0 la port\u00e9e de tous\",\"publisher\":{\"@id\":\"https:\\\/\\\/www.iemj.org\\\/it\\\/#organization\"},\"potentialAction\":[{\"@type\":\"SearchAction\",\"target\":{\"@type\":\"EntryPoint\",\"urlTemplate\":\"https:\\\/\\\/www.iemj.org\\\/it\\\/?s={search_term_string}\"},\"query-input\":{\"@type\":\"PropertyValueSpecification\",\"valueRequired\":true,\"valueName\":\"search_term_string\"}}],\"inLanguage\":\"it-IT\"},{\"@type\":\"Organization\",\"@id\":\"https:\\\/\\\/www.iemj.org\\\/it\\\/#organization\",\"name\":\"Institut Europ\u00e9en des Musiques Juives\",\"url\":\"https:\\\/\\\/www.iemj.org\\\/it\\\/\",\"logo\":{\"@type\":\"ImageObject\",\"inLanguage\":\"it-IT\",\"@id\":\"https:\\\/\\\/www.iemj.org\\\/it\\\/#\\\/schema\\\/logo\\\/image\\\/\",\"url\":\"https:\\\/\\\/www.iemj.org\\\/wp-content\\\/uploads\\\/2021\\\/09\\\/Logo-IEMJ-Paypal.jpg\",\"contentUrl\":\"https:\\\/\\\/www.iemj.org\\\/wp-content\\\/uploads\\\/2021\\\/09\\\/Logo-IEMJ-Paypal.jpg\",\"width\":150,\"height\":50,\"caption\":\"Institut Europ\u00e9en des Musiques Juives\"},\"image\":{\"@id\":\"https:\\\/\\\/www.iemj.org\\\/it\\\/#\\\/schema\\\/logo\\\/image\\\/\"},\"sameAs\":[\"https:\\\/\\\/www.facebook.com\\\/MusiquesJuives\\\/\",\"https:\\\/\\\/www.instagram.com\\\/musiquesjuives\\\/\",\"https:\\\/\\\/www.youtube.com\\\/user\\\/musiquesjuives\"]},{\"@type\":\"Person\",\"@id\":\"https:\\\/\\\/www.iemj.org\\\/it\\\/#\\\/schema\\\/person\\\/906134402c29d5c76e7b726261dd4bbd\",\"name\":\"Herv\u00e9 Roten\",\"image\":{\"@type\":\"ImageObject\",\"inLanguage\":\"it-IT\",\"@id\":\"https:\\\/\\\/secure.gravatar.com\\\/avatar\\\/f96ad2db538a26481f18384936b5cd0610c92d390c4dc382209216d455f685ff?s=96&d=mm&r=g\",\"url\":\"https:\\\/\\\/secure.gravatar.com\\\/avatar\\\/f96ad2db538a26481f18384936b5cd0610c92d390c4dc382209216d455f685ff?s=96&d=mm&r=g\",\"contentUrl\":\"https:\\\/\\\/secure.gravatar.com\\\/avatar\\\/f96ad2db538a26481f18384936b5cd0610c92d390c4dc382209216d455f685ff?s=96&d=mm&r=g\",\"caption\":\"Herv\u00e9 Roten\"}}]}<\/script>\n<!-- \/ Yoast SEO plugin. -->","yoast_head_json":{"title":"Gli archivi musicali della sinagoga di Reims - Institut Europ\u00e9en des Musiques Juives","robots":{"index":"index","follow":"follow","max-snippet":"max-snippet:-1","max-image-preview":"max-image-preview:large","max-video-preview":"max-video-preview:-1"},"canonical":"https:\/\/www.iemj.org\/it\/les-archives-musicales-de-la-synagogue-de-reims\/","og_locale":"it_IT","og_type":"article","og_title":"Gli archivi musicali della sinagoga di Reims - Institut Europ\u00e9en des Musiques Juives","og_description":"Tra maggio 2014 e aprile 2016, quasi 150 spartiti manoscritti della sinagoga di Reims sono state raccolti e digitalizzati dall&#8217;IEMJ. Julianne Unterberger e Herv\u00e9 Roten ripercorrono qui la storia della","og_url":"https:\/\/www.iemj.org\/it\/les-archives-musicales-de-la-synagogue-de-reims\/","og_site_name":"Institut Europ\u00e9en des Musiques Juives","article_publisher":"https:\/\/www.facebook.com\/MusiquesJuives\/","article_published_time":"2016-04-28T14:29:13+00:00","article_modified_time":"2021-09-14T09:00:21+00:00","og_image":[{"width":350,"height":447,"url":"https:\/\/www.iemj.org\/wp-content\/uploads\/2016\/04\/arton1641-e1618490472785.jpg","type":"image\/jpeg"}],"author":"Herv\u00e9 Roten","twitter_card":"summary_large_image","twitter_misc":{"Scritto da":"Herv\u00e9 Roten","Tempo di lettura stimato":"4 minuti"},"schema":{"@context":"https:\/\/schema.org","@graph":[{"@type":"Article","@id":"https:\/\/www.iemj.org\/it\/les-archives-musicales-de-la-synagogue-de-reims\/#article","isPartOf":{"@id":"https:\/\/www.iemj.org\/it\/les-archives-musicales-de-la-synagogue-de-reims\/"},"author":{"name":"Herv\u00e9 Roten","@id":"https:\/\/www.iemj.org\/it\/#\/schema\/person\/906134402c29d5c76e7b726261dd4bbd"},"headline":"Gli archivi musicali della sinagoga di Reims","datePublished":"2016-04-28T14:29:13+00:00","dateModified":"2021-09-14T09:00:21+00:00","mainEntityOfPage":{"@id":"https:\/\/www.iemj.org\/it\/les-archives-musicales-de-la-synagogue-de-reims\/"},"wordCount":695,"publisher":{"@id":"https:\/\/www.iemj.org\/it\/#organization"},"image":{"@id":"https:\/\/www.iemj.org\/it\/les-archives-musicales-de-la-synagogue-de-reims\/#primaryimage"},"thumbnailUrl":"https:\/\/www.iemj.org\/wp-content\/uploads\/2016\/04\/arton1641-e1618490472785.jpg","articleSection":["Fondi principali"],"inLanguage":"it-IT"},{"@type":"WebPage","@id":"https:\/\/www.iemj.org\/it\/les-archives-musicales-de-la-synagogue-de-reims\/","url":"https:\/\/www.iemj.org\/it\/les-archives-musicales-de-la-synagogue-de-reims\/","name":"Gli archivi musicali della sinagoga di Reims - Institut Europ\u00e9en des Musiques Juives","isPartOf":{"@id":"https:\/\/www.iemj.org\/it\/#website"},"primaryImageOfPage":{"@id":"https:\/\/www.iemj.org\/it\/les-archives-musicales-de-la-synagogue-de-reims\/#primaryimage"},"image":{"@id":"https:\/\/www.iemj.org\/it\/les-archives-musicales-de-la-synagogue-de-reims\/#primaryimage"},"thumbnailUrl":"https:\/\/www.iemj.org\/wp-content\/uploads\/2016\/04\/arton1641-e1618490472785.jpg","datePublished":"2016-04-28T14:29:13+00:00","dateModified":"2021-09-14T09:00:21+00:00","breadcrumb":{"@id":"https:\/\/www.iemj.org\/it\/les-archives-musicales-de-la-synagogue-de-reims\/#breadcrumb"},"inLanguage":"it-IT","potentialAction":[{"@type":"ReadAction","target":["https:\/\/www.iemj.org\/it\/les-archives-musicales-de-la-synagogue-de-reims\/"]}]},{"@type":"ImageObject","inLanguage":"it-IT","@id":"https:\/\/www.iemj.org\/it\/les-archives-musicales-de-la-synagogue-de-reims\/#primaryimage","url":"https:\/\/www.iemj.org\/wp-content\/uploads\/2016\/04\/arton1641-e1618490472785.jpg","contentUrl":"https:\/\/www.iemj.org\/wp-content\/uploads\/2016\/04\/arton1641-e1618490472785.jpg","width":350,"height":447},{"@type":"BreadcrumbList","@id":"https:\/\/www.iemj.org\/it\/les-archives-musicales-de-la-synagogue-de-reims\/#breadcrumb","itemListElement":[{"@type":"ListItem","position":1,"name":"Accueil","item":"https:\/\/www.iemj.org\/it\/"},{"@type":"ListItem","position":2,"name":"Gli archivi musicali della sinagoga di Reims"}]},{"@type":"WebSite","@id":"https:\/\/www.iemj.org\/it\/#website","url":"https:\/\/www.iemj.org\/it\/","name":"Institut Europ\u00e9en des Musiques Juives","description":"Des traditions musicales \u00e0 la port\u00e9e de tous","publisher":{"@id":"https:\/\/www.iemj.org\/it\/#organization"},"potentialAction":[{"@type":"SearchAction","target":{"@type":"EntryPoint","urlTemplate":"https:\/\/www.iemj.org\/it\/?s={search_term_string}"},"query-input":{"@type":"PropertyValueSpecification","valueRequired":true,"valueName":"search_term_string"}}],"inLanguage":"it-IT"},{"@type":"Organization","@id":"https:\/\/www.iemj.org\/it\/#organization","name":"Institut Europ\u00e9en des Musiques Juives","url":"https:\/\/www.iemj.org\/it\/","logo":{"@type":"ImageObject","inLanguage":"it-IT","@id":"https:\/\/www.iemj.org\/it\/#\/schema\/logo\/image\/","url":"https:\/\/www.iemj.org\/wp-content\/uploads\/2021\/09\/Logo-IEMJ-Paypal.jpg","contentUrl":"https:\/\/www.iemj.org\/wp-content\/uploads\/2021\/09\/Logo-IEMJ-Paypal.jpg","width":150,"height":50,"caption":"Institut Europ\u00e9en des Musiques Juives"},"image":{"@id":"https:\/\/www.iemj.org\/it\/#\/schema\/logo\/image\/"},"sameAs":["https:\/\/www.facebook.com\/MusiquesJuives\/","https:\/\/www.instagram.com\/musiquesjuives\/","https:\/\/www.youtube.com\/user\/musiquesjuives"]},{"@type":"Person","@id":"https:\/\/www.iemj.org\/it\/#\/schema\/person\/906134402c29d5c76e7b726261dd4bbd","name":"Herv\u00e9 Roten","image":{"@type":"ImageObject","inLanguage":"it-IT","@id":"https:\/\/secure.gravatar.com\/avatar\/f96ad2db538a26481f18384936b5cd0610c92d390c4dc382209216d455f685ff?s=96&d=mm&r=g","url":"https:\/\/secure.gravatar.com\/avatar\/f96ad2db538a26481f18384936b5cd0610c92d390c4dc382209216d455f685ff?s=96&d=mm&r=g","contentUrl":"https:\/\/secure.gravatar.com\/avatar\/f96ad2db538a26481f18384936b5cd0610c92d390c4dc382209216d455f685ff?s=96&d=mm&r=g","caption":"Herv\u00e9 Roten"}}]}},"_links":{"self":[{"href":"https:\/\/www.iemj.org\/it\/wp-json\/wp\/v2\/posts\/63728","targetHints":{"allow":["GET"]}}],"collection":[{"href":"https:\/\/www.iemj.org\/it\/wp-json\/wp\/v2\/posts"}],"about":[{"href":"https:\/\/www.iemj.org\/it\/wp-json\/wp\/v2\/types\/post"}],"author":[{"embeddable":true,"href":"https:\/\/www.iemj.org\/it\/wp-json\/wp\/v2\/users\/1045"}],"replies":[{"embeddable":true,"href":"https:\/\/www.iemj.org\/it\/wp-json\/wp\/v2\/comments?post=63728"}],"version-history":[{"count":0,"href":"https:\/\/www.iemj.org\/it\/wp-json\/wp\/v2\/posts\/63728\/revisions"}],"wp:featuredmedia":[{"embeddable":true,"href":"https:\/\/www.iemj.org\/it\/wp-json\/wp\/v2\/media\/63729"}],"wp:attachment":[{"href":"https:\/\/www.iemj.org\/it\/wp-json\/wp\/v2\/media?parent=63728"}],"wp:term":[{"taxonomy":"category","embeddable":true,"href":"https:\/\/www.iemj.org\/it\/wp-json\/wp\/v2\/categories?post=63728"},{"taxonomy":"post_tag","embeddable":true,"href":"https:\/\/www.iemj.org\/it\/wp-json\/wp\/v2\/tags?post=63728"},{"taxonomy":"technique","embeddable":true,"href":"https:\/\/www.iemj.org\/it\/wp-json\/wp\/v2\/technique?post=63728"},{"taxonomy":"squelettes","embeddable":true,"href":"https:\/\/www.iemj.org\/it\/wp-json\/wp\/v2\/squelettes?post=63728"},{"taxonomy":"sujet","embeddable":true,"href":"https:\/\/www.iemj.org\/it\/wp-json\/wp\/v2\/sujet?post=63728"},{"taxonomy":"formation","embeddable":true,"href":"https:\/\/www.iemj.org\/it\/wp-json\/wp\/v2\/formation?post=63728"},{"taxonomy":"genre","embeddable":true,"href":"https:\/\/www.iemj.org\/it\/wp-json\/wp\/v2\/genre?post=63728"},{"taxonomy":"fonds","embeddable":true,"href":"https:\/\/www.iemj.org\/it\/wp-json\/wp\/v2\/fonds?post=63728"},{"taxonomy":"tradition","embeddable":true,"href":"https:\/\/www.iemj.org\/it\/wp-json\/wp\/v2\/tradition?post=63728"},{"taxonomy":"type-de-contenu","embeddable":true,"href":"https:\/\/www.iemj.org\/it\/wp-json\/wp\/v2\/type-de-contenu?post=63728"},{"taxonomy":"interprete-compositeur","embeddable":true,"href":"https:\/\/www.iemj.org\/it\/wp-json\/wp\/v2\/interprete-compositeur?post=63728"},{"taxonomy":"frise","embeddable":true,"href":"https:\/\/www.iemj.org\/it\/wp-json\/wp\/v2\/frise?post=63728"},{"taxonomy":"type-devenement","embeddable":true,"href":"https:\/\/www.iemj.org\/it\/wp-json\/wp\/v2\/type-devenement?post=63728"},{"taxonomy":"tableaux-liens-externes","embeddable":true,"href":"https:\/\/www.iemj.org\/it\/wp-json\/wp\/v2\/tableaux-liens-externes?post=63728"}],"curies":[{"name":"wp","href":"https:\/\/api.w.org\/{rel}","templated":true}]}}