{"id":63867,"date":"2016-05-19T16:02:25","date_gmt":"2016-05-19T14:02:25","guid":{"rendered":"https:\/\/www.iemj.org\/sauvegarde-des-archives-musicales-de-la-grande-synagogue-de-metz\/"},"modified":"2021-09-14T12:44:04","modified_gmt":"2021-09-14T10:44:04","slug":"sauvegarde-des-archives-musicales-de-la-grande-synagogue-de-metz","status":"publish","type":"post","link":"https:\/\/www.iemj.org\/it\/sauvegarde-des-archives-musicales-de-la-grande-synagogue-de-metz\/","title":{"rendered":"Fondi della sinagoga di Metz"},"content":{"rendered":"<p>Tra giugno e settembre 2015, quasi 500 spartiti e altri documenti della Comunit\u00e0 di Metz sono stati digitalizzati dall&#8217;IEMJ, che preserva cos\u00ec una parte importante del patrimonio musicale ashkenazita francese. Questa azione \u00e8 stata resa possibile grazie al sostegno della <strong>Fondazione per la Memoria della Shoah <\/strong>e della<strong> Fondazione Rothschild (Hanadiv) Europe<\/strong><\/p>\n<p>Il 4 giugno 2015, in accordo con gli anziani ed attuali presidenti della comunit\u00e0 di Metz, MM. Patrick Lazarus e Philippe Wolff, ed il presidente del Concistoro israelita della Mosella, Jean-Claude Michel, l&#8217;IEMJ ha accolto nelle sue collezioni gli archivi musicali della grande sinagoga di Metz.<\/p>\n<p><img fetchpriority=\"high\" decoding=\"async\" class=\" alignright size-full wp-image-10739\" src=\"https:\/\/www.iemj.org\/wp-content\/uploads\/2016\/05\/doc1metz500px_plus_petit.jpg\" alt=\"doc1metz500px_plus_petit.jpg\" width=\"225\" height=\"477\" align=\"right\" srcset=\"https:\/\/www.iemj.org\/wp-content\/uploads\/2016\/05\/doc1metz500px_plus_petit.jpg 225w, https:\/\/www.iemj.org\/wp-content\/uploads\/2016\/05\/doc1metz500px_plus_petit-142x300.jpg 142w\" sizes=\"(max-width: 225px) 100vw, 225px\" \/>Questi archivi, che rappresentano circa 3 metri lineari di documenti, sono costituiti essenzialmente da spartiti manoscritti databili dalla seconda met\u00e0 dell&#8217;Ottocento ai giorni nostri.<\/p>\n<p>Molti di questi spartiti presentavano tracce di umidit\u00e0 e di muffa che hanno richiesto una immediata gestione di questa raccolta che ha dovuto essere trattata con un aspirapolvere \u201cspeciale conservazione\u201d e ricondizionata con materiale d&#8217;archivio professionale.<\/p>\n<p>Un inventario di questo fondo sinagogale \u00e8 stato compilato. Ad oggi sono stati repertoriati 220 spartiti. Alcuni sono ancora attualmente in uso, mentre altri sono caduti nell\u2019oblio. Molti vecchi spartiti hanno un timbro tedesco degli anni 1870-1918.<\/p>\n<p>La classificazione e lo studio di questa raccolta hanno richiesto una costante supervisione musicologica. In effetti, numerosi spartiti erano in un tale stato di abbandono che a volte si \u00e8 dovuto ricostruirli ricercando le pagine mancanti o rimettendoli nell\u2019ordine. Questo lavoro \u00e8 stato realizzato da Herv\u00e9 Roten, dottore in musicologia e direttore dell&#8217;IEMJ.<\/p>\n<p><img decoding=\"async\" class=\" aligncenter size-full wp-image-10741\" src=\"https:\/\/www.iemj.org\/wp-content\/uploads\/2016\/05\/doc2_metz500px_plus_petit.jpg\" alt=\"doc2_metz500px_plus_petit.jpg\" width=\"425\" height=\"281\" align=\"middle\" srcset=\"https:\/\/www.iemj.org\/wp-content\/uploads\/2016\/05\/doc2_metz500px_plus_petit.jpg 425w, https:\/\/www.iemj.org\/wp-content\/uploads\/2016\/05\/doc2_metz500px_plus_petit-300x198.jpg 300w\" sizes=\"(max-width: 425px) 100vw, 425px\" \/><\/p>\n<p>A questo fondo sinagogale, si sono aggiunte due collezioni di archivi privati che completano mirabilmente bene gli archivi della Sinagoga di Metz. La prima collezione concerne gli archivi di Salomon Binn, cantore a Metz negli anni &#8217;20, e di suo figlio <a href=\"https:\/\/www.iemj.org\/en\/binn-sylvain-1911-1999\/\" target=\"_blank\" rel=\"noopener\">Sylvain Binn<\/a>, direttore del coro della sinagoga dopo la Seconda Guerra mondiale. Questo fondo di circa 2,5 metri lineari \u00e8 stato donato all&#8217;IEMJ da Serge Binn, figlio di Sylvain e nipote di Salomon Binn. Contiene quasi 230 documenti: spartiti, fotografie, estratti di stampa, poster &#8230; Serge Binn ha fornito numerose e preziose informazioni su questa raccolta dando delle precisazioni su di un gran numero di documenti (foto, spartiti, stampa, ecc.).<\/p>\n<p>La seconda collezione d&#8217;archivio privato proviene dal cantore <a href=\"https:\/\/www.iemj.org\/en\/kirch-albert-1918-2016\/\" target=\"_blank\" rel=\"noopener\">Albert Kirch (1918-2016)<\/a>, che ha officiato a Metz dagli anni Cinquanta agli anni Ottanta e contiene una cinquantina di documenti: partiture di hazzanout, foto, registrazioni, estratti stampa, ecc.<\/p>\n<p><span style=\"font-size: inherit;\">Tutti questi archivi musicali &#8211; circa 500 documenti &#8211; sono stati digitalizzati dall&#8217;IEMJ durante l&#8217;estate del 2015. Questi archivi sono ora disponibili per la consultazione nel catalogo delle nostre collezioni (<a href=\"http:\/\/www.rachelnet.net\/F\/?func=find-c&amp;ccl_term=WHOL+%3D+Metz+OR+WHOL+%3D+Binn+OR+WHOL+%3D+Kirch&amp;local_base=iemcg\" target=\"_blank\" rel=\"noopener\"><strong>Consultare tutti gli archivi (sinagoga di Metz, Binn e Kirch<\/strong><\/a><\/span><span style=\"font-size: inherit;\">) ou sur rendez-vous aupr\u00e8s de l&#8217;Institut Europ\u00e9en des musiques Juives (<\/span><a href=\"mailto:contact@iemj.org\">contact@iemj.o<\/a><a href=\"mailto:contact@iemj.org\">rg<\/a><span style=\"font-size: inherit;\">)<\/span><\/p>\n<ul>\n<li><strong><a href=\"http:\/\/www.rachelnet.net\/F\/?func=find-c&amp;ccl_term=WHOL+%3D+Metz&amp;local_base=iemcg\" target=\"_blank\" rel=\"noopener\">Accedere al fondo della sinagoga di Metz<\/a><\/strong><strong><strong><u><br \/>\n<\/u><\/strong><\/strong><u><\/u><\/li>\n<li><strong><a href=\"http:\/\/www.rachelnet.net\/F\/?func=find-c&amp;ccl_term=WHOL+%3D+Binn&amp;local_base=iemcg\" target=\"_blank\" rel=\"noopener\">Consultare il fondo Binn<\/a><\/strong><\/li>\n<li><a style=\"font-size: revert;\" href=\"http:\/\/www.rachelnet.net\/F\/?func=find-c&amp;ccl_term=WHOL+%3D+Kirch&amp;local_base=iemcg\" target=\"_blank\" rel=\"noopener\"><strong>Consultare il fondo Albert Kirch<\/strong><\/a><\/li>\n<\/ul>\n<div style=\"text-align: left;\">\n<div><\/div>\n<div style=\"margin: 8px 0px 4px;\"><a href=\"http:\/\/www.calameo.com\/books\/0046127491f9bba295fb6\" target=\"_blank\" rel=\"noopener noreferrer\">Visualizza una partitura del Servizio delle Tre Feste (Albert Kirch Fund)<\/a><\/div>\n<p><iframe style=\"margin: 0 auto;\" src=\"\/\/v.calameo.com\/?bkcode=0046127491f9bba295fb6&amp;mode=mini\" width=\"480\" height=\"300\" frameborder=\"0\" scrolling=\"no\" allowfullscreen=\"allowfullscreen\"><\/iframe><\/p>\n<\/div>\n","protected":false},"excerpt":{"rendered":"<p>Tra giugno e settembre 2015, quasi 500 spartiti e altri documenti della Comunit\u00e0 di Metz sono stati digitalizzati dall&#8217;IEMJ, che preserva cos\u00ec una parte importante del patrimonio musicale ashkenazita francese.<\/p>\n","protected":false},"author":1052,"featured_media":63868,"comment_status":"closed","ping_status":"open","sticky":false,"template":"","format":"standard","meta":{"_acf_changed":false,"footnotes":""},"categories":[1586],"tags":[],"technique":[],"squelettes":[],"sujet":[],"formation":[],"genre":[],"fonds":[],"tradition":[],"type-de-contenu":[],"interprete-compositeur":[],"frise":[],"type-devenement":[],"tableaux-liens-externes":[],"class_list":["post-63867","post","type-post","status-publish","format-standard","has-post-thumbnail","hentry","category-fondi-principali-it"],"acf":[],"yoast_head":"<!-- This site is optimized with the Yoast SEO plugin v27.3 - https:\/\/yoast.com\/product\/yoast-seo-wordpress\/ -->\n<title>Fondi della sinagoga di Metz - Institut Europ\u00e9en des Musiques Juives<\/title>\n<meta name=\"robots\" content=\"index, follow, max-snippet:-1, max-image-preview:large, max-video-preview:-1\" \/>\n<link rel=\"canonical\" href=\"https:\/\/www.iemj.org\/it\/sauvegarde-des-archives-musicales-de-la-grande-synagogue-de-metz\/\" \/>\n<meta property=\"og:locale\" content=\"it_IT\" \/>\n<meta property=\"og:type\" content=\"article\" \/>\n<meta property=\"og:title\" content=\"Fondi della sinagoga di Metz - Institut Europ\u00e9en des Musiques Juives\" \/>\n<meta property=\"og:description\" content=\"Tra giugno e settembre 2015, quasi 500 spartiti e altri documenti della Comunit\u00e0 di Metz sono stati digitalizzati dall&#8217;IEMJ, che preserva cos\u00ec una parte importante del patrimonio musicale ashkenazita francese.\" \/>\n<meta property=\"og:url\" content=\"https:\/\/www.iemj.org\/it\/sauvegarde-des-archives-musicales-de-la-grande-synagogue-de-metz\/\" \/>\n<meta property=\"og:site_name\" content=\"Institut Europ\u00e9en des Musiques Juives\" \/>\n<meta property=\"article:publisher\" content=\"https:\/\/www.facebook.com\/MusiquesJuives\/\" \/>\n<meta property=\"article:published_time\" content=\"2016-05-19T14:02:25+00:00\" \/>\n<meta property=\"article:modified_time\" content=\"2021-09-14T10:44:04+00:00\" \/>\n<meta property=\"og:image\" content=\"https:\/\/www.iemj.org\/wp-content\/uploads\/2016\/05\/arton1702-e1618483171645.jpg\" \/>\n\t<meta property=\"og:image:width\" content=\"350\" \/>\n\t<meta property=\"og:image:height\" content=\"350\" \/>\n\t<meta property=\"og:image:type\" content=\"image\/jpeg\" \/>\n<meta name=\"author\" content=\"Lea Couderc\" \/>\n<meta name=\"twitter:card\" content=\"summary_large_image\" \/>\n<meta name=\"twitter:label1\" content=\"Scritto da\" \/>\n\t<meta name=\"twitter:data1\" content=\"Lea Couderc\" \/>\n\t<meta name=\"twitter:label2\" content=\"Tempo di lettura stimato\" \/>\n\t<meta name=\"twitter:data2\" content=\"3 minuti\" \/>\n<script type=\"application\/ld+json\" class=\"yoast-schema-graph\">{\"@context\":\"https:\\\/\\\/schema.org\",\"@graph\":[{\"@type\":\"Article\",\"@id\":\"https:\\\/\\\/www.iemj.org\\\/it\\\/sauvegarde-des-archives-musicales-de-la-grande-synagogue-de-metz\\\/#article\",\"isPartOf\":{\"@id\":\"https:\\\/\\\/www.iemj.org\\\/it\\\/sauvegarde-des-archives-musicales-de-la-grande-synagogue-de-metz\\\/\"},\"author\":{\"name\":\"Lea Couderc\",\"@id\":\"https:\\\/\\\/www.iemj.org\\\/it\\\/#\\\/schema\\\/person\\\/e2ad57f2c4be119c7ed8ab79036807a9\"},\"headline\":\"Fondi della sinagoga di Metz\",\"datePublished\":\"2016-05-19T14:02:25+00:00\",\"dateModified\":\"2021-09-14T10:44:04+00:00\",\"mainEntityOfPage\":{\"@id\":\"https:\\\/\\\/www.iemj.org\\\/it\\\/sauvegarde-des-archives-musicales-de-la-grande-synagogue-de-metz\\\/\"},\"wordCount\":478,\"publisher\":{\"@id\":\"https:\\\/\\\/www.iemj.org\\\/it\\\/#organization\"},\"image\":{\"@id\":\"https:\\\/\\\/www.iemj.org\\\/it\\\/sauvegarde-des-archives-musicales-de-la-grande-synagogue-de-metz\\\/#primaryimage\"},\"thumbnailUrl\":\"https:\\\/\\\/www.iemj.org\\\/wp-content\\\/uploads\\\/2016\\\/05\\\/arton1702-e1618483171645.jpg\",\"articleSection\":[\"Fondi principali\"],\"inLanguage\":\"it-IT\"},{\"@type\":\"WebPage\",\"@id\":\"https:\\\/\\\/www.iemj.org\\\/it\\\/sauvegarde-des-archives-musicales-de-la-grande-synagogue-de-metz\\\/\",\"url\":\"https:\\\/\\\/www.iemj.org\\\/it\\\/sauvegarde-des-archives-musicales-de-la-grande-synagogue-de-metz\\\/\",\"name\":\"Fondi della sinagoga di Metz - Institut Europ\u00e9en des Musiques Juives\",\"isPartOf\":{\"@id\":\"https:\\\/\\\/www.iemj.org\\\/it\\\/#website\"},\"primaryImageOfPage\":{\"@id\":\"https:\\\/\\\/www.iemj.org\\\/it\\\/sauvegarde-des-archives-musicales-de-la-grande-synagogue-de-metz\\\/#primaryimage\"},\"image\":{\"@id\":\"https:\\\/\\\/www.iemj.org\\\/it\\\/sauvegarde-des-archives-musicales-de-la-grande-synagogue-de-metz\\\/#primaryimage\"},\"thumbnailUrl\":\"https:\\\/\\\/www.iemj.org\\\/wp-content\\\/uploads\\\/2016\\\/05\\\/arton1702-e1618483171645.jpg\",\"datePublished\":\"2016-05-19T14:02:25+00:00\",\"dateModified\":\"2021-09-14T10:44:04+00:00\",\"breadcrumb\":{\"@id\":\"https:\\\/\\\/www.iemj.org\\\/it\\\/sauvegarde-des-archives-musicales-de-la-grande-synagogue-de-metz\\\/#breadcrumb\"},\"inLanguage\":\"it-IT\",\"potentialAction\":[{\"@type\":\"ReadAction\",\"target\":[\"https:\\\/\\\/www.iemj.org\\\/it\\\/sauvegarde-des-archives-musicales-de-la-grande-synagogue-de-metz\\\/\"]}]},{\"@type\":\"ImageObject\",\"inLanguage\":\"it-IT\",\"@id\":\"https:\\\/\\\/www.iemj.org\\\/it\\\/sauvegarde-des-archives-musicales-de-la-grande-synagogue-de-metz\\\/#primaryimage\",\"url\":\"https:\\\/\\\/www.iemj.org\\\/wp-content\\\/uploads\\\/2016\\\/05\\\/arton1702-e1618483171645.jpg\",\"contentUrl\":\"https:\\\/\\\/www.iemj.org\\\/wp-content\\\/uploads\\\/2016\\\/05\\\/arton1702-e1618483171645.jpg\",\"width\":350,\"height\":350},{\"@type\":\"BreadcrumbList\",\"@id\":\"https:\\\/\\\/www.iemj.org\\\/it\\\/sauvegarde-des-archives-musicales-de-la-grande-synagogue-de-metz\\\/#breadcrumb\",\"itemListElement\":[{\"@type\":\"ListItem\",\"position\":1,\"name\":\"Accueil\",\"item\":\"https:\\\/\\\/www.iemj.org\\\/it\\\/\"},{\"@type\":\"ListItem\",\"position\":2,\"name\":\"Fondi della sinagoga di Metz\"}]},{\"@type\":\"WebSite\",\"@id\":\"https:\\\/\\\/www.iemj.org\\\/it\\\/#website\",\"url\":\"https:\\\/\\\/www.iemj.org\\\/it\\\/\",\"name\":\"Institut Europ\u00e9en des Musiques Juives\",\"description\":\"Des traditions musicales \u00e0 la port\u00e9e de tous\",\"publisher\":{\"@id\":\"https:\\\/\\\/www.iemj.org\\\/it\\\/#organization\"},\"potentialAction\":[{\"@type\":\"SearchAction\",\"target\":{\"@type\":\"EntryPoint\",\"urlTemplate\":\"https:\\\/\\\/www.iemj.org\\\/it\\\/?s={search_term_string}\"},\"query-input\":{\"@type\":\"PropertyValueSpecification\",\"valueRequired\":true,\"valueName\":\"search_term_string\"}}],\"inLanguage\":\"it-IT\"},{\"@type\":\"Organization\",\"@id\":\"https:\\\/\\\/www.iemj.org\\\/it\\\/#organization\",\"name\":\"Institut Europ\u00e9en des Musiques Juives\",\"url\":\"https:\\\/\\\/www.iemj.org\\\/it\\\/\",\"logo\":{\"@type\":\"ImageObject\",\"inLanguage\":\"it-IT\",\"@id\":\"https:\\\/\\\/www.iemj.org\\\/it\\\/#\\\/schema\\\/logo\\\/image\\\/\",\"url\":\"https:\\\/\\\/www.iemj.org\\\/wp-content\\\/uploads\\\/2021\\\/09\\\/Logo-IEMJ-Paypal.jpg\",\"contentUrl\":\"https:\\\/\\\/www.iemj.org\\\/wp-content\\\/uploads\\\/2021\\\/09\\\/Logo-IEMJ-Paypal.jpg\",\"width\":150,\"height\":50,\"caption\":\"Institut Europ\u00e9en des Musiques Juives\"},\"image\":{\"@id\":\"https:\\\/\\\/www.iemj.org\\\/it\\\/#\\\/schema\\\/logo\\\/image\\\/\"},\"sameAs\":[\"https:\\\/\\\/www.facebook.com\\\/MusiquesJuives\\\/\",\"https:\\\/\\\/www.instagram.com\\\/musiquesjuives\\\/\",\"https:\\\/\\\/www.youtube.com\\\/user\\\/musiquesjuives\"]},{\"@type\":\"Person\",\"@id\":\"https:\\\/\\\/www.iemj.org\\\/it\\\/#\\\/schema\\\/person\\\/e2ad57f2c4be119c7ed8ab79036807a9\",\"name\":\"Lea Couderc\",\"image\":{\"@type\":\"ImageObject\",\"inLanguage\":\"it-IT\",\"@id\":\"https:\\\/\\\/secure.gravatar.com\\\/avatar\\\/46ee021475d60aeff17a7e490b79dea5a5684bb392ab7fd1494027411df8ba23?s=96&d=mm&r=g\",\"url\":\"https:\\\/\\\/secure.gravatar.com\\\/avatar\\\/46ee021475d60aeff17a7e490b79dea5a5684bb392ab7fd1494027411df8ba23?s=96&d=mm&r=g\",\"contentUrl\":\"https:\\\/\\\/secure.gravatar.com\\\/avatar\\\/46ee021475d60aeff17a7e490b79dea5a5684bb392ab7fd1494027411df8ba23?s=96&d=mm&r=g\",\"caption\":\"Lea Couderc\"}}]}<\/script>\n<!-- \/ Yoast SEO plugin. -->","yoast_head_json":{"title":"Fondi della sinagoga di Metz - Institut Europ\u00e9en des Musiques Juives","robots":{"index":"index","follow":"follow","max-snippet":"max-snippet:-1","max-image-preview":"max-image-preview:large","max-video-preview":"max-video-preview:-1"},"canonical":"https:\/\/www.iemj.org\/it\/sauvegarde-des-archives-musicales-de-la-grande-synagogue-de-metz\/","og_locale":"it_IT","og_type":"article","og_title":"Fondi della sinagoga di Metz - Institut Europ\u00e9en des Musiques Juives","og_description":"Tra giugno e settembre 2015, quasi 500 spartiti e altri documenti della Comunit\u00e0 di Metz sono stati digitalizzati dall&#8217;IEMJ, che preserva cos\u00ec una parte importante del patrimonio musicale ashkenazita francese.","og_url":"https:\/\/www.iemj.org\/it\/sauvegarde-des-archives-musicales-de-la-grande-synagogue-de-metz\/","og_site_name":"Institut Europ\u00e9en des Musiques Juives","article_publisher":"https:\/\/www.facebook.com\/MusiquesJuives\/","article_published_time":"2016-05-19T14:02:25+00:00","article_modified_time":"2021-09-14T10:44:04+00:00","og_image":[{"width":350,"height":350,"url":"https:\/\/www.iemj.org\/wp-content\/uploads\/2016\/05\/arton1702-e1618483171645.jpg","type":"image\/jpeg"}],"author":"Lea Couderc","twitter_card":"summary_large_image","twitter_misc":{"Scritto da":"Lea Couderc","Tempo di lettura stimato":"3 minuti"},"schema":{"@context":"https:\/\/schema.org","@graph":[{"@type":"Article","@id":"https:\/\/www.iemj.org\/it\/sauvegarde-des-archives-musicales-de-la-grande-synagogue-de-metz\/#article","isPartOf":{"@id":"https:\/\/www.iemj.org\/it\/sauvegarde-des-archives-musicales-de-la-grande-synagogue-de-metz\/"},"author":{"name":"Lea Couderc","@id":"https:\/\/www.iemj.org\/it\/#\/schema\/person\/e2ad57f2c4be119c7ed8ab79036807a9"},"headline":"Fondi della sinagoga di Metz","datePublished":"2016-05-19T14:02:25+00:00","dateModified":"2021-09-14T10:44:04+00:00","mainEntityOfPage":{"@id":"https:\/\/www.iemj.org\/it\/sauvegarde-des-archives-musicales-de-la-grande-synagogue-de-metz\/"},"wordCount":478,"publisher":{"@id":"https:\/\/www.iemj.org\/it\/#organization"},"image":{"@id":"https:\/\/www.iemj.org\/it\/sauvegarde-des-archives-musicales-de-la-grande-synagogue-de-metz\/#primaryimage"},"thumbnailUrl":"https:\/\/www.iemj.org\/wp-content\/uploads\/2016\/05\/arton1702-e1618483171645.jpg","articleSection":["Fondi principali"],"inLanguage":"it-IT"},{"@type":"WebPage","@id":"https:\/\/www.iemj.org\/it\/sauvegarde-des-archives-musicales-de-la-grande-synagogue-de-metz\/","url":"https:\/\/www.iemj.org\/it\/sauvegarde-des-archives-musicales-de-la-grande-synagogue-de-metz\/","name":"Fondi della sinagoga di Metz - Institut Europ\u00e9en des Musiques Juives","isPartOf":{"@id":"https:\/\/www.iemj.org\/it\/#website"},"primaryImageOfPage":{"@id":"https:\/\/www.iemj.org\/it\/sauvegarde-des-archives-musicales-de-la-grande-synagogue-de-metz\/#primaryimage"},"image":{"@id":"https:\/\/www.iemj.org\/it\/sauvegarde-des-archives-musicales-de-la-grande-synagogue-de-metz\/#primaryimage"},"thumbnailUrl":"https:\/\/www.iemj.org\/wp-content\/uploads\/2016\/05\/arton1702-e1618483171645.jpg","datePublished":"2016-05-19T14:02:25+00:00","dateModified":"2021-09-14T10:44:04+00:00","breadcrumb":{"@id":"https:\/\/www.iemj.org\/it\/sauvegarde-des-archives-musicales-de-la-grande-synagogue-de-metz\/#breadcrumb"},"inLanguage":"it-IT","potentialAction":[{"@type":"ReadAction","target":["https:\/\/www.iemj.org\/it\/sauvegarde-des-archives-musicales-de-la-grande-synagogue-de-metz\/"]}]},{"@type":"ImageObject","inLanguage":"it-IT","@id":"https:\/\/www.iemj.org\/it\/sauvegarde-des-archives-musicales-de-la-grande-synagogue-de-metz\/#primaryimage","url":"https:\/\/www.iemj.org\/wp-content\/uploads\/2016\/05\/arton1702-e1618483171645.jpg","contentUrl":"https:\/\/www.iemj.org\/wp-content\/uploads\/2016\/05\/arton1702-e1618483171645.jpg","width":350,"height":350},{"@type":"BreadcrumbList","@id":"https:\/\/www.iemj.org\/it\/sauvegarde-des-archives-musicales-de-la-grande-synagogue-de-metz\/#breadcrumb","itemListElement":[{"@type":"ListItem","position":1,"name":"Accueil","item":"https:\/\/www.iemj.org\/it\/"},{"@type":"ListItem","position":2,"name":"Fondi della sinagoga di Metz"}]},{"@type":"WebSite","@id":"https:\/\/www.iemj.org\/it\/#website","url":"https:\/\/www.iemj.org\/it\/","name":"Institut Europ\u00e9en des Musiques Juives","description":"Des traditions musicales \u00e0 la port\u00e9e de tous","publisher":{"@id":"https:\/\/www.iemj.org\/it\/#organization"},"potentialAction":[{"@type":"SearchAction","target":{"@type":"EntryPoint","urlTemplate":"https:\/\/www.iemj.org\/it\/?s={search_term_string}"},"query-input":{"@type":"PropertyValueSpecification","valueRequired":true,"valueName":"search_term_string"}}],"inLanguage":"it-IT"},{"@type":"Organization","@id":"https:\/\/www.iemj.org\/it\/#organization","name":"Institut Europ\u00e9en des Musiques Juives","url":"https:\/\/www.iemj.org\/it\/","logo":{"@type":"ImageObject","inLanguage":"it-IT","@id":"https:\/\/www.iemj.org\/it\/#\/schema\/logo\/image\/","url":"https:\/\/www.iemj.org\/wp-content\/uploads\/2021\/09\/Logo-IEMJ-Paypal.jpg","contentUrl":"https:\/\/www.iemj.org\/wp-content\/uploads\/2021\/09\/Logo-IEMJ-Paypal.jpg","width":150,"height":50,"caption":"Institut Europ\u00e9en des Musiques Juives"},"image":{"@id":"https:\/\/www.iemj.org\/it\/#\/schema\/logo\/image\/"},"sameAs":["https:\/\/www.facebook.com\/MusiquesJuives\/","https:\/\/www.instagram.com\/musiquesjuives\/","https:\/\/www.youtube.com\/user\/musiquesjuives"]},{"@type":"Person","@id":"https:\/\/www.iemj.org\/it\/#\/schema\/person\/e2ad57f2c4be119c7ed8ab79036807a9","name":"Lea Couderc","image":{"@type":"ImageObject","inLanguage":"it-IT","@id":"https:\/\/secure.gravatar.com\/avatar\/46ee021475d60aeff17a7e490b79dea5a5684bb392ab7fd1494027411df8ba23?s=96&d=mm&r=g","url":"https:\/\/secure.gravatar.com\/avatar\/46ee021475d60aeff17a7e490b79dea5a5684bb392ab7fd1494027411df8ba23?s=96&d=mm&r=g","contentUrl":"https:\/\/secure.gravatar.com\/avatar\/46ee021475d60aeff17a7e490b79dea5a5684bb392ab7fd1494027411df8ba23?s=96&d=mm&r=g","caption":"Lea Couderc"}}]}},"_links":{"self":[{"href":"https:\/\/www.iemj.org\/it\/wp-json\/wp\/v2\/posts\/63867","targetHints":{"allow":["GET"]}}],"collection":[{"href":"https:\/\/www.iemj.org\/it\/wp-json\/wp\/v2\/posts"}],"about":[{"href":"https:\/\/www.iemj.org\/it\/wp-json\/wp\/v2\/types\/post"}],"author":[{"embeddable":true,"href":"https:\/\/www.iemj.org\/it\/wp-json\/wp\/v2\/users\/1052"}],"replies":[{"embeddable":true,"href":"https:\/\/www.iemj.org\/it\/wp-json\/wp\/v2\/comments?post=63867"}],"version-history":[{"count":0,"href":"https:\/\/www.iemj.org\/it\/wp-json\/wp\/v2\/posts\/63867\/revisions"}],"wp:featuredmedia":[{"embeddable":true,"href":"https:\/\/www.iemj.org\/it\/wp-json\/wp\/v2\/media\/63868"}],"wp:attachment":[{"href":"https:\/\/www.iemj.org\/it\/wp-json\/wp\/v2\/media?parent=63867"}],"wp:term":[{"taxonomy":"category","embeddable":true,"href":"https:\/\/www.iemj.org\/it\/wp-json\/wp\/v2\/categories?post=63867"},{"taxonomy":"post_tag","embeddable":true,"href":"https:\/\/www.iemj.org\/it\/wp-json\/wp\/v2\/tags?post=63867"},{"taxonomy":"technique","embeddable":true,"href":"https:\/\/www.iemj.org\/it\/wp-json\/wp\/v2\/technique?post=63867"},{"taxonomy":"squelettes","embeddable":true,"href":"https:\/\/www.iemj.org\/it\/wp-json\/wp\/v2\/squelettes?post=63867"},{"taxonomy":"sujet","embeddable":true,"href":"https:\/\/www.iemj.org\/it\/wp-json\/wp\/v2\/sujet?post=63867"},{"taxonomy":"formation","embeddable":true,"href":"https:\/\/www.iemj.org\/it\/wp-json\/wp\/v2\/formation?post=63867"},{"taxonomy":"genre","embeddable":true,"href":"https:\/\/www.iemj.org\/it\/wp-json\/wp\/v2\/genre?post=63867"},{"taxonomy":"fonds","embeddable":true,"href":"https:\/\/www.iemj.org\/it\/wp-json\/wp\/v2\/fonds?post=63867"},{"taxonomy":"tradition","embeddable":true,"href":"https:\/\/www.iemj.org\/it\/wp-json\/wp\/v2\/tradition?post=63867"},{"taxonomy":"type-de-contenu","embeddable":true,"href":"https:\/\/www.iemj.org\/it\/wp-json\/wp\/v2\/type-de-contenu?post=63867"},{"taxonomy":"interprete-compositeur","embeddable":true,"href":"https:\/\/www.iemj.org\/it\/wp-json\/wp\/v2\/interprete-compositeur?post=63867"},{"taxonomy":"frise","embeddable":true,"href":"https:\/\/www.iemj.org\/it\/wp-json\/wp\/v2\/frise?post=63867"},{"taxonomy":"type-devenement","embeddable":true,"href":"https:\/\/www.iemj.org\/it\/wp-json\/wp\/v2\/type-devenement?post=63867"},{"taxonomy":"tableaux-liens-externes","embeddable":true,"href":"https:\/\/www.iemj.org\/it\/wp-json\/wp\/v2\/tableaux-liens-externes?post=63867"}],"curies":[{"name":"wp","href":"https:\/\/api.w.org\/{rel}","templated":true}]}}