{"id":64136,"date":"2017-01-18T17:27:21","date_gmt":"2017-01-18T16:27:21","guid":{"rendered":"https:\/\/www.iemj.org\/fonds-des-archives-musicales-de-la-synagogue-de-neuilly-seine\/"},"modified":"2021-09-14T14:45:49","modified_gmt":"2021-09-14T12:45:49","slug":"fonds-des-archives-musicales-de-la-synagogue-de-neuilly-seine","status":"publish","type":"post","link":"https:\/\/www.iemj.org\/it\/fonds-des-archives-musicales-de-la-synagogue-de-neuilly-seine\/","title":{"rendered":"Fondo degli archivi musicali della Sinagoga di Neuilly\/Seine"},"content":{"rendered":"<p>Il 1 \u00b0 novembre 2011, la Sinagoga di Neuilly ha depositato presso l&#8217;Istituto Europeo di Musiche Ebraiche, l\u2019insieme dei suoi archivi musicali, ossia, dopo inventario : pi\u00f9 di 370 spartiti e archivi che sono stati ripuliti, riconfezionati in un materiale d\u2019archiviazione professionale, catalogati ed repertoriati.<\/p>\n<p>Questi documenti erano conservati in un armadio aperto ed accessibile a tutti. Ora sono digitalizzati, catalogati e accessibili al pubblico all&#8217;interno del <a href=\"http:\/\/www.rachelnet.net\/F\/?func=find-c&amp;ccl_term=WHOC%3DSynagogue+de+Neuilly&amp;local_base=iemcg&amp;x=15&amp;y=16\" target=\"_blank\" rel=\"noopener\">catalogo Rachel<\/a>.<\/p>\n<p>Questo lavoro, che ha beneficiato del sostegno della Fondation du Juda\u00efsme Fran\u00e7ais, di Yuval, della DRAC Ile-de France, dell&#8217;Istituto Alain de Rothschild, della Fondazione per la Memoria della Shoah e della famiglia Halphen, completa mirabilmente quello realizzato per gli <a href=\"https:\/\/www.iemj.org\/it\/fonds-des-archives-musicales-de-la-grande-synagogue-de-la-victoire-paris\/\" target=\"_blank\" rel=\"noopener\">archivi musicali della Grande Sinagoga della Vittoria<\/a>. Questo lavoro fornisce una panoramica fedele della vita della comunit\u00e0 ebraica di Neuilly e del suo coinvolgimento nella musica concistoriale di rito ashkenazita per quasi 140 anni.<\/p>\n<p><img fetchpriority=\"high\" decoding=\"async\" class=\" aligncenter size-full wp-image-64160\" src=\"https:\/\/www.iemj.org\/wp-content\/uploads\/2017\/01\/composition_neuilly.jpg\" alt=\"composition_neuilly.jpg\" width=\"1046\" height=\"281\" align=\"middle\" srcset=\"https:\/\/www.iemj.org\/wp-content\/uploads\/2017\/01\/composition_neuilly.jpg 1046w, https:\/\/www.iemj.org\/wp-content\/uploads\/2017\/01\/composition_neuilly-300x81.jpg 300w, https:\/\/www.iemj.org\/wp-content\/uploads\/2017\/01\/composition_neuilly-1024x275.jpg 1024w, https:\/\/www.iemj.org\/wp-content\/uploads\/2017\/01\/composition_neuilly-768x206.jpg 768w, https:\/\/www.iemj.org\/wp-content\/uploads\/2017\/01\/composition_neuilly-600x161.jpg 600w\" sizes=\"(max-width: 1046px) 100vw, 1046px\" \/><\/p>\n<p>Questi archivi sono ora disponibili per la consultazione nel catalogo delle nostre collezioni (<a href=\"http:\/\/www.rachelnet.net\/F\/?func=find-c&amp;ccl_term=WHOC%3DNeuilly&amp;local_base=iemcg&amp;x=0&amp;y=0\" target=\"_blank\" rel=\"noopener\"><strong>accedere al fondo degli archivi della sinagoga di Neuilly \/ Seine<\/strong><\/a>) o su appuntamento con l&#8217;Istituto Europeo di Musiche Ebraiche (<a href=\"mailto:contact@iemj.org\">contact@iemj.org<\/a>)<\/p>\n<p><a href=\"http:\/\/www.synaneuilly.com\/\" target=\"_blank\" rel=\"noopener\">Per saperne di pi\u00f9 sulla storia della sinagoga di Neuilly<\/a><\/p>\n<p><a href=\"https:\/\/www.iemj.org\/en\/conservation-and-digitalization-of-synagogue-music-archives\/\" target=\"_blank\" rel=\"noopener\">Consultare la descrizione della missione di salvaguardia degli archivi di La Victoire e di Neuilly<\/a><\/p>\n","protected":false},"excerpt":{"rendered":"<p>Il 1 \u00b0 novembre 2011, la Sinagoga di Neuilly ha depositato presso l&#8217;Istituto Europeo di Musiche Ebraiche, l\u2019insieme dei suoi archivi musicali, ossia, dopo inventario : pi\u00f9 di 370 spartiti<\/p>\n","protected":false},"author":5,"featured_media":64137,"comment_status":"closed","ping_status":"open","sticky":false,"template":"","format":"standard","meta":{"_acf_changed":false,"footnotes":""},"categories":[1586],"tags":[],"technique":[],"squelettes":[],"sujet":[],"formation":[],"genre":[],"fonds":[],"tradition":[],"type-de-contenu":[],"interprete-compositeur":[],"frise":[],"type-devenement":[],"tableaux-liens-externes":[],"class_list":["post-64136","post","type-post","status-publish","format-standard","has-post-thumbnail","hentry","category-fondi-principali-it"],"acf":[],"yoast_head":"<!-- This site is optimized with the Yoast SEO plugin v27.3 - https:\/\/yoast.com\/product\/yoast-seo-wordpress\/ -->\n<title>Fondo degli archivi musicali della Sinagoga di Neuilly\/Seine - Institut Europ\u00e9en des Musiques Juives<\/title>\n<meta name=\"robots\" content=\"index, follow, max-snippet:-1, max-image-preview:large, max-video-preview:-1\" \/>\n<link rel=\"canonical\" href=\"https:\/\/www.iemj.org\/it\/fonds-des-archives-musicales-de-la-synagogue-de-neuilly-seine\/\" \/>\n<meta property=\"og:locale\" content=\"it_IT\" \/>\n<meta property=\"og:type\" content=\"article\" \/>\n<meta property=\"og:title\" content=\"Fondo degli archivi musicali della Sinagoga di Neuilly\/Seine - Institut Europ\u00e9en des Musiques Juives\" \/>\n<meta property=\"og:description\" content=\"Il 1 \u00b0 novembre 2011, la Sinagoga di Neuilly ha depositato presso l&#8217;Istituto Europeo di Musiche Ebraiche, l\u2019insieme dei suoi archivi musicali, ossia, dopo inventario : pi\u00f9 di 370 spartiti\" \/>\n<meta property=\"og:url\" content=\"https:\/\/www.iemj.org\/it\/fonds-des-archives-musicales-de-la-synagogue-de-neuilly-seine\/\" \/>\n<meta property=\"og:site_name\" content=\"Institut Europ\u00e9en des Musiques Juives\" \/>\n<meta property=\"article:publisher\" content=\"https:\/\/www.facebook.com\/MusiquesJuives\/\" \/>\n<meta property=\"article:published_time\" content=\"2017-01-18T16:27:21+00:00\" \/>\n<meta property=\"article:modified_time\" content=\"2021-09-14T12:45:49+00:00\" \/>\n<meta property=\"og:image\" content=\"https:\/\/www.iemj.org\/wp-content\/uploads\/2017\/01\/arton2048-e1618480314753.jpg\" \/>\n\t<meta property=\"og:image:width\" content=\"350\" \/>\n\t<meta property=\"og:image:height\" content=\"280\" \/>\n\t<meta property=\"og:image:type\" content=\"image\/jpeg\" \/>\n<meta name=\"author\" content=\"Jacqueline ROTEN\" \/>\n<meta name=\"twitter:card\" content=\"summary_large_image\" \/>\n<meta name=\"twitter:label1\" content=\"Scritto da\" \/>\n\t<meta name=\"twitter:data1\" content=\"Jacqueline ROTEN\" \/>\n\t<meta name=\"twitter:label2\" content=\"Tempo di lettura stimato\" \/>\n\t<meta name=\"twitter:data2\" content=\"2 minuti\" \/>\n<script type=\"application\/ld+json\" class=\"yoast-schema-graph\">{\"@context\":\"https:\\\/\\\/schema.org\",\"@graph\":[{\"@type\":\"Article\",\"@id\":\"https:\\\/\\\/www.iemj.org\\\/it\\\/fonds-des-archives-musicales-de-la-synagogue-de-neuilly-seine\\\/#article\",\"isPartOf\":{\"@id\":\"https:\\\/\\\/www.iemj.org\\\/it\\\/fonds-des-archives-musicales-de-la-synagogue-de-neuilly-seine\\\/\"},\"author\":{\"name\":\"Jacqueline ROTEN\",\"@id\":\"https:\\\/\\\/www.iemj.org\\\/it\\\/#\\\/schema\\\/person\\\/358e26c18aca017fcc4cc15437f7279c\"},\"headline\":\"Fondo degli archivi musicali della Sinagoga di Neuilly\\\/Seine\",\"datePublished\":\"2017-01-18T16:27:21+00:00\",\"dateModified\":\"2021-09-14T12:45:49+00:00\",\"mainEntityOfPage\":{\"@id\":\"https:\\\/\\\/www.iemj.org\\\/it\\\/fonds-des-archives-musicales-de-la-synagogue-de-neuilly-seine\\\/\"},\"wordCount\":213,\"publisher\":{\"@id\":\"https:\\\/\\\/www.iemj.org\\\/it\\\/#organization\"},\"image\":{\"@id\":\"https:\\\/\\\/www.iemj.org\\\/it\\\/fonds-des-archives-musicales-de-la-synagogue-de-neuilly-seine\\\/#primaryimage\"},\"thumbnailUrl\":\"https:\\\/\\\/www.iemj.org\\\/wp-content\\\/uploads\\\/2017\\\/01\\\/arton2048-e1618480314753.jpg\",\"articleSection\":[\"Fondi principali\"],\"inLanguage\":\"it-IT\"},{\"@type\":\"WebPage\",\"@id\":\"https:\\\/\\\/www.iemj.org\\\/it\\\/fonds-des-archives-musicales-de-la-synagogue-de-neuilly-seine\\\/\",\"url\":\"https:\\\/\\\/www.iemj.org\\\/it\\\/fonds-des-archives-musicales-de-la-synagogue-de-neuilly-seine\\\/\",\"name\":\"Fondo degli archivi musicali della Sinagoga di Neuilly\\\/Seine - Institut Europ\u00e9en des Musiques Juives\",\"isPartOf\":{\"@id\":\"https:\\\/\\\/www.iemj.org\\\/it\\\/#website\"},\"primaryImageOfPage\":{\"@id\":\"https:\\\/\\\/www.iemj.org\\\/it\\\/fonds-des-archives-musicales-de-la-synagogue-de-neuilly-seine\\\/#primaryimage\"},\"image\":{\"@id\":\"https:\\\/\\\/www.iemj.org\\\/it\\\/fonds-des-archives-musicales-de-la-synagogue-de-neuilly-seine\\\/#primaryimage\"},\"thumbnailUrl\":\"https:\\\/\\\/www.iemj.org\\\/wp-content\\\/uploads\\\/2017\\\/01\\\/arton2048-e1618480314753.jpg\",\"datePublished\":\"2017-01-18T16:27:21+00:00\",\"dateModified\":\"2021-09-14T12:45:49+00:00\",\"breadcrumb\":{\"@id\":\"https:\\\/\\\/www.iemj.org\\\/it\\\/fonds-des-archives-musicales-de-la-synagogue-de-neuilly-seine\\\/#breadcrumb\"},\"inLanguage\":\"it-IT\",\"potentialAction\":[{\"@type\":\"ReadAction\",\"target\":[\"https:\\\/\\\/www.iemj.org\\\/it\\\/fonds-des-archives-musicales-de-la-synagogue-de-neuilly-seine\\\/\"]}]},{\"@type\":\"ImageObject\",\"inLanguage\":\"it-IT\",\"@id\":\"https:\\\/\\\/www.iemj.org\\\/it\\\/fonds-des-archives-musicales-de-la-synagogue-de-neuilly-seine\\\/#primaryimage\",\"url\":\"https:\\\/\\\/www.iemj.org\\\/wp-content\\\/uploads\\\/2017\\\/01\\\/arton2048-e1618480314753.jpg\",\"contentUrl\":\"https:\\\/\\\/www.iemj.org\\\/wp-content\\\/uploads\\\/2017\\\/01\\\/arton2048-e1618480314753.jpg\",\"width\":350,\"height\":280},{\"@type\":\"BreadcrumbList\",\"@id\":\"https:\\\/\\\/www.iemj.org\\\/it\\\/fonds-des-archives-musicales-de-la-synagogue-de-neuilly-seine\\\/#breadcrumb\",\"itemListElement\":[{\"@type\":\"ListItem\",\"position\":1,\"name\":\"Accueil\",\"item\":\"https:\\\/\\\/www.iemj.org\\\/it\\\/\"},{\"@type\":\"ListItem\",\"position\":2,\"name\":\"Fondo degli archivi musicali della Sinagoga di Neuilly\\\/Seine\"}]},{\"@type\":\"WebSite\",\"@id\":\"https:\\\/\\\/www.iemj.org\\\/it\\\/#website\",\"url\":\"https:\\\/\\\/www.iemj.org\\\/it\\\/\",\"name\":\"Institut Europ\u00e9en des Musiques Juives\",\"description\":\"Des traditions musicales \u00e0 la port\u00e9e de tous\",\"publisher\":{\"@id\":\"https:\\\/\\\/www.iemj.org\\\/it\\\/#organization\"},\"potentialAction\":[{\"@type\":\"SearchAction\",\"target\":{\"@type\":\"EntryPoint\",\"urlTemplate\":\"https:\\\/\\\/www.iemj.org\\\/it\\\/?s={search_term_string}\"},\"query-input\":{\"@type\":\"PropertyValueSpecification\",\"valueRequired\":true,\"valueName\":\"search_term_string\"}}],\"inLanguage\":\"it-IT\"},{\"@type\":\"Organization\",\"@id\":\"https:\\\/\\\/www.iemj.org\\\/it\\\/#organization\",\"name\":\"Institut Europ\u00e9en des Musiques Juives\",\"url\":\"https:\\\/\\\/www.iemj.org\\\/it\\\/\",\"logo\":{\"@type\":\"ImageObject\",\"inLanguage\":\"it-IT\",\"@id\":\"https:\\\/\\\/www.iemj.org\\\/it\\\/#\\\/schema\\\/logo\\\/image\\\/\",\"url\":\"https:\\\/\\\/www.iemj.org\\\/wp-content\\\/uploads\\\/2021\\\/09\\\/Logo-IEMJ-Paypal.jpg\",\"contentUrl\":\"https:\\\/\\\/www.iemj.org\\\/wp-content\\\/uploads\\\/2021\\\/09\\\/Logo-IEMJ-Paypal.jpg\",\"width\":150,\"height\":50,\"caption\":\"Institut Europ\u00e9en des Musiques Juives\"},\"image\":{\"@id\":\"https:\\\/\\\/www.iemj.org\\\/it\\\/#\\\/schema\\\/logo\\\/image\\\/\"},\"sameAs\":[\"https:\\\/\\\/www.facebook.com\\\/MusiquesJuives\\\/\",\"https:\\\/\\\/www.instagram.com\\\/musiquesjuives\\\/\",\"https:\\\/\\\/www.youtube.com\\\/user\\\/musiquesjuives\"]},{\"@type\":\"Person\",\"@id\":\"https:\\\/\\\/www.iemj.org\\\/it\\\/#\\\/schema\\\/person\\\/358e26c18aca017fcc4cc15437f7279c\",\"name\":\"Jacqueline ROTEN\",\"image\":{\"@type\":\"ImageObject\",\"inLanguage\":\"it-IT\",\"@id\":\"https:\\\/\\\/secure.gravatar.com\\\/avatar\\\/5964256d6c6957de3a3505278957e0fb2a35119ac47ea41827a65301213c810b?s=96&d=mm&r=g\",\"url\":\"https:\\\/\\\/secure.gravatar.com\\\/avatar\\\/5964256d6c6957de3a3505278957e0fb2a35119ac47ea41827a65301213c810b?s=96&d=mm&r=g\",\"contentUrl\":\"https:\\\/\\\/secure.gravatar.com\\\/avatar\\\/5964256d6c6957de3a3505278957e0fb2a35119ac47ea41827a65301213c810b?s=96&d=mm&r=g\",\"caption\":\"Jacqueline ROTEN\"}}]}<\/script>\n<!-- \/ Yoast SEO plugin. -->","yoast_head_json":{"title":"Fondo degli archivi musicali della Sinagoga di Neuilly\/Seine - Institut Europ\u00e9en des Musiques Juives","robots":{"index":"index","follow":"follow","max-snippet":"max-snippet:-1","max-image-preview":"max-image-preview:large","max-video-preview":"max-video-preview:-1"},"canonical":"https:\/\/www.iemj.org\/it\/fonds-des-archives-musicales-de-la-synagogue-de-neuilly-seine\/","og_locale":"it_IT","og_type":"article","og_title":"Fondo degli archivi musicali della Sinagoga di Neuilly\/Seine - Institut Europ\u00e9en des Musiques Juives","og_description":"Il 1 \u00b0 novembre 2011, la Sinagoga di Neuilly ha depositato presso l&#8217;Istituto Europeo di Musiche Ebraiche, l\u2019insieme dei suoi archivi musicali, ossia, dopo inventario : pi\u00f9 di 370 spartiti","og_url":"https:\/\/www.iemj.org\/it\/fonds-des-archives-musicales-de-la-synagogue-de-neuilly-seine\/","og_site_name":"Institut Europ\u00e9en des Musiques Juives","article_publisher":"https:\/\/www.facebook.com\/MusiquesJuives\/","article_published_time":"2017-01-18T16:27:21+00:00","article_modified_time":"2021-09-14T12:45:49+00:00","og_image":[{"width":350,"height":280,"url":"https:\/\/www.iemj.org\/wp-content\/uploads\/2017\/01\/arton2048-e1618480314753.jpg","type":"image\/jpeg"}],"author":"Jacqueline ROTEN","twitter_card":"summary_large_image","twitter_misc":{"Scritto da":"Jacqueline ROTEN","Tempo di lettura stimato":"2 minuti"},"schema":{"@context":"https:\/\/schema.org","@graph":[{"@type":"Article","@id":"https:\/\/www.iemj.org\/it\/fonds-des-archives-musicales-de-la-synagogue-de-neuilly-seine\/#article","isPartOf":{"@id":"https:\/\/www.iemj.org\/it\/fonds-des-archives-musicales-de-la-synagogue-de-neuilly-seine\/"},"author":{"name":"Jacqueline ROTEN","@id":"https:\/\/www.iemj.org\/it\/#\/schema\/person\/358e26c18aca017fcc4cc15437f7279c"},"headline":"Fondo degli archivi musicali della Sinagoga di Neuilly\/Seine","datePublished":"2017-01-18T16:27:21+00:00","dateModified":"2021-09-14T12:45:49+00:00","mainEntityOfPage":{"@id":"https:\/\/www.iemj.org\/it\/fonds-des-archives-musicales-de-la-synagogue-de-neuilly-seine\/"},"wordCount":213,"publisher":{"@id":"https:\/\/www.iemj.org\/it\/#organization"},"image":{"@id":"https:\/\/www.iemj.org\/it\/fonds-des-archives-musicales-de-la-synagogue-de-neuilly-seine\/#primaryimage"},"thumbnailUrl":"https:\/\/www.iemj.org\/wp-content\/uploads\/2017\/01\/arton2048-e1618480314753.jpg","articleSection":["Fondi principali"],"inLanguage":"it-IT"},{"@type":"WebPage","@id":"https:\/\/www.iemj.org\/it\/fonds-des-archives-musicales-de-la-synagogue-de-neuilly-seine\/","url":"https:\/\/www.iemj.org\/it\/fonds-des-archives-musicales-de-la-synagogue-de-neuilly-seine\/","name":"Fondo degli archivi musicali della Sinagoga di Neuilly\/Seine - Institut Europ\u00e9en des Musiques Juives","isPartOf":{"@id":"https:\/\/www.iemj.org\/it\/#website"},"primaryImageOfPage":{"@id":"https:\/\/www.iemj.org\/it\/fonds-des-archives-musicales-de-la-synagogue-de-neuilly-seine\/#primaryimage"},"image":{"@id":"https:\/\/www.iemj.org\/it\/fonds-des-archives-musicales-de-la-synagogue-de-neuilly-seine\/#primaryimage"},"thumbnailUrl":"https:\/\/www.iemj.org\/wp-content\/uploads\/2017\/01\/arton2048-e1618480314753.jpg","datePublished":"2017-01-18T16:27:21+00:00","dateModified":"2021-09-14T12:45:49+00:00","breadcrumb":{"@id":"https:\/\/www.iemj.org\/it\/fonds-des-archives-musicales-de-la-synagogue-de-neuilly-seine\/#breadcrumb"},"inLanguage":"it-IT","potentialAction":[{"@type":"ReadAction","target":["https:\/\/www.iemj.org\/it\/fonds-des-archives-musicales-de-la-synagogue-de-neuilly-seine\/"]}]},{"@type":"ImageObject","inLanguage":"it-IT","@id":"https:\/\/www.iemj.org\/it\/fonds-des-archives-musicales-de-la-synagogue-de-neuilly-seine\/#primaryimage","url":"https:\/\/www.iemj.org\/wp-content\/uploads\/2017\/01\/arton2048-e1618480314753.jpg","contentUrl":"https:\/\/www.iemj.org\/wp-content\/uploads\/2017\/01\/arton2048-e1618480314753.jpg","width":350,"height":280},{"@type":"BreadcrumbList","@id":"https:\/\/www.iemj.org\/it\/fonds-des-archives-musicales-de-la-synagogue-de-neuilly-seine\/#breadcrumb","itemListElement":[{"@type":"ListItem","position":1,"name":"Accueil","item":"https:\/\/www.iemj.org\/it\/"},{"@type":"ListItem","position":2,"name":"Fondo degli archivi musicali della Sinagoga di Neuilly\/Seine"}]},{"@type":"WebSite","@id":"https:\/\/www.iemj.org\/it\/#website","url":"https:\/\/www.iemj.org\/it\/","name":"Institut Europ\u00e9en des Musiques Juives","description":"Des traditions musicales \u00e0 la port\u00e9e de tous","publisher":{"@id":"https:\/\/www.iemj.org\/it\/#organization"},"potentialAction":[{"@type":"SearchAction","target":{"@type":"EntryPoint","urlTemplate":"https:\/\/www.iemj.org\/it\/?s={search_term_string}"},"query-input":{"@type":"PropertyValueSpecification","valueRequired":true,"valueName":"search_term_string"}}],"inLanguage":"it-IT"},{"@type":"Organization","@id":"https:\/\/www.iemj.org\/it\/#organization","name":"Institut Europ\u00e9en des Musiques Juives","url":"https:\/\/www.iemj.org\/it\/","logo":{"@type":"ImageObject","inLanguage":"it-IT","@id":"https:\/\/www.iemj.org\/it\/#\/schema\/logo\/image\/","url":"https:\/\/www.iemj.org\/wp-content\/uploads\/2021\/09\/Logo-IEMJ-Paypal.jpg","contentUrl":"https:\/\/www.iemj.org\/wp-content\/uploads\/2021\/09\/Logo-IEMJ-Paypal.jpg","width":150,"height":50,"caption":"Institut Europ\u00e9en des Musiques Juives"},"image":{"@id":"https:\/\/www.iemj.org\/it\/#\/schema\/logo\/image\/"},"sameAs":["https:\/\/www.facebook.com\/MusiquesJuives\/","https:\/\/www.instagram.com\/musiquesjuives\/","https:\/\/www.youtube.com\/user\/musiquesjuives"]},{"@type":"Person","@id":"https:\/\/www.iemj.org\/it\/#\/schema\/person\/358e26c18aca017fcc4cc15437f7279c","name":"Jacqueline ROTEN","image":{"@type":"ImageObject","inLanguage":"it-IT","@id":"https:\/\/secure.gravatar.com\/avatar\/5964256d6c6957de3a3505278957e0fb2a35119ac47ea41827a65301213c810b?s=96&d=mm&r=g","url":"https:\/\/secure.gravatar.com\/avatar\/5964256d6c6957de3a3505278957e0fb2a35119ac47ea41827a65301213c810b?s=96&d=mm&r=g","contentUrl":"https:\/\/secure.gravatar.com\/avatar\/5964256d6c6957de3a3505278957e0fb2a35119ac47ea41827a65301213c810b?s=96&d=mm&r=g","caption":"Jacqueline ROTEN"}}]}},"_links":{"self":[{"href":"https:\/\/www.iemj.org\/it\/wp-json\/wp\/v2\/posts\/64136","targetHints":{"allow":["GET"]}}],"collection":[{"href":"https:\/\/www.iemj.org\/it\/wp-json\/wp\/v2\/posts"}],"about":[{"href":"https:\/\/www.iemj.org\/it\/wp-json\/wp\/v2\/types\/post"}],"author":[{"embeddable":true,"href":"https:\/\/www.iemj.org\/it\/wp-json\/wp\/v2\/users\/5"}],"replies":[{"embeddable":true,"href":"https:\/\/www.iemj.org\/it\/wp-json\/wp\/v2\/comments?post=64136"}],"version-history":[{"count":0,"href":"https:\/\/www.iemj.org\/it\/wp-json\/wp\/v2\/posts\/64136\/revisions"}],"wp:featuredmedia":[{"embeddable":true,"href":"https:\/\/www.iemj.org\/it\/wp-json\/wp\/v2\/media\/64137"}],"wp:attachment":[{"href":"https:\/\/www.iemj.org\/it\/wp-json\/wp\/v2\/media?parent=64136"}],"wp:term":[{"taxonomy":"category","embeddable":true,"href":"https:\/\/www.iemj.org\/it\/wp-json\/wp\/v2\/categories?post=64136"},{"taxonomy":"post_tag","embeddable":true,"href":"https:\/\/www.iemj.org\/it\/wp-json\/wp\/v2\/tags?post=64136"},{"taxonomy":"technique","embeddable":true,"href":"https:\/\/www.iemj.org\/it\/wp-json\/wp\/v2\/technique?post=64136"},{"taxonomy":"squelettes","embeddable":true,"href":"https:\/\/www.iemj.org\/it\/wp-json\/wp\/v2\/squelettes?post=64136"},{"taxonomy":"sujet","embeddable":true,"href":"https:\/\/www.iemj.org\/it\/wp-json\/wp\/v2\/sujet?post=64136"},{"taxonomy":"formation","embeddable":true,"href":"https:\/\/www.iemj.org\/it\/wp-json\/wp\/v2\/formation?post=64136"},{"taxonomy":"genre","embeddable":true,"href":"https:\/\/www.iemj.org\/it\/wp-json\/wp\/v2\/genre?post=64136"},{"taxonomy":"fonds","embeddable":true,"href":"https:\/\/www.iemj.org\/it\/wp-json\/wp\/v2\/fonds?post=64136"},{"taxonomy":"tradition","embeddable":true,"href":"https:\/\/www.iemj.org\/it\/wp-json\/wp\/v2\/tradition?post=64136"},{"taxonomy":"type-de-contenu","embeddable":true,"href":"https:\/\/www.iemj.org\/it\/wp-json\/wp\/v2\/type-de-contenu?post=64136"},{"taxonomy":"interprete-compositeur","embeddable":true,"href":"https:\/\/www.iemj.org\/it\/wp-json\/wp\/v2\/interprete-compositeur?post=64136"},{"taxonomy":"frise","embeddable":true,"href":"https:\/\/www.iemj.org\/it\/wp-json\/wp\/v2\/frise?post=64136"},{"taxonomy":"type-devenement","embeddable":true,"href":"https:\/\/www.iemj.org\/it\/wp-json\/wp\/v2\/type-devenement?post=64136"},{"taxonomy":"tableaux-liens-externes","embeddable":true,"href":"https:\/\/www.iemj.org\/it\/wp-json\/wp\/v2\/tableaux-liens-externes?post=64136"}],"curies":[{"name":"wp","href":"https:\/\/api.w.org\/{rel}","templated":true}]}}