{"id":64229,"date":"2017-08-24T10:09:15","date_gmt":"2017-08-24T08:09:15","guid":{"rendered":"https:\/\/www.iemj.org\/fonds-jean-claude-sillamy\/"},"modified":"2021-09-14T16:45:06","modified_gmt":"2021-09-14T14:45:06","slug":"fonds-jean-claude-sillamy","status":"publish","type":"post","link":"https:\/\/www.iemj.org\/it\/fonds-jean-claude-sillamy\/","title":{"rendered":"Fondo Jean-Claude Sillamy"},"content":{"rendered":"<p>Nato il 24 luglio 1932 ad Algeri e morto il 29 luglio 2016 ad Ajaccio<strong>, <\/strong><a href=\"https:\/\/www.iemj.org\/en\/sillamy-jean-claude-1932-2016\/\" target=\"_blank\" rel=\"noopener\">Jean-Claude Sillamy<\/a> \u00e8 un musicologo e compositore francese di musica di scena, di musica sacra e di musica di film. Specialista in musiche antiche (Sumeri, Babilonia, Mesopotamia &#8230;), ha pubblicato diversi libri e studi dedicati in particolare alle musiche ebraiche (<em>Saggio sulla ricostruzione della musica della Bibbia, 1957; La Musica nell\u2019antico Oriente (2 volumi), 1986; La musica delle comunit\u00e0 ebraiche del Nord Africa, 1987<\/em>; uno studio su <a href=\"https:\/\/www.iemj.org\/en\/le-principe-de-la-modulation-dans-le-fragment-babylonien-dur-u-7-80-xviiieme-siecle-av-j-c-a-partir-dun-instrument-de-lepoque-non-identifie-le-gis-za-mi\/\" target=\"_blank\" rel=\"noopener\"><em>Il principio della modulazione nel frammento babilonese di Ur: U.7\/80 (XVIII secolo a.C.) (partendo da uno strumento d&#8217;epoca non identificato: il &#8220;gis za mi<\/em>&#8220;, 1991<\/a>)). I suoi archivi, donati nel novembre 2016 dalla sua vedova Lina Sillamy, sono costituiti da circa 90 documenti (documenti, registrazioni in diretta, articoli, libri, foto &#8230;) la maggior parte dei quali introvabili ai giorni nostri.<\/p>\n<p><img fetchpriority=\"high\" decoding=\"async\" class=\" aligncenter size-full wp-image-14851\" src=\"https:\/\/www.iemj.org\/wp-content\/uploads\/2017\/08\/montage_sillamy2-scaled.jpg\" alt=\"montage_sillamy2.jpg\" width=\"2560\" height=\"1541\" align=\"center\" srcset=\"https:\/\/www.iemj.org\/wp-content\/uploads\/2017\/08\/montage_sillamy2-scaled.jpg 2560w, https:\/\/www.iemj.org\/wp-content\/uploads\/2017\/08\/montage_sillamy2-300x181.jpg 300w, https:\/\/www.iemj.org\/wp-content\/uploads\/2017\/08\/montage_sillamy2-1024x616.jpg 1024w, https:\/\/www.iemj.org\/wp-content\/uploads\/2017\/08\/montage_sillamy2-768x462.jpg 768w, https:\/\/www.iemj.org\/wp-content\/uploads\/2017\/08\/montage_sillamy2-1536x924.jpg 1536w, https:\/\/www.iemj.org\/wp-content\/uploads\/2017\/08\/montage_sillamy2-2048x1233.jpg 2048w, https:\/\/www.iemj.org\/wp-content\/uploads\/2017\/08\/montage_sillamy2-600x361.jpg 600w\" sizes=\"(max-width: 2560px) 100vw, 2560px\" \/><\/p>\n<p>In dettaglio, il fondo Sillamy \u00e8 composto da:<\/p>\n<ul>\n<li>27 dischi contenenti musica tradizionale (giudeo-araba, sefardita, antica Grecia, ebraica, israeliana &#8230;), musica ispirata dalla Bibbia (<em>Die Musik der Bibel: in der tradition althebr\u00e4ischer Melodien, Morasha: Traditional Jewish Musical Heritage <\/em>&#8230;) , musica classica comprendente alcune di queste composizioni (<em>Bloch: Concerto per violino e orchestra, L&#8217;Arca dell\u2019Alleanza \/ Kaddisch di JC Sillamy<\/em>) e <a href=\"http:\/\/www.rachelnet.net\/F\/?func=find-c&amp;ccl_term=WHOL+%3D+Sillamy+AND+WRD+%3D+Taamim+or+prayers&amp;local_base=iemcg\" target=\"_blank\" rel=\"noopener\">registrazioni etnomusicologiche (Taamim e benedizioni in diversi riti)<\/a>.<\/li>\n<li>26 libri e articoli di riviste in francese, inglese ed italiano, principalmente dedicati ad argomenti di etnomusicologia ebraica.<\/li>\n<li>19 spartiti di musica classica, di liturgia ebraica (i due volumi del <em>Thesaurus delle melodie ebraiche orientali di Abraham Zwi Idelsohn<\/em>), di canti tradizionali sefarditi e corsi, nonch\u00e9 di alcune composizioni di Jean-Claude Sillamy.<\/li>\n<li>11 cartelle d\u2019archivio comprendenti notizie bibliografiche, elementi biografici, programmi di concerti e altri documenti vari.<\/li>\n<\/ul>\n<p>Questi archivi sono ora disponibili per la consultazione nel catalogo delle nostre collezioni (<a href=\"http:\/\/www.rachelnet.net\/F\/?func=find-c&amp;ccl_term=WHOL+%3D+Sillamy&amp;local_base=iemcg\" target=\"_blank\" rel=\"noopener\"><strong>accedere al fondo Jean-Claude Sillamy<\/strong><\/a>) o su appuntamento con l&#8217;Istituto Europeo di Musica Ebraica (<a href=\"mailto:contact@iemj.org\">contact@iemj.org<\/a>).<\/p>\n<p><a href=\"https:\/\/www.iemj.org\/en\/sillamy-jean-claude-1932-2016\/\" target=\"_blank\" rel=\"noopener\">Consultare la biografia dettagliata di Jean-Claude Sillamy<\/a><\/p>\n\n\n<p><\/p>\n","protected":false},"excerpt":{"rendered":"<p>Nato il 24 luglio 1932 ad Algeri e morto il 29 luglio 2016 ad Ajaccio, Jean-Claude Sillamy \u00e8 un musicologo e compositore francese di musica di scena, di musica sacra<\/p>\n","protected":false},"author":1048,"featured_media":64230,"comment_status":"closed","ping_status":"open","sticky":false,"template":"","format":"standard","meta":{"_acf_changed":false,"footnotes":""},"categories":[1586],"tags":[],"technique":[],"squelettes":[],"sujet":[],"formation":[],"genre":[],"fonds":[],"tradition":[],"type-de-contenu":[],"interprete-compositeur":[],"frise":[],"type-devenement":[],"tableaux-liens-externes":[],"class_list":["post-64229","post","type-post","status-publish","format-standard","has-post-thumbnail","hentry","category-fondi-principali-it"],"acf":[],"yoast_head":"<!-- This site is optimized with the Yoast SEO plugin v27.3 - https:\/\/yoast.com\/product\/yoast-seo-wordpress\/ -->\n<title>Fondo Jean-Claude Sillamy - Institut Europ\u00e9en des Musiques Juives<\/title>\n<meta name=\"robots\" content=\"index, follow, max-snippet:-1, max-image-preview:large, max-video-preview:-1\" \/>\n<link rel=\"canonical\" href=\"https:\/\/www.iemj.org\/it\/fonds-jean-claude-sillamy\/\" \/>\n<meta property=\"og:locale\" content=\"it_IT\" \/>\n<meta property=\"og:type\" content=\"article\" \/>\n<meta property=\"og:title\" content=\"Fondo Jean-Claude Sillamy - Institut Europ\u00e9en des Musiques Juives\" \/>\n<meta property=\"og:description\" content=\"Nato il 24 luglio 1932 ad Algeri e morto il 29 luglio 2016 ad Ajaccio, Jean-Claude Sillamy \u00e8 un musicologo e compositore francese di musica di scena, di musica sacra\" \/>\n<meta property=\"og:url\" content=\"https:\/\/www.iemj.org\/it\/fonds-jean-claude-sillamy\/\" \/>\n<meta property=\"og:site_name\" content=\"Institut Europ\u00e9en des Musiques Juives\" \/>\n<meta property=\"article:publisher\" content=\"https:\/\/www.facebook.com\/MusiquesJuives\/\" \/>\n<meta property=\"article:published_time\" content=\"2017-08-24T08:09:15+00:00\" \/>\n<meta property=\"article:modified_time\" content=\"2021-09-14T14:45:06+00:00\" \/>\n<meta property=\"og:image\" content=\"https:\/\/www.iemj.org\/wp-content\/uploads\/2017\/08\/arton2417-e1618474206102.jpg\" \/>\n\t<meta property=\"og:image:width\" content=\"350\" \/>\n\t<meta property=\"og:image:height\" content=\"290\" \/>\n\t<meta property=\"og:image:type\" content=\"image\/jpeg\" \/>\n<meta name=\"author\" content=\"Jean-Gabriel Davis\" \/>\n<meta name=\"twitter:card\" content=\"summary_large_image\" \/>\n<meta name=\"twitter:label1\" content=\"Scritto da\" \/>\n\t<meta name=\"twitter:data1\" content=\"Jean-Gabriel Davis\" \/>\n\t<meta name=\"twitter:label2\" content=\"Tempo di lettura stimato\" \/>\n\t<meta name=\"twitter:data2\" content=\"2 minuti\" \/>\n<script type=\"application\/ld+json\" class=\"yoast-schema-graph\">{\"@context\":\"https:\\\/\\\/schema.org\",\"@graph\":[{\"@type\":\"Article\",\"@id\":\"https:\\\/\\\/www.iemj.org\\\/it\\\/fonds-jean-claude-sillamy\\\/#article\",\"isPartOf\":{\"@id\":\"https:\\\/\\\/www.iemj.org\\\/it\\\/fonds-jean-claude-sillamy\\\/\"},\"author\":{\"name\":\"Jean-Gabriel Davis\",\"@id\":\"https:\\\/\\\/www.iemj.org\\\/it\\\/#\\\/schema\\\/person\\\/c9bc1c386a3749579a2d675e72a18666\"},\"headline\":\"Fondo Jean-Claude Sillamy\",\"datePublished\":\"2017-08-24T08:09:15+00:00\",\"dateModified\":\"2021-09-14T14:45:06+00:00\",\"mainEntityOfPage\":{\"@id\":\"https:\\\/\\\/www.iemj.org\\\/it\\\/fonds-jean-claude-sillamy\\\/\"},\"wordCount\":303,\"publisher\":{\"@id\":\"https:\\\/\\\/www.iemj.org\\\/it\\\/#organization\"},\"image\":{\"@id\":\"https:\\\/\\\/www.iemj.org\\\/it\\\/fonds-jean-claude-sillamy\\\/#primaryimage\"},\"thumbnailUrl\":\"https:\\\/\\\/www.iemj.org\\\/wp-content\\\/uploads\\\/2017\\\/08\\\/arton2417-e1618474206102.jpg\",\"articleSection\":[\"Fondi principali\"],\"inLanguage\":\"it-IT\"},{\"@type\":\"WebPage\",\"@id\":\"https:\\\/\\\/www.iemj.org\\\/it\\\/fonds-jean-claude-sillamy\\\/\",\"url\":\"https:\\\/\\\/www.iemj.org\\\/it\\\/fonds-jean-claude-sillamy\\\/\",\"name\":\"Fondo Jean-Claude Sillamy - Institut Europ\u00e9en des Musiques Juives\",\"isPartOf\":{\"@id\":\"https:\\\/\\\/www.iemj.org\\\/it\\\/#website\"},\"primaryImageOfPage\":{\"@id\":\"https:\\\/\\\/www.iemj.org\\\/it\\\/fonds-jean-claude-sillamy\\\/#primaryimage\"},\"image\":{\"@id\":\"https:\\\/\\\/www.iemj.org\\\/it\\\/fonds-jean-claude-sillamy\\\/#primaryimage\"},\"thumbnailUrl\":\"https:\\\/\\\/www.iemj.org\\\/wp-content\\\/uploads\\\/2017\\\/08\\\/arton2417-e1618474206102.jpg\",\"datePublished\":\"2017-08-24T08:09:15+00:00\",\"dateModified\":\"2021-09-14T14:45:06+00:00\",\"breadcrumb\":{\"@id\":\"https:\\\/\\\/www.iemj.org\\\/it\\\/fonds-jean-claude-sillamy\\\/#breadcrumb\"},\"inLanguage\":\"it-IT\",\"potentialAction\":[{\"@type\":\"ReadAction\",\"target\":[\"https:\\\/\\\/www.iemj.org\\\/it\\\/fonds-jean-claude-sillamy\\\/\"]}]},{\"@type\":\"ImageObject\",\"inLanguage\":\"it-IT\",\"@id\":\"https:\\\/\\\/www.iemj.org\\\/it\\\/fonds-jean-claude-sillamy\\\/#primaryimage\",\"url\":\"https:\\\/\\\/www.iemj.org\\\/wp-content\\\/uploads\\\/2017\\\/08\\\/arton2417-e1618474206102.jpg\",\"contentUrl\":\"https:\\\/\\\/www.iemj.org\\\/wp-content\\\/uploads\\\/2017\\\/08\\\/arton2417-e1618474206102.jpg\",\"width\":350,\"height\":290},{\"@type\":\"BreadcrumbList\",\"@id\":\"https:\\\/\\\/www.iemj.org\\\/it\\\/fonds-jean-claude-sillamy\\\/#breadcrumb\",\"itemListElement\":[{\"@type\":\"ListItem\",\"position\":1,\"name\":\"Accueil\",\"item\":\"https:\\\/\\\/www.iemj.org\\\/it\\\/\"},{\"@type\":\"ListItem\",\"position\":2,\"name\":\"Fondo Jean-Claude Sillamy\"}]},{\"@type\":\"WebSite\",\"@id\":\"https:\\\/\\\/www.iemj.org\\\/it\\\/#website\",\"url\":\"https:\\\/\\\/www.iemj.org\\\/it\\\/\",\"name\":\"Institut Europ\u00e9en des Musiques Juives\",\"description\":\"Des traditions musicales \u00e0 la port\u00e9e de tous\",\"publisher\":{\"@id\":\"https:\\\/\\\/www.iemj.org\\\/it\\\/#organization\"},\"potentialAction\":[{\"@type\":\"SearchAction\",\"target\":{\"@type\":\"EntryPoint\",\"urlTemplate\":\"https:\\\/\\\/www.iemj.org\\\/it\\\/?s={search_term_string}\"},\"query-input\":{\"@type\":\"PropertyValueSpecification\",\"valueRequired\":true,\"valueName\":\"search_term_string\"}}],\"inLanguage\":\"it-IT\"},{\"@type\":\"Organization\",\"@id\":\"https:\\\/\\\/www.iemj.org\\\/it\\\/#organization\",\"name\":\"Institut Europ\u00e9en des Musiques Juives\",\"url\":\"https:\\\/\\\/www.iemj.org\\\/it\\\/\",\"logo\":{\"@type\":\"ImageObject\",\"inLanguage\":\"it-IT\",\"@id\":\"https:\\\/\\\/www.iemj.org\\\/it\\\/#\\\/schema\\\/logo\\\/image\\\/\",\"url\":\"https:\\\/\\\/www.iemj.org\\\/wp-content\\\/uploads\\\/2021\\\/09\\\/Logo-IEMJ-Paypal.jpg\",\"contentUrl\":\"https:\\\/\\\/www.iemj.org\\\/wp-content\\\/uploads\\\/2021\\\/09\\\/Logo-IEMJ-Paypal.jpg\",\"width\":150,\"height\":50,\"caption\":\"Institut Europ\u00e9en des Musiques Juives\"},\"image\":{\"@id\":\"https:\\\/\\\/www.iemj.org\\\/it\\\/#\\\/schema\\\/logo\\\/image\\\/\"},\"sameAs\":[\"https:\\\/\\\/www.facebook.com\\\/MusiquesJuives\\\/\",\"https:\\\/\\\/www.instagram.com\\\/musiquesjuives\\\/\",\"https:\\\/\\\/www.youtube.com\\\/user\\\/musiquesjuives\"]},{\"@type\":\"Person\",\"@id\":\"https:\\\/\\\/www.iemj.org\\\/it\\\/#\\\/schema\\\/person\\\/c9bc1c386a3749579a2d675e72a18666\",\"name\":\"Jean-Gabriel Davis\",\"image\":{\"@type\":\"ImageObject\",\"inLanguage\":\"it-IT\",\"@id\":\"https:\\\/\\\/secure.gravatar.com\\\/avatar\\\/2b90d67bdf392c9b3a21fab87c0fa7edaf1fb3a058172a1ffd61033fcec7aec1?s=96&d=mm&r=g\",\"url\":\"https:\\\/\\\/secure.gravatar.com\\\/avatar\\\/2b90d67bdf392c9b3a21fab87c0fa7edaf1fb3a058172a1ffd61033fcec7aec1?s=96&d=mm&r=g\",\"contentUrl\":\"https:\\\/\\\/secure.gravatar.com\\\/avatar\\\/2b90d67bdf392c9b3a21fab87c0fa7edaf1fb3a058172a1ffd61033fcec7aec1?s=96&d=mm&r=g\",\"caption\":\"Jean-Gabriel Davis\"}}]}<\/script>\n<!-- \/ Yoast SEO plugin. -->","yoast_head_json":{"title":"Fondo Jean-Claude Sillamy - Institut Europ\u00e9en des Musiques Juives","robots":{"index":"index","follow":"follow","max-snippet":"max-snippet:-1","max-image-preview":"max-image-preview:large","max-video-preview":"max-video-preview:-1"},"canonical":"https:\/\/www.iemj.org\/it\/fonds-jean-claude-sillamy\/","og_locale":"it_IT","og_type":"article","og_title":"Fondo Jean-Claude Sillamy - Institut Europ\u00e9en des Musiques Juives","og_description":"Nato il 24 luglio 1932 ad Algeri e morto il 29 luglio 2016 ad Ajaccio, Jean-Claude Sillamy \u00e8 un musicologo e compositore francese di musica di scena, di musica sacra","og_url":"https:\/\/www.iemj.org\/it\/fonds-jean-claude-sillamy\/","og_site_name":"Institut Europ\u00e9en des Musiques Juives","article_publisher":"https:\/\/www.facebook.com\/MusiquesJuives\/","article_published_time":"2017-08-24T08:09:15+00:00","article_modified_time":"2021-09-14T14:45:06+00:00","og_image":[{"width":350,"height":290,"url":"https:\/\/www.iemj.org\/wp-content\/uploads\/2017\/08\/arton2417-e1618474206102.jpg","type":"image\/jpeg"}],"author":"Jean-Gabriel Davis","twitter_card":"summary_large_image","twitter_misc":{"Scritto da":"Jean-Gabriel Davis","Tempo di lettura stimato":"2 minuti"},"schema":{"@context":"https:\/\/schema.org","@graph":[{"@type":"Article","@id":"https:\/\/www.iemj.org\/it\/fonds-jean-claude-sillamy\/#article","isPartOf":{"@id":"https:\/\/www.iemj.org\/it\/fonds-jean-claude-sillamy\/"},"author":{"name":"Jean-Gabriel Davis","@id":"https:\/\/www.iemj.org\/it\/#\/schema\/person\/c9bc1c386a3749579a2d675e72a18666"},"headline":"Fondo Jean-Claude Sillamy","datePublished":"2017-08-24T08:09:15+00:00","dateModified":"2021-09-14T14:45:06+00:00","mainEntityOfPage":{"@id":"https:\/\/www.iemj.org\/it\/fonds-jean-claude-sillamy\/"},"wordCount":303,"publisher":{"@id":"https:\/\/www.iemj.org\/it\/#organization"},"image":{"@id":"https:\/\/www.iemj.org\/it\/fonds-jean-claude-sillamy\/#primaryimage"},"thumbnailUrl":"https:\/\/www.iemj.org\/wp-content\/uploads\/2017\/08\/arton2417-e1618474206102.jpg","articleSection":["Fondi principali"],"inLanguage":"it-IT"},{"@type":"WebPage","@id":"https:\/\/www.iemj.org\/it\/fonds-jean-claude-sillamy\/","url":"https:\/\/www.iemj.org\/it\/fonds-jean-claude-sillamy\/","name":"Fondo Jean-Claude Sillamy - Institut Europ\u00e9en des Musiques Juives","isPartOf":{"@id":"https:\/\/www.iemj.org\/it\/#website"},"primaryImageOfPage":{"@id":"https:\/\/www.iemj.org\/it\/fonds-jean-claude-sillamy\/#primaryimage"},"image":{"@id":"https:\/\/www.iemj.org\/it\/fonds-jean-claude-sillamy\/#primaryimage"},"thumbnailUrl":"https:\/\/www.iemj.org\/wp-content\/uploads\/2017\/08\/arton2417-e1618474206102.jpg","datePublished":"2017-08-24T08:09:15+00:00","dateModified":"2021-09-14T14:45:06+00:00","breadcrumb":{"@id":"https:\/\/www.iemj.org\/it\/fonds-jean-claude-sillamy\/#breadcrumb"},"inLanguage":"it-IT","potentialAction":[{"@type":"ReadAction","target":["https:\/\/www.iemj.org\/it\/fonds-jean-claude-sillamy\/"]}]},{"@type":"ImageObject","inLanguage":"it-IT","@id":"https:\/\/www.iemj.org\/it\/fonds-jean-claude-sillamy\/#primaryimage","url":"https:\/\/www.iemj.org\/wp-content\/uploads\/2017\/08\/arton2417-e1618474206102.jpg","contentUrl":"https:\/\/www.iemj.org\/wp-content\/uploads\/2017\/08\/arton2417-e1618474206102.jpg","width":350,"height":290},{"@type":"BreadcrumbList","@id":"https:\/\/www.iemj.org\/it\/fonds-jean-claude-sillamy\/#breadcrumb","itemListElement":[{"@type":"ListItem","position":1,"name":"Accueil","item":"https:\/\/www.iemj.org\/it\/"},{"@type":"ListItem","position":2,"name":"Fondo Jean-Claude Sillamy"}]},{"@type":"WebSite","@id":"https:\/\/www.iemj.org\/it\/#website","url":"https:\/\/www.iemj.org\/it\/","name":"Institut Europ\u00e9en des Musiques Juives","description":"Des traditions musicales \u00e0 la port\u00e9e de tous","publisher":{"@id":"https:\/\/www.iemj.org\/it\/#organization"},"potentialAction":[{"@type":"SearchAction","target":{"@type":"EntryPoint","urlTemplate":"https:\/\/www.iemj.org\/it\/?s={search_term_string}"},"query-input":{"@type":"PropertyValueSpecification","valueRequired":true,"valueName":"search_term_string"}}],"inLanguage":"it-IT"},{"@type":"Organization","@id":"https:\/\/www.iemj.org\/it\/#organization","name":"Institut Europ\u00e9en des Musiques Juives","url":"https:\/\/www.iemj.org\/it\/","logo":{"@type":"ImageObject","inLanguage":"it-IT","@id":"https:\/\/www.iemj.org\/it\/#\/schema\/logo\/image\/","url":"https:\/\/www.iemj.org\/wp-content\/uploads\/2021\/09\/Logo-IEMJ-Paypal.jpg","contentUrl":"https:\/\/www.iemj.org\/wp-content\/uploads\/2021\/09\/Logo-IEMJ-Paypal.jpg","width":150,"height":50,"caption":"Institut Europ\u00e9en des Musiques Juives"},"image":{"@id":"https:\/\/www.iemj.org\/it\/#\/schema\/logo\/image\/"},"sameAs":["https:\/\/www.facebook.com\/MusiquesJuives\/","https:\/\/www.instagram.com\/musiquesjuives\/","https:\/\/www.youtube.com\/user\/musiquesjuives"]},{"@type":"Person","@id":"https:\/\/www.iemj.org\/it\/#\/schema\/person\/c9bc1c386a3749579a2d675e72a18666","name":"Jean-Gabriel Davis","image":{"@type":"ImageObject","inLanguage":"it-IT","@id":"https:\/\/secure.gravatar.com\/avatar\/2b90d67bdf392c9b3a21fab87c0fa7edaf1fb3a058172a1ffd61033fcec7aec1?s=96&d=mm&r=g","url":"https:\/\/secure.gravatar.com\/avatar\/2b90d67bdf392c9b3a21fab87c0fa7edaf1fb3a058172a1ffd61033fcec7aec1?s=96&d=mm&r=g","contentUrl":"https:\/\/secure.gravatar.com\/avatar\/2b90d67bdf392c9b3a21fab87c0fa7edaf1fb3a058172a1ffd61033fcec7aec1?s=96&d=mm&r=g","caption":"Jean-Gabriel Davis"}}]}},"_links":{"self":[{"href":"https:\/\/www.iemj.org\/it\/wp-json\/wp\/v2\/posts\/64229","targetHints":{"allow":["GET"]}}],"collection":[{"href":"https:\/\/www.iemj.org\/it\/wp-json\/wp\/v2\/posts"}],"about":[{"href":"https:\/\/www.iemj.org\/it\/wp-json\/wp\/v2\/types\/post"}],"author":[{"embeddable":true,"href":"https:\/\/www.iemj.org\/it\/wp-json\/wp\/v2\/users\/1048"}],"replies":[{"embeddable":true,"href":"https:\/\/www.iemj.org\/it\/wp-json\/wp\/v2\/comments?post=64229"}],"version-history":[{"count":0,"href":"https:\/\/www.iemj.org\/it\/wp-json\/wp\/v2\/posts\/64229\/revisions"}],"wp:featuredmedia":[{"embeddable":true,"href":"https:\/\/www.iemj.org\/it\/wp-json\/wp\/v2\/media\/64230"}],"wp:attachment":[{"href":"https:\/\/www.iemj.org\/it\/wp-json\/wp\/v2\/media?parent=64229"}],"wp:term":[{"taxonomy":"category","embeddable":true,"href":"https:\/\/www.iemj.org\/it\/wp-json\/wp\/v2\/categories?post=64229"},{"taxonomy":"post_tag","embeddable":true,"href":"https:\/\/www.iemj.org\/it\/wp-json\/wp\/v2\/tags?post=64229"},{"taxonomy":"technique","embeddable":true,"href":"https:\/\/www.iemj.org\/it\/wp-json\/wp\/v2\/technique?post=64229"},{"taxonomy":"squelettes","embeddable":true,"href":"https:\/\/www.iemj.org\/it\/wp-json\/wp\/v2\/squelettes?post=64229"},{"taxonomy":"sujet","embeddable":true,"href":"https:\/\/www.iemj.org\/it\/wp-json\/wp\/v2\/sujet?post=64229"},{"taxonomy":"formation","embeddable":true,"href":"https:\/\/www.iemj.org\/it\/wp-json\/wp\/v2\/formation?post=64229"},{"taxonomy":"genre","embeddable":true,"href":"https:\/\/www.iemj.org\/it\/wp-json\/wp\/v2\/genre?post=64229"},{"taxonomy":"fonds","embeddable":true,"href":"https:\/\/www.iemj.org\/it\/wp-json\/wp\/v2\/fonds?post=64229"},{"taxonomy":"tradition","embeddable":true,"href":"https:\/\/www.iemj.org\/it\/wp-json\/wp\/v2\/tradition?post=64229"},{"taxonomy":"type-de-contenu","embeddable":true,"href":"https:\/\/www.iemj.org\/it\/wp-json\/wp\/v2\/type-de-contenu?post=64229"},{"taxonomy":"interprete-compositeur","embeddable":true,"href":"https:\/\/www.iemj.org\/it\/wp-json\/wp\/v2\/interprete-compositeur?post=64229"},{"taxonomy":"frise","embeddable":true,"href":"https:\/\/www.iemj.org\/it\/wp-json\/wp\/v2\/frise?post=64229"},{"taxonomy":"type-devenement","embeddable":true,"href":"https:\/\/www.iemj.org\/it\/wp-json\/wp\/v2\/type-devenement?post=64229"},{"taxonomy":"tableaux-liens-externes","embeddable":true,"href":"https:\/\/www.iemj.org\/it\/wp-json\/wp\/v2\/tableaux-liens-externes?post=64229"}],"curies":[{"name":"wp","href":"https:\/\/api.w.org\/{rel}","templated":true}]}}