{"id":65269,"date":"2020-04-02T11:08:34","date_gmt":"2020-04-02T09:08:34","guid":{"rendered":"https:\/\/www.iemj.org\/had-gadya-une-chanson-de-pessah\/"},"modified":"2025-03-31T14:38:11","modified_gmt":"2025-03-31T12:38:11","slug":"had-gadya-une-chanson-de-pessah","status":"publish","type":"post","link":"https:\/\/www.iemj.org\/it\/had-gadya-une-chanson-de-pessah\/","title":{"rendered":"\u2019Had gadya, una canzone di Pessah"},"content":{"rendered":"<p><strong>&#8216;Had gadya (la capra), la famosa canzone pasquale cantata in tutte le tradizioni ebraiche (o quasi&#8230;)<\/strong><\/p>\n<p><!--more--><\/p>\n<p>L&#8217;ultima delle tre canzoni del <a href=\"https:\/\/www.iemj.org\/it\/pessah\/\" target=\"_blank\" rel=\"noopener\">Seder di Pessah<\/a>, <em>\u2018Had Gadya<\/em> \u00e8 una canzone cumulativa (ogni verso riprende i versi precedenti) che mette in parallelo il destino di un capretto innocente e quello del popolo di Israele. Secondo un insegnamento ebraico tradizionale, il capretto rappresenterebbe il popolo ebraico che Dio (il padre) ha acquisito tramite Mos\u00e8 ed Aron (le due monete d&#8217;argento). I successivi persecutori sarebbero l&#8217;Assiria (il gatto), Babilonia (il cane), la Persia (il bastone), la Macedonia (il fuoco), Roma (l&#8217;acqua), i Saraceni (il bue) ed i Crociati ( il sommo sacerdote). Si dice che i Turchi, che occuparono la Terra Santa fino al 1917, fossero rappresentati dall&#8217;angelo della morte, la storia concludendosi con il ritorno degli Ebrei in Israele per grazia divina.<\/p>\n<p>La tradizione vuole che questa canzone in aramaico sia cantata anche nei diversi dialetti ebraici (giudeo-alsaziano, yiddish, comtadin, giudeo-spagnolo, giudeo-arabo\u2026).<\/p>\n<p><a href=\"https:\/\/www.iemj.org\/it\/three-passover-songs-adir-hu-echad-mi-yodea-and-chad-gadya\/\" target=\"_blank\" rel=\"noopener\">Scopri di pi\u00f9 sulle tre canzoni di Pesach: Adir hu, E&#8217;had mi yod\u00e9a e &#8216;Had gadya<\/a><br \/><a href=\"https:\/\/www.iemj.org\/it\/ehad-mi-yodea-une-chanson-de-pessah\/\" target=\"_blank\" rel=\"noopener\">Ascolta la playlist sulla canzone E&#8217;had mi yodea<\/a><br \/><a href=\"https:\/\/www.iemj.org\/it\/pessah-1ere-partie\/\" target=\"_blank\" rel=\"noopener\">Ascolta la playlist Pesach 1<\/a><br \/><a href=\"https:\/\/www.iemj.org\/it\/pessah-2eme-partie\/\" target=\"_blank\" rel=\"noopener\">Ascolta la playlist Pesach 2<\/a><\/p>\n<p>\u00a0<\/p>\n\n<div class=\"wp-block-image\">\n<figure class=\"aligncenter size-large\"><img fetchpriority=\"high\" decoding=\"async\" width=\"1024\" height=\"133\" src=\"https:\/\/www.iemj.org\/wp-content\/uploads\/2024\/03\/AUDIO-PLAYER-1024x133.png\" alt=\"\" class=\"wp-image-110609\" srcset=\"https:\/\/www.iemj.org\/wp-content\/uploads\/2024\/03\/AUDIO-PLAYER-1024x133.png 1024w, https:\/\/www.iemj.org\/wp-content\/uploads\/2024\/03\/AUDIO-PLAYER-300x39.png 300w, https:\/\/www.iemj.org\/wp-content\/uploads\/2024\/03\/AUDIO-PLAYER-768x100.png 768w, https:\/\/www.iemj.org\/wp-content\/uploads\/2024\/03\/AUDIO-PLAYER-600x78.png 600w, https:\/\/www.iemj.org\/wp-content\/uploads\/2024\/03\/AUDIO-PLAYER.png 1210w\" sizes=\"(max-width: 1024px) 100vw, 1024px\" \/><\/figure>\n<\/div>\n\n\n<h2 class=\"wp-block-heading\"><\/h2>\n\n\n\n<div class=\"wp-block-file\"><a href=\"https:\/\/www.iemj.org\/wp-content\/uploads\/2020\/04\/01-had_gadya_extrait__tradition_ashkenaze.mp3\">Had gadya (Extrait) &#8211; Tradition ashkenaze<\/a><\/div>\n\n\n\n<div class=\"wp-block-file\"><a href=\"https:\/\/www.iemj.org\/wp-content\/uploads\/2020\/04\/02-had_gadyo_extrait__ashkenaze_judeo-alsacien_michel_heymann.mp3\">Had gadyo (Extrait) &#8211;  Ashkenaze judeo alsacien &#8211; Michel Heymann<\/a><\/div>\n\n\n\n<div class=\"wp-block-file\"><a href=\"https:\/\/www.iemj.org\/wp-content\/uploads\/2020\/04\/03_chad_gadyoh_extrait__ashkenaze_yiddish_moshe_koussevitzky.mp3\">Chad Gadyoh (Extrait) &#8211; Ashkenaze yiddish &#8211; Moshe Koussevitzky<\/a><\/div>\n\n\n\n<div class=\"wp-block-file\"><a href=\"https:\/\/www.iemj.org\/wp-content\/uploads\/2020\/04\/04_chad_gadya_ashkenaze_yiddish_nira_gal.mp3\">Chad Gadya &#8211; Ashkenaze yiddish &#8211; Nira Gal<\/a><\/div>\n\n\n\n<div class=\"wp-block-file\"><a href=\"https:\/\/www.iemj.org\/wp-content\/uploads\/2020\/04\/05_chad_gadya_in_yiddish_zemiros_group.mp3\">Chad Gadya in Yiddish &#8211; Zemiros Group<\/a><\/div>\n\n\n\n<div class=\"wp-block-file\"><a href=\"https:\/\/www.iemj.org\/wp-content\/uploads\/2020\/04\/06_had_gadia_cantes_judeo-espagnol_coll.yitshak_levy.mp3\">Had gadia &#8211; Cantes judeo espagnol &#8211; Coll. Yitshak Levy<\/a><\/div>\n\n\n\n<div class=\"wp-block-file\"><a href=\"https:\/\/www.iemj.org\/wp-content\/uploads\/2020\/04\/07-had_gadia_extrait__cantos_judeo_espanoles_de_marruecos.mp3\">Had gadia (Extrait) &#8211; Cantos Judeo Espanoles de Marruecos<\/a><\/div>\n\n\n\n<div class=\"wp-block-file\"><a href=\"https:\/\/www.iemj.org\/wp-content\/uploads\/2020\/04\/08_el_cavritico_tradition_jud_o-espagnole_salonique_gr_ce__coll._l_on_algazi.mp3\">El cavritico &#8211; Judeo-espagnol Salonique Grece &#8211; Coll. Leon Algazi<\/a><\/div>\n\n\n\n<div class=\"wp-block-file\"><a href=\"https:\/\/www.iemj.org\/wp-content\/uploads\/2020\/04\/09_had-gadia_extrait__ladino_yehoram_gaon.mp3\">Had Gadia (Extrait) &#8211; ladino -Yehoram Gaon<\/a><\/div>\n\n\n\n<div class=\"wp-block-file\"><a href=\"https:\/\/www.iemj.org\/wp-content\/uploads\/2020\/04\/10_had_gadya_extrait__rite_sfardi_yerushalmi_ezra_barnea.mp3\">Had gadya (Extrait) &#8211; rite sfardi yerushalmi &#8211; Ezra Barnea<\/a><\/div>\n\n\n\n<div class=\"wp-block-file\"><a href=\"https:\/\/www.iemj.org\/wp-content\/uploads\/2020\/04\/11_had_gadya_extrait__rite_lybien.mp3\">Had gadya (Extrait) &#8211; rite lybien<\/a><\/div>\n\n\n\n<div class=\"wp-block-file\"><a href=\"https:\/\/www.iemj.org\/wp-content\/uploads\/2020\/04\/12_had_gadya_extrait__rite_marocain_idan_toledano.mp3\">Had gadya (Extrait) &#8211; rite marocain &#8211; Idan Toledano<\/a><\/div>\n\n\n\n<div class=\"wp-block-file\"><a href=\"https:\/\/www.iemj.org\/wp-content\/uploads\/2020\/04\/13_had_gadya_extrait__rite_tunisien_nathan_cohen.mp3\">Had gadya (Extrait) &#8211; rite tunisien &#8211; Nathan Cohen<\/a><\/div>\n\n\n\n<div class=\"wp-block-file\"><a href=\"https:\/\/www.iemj.org\/wp-content\/uploads\/2020\/04\/14_had_gadya_extrait_rite_italien_corfou.mp3\">Had gadya (Extrait) &#8211; rite italien Corfou<\/a><\/div>\n\n\n\n<div class=\"wp-block-file\"><a href=\"https:\/\/www.iemj.org\/wp-content\/uploads\/2020\/04\/15_had_gadia_extrait__rite_comtadin_adolphe_attia.mp3\">Had gadia (Extrait) &#8211; rite comtadin &#8211; Adolphe Attia<\/a><\/div>\n\n\n\n<div class=\"wp-block-file\"><a href=\"https:\/\/www.iemj.org\/wp-content\/uploads\/2020\/04\/16_had_gadia_extrait__rite_italien_21_le_baroque_nomade.mp3\">Had gadia (Extrait) &#8211; rite italien &#8211; 21 Le Baroque Nomade<\/a><\/div>\n\n\n\n<div class=\"wp-block-file\"><a href=\"https:\/\/www.iemj.org\/wp-content\/uploads\/2020\/04\/17_had_gadya_extrait__chava_alberstein.mp3\">Had gadya (Extrait) &#8211; Chava Alberstein<\/a><\/div>\n","protected":false},"excerpt":{"rendered":"<p>&#8216;Had gadya (la capra), la famosa canzone pasquale cantata in tutte le tradizioni ebraiche (o quasi&#8230;)<\/p>\n","protected":false},"author":1045,"featured_media":111181,"comment_status":"closed","ping_status":"closed","sticky":false,"template":"","format":"standard","meta":{"_acf_changed":false,"footnotes":""},"categories":[1536],"tags":[],"technique":[],"squelettes":[],"sujet":[1827],"formation":[],"genre":[1892],"fonds":[],"tradition":[],"type-de-contenu":[],"interprete-compositeur":[],"frise":[],"type-devenement":[],"tableaux-liens-externes":[],"class_list":["post-65269","post","type-post","status-publish","format-standard","has-post-thumbnail","hentry","category-playlist-it","sujet-pessach-it","genre-liturgia-it"],"acf":[],"yoast_head":"<!-- This site is optimized with the Yoast SEO plugin v27.3 - https:\/\/yoast.com\/product\/yoast-seo-wordpress\/ -->\n<title>\u2019Had gadya, una canzone di Pessah - Institut Europ\u00e9en des Musiques Juives<\/title>\n<meta name=\"robots\" content=\"index, follow, max-snippet:-1, max-image-preview:large, max-video-preview:-1\" \/>\n<link rel=\"canonical\" href=\"https:\/\/www.iemj.org\/it\/had-gadya-une-chanson-de-pessah\/\" \/>\n<meta property=\"og:locale\" content=\"it_IT\" \/>\n<meta property=\"og:type\" content=\"article\" \/>\n<meta property=\"og:title\" content=\"\u2019Had gadya, una canzone di Pessah - Institut Europ\u00e9en des Musiques Juives\" \/>\n<meta property=\"og:description\" content=\"&#8216;Had gadya (la capra), la famosa canzone pasquale cantata in tutte le tradizioni ebraiche (o quasi&#8230;)\" \/>\n<meta property=\"og:url\" content=\"https:\/\/www.iemj.org\/it\/had-gadya-une-chanson-de-pessah\/\" \/>\n<meta property=\"og:site_name\" content=\"Institut Europ\u00e9en des Musiques Juives\" \/>\n<meta property=\"article:publisher\" content=\"https:\/\/www.facebook.com\/MusiquesJuives\/\" \/>\n<meta property=\"article:published_time\" content=\"2020-04-02T09:08:34+00:00\" \/>\n<meta property=\"article:modified_time\" content=\"2025-03-31T12:38:11+00:00\" \/>\n<meta property=\"og:image\" content=\"https:\/\/www.iemj.org\/wp-content\/uploads\/2020\/04\/Playlist-\u2018HAD-GADYA.jpg\" \/>\n\t<meta property=\"og:image:width\" content=\"500\" \/>\n\t<meta property=\"og:image:height\" content=\"500\" \/>\n\t<meta property=\"og:image:type\" content=\"image\/jpeg\" \/>\n<meta name=\"author\" content=\"Herv\u00e9 Roten\" \/>\n<meta name=\"twitter:card\" content=\"summary_large_image\" \/>\n<meta name=\"twitter:label1\" content=\"Scritto da\" \/>\n\t<meta name=\"twitter:data1\" content=\"Herv\u00e9 Roten\" \/>\n\t<meta name=\"twitter:label2\" content=\"Tempo di lettura stimato\" \/>\n\t<meta name=\"twitter:data2\" content=\"2 minuti\" \/>\n<script type=\"application\/ld+json\" class=\"yoast-schema-graph\">{\"@context\":\"https:\\\/\\\/schema.org\",\"@graph\":[{\"@type\":\"Article\",\"@id\":\"https:\\\/\\\/www.iemj.org\\\/it\\\/had-gadya-une-chanson-de-pessah\\\/#article\",\"isPartOf\":{\"@id\":\"https:\\\/\\\/www.iemj.org\\\/it\\\/had-gadya-une-chanson-de-pessah\\\/\"},\"author\":{\"name\":\"Herv\u00e9 Roten\",\"@id\":\"https:\\\/\\\/www.iemj.org\\\/it\\\/#\\\/schema\\\/person\\\/906134402c29d5c76e7b726261dd4bbd\"},\"headline\":\"\u2019Had gadya, una canzone di Pessah\",\"datePublished\":\"2020-04-02T09:08:34+00:00\",\"dateModified\":\"2025-03-31T12:38:11+00:00\",\"mainEntityOfPage\":{\"@id\":\"https:\\\/\\\/www.iemj.org\\\/it\\\/had-gadya-une-chanson-de-pessah\\\/\"},\"wordCount\":344,\"publisher\":{\"@id\":\"https:\\\/\\\/www.iemj.org\\\/it\\\/#organization\"},\"image\":{\"@id\":\"https:\\\/\\\/www.iemj.org\\\/it\\\/had-gadya-une-chanson-de-pessah\\\/#primaryimage\"},\"thumbnailUrl\":\"https:\\\/\\\/www.iemj.org\\\/wp-content\\\/uploads\\\/2020\\\/04\\\/Playlist-\u2018HAD-GADYA.jpg\",\"articleSection\":[\"Playlist\"],\"inLanguage\":\"it-IT\"},{\"@type\":\"WebPage\",\"@id\":\"https:\\\/\\\/www.iemj.org\\\/it\\\/had-gadya-une-chanson-de-pessah\\\/\",\"url\":\"https:\\\/\\\/www.iemj.org\\\/it\\\/had-gadya-une-chanson-de-pessah\\\/\",\"name\":\"\u2019Had gadya, una canzone di Pessah - Institut Europ\u00e9en des Musiques Juives\",\"isPartOf\":{\"@id\":\"https:\\\/\\\/www.iemj.org\\\/it\\\/#website\"},\"primaryImageOfPage\":{\"@id\":\"https:\\\/\\\/www.iemj.org\\\/it\\\/had-gadya-une-chanson-de-pessah\\\/#primaryimage\"},\"image\":{\"@id\":\"https:\\\/\\\/www.iemj.org\\\/it\\\/had-gadya-une-chanson-de-pessah\\\/#primaryimage\"},\"thumbnailUrl\":\"https:\\\/\\\/www.iemj.org\\\/wp-content\\\/uploads\\\/2020\\\/04\\\/Playlist-\u2018HAD-GADYA.jpg\",\"datePublished\":\"2020-04-02T09:08:34+00:00\",\"dateModified\":\"2025-03-31T12:38:11+00:00\",\"breadcrumb\":{\"@id\":\"https:\\\/\\\/www.iemj.org\\\/it\\\/had-gadya-une-chanson-de-pessah\\\/#breadcrumb\"},\"inLanguage\":\"it-IT\",\"potentialAction\":[{\"@type\":\"ReadAction\",\"target\":[\"https:\\\/\\\/www.iemj.org\\\/it\\\/had-gadya-une-chanson-de-pessah\\\/\"]}]},{\"@type\":\"ImageObject\",\"inLanguage\":\"it-IT\",\"@id\":\"https:\\\/\\\/www.iemj.org\\\/it\\\/had-gadya-une-chanson-de-pessah\\\/#primaryimage\",\"url\":\"https:\\\/\\\/www.iemj.org\\\/wp-content\\\/uploads\\\/2020\\\/04\\\/Playlist-\u2018HAD-GADYA.jpg\",\"contentUrl\":\"https:\\\/\\\/www.iemj.org\\\/wp-content\\\/uploads\\\/2020\\\/04\\\/Playlist-\u2018HAD-GADYA.jpg\",\"width\":500,\"height\":500},{\"@type\":\"BreadcrumbList\",\"@id\":\"https:\\\/\\\/www.iemj.org\\\/it\\\/had-gadya-une-chanson-de-pessah\\\/#breadcrumb\",\"itemListElement\":[{\"@type\":\"ListItem\",\"position\":1,\"name\":\"Accueil\",\"item\":\"https:\\\/\\\/www.iemj.org\\\/it\\\/\"},{\"@type\":\"ListItem\",\"position\":2,\"name\":\"\u2019Had gadya, una canzone di Pessah\"}]},{\"@type\":\"WebSite\",\"@id\":\"https:\\\/\\\/www.iemj.org\\\/it\\\/#website\",\"url\":\"https:\\\/\\\/www.iemj.org\\\/it\\\/\",\"name\":\"Institut Europ\u00e9en des Musiques Juives\",\"description\":\"Des traditions musicales \u00e0 la port\u00e9e de tous\",\"publisher\":{\"@id\":\"https:\\\/\\\/www.iemj.org\\\/it\\\/#organization\"},\"potentialAction\":[{\"@type\":\"SearchAction\",\"target\":{\"@type\":\"EntryPoint\",\"urlTemplate\":\"https:\\\/\\\/www.iemj.org\\\/it\\\/?s={search_term_string}\"},\"query-input\":{\"@type\":\"PropertyValueSpecification\",\"valueRequired\":true,\"valueName\":\"search_term_string\"}}],\"inLanguage\":\"it-IT\"},{\"@type\":\"Organization\",\"@id\":\"https:\\\/\\\/www.iemj.org\\\/it\\\/#organization\",\"name\":\"Institut Europ\u00e9en des Musiques Juives\",\"url\":\"https:\\\/\\\/www.iemj.org\\\/it\\\/\",\"logo\":{\"@type\":\"ImageObject\",\"inLanguage\":\"it-IT\",\"@id\":\"https:\\\/\\\/www.iemj.org\\\/it\\\/#\\\/schema\\\/logo\\\/image\\\/\",\"url\":\"https:\\\/\\\/www.iemj.org\\\/wp-content\\\/uploads\\\/2021\\\/09\\\/Logo-IEMJ-Paypal.jpg\",\"contentUrl\":\"https:\\\/\\\/www.iemj.org\\\/wp-content\\\/uploads\\\/2021\\\/09\\\/Logo-IEMJ-Paypal.jpg\",\"width\":150,\"height\":50,\"caption\":\"Institut Europ\u00e9en des Musiques Juives\"},\"image\":{\"@id\":\"https:\\\/\\\/www.iemj.org\\\/it\\\/#\\\/schema\\\/logo\\\/image\\\/\"},\"sameAs\":[\"https:\\\/\\\/www.facebook.com\\\/MusiquesJuives\\\/\",\"https:\\\/\\\/www.instagram.com\\\/musiquesjuives\\\/\",\"https:\\\/\\\/www.youtube.com\\\/user\\\/musiquesjuives\"]},{\"@type\":\"Person\",\"@id\":\"https:\\\/\\\/www.iemj.org\\\/it\\\/#\\\/schema\\\/person\\\/906134402c29d5c76e7b726261dd4bbd\",\"name\":\"Herv\u00e9 Roten\",\"image\":{\"@type\":\"ImageObject\",\"inLanguage\":\"it-IT\",\"@id\":\"https:\\\/\\\/secure.gravatar.com\\\/avatar\\\/f96ad2db538a26481f18384936b5cd0610c92d390c4dc382209216d455f685ff?s=96&d=mm&r=g\",\"url\":\"https:\\\/\\\/secure.gravatar.com\\\/avatar\\\/f96ad2db538a26481f18384936b5cd0610c92d390c4dc382209216d455f685ff?s=96&d=mm&r=g\",\"contentUrl\":\"https:\\\/\\\/secure.gravatar.com\\\/avatar\\\/f96ad2db538a26481f18384936b5cd0610c92d390c4dc382209216d455f685ff?s=96&d=mm&r=g\",\"caption\":\"Herv\u00e9 Roten\"}}]}<\/script>\n<!-- \/ Yoast SEO plugin. -->","yoast_head_json":{"title":"\u2019Had gadya, una canzone di Pessah - Institut Europ\u00e9en des Musiques Juives","robots":{"index":"index","follow":"follow","max-snippet":"max-snippet:-1","max-image-preview":"max-image-preview:large","max-video-preview":"max-video-preview:-1"},"canonical":"https:\/\/www.iemj.org\/it\/had-gadya-une-chanson-de-pessah\/","og_locale":"it_IT","og_type":"article","og_title":"\u2019Had gadya, una canzone di Pessah - Institut Europ\u00e9en des Musiques Juives","og_description":"&#8216;Had gadya (la capra), la famosa canzone pasquale cantata in tutte le tradizioni ebraiche (o quasi&#8230;)","og_url":"https:\/\/www.iemj.org\/it\/had-gadya-une-chanson-de-pessah\/","og_site_name":"Institut Europ\u00e9en des Musiques Juives","article_publisher":"https:\/\/www.facebook.com\/MusiquesJuives\/","article_published_time":"2020-04-02T09:08:34+00:00","article_modified_time":"2025-03-31T12:38:11+00:00","og_image":[{"width":500,"height":500,"url":"https:\/\/www.iemj.org\/wp-content\/uploads\/2020\/04\/Playlist-\u2018HAD-GADYA.jpg","type":"image\/jpeg"}],"author":"Herv\u00e9 Roten","twitter_card":"summary_large_image","twitter_misc":{"Scritto da":"Herv\u00e9 Roten","Tempo di lettura stimato":"2 minuti"},"schema":{"@context":"https:\/\/schema.org","@graph":[{"@type":"Article","@id":"https:\/\/www.iemj.org\/it\/had-gadya-une-chanson-de-pessah\/#article","isPartOf":{"@id":"https:\/\/www.iemj.org\/it\/had-gadya-une-chanson-de-pessah\/"},"author":{"name":"Herv\u00e9 Roten","@id":"https:\/\/www.iemj.org\/it\/#\/schema\/person\/906134402c29d5c76e7b726261dd4bbd"},"headline":"\u2019Had gadya, una canzone di Pessah","datePublished":"2020-04-02T09:08:34+00:00","dateModified":"2025-03-31T12:38:11+00:00","mainEntityOfPage":{"@id":"https:\/\/www.iemj.org\/it\/had-gadya-une-chanson-de-pessah\/"},"wordCount":344,"publisher":{"@id":"https:\/\/www.iemj.org\/it\/#organization"},"image":{"@id":"https:\/\/www.iemj.org\/it\/had-gadya-une-chanson-de-pessah\/#primaryimage"},"thumbnailUrl":"https:\/\/www.iemj.org\/wp-content\/uploads\/2020\/04\/Playlist-\u2018HAD-GADYA.jpg","articleSection":["Playlist"],"inLanguage":"it-IT"},{"@type":"WebPage","@id":"https:\/\/www.iemj.org\/it\/had-gadya-une-chanson-de-pessah\/","url":"https:\/\/www.iemj.org\/it\/had-gadya-une-chanson-de-pessah\/","name":"\u2019Had gadya, una canzone di Pessah - Institut Europ\u00e9en des Musiques Juives","isPartOf":{"@id":"https:\/\/www.iemj.org\/it\/#website"},"primaryImageOfPage":{"@id":"https:\/\/www.iemj.org\/it\/had-gadya-une-chanson-de-pessah\/#primaryimage"},"image":{"@id":"https:\/\/www.iemj.org\/it\/had-gadya-une-chanson-de-pessah\/#primaryimage"},"thumbnailUrl":"https:\/\/www.iemj.org\/wp-content\/uploads\/2020\/04\/Playlist-\u2018HAD-GADYA.jpg","datePublished":"2020-04-02T09:08:34+00:00","dateModified":"2025-03-31T12:38:11+00:00","breadcrumb":{"@id":"https:\/\/www.iemj.org\/it\/had-gadya-une-chanson-de-pessah\/#breadcrumb"},"inLanguage":"it-IT","potentialAction":[{"@type":"ReadAction","target":["https:\/\/www.iemj.org\/it\/had-gadya-une-chanson-de-pessah\/"]}]},{"@type":"ImageObject","inLanguage":"it-IT","@id":"https:\/\/www.iemj.org\/it\/had-gadya-une-chanson-de-pessah\/#primaryimage","url":"https:\/\/www.iemj.org\/wp-content\/uploads\/2020\/04\/Playlist-\u2018HAD-GADYA.jpg","contentUrl":"https:\/\/www.iemj.org\/wp-content\/uploads\/2020\/04\/Playlist-\u2018HAD-GADYA.jpg","width":500,"height":500},{"@type":"BreadcrumbList","@id":"https:\/\/www.iemj.org\/it\/had-gadya-une-chanson-de-pessah\/#breadcrumb","itemListElement":[{"@type":"ListItem","position":1,"name":"Accueil","item":"https:\/\/www.iemj.org\/it\/"},{"@type":"ListItem","position":2,"name":"\u2019Had gadya, una canzone di Pessah"}]},{"@type":"WebSite","@id":"https:\/\/www.iemj.org\/it\/#website","url":"https:\/\/www.iemj.org\/it\/","name":"Institut Europ\u00e9en des Musiques Juives","description":"Des traditions musicales \u00e0 la port\u00e9e de tous","publisher":{"@id":"https:\/\/www.iemj.org\/it\/#organization"},"potentialAction":[{"@type":"SearchAction","target":{"@type":"EntryPoint","urlTemplate":"https:\/\/www.iemj.org\/it\/?s={search_term_string}"},"query-input":{"@type":"PropertyValueSpecification","valueRequired":true,"valueName":"search_term_string"}}],"inLanguage":"it-IT"},{"@type":"Organization","@id":"https:\/\/www.iemj.org\/it\/#organization","name":"Institut Europ\u00e9en des Musiques Juives","url":"https:\/\/www.iemj.org\/it\/","logo":{"@type":"ImageObject","inLanguage":"it-IT","@id":"https:\/\/www.iemj.org\/it\/#\/schema\/logo\/image\/","url":"https:\/\/www.iemj.org\/wp-content\/uploads\/2021\/09\/Logo-IEMJ-Paypal.jpg","contentUrl":"https:\/\/www.iemj.org\/wp-content\/uploads\/2021\/09\/Logo-IEMJ-Paypal.jpg","width":150,"height":50,"caption":"Institut Europ\u00e9en des Musiques Juives"},"image":{"@id":"https:\/\/www.iemj.org\/it\/#\/schema\/logo\/image\/"},"sameAs":["https:\/\/www.facebook.com\/MusiquesJuives\/","https:\/\/www.instagram.com\/musiquesjuives\/","https:\/\/www.youtube.com\/user\/musiquesjuives"]},{"@type":"Person","@id":"https:\/\/www.iemj.org\/it\/#\/schema\/person\/906134402c29d5c76e7b726261dd4bbd","name":"Herv\u00e9 Roten","image":{"@type":"ImageObject","inLanguage":"it-IT","@id":"https:\/\/secure.gravatar.com\/avatar\/f96ad2db538a26481f18384936b5cd0610c92d390c4dc382209216d455f685ff?s=96&d=mm&r=g","url":"https:\/\/secure.gravatar.com\/avatar\/f96ad2db538a26481f18384936b5cd0610c92d390c4dc382209216d455f685ff?s=96&d=mm&r=g","contentUrl":"https:\/\/secure.gravatar.com\/avatar\/f96ad2db538a26481f18384936b5cd0610c92d390c4dc382209216d455f685ff?s=96&d=mm&r=g","caption":"Herv\u00e9 Roten"}}]}},"_links":{"self":[{"href":"https:\/\/www.iemj.org\/it\/wp-json\/wp\/v2\/posts\/65269","targetHints":{"allow":["GET"]}}],"collection":[{"href":"https:\/\/www.iemj.org\/it\/wp-json\/wp\/v2\/posts"}],"about":[{"href":"https:\/\/www.iemj.org\/it\/wp-json\/wp\/v2\/types\/post"}],"author":[{"embeddable":true,"href":"https:\/\/www.iemj.org\/it\/wp-json\/wp\/v2\/users\/1045"}],"replies":[{"embeddable":true,"href":"https:\/\/www.iemj.org\/it\/wp-json\/wp\/v2\/comments?post=65269"}],"version-history":[{"count":0,"href":"https:\/\/www.iemj.org\/it\/wp-json\/wp\/v2\/posts\/65269\/revisions"}],"wp:featuredmedia":[{"embeddable":true,"href":"https:\/\/www.iemj.org\/it\/wp-json\/wp\/v2\/media\/111181"}],"wp:attachment":[{"href":"https:\/\/www.iemj.org\/it\/wp-json\/wp\/v2\/media?parent=65269"}],"wp:term":[{"taxonomy":"category","embeddable":true,"href":"https:\/\/www.iemj.org\/it\/wp-json\/wp\/v2\/categories?post=65269"},{"taxonomy":"post_tag","embeddable":true,"href":"https:\/\/www.iemj.org\/it\/wp-json\/wp\/v2\/tags?post=65269"},{"taxonomy":"technique","embeddable":true,"href":"https:\/\/www.iemj.org\/it\/wp-json\/wp\/v2\/technique?post=65269"},{"taxonomy":"squelettes","embeddable":true,"href":"https:\/\/www.iemj.org\/it\/wp-json\/wp\/v2\/squelettes?post=65269"},{"taxonomy":"sujet","embeddable":true,"href":"https:\/\/www.iemj.org\/it\/wp-json\/wp\/v2\/sujet?post=65269"},{"taxonomy":"formation","embeddable":true,"href":"https:\/\/www.iemj.org\/it\/wp-json\/wp\/v2\/formation?post=65269"},{"taxonomy":"genre","embeddable":true,"href":"https:\/\/www.iemj.org\/it\/wp-json\/wp\/v2\/genre?post=65269"},{"taxonomy":"fonds","embeddable":true,"href":"https:\/\/www.iemj.org\/it\/wp-json\/wp\/v2\/fonds?post=65269"},{"taxonomy":"tradition","embeddable":true,"href":"https:\/\/www.iemj.org\/it\/wp-json\/wp\/v2\/tradition?post=65269"},{"taxonomy":"type-de-contenu","embeddable":true,"href":"https:\/\/www.iemj.org\/it\/wp-json\/wp\/v2\/type-de-contenu?post=65269"},{"taxonomy":"interprete-compositeur","embeddable":true,"href":"https:\/\/www.iemj.org\/it\/wp-json\/wp\/v2\/interprete-compositeur?post=65269"},{"taxonomy":"frise","embeddable":true,"href":"https:\/\/www.iemj.org\/it\/wp-json\/wp\/v2\/frise?post=65269"},{"taxonomy":"type-devenement","embeddable":true,"href":"https:\/\/www.iemj.org\/it\/wp-json\/wp\/v2\/type-devenement?post=65269"},{"taxonomy":"tableaux-liens-externes","embeddable":true,"href":"https:\/\/www.iemj.org\/it\/wp-json\/wp\/v2\/tableaux-liens-externes?post=65269"}],"curies":[{"name":"wp","href":"https:\/\/api.w.org\/{rel}","templated":true}]}}