{"id":66483,"date":"2019-06-25T16:46:45","date_gmt":"2019-06-25T14:46:45","guid":{"rendered":"https:\/\/www.iemj.org\/videos-musique-et-cuisine-juives\/"},"modified":"2022-01-11T13:50:42","modified_gmt":"2022-01-11T12:50:42","slug":"videos-musique-et-cuisine-juives","status":"publish","type":"post","link":"https:\/\/www.iemj.org\/it\/videos-musique-et-cuisine-juives\/","title":{"rendered":"Musica e cucina ebraiche"},"content":{"rendered":"<p><strong>Tre film umoristici prodotti dall&#8217;IEMJ per una conferenza di Herv\u00e9 Roten al CBL (Cercle Bernard Lazar), sul tema &#8220;Musica e cucina ebraiche&#8221; nelle tradizioni yiddish, giudeo-spagnole ed orientali<\/strong><\/p>\n<p>La cucina ebraica \u00e8 una lingua a s\u00e9 stante. Substrato della madre ebrea, essa nutre i figli dei suoi traumi e li \u00e0ncora nella loro identit\u00e0 ebraica. Tutti questi piatti che abbiamo amato o odiato, li rievochiamo con fervore, dopo i nostri 40 anni. Le <em>boreka<\/em> di nostra madre, il suo sublime fegato tritato, il suo couscous reale, ci riportano ad un&#8217;infanzia benedetta in cui la vita era semplice: o mangiavamo quello che c&#8217;era nel nostro piatto, o eravamo responsabili della morte imminente di nostra madre ! Ma la cucina ebraica non \u00e8 solo senso di colpa, \u00e8 anche piacere delle papille gustative. Tant&#8217;\u00e8 che molti artisti la cantano con umorismo e nostalgia, come lo vedremo nei video qui sotto&#8230;<\/p>\n<h2><strong>Musica e cucina yiddish<\/strong><\/h2>\n<p><iframe title=\"Yiddish music and cuisine (English Version)\" width=\"640\" height=\"480\" src=\"https:\/\/www.youtube.com\/embed\/0lXnDF0YtdU?feature=oembed\" frameborder=\"0\" allow=\"accelerometer; autoplay; clipboard-write; encrypted-media; gyroscope; picture-in-picture; web-share\" referrerpolicy=\"strict-origin-when-cross-origin\" allowfullscreen><\/iframe><\/p>\n<p>Seguenti estratti:<br \/>\n<strong>00:08<\/strong> Gefilte Fish &#8211; Henri Gerro<br \/>\n<strong>01:19<\/strong> La carpe farcie (su di un&#8217;aria di Schubert) &#8211; Cyrille Gerstenhaber<br \/>\n<strong>02:20<\/strong> Bulbes &#8211; Lilliana Treves Alcalay<br \/>\n<strong>04:40<\/strong> Pierozki-varnitchkes &#8211; Ino Toper<\/p>\n<p style=\"text-align: justify; background: white; margin: 0cm 0cm 7.5pt 0cm;\"><strong><span style=\"font-size: 18.0pt; font-family: 'Arial','sans-serif'; color: black;\">Musica e cucina giudeo-spagnole<\/span><\/strong><\/p>\n<p><iframe src=\"https:\/\/www.youtube.com\/embed\/O0jm6kTsEbY\" width=\"560\" height=\"315\" frameborder=\"0\" allowfullscreen=\"allowfullscreen\"><\/iframe><\/p>\n<p>Seguenti estratti:<br \/>\n<strong>00:18<\/strong> Siete modos de guizados en la berenjena &#8211; Shira U&#8217;tfila<br \/>\n<strong>01:53<\/strong> El festin de hanuk\u00e0h &#8211; Berta Aguado<br \/>\n<strong>03:12<\/strong> Oy que buena ke fue la ora &#8211; Judith Cohen<br \/>\n<strong>04:36 <\/strong> Una Muchacha en Selanica &#8211; H\u00e9l\u00e8ne Engel<\/p>\n<p style=\"text-align: justify; background: white; margin: 0cm 0cm 7.5pt 0cm;\"><strong><span style=\"font-size: 18.0pt; font-family: 'Arial','sans-serif'; color: black;\">Musica e cucina orientali<\/span><\/strong><\/p>\n<p><iframe src=\"https:\/\/www.youtube.com\/embed\/bWJqu7LlKjM\" width=\"560\" height=\"315\" frameborder=\"0\" allowfullscreen=\"allowfullscreen\"><\/iframe><\/p>\n<p>Seguenti estratti:<br \/>\n<strong>00:18<\/strong> Fais-moi du couscous ch\u00e9ri &#8211; Bob Azzam<br \/>\n<strong>02:15<\/strong> Les merguez &#8211; Blond Blond<br \/>\n<strong>04:23<\/strong> Oran Oran &#8211; Maurice El Medioni<br \/>\n<strong>07:18<\/strong> Velanou iech falafel &#8211; Barukh Nadav<\/p>\n<p style=\"text-align: justify; background: white; margin: 0cm 0cm 7.5pt 0cm;\"><span style=\"font-family: 'Arial','sans-serif'; color: black;\"><a href=\"https:\/\/www.iemj.org\/it\/cuisine-et-musique-juives\/\" target=\"_blank\" rel=\"noopener\"><span style=\"color: #428bca; text-decoration: none; text-underline: none;\">Visionare la conferenza Musica e Cucina ebraiche al Cercle Bernard Lazare (in francese)<\/span><\/a><\/span><\/p>\n<p style=\"text-align: justify; background: white; margin: 0cm 0cm 7.5pt 0cm;\">\n","protected":false},"excerpt":{"rendered":"<p>Tre film umoristici prodotti dall&#8217;IEMJ per una conferenza di Herv\u00e9 Roten al CBL (Cercle Bernard Lazar), sul tema &#8220;Musica e cucina ebraiche&#8221; nelle tradizioni yiddish, giudeo-spagnole ed orientali La cucina<\/p>\n","protected":false},"author":1052,"featured_media":66484,"comment_status":"closed","ping_status":"open","sticky":false,"template":"","format":"standard","meta":{"_acf_changed":false,"footnotes":""},"categories":[1531],"tags":[],"technique":[],"squelettes":[],"sujet":[],"formation":[],"genre":[1675,1916,1676],"fonds":[],"tradition":[],"type-de-contenu":[],"interprete-compositeur":[],"frise":[],"type-devenement":[],"tableaux-liens-externes":[],"class_list":["post-66483","post","type-post","status-publish","format-standard","has-post-thumbnail","hentry","category-programmi-tv-video-it","genre-giudeo-spagnolo-it","genre-oriental-it","genre-yiddish-it-2"],"acf":[],"yoast_head":"<!-- This site is optimized with the Yoast SEO plugin v27.3 - https:\/\/yoast.com\/product\/yoast-seo-wordpress\/ -->\n<title>Musica e cucina ebraiche - Institut Europ\u00e9en des Musiques Juives<\/title>\n<meta name=\"robots\" content=\"index, follow, max-snippet:-1, max-image-preview:large, max-video-preview:-1\" \/>\n<link rel=\"canonical\" href=\"https:\/\/www.iemj.org\/it\/videos-musique-et-cuisine-juives\/\" \/>\n<meta property=\"og:locale\" content=\"it_IT\" \/>\n<meta property=\"og:type\" content=\"article\" \/>\n<meta property=\"og:title\" content=\"Musica e cucina ebraiche - Institut Europ\u00e9en des Musiques Juives\" \/>\n<meta property=\"og:description\" content=\"Tre film umoristici prodotti dall&#8217;IEMJ per una conferenza di Herv\u00e9 Roten al CBL (Cercle Bernard Lazar), sul tema &#8220;Musica e cucina ebraiche&#8221; nelle tradizioni yiddish, giudeo-spagnole ed orientali La cucina\" \/>\n<meta property=\"og:url\" content=\"https:\/\/www.iemj.org\/it\/videos-musique-et-cuisine-juives\/\" \/>\n<meta property=\"og:site_name\" content=\"Institut Europ\u00e9en des Musiques Juives\" \/>\n<meta property=\"article:publisher\" content=\"https:\/\/www.facebook.com\/MusiquesJuives\/\" \/>\n<meta property=\"article:published_time\" content=\"2019-06-25T14:46:45+00:00\" \/>\n<meta property=\"article:modified_time\" content=\"2022-01-11T12:50:42+00:00\" \/>\n<meta property=\"og:image\" content=\"https:\/\/www.iemj.org\/wp-content\/uploads\/2019\/06\/arton4231-e1617278813628.jpg\" \/>\n\t<meta property=\"og:image:width\" content=\"350\" \/>\n\t<meta property=\"og:image:height\" content=\"329\" \/>\n\t<meta property=\"og:image:type\" content=\"image\/jpeg\" \/>\n<meta name=\"author\" content=\"Lea Couderc\" \/>\n<meta name=\"twitter:card\" content=\"summary_large_image\" \/>\n<meta name=\"twitter:label1\" content=\"Scritto da\" \/>\n\t<meta name=\"twitter:data1\" content=\"Lea Couderc\" \/>\n\t<meta name=\"twitter:label2\" content=\"Tempo di lettura stimato\" \/>\n\t<meta name=\"twitter:data2\" content=\"2 minuti\" \/>\n<script type=\"application\/ld+json\" class=\"yoast-schema-graph\">{\"@context\":\"https:\\\/\\\/schema.org\",\"@graph\":[{\"@type\":\"Article\",\"@id\":\"https:\\\/\\\/www.iemj.org\\\/it\\\/videos-musique-et-cuisine-juives\\\/#article\",\"isPartOf\":{\"@id\":\"https:\\\/\\\/www.iemj.org\\\/it\\\/videos-musique-et-cuisine-juives\\\/\"},\"author\":{\"name\":\"Lea Couderc\",\"@id\":\"https:\\\/\\\/www.iemj.org\\\/it\\\/#\\\/schema\\\/person\\\/e2ad57f2c4be119c7ed8ab79036807a9\"},\"headline\":\"Musica e cucina ebraiche\",\"datePublished\":\"2019-06-25T14:46:45+00:00\",\"dateModified\":\"2022-01-11T12:50:42+00:00\",\"mainEntityOfPage\":{\"@id\":\"https:\\\/\\\/www.iemj.org\\\/it\\\/videos-musique-et-cuisine-juives\\\/\"},\"wordCount\":278,\"publisher\":{\"@id\":\"https:\\\/\\\/www.iemj.org\\\/it\\\/#organization\"},\"image\":{\"@id\":\"https:\\\/\\\/www.iemj.org\\\/it\\\/videos-musique-et-cuisine-juives\\\/#primaryimage\"},\"thumbnailUrl\":\"https:\\\/\\\/www.iemj.org\\\/wp-content\\\/uploads\\\/2019\\\/06\\\/arton4231-e1617278813628.jpg\",\"articleSection\":[\"Programmi TV \\\/ Video\"],\"inLanguage\":\"it-IT\"},{\"@type\":\"WebPage\",\"@id\":\"https:\\\/\\\/www.iemj.org\\\/it\\\/videos-musique-et-cuisine-juives\\\/\",\"url\":\"https:\\\/\\\/www.iemj.org\\\/it\\\/videos-musique-et-cuisine-juives\\\/\",\"name\":\"Musica e cucina ebraiche - Institut Europ\u00e9en des Musiques Juives\",\"isPartOf\":{\"@id\":\"https:\\\/\\\/www.iemj.org\\\/it\\\/#website\"},\"primaryImageOfPage\":{\"@id\":\"https:\\\/\\\/www.iemj.org\\\/it\\\/videos-musique-et-cuisine-juives\\\/#primaryimage\"},\"image\":{\"@id\":\"https:\\\/\\\/www.iemj.org\\\/it\\\/videos-musique-et-cuisine-juives\\\/#primaryimage\"},\"thumbnailUrl\":\"https:\\\/\\\/www.iemj.org\\\/wp-content\\\/uploads\\\/2019\\\/06\\\/arton4231-e1617278813628.jpg\",\"datePublished\":\"2019-06-25T14:46:45+00:00\",\"dateModified\":\"2022-01-11T12:50:42+00:00\",\"breadcrumb\":{\"@id\":\"https:\\\/\\\/www.iemj.org\\\/it\\\/videos-musique-et-cuisine-juives\\\/#breadcrumb\"},\"inLanguage\":\"it-IT\",\"potentialAction\":[{\"@type\":\"ReadAction\",\"target\":[\"https:\\\/\\\/www.iemj.org\\\/it\\\/videos-musique-et-cuisine-juives\\\/\"]}]},{\"@type\":\"ImageObject\",\"inLanguage\":\"it-IT\",\"@id\":\"https:\\\/\\\/www.iemj.org\\\/it\\\/videos-musique-et-cuisine-juives\\\/#primaryimage\",\"url\":\"https:\\\/\\\/www.iemj.org\\\/wp-content\\\/uploads\\\/2019\\\/06\\\/arton4231-e1617278813628.jpg\",\"contentUrl\":\"https:\\\/\\\/www.iemj.org\\\/wp-content\\\/uploads\\\/2019\\\/06\\\/arton4231-e1617278813628.jpg\",\"width\":350,\"height\":329},{\"@type\":\"BreadcrumbList\",\"@id\":\"https:\\\/\\\/www.iemj.org\\\/it\\\/videos-musique-et-cuisine-juives\\\/#breadcrumb\",\"itemListElement\":[{\"@type\":\"ListItem\",\"position\":1,\"name\":\"Accueil\",\"item\":\"https:\\\/\\\/www.iemj.org\\\/it\\\/\"},{\"@type\":\"ListItem\",\"position\":2,\"name\":\"Musica e cucina ebraiche\"}]},{\"@type\":\"WebSite\",\"@id\":\"https:\\\/\\\/www.iemj.org\\\/it\\\/#website\",\"url\":\"https:\\\/\\\/www.iemj.org\\\/it\\\/\",\"name\":\"Institut Europ\u00e9en des Musiques Juives\",\"description\":\"Des traditions musicales \u00e0 la port\u00e9e de tous\",\"publisher\":{\"@id\":\"https:\\\/\\\/www.iemj.org\\\/it\\\/#organization\"},\"potentialAction\":[{\"@type\":\"SearchAction\",\"target\":{\"@type\":\"EntryPoint\",\"urlTemplate\":\"https:\\\/\\\/www.iemj.org\\\/it\\\/?s={search_term_string}\"},\"query-input\":{\"@type\":\"PropertyValueSpecification\",\"valueRequired\":true,\"valueName\":\"search_term_string\"}}],\"inLanguage\":\"it-IT\"},{\"@type\":\"Organization\",\"@id\":\"https:\\\/\\\/www.iemj.org\\\/it\\\/#organization\",\"name\":\"Institut Europ\u00e9en des Musiques Juives\",\"url\":\"https:\\\/\\\/www.iemj.org\\\/it\\\/\",\"logo\":{\"@type\":\"ImageObject\",\"inLanguage\":\"it-IT\",\"@id\":\"https:\\\/\\\/www.iemj.org\\\/it\\\/#\\\/schema\\\/logo\\\/image\\\/\",\"url\":\"https:\\\/\\\/www.iemj.org\\\/wp-content\\\/uploads\\\/2021\\\/09\\\/Logo-IEMJ-Paypal.jpg\",\"contentUrl\":\"https:\\\/\\\/www.iemj.org\\\/wp-content\\\/uploads\\\/2021\\\/09\\\/Logo-IEMJ-Paypal.jpg\",\"width\":150,\"height\":50,\"caption\":\"Institut Europ\u00e9en des Musiques Juives\"},\"image\":{\"@id\":\"https:\\\/\\\/www.iemj.org\\\/it\\\/#\\\/schema\\\/logo\\\/image\\\/\"},\"sameAs\":[\"https:\\\/\\\/www.facebook.com\\\/MusiquesJuives\\\/\",\"https:\\\/\\\/www.instagram.com\\\/musiquesjuives\\\/\",\"https:\\\/\\\/www.youtube.com\\\/user\\\/musiquesjuives\"]},{\"@type\":\"Person\",\"@id\":\"https:\\\/\\\/www.iemj.org\\\/it\\\/#\\\/schema\\\/person\\\/e2ad57f2c4be119c7ed8ab79036807a9\",\"name\":\"Lea Couderc\",\"image\":{\"@type\":\"ImageObject\",\"inLanguage\":\"it-IT\",\"@id\":\"https:\\\/\\\/secure.gravatar.com\\\/avatar\\\/46ee021475d60aeff17a7e490b79dea5a5684bb392ab7fd1494027411df8ba23?s=96&d=mm&r=g\",\"url\":\"https:\\\/\\\/secure.gravatar.com\\\/avatar\\\/46ee021475d60aeff17a7e490b79dea5a5684bb392ab7fd1494027411df8ba23?s=96&d=mm&r=g\",\"contentUrl\":\"https:\\\/\\\/secure.gravatar.com\\\/avatar\\\/46ee021475d60aeff17a7e490b79dea5a5684bb392ab7fd1494027411df8ba23?s=96&d=mm&r=g\",\"caption\":\"Lea Couderc\"}}]}<\/script>\n<!-- \/ Yoast SEO plugin. -->","yoast_head_json":{"title":"Musica e cucina ebraiche - Institut Europ\u00e9en des Musiques Juives","robots":{"index":"index","follow":"follow","max-snippet":"max-snippet:-1","max-image-preview":"max-image-preview:large","max-video-preview":"max-video-preview:-1"},"canonical":"https:\/\/www.iemj.org\/it\/videos-musique-et-cuisine-juives\/","og_locale":"it_IT","og_type":"article","og_title":"Musica e cucina ebraiche - Institut Europ\u00e9en des Musiques Juives","og_description":"Tre film umoristici prodotti dall&#8217;IEMJ per una conferenza di Herv\u00e9 Roten al CBL (Cercle Bernard Lazar), sul tema &#8220;Musica e cucina ebraiche&#8221; nelle tradizioni yiddish, giudeo-spagnole ed orientali La cucina","og_url":"https:\/\/www.iemj.org\/it\/videos-musique-et-cuisine-juives\/","og_site_name":"Institut Europ\u00e9en des Musiques Juives","article_publisher":"https:\/\/www.facebook.com\/MusiquesJuives\/","article_published_time":"2019-06-25T14:46:45+00:00","article_modified_time":"2022-01-11T12:50:42+00:00","og_image":[{"width":350,"height":329,"url":"https:\/\/www.iemj.org\/wp-content\/uploads\/2019\/06\/arton4231-e1617278813628.jpg","type":"image\/jpeg"}],"author":"Lea Couderc","twitter_card":"summary_large_image","twitter_misc":{"Scritto da":"Lea Couderc","Tempo di lettura stimato":"2 minuti"},"schema":{"@context":"https:\/\/schema.org","@graph":[{"@type":"Article","@id":"https:\/\/www.iemj.org\/it\/videos-musique-et-cuisine-juives\/#article","isPartOf":{"@id":"https:\/\/www.iemj.org\/it\/videos-musique-et-cuisine-juives\/"},"author":{"name":"Lea Couderc","@id":"https:\/\/www.iemj.org\/it\/#\/schema\/person\/e2ad57f2c4be119c7ed8ab79036807a9"},"headline":"Musica e cucina ebraiche","datePublished":"2019-06-25T14:46:45+00:00","dateModified":"2022-01-11T12:50:42+00:00","mainEntityOfPage":{"@id":"https:\/\/www.iemj.org\/it\/videos-musique-et-cuisine-juives\/"},"wordCount":278,"publisher":{"@id":"https:\/\/www.iemj.org\/it\/#organization"},"image":{"@id":"https:\/\/www.iemj.org\/it\/videos-musique-et-cuisine-juives\/#primaryimage"},"thumbnailUrl":"https:\/\/www.iemj.org\/wp-content\/uploads\/2019\/06\/arton4231-e1617278813628.jpg","articleSection":["Programmi TV \/ Video"],"inLanguage":"it-IT"},{"@type":"WebPage","@id":"https:\/\/www.iemj.org\/it\/videos-musique-et-cuisine-juives\/","url":"https:\/\/www.iemj.org\/it\/videos-musique-et-cuisine-juives\/","name":"Musica e cucina ebraiche - Institut Europ\u00e9en des Musiques Juives","isPartOf":{"@id":"https:\/\/www.iemj.org\/it\/#website"},"primaryImageOfPage":{"@id":"https:\/\/www.iemj.org\/it\/videos-musique-et-cuisine-juives\/#primaryimage"},"image":{"@id":"https:\/\/www.iemj.org\/it\/videos-musique-et-cuisine-juives\/#primaryimage"},"thumbnailUrl":"https:\/\/www.iemj.org\/wp-content\/uploads\/2019\/06\/arton4231-e1617278813628.jpg","datePublished":"2019-06-25T14:46:45+00:00","dateModified":"2022-01-11T12:50:42+00:00","breadcrumb":{"@id":"https:\/\/www.iemj.org\/it\/videos-musique-et-cuisine-juives\/#breadcrumb"},"inLanguage":"it-IT","potentialAction":[{"@type":"ReadAction","target":["https:\/\/www.iemj.org\/it\/videos-musique-et-cuisine-juives\/"]}]},{"@type":"ImageObject","inLanguage":"it-IT","@id":"https:\/\/www.iemj.org\/it\/videos-musique-et-cuisine-juives\/#primaryimage","url":"https:\/\/www.iemj.org\/wp-content\/uploads\/2019\/06\/arton4231-e1617278813628.jpg","contentUrl":"https:\/\/www.iemj.org\/wp-content\/uploads\/2019\/06\/arton4231-e1617278813628.jpg","width":350,"height":329},{"@type":"BreadcrumbList","@id":"https:\/\/www.iemj.org\/it\/videos-musique-et-cuisine-juives\/#breadcrumb","itemListElement":[{"@type":"ListItem","position":1,"name":"Accueil","item":"https:\/\/www.iemj.org\/it\/"},{"@type":"ListItem","position":2,"name":"Musica e cucina ebraiche"}]},{"@type":"WebSite","@id":"https:\/\/www.iemj.org\/it\/#website","url":"https:\/\/www.iemj.org\/it\/","name":"Institut Europ\u00e9en des Musiques Juives","description":"Des traditions musicales \u00e0 la port\u00e9e de tous","publisher":{"@id":"https:\/\/www.iemj.org\/it\/#organization"},"potentialAction":[{"@type":"SearchAction","target":{"@type":"EntryPoint","urlTemplate":"https:\/\/www.iemj.org\/it\/?s={search_term_string}"},"query-input":{"@type":"PropertyValueSpecification","valueRequired":true,"valueName":"search_term_string"}}],"inLanguage":"it-IT"},{"@type":"Organization","@id":"https:\/\/www.iemj.org\/it\/#organization","name":"Institut Europ\u00e9en des Musiques Juives","url":"https:\/\/www.iemj.org\/it\/","logo":{"@type":"ImageObject","inLanguage":"it-IT","@id":"https:\/\/www.iemj.org\/it\/#\/schema\/logo\/image\/","url":"https:\/\/www.iemj.org\/wp-content\/uploads\/2021\/09\/Logo-IEMJ-Paypal.jpg","contentUrl":"https:\/\/www.iemj.org\/wp-content\/uploads\/2021\/09\/Logo-IEMJ-Paypal.jpg","width":150,"height":50,"caption":"Institut Europ\u00e9en des Musiques Juives"},"image":{"@id":"https:\/\/www.iemj.org\/it\/#\/schema\/logo\/image\/"},"sameAs":["https:\/\/www.facebook.com\/MusiquesJuives\/","https:\/\/www.instagram.com\/musiquesjuives\/","https:\/\/www.youtube.com\/user\/musiquesjuives"]},{"@type":"Person","@id":"https:\/\/www.iemj.org\/it\/#\/schema\/person\/e2ad57f2c4be119c7ed8ab79036807a9","name":"Lea Couderc","image":{"@type":"ImageObject","inLanguage":"it-IT","@id":"https:\/\/secure.gravatar.com\/avatar\/46ee021475d60aeff17a7e490b79dea5a5684bb392ab7fd1494027411df8ba23?s=96&d=mm&r=g","url":"https:\/\/secure.gravatar.com\/avatar\/46ee021475d60aeff17a7e490b79dea5a5684bb392ab7fd1494027411df8ba23?s=96&d=mm&r=g","contentUrl":"https:\/\/secure.gravatar.com\/avatar\/46ee021475d60aeff17a7e490b79dea5a5684bb392ab7fd1494027411df8ba23?s=96&d=mm&r=g","caption":"Lea Couderc"}}]}},"_links":{"self":[{"href":"https:\/\/www.iemj.org\/it\/wp-json\/wp\/v2\/posts\/66483","targetHints":{"allow":["GET"]}}],"collection":[{"href":"https:\/\/www.iemj.org\/it\/wp-json\/wp\/v2\/posts"}],"about":[{"href":"https:\/\/www.iemj.org\/it\/wp-json\/wp\/v2\/types\/post"}],"author":[{"embeddable":true,"href":"https:\/\/www.iemj.org\/it\/wp-json\/wp\/v2\/users\/1052"}],"replies":[{"embeddable":true,"href":"https:\/\/www.iemj.org\/it\/wp-json\/wp\/v2\/comments?post=66483"}],"version-history":[{"count":0,"href":"https:\/\/www.iemj.org\/it\/wp-json\/wp\/v2\/posts\/66483\/revisions"}],"wp:featuredmedia":[{"embeddable":true,"href":"https:\/\/www.iemj.org\/it\/wp-json\/wp\/v2\/media\/66484"}],"wp:attachment":[{"href":"https:\/\/www.iemj.org\/it\/wp-json\/wp\/v2\/media?parent=66483"}],"wp:term":[{"taxonomy":"category","embeddable":true,"href":"https:\/\/www.iemj.org\/it\/wp-json\/wp\/v2\/categories?post=66483"},{"taxonomy":"post_tag","embeddable":true,"href":"https:\/\/www.iemj.org\/it\/wp-json\/wp\/v2\/tags?post=66483"},{"taxonomy":"technique","embeddable":true,"href":"https:\/\/www.iemj.org\/it\/wp-json\/wp\/v2\/technique?post=66483"},{"taxonomy":"squelettes","embeddable":true,"href":"https:\/\/www.iemj.org\/it\/wp-json\/wp\/v2\/squelettes?post=66483"},{"taxonomy":"sujet","embeddable":true,"href":"https:\/\/www.iemj.org\/it\/wp-json\/wp\/v2\/sujet?post=66483"},{"taxonomy":"formation","embeddable":true,"href":"https:\/\/www.iemj.org\/it\/wp-json\/wp\/v2\/formation?post=66483"},{"taxonomy":"genre","embeddable":true,"href":"https:\/\/www.iemj.org\/it\/wp-json\/wp\/v2\/genre?post=66483"},{"taxonomy":"fonds","embeddable":true,"href":"https:\/\/www.iemj.org\/it\/wp-json\/wp\/v2\/fonds?post=66483"},{"taxonomy":"tradition","embeddable":true,"href":"https:\/\/www.iemj.org\/it\/wp-json\/wp\/v2\/tradition?post=66483"},{"taxonomy":"type-de-contenu","embeddable":true,"href":"https:\/\/www.iemj.org\/it\/wp-json\/wp\/v2\/type-de-contenu?post=66483"},{"taxonomy":"interprete-compositeur","embeddable":true,"href":"https:\/\/www.iemj.org\/it\/wp-json\/wp\/v2\/interprete-compositeur?post=66483"},{"taxonomy":"frise","embeddable":true,"href":"https:\/\/www.iemj.org\/it\/wp-json\/wp\/v2\/frise?post=66483"},{"taxonomy":"type-devenement","embeddable":true,"href":"https:\/\/www.iemj.org\/it\/wp-json\/wp\/v2\/type-devenement?post=66483"},{"taxonomy":"tableaux-liens-externes","embeddable":true,"href":"https:\/\/www.iemj.org\/it\/wp-json\/wp\/v2\/tableaux-liens-externes?post=66483"}],"curies":[{"name":"wp","href":"https:\/\/api.w.org\/{rel}","templated":true}]}}